{"id":11257,"date":"2023-07-28T12:27:51","date_gmt":"2023-07-28T12:27:51","guid":{"rendered":"https:\/\/kibrisdakik.com\/index.php\/2023\/07\/28\/trafik-kontrolunde-durdurulan-motosikletin-calinti-oldugu-tespit-edildi\/"},"modified":"2023-07-28T12:27:51","modified_gmt":"2023-07-28T12:27:51","slug":"trafik-kontrolunde-durdurulan-motosikletin-calinti-oldugu-tespit-edildi","status":"publish","type":"post","link":"https:\/\/kibrisdakik.com\/?p=11257","title":{"rendered":"Trafik kontrol\u00fcnde durdurulan motosikletin \u00e7al\u0131nt\u0131 oldu\u011fu tespit edildi"},"content":{"rendered":"<p><\/p>\n<div>\n<div class=\"mariselle-image-container center\">\n                <img width=\"706\" height=\"431\" class=\"lazy-image\" alt=\"\" decoding=\"async\" loading=\"lazy\" sizes=\"auto, (max-width: 706px) 100vw, 706px\" src=\"https:\/\/brtk.net\/wp-content\/uploads\/2023\/02\/10\/polis-basin-subayligindan-aciklama-h113062-683743.jpg?ver=c94aad98e0dea8e5e2336be30308e73d\" srcset=\"https:\/\/brtk.net\/wp-content\/uploads\/2023\/02\/10\/polis-basin-subayligindan-aciklama-h113062-683743.jpg?ver=c94aad98e0dea8e5e2336be30308e73d 706w, https:\/\/brtk.net\/wp-content\/uploads\/2023\/02\/10\/polis-basin-subayligindan-aciklama-h113062-683743-300x183.jpg?ver=c94aad98e0dea8e5e2336be30308e73d 300w\"\/>                            <\/div>\n<p>\nTrafik kontrol\u00fcnde durdurulan motosikletin \u00e7al\u0131nt\u0131 oldu\u011fu tespit edildi.<\/p>\n<p>Polis Bas\u0131n Subayl\u0131\u011f\u0131\u2019ndan yap\u0131lan a\u00e7\u0131klamaya g\u00f6re, \u00e7ar\u015famba g\u00fcn\u00fc saat 19.30 s\u0131ralar\u0131nda, Girne\u2019de Mete Adan\u0131r Caddesi \u00fczerinde G.Y.(E-37)\u2019nin kullan\u0131m\u0131nda bulunan ST 370 plakal\u0131 motosiklet, polis taraf\u0131ndan kontrol maksatl\u0131 durduruldu. Yap\u0131lan kontrol ve ileri soru\u015fturma kapsam\u0131nda, konu motosikletin 26 \u2013 27 Ocak 2022 tarihleri aras\u0131nda, Alsancak\u2019taki bir evin garaj\u0131 \u00f6n\u00fcnden \u00e7al\u0131nan bir motosiklet oldu\u011fu, \u00fczerindeki \u015fase numaras\u0131n\u0131n silindi\u011fi ve plakas\u0131n\u0131n ise ba\u015fka bir motosikletin plakas\u0131 ile de\u011fi\u015ftirildi\u011fi tespit edildi. S\u00f6z konusu motosiklet emare olarak al\u0131narak trafikten men edilirken, bahse konu \u015fah\u0131s tutukland\u0131.<\/p>\n<p>Tuzla\u2019da bir restoranda \u00e7al\u0131\u015fan T.H.\u2019nin (E-49) ise 10 Temmuz\u2019da, i\u015fletmenin kasas\u0131ndan 2 defada toplam 300 TL paray\u0131 \u00e7ald\u0131\u011f\u0131 tespit edildi. Olay\u0131n polisin bilgisine gelmesi \u00fczerine bahse konu \u015fah\u0131s tutukland\u0131.<\/p>\n<p><strong>-Kanunsuz uyu\u015fturucu madde (sentetik cannabinoid) tasarrufu<\/strong><\/p>\n<p>Gazima\u011fusa\u2019da d\u00fcn saat 20.00 s\u0131ralar\u0131nda, Narkotik ve Ka\u00e7ak\u00e7\u0131l\u0131\u011f\u0131 \u00d6nleme M\u00fcd\u00fcrl\u00fc\u011f\u00fc Ekipleri taraf\u0131ndan yap\u0131lan operasyonda, H.G.\u2019nin (E-49) \u00fczerinde yap\u0131lan aramada, sentetik cannabinoid t\u00fcr\u00fc uyu\u015fturucu madde i\u00e7erdi\u011fine inan\u0131lan 6 adet ka\u011f\u0131t par\u00e7as\u0131 bulunarak emare olarak al\u0131nd\u0131. H.G. tutukland\u0131, soru\u015fturma devam ediyor.<\/p>\n<p><strong>-G\u00fcmr\u00fcks\u00fcz mal tasarrufu<\/strong><\/p>\n<p>Lefko\u015fa\u2019da Metehan Kara S\u0131n\u0131r Kap\u0131s\u0131nda bir ara\u00e7ta yap\u0131lan aramada ka\u00e7ak et tespit edildi. G\u00fcney K\u0131br\u0131s\u2019tan <a href=\"https:\/\/brtk.net\/\">KKTC<\/a>\u2019ye d\u00fcn saat 14.30 s\u0131ralar\u0131nda Lefko\u015fa\u2019da Metehan Kara S\u0131n\u0131r Kap\u0131s\u0131ndan giri\u015f yapan A.M.\u2019nin (E-46) kullan\u0131m\u0131ndaki ve A.F.\u2019nin (E-39) yolcu olarak bulundu\u011fu LC 820 plakal\u0131 ara\u00e7ta polis taraf\u0131ndan yap\u0131lan aramada, g\u00fcmr\u00fc\u011fe beyan edilmemi\u015f 39.63 kilogram a\u011f\u0131rl\u0131\u011f\u0131nda kuzu eti tespit edilerek emare olarak al\u0131nd\u0131. Bahse konu \u015fah\u0131slar hakk\u0131nda ise yasal i\u015flem ba\u015flat\u0131ld\u0131.<\/p>\n<\/p><\/div>\n<p><script async\n                    defer\n                    crossorigin=\"anonymous\"\n                    src=\"https:\/\/connect.facebook.net\/tr_TR\/sdk.js#xfbml=1&#038;version=v3.3\"\n            ><\/script><\/p>\n","protected":false},"excerpt":{"rendered":"<p>Trafik kontrol\u00fcnde durdurulan motosikletin \u00e7al\u0131nt\u0131 oldu\u011fu tespit edildi. Polis Bas\u0131n Subayl\u0131\u011f\u0131\u2019ndan yap\u0131lan a\u00e7\u0131klamaya g\u00f6re, \u00e7ar\u015famba g\u00fcn\u00fc saat 19.30 s\u0131ralar\u0131nda, Girne\u2019de Mete Adan\u0131r Caddesi \u00fczerinde G.Y.(E-37)\u2019nin kullan\u0131m\u0131nda bulunan ST 370 plakal\u0131 motosiklet, polis taraf\u0131ndan kontrol maksatl\u0131 durduruldu. Yap\u0131lan kontrol ve ileri soru\u015fturma kapsam\u0131nda, konu motosikletin 26 \u2013 27 Ocak 2022 tarihleri aras\u0131nda, Alsancak\u2019taki bir evin garaj\u0131<\/p>\n","protected":false},"author":1,"featured_media":1897,"comment_status":"open","ping_status":"open","sticky":false,"template":"","format":"standard","meta":{"footnotes":""},"categories":[1],"tags":[],"class_list":["post-11257","post","type-post","status-publish","format-standard","has-post-thumbnail","hentry","category-gundem"],"yoast_head":"<!-- This site is optimized with the Yoast SEO plugin v27.4 - https:\/\/yoast.com\/product\/yoast-seo-wordpress\/ -->\n<title>Trafik kontrol\u00fcnde durdurulan motosikletin \u00e7al\u0131nt\u0131 oldu\u011fu tespit edildi -<\/title>\n<meta name=\"robots\" content=\"index, follow, max-snippet:-1, max-image-preview:large, max-video-preview:-1\" \/>\n<link rel=\"canonical\" href=\"https:\/\/kibrisdakik.com\/?p=11257\" \/>\n<meta property=\"og:locale\" content=\"tr_TR\" \/>\n<meta property=\"og:type\" content=\"article\" \/>\n<meta property=\"og:title\" content=\"Trafik kontrol\u00fcnde durdurulan motosikletin \u00e7al\u0131nt\u0131 oldu\u011fu tespit edildi -\" \/>\n<meta property=\"og:description\" content=\"Trafik kontrol\u00fcnde durdurulan motosikletin \u00e7al\u0131nt\u0131 oldu\u011fu tespit edildi. Polis Bas\u0131n Subayl\u0131\u011f\u0131\u2019ndan yap\u0131lan a\u00e7\u0131klamaya g\u00f6re, \u00e7ar\u015famba g\u00fcn\u00fc saat 19.30 s\u0131ralar\u0131nda, Girne\u2019de Mete Adan\u0131r Caddesi \u00fczerinde G.Y.(E-37)\u2019nin kullan\u0131m\u0131nda bulunan ST 370 plakal\u0131 motosiklet, polis taraf\u0131ndan kontrol maksatl\u0131 durduruldu. Yap\u0131lan kontrol ve ileri soru\u015fturma kapsam\u0131nda, konu motosikletin 26 \u2013 27 Ocak 2022 tarihleri aras\u0131nda, Alsancak\u2019taki bir evin garaj\u0131\" \/>\n<meta property=\"og:url\" content=\"https:\/\/kibrisdakik.com\/?p=11257\" \/>\n<meta property=\"article:published_time\" content=\"2023-07-28T12:27:51+00:00\" \/>\n<meta property=\"og:image\" content=\"https:\/\/kibrisdakik.com\/wp-content\/uploads\/2023\/02\/polis-basin-subayligindan-aciklama-h113062-683743-706x420.jpg\" \/>\n\t<meta property=\"og:image:width\" content=\"706\" \/>\n\t<meta property=\"og:image:height\" content=\"431\" \/>\n\t<meta property=\"og:image:type\" content=\"image\/jpeg\" \/>\n<meta name=\"author\" content=\"admin\" \/>\n<meta name=\"twitter:card\" content=\"summary_large_image\" \/>\n<meta name=\"twitter:label1\" content=\"Yazan:\" \/>\n\t<meta name=\"twitter:data1\" content=\"admin\" \/>\n\t<meta name=\"twitter:label2\" content=\"Tahmini okuma s\u00fcresi\" \/>\n\t<meta name=\"twitter:data2\" content=\"2 dakika\" \/>\n<script type=\"application\/ld+json\" class=\"yoast-schema-graph\">{\"@context\":\"https:\\\/\\\/schema.org\",\"@graph\":[{\"@type\":\"Article\",\"@id\":\"https:\\\/\\\/kibrisdakik.com\\\/?p=11257#article\",\"isPartOf\":{\"@id\":\"https:\\\/\\\/kibrisdakik.com\\\/?p=11257\"},\"author\":{\"name\":\"admin\",\"@id\":\"https:\\\/\\\/kibrisdakik.com\\\/#\\\/schema\\\/person\\\/9cd9d437bbb44f72b73ba127e06d8e79\"},\"headline\":\"Trafik kontrol\u00fcnde durdurulan motosikletin \u00e7al\u0131nt\u0131 oldu\u011fu tespit edildi\",\"datePublished\":\"2023-07-28T12:27:51+00:00\",\"mainEntityOfPage\":{\"@id\":\"https:\\\/\\\/kibrisdakik.com\\\/?p=11257\"},\"wordCount\":347,\"commentCount\":0,\"image\":{\"@id\":\"https:\\\/\\\/kibrisdakik.com\\\/?p=11257#primaryimage\"},\"thumbnailUrl\":\"https:\\\/\\\/kibrisdakik.com\\\/wp-content\\\/uploads\\\/2023\\\/02\\\/polis-basin-subayligindan-aciklama-h113062-683743-706x420.jpg\",\"articleSection\":[\"G\u00fcndem\"],\"inLanguage\":\"tr\",\"potentialAction\":[{\"@type\":\"CommentAction\",\"name\":\"Comment\",\"target\":[\"https:\\\/\\\/kibrisdakik.com\\\/?p=11257#respond\"]}]},{\"@type\":\"WebPage\",\"@id\":\"https:\\\/\\\/kibrisdakik.com\\\/?p=11257\",\"url\":\"https:\\\/\\\/kibrisdakik.com\\\/?p=11257\",\"name\":\"Trafik kontrol\u00fcnde durdurulan motosikletin \u00e7al\u0131nt\u0131 oldu\u011fu tespit edildi -\",\"isPartOf\":{\"@id\":\"https:\\\/\\\/kibrisdakik.com\\\/#website\"},\"primaryImageOfPage\":{\"@id\":\"https:\\\/\\\/kibrisdakik.com\\\/?p=11257#primaryimage\"},\"image\":{\"@id\":\"https:\\\/\\\/kibrisdakik.com\\\/?p=11257#primaryimage\"},\"thumbnailUrl\":\"https:\\\/\\\/kibrisdakik.com\\\/wp-content\\\/uploads\\\/2023\\\/02\\\/polis-basin-subayligindan-aciklama-h113062-683743-706x420.jpg\",\"datePublished\":\"2023-07-28T12:27:51+00:00\",\"author\":{\"@id\":\"https:\\\/\\\/kibrisdakik.com\\\/#\\\/schema\\\/person\\\/9cd9d437bbb44f72b73ba127e06d8e79\"},\"breadcrumb\":{\"@id\":\"https:\\\/\\\/kibrisdakik.com\\\/?p=11257#breadcrumb\"},\"inLanguage\":\"tr\",\"potentialAction\":[{\"@type\":\"ReadAction\",\"target\":[\"https:\\\/\\\/kibrisdakik.com\\\/?p=11257\"]}]},{\"@type\":\"ImageObject\",\"inLanguage\":\"tr\",\"@id\":\"https:\\\/\\\/kibrisdakik.com\\\/?p=11257#primaryimage\",\"url\":\"https:\\\/\\\/kibrisdakik.com\\\/wp-content\\\/uploads\\\/2023\\\/02\\\/polis-basin-subayligindan-aciklama-h113062-683743-706x420.jpg\",\"contentUrl\":\"https:\\\/\\\/kibrisdakik.com\\\/wp-content\\\/uploads\\\/2023\\\/02\\\/polis-basin-subayligindan-aciklama-h113062-683743-706x420.jpg\",\"width\":706,\"height\":431},{\"@type\":\"BreadcrumbList\",\"@id\":\"https:\\\/\\\/kibrisdakik.com\\\/?p=11257#breadcrumb\",\"itemListElement\":[{\"@type\":\"ListItem\",\"position\":1,\"name\":\"Home\",\"item\":\"https:\\\/\\\/kibrisdakik.com\\\/\"},{\"@type\":\"ListItem\",\"position\":2,\"name\":\"Trafik kontrol\u00fcnde durdurulan motosikletin \u00e7al\u0131nt\u0131 oldu\u011fu tespit edildi\"}]},{\"@type\":\"WebSite\",\"@id\":\"https:\\\/\\\/kibrisdakik.com\\\/#website\",\"url\":\"https:\\\/\\\/kibrisdakik.com\\\/\",\"name\":\"\",\"description\":\"Tam vaktinde haber\",\"potentialAction\":[{\"@type\":\"SearchAction\",\"target\":{\"@type\":\"EntryPoint\",\"urlTemplate\":\"https:\\\/\\\/kibrisdakik.com\\\/?s={search_term_string}\"},\"query-input\":{\"@type\":\"PropertyValueSpecification\",\"valueRequired\":true,\"valueName\":\"search_term_string\"}}],\"inLanguage\":\"tr\"},{\"@type\":\"Person\",\"@id\":\"https:\\\/\\\/kibrisdakik.com\\\/#\\\/schema\\\/person\\\/9cd9d437bbb44f72b73ba127e06d8e79\",\"name\":\"admin\",\"image\":{\"@type\":\"ImageObject\",\"inLanguage\":\"tr\",\"@id\":\"https:\\\/\\\/secure.gravatar.com\\\/avatar\\\/ccc17943b9d660506c869530f897617f7cb1c21a4bf30023f252596d83e1f007?s=96&d=mm&r=g\",\"url\":\"https:\\\/\\\/secure.gravatar.com\\\/avatar\\\/ccc17943b9d660506c869530f897617f7cb1c21a4bf30023f252596d83e1f007?s=96&d=mm&r=g\",\"contentUrl\":\"https:\\\/\\\/secure.gravatar.com\\\/avatar\\\/ccc17943b9d660506c869530f897617f7cb1c21a4bf30023f252596d83e1f007?s=96&d=mm&r=g\",\"caption\":\"admin\"},\"sameAs\":[\"https:\\\/\\\/kibrisdakik.com\"],\"url\":\"https:\\\/\\\/kibrisdakik.com\\\/?author=1\"}]}<\/script>\n<!-- \/ Yoast SEO plugin. -->","yoast_head_json":{"title":"Trafik kontrol\u00fcnde durdurulan motosikletin \u00e7al\u0131nt\u0131 oldu\u011fu tespit edildi -","robots":{"index":"index","follow":"follow","max-snippet":"max-snippet:-1","max-image-preview":"max-image-preview:large","max-video-preview":"max-video-preview:-1"},"canonical":"https:\/\/kibrisdakik.com\/?p=11257","og_locale":"tr_TR","og_type":"article","og_title":"Trafik kontrol\u00fcnde durdurulan motosikletin \u00e7al\u0131nt\u0131 oldu\u011fu tespit edildi -","og_description":"Trafik kontrol\u00fcnde durdurulan motosikletin \u00e7al\u0131nt\u0131 oldu\u011fu tespit edildi. Polis Bas\u0131n Subayl\u0131\u011f\u0131\u2019ndan yap\u0131lan a\u00e7\u0131klamaya g\u00f6re, \u00e7ar\u015famba g\u00fcn\u00fc saat 19.30 s\u0131ralar\u0131nda, Girne\u2019de Mete Adan\u0131r Caddesi \u00fczerinde G.Y.(E-37)\u2019nin kullan\u0131m\u0131nda bulunan ST 370 plakal\u0131 motosiklet, polis taraf\u0131ndan kontrol maksatl\u0131 durduruldu. Yap\u0131lan kontrol ve ileri soru\u015fturma kapsam\u0131nda, konu motosikletin 26 \u2013 27 Ocak 2022 tarihleri aras\u0131nda, Alsancak\u2019taki bir evin garaj\u0131","og_url":"https:\/\/kibrisdakik.com\/?p=11257","article_published_time":"2023-07-28T12:27:51+00:00","og_image":[{"width":706,"height":431,"url":"https:\/\/kibrisdakik.com\/wp-content\/uploads\/2023\/02\/polis-basin-subayligindan-aciklama-h113062-683743-706x420.jpg","type":"image\/jpeg"}],"author":"admin","twitter_card":"summary_large_image","twitter_misc":{"Yazan:":"admin","Tahmini okuma s\u00fcresi":"2 dakika"},"schema":{"@context":"https:\/\/schema.org","@graph":[{"@type":"Article","@id":"https:\/\/kibrisdakik.com\/?p=11257#article","isPartOf":{"@id":"https:\/\/kibrisdakik.com\/?p=11257"},"author":{"name":"admin","@id":"https:\/\/kibrisdakik.com\/#\/schema\/person\/9cd9d437bbb44f72b73ba127e06d8e79"},"headline":"Trafik kontrol\u00fcnde durdurulan motosikletin \u00e7al\u0131nt\u0131 oldu\u011fu tespit edildi","datePublished":"2023-07-28T12:27:51+00:00","mainEntityOfPage":{"@id":"https:\/\/kibrisdakik.com\/?p=11257"},"wordCount":347,"commentCount":0,"image":{"@id":"https:\/\/kibrisdakik.com\/?p=11257#primaryimage"},"thumbnailUrl":"https:\/\/kibrisdakik.com\/wp-content\/uploads\/2023\/02\/polis-basin-subayligindan-aciklama-h113062-683743-706x420.jpg","articleSection":["G\u00fcndem"],"inLanguage":"tr","potentialAction":[{"@type":"CommentAction","name":"Comment","target":["https:\/\/kibrisdakik.com\/?p=11257#respond"]}]},{"@type":"WebPage","@id":"https:\/\/kibrisdakik.com\/?p=11257","url":"https:\/\/kibrisdakik.com\/?p=11257","name":"Trafik kontrol\u00fcnde durdurulan motosikletin \u00e7al\u0131nt\u0131 oldu\u011fu tespit edildi -","isPartOf":{"@id":"https:\/\/kibrisdakik.com\/#website"},"primaryImageOfPage":{"@id":"https:\/\/kibrisdakik.com\/?p=11257#primaryimage"},"image":{"@id":"https:\/\/kibrisdakik.com\/?p=11257#primaryimage"},"thumbnailUrl":"https:\/\/kibrisdakik.com\/wp-content\/uploads\/2023\/02\/polis-basin-subayligindan-aciklama-h113062-683743-706x420.jpg","datePublished":"2023-07-28T12:27:51+00:00","author":{"@id":"https:\/\/kibrisdakik.com\/#\/schema\/person\/9cd9d437bbb44f72b73ba127e06d8e79"},"breadcrumb":{"@id":"https:\/\/kibrisdakik.com\/?p=11257#breadcrumb"},"inLanguage":"tr","potentialAction":[{"@type":"ReadAction","target":["https:\/\/kibrisdakik.com\/?p=11257"]}]},{"@type":"ImageObject","inLanguage":"tr","@id":"https:\/\/kibrisdakik.com\/?p=11257#primaryimage","url":"https:\/\/kibrisdakik.com\/wp-content\/uploads\/2023\/02\/polis-basin-subayligindan-aciklama-h113062-683743-706x420.jpg","contentUrl":"https:\/\/kibrisdakik.com\/wp-content\/uploads\/2023\/02\/polis-basin-subayligindan-aciklama-h113062-683743-706x420.jpg","width":706,"height":431},{"@type":"BreadcrumbList","@id":"https:\/\/kibrisdakik.com\/?p=11257#breadcrumb","itemListElement":[{"@type":"ListItem","position":1,"name":"Home","item":"https:\/\/kibrisdakik.com\/"},{"@type":"ListItem","position":2,"name":"Trafik kontrol\u00fcnde durdurulan motosikletin \u00e7al\u0131nt\u0131 oldu\u011fu tespit edildi"}]},{"@type":"WebSite","@id":"https:\/\/kibrisdakik.com\/#website","url":"https:\/\/kibrisdakik.com\/","name":"","description":"Tam vaktinde haber","potentialAction":[{"@type":"SearchAction","target":{"@type":"EntryPoint","urlTemplate":"https:\/\/kibrisdakik.com\/?s={search_term_string}"},"query-input":{"@type":"PropertyValueSpecification","valueRequired":true,"valueName":"search_term_string"}}],"inLanguage":"tr"},{"@type":"Person","@id":"https:\/\/kibrisdakik.com\/#\/schema\/person\/9cd9d437bbb44f72b73ba127e06d8e79","name":"admin","image":{"@type":"ImageObject","inLanguage":"tr","@id":"https:\/\/secure.gravatar.com\/avatar\/ccc17943b9d660506c869530f897617f7cb1c21a4bf30023f252596d83e1f007?s=96&d=mm&r=g","url":"https:\/\/secure.gravatar.com\/avatar\/ccc17943b9d660506c869530f897617f7cb1c21a4bf30023f252596d83e1f007?s=96&d=mm&r=g","contentUrl":"https:\/\/secure.gravatar.com\/avatar\/ccc17943b9d660506c869530f897617f7cb1c21a4bf30023f252596d83e1f007?s=96&d=mm&r=g","caption":"admin"},"sameAs":["https:\/\/kibrisdakik.com"],"url":"https:\/\/kibrisdakik.com\/?author=1"}]}},"_links":{"self":[{"href":"https:\/\/kibrisdakik.com\/index.php?rest_route=\/wp\/v2\/posts\/11257","targetHints":{"allow":["GET"]}}],"collection":[{"href":"https:\/\/kibrisdakik.com\/index.php?rest_route=\/wp\/v2\/posts"}],"about":[{"href":"https:\/\/kibrisdakik.com\/index.php?rest_route=\/wp\/v2\/types\/post"}],"author":[{"embeddable":true,"href":"https:\/\/kibrisdakik.com\/index.php?rest_route=\/wp\/v2\/users\/1"}],"replies":[{"embeddable":true,"href":"https:\/\/kibrisdakik.com\/index.php?rest_route=%2Fwp%2Fv2%2Fcomments&post=11257"}],"version-history":[{"count":0,"href":"https:\/\/kibrisdakik.com\/index.php?rest_route=\/wp\/v2\/posts\/11257\/revisions"}],"wp:featuredmedia":[{"embeddable":true,"href":"https:\/\/kibrisdakik.com\/index.php?rest_route=\/wp\/v2\/media\/1897"}],"wp:attachment":[{"href":"https:\/\/kibrisdakik.com\/index.php?rest_route=%2Fwp%2Fv2%2Fmedia&parent=11257"}],"wp:term":[{"taxonomy":"category","embeddable":true,"href":"https:\/\/kibrisdakik.com\/index.php?rest_route=%2Fwp%2Fv2%2Fcategories&post=11257"},{"taxonomy":"post_tag","embeddable":true,"href":"https:\/\/kibrisdakik.com\/index.php?rest_route=%2Fwp%2Fv2%2Ftags&post=11257"}],"curies":[{"name":"wp","href":"https:\/\/api.w.org\/{rel}","templated":true}]}}