{"id":11351,"date":"2023-07-30T14:59:41","date_gmt":"2023-07-30T14:59:41","guid":{"rendered":"https:\/\/kibrisdakik.com\/index.php\/2023\/07\/30\/meclis-baskani-tore-yaz-festivaline-katildi\/"},"modified":"2023-07-30T14:59:41","modified_gmt":"2023-07-30T14:59:41","slug":"meclis-baskani-tore-yaz-festivaline-katildi","status":"publish","type":"post","link":"https:\/\/kibrisdakik.com\/?p=11351","title":{"rendered":"Meclis Ba\u015fkan\u0131 T\u00f6re, Yaz Festivali\u2019ne kat\u0131ld\u0131"},"content":{"rendered":"<p><\/p>\n<div>\n<div class=\"mariselle-image-container center\">\n                <img width=\"1800\" height=\"1277\" class=\"lazy-image\" alt=\"\" decoding=\"async\" loading=\"lazy\" sizes=\"auto, (max-width: 1800px) 100vw, 1800px\" src=\"https:\/\/brtk.net\/wp-content\/uploads\/2023\/07\/30\/tore-yaz-festivali-2-.jpeg?ver=dd389625f4254e56336b2a0b76547db7\" srcset=\"https:\/\/brtk.net\/wp-content\/uploads\/2023\/07\/30\/tore-yaz-festivali-2-.jpeg?ver=dd389625f4254e56336b2a0b76547db7 1800w, https:\/\/brtk.net\/wp-content\/uploads\/2023\/07\/30\/tore-yaz-festivali-2--300x213.jpeg?ver=dd389625f4254e56336b2a0b76547db7 300w, https:\/\/brtk.net\/wp-content\/uploads\/2023\/07\/30\/tore-yaz-festivali-2--1024x726.jpeg?ver=dd389625f4254e56336b2a0b76547db7 1024w, https:\/\/brtk.net\/wp-content\/uploads\/2023\/07\/30\/tore-yaz-festivali-2--768x545.jpeg?ver=f734f2594b5a701ae4bb8a6e9200a06e 768w, https:\/\/brtk.net\/wp-content\/uploads\/2023\/07\/30\/tore-yaz-festivali-2--1536x1090.jpeg?ver=f734f2594b5a701ae4bb8a6e9200a06e 1536w\"\/>                            <\/div>\n<p>Cumhuriyet Meclisi Ba\u015fkan\u0131 Zorlu T\u00f6re, Erenk\u00f6y Karpaz Belediyesi taraf\u0131ndan organize edilen Yaz Festivali\u2019ne kat\u0131ld\u0131. <\/p>\n<p>Meclis\u2019ten verilen bilgiye g\u00f6re T\u00f6re, festivalde kat\u0131l\u0131mc\u0131lara hitaben yapt\u0131\u011f\u0131 konu\u015fmada, Karpaz b\u00f6lgesindeki b\u00fct\u00fcn etkinliklere kat\u0131lmaya \u00e7al\u0131\u015ft\u0131\u011f\u0131n\u0131 dile getirerek b\u00f6lgenin kendisi i\u00e7in her zaman farkl\u0131 bir yeri oldu\u011funu s\u00f6yledi. <\/p>\n<p>Ge\u00e7mi\u015fte kolokas festivalleri yap\u0131ld\u0131\u011f\u0131n\u0131 da an\u0131msatan T\u00f6re, kolokas \u00fcr\u00fcn\u00fcn\u00fcn geli\u015ftirilmesi ve \u00fcretim pazar\u0131n\u0131n geli\u015ftirilmesi i\u00e7in \u00e7al\u0131\u015fmalar yap\u0131lmas\u0131 gerekti\u011fine de\u011findi. <\/p>\n<p>Yerli \u00fcretimin \u00f6nemine i\u015faret eden T\u00f6re, ayaklar\u0131 \u00fczerinde durabilen ekonomiler yaratmak, bu topraklarda \u00e7o\u011fal\u0131p b\u00fcy\u00fcmek i\u00e7in bunun hayati \u00f6nem ta\u015f\u0131d\u0131\u011f\u0131n\u0131 dile getirdi. <\/p>\n<p>20 Temmuz Bar\u0131\u015f ve \u00d6zg\u00fcrl\u00fck Bayram\u0131\u2019n\u0131n co\u015fkuyla kutland\u0131\u011f\u0131n\u0131 dile getiren T\u00f6re, <a href=\"https:\/\/brtk.net\/\">KKTC<\/a>\u2019nin 40\u2019\u0131nc\u0131 kurulu\u015f y\u0131l d\u00f6n\u00fcm\u00fcn\u00fcn de 15 Kas\u0131m\u2019da, bug\u00fcnlere kadar verilen m\u00fccadeleler hat\u0131rlanarak yine b\u00fcy\u00fck bir co\u015fkuyla kutlanaca\u011f\u0131n\u0131 ifade etti. <\/p>\n<p>Ercan Havaliman\u0131\u2019n\u0131 yeni terminal binas\u0131n\u0131n \u00fclkeye yap\u0131lan en b\u00fcy\u00fck yat\u0131r\u0131mlardan biri oldu\u011funa i\u015faret eden Ba\u015fkan T\u00f6re, havaliman\u0131n\u0131n b\u00fcy\u00fcmesi ile turizmde ya\u015fanacak hareketlili\u011fin b\u00f6lgeye de olumlu yans\u0131malar\u0131 olaca\u011f\u0131na inan\u00e7 belirtti.<\/p>\n<\/p><\/div>\n<p><script async\n                    defer\n                    crossorigin=\"anonymous\"\n                    src=\"https:\/\/connect.facebook.net\/tr_TR\/sdk.js#xfbml=1&#038;version=v3.3\"\n            ><\/script><\/p>\n","protected":false},"excerpt":{"rendered":"<p>Cumhuriyet Meclisi Ba\u015fkan\u0131 Zorlu T\u00f6re, Erenk\u00f6y Karpaz Belediyesi taraf\u0131ndan organize edilen Yaz Festivali\u2019ne kat\u0131ld\u0131. Meclis\u2019ten verilen bilgiye g\u00f6re T\u00f6re, festivalde kat\u0131l\u0131mc\u0131lara hitaben yapt\u0131\u011f\u0131 konu\u015fmada, Karpaz b\u00f6lgesindeki b\u00fct\u00fcn etkinliklere kat\u0131lmaya \u00e7al\u0131\u015ft\u0131\u011f\u0131n\u0131 dile getirerek b\u00f6lgenin kendisi i\u00e7in her zaman farkl\u0131 bir yeri oldu\u011funu s\u00f6yledi. Ge\u00e7mi\u015fte kolokas festivalleri yap\u0131ld\u0131\u011f\u0131n\u0131 da an\u0131msatan T\u00f6re, kolokas \u00fcr\u00fcn\u00fcn\u00fcn geli\u015ftirilmesi ve \u00fcretim pazar\u0131n\u0131n<\/p>\n","protected":false},"author":1,"featured_media":11352,"comment_status":"open","ping_status":"open","sticky":false,"template":"","format":"standard","meta":{"footnotes":""},"categories":[1],"tags":[],"class_list":["post-11351","post","type-post","status-publish","format-standard","has-post-thumbnail","hentry","category-gundem"],"yoast_head":"<!-- This site is optimized with the Yoast SEO plugin v27.4 - https:\/\/yoast.com\/product\/yoast-seo-wordpress\/ -->\n<title>Meclis Ba\u015fkan\u0131 T\u00f6re, Yaz Festivali\u2019ne kat\u0131ld\u0131 -<\/title>\n<meta name=\"robots\" content=\"index, follow, max-snippet:-1, max-image-preview:large, max-video-preview:-1\" \/>\n<link rel=\"canonical\" href=\"https:\/\/kibrisdakik.com\/?p=11351\" \/>\n<meta property=\"og:locale\" content=\"tr_TR\" \/>\n<meta property=\"og:type\" content=\"article\" \/>\n<meta property=\"og:title\" content=\"Meclis Ba\u015fkan\u0131 T\u00f6re, Yaz Festivali\u2019ne kat\u0131ld\u0131 -\" \/>\n<meta property=\"og:description\" content=\"Cumhuriyet Meclisi Ba\u015fkan\u0131 Zorlu T\u00f6re, Erenk\u00f6y Karpaz Belediyesi taraf\u0131ndan organize edilen Yaz Festivali\u2019ne kat\u0131ld\u0131. Meclis\u2019ten verilen bilgiye g\u00f6re T\u00f6re, festivalde kat\u0131l\u0131mc\u0131lara hitaben yapt\u0131\u011f\u0131 konu\u015fmada, Karpaz b\u00f6lgesindeki b\u00fct\u00fcn etkinliklere kat\u0131lmaya \u00e7al\u0131\u015ft\u0131\u011f\u0131n\u0131 dile getirerek b\u00f6lgenin kendisi i\u00e7in her zaman farkl\u0131 bir yeri oldu\u011funu s\u00f6yledi. Ge\u00e7mi\u015fte kolokas festivalleri yap\u0131ld\u0131\u011f\u0131n\u0131 da an\u0131msatan T\u00f6re, kolokas \u00fcr\u00fcn\u00fcn\u00fcn geli\u015ftirilmesi ve \u00fcretim pazar\u0131n\u0131n\" \/>\n<meta property=\"og:url\" content=\"https:\/\/kibrisdakik.com\/?p=11351\" \/>\n<meta property=\"article:published_time\" content=\"2023-07-30T14:59:41+00:00\" \/>\n<meta property=\"og:image\" content=\"https:\/\/kibrisdakik.com\/wp-content\/uploads\/2023\/07\/tore-yaz-festivali-2--740x420.jpeg\" \/>\n\t<meta property=\"og:image:width\" content=\"1800\" \/>\n\t<meta property=\"og:image:height\" content=\"1277\" \/>\n\t<meta property=\"og:image:type\" content=\"image\/jpeg\" \/>\n<meta name=\"author\" content=\"admin\" \/>\n<meta name=\"twitter:card\" content=\"summary_large_image\" \/>\n<meta name=\"twitter:label1\" content=\"Yazan:\" \/>\n\t<meta name=\"twitter:data1\" content=\"admin\" \/>\n\t<meta name=\"twitter:label2\" content=\"Tahmini okuma s\u00fcresi\" \/>\n\t<meta name=\"twitter:data2\" content=\"1 dakika\" \/>\n<script type=\"application\/ld+json\" class=\"yoast-schema-graph\">{\"@context\":\"https:\\\/\\\/schema.org\",\"@graph\":[{\"@type\":\"Article\",\"@id\":\"https:\\\/\\\/kibrisdakik.com\\\/?p=11351#article\",\"isPartOf\":{\"@id\":\"https:\\\/\\\/kibrisdakik.com\\\/?p=11351\"},\"author\":{\"name\":\"admin\",\"@id\":\"https:\\\/\\\/kibrisdakik.com\\\/#\\\/schema\\\/person\\\/9cd9d437bbb44f72b73ba127e06d8e79\"},\"headline\":\"Meclis Ba\u015fkan\u0131 T\u00f6re, Yaz Festivali\u2019ne kat\u0131ld\u0131\",\"datePublished\":\"2023-07-30T14:59:41+00:00\",\"mainEntityOfPage\":{\"@id\":\"https:\\\/\\\/kibrisdakik.com\\\/?p=11351\"},\"wordCount\":244,\"commentCount\":0,\"image\":{\"@id\":\"https:\\\/\\\/kibrisdakik.com\\\/?p=11351#primaryimage\"},\"thumbnailUrl\":\"https:\\\/\\\/kibrisdakik.com\\\/wp-content\\\/uploads\\\/2023\\\/07\\\/tore-yaz-festivali-2--740x420.jpeg\",\"articleSection\":[\"G\u00fcndem\"],\"inLanguage\":\"tr\",\"potentialAction\":[{\"@type\":\"CommentAction\",\"name\":\"Comment\",\"target\":[\"https:\\\/\\\/kibrisdakik.com\\\/?p=11351#respond\"]}]},{\"@type\":\"WebPage\",\"@id\":\"https:\\\/\\\/kibrisdakik.com\\\/?p=11351\",\"url\":\"https:\\\/\\\/kibrisdakik.com\\\/?p=11351\",\"name\":\"Meclis Ba\u015fkan\u0131 T\u00f6re, Yaz Festivali\u2019ne kat\u0131ld\u0131 -\",\"isPartOf\":{\"@id\":\"https:\\\/\\\/kibrisdakik.com\\\/#website\"},\"primaryImageOfPage\":{\"@id\":\"https:\\\/\\\/kibrisdakik.com\\\/?p=11351#primaryimage\"},\"image\":{\"@id\":\"https:\\\/\\\/kibrisdakik.com\\\/?p=11351#primaryimage\"},\"thumbnailUrl\":\"https:\\\/\\\/kibrisdakik.com\\\/wp-content\\\/uploads\\\/2023\\\/07\\\/tore-yaz-festivali-2--740x420.jpeg\",\"datePublished\":\"2023-07-30T14:59:41+00:00\",\"author\":{\"@id\":\"https:\\\/\\\/kibrisdakik.com\\\/#\\\/schema\\\/person\\\/9cd9d437bbb44f72b73ba127e06d8e79\"},\"breadcrumb\":{\"@id\":\"https:\\\/\\\/kibrisdakik.com\\\/?p=11351#breadcrumb\"},\"inLanguage\":\"tr\",\"potentialAction\":[{\"@type\":\"ReadAction\",\"target\":[\"https:\\\/\\\/kibrisdakik.com\\\/?p=11351\"]}]},{\"@type\":\"ImageObject\",\"inLanguage\":\"tr\",\"@id\":\"https:\\\/\\\/kibrisdakik.com\\\/?p=11351#primaryimage\",\"url\":\"https:\\\/\\\/kibrisdakik.com\\\/wp-content\\\/uploads\\\/2023\\\/07\\\/tore-yaz-festivali-2--740x420.jpeg\",\"contentUrl\":\"https:\\\/\\\/kibrisdakik.com\\\/wp-content\\\/uploads\\\/2023\\\/07\\\/tore-yaz-festivali-2--740x420.jpeg\",\"width\":1800,\"height\":1277},{\"@type\":\"BreadcrumbList\",\"@id\":\"https:\\\/\\\/kibrisdakik.com\\\/?p=11351#breadcrumb\",\"itemListElement\":[{\"@type\":\"ListItem\",\"position\":1,\"name\":\"Home\",\"item\":\"https:\\\/\\\/kibrisdakik.com\\\/\"},{\"@type\":\"ListItem\",\"position\":2,\"name\":\"Meclis Ba\u015fkan\u0131 T\u00f6re, Yaz Festivali\u2019ne kat\u0131ld\u0131\"}]},{\"@type\":\"WebSite\",\"@id\":\"https:\\\/\\\/kibrisdakik.com\\\/#website\",\"url\":\"https:\\\/\\\/kibrisdakik.com\\\/\",\"name\":\"\",\"description\":\"Tam vaktinde haber\",\"potentialAction\":[{\"@type\":\"SearchAction\",\"target\":{\"@type\":\"EntryPoint\",\"urlTemplate\":\"https:\\\/\\\/kibrisdakik.com\\\/?s={search_term_string}\"},\"query-input\":{\"@type\":\"PropertyValueSpecification\",\"valueRequired\":true,\"valueName\":\"search_term_string\"}}],\"inLanguage\":\"tr\"},{\"@type\":\"Person\",\"@id\":\"https:\\\/\\\/kibrisdakik.com\\\/#\\\/schema\\\/person\\\/9cd9d437bbb44f72b73ba127e06d8e79\",\"name\":\"admin\",\"image\":{\"@type\":\"ImageObject\",\"inLanguage\":\"tr\",\"@id\":\"https:\\\/\\\/secure.gravatar.com\\\/avatar\\\/ccc17943b9d660506c869530f897617f7cb1c21a4bf30023f252596d83e1f007?s=96&d=mm&r=g\",\"url\":\"https:\\\/\\\/secure.gravatar.com\\\/avatar\\\/ccc17943b9d660506c869530f897617f7cb1c21a4bf30023f252596d83e1f007?s=96&d=mm&r=g\",\"contentUrl\":\"https:\\\/\\\/secure.gravatar.com\\\/avatar\\\/ccc17943b9d660506c869530f897617f7cb1c21a4bf30023f252596d83e1f007?s=96&d=mm&r=g\",\"caption\":\"admin\"},\"sameAs\":[\"https:\\\/\\\/kibrisdakik.com\"],\"url\":\"https:\\\/\\\/kibrisdakik.com\\\/?author=1\"}]}<\/script>\n<!-- \/ Yoast SEO plugin. -->","yoast_head_json":{"title":"Meclis Ba\u015fkan\u0131 T\u00f6re, Yaz Festivali\u2019ne kat\u0131ld\u0131 -","robots":{"index":"index","follow":"follow","max-snippet":"max-snippet:-1","max-image-preview":"max-image-preview:large","max-video-preview":"max-video-preview:-1"},"canonical":"https:\/\/kibrisdakik.com\/?p=11351","og_locale":"tr_TR","og_type":"article","og_title":"Meclis Ba\u015fkan\u0131 T\u00f6re, Yaz Festivali\u2019ne kat\u0131ld\u0131 -","og_description":"Cumhuriyet Meclisi Ba\u015fkan\u0131 Zorlu T\u00f6re, Erenk\u00f6y Karpaz Belediyesi taraf\u0131ndan organize edilen Yaz Festivali\u2019ne kat\u0131ld\u0131. Meclis\u2019ten verilen bilgiye g\u00f6re T\u00f6re, festivalde kat\u0131l\u0131mc\u0131lara hitaben yapt\u0131\u011f\u0131 konu\u015fmada, Karpaz b\u00f6lgesindeki b\u00fct\u00fcn etkinliklere kat\u0131lmaya \u00e7al\u0131\u015ft\u0131\u011f\u0131n\u0131 dile getirerek b\u00f6lgenin kendisi i\u00e7in her zaman farkl\u0131 bir yeri oldu\u011funu s\u00f6yledi. Ge\u00e7mi\u015fte kolokas festivalleri yap\u0131ld\u0131\u011f\u0131n\u0131 da an\u0131msatan T\u00f6re, kolokas \u00fcr\u00fcn\u00fcn\u00fcn geli\u015ftirilmesi ve \u00fcretim pazar\u0131n\u0131n","og_url":"https:\/\/kibrisdakik.com\/?p=11351","article_published_time":"2023-07-30T14:59:41+00:00","og_image":[{"width":1800,"height":1277,"url":"https:\/\/kibrisdakik.com\/wp-content\/uploads\/2023\/07\/tore-yaz-festivali-2--740x420.jpeg","type":"image\/jpeg"}],"author":"admin","twitter_card":"summary_large_image","twitter_misc":{"Yazan:":"admin","Tahmini okuma s\u00fcresi":"1 dakika"},"schema":{"@context":"https:\/\/schema.org","@graph":[{"@type":"Article","@id":"https:\/\/kibrisdakik.com\/?p=11351#article","isPartOf":{"@id":"https:\/\/kibrisdakik.com\/?p=11351"},"author":{"name":"admin","@id":"https:\/\/kibrisdakik.com\/#\/schema\/person\/9cd9d437bbb44f72b73ba127e06d8e79"},"headline":"Meclis Ba\u015fkan\u0131 T\u00f6re, Yaz Festivali\u2019ne kat\u0131ld\u0131","datePublished":"2023-07-30T14:59:41+00:00","mainEntityOfPage":{"@id":"https:\/\/kibrisdakik.com\/?p=11351"},"wordCount":244,"commentCount":0,"image":{"@id":"https:\/\/kibrisdakik.com\/?p=11351#primaryimage"},"thumbnailUrl":"https:\/\/kibrisdakik.com\/wp-content\/uploads\/2023\/07\/tore-yaz-festivali-2--740x420.jpeg","articleSection":["G\u00fcndem"],"inLanguage":"tr","potentialAction":[{"@type":"CommentAction","name":"Comment","target":["https:\/\/kibrisdakik.com\/?p=11351#respond"]}]},{"@type":"WebPage","@id":"https:\/\/kibrisdakik.com\/?p=11351","url":"https:\/\/kibrisdakik.com\/?p=11351","name":"Meclis Ba\u015fkan\u0131 T\u00f6re, Yaz Festivali\u2019ne kat\u0131ld\u0131 -","isPartOf":{"@id":"https:\/\/kibrisdakik.com\/#website"},"primaryImageOfPage":{"@id":"https:\/\/kibrisdakik.com\/?p=11351#primaryimage"},"image":{"@id":"https:\/\/kibrisdakik.com\/?p=11351#primaryimage"},"thumbnailUrl":"https:\/\/kibrisdakik.com\/wp-content\/uploads\/2023\/07\/tore-yaz-festivali-2--740x420.jpeg","datePublished":"2023-07-30T14:59:41+00:00","author":{"@id":"https:\/\/kibrisdakik.com\/#\/schema\/person\/9cd9d437bbb44f72b73ba127e06d8e79"},"breadcrumb":{"@id":"https:\/\/kibrisdakik.com\/?p=11351#breadcrumb"},"inLanguage":"tr","potentialAction":[{"@type":"ReadAction","target":["https:\/\/kibrisdakik.com\/?p=11351"]}]},{"@type":"ImageObject","inLanguage":"tr","@id":"https:\/\/kibrisdakik.com\/?p=11351#primaryimage","url":"https:\/\/kibrisdakik.com\/wp-content\/uploads\/2023\/07\/tore-yaz-festivali-2--740x420.jpeg","contentUrl":"https:\/\/kibrisdakik.com\/wp-content\/uploads\/2023\/07\/tore-yaz-festivali-2--740x420.jpeg","width":1800,"height":1277},{"@type":"BreadcrumbList","@id":"https:\/\/kibrisdakik.com\/?p=11351#breadcrumb","itemListElement":[{"@type":"ListItem","position":1,"name":"Home","item":"https:\/\/kibrisdakik.com\/"},{"@type":"ListItem","position":2,"name":"Meclis Ba\u015fkan\u0131 T\u00f6re, Yaz Festivali\u2019ne kat\u0131ld\u0131"}]},{"@type":"WebSite","@id":"https:\/\/kibrisdakik.com\/#website","url":"https:\/\/kibrisdakik.com\/","name":"","description":"Tam vaktinde haber","potentialAction":[{"@type":"SearchAction","target":{"@type":"EntryPoint","urlTemplate":"https:\/\/kibrisdakik.com\/?s={search_term_string}"},"query-input":{"@type":"PropertyValueSpecification","valueRequired":true,"valueName":"search_term_string"}}],"inLanguage":"tr"},{"@type":"Person","@id":"https:\/\/kibrisdakik.com\/#\/schema\/person\/9cd9d437bbb44f72b73ba127e06d8e79","name":"admin","image":{"@type":"ImageObject","inLanguage":"tr","@id":"https:\/\/secure.gravatar.com\/avatar\/ccc17943b9d660506c869530f897617f7cb1c21a4bf30023f252596d83e1f007?s=96&d=mm&r=g","url":"https:\/\/secure.gravatar.com\/avatar\/ccc17943b9d660506c869530f897617f7cb1c21a4bf30023f252596d83e1f007?s=96&d=mm&r=g","contentUrl":"https:\/\/secure.gravatar.com\/avatar\/ccc17943b9d660506c869530f897617f7cb1c21a4bf30023f252596d83e1f007?s=96&d=mm&r=g","caption":"admin"},"sameAs":["https:\/\/kibrisdakik.com"],"url":"https:\/\/kibrisdakik.com\/?author=1"}]}},"_links":{"self":[{"href":"https:\/\/kibrisdakik.com\/index.php?rest_route=\/wp\/v2\/posts\/11351","targetHints":{"allow":["GET"]}}],"collection":[{"href":"https:\/\/kibrisdakik.com\/index.php?rest_route=\/wp\/v2\/posts"}],"about":[{"href":"https:\/\/kibrisdakik.com\/index.php?rest_route=\/wp\/v2\/types\/post"}],"author":[{"embeddable":true,"href":"https:\/\/kibrisdakik.com\/index.php?rest_route=\/wp\/v2\/users\/1"}],"replies":[{"embeddable":true,"href":"https:\/\/kibrisdakik.com\/index.php?rest_route=%2Fwp%2Fv2%2Fcomments&post=11351"}],"version-history":[{"count":0,"href":"https:\/\/kibrisdakik.com\/index.php?rest_route=\/wp\/v2\/posts\/11351\/revisions"}],"wp:featuredmedia":[{"embeddable":true,"href":"https:\/\/kibrisdakik.com\/index.php?rest_route=\/wp\/v2\/media\/11352"}],"wp:attachment":[{"href":"https:\/\/kibrisdakik.com\/index.php?rest_route=%2Fwp%2Fv2%2Fmedia&parent=11351"}],"wp:term":[{"taxonomy":"category","embeddable":true,"href":"https:\/\/kibrisdakik.com\/index.php?rest_route=%2Fwp%2Fv2%2Fcategories&post=11351"},{"taxonomy":"post_tag","embeddable":true,"href":"https:\/\/kibrisdakik.com\/index.php?rest_route=%2Fwp%2Fv2%2Ftags&post=11351"}],"curies":[{"name":"wp","href":"https:\/\/api.w.org\/{rel}","templated":true}]}}