{"id":11354,"date":"2023-07-30T18:06:06","date_gmt":"2023-07-30T18:06:06","guid":{"rendered":"https:\/\/kibrisdakik.com\/index.php\/2023\/07\/30\/tacoy-sosyal-sigortalar-dairesi-bu-ay-kesinlikle-herhangi-bir-borclanmaya-gitmedi\/"},"modified":"2023-07-30T18:06:06","modified_gmt":"2023-07-30T18:06:06","slug":"tacoy-sosyal-sigortalar-dairesi-bu-ay-kesinlikle-herhangi-bir-borclanmaya-gitmedi","status":"publish","type":"post","link":"https:\/\/kibrisdakik.com\/?p=11354","title":{"rendered":"Ta\u00e7oy: Sosyal Sigortalar Dairesi bu ay kesinlikle herhangi bir bor\u00e7lanmaya gitmedi"},"content":{"rendered":"<p><\/p>\n<div>\n<div class=\"mariselle-image-container center\">\n                <img width=\"720\" height=\"405\" class=\"lazy-image\" alt=\"\" decoding=\"async\" loading=\"lazy\" sizes=\"auto, (max-width: 720px) 100vw, 720px\" src=\"https:\/\/brtk.net\/wp-content\/uploads\/2023\/07\/30\/tacoy2.jpeg?ver=7b3aab2754c6ee32e4db630392b1ddb6\" srcset=\"https:\/\/brtk.net\/wp-content\/uploads\/2023\/07\/30\/tacoy2.jpeg?ver=7b3aab2754c6ee32e4db630392b1ddb6 720w, https:\/\/brtk.net\/wp-content\/uploads\/2023\/07\/30\/tacoy2-300x169.jpeg?ver=7b3aab2754c6ee32e4db630392b1ddb6 300w\"\/>                            <\/div>\n<p>\n\u00c7al\u0131\u015fma ve Sosyal G\u00fcvenlik Bakan\u0131 Hasan Ta\u00e7oy, Sosyal Sigortalar Dairesi\u2019nin zor durumda oldu\u011funa dair haberler hakk\u0131nda yaz\u0131l\u0131 a\u00e7\u0131klama yaparak \u201cSosyal Sigortalar Dairesi bu ay kesinlikle herhangi bir bor\u00e7lanmaya gitmemi\u015ftir\u201d dedi.<\/p>\n<p>Ta\u00e7oy, Sosyal Sigortalar Dairesi\u2019nin bu ay da t\u00fcm y\u00fck\u00fcml\u00fcl\u00fcklerini eksiksiz ve hatta art\u0131\u015fl\u0131 olarak yerine getirdi\u011fini ve bunu yaparken ekstra herhangi bir kayna\u011fa ya da bor\u00e7lanmaya ihtiya\u00e7 duymad\u0131\u011f\u0131n\u0131 a\u00e7\u0131klad\u0131.<\/p>\n<p>Bug\u00fcn bir gazetede \u201cSigortalar Zor Durumda\u201d ba\u015fl\u0131\u011f\u0131yla yer alan haberin do\u011frulardan uzak bilgiler i\u00e7erdi\u011fini kaydeden Bakan Ta\u00e7oy, \u015f\u00f6yle devam etti:<\/p>\n<p>\u201c\u2019Sosyal Sigortalar 2 milyon 53 bin <a href=\"https:\/\/brtk.net\/\">dolar<\/a> daha bor\u00e7land\u0131\u2019 \u015feklindeki ifade tamamen yanl\u0131\u015f ve kamuoyunu yan\u0131lt\u0131c\u0131 niteliktedir. Sosyal Sigortalar Dairesi bu ay kesinlikle herhangi bir bor\u00e7lanmaya gitmemi\u015ftir. Aksine \u00f6nceki d\u00f6nemden gelen bor\u00e7lar\u0131na y\u00f6nelik olarak 4 milyon <a href=\"https:\/\/brtk.net\/\">dolar<\/a>l\u0131k \u00f6deme yapm\u0131\u015ft\u0131r.<\/p>\n<p>Toplam 6 milyon olan borcun \u00f6denen 4 milyonluk k\u0131sm\u0131n\u0131n sonras\u0131nda kalan 2 milyon i\u00e7in bir senet yenilemesi yap\u0131lm\u0131\u015ft\u0131r.<\/p>\n<p>Bunun \u2018yeni bor\u00e7lanma\u2019 olarak kamuoyuna g\u00f6sterilmeye \u00e7al\u0131\u015f\u0131lmas\u0131, bu \u00fclkenin \u00e7al\u0131\u015fan insanlar\u0131n\u0131n temel ve yegane dayana\u011f\u0131 olan Sosyal Sigortalar\u2019\u0131n itibars\u0131zla\u015ft\u0131r\u0131lmas\u0131 gayretinden ba\u015fka bir \u015fey olamaz.<\/p>\n<p>-\u201cDaire belki de bug\u00fcne kadar hi\u00e7 olmad\u0131\u011f\u0131 kadar g\u00fc\u00e7l\u00fc bir gelir-gider dengesine kavu\u015ftu\u201d<\/p>\n<p>Bug\u00fcne kadar her t\u00fcrl\u00fc i\u015flemini son derece a\u00e7\u0131k ve \u015feffaf bir bi\u00e7imde ger\u00e7ekle\u015ftirmi\u015f olan Sosyal Sigortalar Dairesi belki de bug\u00fcne kadar hi\u00e7 olmad\u0131\u011f\u0131 kadar g\u00fc\u00e7l\u00fc bir gelir-gider dengesine kavu\u015fmu\u015ftur.<\/p>\n<p>Hal b\u00f6yleyken, yap\u0131lan \u00f6nemli bir bor\u00e7 geri \u00f6demesi sonras\u0131nda geriye kalan bor\u00e7 i\u00e7in yap\u0131lm\u0131\u015f bir i\u015flemi, yeni bor\u00e7lanmaym\u0131\u015f gibi g\u00f6stermenin ve bunu \u2018Sigortalar Zor Durumda\u2019 diye man\u015fetlere ta\u015f\u0131man\u0131n meslek eti\u011fi a\u00e7\u0131s\u0131ndan da mutlaka gazeteciler taraf\u0131ndan sorgulanmas\u0131 gerekti\u011fine inanmaktay\u0131m.   <\/p>\n<p>Ke\u015fke haber yap\u0131l\u0131rken \u00c7al\u0131\u015fma ve Sosyal G\u00fcvenlik Bakanl\u0131\u011f\u0131 ya da Sosyal Sigortalar Dairesi yetkililerine de ula\u015f\u0131l\u0131p sorulsayd\u0131. B\u00f6ylelikle kurumu daha ileriye g\u00f6t\u00fcrmek i\u00e7in her g\u00fcn canla ba\u015fla \u00e7al\u0131\u015fan Sosyal Sigortalar Dairesi\u2019nin \u00f6zverili \u00e7al\u0131\u015fanlar\u0131na kar\u015f\u0131 da b\u00f6ylesi bir \u2018ay\u0131p\u2019 ya\u015fanmam\u0131\u015f olurdu.\u201d<\/p>\n<p>-Kamuoyuna \u00e7a\u011fr\u0131 <\/p>\n<p>\u00c7al\u0131\u015fma ve Sosyal G\u00fcvenlik Bakan\u0131 Hasan Ta\u00e7oy, a\u00e7\u0131klamas\u0131n\u0131n sonunda, Sosyal Sigortalar Dairesi\u2019nin bu ay da t\u00fcm y\u00fck\u00fcml\u00fcl\u00fcklerini eksiksiz ve hatta art\u0131\u015fl\u0131 olarak yerine getirdi\u011fini ve bunu yaparken ekstra herhangi bir kayna\u011fa ya da bor\u00e7lanmaya ihtiya\u00e7 duymad\u0131\u011f\u0131n\u0131 yineleyerek \u201cKamuoyuna bu t\u00fcr haberler kar\u015f\u0131s\u0131nda karamsarl\u0131\u011fa d\u00fc\u015fmemeleri ve bizden gelecek a\u00e7\u0131klamalar\u0131 dikkate almalar\u0131n\u0131; \u00fclkemiz \u00e7al\u0131\u015fan insan\u0131n\u0131n gelece\u011fini garantisi olan Sosyal Sigortalar\u2019\u0131n \u00fczerine g\u00f6lge d\u00fc\u015f\u00fcrmeye \u00e7al\u0131\u015fanlara itibar etmemelerini rica ederim\u201d ifadelerine yer verdi.<\/p>\n<\/p><\/div>\n<p><script async\n                    defer\n                    crossorigin=\"anonymous\"\n                    src=\"https:\/\/connect.facebook.net\/tr_TR\/sdk.js#xfbml=1&#038;version=v3.3\"\n            ><\/script><\/p>\n","protected":false},"excerpt":{"rendered":"<p>\u00c7al\u0131\u015fma ve Sosyal G\u00fcvenlik Bakan\u0131 Hasan Ta\u00e7oy, Sosyal Sigortalar Dairesi\u2019nin zor durumda oldu\u011funa dair haberler hakk\u0131nda yaz\u0131l\u0131 a\u00e7\u0131klama yaparak \u201cSosyal Sigortalar Dairesi bu ay kesinlikle herhangi bir bor\u00e7lanmaya gitmemi\u015ftir\u201d dedi. Ta\u00e7oy, Sosyal Sigortalar Dairesi\u2019nin bu ay da t\u00fcm y\u00fck\u00fcml\u00fcl\u00fcklerini eksiksiz ve hatta art\u0131\u015fl\u0131 olarak yerine getirdi\u011fini ve bunu yaparken ekstra herhangi bir kayna\u011fa ya da<\/p>\n","protected":false},"author":1,"featured_media":11355,"comment_status":"open","ping_status":"open","sticky":false,"template":"","format":"standard","meta":{"footnotes":""},"categories":[1],"tags":[],"class_list":["post-11354","post","type-post","status-publish","format-standard","has-post-thumbnail","hentry","category-gundem"],"yoast_head":"<!-- This site is optimized with the Yoast SEO plugin v27.4 - https:\/\/yoast.com\/product\/yoast-seo-wordpress\/ -->\n<title>Ta\u00e7oy: Sosyal Sigortalar Dairesi bu ay kesinlikle herhangi bir bor\u00e7lanmaya gitmedi -<\/title>\n<meta name=\"robots\" content=\"index, follow, max-snippet:-1, max-image-preview:large, max-video-preview:-1\" \/>\n<link rel=\"canonical\" href=\"https:\/\/kibrisdakik.com\/?p=11354\" \/>\n<meta property=\"og:locale\" content=\"tr_TR\" \/>\n<meta property=\"og:type\" content=\"article\" \/>\n<meta property=\"og:title\" content=\"Ta\u00e7oy: Sosyal Sigortalar Dairesi bu ay kesinlikle herhangi bir bor\u00e7lanmaya gitmedi -\" \/>\n<meta property=\"og:description\" content=\"\u00c7al\u0131\u015fma ve Sosyal G\u00fcvenlik Bakan\u0131 Hasan Ta\u00e7oy, Sosyal Sigortalar Dairesi\u2019nin zor durumda oldu\u011funa dair haberler hakk\u0131nda yaz\u0131l\u0131 a\u00e7\u0131klama yaparak \u201cSosyal Sigortalar Dairesi bu ay kesinlikle herhangi bir bor\u00e7lanmaya gitmemi\u015ftir\u201d dedi. Ta\u00e7oy, Sosyal Sigortalar Dairesi\u2019nin bu ay da t\u00fcm y\u00fck\u00fcml\u00fcl\u00fcklerini eksiksiz ve hatta art\u0131\u015fl\u0131 olarak yerine getirdi\u011fini ve bunu yaparken ekstra herhangi bir kayna\u011fa ya da\" \/>\n<meta property=\"og:url\" content=\"https:\/\/kibrisdakik.com\/?p=11354\" \/>\n<meta property=\"article:published_time\" content=\"2023-07-30T18:06:06+00:00\" \/>\n<meta property=\"og:image\" content=\"https:\/\/kibrisdakik.com\/wp-content\/uploads\/2023\/07\/tacoy2.jpeg\" \/>\n\t<meta property=\"og:image:width\" content=\"720\" \/>\n\t<meta property=\"og:image:height\" content=\"405\" \/>\n\t<meta property=\"og:image:type\" content=\"image\/jpeg\" \/>\n<meta name=\"author\" content=\"admin\" \/>\n<meta name=\"twitter:card\" content=\"summary_large_image\" \/>\n<meta name=\"twitter:label1\" content=\"Yazan:\" \/>\n\t<meta name=\"twitter:data1\" content=\"admin\" \/>\n\t<meta name=\"twitter:label2\" content=\"Tahmini okuma s\u00fcresi\" \/>\n\t<meta name=\"twitter:data2\" content=\"2 dakika\" \/>\n<script type=\"application\/ld+json\" class=\"yoast-schema-graph\">{\"@context\":\"https:\\\/\\\/schema.org\",\"@graph\":[{\"@type\":\"Article\",\"@id\":\"https:\\\/\\\/kibrisdakik.com\\\/?p=11354#article\",\"isPartOf\":{\"@id\":\"https:\\\/\\\/kibrisdakik.com\\\/?p=11354\"},\"author\":{\"name\":\"admin\",\"@id\":\"https:\\\/\\\/kibrisdakik.com\\\/#\\\/schema\\\/person\\\/9cd9d437bbb44f72b73ba127e06d8e79\"},\"headline\":\"Ta\u00e7oy: Sosyal Sigortalar Dairesi bu ay kesinlikle herhangi bir bor\u00e7lanmaya gitmedi\",\"datePublished\":\"2023-07-30T18:06:06+00:00\",\"mainEntityOfPage\":{\"@id\":\"https:\\\/\\\/kibrisdakik.com\\\/?p=11354\"},\"wordCount\":505,\"commentCount\":0,\"image\":{\"@id\":\"https:\\\/\\\/kibrisdakik.com\\\/?p=11354#primaryimage\"},\"thumbnailUrl\":\"https:\\\/\\\/kibrisdakik.com\\\/wp-content\\\/uploads\\\/2023\\\/07\\\/tacoy2.jpeg\",\"articleSection\":[\"G\u00fcndem\"],\"inLanguage\":\"tr\",\"potentialAction\":[{\"@type\":\"CommentAction\",\"name\":\"Comment\",\"target\":[\"https:\\\/\\\/kibrisdakik.com\\\/?p=11354#respond\"]}]},{\"@type\":\"WebPage\",\"@id\":\"https:\\\/\\\/kibrisdakik.com\\\/?p=11354\",\"url\":\"https:\\\/\\\/kibrisdakik.com\\\/?p=11354\",\"name\":\"Ta\u00e7oy: Sosyal Sigortalar Dairesi bu ay kesinlikle herhangi bir bor\u00e7lanmaya gitmedi -\",\"isPartOf\":{\"@id\":\"https:\\\/\\\/kibrisdakik.com\\\/#website\"},\"primaryImageOfPage\":{\"@id\":\"https:\\\/\\\/kibrisdakik.com\\\/?p=11354#primaryimage\"},\"image\":{\"@id\":\"https:\\\/\\\/kibrisdakik.com\\\/?p=11354#primaryimage\"},\"thumbnailUrl\":\"https:\\\/\\\/kibrisdakik.com\\\/wp-content\\\/uploads\\\/2023\\\/07\\\/tacoy2.jpeg\",\"datePublished\":\"2023-07-30T18:06:06+00:00\",\"author\":{\"@id\":\"https:\\\/\\\/kibrisdakik.com\\\/#\\\/schema\\\/person\\\/9cd9d437bbb44f72b73ba127e06d8e79\"},\"breadcrumb\":{\"@id\":\"https:\\\/\\\/kibrisdakik.com\\\/?p=11354#breadcrumb\"},\"inLanguage\":\"tr\",\"potentialAction\":[{\"@type\":\"ReadAction\",\"target\":[\"https:\\\/\\\/kibrisdakik.com\\\/?p=11354\"]}]},{\"@type\":\"ImageObject\",\"inLanguage\":\"tr\",\"@id\":\"https:\\\/\\\/kibrisdakik.com\\\/?p=11354#primaryimage\",\"url\":\"https:\\\/\\\/kibrisdakik.com\\\/wp-content\\\/uploads\\\/2023\\\/07\\\/tacoy2.jpeg\",\"contentUrl\":\"https:\\\/\\\/kibrisdakik.com\\\/wp-content\\\/uploads\\\/2023\\\/07\\\/tacoy2.jpeg\",\"width\":720,\"height\":405},{\"@type\":\"BreadcrumbList\",\"@id\":\"https:\\\/\\\/kibrisdakik.com\\\/?p=11354#breadcrumb\",\"itemListElement\":[{\"@type\":\"ListItem\",\"position\":1,\"name\":\"Home\",\"item\":\"https:\\\/\\\/kibrisdakik.com\\\/\"},{\"@type\":\"ListItem\",\"position\":2,\"name\":\"Ta\u00e7oy: Sosyal Sigortalar Dairesi bu ay kesinlikle herhangi bir bor\u00e7lanmaya gitmedi\"}]},{\"@type\":\"WebSite\",\"@id\":\"https:\\\/\\\/kibrisdakik.com\\\/#website\",\"url\":\"https:\\\/\\\/kibrisdakik.com\\\/\",\"name\":\"\",\"description\":\"Tam vaktinde haber\",\"potentialAction\":[{\"@type\":\"SearchAction\",\"target\":{\"@type\":\"EntryPoint\",\"urlTemplate\":\"https:\\\/\\\/kibrisdakik.com\\\/?s={search_term_string}\"},\"query-input\":{\"@type\":\"PropertyValueSpecification\",\"valueRequired\":true,\"valueName\":\"search_term_string\"}}],\"inLanguage\":\"tr\"},{\"@type\":\"Person\",\"@id\":\"https:\\\/\\\/kibrisdakik.com\\\/#\\\/schema\\\/person\\\/9cd9d437bbb44f72b73ba127e06d8e79\",\"name\":\"admin\",\"image\":{\"@type\":\"ImageObject\",\"inLanguage\":\"tr\",\"@id\":\"https:\\\/\\\/secure.gravatar.com\\\/avatar\\\/ccc17943b9d660506c869530f897617f7cb1c21a4bf30023f252596d83e1f007?s=96&d=mm&r=g\",\"url\":\"https:\\\/\\\/secure.gravatar.com\\\/avatar\\\/ccc17943b9d660506c869530f897617f7cb1c21a4bf30023f252596d83e1f007?s=96&d=mm&r=g\",\"contentUrl\":\"https:\\\/\\\/secure.gravatar.com\\\/avatar\\\/ccc17943b9d660506c869530f897617f7cb1c21a4bf30023f252596d83e1f007?s=96&d=mm&r=g\",\"caption\":\"admin\"},\"sameAs\":[\"https:\\\/\\\/kibrisdakik.com\"],\"url\":\"https:\\\/\\\/kibrisdakik.com\\\/?author=1\"}]}<\/script>\n<!-- \/ Yoast SEO plugin. -->","yoast_head_json":{"title":"Ta\u00e7oy: Sosyal Sigortalar Dairesi bu ay kesinlikle herhangi bir bor\u00e7lanmaya gitmedi -","robots":{"index":"index","follow":"follow","max-snippet":"max-snippet:-1","max-image-preview":"max-image-preview:large","max-video-preview":"max-video-preview:-1"},"canonical":"https:\/\/kibrisdakik.com\/?p=11354","og_locale":"tr_TR","og_type":"article","og_title":"Ta\u00e7oy: Sosyal Sigortalar Dairesi bu ay kesinlikle herhangi bir bor\u00e7lanmaya gitmedi -","og_description":"\u00c7al\u0131\u015fma ve Sosyal G\u00fcvenlik Bakan\u0131 Hasan Ta\u00e7oy, Sosyal Sigortalar Dairesi\u2019nin zor durumda oldu\u011funa dair haberler hakk\u0131nda yaz\u0131l\u0131 a\u00e7\u0131klama yaparak \u201cSosyal Sigortalar Dairesi bu ay kesinlikle herhangi bir bor\u00e7lanmaya gitmemi\u015ftir\u201d dedi. Ta\u00e7oy, Sosyal Sigortalar Dairesi\u2019nin bu ay da t\u00fcm y\u00fck\u00fcml\u00fcl\u00fcklerini eksiksiz ve hatta art\u0131\u015fl\u0131 olarak yerine getirdi\u011fini ve bunu yaparken ekstra herhangi bir kayna\u011fa ya da","og_url":"https:\/\/kibrisdakik.com\/?p=11354","article_published_time":"2023-07-30T18:06:06+00:00","og_image":[{"width":720,"height":405,"url":"https:\/\/kibrisdakik.com\/wp-content\/uploads\/2023\/07\/tacoy2.jpeg","type":"image\/jpeg"}],"author":"admin","twitter_card":"summary_large_image","twitter_misc":{"Yazan:":"admin","Tahmini okuma s\u00fcresi":"2 dakika"},"schema":{"@context":"https:\/\/schema.org","@graph":[{"@type":"Article","@id":"https:\/\/kibrisdakik.com\/?p=11354#article","isPartOf":{"@id":"https:\/\/kibrisdakik.com\/?p=11354"},"author":{"name":"admin","@id":"https:\/\/kibrisdakik.com\/#\/schema\/person\/9cd9d437bbb44f72b73ba127e06d8e79"},"headline":"Ta\u00e7oy: Sosyal Sigortalar Dairesi bu ay kesinlikle herhangi bir bor\u00e7lanmaya gitmedi","datePublished":"2023-07-30T18:06:06+00:00","mainEntityOfPage":{"@id":"https:\/\/kibrisdakik.com\/?p=11354"},"wordCount":505,"commentCount":0,"image":{"@id":"https:\/\/kibrisdakik.com\/?p=11354#primaryimage"},"thumbnailUrl":"https:\/\/kibrisdakik.com\/wp-content\/uploads\/2023\/07\/tacoy2.jpeg","articleSection":["G\u00fcndem"],"inLanguage":"tr","potentialAction":[{"@type":"CommentAction","name":"Comment","target":["https:\/\/kibrisdakik.com\/?p=11354#respond"]}]},{"@type":"WebPage","@id":"https:\/\/kibrisdakik.com\/?p=11354","url":"https:\/\/kibrisdakik.com\/?p=11354","name":"Ta\u00e7oy: Sosyal Sigortalar Dairesi bu ay kesinlikle herhangi bir bor\u00e7lanmaya gitmedi -","isPartOf":{"@id":"https:\/\/kibrisdakik.com\/#website"},"primaryImageOfPage":{"@id":"https:\/\/kibrisdakik.com\/?p=11354#primaryimage"},"image":{"@id":"https:\/\/kibrisdakik.com\/?p=11354#primaryimage"},"thumbnailUrl":"https:\/\/kibrisdakik.com\/wp-content\/uploads\/2023\/07\/tacoy2.jpeg","datePublished":"2023-07-30T18:06:06+00:00","author":{"@id":"https:\/\/kibrisdakik.com\/#\/schema\/person\/9cd9d437bbb44f72b73ba127e06d8e79"},"breadcrumb":{"@id":"https:\/\/kibrisdakik.com\/?p=11354#breadcrumb"},"inLanguage":"tr","potentialAction":[{"@type":"ReadAction","target":["https:\/\/kibrisdakik.com\/?p=11354"]}]},{"@type":"ImageObject","inLanguage":"tr","@id":"https:\/\/kibrisdakik.com\/?p=11354#primaryimage","url":"https:\/\/kibrisdakik.com\/wp-content\/uploads\/2023\/07\/tacoy2.jpeg","contentUrl":"https:\/\/kibrisdakik.com\/wp-content\/uploads\/2023\/07\/tacoy2.jpeg","width":720,"height":405},{"@type":"BreadcrumbList","@id":"https:\/\/kibrisdakik.com\/?p=11354#breadcrumb","itemListElement":[{"@type":"ListItem","position":1,"name":"Home","item":"https:\/\/kibrisdakik.com\/"},{"@type":"ListItem","position":2,"name":"Ta\u00e7oy: Sosyal Sigortalar Dairesi bu ay kesinlikle herhangi bir bor\u00e7lanmaya gitmedi"}]},{"@type":"WebSite","@id":"https:\/\/kibrisdakik.com\/#website","url":"https:\/\/kibrisdakik.com\/","name":"","description":"Tam vaktinde haber","potentialAction":[{"@type":"SearchAction","target":{"@type":"EntryPoint","urlTemplate":"https:\/\/kibrisdakik.com\/?s={search_term_string}"},"query-input":{"@type":"PropertyValueSpecification","valueRequired":true,"valueName":"search_term_string"}}],"inLanguage":"tr"},{"@type":"Person","@id":"https:\/\/kibrisdakik.com\/#\/schema\/person\/9cd9d437bbb44f72b73ba127e06d8e79","name":"admin","image":{"@type":"ImageObject","inLanguage":"tr","@id":"https:\/\/secure.gravatar.com\/avatar\/ccc17943b9d660506c869530f897617f7cb1c21a4bf30023f252596d83e1f007?s=96&d=mm&r=g","url":"https:\/\/secure.gravatar.com\/avatar\/ccc17943b9d660506c869530f897617f7cb1c21a4bf30023f252596d83e1f007?s=96&d=mm&r=g","contentUrl":"https:\/\/secure.gravatar.com\/avatar\/ccc17943b9d660506c869530f897617f7cb1c21a4bf30023f252596d83e1f007?s=96&d=mm&r=g","caption":"admin"},"sameAs":["https:\/\/kibrisdakik.com"],"url":"https:\/\/kibrisdakik.com\/?author=1"}]}},"_links":{"self":[{"href":"https:\/\/kibrisdakik.com\/index.php?rest_route=\/wp\/v2\/posts\/11354","targetHints":{"allow":["GET"]}}],"collection":[{"href":"https:\/\/kibrisdakik.com\/index.php?rest_route=\/wp\/v2\/posts"}],"about":[{"href":"https:\/\/kibrisdakik.com\/index.php?rest_route=\/wp\/v2\/types\/post"}],"author":[{"embeddable":true,"href":"https:\/\/kibrisdakik.com\/index.php?rest_route=\/wp\/v2\/users\/1"}],"replies":[{"embeddable":true,"href":"https:\/\/kibrisdakik.com\/index.php?rest_route=%2Fwp%2Fv2%2Fcomments&post=11354"}],"version-history":[{"count":0,"href":"https:\/\/kibrisdakik.com\/index.php?rest_route=\/wp\/v2\/posts\/11354\/revisions"}],"wp:featuredmedia":[{"embeddable":true,"href":"https:\/\/kibrisdakik.com\/index.php?rest_route=\/wp\/v2\/media\/11355"}],"wp:attachment":[{"href":"https:\/\/kibrisdakik.com\/index.php?rest_route=%2Fwp%2Fv2%2Fmedia&parent=11354"}],"wp:term":[{"taxonomy":"category","embeddable":true,"href":"https:\/\/kibrisdakik.com\/index.php?rest_route=%2Fwp%2Fv2%2Fcategories&post=11354"},{"taxonomy":"post_tag","embeddable":true,"href":"https:\/\/kibrisdakik.com\/index.php?rest_route=%2Fwp%2Fv2%2Ftags&post=11354"}],"curies":[{"name":"wp","href":"https:\/\/api.w.org\/{rel}","templated":true}]}}