{"id":11400,"date":"2023-07-31T16:07:11","date_gmt":"2023-07-31T16:07:11","guid":{"rendered":"https:\/\/kibrisdakik.com\/index.php\/2023\/07\/31\/polis-bultenigazimagusada-sakin-ohiem-hayatini-kaybetti\/"},"modified":"2023-07-31T16:07:11","modified_gmt":"2023-07-31T16:07:11","slug":"polis-bultenigazimagusada-sakin-ohiem-hayatini-kaybetti","status":"publish","type":"post","link":"https:\/\/kibrisdakik.com\/?p=11400","title":{"rendered":"Polis b\u00fclteni:Gazima\u011fusa\u2019da sakin Ohiem hayat\u0131n\u0131 kaybetti"},"content":{"rendered":"<p><\/p>\n<div>\n<div class=\"mariselle-image-container none\">\n                <img width=\"886\" height=\"538\" class=\"lazy-image\" alt=\"\" decoding=\"async\" loading=\"lazy\" sizes=\"auto, (max-width: 886px) 100vw, 886px\" src=\"https:\/\/brtk.net\/wp-content\/uploads\/2023\/07\/19\/polis-958x53829-1.jpg?ver=78bcf48f4b41067ed5391f1872891180\" srcset=\"https:\/\/brtk.net\/wp-content\/uploads\/2023\/07\/19\/polis-958x53829-1.jpg?ver=78bcf48f4b41067ed5391f1872891180 886w, https:\/\/brtk.net\/wp-content\/uploads\/2023\/07\/19\/polis-958x53829-1-300x182.jpg?ver=78bcf48f4b41067ed5391f1872891180 300w, https:\/\/brtk.net\/wp-content\/uploads\/2023\/07\/19\/polis-958x53829-1-768x466.jpg?ver=78bcf48f4b41067ed5391f1872891180 768w\"\/>                            <\/div>\n<p>Gazima\u011fusa\u2019da sakin Uchenna Jonathan Ohiem (E-27), bug\u00fcn saat 11.00 s\u0131ralar\u0131nda kalmakta oldu\u011fu ikametgahta \u00f6l\u00fc olarak bulundu.<\/p>\n<p>Polis Bas\u0131n Subayl\u0131\u011f\u0131\u2019ndan yap\u0131lan a\u00e7\u0131klamaya g\u00f6re, doktor taraf\u0131ndan yap\u0131lan d\u0131\u015f muayenede darp ve cebir izine rastlanmad\u0131.<\/p>\n<p>\u00d6l\u00fcm sebebinin yap\u0131lacak otopsi sonras\u0131nda belli olaca\u011f\u0131, soru\u015fturman\u0131n devam etti\u011fi kaydedildi.<\/p>\n<p>\u2013 Elay Ar\u0131k Yusuf\u2019un \u00f6l\u00fcm sebebi tespiti i\u00e7in kan ve doku \u00f6rnekleri al\u0131nd\u0131<\/p>\n<p>Minarelik\u00f6y\u2019de kalmakta oldu\u011fu ikametgahta per\u015fembe g\u00fcn\u00fc aniden rahats\u0131zlanarak Lefko\u015fa Dr. Burhan Devlet Hastanesi\u2019ne kald\u0131r\u0131lan ancak hastanede yap\u0131lan t\u00fcm m\u00fcdahalelere ra\u011fmen hayat\u0131n\u0131 kaybeden 37 ya\u015f\u0131ndaki Elay Ar\u0131k Yusuf\u2019un otopsisinde, \u00f6l\u00fcm sebebi tespiti i\u00e7in kan ve doku \u00f6rnekleri al\u0131nd\u0131.<\/p>\n<p>Polis, soru\u015fturman\u0131n devam etti\u011fini bildirdi.<\/p>\n<p>\u2013 Baird\u2019in \u00f6l\u00fcm sebebi tespit edildi<\/p>\n<p>Tatl\u0131su\u2019da kalmakta oldu\u011fu ikametgahta \u00f6l\u00fc olarak bulunan 74 ya\u015f\u0131ndaki Stuart Baird\u2019e yap\u0131lan otopside, \u00f6l\u00fcm sebebi \u201caterosklerotik ve hipertrofik kalp hastal\u0131\u011f\u0131, kalp krizi, dola\u015f\u0131m ve solunum yetmezli\u011fi\u201d olarak belirlendi.<\/p>\n<p>Polis Bas\u0131n Subayl\u0131\u011f\u0131 taraf\u0131ndan yap\u0131lan a\u00e7\u0131klamada, soru\u015fturman\u0131n devam etti\u011fi kaydedildi.<\/p>\n<p>\u2013 Araba i\u00e7erisinden h\u0131rs\u0131zl\u0131k yapmaktan tutuklanan \u015fahs\u0131n benzer su\u00e7lar\u0131 da tespit edildi<\/p>\n<p>Girne\u2019de Ziya R\u0131zk\u0131 Caddesi \u00fczerindeki kald\u0131r\u0131mda park halinde bulunan ara\u00e7tan 500 ABD <a href=\"https:\/\/brtk.net\/\">dolar<\/a>\u0131 ile 90 TL nakit para, kimlik kart\u0131, s\u00fcr\u00fc\u015f ehliyeti ve kablosuz telefon kulakl\u0131\u011f\u0131 \u00e7al\u0131nmas\u0131 ile ilgili tutuklanan F.P.G.\u2019nin (E-37) 2 ayr\u0131 ara\u00e7tan da h\u0131rs\u0131zl\u0131k yapt\u0131\u011f\u0131 tespit edildi.<\/p>\n<p>Polis Bas\u0131n Subayl\u0131\u011f\u0131\u2019ndan verilen bilgiye g\u00f6re, \u015fahs\u0131n per\u015fembe ve cuma g\u00fcnleri Girne\u2019de park halinde bulunan 2 ara\u00e7 i\u00e7erisinden 2 adet cep telefonu, 650 ABD <a href=\"https:\/\/brtk.net\/\">dolar<\/a>\u0131 ve 1 adet diz\u00fcst\u00fc bilgisayar, bilgisayara ait fare, \u015farj aleti ve \u00e7antay\u0131 \u00e7ald\u0131\u011f\u0131 tespit edildi.<\/p>\n<p>Soru\u015fturma devam ediyor.<\/p>\n<p>\u2013 4 metre y\u00fckseklikten denize atlayan \u015fah\u0131s yaraland\u0131<\/p>\n<p>Girne\u2019de d\u00fcn saat 19.00 s\u0131ralar\u0131nda yakla\u015f\u0131k 4 metre y\u00fckseklikteki deniz kenar\u0131ndaki kayal\u0131klardan denize atlayan 45 ya\u015f\u0131ndaki Mustafa Ezenta\u015f, deniz i\u00e7erisinde bulunan kayal\u0131klara ba\u015f\u0131n\u0131 \u00e7arpmas\u0131 sonucu yaraland\u0131.<\/p>\n<p>Ezenta\u015f, kald\u0131r\u0131ld\u0131\u011f\u0131 Lefko\u015fa Dr. Burhan Nalbanto\u011flu Devlet Hastanesi\u2019nde yap\u0131lan tedavi ard\u0131ndan, y\u00fcz ve ba\u015fta k\u0131r\u0131k ve \u00e7atlak te\u015fhisi nedeniyle beyin cerrahi servisinde m\u00fc\u015fahede alt\u0131na alt\u0131nd\u0131.<\/p>\n<p>Polis, soru\u015fturman\u0131n devam etti\u011fini kaydetti.<\/p>\n<p>\u2013 D\u00fcn Lefke\u2019de ve Girne-De\u011firmenlik Yolu\u2019nda yang\u0131n meydana geldi<\/p>\n<p>D\u00fcn saat 13.30 s\u0131ralar\u0131nda Lefke\u2019de bir \u015fahsa ait bir bah\u00e7ede meydana gelen yang\u0131nda, 8 metrekare alanda bulunan 1 adet nar, 2 adet yenid\u00fcnya ve 1 adet zeytin a\u011fac\u0131 yand\u0131.<\/p>\n<p>Girne \u2013 De\u011firmenlik Da\u011fyolu \u00e7emberinin g\u00fcney k\u0131sm\u0131ndaki bir arazide saat 18.00 s\u0131ralar\u0131nda meydana gelen yang\u0131nda ise, 30 d\u00f6n\u00fcml\u00fck alan i\u00e7erisinde y\u0131\u011f\u0131n halde bulunan \u00e7\u00f6pler ve kam\u0131\u015fl\u0131klar ile 60 adet 6 metre uzunlu\u011fundaki plastik sulama borular\u0131 yand\u0131.<\/p>\n<p>Polis\u2019ten verilen bilgiye g\u00f6re, yang\u0131nlar s\u00f6nd\u00fcr\u00fcld\u00fc, soru\u015fturma devam ediyor.<\/p>\n<p>PGM\/<a href=\"https:\/\/brtk.net\/\">BRT<\/a><\/p>\n<\/p><\/div>\n<p><script async\n                    defer\n                    crossorigin=\"anonymous\"\n                    src=\"https:\/\/connect.facebook.net\/tr_TR\/sdk.js#xfbml=1&#038;version=v3.3\"\n            ><\/script><\/p>\n","protected":false},"excerpt":{"rendered":"<p>Gazima\u011fusa\u2019da sakin Uchenna Jonathan Ohiem (E-27), bug\u00fcn saat 11.00 s\u0131ralar\u0131nda kalmakta oldu\u011fu ikametgahta \u00f6l\u00fc olarak bulundu. Polis Bas\u0131n Subayl\u0131\u011f\u0131\u2019ndan yap\u0131lan a\u00e7\u0131klamaya g\u00f6re, doktor taraf\u0131ndan yap\u0131lan d\u0131\u015f muayenede darp ve cebir izine rastlanmad\u0131. \u00d6l\u00fcm sebebinin yap\u0131lacak otopsi sonras\u0131nda belli olaca\u011f\u0131, soru\u015fturman\u0131n devam etti\u011fi kaydedildi. \u2013 Elay Ar\u0131k Yusuf\u2019un \u00f6l\u00fcm sebebi tespiti i\u00e7in kan ve doku \u00f6rnekleri<\/p>\n","protected":false},"author":1,"featured_media":10900,"comment_status":"open","ping_status":"open","sticky":false,"template":"","format":"standard","meta":{"footnotes":""},"categories":[1],"tags":[],"class_list":["post-11400","post","type-post","status-publish","format-standard","has-post-thumbnail","hentry","category-gundem"],"yoast_head":"<!-- This site is optimized with the Yoast SEO plugin v27.5 - https:\/\/yoast.com\/product\/yoast-seo-wordpress\/ -->\n<title>Polis b\u00fclteni:Gazima\u011fusa\u2019da sakin Ohiem hayat\u0131n\u0131 kaybetti -<\/title>\n<meta name=\"robots\" content=\"index, follow, max-snippet:-1, max-image-preview:large, max-video-preview:-1\" \/>\n<link rel=\"canonical\" href=\"https:\/\/kibrisdakik.com\/?p=11400\" \/>\n<meta property=\"og:locale\" content=\"tr_TR\" \/>\n<meta property=\"og:type\" content=\"article\" \/>\n<meta property=\"og:title\" content=\"Polis b\u00fclteni:Gazima\u011fusa\u2019da sakin Ohiem hayat\u0131n\u0131 kaybetti -\" \/>\n<meta property=\"og:description\" content=\"Gazima\u011fusa\u2019da sakin Uchenna Jonathan Ohiem (E-27), bug\u00fcn saat 11.00 s\u0131ralar\u0131nda kalmakta oldu\u011fu ikametgahta \u00f6l\u00fc olarak bulundu. Polis Bas\u0131n Subayl\u0131\u011f\u0131\u2019ndan yap\u0131lan a\u00e7\u0131klamaya g\u00f6re, doktor taraf\u0131ndan yap\u0131lan d\u0131\u015f muayenede darp ve cebir izine rastlanmad\u0131. \u00d6l\u00fcm sebebinin yap\u0131lacak otopsi sonras\u0131nda belli olaca\u011f\u0131, soru\u015fturman\u0131n devam etti\u011fi kaydedildi. \u2013 Elay Ar\u0131k Yusuf\u2019un \u00f6l\u00fcm sebebi tespiti i\u00e7in kan ve doku \u00f6rnekleri\" \/>\n<meta property=\"og:url\" content=\"https:\/\/kibrisdakik.com\/?p=11400\" \/>\n<meta property=\"article:published_time\" content=\"2023-07-31T16:07:11+00:00\" \/>\n<meta property=\"og:image\" content=\"https:\/\/kibrisdakik.com\/wp-content\/uploads\/2023\/07\/polis-958x53829-1-740x420.jpg\" \/>\n\t<meta property=\"og:image:width\" content=\"886\" \/>\n\t<meta property=\"og:image:height\" content=\"538\" \/>\n\t<meta property=\"og:image:type\" content=\"image\/jpeg\" \/>\n<meta name=\"author\" content=\"admin\" \/>\n<meta name=\"twitter:card\" content=\"summary_large_image\" \/>\n<meta name=\"twitter:label1\" content=\"Yazan:\" \/>\n\t<meta name=\"twitter:data1\" content=\"admin\" \/>\n\t<meta name=\"twitter:label2\" content=\"Tahmini okuma s\u00fcresi\" \/>\n\t<meta name=\"twitter:data2\" content=\"3 dakika\" \/>\n<script type=\"application\/ld+json\" class=\"yoast-schema-graph\">{\"@context\":\"https:\\\/\\\/schema.org\",\"@graph\":[{\"@type\":\"Article\",\"@id\":\"https:\\\/\\\/kibrisdakik.com\\\/?p=11400#article\",\"isPartOf\":{\"@id\":\"https:\\\/\\\/kibrisdakik.com\\\/?p=11400\"},\"author\":{\"name\":\"admin\",\"@id\":\"https:\\\/\\\/kibrisdakik.com\\\/#\\\/schema\\\/person\\\/9cd9d437bbb44f72b73ba127e06d8e79\"},\"headline\":\"Polis b\u00fclteni:Gazima\u011fusa\u2019da sakin Ohiem hayat\u0131n\u0131 kaybetti\",\"datePublished\":\"2023-07-31T16:07:11+00:00\",\"mainEntityOfPage\":{\"@id\":\"https:\\\/\\\/kibrisdakik.com\\\/?p=11400\"},\"wordCount\":532,\"commentCount\":0,\"image\":{\"@id\":\"https:\\\/\\\/kibrisdakik.com\\\/?p=11400#primaryimage\"},\"thumbnailUrl\":\"https:\\\/\\\/kibrisdakik.com\\\/wp-content\\\/uploads\\\/2023\\\/07\\\/polis-958x53829-1-740x420.jpg\",\"articleSection\":[\"G\u00fcndem\"],\"inLanguage\":\"tr\",\"potentialAction\":[{\"@type\":\"CommentAction\",\"name\":\"Comment\",\"target\":[\"https:\\\/\\\/kibrisdakik.com\\\/?p=11400#respond\"]}]},{\"@type\":\"WebPage\",\"@id\":\"https:\\\/\\\/kibrisdakik.com\\\/?p=11400\",\"url\":\"https:\\\/\\\/kibrisdakik.com\\\/?p=11400\",\"name\":\"Polis b\u00fclteni:Gazima\u011fusa\u2019da sakin Ohiem hayat\u0131n\u0131 kaybetti -\",\"isPartOf\":{\"@id\":\"https:\\\/\\\/kibrisdakik.com\\\/#website\"},\"primaryImageOfPage\":{\"@id\":\"https:\\\/\\\/kibrisdakik.com\\\/?p=11400#primaryimage\"},\"image\":{\"@id\":\"https:\\\/\\\/kibrisdakik.com\\\/?p=11400#primaryimage\"},\"thumbnailUrl\":\"https:\\\/\\\/kibrisdakik.com\\\/wp-content\\\/uploads\\\/2023\\\/07\\\/polis-958x53829-1-740x420.jpg\",\"datePublished\":\"2023-07-31T16:07:11+00:00\",\"author\":{\"@id\":\"https:\\\/\\\/kibrisdakik.com\\\/#\\\/schema\\\/person\\\/9cd9d437bbb44f72b73ba127e06d8e79\"},\"breadcrumb\":{\"@id\":\"https:\\\/\\\/kibrisdakik.com\\\/?p=11400#breadcrumb\"},\"inLanguage\":\"tr\",\"potentialAction\":[{\"@type\":\"ReadAction\",\"target\":[\"https:\\\/\\\/kibrisdakik.com\\\/?p=11400\"]}]},{\"@type\":\"ImageObject\",\"inLanguage\":\"tr\",\"@id\":\"https:\\\/\\\/kibrisdakik.com\\\/?p=11400#primaryimage\",\"url\":\"https:\\\/\\\/kibrisdakik.com\\\/wp-content\\\/uploads\\\/2023\\\/07\\\/polis-958x53829-1-740x420.jpg\",\"contentUrl\":\"https:\\\/\\\/kibrisdakik.com\\\/wp-content\\\/uploads\\\/2023\\\/07\\\/polis-958x53829-1-740x420.jpg\",\"width\":886,\"height\":538},{\"@type\":\"BreadcrumbList\",\"@id\":\"https:\\\/\\\/kibrisdakik.com\\\/?p=11400#breadcrumb\",\"itemListElement\":[{\"@type\":\"ListItem\",\"position\":1,\"name\":\"Home\",\"item\":\"https:\\\/\\\/kibrisdakik.com\\\/\"},{\"@type\":\"ListItem\",\"position\":2,\"name\":\"Polis b\u00fclteni:Gazima\u011fusa\u2019da sakin Ohiem hayat\u0131n\u0131 kaybetti\"}]},{\"@type\":\"WebSite\",\"@id\":\"https:\\\/\\\/kibrisdakik.com\\\/#website\",\"url\":\"https:\\\/\\\/kibrisdakik.com\\\/\",\"name\":\"\",\"description\":\"Tam vaktinde haber\",\"potentialAction\":[{\"@type\":\"SearchAction\",\"target\":{\"@type\":\"EntryPoint\",\"urlTemplate\":\"https:\\\/\\\/kibrisdakik.com\\\/?s={search_term_string}\"},\"query-input\":{\"@type\":\"PropertyValueSpecification\",\"valueRequired\":true,\"valueName\":\"search_term_string\"}}],\"inLanguage\":\"tr\"},{\"@type\":\"Person\",\"@id\":\"https:\\\/\\\/kibrisdakik.com\\\/#\\\/schema\\\/person\\\/9cd9d437bbb44f72b73ba127e06d8e79\",\"name\":\"admin\",\"image\":{\"@type\":\"ImageObject\",\"inLanguage\":\"tr\",\"@id\":\"https:\\\/\\\/secure.gravatar.com\\\/avatar\\\/ccc17943b9d660506c869530f897617f7cb1c21a4bf30023f252596d83e1f007?s=96&d=mm&r=g\",\"url\":\"https:\\\/\\\/secure.gravatar.com\\\/avatar\\\/ccc17943b9d660506c869530f897617f7cb1c21a4bf30023f252596d83e1f007?s=96&d=mm&r=g\",\"contentUrl\":\"https:\\\/\\\/secure.gravatar.com\\\/avatar\\\/ccc17943b9d660506c869530f897617f7cb1c21a4bf30023f252596d83e1f007?s=96&d=mm&r=g\",\"caption\":\"admin\"},\"sameAs\":[\"https:\\\/\\\/kibrisdakik.com\"],\"url\":\"https:\\\/\\\/kibrisdakik.com\\\/?author=1\"}]}<\/script>\n<!-- \/ Yoast SEO plugin. -->","yoast_head_json":{"title":"Polis b\u00fclteni:Gazima\u011fusa\u2019da sakin Ohiem hayat\u0131n\u0131 kaybetti -","robots":{"index":"index","follow":"follow","max-snippet":"max-snippet:-1","max-image-preview":"max-image-preview:large","max-video-preview":"max-video-preview:-1"},"canonical":"https:\/\/kibrisdakik.com\/?p=11400","og_locale":"tr_TR","og_type":"article","og_title":"Polis b\u00fclteni:Gazima\u011fusa\u2019da sakin Ohiem hayat\u0131n\u0131 kaybetti -","og_description":"Gazima\u011fusa\u2019da sakin Uchenna Jonathan Ohiem (E-27), bug\u00fcn saat 11.00 s\u0131ralar\u0131nda kalmakta oldu\u011fu ikametgahta \u00f6l\u00fc olarak bulundu. Polis Bas\u0131n Subayl\u0131\u011f\u0131\u2019ndan yap\u0131lan a\u00e7\u0131klamaya g\u00f6re, doktor taraf\u0131ndan yap\u0131lan d\u0131\u015f muayenede darp ve cebir izine rastlanmad\u0131. \u00d6l\u00fcm sebebinin yap\u0131lacak otopsi sonras\u0131nda belli olaca\u011f\u0131, soru\u015fturman\u0131n devam etti\u011fi kaydedildi. \u2013 Elay Ar\u0131k Yusuf\u2019un \u00f6l\u00fcm sebebi tespiti i\u00e7in kan ve doku \u00f6rnekleri","og_url":"https:\/\/kibrisdakik.com\/?p=11400","article_published_time":"2023-07-31T16:07:11+00:00","og_image":[{"width":886,"height":538,"url":"https:\/\/kibrisdakik.com\/wp-content\/uploads\/2023\/07\/polis-958x53829-1-740x420.jpg","type":"image\/jpeg"}],"author":"admin","twitter_card":"summary_large_image","twitter_misc":{"Yazan:":"admin","Tahmini okuma s\u00fcresi":"3 dakika"},"schema":{"@context":"https:\/\/schema.org","@graph":[{"@type":"Article","@id":"https:\/\/kibrisdakik.com\/?p=11400#article","isPartOf":{"@id":"https:\/\/kibrisdakik.com\/?p=11400"},"author":{"name":"admin","@id":"https:\/\/kibrisdakik.com\/#\/schema\/person\/9cd9d437bbb44f72b73ba127e06d8e79"},"headline":"Polis b\u00fclteni:Gazima\u011fusa\u2019da sakin Ohiem hayat\u0131n\u0131 kaybetti","datePublished":"2023-07-31T16:07:11+00:00","mainEntityOfPage":{"@id":"https:\/\/kibrisdakik.com\/?p=11400"},"wordCount":532,"commentCount":0,"image":{"@id":"https:\/\/kibrisdakik.com\/?p=11400#primaryimage"},"thumbnailUrl":"https:\/\/kibrisdakik.com\/wp-content\/uploads\/2023\/07\/polis-958x53829-1-740x420.jpg","articleSection":["G\u00fcndem"],"inLanguage":"tr","potentialAction":[{"@type":"CommentAction","name":"Comment","target":["https:\/\/kibrisdakik.com\/?p=11400#respond"]}]},{"@type":"WebPage","@id":"https:\/\/kibrisdakik.com\/?p=11400","url":"https:\/\/kibrisdakik.com\/?p=11400","name":"Polis b\u00fclteni:Gazima\u011fusa\u2019da sakin Ohiem hayat\u0131n\u0131 kaybetti -","isPartOf":{"@id":"https:\/\/kibrisdakik.com\/#website"},"primaryImageOfPage":{"@id":"https:\/\/kibrisdakik.com\/?p=11400#primaryimage"},"image":{"@id":"https:\/\/kibrisdakik.com\/?p=11400#primaryimage"},"thumbnailUrl":"https:\/\/kibrisdakik.com\/wp-content\/uploads\/2023\/07\/polis-958x53829-1-740x420.jpg","datePublished":"2023-07-31T16:07:11+00:00","author":{"@id":"https:\/\/kibrisdakik.com\/#\/schema\/person\/9cd9d437bbb44f72b73ba127e06d8e79"},"breadcrumb":{"@id":"https:\/\/kibrisdakik.com\/?p=11400#breadcrumb"},"inLanguage":"tr","potentialAction":[{"@type":"ReadAction","target":["https:\/\/kibrisdakik.com\/?p=11400"]}]},{"@type":"ImageObject","inLanguage":"tr","@id":"https:\/\/kibrisdakik.com\/?p=11400#primaryimage","url":"https:\/\/kibrisdakik.com\/wp-content\/uploads\/2023\/07\/polis-958x53829-1-740x420.jpg","contentUrl":"https:\/\/kibrisdakik.com\/wp-content\/uploads\/2023\/07\/polis-958x53829-1-740x420.jpg","width":886,"height":538},{"@type":"BreadcrumbList","@id":"https:\/\/kibrisdakik.com\/?p=11400#breadcrumb","itemListElement":[{"@type":"ListItem","position":1,"name":"Home","item":"https:\/\/kibrisdakik.com\/"},{"@type":"ListItem","position":2,"name":"Polis b\u00fclteni:Gazima\u011fusa\u2019da sakin Ohiem hayat\u0131n\u0131 kaybetti"}]},{"@type":"WebSite","@id":"https:\/\/kibrisdakik.com\/#website","url":"https:\/\/kibrisdakik.com\/","name":"","description":"Tam vaktinde haber","potentialAction":[{"@type":"SearchAction","target":{"@type":"EntryPoint","urlTemplate":"https:\/\/kibrisdakik.com\/?s={search_term_string}"},"query-input":{"@type":"PropertyValueSpecification","valueRequired":true,"valueName":"search_term_string"}}],"inLanguage":"tr"},{"@type":"Person","@id":"https:\/\/kibrisdakik.com\/#\/schema\/person\/9cd9d437bbb44f72b73ba127e06d8e79","name":"admin","image":{"@type":"ImageObject","inLanguage":"tr","@id":"https:\/\/secure.gravatar.com\/avatar\/ccc17943b9d660506c869530f897617f7cb1c21a4bf30023f252596d83e1f007?s=96&d=mm&r=g","url":"https:\/\/secure.gravatar.com\/avatar\/ccc17943b9d660506c869530f897617f7cb1c21a4bf30023f252596d83e1f007?s=96&d=mm&r=g","contentUrl":"https:\/\/secure.gravatar.com\/avatar\/ccc17943b9d660506c869530f897617f7cb1c21a4bf30023f252596d83e1f007?s=96&d=mm&r=g","caption":"admin"},"sameAs":["https:\/\/kibrisdakik.com"],"url":"https:\/\/kibrisdakik.com\/?author=1"}]}},"_links":{"self":[{"href":"https:\/\/kibrisdakik.com\/index.php?rest_route=\/wp\/v2\/posts\/11400","targetHints":{"allow":["GET"]}}],"collection":[{"href":"https:\/\/kibrisdakik.com\/index.php?rest_route=\/wp\/v2\/posts"}],"about":[{"href":"https:\/\/kibrisdakik.com\/index.php?rest_route=\/wp\/v2\/types\/post"}],"author":[{"embeddable":true,"href":"https:\/\/kibrisdakik.com\/index.php?rest_route=\/wp\/v2\/users\/1"}],"replies":[{"embeddable":true,"href":"https:\/\/kibrisdakik.com\/index.php?rest_route=%2Fwp%2Fv2%2Fcomments&post=11400"}],"version-history":[{"count":0,"href":"https:\/\/kibrisdakik.com\/index.php?rest_route=\/wp\/v2\/posts\/11400\/revisions"}],"wp:featuredmedia":[{"embeddable":true,"href":"https:\/\/kibrisdakik.com\/index.php?rest_route=\/wp\/v2\/media\/10900"}],"wp:attachment":[{"href":"https:\/\/kibrisdakik.com\/index.php?rest_route=%2Fwp%2Fv2%2Fmedia&parent=11400"}],"wp:term":[{"taxonomy":"category","embeddable":true,"href":"https:\/\/kibrisdakik.com\/index.php?rest_route=%2Fwp%2Fv2%2Fcategories&post=11400"},{"taxonomy":"post_tag","embeddable":true,"href":"https:\/\/kibrisdakik.com\/index.php?rest_route=%2Fwp%2Fv2%2Ftags&post=11400"}],"curies":[{"name":"wp","href":"https:\/\/api.w.org\/{rel}","templated":true}]}}