{"id":11441,"date":"2023-08-01T12:33:46","date_gmt":"2023-08-01T12:33:46","guid":{"rendered":"https:\/\/kibrisdakik.com\/index.php\/2023\/08\/01\/eli-havuzun-tahliye-borusuna-sikisan-cocuk-itfaiye-tarafindan-kurtarildi\/"},"modified":"2023-08-01T12:33:46","modified_gmt":"2023-08-01T12:33:46","slug":"eli-havuzun-tahliye-borusuna-sikisan-cocuk-itfaiye-tarafindan-kurtarildi","status":"publish","type":"post","link":"https:\/\/kibrisdakik.com\/?p=11441","title":{"rendered":"Eli havuzun tahliye borusuna s\u0131k\u0131\u015fan \u00e7ocuk itfaiye taraf\u0131ndan kurtar\u0131ld\u0131"},"content":{"rendered":"<p><\/p>\n<div>\n<div class=\"mariselle-image-container center\">\n                <img width=\"389\" height=\"341\" class=\"lazy-image\" alt=\"\" decoding=\"async\" loading=\"lazy\" sizes=\"auto, (max-width: 389px) 100vw, 389px\" src=\"https:\/\/brtk.net\/wp-content\/uploads\/2023\/08\/01\/polis-havuzda-eli-sikisan-cocuk-2-.jpg?ver=3648f8ab06ef4c64f1e0f710c07cf138\" srcset=\"https:\/\/brtk.net\/wp-content\/uploads\/2023\/08\/01\/polis-havuzda-eli-sikisan-cocuk-2-.jpg?ver=3648f8ab06ef4c64f1e0f710c07cf138 389w, https:\/\/brtk.net\/wp-content\/uploads\/2023\/08\/01\/polis-havuzda-eli-sikisan-cocuk-2--300x263.jpg?ver=74e4bf1ffc271dac282be97f4ae3bd35 300w\"\/>                            <\/div>\n<p>Zeytinlikte, 4 ya\u015f\u0131ndaki bir \u00e7ocu\u011fun eli y\u00fczme havuzunun tahliye borusuna s\u0131k\u0131\u015ft\u0131. \u00c7ocuk polis ve itfaiyenin m\u00fcdahalesi ile kurtar\u0131ld\u0131.<\/p>\n<p>Polisten verilen bilgiye g\u00f6re, Zeytinlik\u2019te 4 ya\u015f\u0131ndaki bir \u00e7ocu\u011fun eli, y\u00fczme havuzunun a\u00e7\u0131k konumda bulunan tahliye borusuna s\u0131k\u0131\u015ft\u0131. Tahliye borusu polis ve itfaiye ekipleri taraf\u0131ndan k\u0131r\u0131l\u0131p \u00e7ocuk kurtar\u0131ld\u0131. \u00c7ocuk, bile\u011findeki s\u0131k\u0131\u015f\u0131p kalan boru par\u00e7as\u0131n\u0131n \u00e7\u0131kar\u0131lmas\u0131 ve sa\u011fl\u0131k kontrol\u00fcnden ge\u00e7irilmesi i\u00e7in Girne Dr. Ak\u00e7i\u00e7ek Hastanesine sevk edildi.<\/p>\n<p>PGM\/<a href=\"https:\/\/brtk.net\/\">BRT<\/a><\/p>\n<\/p><\/div>\n<p><script async\n                    defer\n                    crossorigin=\"anonymous\"\n                    src=\"https:\/\/connect.facebook.net\/tr_TR\/sdk.js#xfbml=1&#038;version=v3.3\"\n            ><\/script><\/p>\n","protected":false},"excerpt":{"rendered":"<p>Zeytinlikte, 4 ya\u015f\u0131ndaki bir \u00e7ocu\u011fun eli y\u00fczme havuzunun tahliye borusuna s\u0131k\u0131\u015ft\u0131. \u00c7ocuk polis ve itfaiyenin m\u00fcdahalesi ile kurtar\u0131ld\u0131. Polisten verilen bilgiye g\u00f6re, Zeytinlik\u2019te 4 ya\u015f\u0131ndaki bir \u00e7ocu\u011fun eli, y\u00fczme havuzunun a\u00e7\u0131k konumda bulunan tahliye borusuna s\u0131k\u0131\u015ft\u0131. Tahliye borusu polis ve itfaiye ekipleri taraf\u0131ndan k\u0131r\u0131l\u0131p \u00e7ocuk kurtar\u0131ld\u0131. \u00c7ocuk, bile\u011findeki s\u0131k\u0131\u015f\u0131p kalan boru par\u00e7as\u0131n\u0131n \u00e7\u0131kar\u0131lmas\u0131 ve sa\u011fl\u0131k<\/p>\n","protected":false},"author":1,"featured_media":11442,"comment_status":"open","ping_status":"open","sticky":false,"template":"","format":"standard","meta":{"footnotes":""},"categories":[1],"tags":[],"class_list":["post-11441","post","type-post","status-publish","format-standard","has-post-thumbnail","hentry","category-gundem"],"yoast_head":"<!-- This site is optimized with the Yoast SEO plugin v27.5 - https:\/\/yoast.com\/product\/yoast-seo-wordpress\/ -->\n<title>Eli havuzun tahliye borusuna s\u0131k\u0131\u015fan \u00e7ocuk itfaiye taraf\u0131ndan kurtar\u0131ld\u0131 -<\/title>\n<meta name=\"robots\" content=\"index, follow, max-snippet:-1, max-image-preview:large, max-video-preview:-1\" \/>\n<link rel=\"canonical\" href=\"https:\/\/kibrisdakik.com\/?p=11441\" \/>\n<meta property=\"og:locale\" content=\"tr_TR\" \/>\n<meta property=\"og:type\" content=\"article\" \/>\n<meta property=\"og:title\" content=\"Eli havuzun tahliye borusuna s\u0131k\u0131\u015fan \u00e7ocuk itfaiye taraf\u0131ndan kurtar\u0131ld\u0131 -\" \/>\n<meta property=\"og:description\" content=\"Zeytinlikte, 4 ya\u015f\u0131ndaki bir \u00e7ocu\u011fun eli y\u00fczme havuzunun tahliye borusuna s\u0131k\u0131\u015ft\u0131. \u00c7ocuk polis ve itfaiyenin m\u00fcdahalesi ile kurtar\u0131ld\u0131. Polisten verilen bilgiye g\u00f6re, Zeytinlik\u2019te 4 ya\u015f\u0131ndaki bir \u00e7ocu\u011fun eli, y\u00fczme havuzunun a\u00e7\u0131k konumda bulunan tahliye borusuna s\u0131k\u0131\u015ft\u0131. Tahliye borusu polis ve itfaiye ekipleri taraf\u0131ndan k\u0131r\u0131l\u0131p \u00e7ocuk kurtar\u0131ld\u0131. \u00c7ocuk, bile\u011findeki s\u0131k\u0131\u015f\u0131p kalan boru par\u00e7as\u0131n\u0131n \u00e7\u0131kar\u0131lmas\u0131 ve sa\u011fl\u0131k\" \/>\n<meta property=\"og:url\" content=\"https:\/\/kibrisdakik.com\/?p=11441\" \/>\n<meta property=\"article:published_time\" content=\"2023-08-01T12:33:46+00:00\" \/>\n<meta property=\"og:image\" content=\"https:\/\/kibrisdakik.com\/wp-content\/uploads\/2023\/08\/polis-havuzda-eli-sikisan-cocuk-2-.jpg\" \/>\n\t<meta property=\"og:image:width\" content=\"389\" \/>\n\t<meta property=\"og:image:height\" content=\"341\" \/>\n\t<meta property=\"og:image:type\" content=\"image\/jpeg\" \/>\n<meta name=\"author\" content=\"admin\" \/>\n<meta name=\"twitter:card\" content=\"summary_large_image\" \/>\n<meta name=\"twitter:label1\" content=\"Yazan:\" \/>\n\t<meta name=\"twitter:data1\" content=\"admin\" \/>\n<script type=\"application\/ld+json\" class=\"yoast-schema-graph\">{\"@context\":\"https:\\\/\\\/schema.org\",\"@graph\":[{\"@type\":\"Article\",\"@id\":\"https:\\\/\\\/kibrisdakik.com\\\/?p=11441#article\",\"isPartOf\":{\"@id\":\"https:\\\/\\\/kibrisdakik.com\\\/?p=11441\"},\"author\":{\"name\":\"admin\",\"@id\":\"https:\\\/\\\/kibrisdakik.com\\\/#\\\/schema\\\/person\\\/9cd9d437bbb44f72b73ba127e06d8e79\"},\"headline\":\"Eli havuzun tahliye borusuna s\u0131k\u0131\u015fan \u00e7ocuk itfaiye taraf\u0131ndan kurtar\u0131ld\u0131\",\"datePublished\":\"2023-08-01T12:33:46+00:00\",\"mainEntityOfPage\":{\"@id\":\"https:\\\/\\\/kibrisdakik.com\\\/?p=11441\"},\"wordCount\":111,\"commentCount\":0,\"image\":{\"@id\":\"https:\\\/\\\/kibrisdakik.com\\\/?p=11441#primaryimage\"},\"thumbnailUrl\":\"https:\\\/\\\/kibrisdakik.com\\\/wp-content\\\/uploads\\\/2023\\\/08\\\/polis-havuzda-eli-sikisan-cocuk-2-.jpg\",\"articleSection\":[\"G\u00fcndem\"],\"inLanguage\":\"tr\",\"potentialAction\":[{\"@type\":\"CommentAction\",\"name\":\"Comment\",\"target\":[\"https:\\\/\\\/kibrisdakik.com\\\/?p=11441#respond\"]}]},{\"@type\":\"WebPage\",\"@id\":\"https:\\\/\\\/kibrisdakik.com\\\/?p=11441\",\"url\":\"https:\\\/\\\/kibrisdakik.com\\\/?p=11441\",\"name\":\"Eli havuzun tahliye borusuna s\u0131k\u0131\u015fan \u00e7ocuk itfaiye taraf\u0131ndan kurtar\u0131ld\u0131 -\",\"isPartOf\":{\"@id\":\"https:\\\/\\\/kibrisdakik.com\\\/#website\"},\"primaryImageOfPage\":{\"@id\":\"https:\\\/\\\/kibrisdakik.com\\\/?p=11441#primaryimage\"},\"image\":{\"@id\":\"https:\\\/\\\/kibrisdakik.com\\\/?p=11441#primaryimage\"},\"thumbnailUrl\":\"https:\\\/\\\/kibrisdakik.com\\\/wp-content\\\/uploads\\\/2023\\\/08\\\/polis-havuzda-eli-sikisan-cocuk-2-.jpg\",\"datePublished\":\"2023-08-01T12:33:46+00:00\",\"author\":{\"@id\":\"https:\\\/\\\/kibrisdakik.com\\\/#\\\/schema\\\/person\\\/9cd9d437bbb44f72b73ba127e06d8e79\"},\"breadcrumb\":{\"@id\":\"https:\\\/\\\/kibrisdakik.com\\\/?p=11441#breadcrumb\"},\"inLanguage\":\"tr\",\"potentialAction\":[{\"@type\":\"ReadAction\",\"target\":[\"https:\\\/\\\/kibrisdakik.com\\\/?p=11441\"]}]},{\"@type\":\"ImageObject\",\"inLanguage\":\"tr\",\"@id\":\"https:\\\/\\\/kibrisdakik.com\\\/?p=11441#primaryimage\",\"url\":\"https:\\\/\\\/kibrisdakik.com\\\/wp-content\\\/uploads\\\/2023\\\/08\\\/polis-havuzda-eli-sikisan-cocuk-2-.jpg\",\"contentUrl\":\"https:\\\/\\\/kibrisdakik.com\\\/wp-content\\\/uploads\\\/2023\\\/08\\\/polis-havuzda-eli-sikisan-cocuk-2-.jpg\",\"width\":389,\"height\":341},{\"@type\":\"BreadcrumbList\",\"@id\":\"https:\\\/\\\/kibrisdakik.com\\\/?p=11441#breadcrumb\",\"itemListElement\":[{\"@type\":\"ListItem\",\"position\":1,\"name\":\"Home\",\"item\":\"https:\\\/\\\/kibrisdakik.com\\\/\"},{\"@type\":\"ListItem\",\"position\":2,\"name\":\"Eli havuzun tahliye borusuna s\u0131k\u0131\u015fan \u00e7ocuk itfaiye taraf\u0131ndan kurtar\u0131ld\u0131\"}]},{\"@type\":\"WebSite\",\"@id\":\"https:\\\/\\\/kibrisdakik.com\\\/#website\",\"url\":\"https:\\\/\\\/kibrisdakik.com\\\/\",\"name\":\"\",\"description\":\"Tam vaktinde haber\",\"potentialAction\":[{\"@type\":\"SearchAction\",\"target\":{\"@type\":\"EntryPoint\",\"urlTemplate\":\"https:\\\/\\\/kibrisdakik.com\\\/?s={search_term_string}\"},\"query-input\":{\"@type\":\"PropertyValueSpecification\",\"valueRequired\":true,\"valueName\":\"search_term_string\"}}],\"inLanguage\":\"tr\"},{\"@type\":\"Person\",\"@id\":\"https:\\\/\\\/kibrisdakik.com\\\/#\\\/schema\\\/person\\\/9cd9d437bbb44f72b73ba127e06d8e79\",\"name\":\"admin\",\"image\":{\"@type\":\"ImageObject\",\"inLanguage\":\"tr\",\"@id\":\"https:\\\/\\\/secure.gravatar.com\\\/avatar\\\/ccc17943b9d660506c869530f897617f7cb1c21a4bf30023f252596d83e1f007?s=96&d=mm&r=g\",\"url\":\"https:\\\/\\\/secure.gravatar.com\\\/avatar\\\/ccc17943b9d660506c869530f897617f7cb1c21a4bf30023f252596d83e1f007?s=96&d=mm&r=g\",\"contentUrl\":\"https:\\\/\\\/secure.gravatar.com\\\/avatar\\\/ccc17943b9d660506c869530f897617f7cb1c21a4bf30023f252596d83e1f007?s=96&d=mm&r=g\",\"caption\":\"admin\"},\"sameAs\":[\"https:\\\/\\\/kibrisdakik.com\"],\"url\":\"https:\\\/\\\/kibrisdakik.com\\\/?author=1\"}]}<\/script>\n<!-- \/ Yoast SEO plugin. -->","yoast_head_json":{"title":"Eli havuzun tahliye borusuna s\u0131k\u0131\u015fan \u00e7ocuk itfaiye taraf\u0131ndan kurtar\u0131ld\u0131 -","robots":{"index":"index","follow":"follow","max-snippet":"max-snippet:-1","max-image-preview":"max-image-preview:large","max-video-preview":"max-video-preview:-1"},"canonical":"https:\/\/kibrisdakik.com\/?p=11441","og_locale":"tr_TR","og_type":"article","og_title":"Eli havuzun tahliye borusuna s\u0131k\u0131\u015fan \u00e7ocuk itfaiye taraf\u0131ndan kurtar\u0131ld\u0131 -","og_description":"Zeytinlikte, 4 ya\u015f\u0131ndaki bir \u00e7ocu\u011fun eli y\u00fczme havuzunun tahliye borusuna s\u0131k\u0131\u015ft\u0131. \u00c7ocuk polis ve itfaiyenin m\u00fcdahalesi ile kurtar\u0131ld\u0131. Polisten verilen bilgiye g\u00f6re, Zeytinlik\u2019te 4 ya\u015f\u0131ndaki bir \u00e7ocu\u011fun eli, y\u00fczme havuzunun a\u00e7\u0131k konumda bulunan tahliye borusuna s\u0131k\u0131\u015ft\u0131. Tahliye borusu polis ve itfaiye ekipleri taraf\u0131ndan k\u0131r\u0131l\u0131p \u00e7ocuk kurtar\u0131ld\u0131. \u00c7ocuk, bile\u011findeki s\u0131k\u0131\u015f\u0131p kalan boru par\u00e7as\u0131n\u0131n \u00e7\u0131kar\u0131lmas\u0131 ve sa\u011fl\u0131k","og_url":"https:\/\/kibrisdakik.com\/?p=11441","article_published_time":"2023-08-01T12:33:46+00:00","og_image":[{"width":389,"height":341,"url":"https:\/\/kibrisdakik.com\/wp-content\/uploads\/2023\/08\/polis-havuzda-eli-sikisan-cocuk-2-.jpg","type":"image\/jpeg"}],"author":"admin","twitter_card":"summary_large_image","twitter_misc":{"Yazan:":"admin"},"schema":{"@context":"https:\/\/schema.org","@graph":[{"@type":"Article","@id":"https:\/\/kibrisdakik.com\/?p=11441#article","isPartOf":{"@id":"https:\/\/kibrisdakik.com\/?p=11441"},"author":{"name":"admin","@id":"https:\/\/kibrisdakik.com\/#\/schema\/person\/9cd9d437bbb44f72b73ba127e06d8e79"},"headline":"Eli havuzun tahliye borusuna s\u0131k\u0131\u015fan \u00e7ocuk itfaiye taraf\u0131ndan kurtar\u0131ld\u0131","datePublished":"2023-08-01T12:33:46+00:00","mainEntityOfPage":{"@id":"https:\/\/kibrisdakik.com\/?p=11441"},"wordCount":111,"commentCount":0,"image":{"@id":"https:\/\/kibrisdakik.com\/?p=11441#primaryimage"},"thumbnailUrl":"https:\/\/kibrisdakik.com\/wp-content\/uploads\/2023\/08\/polis-havuzda-eli-sikisan-cocuk-2-.jpg","articleSection":["G\u00fcndem"],"inLanguage":"tr","potentialAction":[{"@type":"CommentAction","name":"Comment","target":["https:\/\/kibrisdakik.com\/?p=11441#respond"]}]},{"@type":"WebPage","@id":"https:\/\/kibrisdakik.com\/?p=11441","url":"https:\/\/kibrisdakik.com\/?p=11441","name":"Eli havuzun tahliye borusuna s\u0131k\u0131\u015fan \u00e7ocuk itfaiye taraf\u0131ndan kurtar\u0131ld\u0131 -","isPartOf":{"@id":"https:\/\/kibrisdakik.com\/#website"},"primaryImageOfPage":{"@id":"https:\/\/kibrisdakik.com\/?p=11441#primaryimage"},"image":{"@id":"https:\/\/kibrisdakik.com\/?p=11441#primaryimage"},"thumbnailUrl":"https:\/\/kibrisdakik.com\/wp-content\/uploads\/2023\/08\/polis-havuzda-eli-sikisan-cocuk-2-.jpg","datePublished":"2023-08-01T12:33:46+00:00","author":{"@id":"https:\/\/kibrisdakik.com\/#\/schema\/person\/9cd9d437bbb44f72b73ba127e06d8e79"},"breadcrumb":{"@id":"https:\/\/kibrisdakik.com\/?p=11441#breadcrumb"},"inLanguage":"tr","potentialAction":[{"@type":"ReadAction","target":["https:\/\/kibrisdakik.com\/?p=11441"]}]},{"@type":"ImageObject","inLanguage":"tr","@id":"https:\/\/kibrisdakik.com\/?p=11441#primaryimage","url":"https:\/\/kibrisdakik.com\/wp-content\/uploads\/2023\/08\/polis-havuzda-eli-sikisan-cocuk-2-.jpg","contentUrl":"https:\/\/kibrisdakik.com\/wp-content\/uploads\/2023\/08\/polis-havuzda-eli-sikisan-cocuk-2-.jpg","width":389,"height":341},{"@type":"BreadcrumbList","@id":"https:\/\/kibrisdakik.com\/?p=11441#breadcrumb","itemListElement":[{"@type":"ListItem","position":1,"name":"Home","item":"https:\/\/kibrisdakik.com\/"},{"@type":"ListItem","position":2,"name":"Eli havuzun tahliye borusuna s\u0131k\u0131\u015fan \u00e7ocuk itfaiye taraf\u0131ndan kurtar\u0131ld\u0131"}]},{"@type":"WebSite","@id":"https:\/\/kibrisdakik.com\/#website","url":"https:\/\/kibrisdakik.com\/","name":"","description":"Tam vaktinde haber","potentialAction":[{"@type":"SearchAction","target":{"@type":"EntryPoint","urlTemplate":"https:\/\/kibrisdakik.com\/?s={search_term_string}"},"query-input":{"@type":"PropertyValueSpecification","valueRequired":true,"valueName":"search_term_string"}}],"inLanguage":"tr"},{"@type":"Person","@id":"https:\/\/kibrisdakik.com\/#\/schema\/person\/9cd9d437bbb44f72b73ba127e06d8e79","name":"admin","image":{"@type":"ImageObject","inLanguage":"tr","@id":"https:\/\/secure.gravatar.com\/avatar\/ccc17943b9d660506c869530f897617f7cb1c21a4bf30023f252596d83e1f007?s=96&d=mm&r=g","url":"https:\/\/secure.gravatar.com\/avatar\/ccc17943b9d660506c869530f897617f7cb1c21a4bf30023f252596d83e1f007?s=96&d=mm&r=g","contentUrl":"https:\/\/secure.gravatar.com\/avatar\/ccc17943b9d660506c869530f897617f7cb1c21a4bf30023f252596d83e1f007?s=96&d=mm&r=g","caption":"admin"},"sameAs":["https:\/\/kibrisdakik.com"],"url":"https:\/\/kibrisdakik.com\/?author=1"}]}},"_links":{"self":[{"href":"https:\/\/kibrisdakik.com\/index.php?rest_route=\/wp\/v2\/posts\/11441","targetHints":{"allow":["GET"]}}],"collection":[{"href":"https:\/\/kibrisdakik.com\/index.php?rest_route=\/wp\/v2\/posts"}],"about":[{"href":"https:\/\/kibrisdakik.com\/index.php?rest_route=\/wp\/v2\/types\/post"}],"author":[{"embeddable":true,"href":"https:\/\/kibrisdakik.com\/index.php?rest_route=\/wp\/v2\/users\/1"}],"replies":[{"embeddable":true,"href":"https:\/\/kibrisdakik.com\/index.php?rest_route=%2Fwp%2Fv2%2Fcomments&post=11441"}],"version-history":[{"count":0,"href":"https:\/\/kibrisdakik.com\/index.php?rest_route=\/wp\/v2\/posts\/11441\/revisions"}],"wp:featuredmedia":[{"embeddable":true,"href":"https:\/\/kibrisdakik.com\/index.php?rest_route=\/wp\/v2\/media\/11442"}],"wp:attachment":[{"href":"https:\/\/kibrisdakik.com\/index.php?rest_route=%2Fwp%2Fv2%2Fmedia&parent=11441"}],"wp:term":[{"taxonomy":"category","embeddable":true,"href":"https:\/\/kibrisdakik.com\/index.php?rest_route=%2Fwp%2Fv2%2Fcategories&post=11441"},{"taxonomy":"post_tag","embeddable":true,"href":"https:\/\/kibrisdakik.com\/index.php?rest_route=%2Fwp%2Fv2%2Ftags&post=11441"}],"curies":[{"name":"wp","href":"https:\/\/api.w.org\/{rel}","templated":true}]}}