{"id":11489,"date":"2023-08-02T09:31:22","date_gmt":"2023-08-02T09:31:22","guid":{"rendered":"https:\/\/kibrisdakik.com\/index.php\/2023\/08\/02\/12-uluslararasi-karikatur-yarismasi-sonuclandi\/"},"modified":"2023-08-02T09:31:22","modified_gmt":"2023-08-02T09:31:22","slug":"12-uluslararasi-karikatur-yarismasi-sonuclandi","status":"publish","type":"post","link":"https:\/\/kibrisdakik.com\/?p=11489","title":{"rendered":"12. Uluslararas\u0131 Karikat\u00fcr Yar\u0131\u015fmas\u0131 Sonu\u00e7land\u0131"},"content":{"rendered":"<p><\/p>\n<div>\n<div class=\"mariselle-image-container center\">\n                <img width=\"1142\" height=\"751\" class=\"lazy-image\" alt=\"\" decoding=\"async\" loading=\"lazy\" sizes=\"auto, (max-width: 1142px) 100vw, 1142px\" src=\"https:\/\/brtk.net\/wp-content\/uploads\/2023\/08\/02\/JKLJ.jpg?ver=600b7565bdd8b502e378cabc1e18055f\" srcset=\"https:\/\/brtk.net\/wp-content\/uploads\/2023\/08\/02\/JKLJ.jpg?ver=600b7565bdd8b502e378cabc1e18055f 1142w, https:\/\/brtk.net\/wp-content\/uploads\/2023\/08\/02\/JKLJ-300x197.jpg?ver=600b7565bdd8b502e378cabc1e18055f 300w, https:\/\/brtk.net\/wp-content\/uploads\/2023\/08\/02\/JKLJ-1024x673.jpg?ver=600b7565bdd8b502e378cabc1e18055f 1024w, https:\/\/brtk.net\/wp-content\/uploads\/2023\/08\/02\/JKLJ-768x505.jpg?ver=600b7565bdd8b502e378cabc1e18055f 768w\"\/>                            <\/div>\n<p>Girne Belediyesi ile K\u0131br\u0131s T\u00fcrk Karikat\u00fcrc\u00fcler Derne\u011fi taraf\u0131ndan 22. Uluslararas\u0131 Zeytin Festivali 2023 \u2013 Uluslararas\u0131 Zeytin Mizah \u015eenli\u011fi kapsam\u0131nda geleneksel olarak d\u00fczenlenen 12. Uluslararas\u0131 Karikat\u00fcr Yar\u0131\u015fmas\u0131\u2019n\u0131n sonu\u00e7lar\u0131 belli oldu.<\/p>\n<p>Girne Belediyesi\u2019nden yap\u0131lan yaz\u0131l\u0131 a\u00e7\u0131klamaya g\u00f6re, 39 \u00fclkeden 134 karikat\u00fcrc\u00fcn\u00fcn 380 eser ile kat\u0131ld\u0131\u011f\u0131, 12. Uluslararas\u0131 Karikat\u00fcr Yar\u0131\u015fmas\u0131\u2019na g\u00f6nderilen eserler, Girne Belediye Ba\u015fkan\u0131 Murat \u015eenkul\u2019un Onursal Ba\u015fkanl\u0131\u011f\u0131\u2019nda, Valery Alexandrov (Bulgaristan), M. Serhan Gazio\u011flu (K\u0131br\u0131s), Elahe Khoraman (\u0130ran), G\u00fclfidan \u00d6zdilek (T\u00fcrkiye), Musa Kayra (K\u0131br\u0131s), Semra Bayhanl\u0131 (K\u0131br\u0131s), H\u00fcseyin \u00c7akmak\u2019tan (K\u0131br\u0131s) olu\u015fan Uluslararas\u0131 Se\u00e7ici Kurul \u00dcyeleri taraf\u0131ndan, 7- 9 Temmuz tarihleri aras\u0131nda, Girne\u2019deki Pa\u015fa Otel\u2019de de\u011ferlendirilerek sonu\u00e7lar \u015fu \u015fekilde belirlendi:<\/p>\n<div class=\"mariselle-image-container center\">\n                <img width=\"809\" height=\"1113\" class=\"lazy-image\" alt=\"\" decoding=\"async\" loading=\"lazy\" sizes=\"auto, (max-width: 809px) 100vw, 809px\" src=\"https:\/\/brtk.net\/wp-content\/uploads\/2023\/08\/02\/KJLKJLJLJ.jpg?ver=1a2d76ff14b05271bfccf912ef75184c\" srcset=\"https:\/\/brtk.net\/wp-content\/uploads\/2023\/08\/02\/KJLKJLJLJ.jpg?ver=1a2d76ff14b05271bfccf912ef75184c 809w, https:\/\/brtk.net\/wp-content\/uploads\/2023\/08\/02\/KJLKJLJLJ-218x300.jpg?ver=1a2d76ff14b05271bfccf912ef75184c 218w, https:\/\/brtk.net\/wp-content\/uploads\/2023\/08\/02\/KJLKJLJLJ-744x1024.jpg?ver=1a2d76ff14b05271bfccf912ef75184c 744w, https:\/\/brtk.net\/wp-content\/uploads\/2023\/08\/02\/KJLKJLJLJ-768x1057.jpg?ver=621ffbe63a3f1eed25f3fd2ee7c80f99 768w\"\/>                            <\/div>\n<p>\u201cB\u00fcy\u00fck \u00d6d\u00fcl (Zeytin Konulu B\u00f6l\u00fcm) \u015eampiyon Melekler Tak\u0131m\u0131 An\u0131s\u0131na: Mehmet Sel\u00e7uk (T\u00fcrkiye) 20.000 TL ve Alt\u0131n Zeytin Heykeli.<\/p>\n<p>Serbest Konulu B\u00f6l\u00fcm \u2013 Birincilik \u00d6d\u00fcl\u00fc: Olena Tsuranova (Ukrayna), 10.000 TL ve Alt\u0131n Zeytin Heykeli; \u0130kincilik \u00d6d\u00fcl\u00fc: M\u00fcmin Bayram (T\u00fcrkiye) G\u00fcm\u00fc\u015f Zeytin Heykeli; \u00dc\u00e7\u00fcnc\u00fcl\u00fck \u00d6d\u00fcl\u00fc: Makhmud Eshonkulov (\u00d6zbekistan) Bronz Zeytin Heykeli.<\/p>\n<p>Zeytin Konulu B\u00f6l\u00fcm \u2013 Birincilik \u00d6d\u00fcl\u00fc: Henryk Cebula (Polonya) 10.000 TL ve Alt\u0131n Zeytin Heykeli; \u0130kincilik \u00d6d\u00fcl\u00fc: A\u015fk\u0131n Ayranc\u0131o\u011flu (T\u00fcrkiye) G\u00fcm\u00fc\u015f Zeytin Heykeli; \u00dc\u00e7\u00fcnc\u00fcl\u00fck \u00d6d\u00fcl\u00fc: Musa Keklik (T\u00fcrkiye) Bronz Zeytin Heykeli.<\/p>\n<p>Serbest Konulu B\u00f6l\u00fcm \u00d6zel \u00d6d\u00fcller: Nahid Maghsoudi (\u0130ran), Assad Bina Khahi (Almanya), Hamed Mortazavi Alavi (\u0130ran), Oleksiy Kustovsky (Ukrayna), Natalia Varchenko (K\u0131br\u0131s), Mehmet Zeber (T\u00fcrkiye), Boris Erenburg (\u0130srail), Valerii Momot (Ukrayna).<\/p>\n<p>Zeytin Konulu B\u00f6l\u00fcm \u00d6zel \u00d6d\u00fcller: Sergii Riabokon (Ukrayna), \u00d6nder \u00d6nerbay (T\u00fcrkiye), Muammer Kotba\u015f (T\u00fcrkiye), Luc Vernimmen (Bel\u00e7ika), Assad Bina Khahi (Almanya), Mark Winter (Birle\u015fik Krall\u0131k), H\u00fcseyin Orduha (T\u00fcrkiye), Viktor Holub (Ukrayna), Altan \u00d6zeskici (T\u00fcrkiye), Radko Oketic (\u00c7ek), Chiorean Cornel Marin (Romanya), Boboc Mihai Gabriel (Romanya),<\/p>\n<p>Ali Reza Pakdel (Kuzey K\u0131br\u0131s), Evelyn Soraya De Paz Samayoa (Guatemala).\u201d<\/p>\n<p><strong>-\u00d6d\u00fcller Ekim ay\u0131nda verilecek\u2026<\/strong><\/p>\n<p>A\u00e7\u0131klamada, 12. Uluslararas\u0131 Karikat\u00fcr Yar\u0131\u015fmas\u0131\u2019nda \u00f6d\u00fcl kazanan \u00e7izerlere \u00f6d\u00fcllerinin, Ekim ay\u0131nda Zeytinlik k\u00f6y\u00fcnde d\u00fczenlenecek 22 Uluslararas\u0131 Zeytin Festivali\u2019nde verilece\u011fi kaydedildi.<\/p>\n<\/p><\/div>\n<p><script async\n                    defer\n                    crossorigin=\"anonymous\"\n                    src=\"https:\/\/connect.facebook.net\/tr_TR\/sdk.js#xfbml=1&#038;version=v3.3\"\n            ><\/script><\/p>\n","protected":false},"excerpt":{"rendered":"<p>Girne Belediyesi ile K\u0131br\u0131s T\u00fcrk Karikat\u00fcrc\u00fcler Derne\u011fi taraf\u0131ndan 22. Uluslararas\u0131 Zeytin Festivali 2023 \u2013 Uluslararas\u0131 Zeytin Mizah \u015eenli\u011fi kapsam\u0131nda geleneksel olarak d\u00fczenlenen 12. Uluslararas\u0131 Karikat\u00fcr Yar\u0131\u015fmas\u0131\u2019n\u0131n sonu\u00e7lar\u0131 belli oldu. Girne Belediyesi\u2019nden yap\u0131lan yaz\u0131l\u0131 a\u00e7\u0131klamaya g\u00f6re, 39 \u00fclkeden 134 karikat\u00fcrc\u00fcn\u00fcn 380 eser ile kat\u0131ld\u0131\u011f\u0131, 12. Uluslararas\u0131 Karikat\u00fcr Yar\u0131\u015fmas\u0131\u2019na g\u00f6nderilen eserler, Girne Belediye Ba\u015fkan\u0131 Murat \u015eenkul\u2019un Onursal<\/p>\n","protected":false},"author":1,"featured_media":11490,"comment_status":"open","ping_status":"open","sticky":false,"template":"","format":"standard","meta":{"footnotes":""},"categories":[1],"tags":[],"class_list":["post-11489","post","type-post","status-publish","format-standard","has-post-thumbnail","hentry","category-gundem"],"yoast_head":"<!-- This site is optimized with the Yoast SEO plugin v27.5 - https:\/\/yoast.com\/product\/yoast-seo-wordpress\/ -->\n<title>12. Uluslararas\u0131 Karikat\u00fcr Yar\u0131\u015fmas\u0131 Sonu\u00e7land\u0131 -<\/title>\n<meta name=\"robots\" content=\"index, follow, max-snippet:-1, max-image-preview:large, max-video-preview:-1\" \/>\n<link rel=\"canonical\" href=\"https:\/\/kibrisdakik.com\/?p=11489\" \/>\n<meta property=\"og:locale\" content=\"tr_TR\" \/>\n<meta property=\"og:type\" content=\"article\" \/>\n<meta property=\"og:title\" content=\"12. Uluslararas\u0131 Karikat\u00fcr Yar\u0131\u015fmas\u0131 Sonu\u00e7land\u0131 -\" \/>\n<meta property=\"og:description\" content=\"Girne Belediyesi ile K\u0131br\u0131s T\u00fcrk Karikat\u00fcrc\u00fcler Derne\u011fi taraf\u0131ndan 22. Uluslararas\u0131 Zeytin Festivali 2023 \u2013 Uluslararas\u0131 Zeytin Mizah \u015eenli\u011fi kapsam\u0131nda geleneksel olarak d\u00fczenlenen 12. Uluslararas\u0131 Karikat\u00fcr Yar\u0131\u015fmas\u0131\u2019n\u0131n sonu\u00e7lar\u0131 belli oldu. Girne Belediyesi\u2019nden yap\u0131lan yaz\u0131l\u0131 a\u00e7\u0131klamaya g\u00f6re, 39 \u00fclkeden 134 karikat\u00fcrc\u00fcn\u00fcn 380 eser ile kat\u0131ld\u0131\u011f\u0131, 12. Uluslararas\u0131 Karikat\u00fcr Yar\u0131\u015fmas\u0131\u2019na g\u00f6nderilen eserler, Girne Belediye Ba\u015fkan\u0131 Murat \u015eenkul\u2019un Onursal\" \/>\n<meta property=\"og:url\" content=\"https:\/\/kibrisdakik.com\/?p=11489\" \/>\n<meta property=\"article:published_time\" content=\"2023-08-02T09:31:22+00:00\" \/>\n<meta property=\"og:image\" content=\"https:\/\/kibrisdakik.com\/wp-content\/uploads\/2023\/08\/JKLJ-740x420.jpg\" \/>\n\t<meta property=\"og:image:width\" content=\"1142\" \/>\n\t<meta property=\"og:image:height\" content=\"751\" \/>\n\t<meta property=\"og:image:type\" content=\"image\/jpeg\" \/>\n<meta name=\"author\" content=\"admin\" \/>\n<meta name=\"twitter:card\" content=\"summary_large_image\" \/>\n<meta name=\"twitter:label1\" content=\"Yazan:\" \/>\n\t<meta name=\"twitter:data1\" content=\"admin\" \/>\n\t<meta name=\"twitter:label2\" content=\"Tahmini okuma s\u00fcresi\" \/>\n\t<meta name=\"twitter:data2\" content=\"2 dakika\" \/>\n<script type=\"application\/ld+json\" class=\"yoast-schema-graph\">{\"@context\":\"https:\\\/\\\/schema.org\",\"@graph\":[{\"@type\":\"Article\",\"@id\":\"https:\\\/\\\/kibrisdakik.com\\\/?p=11489#article\",\"isPartOf\":{\"@id\":\"https:\\\/\\\/kibrisdakik.com\\\/?p=11489\"},\"author\":{\"name\":\"admin\",\"@id\":\"https:\\\/\\\/kibrisdakik.com\\\/#\\\/schema\\\/person\\\/9cd9d437bbb44f72b73ba127e06d8e79\"},\"headline\":\"12. Uluslararas\u0131 Karikat\u00fcr Yar\u0131\u015fmas\u0131 Sonu\u00e7land\u0131\",\"datePublished\":\"2023-08-02T09:31:22+00:00\",\"mainEntityOfPage\":{\"@id\":\"https:\\\/\\\/kibrisdakik.com\\\/?p=11489\"},\"wordCount\":404,\"commentCount\":0,\"image\":{\"@id\":\"https:\\\/\\\/kibrisdakik.com\\\/?p=11489#primaryimage\"},\"thumbnailUrl\":\"https:\\\/\\\/kibrisdakik.com\\\/wp-content\\\/uploads\\\/2023\\\/08\\\/JKLJ-740x420.jpg\",\"articleSection\":[\"G\u00fcndem\"],\"inLanguage\":\"tr\",\"potentialAction\":[{\"@type\":\"CommentAction\",\"name\":\"Comment\",\"target\":[\"https:\\\/\\\/kibrisdakik.com\\\/?p=11489#respond\"]}]},{\"@type\":\"WebPage\",\"@id\":\"https:\\\/\\\/kibrisdakik.com\\\/?p=11489\",\"url\":\"https:\\\/\\\/kibrisdakik.com\\\/?p=11489\",\"name\":\"12. Uluslararas\u0131 Karikat\u00fcr Yar\u0131\u015fmas\u0131 Sonu\u00e7land\u0131 -\",\"isPartOf\":{\"@id\":\"https:\\\/\\\/kibrisdakik.com\\\/#website\"},\"primaryImageOfPage\":{\"@id\":\"https:\\\/\\\/kibrisdakik.com\\\/?p=11489#primaryimage\"},\"image\":{\"@id\":\"https:\\\/\\\/kibrisdakik.com\\\/?p=11489#primaryimage\"},\"thumbnailUrl\":\"https:\\\/\\\/kibrisdakik.com\\\/wp-content\\\/uploads\\\/2023\\\/08\\\/JKLJ-740x420.jpg\",\"datePublished\":\"2023-08-02T09:31:22+00:00\",\"author\":{\"@id\":\"https:\\\/\\\/kibrisdakik.com\\\/#\\\/schema\\\/person\\\/9cd9d437bbb44f72b73ba127e06d8e79\"},\"breadcrumb\":{\"@id\":\"https:\\\/\\\/kibrisdakik.com\\\/?p=11489#breadcrumb\"},\"inLanguage\":\"tr\",\"potentialAction\":[{\"@type\":\"ReadAction\",\"target\":[\"https:\\\/\\\/kibrisdakik.com\\\/?p=11489\"]}]},{\"@type\":\"ImageObject\",\"inLanguage\":\"tr\",\"@id\":\"https:\\\/\\\/kibrisdakik.com\\\/?p=11489#primaryimage\",\"url\":\"https:\\\/\\\/kibrisdakik.com\\\/wp-content\\\/uploads\\\/2023\\\/08\\\/JKLJ-740x420.jpg\",\"contentUrl\":\"https:\\\/\\\/kibrisdakik.com\\\/wp-content\\\/uploads\\\/2023\\\/08\\\/JKLJ-740x420.jpg\",\"width\":1142,\"height\":751},{\"@type\":\"BreadcrumbList\",\"@id\":\"https:\\\/\\\/kibrisdakik.com\\\/?p=11489#breadcrumb\",\"itemListElement\":[{\"@type\":\"ListItem\",\"position\":1,\"name\":\"Home\",\"item\":\"https:\\\/\\\/kibrisdakik.com\\\/\"},{\"@type\":\"ListItem\",\"position\":2,\"name\":\"12. Uluslararas\u0131 Karikat\u00fcr Yar\u0131\u015fmas\u0131 Sonu\u00e7land\u0131\"}]},{\"@type\":\"WebSite\",\"@id\":\"https:\\\/\\\/kibrisdakik.com\\\/#website\",\"url\":\"https:\\\/\\\/kibrisdakik.com\\\/\",\"name\":\"\",\"description\":\"Tam vaktinde haber\",\"potentialAction\":[{\"@type\":\"SearchAction\",\"target\":{\"@type\":\"EntryPoint\",\"urlTemplate\":\"https:\\\/\\\/kibrisdakik.com\\\/?s={search_term_string}\"},\"query-input\":{\"@type\":\"PropertyValueSpecification\",\"valueRequired\":true,\"valueName\":\"search_term_string\"}}],\"inLanguage\":\"tr\"},{\"@type\":\"Person\",\"@id\":\"https:\\\/\\\/kibrisdakik.com\\\/#\\\/schema\\\/person\\\/9cd9d437bbb44f72b73ba127e06d8e79\",\"name\":\"admin\",\"image\":{\"@type\":\"ImageObject\",\"inLanguage\":\"tr\",\"@id\":\"https:\\\/\\\/secure.gravatar.com\\\/avatar\\\/ccc17943b9d660506c869530f897617f7cb1c21a4bf30023f252596d83e1f007?s=96&d=mm&r=g\",\"url\":\"https:\\\/\\\/secure.gravatar.com\\\/avatar\\\/ccc17943b9d660506c869530f897617f7cb1c21a4bf30023f252596d83e1f007?s=96&d=mm&r=g\",\"contentUrl\":\"https:\\\/\\\/secure.gravatar.com\\\/avatar\\\/ccc17943b9d660506c869530f897617f7cb1c21a4bf30023f252596d83e1f007?s=96&d=mm&r=g\",\"caption\":\"admin\"},\"sameAs\":[\"https:\\\/\\\/kibrisdakik.com\"],\"url\":\"https:\\\/\\\/kibrisdakik.com\\\/?author=1\"}]}<\/script>\n<!-- \/ Yoast SEO plugin. -->","yoast_head_json":{"title":"12. Uluslararas\u0131 Karikat\u00fcr Yar\u0131\u015fmas\u0131 Sonu\u00e7land\u0131 -","robots":{"index":"index","follow":"follow","max-snippet":"max-snippet:-1","max-image-preview":"max-image-preview:large","max-video-preview":"max-video-preview:-1"},"canonical":"https:\/\/kibrisdakik.com\/?p=11489","og_locale":"tr_TR","og_type":"article","og_title":"12. Uluslararas\u0131 Karikat\u00fcr Yar\u0131\u015fmas\u0131 Sonu\u00e7land\u0131 -","og_description":"Girne Belediyesi ile K\u0131br\u0131s T\u00fcrk Karikat\u00fcrc\u00fcler Derne\u011fi taraf\u0131ndan 22. Uluslararas\u0131 Zeytin Festivali 2023 \u2013 Uluslararas\u0131 Zeytin Mizah \u015eenli\u011fi kapsam\u0131nda geleneksel olarak d\u00fczenlenen 12. Uluslararas\u0131 Karikat\u00fcr Yar\u0131\u015fmas\u0131\u2019n\u0131n sonu\u00e7lar\u0131 belli oldu. Girne Belediyesi\u2019nden yap\u0131lan yaz\u0131l\u0131 a\u00e7\u0131klamaya g\u00f6re, 39 \u00fclkeden 134 karikat\u00fcrc\u00fcn\u00fcn 380 eser ile kat\u0131ld\u0131\u011f\u0131, 12. Uluslararas\u0131 Karikat\u00fcr Yar\u0131\u015fmas\u0131\u2019na g\u00f6nderilen eserler, Girne Belediye Ba\u015fkan\u0131 Murat \u015eenkul\u2019un Onursal","og_url":"https:\/\/kibrisdakik.com\/?p=11489","article_published_time":"2023-08-02T09:31:22+00:00","og_image":[{"width":1142,"height":751,"url":"https:\/\/kibrisdakik.com\/wp-content\/uploads\/2023\/08\/JKLJ-740x420.jpg","type":"image\/jpeg"}],"author":"admin","twitter_card":"summary_large_image","twitter_misc":{"Yazan:":"admin","Tahmini okuma s\u00fcresi":"2 dakika"},"schema":{"@context":"https:\/\/schema.org","@graph":[{"@type":"Article","@id":"https:\/\/kibrisdakik.com\/?p=11489#article","isPartOf":{"@id":"https:\/\/kibrisdakik.com\/?p=11489"},"author":{"name":"admin","@id":"https:\/\/kibrisdakik.com\/#\/schema\/person\/9cd9d437bbb44f72b73ba127e06d8e79"},"headline":"12. Uluslararas\u0131 Karikat\u00fcr Yar\u0131\u015fmas\u0131 Sonu\u00e7land\u0131","datePublished":"2023-08-02T09:31:22+00:00","mainEntityOfPage":{"@id":"https:\/\/kibrisdakik.com\/?p=11489"},"wordCount":404,"commentCount":0,"image":{"@id":"https:\/\/kibrisdakik.com\/?p=11489#primaryimage"},"thumbnailUrl":"https:\/\/kibrisdakik.com\/wp-content\/uploads\/2023\/08\/JKLJ-740x420.jpg","articleSection":["G\u00fcndem"],"inLanguage":"tr","potentialAction":[{"@type":"CommentAction","name":"Comment","target":["https:\/\/kibrisdakik.com\/?p=11489#respond"]}]},{"@type":"WebPage","@id":"https:\/\/kibrisdakik.com\/?p=11489","url":"https:\/\/kibrisdakik.com\/?p=11489","name":"12. Uluslararas\u0131 Karikat\u00fcr Yar\u0131\u015fmas\u0131 Sonu\u00e7land\u0131 -","isPartOf":{"@id":"https:\/\/kibrisdakik.com\/#website"},"primaryImageOfPage":{"@id":"https:\/\/kibrisdakik.com\/?p=11489#primaryimage"},"image":{"@id":"https:\/\/kibrisdakik.com\/?p=11489#primaryimage"},"thumbnailUrl":"https:\/\/kibrisdakik.com\/wp-content\/uploads\/2023\/08\/JKLJ-740x420.jpg","datePublished":"2023-08-02T09:31:22+00:00","author":{"@id":"https:\/\/kibrisdakik.com\/#\/schema\/person\/9cd9d437bbb44f72b73ba127e06d8e79"},"breadcrumb":{"@id":"https:\/\/kibrisdakik.com\/?p=11489#breadcrumb"},"inLanguage":"tr","potentialAction":[{"@type":"ReadAction","target":["https:\/\/kibrisdakik.com\/?p=11489"]}]},{"@type":"ImageObject","inLanguage":"tr","@id":"https:\/\/kibrisdakik.com\/?p=11489#primaryimage","url":"https:\/\/kibrisdakik.com\/wp-content\/uploads\/2023\/08\/JKLJ-740x420.jpg","contentUrl":"https:\/\/kibrisdakik.com\/wp-content\/uploads\/2023\/08\/JKLJ-740x420.jpg","width":1142,"height":751},{"@type":"BreadcrumbList","@id":"https:\/\/kibrisdakik.com\/?p=11489#breadcrumb","itemListElement":[{"@type":"ListItem","position":1,"name":"Home","item":"https:\/\/kibrisdakik.com\/"},{"@type":"ListItem","position":2,"name":"12. Uluslararas\u0131 Karikat\u00fcr Yar\u0131\u015fmas\u0131 Sonu\u00e7land\u0131"}]},{"@type":"WebSite","@id":"https:\/\/kibrisdakik.com\/#website","url":"https:\/\/kibrisdakik.com\/","name":"","description":"Tam vaktinde haber","potentialAction":[{"@type":"SearchAction","target":{"@type":"EntryPoint","urlTemplate":"https:\/\/kibrisdakik.com\/?s={search_term_string}"},"query-input":{"@type":"PropertyValueSpecification","valueRequired":true,"valueName":"search_term_string"}}],"inLanguage":"tr"},{"@type":"Person","@id":"https:\/\/kibrisdakik.com\/#\/schema\/person\/9cd9d437bbb44f72b73ba127e06d8e79","name":"admin","image":{"@type":"ImageObject","inLanguage":"tr","@id":"https:\/\/secure.gravatar.com\/avatar\/ccc17943b9d660506c869530f897617f7cb1c21a4bf30023f252596d83e1f007?s=96&d=mm&r=g","url":"https:\/\/secure.gravatar.com\/avatar\/ccc17943b9d660506c869530f897617f7cb1c21a4bf30023f252596d83e1f007?s=96&d=mm&r=g","contentUrl":"https:\/\/secure.gravatar.com\/avatar\/ccc17943b9d660506c869530f897617f7cb1c21a4bf30023f252596d83e1f007?s=96&d=mm&r=g","caption":"admin"},"sameAs":["https:\/\/kibrisdakik.com"],"url":"https:\/\/kibrisdakik.com\/?author=1"}]}},"_links":{"self":[{"href":"https:\/\/kibrisdakik.com\/index.php?rest_route=\/wp\/v2\/posts\/11489","targetHints":{"allow":["GET"]}}],"collection":[{"href":"https:\/\/kibrisdakik.com\/index.php?rest_route=\/wp\/v2\/posts"}],"about":[{"href":"https:\/\/kibrisdakik.com\/index.php?rest_route=\/wp\/v2\/types\/post"}],"author":[{"embeddable":true,"href":"https:\/\/kibrisdakik.com\/index.php?rest_route=\/wp\/v2\/users\/1"}],"replies":[{"embeddable":true,"href":"https:\/\/kibrisdakik.com\/index.php?rest_route=%2Fwp%2Fv2%2Fcomments&post=11489"}],"version-history":[{"count":0,"href":"https:\/\/kibrisdakik.com\/index.php?rest_route=\/wp\/v2\/posts\/11489\/revisions"}],"wp:featuredmedia":[{"embeddable":true,"href":"https:\/\/kibrisdakik.com\/index.php?rest_route=\/wp\/v2\/media\/11490"}],"wp:attachment":[{"href":"https:\/\/kibrisdakik.com\/index.php?rest_route=%2Fwp%2Fv2%2Fmedia&parent=11489"}],"wp:term":[{"taxonomy":"category","embeddable":true,"href":"https:\/\/kibrisdakik.com\/index.php?rest_route=%2Fwp%2Fv2%2Fcategories&post=11489"},{"taxonomy":"post_tag","embeddable":true,"href":"https:\/\/kibrisdakik.com\/index.php?rest_route=%2Fwp%2Fv2%2Ftags&post=11489"}],"curies":[{"name":"wp","href":"https:\/\/api.w.org\/{rel}","templated":true}]}}