{"id":11496,"date":"2023-08-02T10:31:54","date_gmt":"2023-08-02T10:31:54","guid":{"rendered":"https:\/\/kibrisdakik.com\/index.php\/2023\/08\/02\/1-agustos-nedeniyle-ankarada-resepsiyon-verildi-turkiye-milli-savunma-bakani-guler-kibris-bizim-milli-meselemizdir\/"},"modified":"2023-08-02T10:31:54","modified_gmt":"2023-08-02T10:31:54","slug":"1-agustos-nedeniyle-ankarada-resepsiyon-verildi-turkiye-milli-savunma-bakani-guler-kibris-bizim-milli-meselemizdir","status":"publish","type":"post","link":"https:\/\/kibrisdakik.com\/?p=11496","title":{"rendered":"1 A\u011fustos nedeniyle Ankara\u2019da resepsiyon verildi..T\u00fcrkiye Milli Savunma Bakan\u0131 G\u00fcler: K\u0131br\u0131s bizim milli meselemizdir"},"content":{"rendered":"<p><\/p>\n<div>\n<div class=\"mariselle-image-container center\">\n                <img width=\"1080\" height=\"604\" class=\"lazy-image\" alt=\"\" decoding=\"async\" loading=\"lazy\" sizes=\"auto, (max-width: 1080px) 100vw, 1080px\" src=\"https:\/\/brtk.net\/wp-content\/uploads\/2023\/08\/02\/Screenshot_20230802_094939_WhatsApp.jpg?ver=3dd2ec3e124325dbad8dce20e56465f9\" srcset=\"https:\/\/brtk.net\/wp-content\/uploads\/2023\/08\/02\/Screenshot_20230802_094939_WhatsApp.jpg?ver=3dd2ec3e124325dbad8dce20e56465f9 1080w, https:\/\/brtk.net\/wp-content\/uploads\/2023\/08\/02\/Screenshot_20230802_094939_WhatsApp-300x168.jpg?ver=9b97ea8bef63fbecae88bbc1ddc6ea7c 300w, https:\/\/brtk.net\/wp-content\/uploads\/2023\/08\/02\/Screenshot_20230802_094939_WhatsApp-1024x573.jpg?ver=9b97ea8bef63fbecae88bbc1ddc6ea7c 1024w, https:\/\/brtk.net\/wp-content\/uploads\/2023\/08\/02\/Screenshot_20230802_094939_WhatsApp-768x430.jpg?ver=9b97ea8bef63fbecae88bbc1ddc6ea7c 768w\"\/>                            <\/div>\n<p>1 A\u011fustos Toplumsal Direni\u015f Bayram\u0131 nedeniyle Ankara\u2019da da resepsiyon d\u00fczenlendi.<\/p>\n<p>Resepsiyona T\u00fcrkiye Milli Savunma Bakan\u0131 Ya\u015far G\u00fcler, Genelkurmay Ba\u015fkan\u0131 olarak da g\u00f6revlendirilen Kara Kuvvetleri Komutan\u0131 Orgeneral Musa Avsever, Deniz Kuvvetleri Komutan\u0131 Oramiral Erc\u00fcment Tatl\u0131o\u011flu, Hava Kuvvetleri Komutan\u0131 Orgeneral Atilla G\u00fclan da kat\u0131ld\u0131. <\/p>\n<p>Resepsiyonda konu\u015fan T\u00fcrkiye Milli Savunma Bakan\u0131 Ya\u015far G\u00fcler, \u201cK\u0131br\u0131s, bizim milli meselemizdir. Bu nedenle K\u0131br\u0131s meselesinin, K\u0131br\u0131s T\u00fcrk halk\u0131n\u0131n me\u015fru \u00e7\u0131karlar\u0131n\u0131 ve g\u00fcvenli\u011fini teminat alt\u0131na alacak \u015fekilde bir an \u00f6nce \u00e7\u00f6z\u00fcme kavu\u015fturulmas\u0131, \u00fclkemizin en \u00f6nemli \u00f6nceliklerinden biridir.\u201d ifadesini kulland\u0131.<\/p>\n<p>Ge\u00e7mi\u015ften s\u00fcregelen ve art\u0131k miad\u0131 dolmu\u015f s\u00f6ylemlerin \u00e7\u00f6z\u00fcm \u00e7abalar\u0131na katk\u0131 sa\u011flamad\u0131\u011f\u0131n\u0131n anla\u015f\u0131lmas\u0131 gerekti\u011fini belirten G\u00fcler, \u201ctemennimiz, adada K\u0131br\u0131s T\u00fcrk halk\u0131n\u0131n haklar\u0131n\u0131 g\u00f6rmezden gelen tek tarafl\u0131 ad\u0131mlardan ka\u00e7\u0131n\u0131lmas\u0131, bu y\u00f6n\u00fcyle tarihi ve mevcut ger\u00e7eklerin do\u011fru tan\u0131mlanmas\u0131, b\u00f6lgede gerilimi art\u0131rmaya y\u00f6nelik eylem ve s\u00f6ylemlerden uzak durulmas\u0131, y\u0131llard\u0131r \u00e7\u00f6z\u00fcms\u00fczl\u00fc\u011fe mahkum edilen K\u0131br\u0131s sorununun uluslararas\u0131 hukuk temelinde, bar\u0131\u015f\u00e7\u0131l, e\u015fit ve adil bir \u015fekilde \u00e7\u00f6z\u00fclmesine y\u00f6nelik g\u00fc\u00e7l\u00fc bir iradenin g\u00f6sterilmesidir. Bilinmelidir ki K\u0131br\u0131sl\u0131 karde\u015flerimizin kazan\u0131lm\u0131\u015f haklar\u0131 olan egemen e\u015fitlikleri ve e\u015fit uluslararas\u0131 stat\u00fclerinin teyidi, bizler i\u00e7in olmazsa olmazd\u0131r. Muhataplar\u0131m\u0131zdan da K\u0131br\u0131s T\u00fcrk\u00fc\u2019n\u00fcn ve T\u00fcrkiye\u2019nin uluslararas\u0131 hukuktan kaynaklanan haklar\u0131na sayg\u0131l\u0131 olarak hareket etmelerini bekliyoruz. Uluslararas\u0131 camiay\u0131 da adil ve kal\u0131c\u0131 bir \u00e7\u00f6z\u00fcm i\u00e7in destek olmaya, sadece bir taraf\u0131n iddialar\u0131n\u0131 desteklemeyi b\u0131rak\u0131p konuya makul ve mant\u0131kl\u0131 bir \u015fekilde yakla\u015fmaya davet ediyoruz\u201d dedi.<\/p>\n<p>Adil ve kal\u0131c\u0131 bir \u00e7\u00f6z\u00fcme ula\u015f\u0131lmas\u0131 y\u00f6n\u00fcndeki \u00e7a\u011fr\u0131s\u0131n\u0131 yineleyen G\u00fcler, bar\u0131\u015f, istikrar ve i\u015fbirli\u011finin hakim oldu\u011fu bir K\u0131br\u0131s ve Akdeniz i\u00e7in gayretlerini s\u00fcrd\u00fcreceklerini s\u00f6yledi.<\/p>\n<div class=\"mariselle-image-container center\">\n                <img width=\"1080\" height=\"604\" class=\"lazy-image\" alt=\"\" decoding=\"async\" loading=\"lazy\" sizes=\"auto, (max-width: 1080px) 100vw, 1080px\" src=\"https:\/\/brtk.net\/wp-content\/uploads\/2023\/08\/02\/Screenshot_20230802_094917_WhatsApp.jpg?ver=817d171cbfb783d8e45484e19e7c7341\" srcset=\"https:\/\/brtk.net\/wp-content\/uploads\/2023\/08\/02\/Screenshot_20230802_094917_WhatsApp.jpg?ver=817d171cbfb783d8e45484e19e7c7341 1080w, https:\/\/brtk.net\/wp-content\/uploads\/2023\/08\/02\/Screenshot_20230802_094917_WhatsApp-300x168.jpg?ver=817d171cbfb783d8e45484e19e7c7341 300w, https:\/\/brtk.net\/wp-content\/uploads\/2023\/08\/02\/Screenshot_20230802_094917_WhatsApp-1024x573.jpg?ver=817d171cbfb783d8e45484e19e7c7341 1024w, https:\/\/brtk.net\/wp-content\/uploads\/2023\/08\/02\/Screenshot_20230802_094917_WhatsApp-768x430.jpg?ver=817d171cbfb783d8e45484e19e7c7341 768w\"\/>                            <\/div>\n<p>Son d\u00f6nemde Yunanistan ile T\u00fcrkiye aras\u0131ndaki olumlu g\u00fcndemin s\u00fcrd\u00fcr\u00fclmesinin \u00e7\u00f6z\u00fcme y\u00f6nelik iradeye ula\u015f\u0131lmas\u0131 a\u00e7\u0131s\u0131ndan \u00f6nemli oldu\u011funu belirten G\u00fcler, \u201cAncak her zaman dile getirdi\u011fimiz gibi, bar\u0131\u015f\u00e7\u0131l bir \u00e7\u00f6z\u00fcm i\u00e7in \u00e7aba g\u00f6sterirken milli menfaatlerimizden asla taviz vermeyece\u011fimiz de bilinmelidir. Hem K\u0131br\u0131sl\u0131 karde\u015flerimizin g\u00fcvenli, huzur ve refah i\u00e7inde ya\u015fad\u0131\u011f\u0131 bir gelece\u011fi in\u015fa etmek hem de T\u00fcrkiye\u2019nin Akdeniz\u2019deki hak ve menfaatlerini korumak i\u00e7in kararl\u0131l\u0131\u011f\u0131m\u0131z tamd\u0131r.\u201d Dedi..<\/p>\n<p>T\u00fcrkiye\u2019nin kararl\u0131 duru\u015fuyla <a href=\"https:\/\/brtk.net\/\">KKTC<\/a> ve karde\u015f K\u0131br\u0131s halk\u0131n\u0131n gelece\u011fe daha g\u00fcvenle bakt\u0131\u011f\u0131n\u0131, g\u00fc\u00e7l\u00fc yar\u0131nlara, emin ad\u0131mlarla ilerledi\u011fini dile getiren G\u00fcler,<br \/>K\u0131br\u0131s T\u00fcrk Bar\u0131\u015f Kuvvetleri Komutanl\u0131\u011f\u0131\u2019n\u0131n Ada\u2019daki bar\u0131\u015f ve g\u00fcvenli\u011fin teminat\u0131 oldu\u011funu belirtti.<\/p>\n<p>G\u00fcler, \u201cT\u00fcrk Silahl\u0131 Kuvvetleriyle birlikte omuz omuza g\u00f6rev yapan <a href=\"https:\/\/brtk.net\/\">KKTC<\/a> G\u00fcvenlik Kuvvetleri Komutanl\u0131\u011f\u0131 da M\u00fccahit ruhuyla, K\u0131br\u0131s T\u00fcrk\u00fc\u2019n\u00fcn \u015fanl\u0131 sanca\u011f\u0131n\u0131 b\u00fcy\u00fck bir gururla ta\u015f\u0131makta, adadaki bar\u0131\u015f ve istikrar\u0131n teminat\u0131 olarak b\u00fcy\u00fck bir \u015fevkle g\u00f6rev yapmaktad\u0131r. T\u00fcrkiye olarak bug\u00fcne kadar oldu\u011fu gibi bundan sonra da Garanti ve \u0130ttifak Antla\u015fmalar\u0131 \u00e7er\u00e7evesinde K\u0131br\u0131sl\u0131 karde\u015flerimizin huzur ve g\u00fcvenli\u011fi ile refah\u0131 i\u00e7in elinden geleni yapmaya, yanlar\u0131nda olmaya devam edece\u011fiz.\u201d ifadelerini kulland\u0131. <\/p>\n<p>brt<\/p>\n<\/p><\/div>\n<p><script async\n                    defer\n                    crossorigin=\"anonymous\"\n                    src=\"https:\/\/connect.facebook.net\/tr_TR\/sdk.js#xfbml=1&#038;version=v3.3\"\n            ><\/script><\/p>\n","protected":false},"excerpt":{"rendered":"<p>1 A\u011fustos Toplumsal Direni\u015f Bayram\u0131 nedeniyle Ankara\u2019da da resepsiyon d\u00fczenlendi. Resepsiyona T\u00fcrkiye Milli Savunma Bakan\u0131 Ya\u015far G\u00fcler, Genelkurmay Ba\u015fkan\u0131 olarak da g\u00f6revlendirilen Kara Kuvvetleri Komutan\u0131 Orgeneral Musa Avsever, Deniz Kuvvetleri Komutan\u0131 Oramiral Erc\u00fcment Tatl\u0131o\u011flu, Hava Kuvvetleri Komutan\u0131 Orgeneral Atilla G\u00fclan da kat\u0131ld\u0131. Resepsiyonda konu\u015fan T\u00fcrkiye Milli Savunma Bakan\u0131 Ya\u015far G\u00fcler, \u201cK\u0131br\u0131s, bizim milli meselemizdir. Bu<\/p>\n","protected":false},"author":1,"featured_media":11497,"comment_status":"open","ping_status":"open","sticky":false,"template":"","format":"standard","meta":{"footnotes":""},"categories":[1],"tags":[],"class_list":["post-11496","post","type-post","status-publish","format-standard","has-post-thumbnail","hentry","category-gundem"],"yoast_head":"<!-- This site is optimized with the Yoast SEO plugin v27.5 - https:\/\/yoast.com\/product\/yoast-seo-wordpress\/ -->\n<title>1 A\u011fustos nedeniyle Ankara\u2019da resepsiyon verildi..T\u00fcrkiye Milli Savunma Bakan\u0131 G\u00fcler: K\u0131br\u0131s bizim milli meselemizdir -<\/title>\n<meta name=\"robots\" content=\"index, follow, max-snippet:-1, max-image-preview:large, max-video-preview:-1\" \/>\n<link rel=\"canonical\" href=\"https:\/\/kibrisdakik.com\/?p=11496\" \/>\n<meta property=\"og:locale\" content=\"tr_TR\" \/>\n<meta property=\"og:type\" content=\"article\" \/>\n<meta property=\"og:title\" content=\"1 A\u011fustos nedeniyle Ankara\u2019da resepsiyon verildi..T\u00fcrkiye Milli Savunma Bakan\u0131 G\u00fcler: K\u0131br\u0131s bizim milli meselemizdir -\" \/>\n<meta property=\"og:description\" content=\"1 A\u011fustos Toplumsal Direni\u015f Bayram\u0131 nedeniyle Ankara\u2019da da resepsiyon d\u00fczenlendi. Resepsiyona T\u00fcrkiye Milli Savunma Bakan\u0131 Ya\u015far G\u00fcler, Genelkurmay Ba\u015fkan\u0131 olarak da g\u00f6revlendirilen Kara Kuvvetleri Komutan\u0131 Orgeneral Musa Avsever, Deniz Kuvvetleri Komutan\u0131 Oramiral Erc\u00fcment Tatl\u0131o\u011flu, Hava Kuvvetleri Komutan\u0131 Orgeneral Atilla G\u00fclan da kat\u0131ld\u0131. Resepsiyonda konu\u015fan T\u00fcrkiye Milli Savunma Bakan\u0131 Ya\u015far G\u00fcler, \u201cK\u0131br\u0131s, bizim milli meselemizdir. Bu\" \/>\n<meta property=\"og:url\" content=\"https:\/\/kibrisdakik.com\/?p=11496\" \/>\n<meta property=\"article:published_time\" content=\"2023-08-02T10:31:54+00:00\" \/>\n<meta property=\"og:image\" content=\"https:\/\/kibrisdakik.com\/wp-content\/uploads\/2023\/08\/Screenshot_20230802_094939_WhatsApp-740x420.jpg\" \/>\n\t<meta property=\"og:image:width\" content=\"1080\" \/>\n\t<meta property=\"og:image:height\" content=\"604\" \/>\n\t<meta property=\"og:image:type\" content=\"image\/jpeg\" \/>\n<meta name=\"author\" content=\"admin\" \/>\n<meta name=\"twitter:card\" content=\"summary_large_image\" \/>\n<meta name=\"twitter:label1\" content=\"Yazan:\" \/>\n\t<meta name=\"twitter:data1\" content=\"admin\" \/>\n\t<meta name=\"twitter:label2\" content=\"Tahmini okuma s\u00fcresi\" \/>\n\t<meta name=\"twitter:data2\" content=\"3 dakika\" \/>\n<script type=\"application\/ld+json\" class=\"yoast-schema-graph\">{\"@context\":\"https:\\\/\\\/schema.org\",\"@graph\":[{\"@type\":\"Article\",\"@id\":\"https:\\\/\\\/kibrisdakik.com\\\/?p=11496#article\",\"isPartOf\":{\"@id\":\"https:\\\/\\\/kibrisdakik.com\\\/?p=11496\"},\"author\":{\"name\":\"admin\",\"@id\":\"https:\\\/\\\/kibrisdakik.com\\\/#\\\/schema\\\/person\\\/9cd9d437bbb44f72b73ba127e06d8e79\"},\"headline\":\"1 A\u011fustos nedeniyle Ankara\u2019da resepsiyon verildi..T\u00fcrkiye Milli Savunma Bakan\u0131 G\u00fcler: K\u0131br\u0131s bizim milli meselemizdir\",\"datePublished\":\"2023-08-02T10:31:54+00:00\",\"mainEntityOfPage\":{\"@id\":\"https:\\\/\\\/kibrisdakik.com\\\/?p=11496\"},\"wordCount\":627,\"commentCount\":0,\"image\":{\"@id\":\"https:\\\/\\\/kibrisdakik.com\\\/?p=11496#primaryimage\"},\"thumbnailUrl\":\"https:\\\/\\\/kibrisdakik.com\\\/wp-content\\\/uploads\\\/2023\\\/08\\\/Screenshot_20230802_094939_WhatsApp-740x420.jpg\",\"articleSection\":[\"G\u00fcndem\"],\"inLanguage\":\"tr\",\"potentialAction\":[{\"@type\":\"CommentAction\",\"name\":\"Comment\",\"target\":[\"https:\\\/\\\/kibrisdakik.com\\\/?p=11496#respond\"]}]},{\"@type\":\"WebPage\",\"@id\":\"https:\\\/\\\/kibrisdakik.com\\\/?p=11496\",\"url\":\"https:\\\/\\\/kibrisdakik.com\\\/?p=11496\",\"name\":\"1 A\u011fustos nedeniyle Ankara\u2019da resepsiyon verildi..T\u00fcrkiye Milli Savunma Bakan\u0131 G\u00fcler: K\u0131br\u0131s bizim milli meselemizdir -\",\"isPartOf\":{\"@id\":\"https:\\\/\\\/kibrisdakik.com\\\/#website\"},\"primaryImageOfPage\":{\"@id\":\"https:\\\/\\\/kibrisdakik.com\\\/?p=11496#primaryimage\"},\"image\":{\"@id\":\"https:\\\/\\\/kibrisdakik.com\\\/?p=11496#primaryimage\"},\"thumbnailUrl\":\"https:\\\/\\\/kibrisdakik.com\\\/wp-content\\\/uploads\\\/2023\\\/08\\\/Screenshot_20230802_094939_WhatsApp-740x420.jpg\",\"datePublished\":\"2023-08-02T10:31:54+00:00\",\"author\":{\"@id\":\"https:\\\/\\\/kibrisdakik.com\\\/#\\\/schema\\\/person\\\/9cd9d437bbb44f72b73ba127e06d8e79\"},\"breadcrumb\":{\"@id\":\"https:\\\/\\\/kibrisdakik.com\\\/?p=11496#breadcrumb\"},\"inLanguage\":\"tr\",\"potentialAction\":[{\"@type\":\"ReadAction\",\"target\":[\"https:\\\/\\\/kibrisdakik.com\\\/?p=11496\"]}]},{\"@type\":\"ImageObject\",\"inLanguage\":\"tr\",\"@id\":\"https:\\\/\\\/kibrisdakik.com\\\/?p=11496#primaryimage\",\"url\":\"https:\\\/\\\/kibrisdakik.com\\\/wp-content\\\/uploads\\\/2023\\\/08\\\/Screenshot_20230802_094939_WhatsApp-740x420.jpg\",\"contentUrl\":\"https:\\\/\\\/kibrisdakik.com\\\/wp-content\\\/uploads\\\/2023\\\/08\\\/Screenshot_20230802_094939_WhatsApp-740x420.jpg\",\"width\":1080,\"height\":604},{\"@type\":\"BreadcrumbList\",\"@id\":\"https:\\\/\\\/kibrisdakik.com\\\/?p=11496#breadcrumb\",\"itemListElement\":[{\"@type\":\"ListItem\",\"position\":1,\"name\":\"Home\",\"item\":\"https:\\\/\\\/kibrisdakik.com\\\/\"},{\"@type\":\"ListItem\",\"position\":2,\"name\":\"1 A\u011fustos nedeniyle Ankara\u2019da resepsiyon verildi..T\u00fcrkiye Milli Savunma Bakan\u0131 G\u00fcler: K\u0131br\u0131s bizim milli meselemizdir\"}]},{\"@type\":\"WebSite\",\"@id\":\"https:\\\/\\\/kibrisdakik.com\\\/#website\",\"url\":\"https:\\\/\\\/kibrisdakik.com\\\/\",\"name\":\"\",\"description\":\"Tam vaktinde haber\",\"potentialAction\":[{\"@type\":\"SearchAction\",\"target\":{\"@type\":\"EntryPoint\",\"urlTemplate\":\"https:\\\/\\\/kibrisdakik.com\\\/?s={search_term_string}\"},\"query-input\":{\"@type\":\"PropertyValueSpecification\",\"valueRequired\":true,\"valueName\":\"search_term_string\"}}],\"inLanguage\":\"tr\"},{\"@type\":\"Person\",\"@id\":\"https:\\\/\\\/kibrisdakik.com\\\/#\\\/schema\\\/person\\\/9cd9d437bbb44f72b73ba127e06d8e79\",\"name\":\"admin\",\"image\":{\"@type\":\"ImageObject\",\"inLanguage\":\"tr\",\"@id\":\"https:\\\/\\\/secure.gravatar.com\\\/avatar\\\/ccc17943b9d660506c869530f897617f7cb1c21a4bf30023f252596d83e1f007?s=96&d=mm&r=g\",\"url\":\"https:\\\/\\\/secure.gravatar.com\\\/avatar\\\/ccc17943b9d660506c869530f897617f7cb1c21a4bf30023f252596d83e1f007?s=96&d=mm&r=g\",\"contentUrl\":\"https:\\\/\\\/secure.gravatar.com\\\/avatar\\\/ccc17943b9d660506c869530f897617f7cb1c21a4bf30023f252596d83e1f007?s=96&d=mm&r=g\",\"caption\":\"admin\"},\"sameAs\":[\"https:\\\/\\\/kibrisdakik.com\"],\"url\":\"https:\\\/\\\/kibrisdakik.com\\\/?author=1\"}]}<\/script>\n<!-- \/ Yoast SEO plugin. -->","yoast_head_json":{"title":"1 A\u011fustos nedeniyle Ankara\u2019da resepsiyon verildi..T\u00fcrkiye Milli Savunma Bakan\u0131 G\u00fcler: K\u0131br\u0131s bizim milli meselemizdir -","robots":{"index":"index","follow":"follow","max-snippet":"max-snippet:-1","max-image-preview":"max-image-preview:large","max-video-preview":"max-video-preview:-1"},"canonical":"https:\/\/kibrisdakik.com\/?p=11496","og_locale":"tr_TR","og_type":"article","og_title":"1 A\u011fustos nedeniyle Ankara\u2019da resepsiyon verildi..T\u00fcrkiye Milli Savunma Bakan\u0131 G\u00fcler: K\u0131br\u0131s bizim milli meselemizdir -","og_description":"1 A\u011fustos Toplumsal Direni\u015f Bayram\u0131 nedeniyle Ankara\u2019da da resepsiyon d\u00fczenlendi. Resepsiyona T\u00fcrkiye Milli Savunma Bakan\u0131 Ya\u015far G\u00fcler, Genelkurmay Ba\u015fkan\u0131 olarak da g\u00f6revlendirilen Kara Kuvvetleri Komutan\u0131 Orgeneral Musa Avsever, Deniz Kuvvetleri Komutan\u0131 Oramiral Erc\u00fcment Tatl\u0131o\u011flu, Hava Kuvvetleri Komutan\u0131 Orgeneral Atilla G\u00fclan da kat\u0131ld\u0131. Resepsiyonda konu\u015fan T\u00fcrkiye Milli Savunma Bakan\u0131 Ya\u015far G\u00fcler, \u201cK\u0131br\u0131s, bizim milli meselemizdir. Bu","og_url":"https:\/\/kibrisdakik.com\/?p=11496","article_published_time":"2023-08-02T10:31:54+00:00","og_image":[{"width":1080,"height":604,"url":"https:\/\/kibrisdakik.com\/wp-content\/uploads\/2023\/08\/Screenshot_20230802_094939_WhatsApp-740x420.jpg","type":"image\/jpeg"}],"author":"admin","twitter_card":"summary_large_image","twitter_misc":{"Yazan:":"admin","Tahmini okuma s\u00fcresi":"3 dakika"},"schema":{"@context":"https:\/\/schema.org","@graph":[{"@type":"Article","@id":"https:\/\/kibrisdakik.com\/?p=11496#article","isPartOf":{"@id":"https:\/\/kibrisdakik.com\/?p=11496"},"author":{"name":"admin","@id":"https:\/\/kibrisdakik.com\/#\/schema\/person\/9cd9d437bbb44f72b73ba127e06d8e79"},"headline":"1 A\u011fustos nedeniyle Ankara\u2019da resepsiyon verildi..T\u00fcrkiye Milli Savunma Bakan\u0131 G\u00fcler: K\u0131br\u0131s bizim milli meselemizdir","datePublished":"2023-08-02T10:31:54+00:00","mainEntityOfPage":{"@id":"https:\/\/kibrisdakik.com\/?p=11496"},"wordCount":627,"commentCount":0,"image":{"@id":"https:\/\/kibrisdakik.com\/?p=11496#primaryimage"},"thumbnailUrl":"https:\/\/kibrisdakik.com\/wp-content\/uploads\/2023\/08\/Screenshot_20230802_094939_WhatsApp-740x420.jpg","articleSection":["G\u00fcndem"],"inLanguage":"tr","potentialAction":[{"@type":"CommentAction","name":"Comment","target":["https:\/\/kibrisdakik.com\/?p=11496#respond"]}]},{"@type":"WebPage","@id":"https:\/\/kibrisdakik.com\/?p=11496","url":"https:\/\/kibrisdakik.com\/?p=11496","name":"1 A\u011fustos nedeniyle Ankara\u2019da resepsiyon verildi..T\u00fcrkiye Milli Savunma Bakan\u0131 G\u00fcler: K\u0131br\u0131s bizim milli meselemizdir -","isPartOf":{"@id":"https:\/\/kibrisdakik.com\/#website"},"primaryImageOfPage":{"@id":"https:\/\/kibrisdakik.com\/?p=11496#primaryimage"},"image":{"@id":"https:\/\/kibrisdakik.com\/?p=11496#primaryimage"},"thumbnailUrl":"https:\/\/kibrisdakik.com\/wp-content\/uploads\/2023\/08\/Screenshot_20230802_094939_WhatsApp-740x420.jpg","datePublished":"2023-08-02T10:31:54+00:00","author":{"@id":"https:\/\/kibrisdakik.com\/#\/schema\/person\/9cd9d437bbb44f72b73ba127e06d8e79"},"breadcrumb":{"@id":"https:\/\/kibrisdakik.com\/?p=11496#breadcrumb"},"inLanguage":"tr","potentialAction":[{"@type":"ReadAction","target":["https:\/\/kibrisdakik.com\/?p=11496"]}]},{"@type":"ImageObject","inLanguage":"tr","@id":"https:\/\/kibrisdakik.com\/?p=11496#primaryimage","url":"https:\/\/kibrisdakik.com\/wp-content\/uploads\/2023\/08\/Screenshot_20230802_094939_WhatsApp-740x420.jpg","contentUrl":"https:\/\/kibrisdakik.com\/wp-content\/uploads\/2023\/08\/Screenshot_20230802_094939_WhatsApp-740x420.jpg","width":1080,"height":604},{"@type":"BreadcrumbList","@id":"https:\/\/kibrisdakik.com\/?p=11496#breadcrumb","itemListElement":[{"@type":"ListItem","position":1,"name":"Home","item":"https:\/\/kibrisdakik.com\/"},{"@type":"ListItem","position":2,"name":"1 A\u011fustos nedeniyle Ankara\u2019da resepsiyon verildi..T\u00fcrkiye Milli Savunma Bakan\u0131 G\u00fcler: K\u0131br\u0131s bizim milli meselemizdir"}]},{"@type":"WebSite","@id":"https:\/\/kibrisdakik.com\/#website","url":"https:\/\/kibrisdakik.com\/","name":"","description":"Tam vaktinde haber","potentialAction":[{"@type":"SearchAction","target":{"@type":"EntryPoint","urlTemplate":"https:\/\/kibrisdakik.com\/?s={search_term_string}"},"query-input":{"@type":"PropertyValueSpecification","valueRequired":true,"valueName":"search_term_string"}}],"inLanguage":"tr"},{"@type":"Person","@id":"https:\/\/kibrisdakik.com\/#\/schema\/person\/9cd9d437bbb44f72b73ba127e06d8e79","name":"admin","image":{"@type":"ImageObject","inLanguage":"tr","@id":"https:\/\/secure.gravatar.com\/avatar\/ccc17943b9d660506c869530f897617f7cb1c21a4bf30023f252596d83e1f007?s=96&d=mm&r=g","url":"https:\/\/secure.gravatar.com\/avatar\/ccc17943b9d660506c869530f897617f7cb1c21a4bf30023f252596d83e1f007?s=96&d=mm&r=g","contentUrl":"https:\/\/secure.gravatar.com\/avatar\/ccc17943b9d660506c869530f897617f7cb1c21a4bf30023f252596d83e1f007?s=96&d=mm&r=g","caption":"admin"},"sameAs":["https:\/\/kibrisdakik.com"],"url":"https:\/\/kibrisdakik.com\/?author=1"}]}},"_links":{"self":[{"href":"https:\/\/kibrisdakik.com\/index.php?rest_route=\/wp\/v2\/posts\/11496","targetHints":{"allow":["GET"]}}],"collection":[{"href":"https:\/\/kibrisdakik.com\/index.php?rest_route=\/wp\/v2\/posts"}],"about":[{"href":"https:\/\/kibrisdakik.com\/index.php?rest_route=\/wp\/v2\/types\/post"}],"author":[{"embeddable":true,"href":"https:\/\/kibrisdakik.com\/index.php?rest_route=\/wp\/v2\/users\/1"}],"replies":[{"embeddable":true,"href":"https:\/\/kibrisdakik.com\/index.php?rest_route=%2Fwp%2Fv2%2Fcomments&post=11496"}],"version-history":[{"count":0,"href":"https:\/\/kibrisdakik.com\/index.php?rest_route=\/wp\/v2\/posts\/11496\/revisions"}],"wp:featuredmedia":[{"embeddable":true,"href":"https:\/\/kibrisdakik.com\/index.php?rest_route=\/wp\/v2\/media\/11497"}],"wp:attachment":[{"href":"https:\/\/kibrisdakik.com\/index.php?rest_route=%2Fwp%2Fv2%2Fmedia&parent=11496"}],"wp:term":[{"taxonomy":"category","embeddable":true,"href":"https:\/\/kibrisdakik.com\/index.php?rest_route=%2Fwp%2Fv2%2Fcategories&post=11496"},{"taxonomy":"post_tag","embeddable":true,"href":"https:\/\/kibrisdakik.com\/index.php?rest_route=%2Fwp%2Fv2%2Ftags&post=11496"}],"curies":[{"name":"wp","href":"https:\/\/api.w.org\/{rel}","templated":true}]}}