{"id":11548,"date":"2023-08-03T08:01:01","date_gmt":"2023-08-03T08:01:01","guid":{"rendered":"https:\/\/kibrisdakik.com\/index.php\/2023\/08\/03\/ogrenciler-meclisi-ziyaret-etti\/"},"modified":"2023-08-03T08:01:01","modified_gmt":"2023-08-03T08:01:01","slug":"ogrenciler-meclisi-ziyaret-etti","status":"publish","type":"post","link":"https:\/\/kibrisdakik.com\/?p=11548","title":{"rendered":"\u00d6\u011frenciler Meclis\u2019i ziyaret etti"},"content":{"rendered":"<p><\/p>\n<div>\n<div class=\"mariselle-image-container center\">\n                <img width=\"1450\" height=\"489\" class=\"lazy-image\" alt=\"\" decoding=\"async\" loading=\"lazy\" sizes=\"auto, (max-width: 1450px) 100vw, 1450px\" src=\"https:\/\/brtk.net\/wp-content\/uploads\/2023\/08\/03\/486342be-3fad-4872-ab6a-d119db1d22b1.jpg?ver=f55685f8afaf9bdb7bf8dd2e9534bc1a\" srcset=\"https:\/\/brtk.net\/wp-content\/uploads\/2023\/08\/03\/486342be-3fad-4872-ab6a-d119db1d22b1.jpg?ver=f55685f8afaf9bdb7bf8dd2e9534bc1a 1450w, https:\/\/brtk.net\/wp-content\/uploads\/2023\/08\/03\/486342be-3fad-4872-ab6a-d119db1d22b1-300x101.jpg?ver=f55685f8afaf9bdb7bf8dd2e9534bc1a 300w, https:\/\/brtk.net\/wp-content\/uploads\/2023\/08\/03\/486342be-3fad-4872-ab6a-d119db1d22b1-1024x345.jpg?ver=f55685f8afaf9bdb7bf8dd2e9534bc1a 1024w, https:\/\/brtk.net\/wp-content\/uploads\/2023\/08\/03\/486342be-3fad-4872-ab6a-d119db1d22b1-768x259.jpg?ver=f55685f8afaf9bdb7bf8dd2e9534bc1a 768w\"\/>                            <\/div>\n<p>D\u00f6rt \u0130\u015flem E\u011fitim Merkezi\u2019nden  60 \u00e7ocuk, \u00f6\u011fretmenleri e\u015fli\u011finde Cumhuriyet Meclisi\u2019ni ziyaret etti.<\/p>\n<p>Meclis K\u00fct\u00fcphanesini ziyaret eden \u00e7ocuklar, Genel Kurul s\u0131ralar\u0131nda oturdu ve kendilerine Meclis hakk\u0131nda bilgiler verildi.<\/p>\n<p>Milletvekili k\u00fcrs\u00fcs\u00fcnden \u015fiirler de okuyan \u00e7ocuklar, vekil koltuklar\u0131ndan \u00fclke sorunlar\u0131na dair g\u00f6r\u00fc\u015flerini de dile getirdi.<\/p>\n<p>Genel Kurul salonunda \u00e7ocuklara hitap eden Cumhuriyet Meclisi Ba\u015fkan\u0131 Zorlu T\u00f6re, Meclis\u2019in arka taraf\u0131nda yer alan \u201cEgemenlik kay\u0131ts\u0131z \u015farts\u0131z ulusundur\u201d ifadesinin iyi bilinmesi gerekti\u011fine de\u011finerek, burada bulunan Milletvekillerinin halk\u0131n ad\u0131na Meclis\u2019te yer ald\u0131klar\u0131n\u0131 s\u00f6yledi.<\/p>\n<p>Atat\u00fcrk\u2019\u00fcn \u201cT\u00fcrk \u00e7ocu\u011fu ecdad\u0131n\u0131 tan\u0131d\u0131k\u00e7a daha b\u00fcy\u00fck i\u015fler yapmak i\u00e7in kendinde kuvvet bulacakt\u0131r\u201d s\u00f6z\u00fcn\u00fc an\u0131msatan T\u00f6re, \u00e7ocuklar\u0131n her zaman ge\u00e7mi\u015fini ve tarihini iyi bilmesi gerekti\u011fini kaydetti.<\/p>\n<p>Kendilerinin g\u00f6revinin <a href=\"https:\/\/brtk.net\/\">KKTC<\/a>\u2019ni korumak, ya\u015fatmak ve y\u00fckseltmek oldu\u011funa ,i\u015faret eden T\u00f6re: \u201cSizler cumhuriyette do\u011fdunuz. Ne mutlu size\u2026\u00d6g\u00fcrs\u00fcn\u00fcz ve g\u00fcvence alt\u0131ndas\u0131n\u0131z. Toplumunuza, halk\u0131n\u0131za yararl\u0131 birer birey olarak yeti\u015feceksiniz\u201d dedi.<\/p>\n<p>T\u00f6re, \u00f6\u011fretmen ve \u00f6\u011frencilere ba\u015far\u0131lar diledi.<\/p>\n<\/p><\/div>\n<p><script async\n                    defer\n                    crossorigin=\"anonymous\"\n                    src=\"https:\/\/connect.facebook.net\/tr_TR\/sdk.js#xfbml=1&#038;version=v3.3\"\n            ><\/script><\/p>\n","protected":false},"excerpt":{"rendered":"<p>D\u00f6rt \u0130\u015flem E\u011fitim Merkezi\u2019nden 60 \u00e7ocuk, \u00f6\u011fretmenleri e\u015fli\u011finde Cumhuriyet Meclisi\u2019ni ziyaret etti. Meclis K\u00fct\u00fcphanesini ziyaret eden \u00e7ocuklar, Genel Kurul s\u0131ralar\u0131nda oturdu ve kendilerine Meclis hakk\u0131nda bilgiler verildi. Milletvekili k\u00fcrs\u00fcs\u00fcnden \u015fiirler de okuyan \u00e7ocuklar, vekil koltuklar\u0131ndan \u00fclke sorunlar\u0131na dair g\u00f6r\u00fc\u015flerini de dile getirdi. Genel Kurul salonunda \u00e7ocuklara hitap eden Cumhuriyet Meclisi Ba\u015fkan\u0131 Zorlu T\u00f6re, Meclis\u2019in arka<\/p>\n","protected":false},"author":1,"featured_media":11549,"comment_status":"open","ping_status":"open","sticky":false,"template":"","format":"standard","meta":{"footnotes":""},"categories":[1],"tags":[],"class_list":["post-11548","post","type-post","status-publish","format-standard","has-post-thumbnail","hentry","category-gundem"],"yoast_head":"<!-- This site is optimized with the Yoast SEO plugin v27.4 - https:\/\/yoast.com\/product\/yoast-seo-wordpress\/ -->\n<title>\u00d6\u011frenciler Meclis\u2019i ziyaret etti -<\/title>\n<meta name=\"robots\" content=\"index, follow, max-snippet:-1, max-image-preview:large, max-video-preview:-1\" \/>\n<link rel=\"canonical\" href=\"https:\/\/kibrisdakik.com\/?p=11548\" \/>\n<meta property=\"og:locale\" content=\"tr_TR\" \/>\n<meta property=\"og:type\" content=\"article\" \/>\n<meta property=\"og:title\" content=\"\u00d6\u011frenciler Meclis\u2019i ziyaret etti -\" \/>\n<meta property=\"og:description\" content=\"D\u00f6rt \u0130\u015flem E\u011fitim Merkezi\u2019nden 60 \u00e7ocuk, \u00f6\u011fretmenleri e\u015fli\u011finde Cumhuriyet Meclisi\u2019ni ziyaret etti. Meclis K\u00fct\u00fcphanesini ziyaret eden \u00e7ocuklar, Genel Kurul s\u0131ralar\u0131nda oturdu ve kendilerine Meclis hakk\u0131nda bilgiler verildi. Milletvekili k\u00fcrs\u00fcs\u00fcnden \u015fiirler de okuyan \u00e7ocuklar, vekil koltuklar\u0131ndan \u00fclke sorunlar\u0131na dair g\u00f6r\u00fc\u015flerini de dile getirdi. Genel Kurul salonunda \u00e7ocuklara hitap eden Cumhuriyet Meclisi Ba\u015fkan\u0131 Zorlu T\u00f6re, Meclis\u2019in arka\" \/>\n<meta property=\"og:url\" content=\"https:\/\/kibrisdakik.com\/?p=11548\" \/>\n<meta property=\"article:published_time\" content=\"2023-08-03T08:01:01+00:00\" \/>\n<meta property=\"og:image\" content=\"https:\/\/kibrisdakik.com\/wp-content\/uploads\/2023\/08\/486342be-3fad-4872-ab6a-d119db1d22b1-740x420.jpg\" \/>\n\t<meta property=\"og:image:width\" content=\"1450\" \/>\n\t<meta property=\"og:image:height\" content=\"489\" \/>\n\t<meta property=\"og:image:type\" content=\"image\/jpeg\" \/>\n<meta name=\"author\" content=\"admin\" \/>\n<meta name=\"twitter:card\" content=\"summary_large_image\" \/>\n<meta name=\"twitter:label1\" content=\"Yazan:\" \/>\n\t<meta name=\"twitter:data1\" content=\"admin\" \/>\n\t<meta name=\"twitter:label2\" content=\"Tahmini okuma s\u00fcresi\" \/>\n\t<meta name=\"twitter:data2\" content=\"1 dakika\" \/>\n<script type=\"application\/ld+json\" class=\"yoast-schema-graph\">{\"@context\":\"https:\\\/\\\/schema.org\",\"@graph\":[{\"@type\":\"Article\",\"@id\":\"https:\\\/\\\/kibrisdakik.com\\\/?p=11548#article\",\"isPartOf\":{\"@id\":\"https:\\\/\\\/kibrisdakik.com\\\/?p=11548\"},\"author\":{\"name\":\"admin\",\"@id\":\"https:\\\/\\\/kibrisdakik.com\\\/#\\\/schema\\\/person\\\/9cd9d437bbb44f72b73ba127e06d8e79\"},\"headline\":\"\u00d6\u011frenciler Meclis\u2019i ziyaret etti\",\"datePublished\":\"2023-08-03T08:01:01+00:00\",\"mainEntityOfPage\":{\"@id\":\"https:\\\/\\\/kibrisdakik.com\\\/?p=11548\"},\"wordCount\":216,\"commentCount\":0,\"image\":{\"@id\":\"https:\\\/\\\/kibrisdakik.com\\\/?p=11548#primaryimage\"},\"thumbnailUrl\":\"https:\\\/\\\/kibrisdakik.com\\\/wp-content\\\/uploads\\\/2023\\\/08\\\/486342be-3fad-4872-ab6a-d119db1d22b1-740x420.jpg\",\"articleSection\":[\"G\u00fcndem\"],\"inLanguage\":\"tr\",\"potentialAction\":[{\"@type\":\"CommentAction\",\"name\":\"Comment\",\"target\":[\"https:\\\/\\\/kibrisdakik.com\\\/?p=11548#respond\"]}]},{\"@type\":\"WebPage\",\"@id\":\"https:\\\/\\\/kibrisdakik.com\\\/?p=11548\",\"url\":\"https:\\\/\\\/kibrisdakik.com\\\/?p=11548\",\"name\":\"\u00d6\u011frenciler Meclis\u2019i ziyaret etti -\",\"isPartOf\":{\"@id\":\"https:\\\/\\\/kibrisdakik.com\\\/#website\"},\"primaryImageOfPage\":{\"@id\":\"https:\\\/\\\/kibrisdakik.com\\\/?p=11548#primaryimage\"},\"image\":{\"@id\":\"https:\\\/\\\/kibrisdakik.com\\\/?p=11548#primaryimage\"},\"thumbnailUrl\":\"https:\\\/\\\/kibrisdakik.com\\\/wp-content\\\/uploads\\\/2023\\\/08\\\/486342be-3fad-4872-ab6a-d119db1d22b1-740x420.jpg\",\"datePublished\":\"2023-08-03T08:01:01+00:00\",\"author\":{\"@id\":\"https:\\\/\\\/kibrisdakik.com\\\/#\\\/schema\\\/person\\\/9cd9d437bbb44f72b73ba127e06d8e79\"},\"breadcrumb\":{\"@id\":\"https:\\\/\\\/kibrisdakik.com\\\/?p=11548#breadcrumb\"},\"inLanguage\":\"tr\",\"potentialAction\":[{\"@type\":\"ReadAction\",\"target\":[\"https:\\\/\\\/kibrisdakik.com\\\/?p=11548\"]}]},{\"@type\":\"ImageObject\",\"inLanguage\":\"tr\",\"@id\":\"https:\\\/\\\/kibrisdakik.com\\\/?p=11548#primaryimage\",\"url\":\"https:\\\/\\\/kibrisdakik.com\\\/wp-content\\\/uploads\\\/2023\\\/08\\\/486342be-3fad-4872-ab6a-d119db1d22b1-740x420.jpg\",\"contentUrl\":\"https:\\\/\\\/kibrisdakik.com\\\/wp-content\\\/uploads\\\/2023\\\/08\\\/486342be-3fad-4872-ab6a-d119db1d22b1-740x420.jpg\",\"width\":1450,\"height\":489},{\"@type\":\"BreadcrumbList\",\"@id\":\"https:\\\/\\\/kibrisdakik.com\\\/?p=11548#breadcrumb\",\"itemListElement\":[{\"@type\":\"ListItem\",\"position\":1,\"name\":\"Home\",\"item\":\"https:\\\/\\\/kibrisdakik.com\\\/\"},{\"@type\":\"ListItem\",\"position\":2,\"name\":\"\u00d6\u011frenciler Meclis\u2019i ziyaret etti\"}]},{\"@type\":\"WebSite\",\"@id\":\"https:\\\/\\\/kibrisdakik.com\\\/#website\",\"url\":\"https:\\\/\\\/kibrisdakik.com\\\/\",\"name\":\"\",\"description\":\"Tam vaktinde haber\",\"potentialAction\":[{\"@type\":\"SearchAction\",\"target\":{\"@type\":\"EntryPoint\",\"urlTemplate\":\"https:\\\/\\\/kibrisdakik.com\\\/?s={search_term_string}\"},\"query-input\":{\"@type\":\"PropertyValueSpecification\",\"valueRequired\":true,\"valueName\":\"search_term_string\"}}],\"inLanguage\":\"tr\"},{\"@type\":\"Person\",\"@id\":\"https:\\\/\\\/kibrisdakik.com\\\/#\\\/schema\\\/person\\\/9cd9d437bbb44f72b73ba127e06d8e79\",\"name\":\"admin\",\"image\":{\"@type\":\"ImageObject\",\"inLanguage\":\"tr\",\"@id\":\"https:\\\/\\\/secure.gravatar.com\\\/avatar\\\/ccc17943b9d660506c869530f897617f7cb1c21a4bf30023f252596d83e1f007?s=96&d=mm&r=g\",\"url\":\"https:\\\/\\\/secure.gravatar.com\\\/avatar\\\/ccc17943b9d660506c869530f897617f7cb1c21a4bf30023f252596d83e1f007?s=96&d=mm&r=g\",\"contentUrl\":\"https:\\\/\\\/secure.gravatar.com\\\/avatar\\\/ccc17943b9d660506c869530f897617f7cb1c21a4bf30023f252596d83e1f007?s=96&d=mm&r=g\",\"caption\":\"admin\"},\"sameAs\":[\"https:\\\/\\\/kibrisdakik.com\"],\"url\":\"https:\\\/\\\/kibrisdakik.com\\\/?author=1\"}]}<\/script>\n<!-- \/ Yoast SEO plugin. -->","yoast_head_json":{"title":"\u00d6\u011frenciler Meclis\u2019i ziyaret etti -","robots":{"index":"index","follow":"follow","max-snippet":"max-snippet:-1","max-image-preview":"max-image-preview:large","max-video-preview":"max-video-preview:-1"},"canonical":"https:\/\/kibrisdakik.com\/?p=11548","og_locale":"tr_TR","og_type":"article","og_title":"\u00d6\u011frenciler Meclis\u2019i ziyaret etti -","og_description":"D\u00f6rt \u0130\u015flem E\u011fitim Merkezi\u2019nden 60 \u00e7ocuk, \u00f6\u011fretmenleri e\u015fli\u011finde Cumhuriyet Meclisi\u2019ni ziyaret etti. Meclis K\u00fct\u00fcphanesini ziyaret eden \u00e7ocuklar, Genel Kurul s\u0131ralar\u0131nda oturdu ve kendilerine Meclis hakk\u0131nda bilgiler verildi. Milletvekili k\u00fcrs\u00fcs\u00fcnden \u015fiirler de okuyan \u00e7ocuklar, vekil koltuklar\u0131ndan \u00fclke sorunlar\u0131na dair g\u00f6r\u00fc\u015flerini de dile getirdi. Genel Kurul salonunda \u00e7ocuklara hitap eden Cumhuriyet Meclisi Ba\u015fkan\u0131 Zorlu T\u00f6re, Meclis\u2019in arka","og_url":"https:\/\/kibrisdakik.com\/?p=11548","article_published_time":"2023-08-03T08:01:01+00:00","og_image":[{"width":1450,"height":489,"url":"https:\/\/kibrisdakik.com\/wp-content\/uploads\/2023\/08\/486342be-3fad-4872-ab6a-d119db1d22b1-740x420.jpg","type":"image\/jpeg"}],"author":"admin","twitter_card":"summary_large_image","twitter_misc":{"Yazan:":"admin","Tahmini okuma s\u00fcresi":"1 dakika"},"schema":{"@context":"https:\/\/schema.org","@graph":[{"@type":"Article","@id":"https:\/\/kibrisdakik.com\/?p=11548#article","isPartOf":{"@id":"https:\/\/kibrisdakik.com\/?p=11548"},"author":{"name":"admin","@id":"https:\/\/kibrisdakik.com\/#\/schema\/person\/9cd9d437bbb44f72b73ba127e06d8e79"},"headline":"\u00d6\u011frenciler Meclis\u2019i ziyaret etti","datePublished":"2023-08-03T08:01:01+00:00","mainEntityOfPage":{"@id":"https:\/\/kibrisdakik.com\/?p=11548"},"wordCount":216,"commentCount":0,"image":{"@id":"https:\/\/kibrisdakik.com\/?p=11548#primaryimage"},"thumbnailUrl":"https:\/\/kibrisdakik.com\/wp-content\/uploads\/2023\/08\/486342be-3fad-4872-ab6a-d119db1d22b1-740x420.jpg","articleSection":["G\u00fcndem"],"inLanguage":"tr","potentialAction":[{"@type":"CommentAction","name":"Comment","target":["https:\/\/kibrisdakik.com\/?p=11548#respond"]}]},{"@type":"WebPage","@id":"https:\/\/kibrisdakik.com\/?p=11548","url":"https:\/\/kibrisdakik.com\/?p=11548","name":"\u00d6\u011frenciler Meclis\u2019i ziyaret etti -","isPartOf":{"@id":"https:\/\/kibrisdakik.com\/#website"},"primaryImageOfPage":{"@id":"https:\/\/kibrisdakik.com\/?p=11548#primaryimage"},"image":{"@id":"https:\/\/kibrisdakik.com\/?p=11548#primaryimage"},"thumbnailUrl":"https:\/\/kibrisdakik.com\/wp-content\/uploads\/2023\/08\/486342be-3fad-4872-ab6a-d119db1d22b1-740x420.jpg","datePublished":"2023-08-03T08:01:01+00:00","author":{"@id":"https:\/\/kibrisdakik.com\/#\/schema\/person\/9cd9d437bbb44f72b73ba127e06d8e79"},"breadcrumb":{"@id":"https:\/\/kibrisdakik.com\/?p=11548#breadcrumb"},"inLanguage":"tr","potentialAction":[{"@type":"ReadAction","target":["https:\/\/kibrisdakik.com\/?p=11548"]}]},{"@type":"ImageObject","inLanguage":"tr","@id":"https:\/\/kibrisdakik.com\/?p=11548#primaryimage","url":"https:\/\/kibrisdakik.com\/wp-content\/uploads\/2023\/08\/486342be-3fad-4872-ab6a-d119db1d22b1-740x420.jpg","contentUrl":"https:\/\/kibrisdakik.com\/wp-content\/uploads\/2023\/08\/486342be-3fad-4872-ab6a-d119db1d22b1-740x420.jpg","width":1450,"height":489},{"@type":"BreadcrumbList","@id":"https:\/\/kibrisdakik.com\/?p=11548#breadcrumb","itemListElement":[{"@type":"ListItem","position":1,"name":"Home","item":"https:\/\/kibrisdakik.com\/"},{"@type":"ListItem","position":2,"name":"\u00d6\u011frenciler Meclis\u2019i ziyaret etti"}]},{"@type":"WebSite","@id":"https:\/\/kibrisdakik.com\/#website","url":"https:\/\/kibrisdakik.com\/","name":"","description":"Tam vaktinde haber","potentialAction":[{"@type":"SearchAction","target":{"@type":"EntryPoint","urlTemplate":"https:\/\/kibrisdakik.com\/?s={search_term_string}"},"query-input":{"@type":"PropertyValueSpecification","valueRequired":true,"valueName":"search_term_string"}}],"inLanguage":"tr"},{"@type":"Person","@id":"https:\/\/kibrisdakik.com\/#\/schema\/person\/9cd9d437bbb44f72b73ba127e06d8e79","name":"admin","image":{"@type":"ImageObject","inLanguage":"tr","@id":"https:\/\/secure.gravatar.com\/avatar\/ccc17943b9d660506c869530f897617f7cb1c21a4bf30023f252596d83e1f007?s=96&d=mm&r=g","url":"https:\/\/secure.gravatar.com\/avatar\/ccc17943b9d660506c869530f897617f7cb1c21a4bf30023f252596d83e1f007?s=96&d=mm&r=g","contentUrl":"https:\/\/secure.gravatar.com\/avatar\/ccc17943b9d660506c869530f897617f7cb1c21a4bf30023f252596d83e1f007?s=96&d=mm&r=g","caption":"admin"},"sameAs":["https:\/\/kibrisdakik.com"],"url":"https:\/\/kibrisdakik.com\/?author=1"}]}},"_links":{"self":[{"href":"https:\/\/kibrisdakik.com\/index.php?rest_route=\/wp\/v2\/posts\/11548","targetHints":{"allow":["GET"]}}],"collection":[{"href":"https:\/\/kibrisdakik.com\/index.php?rest_route=\/wp\/v2\/posts"}],"about":[{"href":"https:\/\/kibrisdakik.com\/index.php?rest_route=\/wp\/v2\/types\/post"}],"author":[{"embeddable":true,"href":"https:\/\/kibrisdakik.com\/index.php?rest_route=\/wp\/v2\/users\/1"}],"replies":[{"embeddable":true,"href":"https:\/\/kibrisdakik.com\/index.php?rest_route=%2Fwp%2Fv2%2Fcomments&post=11548"}],"version-history":[{"count":0,"href":"https:\/\/kibrisdakik.com\/index.php?rest_route=\/wp\/v2\/posts\/11548\/revisions"}],"wp:featuredmedia":[{"embeddable":true,"href":"https:\/\/kibrisdakik.com\/index.php?rest_route=\/wp\/v2\/media\/11549"}],"wp:attachment":[{"href":"https:\/\/kibrisdakik.com\/index.php?rest_route=%2Fwp%2Fv2%2Fmedia&parent=11548"}],"wp:term":[{"taxonomy":"category","embeddable":true,"href":"https:\/\/kibrisdakik.com\/index.php?rest_route=%2Fwp%2Fv2%2Fcategories&post=11548"},{"taxonomy":"post_tag","embeddable":true,"href":"https:\/\/kibrisdakik.com\/index.php?rest_route=%2Fwp%2Fv2%2Ftags&post=11548"}],"curies":[{"name":"wp","href":"https:\/\/api.w.org\/{rel}","templated":true}]}}