{"id":11568,"date":"2023-08-03T13:09:28","date_gmt":"2023-08-03T13:09:28","guid":{"rendered":"https:\/\/kibrisdakik.com\/index.php\/2023\/08\/03\/taekwondocular-mucadele-verdi\/"},"modified":"2023-08-03T13:09:28","modified_gmt":"2023-08-03T13:09:28","slug":"taekwondocular-mucadele-verdi","status":"publish","type":"post","link":"https:\/\/kibrisdakik.com\/?p=11568","title":{"rendered":"Taekwondocular m\u00fccadele verdi"},"content":{"rendered":"<p> <br \/>\n<\/p>\n<div>\n<div class=\"mariselle-image-container none\">\n                <img width=\"1600\" height=\"1200\" class=\"lazy-image\" alt=\"\" decoding=\"async\" loading=\"lazy\" sizes=\"auto, (max-width: 1600px) 100vw, 1600px\" src=\"https:\/\/brtk.net\/wp-content\/uploads\/2023\/08\/03\/TAEKWONDO.jpg?ver=772ec7ac9efd47f3c059f1faeeb41acb\" srcset=\"https:\/\/brtk.net\/wp-content\/uploads\/2023\/08\/03\/TAEKWONDO.jpg?ver=772ec7ac9efd47f3c059f1faeeb41acb 1600w, https:\/\/brtk.net\/wp-content\/uploads\/2023\/08\/03\/TAEKWONDO-300x225.jpg?ver=772ec7ac9efd47f3c059f1faeeb41acb 300w, https:\/\/brtk.net\/wp-content\/uploads\/2023\/08\/03\/TAEKWONDO-1024x768.jpg?ver=772ec7ac9efd47f3c059f1faeeb41acb 1024w, https:\/\/brtk.net\/wp-content\/uploads\/2023\/08\/03\/TAEKWONDO-768x576.jpg?ver=45e3ffa790a72665a4d27c0b6b924943 768w, https:\/\/brtk.net\/wp-content\/uploads\/2023\/08\/03\/TAEKWONDO-1536x1152.jpg?ver=45e3ffa790a72665a4d27c0b6b924943 1536w\"\/>                            <\/div>\n<p>Taekwondo Karate Judo Aikido Federasyonu\u2019nun 1 A\u011fustos Mukavemet M\u00fcsabakalar\u0131 \u00f6nceki g\u00fcn yap\u0131ld\u0131.<\/p>\n<p>Girne Avrasya Taekwondo Merkezi\u2019nde ger\u00e7ekle\u015ftirilen \u015fampiyonaya t\u00fcm b\u00f6lge sporcular\u0131 kat\u0131l\u0131rken \u015fampiyonay\u0131, Masterler \u00d6yk\u00fc Ergin ve Ali Uslu ba\u015fkanl\u0131\u011f\u0131nda\u00a0 Ceyda U\u00e7aner, Anna T\u00fcys\u00fcz, \u015eakirYa\u011f\u0131zsoy ve federasyon hakem heyeti y\u00f6netti.<\/p>\n<p>M\u00fcsabakalarda dereceye girenlere \u00f6d\u00fclleri ise Federasyon Ba\u015fkan\u0131\u00a0 Senior Grand Master Ey\u00fcp Zafer G\u00f6kbilen ve\u00a0 kul\u00fcp temsilcileri verdi.<\/p>\n<\/p><\/div>\n<p><script async\n                    defer\n                    crossorigin=\"anonymous\"\n                    src=\"https:\/\/connect.facebook.net\/tr_TR\/sdk.js#xfbml=1&#038;version=v3.3\"\n            ><\/script><br \/>\n<br \/><br \/>\n<br \/><a href=\"https:\/\/brtk.net\/taekwondocular-mucadele-verdi\/\"> <\/a><\/p>\n","protected":false},"excerpt":{"rendered":"<p>Taekwondo Karate Judo Aikido Federasyonu\u2019nun 1 A\u011fustos Mukavemet M\u00fcsabakalar\u0131 \u00f6nceki g\u00fcn yap\u0131ld\u0131. Girne Avrasya Taekwondo Merkezi\u2019nde ger\u00e7ekle\u015ftirilen \u015fampiyonaya t\u00fcm b\u00f6lge sporcular\u0131 kat\u0131l\u0131rken \u015fampiyonay\u0131, Masterler \u00d6yk\u00fc Ergin ve Ali Uslu ba\u015fkanl\u0131\u011f\u0131nda\u00a0 Ceyda U\u00e7aner, Anna T\u00fcys\u00fcz, \u015eakirYa\u011f\u0131zsoy ve federasyon hakem heyeti y\u00f6netti. M\u00fcsabakalarda dereceye girenlere \u00f6d\u00fclleri ise Federasyon Ba\u015fkan\u0131\u00a0 Senior Grand Master Ey\u00fcp Zafer G\u00f6kbilen ve\u00a0 kul\u00fcp<\/p>\n","protected":false},"author":1,"featured_media":11569,"comment_status":"open","ping_status":"open","sticky":false,"template":"","format":"standard","meta":{"footnotes":""},"categories":[85],"tags":[],"class_list":["post-11568","post","type-post","status-publish","format-standard","has-post-thumbnail","hentry","category-spor"],"yoast_head":"<!-- This site is optimized with the Yoast SEO plugin v27.4 - https:\/\/yoast.com\/product\/yoast-seo-wordpress\/ -->\n<title>Taekwondocular m\u00fccadele verdi -<\/title>\n<meta name=\"robots\" content=\"index, follow, max-snippet:-1, max-image-preview:large, max-video-preview:-1\" \/>\n<link rel=\"canonical\" href=\"https:\/\/kibrisdakik.com\/?p=11568\" \/>\n<meta property=\"og:locale\" content=\"tr_TR\" \/>\n<meta property=\"og:type\" content=\"article\" \/>\n<meta property=\"og:title\" content=\"Taekwondocular m\u00fccadele verdi -\" \/>\n<meta property=\"og:description\" content=\"Taekwondo Karate Judo Aikido Federasyonu\u2019nun 1 A\u011fustos Mukavemet M\u00fcsabakalar\u0131 \u00f6nceki g\u00fcn yap\u0131ld\u0131. Girne Avrasya Taekwondo Merkezi\u2019nde ger\u00e7ekle\u015ftirilen \u015fampiyonaya t\u00fcm b\u00f6lge sporcular\u0131 kat\u0131l\u0131rken \u015fampiyonay\u0131, Masterler \u00d6yk\u00fc Ergin ve Ali Uslu ba\u015fkanl\u0131\u011f\u0131nda\u00a0 Ceyda U\u00e7aner, Anna T\u00fcys\u00fcz, \u015eakirYa\u011f\u0131zsoy ve federasyon hakem heyeti y\u00f6netti. M\u00fcsabakalarda dereceye girenlere \u00f6d\u00fclleri ise Federasyon Ba\u015fkan\u0131\u00a0 Senior Grand Master Ey\u00fcp Zafer G\u00f6kbilen ve\u00a0 kul\u00fcp\" \/>\n<meta property=\"og:url\" content=\"https:\/\/kibrisdakik.com\/?p=11568\" \/>\n<meta property=\"article:published_time\" content=\"2023-08-03T13:09:28+00:00\" \/>\n<meta property=\"og:image\" content=\"https:\/\/kibrisdakik.com\/wp-content\/uploads\/2023\/08\/TAEKWONDO-740x420.jpg\" \/>\n\t<meta property=\"og:image:width\" content=\"1600\" \/>\n\t<meta property=\"og:image:height\" content=\"1200\" \/>\n\t<meta property=\"og:image:type\" content=\"image\/jpeg\" \/>\n<meta name=\"author\" content=\"admin\" \/>\n<meta name=\"twitter:card\" content=\"summary_large_image\" \/>\n<meta name=\"twitter:label1\" content=\"Yazan:\" \/>\n\t<meta name=\"twitter:data1\" content=\"admin\" \/>\n<script type=\"application\/ld+json\" class=\"yoast-schema-graph\">{\"@context\":\"https:\\\/\\\/schema.org\",\"@graph\":[{\"@type\":\"Article\",\"@id\":\"https:\\\/\\\/kibrisdakik.com\\\/?p=11568#article\",\"isPartOf\":{\"@id\":\"https:\\\/\\\/kibrisdakik.com\\\/?p=11568\"},\"author\":{\"name\":\"admin\",\"@id\":\"https:\\\/\\\/kibrisdakik.com\\\/#\\\/schema\\\/person\\\/9cd9d437bbb44f72b73ba127e06d8e79\"},\"headline\":\"Taekwondocular m\u00fccadele verdi\",\"datePublished\":\"2023-08-03T13:09:28+00:00\",\"mainEntityOfPage\":{\"@id\":\"https:\\\/\\\/kibrisdakik.com\\\/?p=11568\"},\"wordCount\":87,\"commentCount\":0,\"image\":{\"@id\":\"https:\\\/\\\/kibrisdakik.com\\\/?p=11568#primaryimage\"},\"thumbnailUrl\":\"https:\\\/\\\/kibrisdakik.com\\\/wp-content\\\/uploads\\\/2023\\\/08\\\/TAEKWONDO-740x420.jpg\",\"articleSection\":[\"Spor\"],\"inLanguage\":\"tr\",\"potentialAction\":[{\"@type\":\"CommentAction\",\"name\":\"Comment\",\"target\":[\"https:\\\/\\\/kibrisdakik.com\\\/?p=11568#respond\"]}]},{\"@type\":\"WebPage\",\"@id\":\"https:\\\/\\\/kibrisdakik.com\\\/?p=11568\",\"url\":\"https:\\\/\\\/kibrisdakik.com\\\/?p=11568\",\"name\":\"Taekwondocular m\u00fccadele verdi -\",\"isPartOf\":{\"@id\":\"https:\\\/\\\/kibrisdakik.com\\\/#website\"},\"primaryImageOfPage\":{\"@id\":\"https:\\\/\\\/kibrisdakik.com\\\/?p=11568#primaryimage\"},\"image\":{\"@id\":\"https:\\\/\\\/kibrisdakik.com\\\/?p=11568#primaryimage\"},\"thumbnailUrl\":\"https:\\\/\\\/kibrisdakik.com\\\/wp-content\\\/uploads\\\/2023\\\/08\\\/TAEKWONDO-740x420.jpg\",\"datePublished\":\"2023-08-03T13:09:28+00:00\",\"author\":{\"@id\":\"https:\\\/\\\/kibrisdakik.com\\\/#\\\/schema\\\/person\\\/9cd9d437bbb44f72b73ba127e06d8e79\"},\"breadcrumb\":{\"@id\":\"https:\\\/\\\/kibrisdakik.com\\\/?p=11568#breadcrumb\"},\"inLanguage\":\"tr\",\"potentialAction\":[{\"@type\":\"ReadAction\",\"target\":[\"https:\\\/\\\/kibrisdakik.com\\\/?p=11568\"]}]},{\"@type\":\"ImageObject\",\"inLanguage\":\"tr\",\"@id\":\"https:\\\/\\\/kibrisdakik.com\\\/?p=11568#primaryimage\",\"url\":\"https:\\\/\\\/kibrisdakik.com\\\/wp-content\\\/uploads\\\/2023\\\/08\\\/TAEKWONDO-740x420.jpg\",\"contentUrl\":\"https:\\\/\\\/kibrisdakik.com\\\/wp-content\\\/uploads\\\/2023\\\/08\\\/TAEKWONDO-740x420.jpg\",\"width\":1600,\"height\":1200},{\"@type\":\"BreadcrumbList\",\"@id\":\"https:\\\/\\\/kibrisdakik.com\\\/?p=11568#breadcrumb\",\"itemListElement\":[{\"@type\":\"ListItem\",\"position\":1,\"name\":\"Home\",\"item\":\"https:\\\/\\\/kibrisdakik.com\\\/\"},{\"@type\":\"ListItem\",\"position\":2,\"name\":\"Taekwondocular m\u00fccadele verdi\"}]},{\"@type\":\"WebSite\",\"@id\":\"https:\\\/\\\/kibrisdakik.com\\\/#website\",\"url\":\"https:\\\/\\\/kibrisdakik.com\\\/\",\"name\":\"\",\"description\":\"Tam vaktinde haber\",\"potentialAction\":[{\"@type\":\"SearchAction\",\"target\":{\"@type\":\"EntryPoint\",\"urlTemplate\":\"https:\\\/\\\/kibrisdakik.com\\\/?s={search_term_string}\"},\"query-input\":{\"@type\":\"PropertyValueSpecification\",\"valueRequired\":true,\"valueName\":\"search_term_string\"}}],\"inLanguage\":\"tr\"},{\"@type\":\"Person\",\"@id\":\"https:\\\/\\\/kibrisdakik.com\\\/#\\\/schema\\\/person\\\/9cd9d437bbb44f72b73ba127e06d8e79\",\"name\":\"admin\",\"image\":{\"@type\":\"ImageObject\",\"inLanguage\":\"tr\",\"@id\":\"https:\\\/\\\/secure.gravatar.com\\\/avatar\\\/ccc17943b9d660506c869530f897617f7cb1c21a4bf30023f252596d83e1f007?s=96&d=mm&r=g\",\"url\":\"https:\\\/\\\/secure.gravatar.com\\\/avatar\\\/ccc17943b9d660506c869530f897617f7cb1c21a4bf30023f252596d83e1f007?s=96&d=mm&r=g\",\"contentUrl\":\"https:\\\/\\\/secure.gravatar.com\\\/avatar\\\/ccc17943b9d660506c869530f897617f7cb1c21a4bf30023f252596d83e1f007?s=96&d=mm&r=g\",\"caption\":\"admin\"},\"sameAs\":[\"https:\\\/\\\/kibrisdakik.com\"],\"url\":\"https:\\\/\\\/kibrisdakik.com\\\/?author=1\"}]}<\/script>\n<!-- \/ Yoast SEO plugin. -->","yoast_head_json":{"title":"Taekwondocular m\u00fccadele verdi -","robots":{"index":"index","follow":"follow","max-snippet":"max-snippet:-1","max-image-preview":"max-image-preview:large","max-video-preview":"max-video-preview:-1"},"canonical":"https:\/\/kibrisdakik.com\/?p=11568","og_locale":"tr_TR","og_type":"article","og_title":"Taekwondocular m\u00fccadele verdi -","og_description":"Taekwondo Karate Judo Aikido Federasyonu\u2019nun 1 A\u011fustos Mukavemet M\u00fcsabakalar\u0131 \u00f6nceki g\u00fcn yap\u0131ld\u0131. Girne Avrasya Taekwondo Merkezi\u2019nde ger\u00e7ekle\u015ftirilen \u015fampiyonaya t\u00fcm b\u00f6lge sporcular\u0131 kat\u0131l\u0131rken \u015fampiyonay\u0131, Masterler \u00d6yk\u00fc Ergin ve Ali Uslu ba\u015fkanl\u0131\u011f\u0131nda\u00a0 Ceyda U\u00e7aner, Anna T\u00fcys\u00fcz, \u015eakirYa\u011f\u0131zsoy ve federasyon hakem heyeti y\u00f6netti. M\u00fcsabakalarda dereceye girenlere \u00f6d\u00fclleri ise Federasyon Ba\u015fkan\u0131\u00a0 Senior Grand Master Ey\u00fcp Zafer G\u00f6kbilen ve\u00a0 kul\u00fcp","og_url":"https:\/\/kibrisdakik.com\/?p=11568","article_published_time":"2023-08-03T13:09:28+00:00","og_image":[{"width":1600,"height":1200,"url":"https:\/\/kibrisdakik.com\/wp-content\/uploads\/2023\/08\/TAEKWONDO-740x420.jpg","type":"image\/jpeg"}],"author":"admin","twitter_card":"summary_large_image","twitter_misc":{"Yazan:":"admin"},"schema":{"@context":"https:\/\/schema.org","@graph":[{"@type":"Article","@id":"https:\/\/kibrisdakik.com\/?p=11568#article","isPartOf":{"@id":"https:\/\/kibrisdakik.com\/?p=11568"},"author":{"name":"admin","@id":"https:\/\/kibrisdakik.com\/#\/schema\/person\/9cd9d437bbb44f72b73ba127e06d8e79"},"headline":"Taekwondocular m\u00fccadele verdi","datePublished":"2023-08-03T13:09:28+00:00","mainEntityOfPage":{"@id":"https:\/\/kibrisdakik.com\/?p=11568"},"wordCount":87,"commentCount":0,"image":{"@id":"https:\/\/kibrisdakik.com\/?p=11568#primaryimage"},"thumbnailUrl":"https:\/\/kibrisdakik.com\/wp-content\/uploads\/2023\/08\/TAEKWONDO-740x420.jpg","articleSection":["Spor"],"inLanguage":"tr","potentialAction":[{"@type":"CommentAction","name":"Comment","target":["https:\/\/kibrisdakik.com\/?p=11568#respond"]}]},{"@type":"WebPage","@id":"https:\/\/kibrisdakik.com\/?p=11568","url":"https:\/\/kibrisdakik.com\/?p=11568","name":"Taekwondocular m\u00fccadele verdi -","isPartOf":{"@id":"https:\/\/kibrisdakik.com\/#website"},"primaryImageOfPage":{"@id":"https:\/\/kibrisdakik.com\/?p=11568#primaryimage"},"image":{"@id":"https:\/\/kibrisdakik.com\/?p=11568#primaryimage"},"thumbnailUrl":"https:\/\/kibrisdakik.com\/wp-content\/uploads\/2023\/08\/TAEKWONDO-740x420.jpg","datePublished":"2023-08-03T13:09:28+00:00","author":{"@id":"https:\/\/kibrisdakik.com\/#\/schema\/person\/9cd9d437bbb44f72b73ba127e06d8e79"},"breadcrumb":{"@id":"https:\/\/kibrisdakik.com\/?p=11568#breadcrumb"},"inLanguage":"tr","potentialAction":[{"@type":"ReadAction","target":["https:\/\/kibrisdakik.com\/?p=11568"]}]},{"@type":"ImageObject","inLanguage":"tr","@id":"https:\/\/kibrisdakik.com\/?p=11568#primaryimage","url":"https:\/\/kibrisdakik.com\/wp-content\/uploads\/2023\/08\/TAEKWONDO-740x420.jpg","contentUrl":"https:\/\/kibrisdakik.com\/wp-content\/uploads\/2023\/08\/TAEKWONDO-740x420.jpg","width":1600,"height":1200},{"@type":"BreadcrumbList","@id":"https:\/\/kibrisdakik.com\/?p=11568#breadcrumb","itemListElement":[{"@type":"ListItem","position":1,"name":"Home","item":"https:\/\/kibrisdakik.com\/"},{"@type":"ListItem","position":2,"name":"Taekwondocular m\u00fccadele verdi"}]},{"@type":"WebSite","@id":"https:\/\/kibrisdakik.com\/#website","url":"https:\/\/kibrisdakik.com\/","name":"","description":"Tam vaktinde haber","potentialAction":[{"@type":"SearchAction","target":{"@type":"EntryPoint","urlTemplate":"https:\/\/kibrisdakik.com\/?s={search_term_string}"},"query-input":{"@type":"PropertyValueSpecification","valueRequired":true,"valueName":"search_term_string"}}],"inLanguage":"tr"},{"@type":"Person","@id":"https:\/\/kibrisdakik.com\/#\/schema\/person\/9cd9d437bbb44f72b73ba127e06d8e79","name":"admin","image":{"@type":"ImageObject","inLanguage":"tr","@id":"https:\/\/secure.gravatar.com\/avatar\/ccc17943b9d660506c869530f897617f7cb1c21a4bf30023f252596d83e1f007?s=96&d=mm&r=g","url":"https:\/\/secure.gravatar.com\/avatar\/ccc17943b9d660506c869530f897617f7cb1c21a4bf30023f252596d83e1f007?s=96&d=mm&r=g","contentUrl":"https:\/\/secure.gravatar.com\/avatar\/ccc17943b9d660506c869530f897617f7cb1c21a4bf30023f252596d83e1f007?s=96&d=mm&r=g","caption":"admin"},"sameAs":["https:\/\/kibrisdakik.com"],"url":"https:\/\/kibrisdakik.com\/?author=1"}]}},"_links":{"self":[{"href":"https:\/\/kibrisdakik.com\/index.php?rest_route=\/wp\/v2\/posts\/11568","targetHints":{"allow":["GET"]}}],"collection":[{"href":"https:\/\/kibrisdakik.com\/index.php?rest_route=\/wp\/v2\/posts"}],"about":[{"href":"https:\/\/kibrisdakik.com\/index.php?rest_route=\/wp\/v2\/types\/post"}],"author":[{"embeddable":true,"href":"https:\/\/kibrisdakik.com\/index.php?rest_route=\/wp\/v2\/users\/1"}],"replies":[{"embeddable":true,"href":"https:\/\/kibrisdakik.com\/index.php?rest_route=%2Fwp%2Fv2%2Fcomments&post=11568"}],"version-history":[{"count":0,"href":"https:\/\/kibrisdakik.com\/index.php?rest_route=\/wp\/v2\/posts\/11568\/revisions"}],"wp:featuredmedia":[{"embeddable":true,"href":"https:\/\/kibrisdakik.com\/index.php?rest_route=\/wp\/v2\/media\/11569"}],"wp:attachment":[{"href":"https:\/\/kibrisdakik.com\/index.php?rest_route=%2Fwp%2Fv2%2Fmedia&parent=11568"}],"wp:term":[{"taxonomy":"category","embeddable":true,"href":"https:\/\/kibrisdakik.com\/index.php?rest_route=%2Fwp%2Fv2%2Fcategories&post=11568"},{"taxonomy":"post_tag","embeddable":true,"href":"https:\/\/kibrisdakik.com\/index.php?rest_route=%2Fwp%2Fv2%2Ftags&post=11568"}],"curies":[{"name":"wp","href":"https:\/\/api.w.org\/{rel}","templated":true}]}}