{"id":11595,"date":"2023-08-04T07:26:01","date_gmt":"2023-08-04T07:26:01","guid":{"rendered":"https:\/\/kibrisdakik.com\/index.php\/2023\/08\/04\/meclis-baskani-tore-kuzey-kibris-banglades-toplulugu-dernegi-heyetini-kabul-etti\/"},"modified":"2023-08-04T07:26:01","modified_gmt":"2023-08-04T07:26:01","slug":"meclis-baskani-tore-kuzey-kibris-banglades-toplulugu-dernegi-heyetini-kabul-etti","status":"publish","type":"post","link":"https:\/\/kibrisdakik.com\/?p=11595","title":{"rendered":"Meclis Ba\u015fkan\u0131 T\u00f6re, Kuzey K\u0131br\u0131s Banglade\u015f Toplulu\u011fu Derne\u011fi heyetini kabul etti"},"content":{"rendered":"<p><\/p>\n<div>\n<div class=\"mariselle-image-container center\">\n                <img width=\"1600\" height=\"713\" class=\"lazy-image\" alt=\"\" decoding=\"async\" loading=\"lazy\" sizes=\"auto, (max-width: 1600px) 100vw, 1600px\" src=\"https:\/\/brtk.net\/wp-content\/uploads\/2023\/08\/04\/7533a4f2-bf55-4a25-b994-13565b08f94e.jpg?ver=ed5ee245c69e97479caf32f867da9de3\" srcset=\"https:\/\/brtk.net\/wp-content\/uploads\/2023\/08\/04\/7533a4f2-bf55-4a25-b994-13565b08f94e.jpg?ver=ed5ee245c69e97479caf32f867da9de3 1600w, https:\/\/brtk.net\/wp-content\/uploads\/2023\/08\/04\/7533a4f2-bf55-4a25-b994-13565b08f94e-300x134.jpg?ver=58f343f42208581ab3116d50932593af 300w, https:\/\/brtk.net\/wp-content\/uploads\/2023\/08\/04\/7533a4f2-bf55-4a25-b994-13565b08f94e-1024x456.jpg?ver=58f343f42208581ab3116d50932593af 1024w, https:\/\/brtk.net\/wp-content\/uploads\/2023\/08\/04\/7533a4f2-bf55-4a25-b994-13565b08f94e-768x342.jpg?ver=58f343f42208581ab3116d50932593af 768w, https:\/\/brtk.net\/wp-content\/uploads\/2023\/08\/04\/7533a4f2-bf55-4a25-b994-13565b08f94e-1536x684.jpg?ver=5c935febbce4e1fcc029855cf2250685 1536w\"\/>                            <\/div>\n<p>Cumhuriyet Meclisi Ba\u015fkan\u0131 Zorlu T\u00f6re, Kuzey K\u0131br\u0131s T\u00fcrk Cumhuriyeti\u2019nde ya\u015fayan Banglade\u015f vatanda\u015flar\u0131n\u0131n olu\u015fturdu\u011fu Kuzey K\u0131br\u0131s Banglade\u015f Toplulu\u011fu Derne\u011fi heyetini kabul etti.<br \/>T\u00f6re, kabulde yapt\u0131\u011f\u0131 konu\u015fmada, dost ve karde\u015f \u00fclke olan Banglade\u015f\u2019li ki\u015filerin \u00fclkede bir dernek \u00e7at\u0131s\u0131 alt\u0131nda olmas\u0131n\u0131n memnuniyet verici oldu\u011funu ifade etti.<\/p>\n<p>Banglade\u015f\u2019in M\u00fcsl\u00fcman bir \u00fclke olarak <a href=\"https:\/\/brtk.net\/\">KKTC<\/a> ilan edilmesinin ard\u0131ndan onu ilk tan\u0131ma giri\u015fiminde bulunan \u00fclkelerden biri oldu\u011funu an\u0131msatan T\u00f6re, burada ya\u015fayan Banglade\u015f\u2019lilerin sorunlar\u0131n\u0131 \u00e7\u00f6z\u00fcm\u00fc noktas\u0131nda h\u00fck\u00fcmet yetkilileri ile bilgi al\u0131\u015fveri\u015finde bulanabilece\u011fini s\u00f6yledi.<\/p>\n<p>Banglade\u015f halk\u0131n\u0131 sevdiklerini dile getiren T\u00f6re, \u00fclkede \u00f6\u011frenci olan, \u00e7al\u0131\u015fan ya da yat\u0131r\u0131m yapan bu \u00fclke insanlar\u0131na rahat bir ya\u015fam diledi.<\/p>\n<p>Kuzey K\u0131br\u0131s Banglade\u015f Toplulu\u011fu Derne\u011fi Ba\u015fkan\u0131 Mohammad Ismail Bhuiyan da \u00e7al\u0131\u015fmalar\u0131 hakk\u0131nda Ba\u015fkan T\u00f6re\u2019ye bilgiler vererek, T\u00fcrkiye ve <a href=\"https:\/\/brtk.net\/\">KKTC<\/a>\u2019ni karde\u015f olarak  g\u00f6rd\u00fcklerini s\u00f6yledi.<\/p>\n<\/p><\/div>\n<p><script async\n                    defer\n                    crossorigin=\"anonymous\"\n                    src=\"https:\/\/connect.facebook.net\/tr_TR\/sdk.js#xfbml=1&#038;version=v3.3\"\n            ><\/script><\/p>\n","protected":false},"excerpt":{"rendered":"<p>Cumhuriyet Meclisi Ba\u015fkan\u0131 Zorlu T\u00f6re, Kuzey K\u0131br\u0131s T\u00fcrk Cumhuriyeti\u2019nde ya\u015fayan Banglade\u015f vatanda\u015flar\u0131n\u0131n olu\u015fturdu\u011fu Kuzey K\u0131br\u0131s Banglade\u015f Toplulu\u011fu Derne\u011fi heyetini kabul etti.T\u00f6re, kabulde yapt\u0131\u011f\u0131 konu\u015fmada, dost ve karde\u015f \u00fclke olan Banglade\u015f\u2019li ki\u015filerin \u00fclkede bir dernek \u00e7at\u0131s\u0131 alt\u0131nda olmas\u0131n\u0131n memnuniyet verici oldu\u011funu ifade etti. Banglade\u015f\u2019in M\u00fcsl\u00fcman bir \u00fclke olarak KKTC ilan edilmesinin ard\u0131ndan onu ilk tan\u0131ma giri\u015fiminde<\/p>\n","protected":false},"author":1,"featured_media":11596,"comment_status":"open","ping_status":"open","sticky":false,"template":"","format":"standard","meta":{"footnotes":""},"categories":[1],"tags":[],"class_list":["post-11595","post","type-post","status-publish","format-standard","has-post-thumbnail","hentry","category-gundem"],"yoast_head":"<!-- This site is optimized with the Yoast SEO plugin v27.4 - https:\/\/yoast.com\/product\/yoast-seo-wordpress\/ -->\n<title>Meclis Ba\u015fkan\u0131 T\u00f6re, Kuzey K\u0131br\u0131s Banglade\u015f Toplulu\u011fu Derne\u011fi heyetini kabul etti -<\/title>\n<meta name=\"robots\" content=\"index, follow, max-snippet:-1, max-image-preview:large, max-video-preview:-1\" \/>\n<link rel=\"canonical\" href=\"https:\/\/kibrisdakik.com\/?p=11595\" \/>\n<meta property=\"og:locale\" content=\"tr_TR\" \/>\n<meta property=\"og:type\" content=\"article\" \/>\n<meta property=\"og:title\" content=\"Meclis Ba\u015fkan\u0131 T\u00f6re, Kuzey K\u0131br\u0131s Banglade\u015f Toplulu\u011fu Derne\u011fi heyetini kabul etti -\" \/>\n<meta property=\"og:description\" content=\"Cumhuriyet Meclisi Ba\u015fkan\u0131 Zorlu T\u00f6re, Kuzey K\u0131br\u0131s T\u00fcrk Cumhuriyeti\u2019nde ya\u015fayan Banglade\u015f vatanda\u015flar\u0131n\u0131n olu\u015fturdu\u011fu Kuzey K\u0131br\u0131s Banglade\u015f Toplulu\u011fu Derne\u011fi heyetini kabul etti.T\u00f6re, kabulde yapt\u0131\u011f\u0131 konu\u015fmada, dost ve karde\u015f \u00fclke olan Banglade\u015f\u2019li ki\u015filerin \u00fclkede bir dernek \u00e7at\u0131s\u0131 alt\u0131nda olmas\u0131n\u0131n memnuniyet verici oldu\u011funu ifade etti. Banglade\u015f\u2019in M\u00fcsl\u00fcman bir \u00fclke olarak KKTC ilan edilmesinin ard\u0131ndan onu ilk tan\u0131ma giri\u015fiminde\" \/>\n<meta property=\"og:url\" content=\"https:\/\/kibrisdakik.com\/?p=11595\" \/>\n<meta property=\"article:published_time\" content=\"2023-08-04T07:26:01+00:00\" \/>\n<meta property=\"og:image\" content=\"https:\/\/kibrisdakik.com\/wp-content\/uploads\/2023\/08\/7533a4f2-bf55-4a25-b994-13565b08f94e-740x420.jpg\" \/>\n\t<meta property=\"og:image:width\" content=\"1600\" \/>\n\t<meta property=\"og:image:height\" content=\"713\" \/>\n\t<meta property=\"og:image:type\" content=\"image\/jpeg\" \/>\n<meta name=\"author\" content=\"admin\" \/>\n<meta name=\"twitter:card\" content=\"summary_large_image\" \/>\n<meta name=\"twitter:label1\" content=\"Yazan:\" \/>\n\t<meta name=\"twitter:data1\" content=\"admin\" \/>\n\t<meta name=\"twitter:label2\" content=\"Tahmini okuma s\u00fcresi\" \/>\n\t<meta name=\"twitter:data2\" content=\"1 dakika\" \/>\n<script type=\"application\/ld+json\" class=\"yoast-schema-graph\">{\"@context\":\"https:\\\/\\\/schema.org\",\"@graph\":[{\"@type\":\"Article\",\"@id\":\"https:\\\/\\\/kibrisdakik.com\\\/?p=11595#article\",\"isPartOf\":{\"@id\":\"https:\\\/\\\/kibrisdakik.com\\\/?p=11595\"},\"author\":{\"name\":\"admin\",\"@id\":\"https:\\\/\\\/kibrisdakik.com\\\/#\\\/schema\\\/person\\\/9cd9d437bbb44f72b73ba127e06d8e79\"},\"headline\":\"Meclis Ba\u015fkan\u0131 T\u00f6re, Kuzey K\u0131br\u0131s Banglade\u015f Toplulu\u011fu Derne\u011fi heyetini kabul etti\",\"datePublished\":\"2023-08-04T07:26:01+00:00\",\"mainEntityOfPage\":{\"@id\":\"https:\\\/\\\/kibrisdakik.com\\\/?p=11595\"},\"wordCount\":203,\"commentCount\":0,\"image\":{\"@id\":\"https:\\\/\\\/kibrisdakik.com\\\/?p=11595#primaryimage\"},\"thumbnailUrl\":\"https:\\\/\\\/kibrisdakik.com\\\/wp-content\\\/uploads\\\/2023\\\/08\\\/7533a4f2-bf55-4a25-b994-13565b08f94e-740x420.jpg\",\"articleSection\":[\"G\u00fcndem\"],\"inLanguage\":\"tr\",\"potentialAction\":[{\"@type\":\"CommentAction\",\"name\":\"Comment\",\"target\":[\"https:\\\/\\\/kibrisdakik.com\\\/?p=11595#respond\"]}]},{\"@type\":\"WebPage\",\"@id\":\"https:\\\/\\\/kibrisdakik.com\\\/?p=11595\",\"url\":\"https:\\\/\\\/kibrisdakik.com\\\/?p=11595\",\"name\":\"Meclis Ba\u015fkan\u0131 T\u00f6re, Kuzey K\u0131br\u0131s Banglade\u015f Toplulu\u011fu Derne\u011fi heyetini kabul etti -\",\"isPartOf\":{\"@id\":\"https:\\\/\\\/kibrisdakik.com\\\/#website\"},\"primaryImageOfPage\":{\"@id\":\"https:\\\/\\\/kibrisdakik.com\\\/?p=11595#primaryimage\"},\"image\":{\"@id\":\"https:\\\/\\\/kibrisdakik.com\\\/?p=11595#primaryimage\"},\"thumbnailUrl\":\"https:\\\/\\\/kibrisdakik.com\\\/wp-content\\\/uploads\\\/2023\\\/08\\\/7533a4f2-bf55-4a25-b994-13565b08f94e-740x420.jpg\",\"datePublished\":\"2023-08-04T07:26:01+00:00\",\"author\":{\"@id\":\"https:\\\/\\\/kibrisdakik.com\\\/#\\\/schema\\\/person\\\/9cd9d437bbb44f72b73ba127e06d8e79\"},\"breadcrumb\":{\"@id\":\"https:\\\/\\\/kibrisdakik.com\\\/?p=11595#breadcrumb\"},\"inLanguage\":\"tr\",\"potentialAction\":[{\"@type\":\"ReadAction\",\"target\":[\"https:\\\/\\\/kibrisdakik.com\\\/?p=11595\"]}]},{\"@type\":\"ImageObject\",\"inLanguage\":\"tr\",\"@id\":\"https:\\\/\\\/kibrisdakik.com\\\/?p=11595#primaryimage\",\"url\":\"https:\\\/\\\/kibrisdakik.com\\\/wp-content\\\/uploads\\\/2023\\\/08\\\/7533a4f2-bf55-4a25-b994-13565b08f94e-740x420.jpg\",\"contentUrl\":\"https:\\\/\\\/kibrisdakik.com\\\/wp-content\\\/uploads\\\/2023\\\/08\\\/7533a4f2-bf55-4a25-b994-13565b08f94e-740x420.jpg\",\"width\":1600,\"height\":713},{\"@type\":\"BreadcrumbList\",\"@id\":\"https:\\\/\\\/kibrisdakik.com\\\/?p=11595#breadcrumb\",\"itemListElement\":[{\"@type\":\"ListItem\",\"position\":1,\"name\":\"Home\",\"item\":\"https:\\\/\\\/kibrisdakik.com\\\/\"},{\"@type\":\"ListItem\",\"position\":2,\"name\":\"Meclis Ba\u015fkan\u0131 T\u00f6re, Kuzey K\u0131br\u0131s Banglade\u015f Toplulu\u011fu Derne\u011fi heyetini kabul etti\"}]},{\"@type\":\"WebSite\",\"@id\":\"https:\\\/\\\/kibrisdakik.com\\\/#website\",\"url\":\"https:\\\/\\\/kibrisdakik.com\\\/\",\"name\":\"\",\"description\":\"Tam vaktinde haber\",\"potentialAction\":[{\"@type\":\"SearchAction\",\"target\":{\"@type\":\"EntryPoint\",\"urlTemplate\":\"https:\\\/\\\/kibrisdakik.com\\\/?s={search_term_string}\"},\"query-input\":{\"@type\":\"PropertyValueSpecification\",\"valueRequired\":true,\"valueName\":\"search_term_string\"}}],\"inLanguage\":\"tr\"},{\"@type\":\"Person\",\"@id\":\"https:\\\/\\\/kibrisdakik.com\\\/#\\\/schema\\\/person\\\/9cd9d437bbb44f72b73ba127e06d8e79\",\"name\":\"admin\",\"image\":{\"@type\":\"ImageObject\",\"inLanguage\":\"tr\",\"@id\":\"https:\\\/\\\/secure.gravatar.com\\\/avatar\\\/ccc17943b9d660506c869530f897617f7cb1c21a4bf30023f252596d83e1f007?s=96&d=mm&r=g\",\"url\":\"https:\\\/\\\/secure.gravatar.com\\\/avatar\\\/ccc17943b9d660506c869530f897617f7cb1c21a4bf30023f252596d83e1f007?s=96&d=mm&r=g\",\"contentUrl\":\"https:\\\/\\\/secure.gravatar.com\\\/avatar\\\/ccc17943b9d660506c869530f897617f7cb1c21a4bf30023f252596d83e1f007?s=96&d=mm&r=g\",\"caption\":\"admin\"},\"sameAs\":[\"https:\\\/\\\/kibrisdakik.com\"],\"url\":\"https:\\\/\\\/kibrisdakik.com\\\/?author=1\"}]}<\/script>\n<!-- \/ Yoast SEO plugin. -->","yoast_head_json":{"title":"Meclis Ba\u015fkan\u0131 T\u00f6re, Kuzey K\u0131br\u0131s Banglade\u015f Toplulu\u011fu Derne\u011fi heyetini kabul etti -","robots":{"index":"index","follow":"follow","max-snippet":"max-snippet:-1","max-image-preview":"max-image-preview:large","max-video-preview":"max-video-preview:-1"},"canonical":"https:\/\/kibrisdakik.com\/?p=11595","og_locale":"tr_TR","og_type":"article","og_title":"Meclis Ba\u015fkan\u0131 T\u00f6re, Kuzey K\u0131br\u0131s Banglade\u015f Toplulu\u011fu Derne\u011fi heyetini kabul etti -","og_description":"Cumhuriyet Meclisi Ba\u015fkan\u0131 Zorlu T\u00f6re, Kuzey K\u0131br\u0131s T\u00fcrk Cumhuriyeti\u2019nde ya\u015fayan Banglade\u015f vatanda\u015flar\u0131n\u0131n olu\u015fturdu\u011fu Kuzey K\u0131br\u0131s Banglade\u015f Toplulu\u011fu Derne\u011fi heyetini kabul etti.T\u00f6re, kabulde yapt\u0131\u011f\u0131 konu\u015fmada, dost ve karde\u015f \u00fclke olan Banglade\u015f\u2019li ki\u015filerin \u00fclkede bir dernek \u00e7at\u0131s\u0131 alt\u0131nda olmas\u0131n\u0131n memnuniyet verici oldu\u011funu ifade etti. Banglade\u015f\u2019in M\u00fcsl\u00fcman bir \u00fclke olarak KKTC ilan edilmesinin ard\u0131ndan onu ilk tan\u0131ma giri\u015fiminde","og_url":"https:\/\/kibrisdakik.com\/?p=11595","article_published_time":"2023-08-04T07:26:01+00:00","og_image":[{"width":1600,"height":713,"url":"https:\/\/kibrisdakik.com\/wp-content\/uploads\/2023\/08\/7533a4f2-bf55-4a25-b994-13565b08f94e-740x420.jpg","type":"image\/jpeg"}],"author":"admin","twitter_card":"summary_large_image","twitter_misc":{"Yazan:":"admin","Tahmini okuma s\u00fcresi":"1 dakika"},"schema":{"@context":"https:\/\/schema.org","@graph":[{"@type":"Article","@id":"https:\/\/kibrisdakik.com\/?p=11595#article","isPartOf":{"@id":"https:\/\/kibrisdakik.com\/?p=11595"},"author":{"name":"admin","@id":"https:\/\/kibrisdakik.com\/#\/schema\/person\/9cd9d437bbb44f72b73ba127e06d8e79"},"headline":"Meclis Ba\u015fkan\u0131 T\u00f6re, Kuzey K\u0131br\u0131s Banglade\u015f Toplulu\u011fu Derne\u011fi heyetini kabul etti","datePublished":"2023-08-04T07:26:01+00:00","mainEntityOfPage":{"@id":"https:\/\/kibrisdakik.com\/?p=11595"},"wordCount":203,"commentCount":0,"image":{"@id":"https:\/\/kibrisdakik.com\/?p=11595#primaryimage"},"thumbnailUrl":"https:\/\/kibrisdakik.com\/wp-content\/uploads\/2023\/08\/7533a4f2-bf55-4a25-b994-13565b08f94e-740x420.jpg","articleSection":["G\u00fcndem"],"inLanguage":"tr","potentialAction":[{"@type":"CommentAction","name":"Comment","target":["https:\/\/kibrisdakik.com\/?p=11595#respond"]}]},{"@type":"WebPage","@id":"https:\/\/kibrisdakik.com\/?p=11595","url":"https:\/\/kibrisdakik.com\/?p=11595","name":"Meclis Ba\u015fkan\u0131 T\u00f6re, Kuzey K\u0131br\u0131s Banglade\u015f Toplulu\u011fu Derne\u011fi heyetini kabul etti -","isPartOf":{"@id":"https:\/\/kibrisdakik.com\/#website"},"primaryImageOfPage":{"@id":"https:\/\/kibrisdakik.com\/?p=11595#primaryimage"},"image":{"@id":"https:\/\/kibrisdakik.com\/?p=11595#primaryimage"},"thumbnailUrl":"https:\/\/kibrisdakik.com\/wp-content\/uploads\/2023\/08\/7533a4f2-bf55-4a25-b994-13565b08f94e-740x420.jpg","datePublished":"2023-08-04T07:26:01+00:00","author":{"@id":"https:\/\/kibrisdakik.com\/#\/schema\/person\/9cd9d437bbb44f72b73ba127e06d8e79"},"breadcrumb":{"@id":"https:\/\/kibrisdakik.com\/?p=11595#breadcrumb"},"inLanguage":"tr","potentialAction":[{"@type":"ReadAction","target":["https:\/\/kibrisdakik.com\/?p=11595"]}]},{"@type":"ImageObject","inLanguage":"tr","@id":"https:\/\/kibrisdakik.com\/?p=11595#primaryimage","url":"https:\/\/kibrisdakik.com\/wp-content\/uploads\/2023\/08\/7533a4f2-bf55-4a25-b994-13565b08f94e-740x420.jpg","contentUrl":"https:\/\/kibrisdakik.com\/wp-content\/uploads\/2023\/08\/7533a4f2-bf55-4a25-b994-13565b08f94e-740x420.jpg","width":1600,"height":713},{"@type":"BreadcrumbList","@id":"https:\/\/kibrisdakik.com\/?p=11595#breadcrumb","itemListElement":[{"@type":"ListItem","position":1,"name":"Home","item":"https:\/\/kibrisdakik.com\/"},{"@type":"ListItem","position":2,"name":"Meclis Ba\u015fkan\u0131 T\u00f6re, Kuzey K\u0131br\u0131s Banglade\u015f Toplulu\u011fu Derne\u011fi heyetini kabul etti"}]},{"@type":"WebSite","@id":"https:\/\/kibrisdakik.com\/#website","url":"https:\/\/kibrisdakik.com\/","name":"","description":"Tam vaktinde haber","potentialAction":[{"@type":"SearchAction","target":{"@type":"EntryPoint","urlTemplate":"https:\/\/kibrisdakik.com\/?s={search_term_string}"},"query-input":{"@type":"PropertyValueSpecification","valueRequired":true,"valueName":"search_term_string"}}],"inLanguage":"tr"},{"@type":"Person","@id":"https:\/\/kibrisdakik.com\/#\/schema\/person\/9cd9d437bbb44f72b73ba127e06d8e79","name":"admin","image":{"@type":"ImageObject","inLanguage":"tr","@id":"https:\/\/secure.gravatar.com\/avatar\/ccc17943b9d660506c869530f897617f7cb1c21a4bf30023f252596d83e1f007?s=96&d=mm&r=g","url":"https:\/\/secure.gravatar.com\/avatar\/ccc17943b9d660506c869530f897617f7cb1c21a4bf30023f252596d83e1f007?s=96&d=mm&r=g","contentUrl":"https:\/\/secure.gravatar.com\/avatar\/ccc17943b9d660506c869530f897617f7cb1c21a4bf30023f252596d83e1f007?s=96&d=mm&r=g","caption":"admin"},"sameAs":["https:\/\/kibrisdakik.com"],"url":"https:\/\/kibrisdakik.com\/?author=1"}]}},"_links":{"self":[{"href":"https:\/\/kibrisdakik.com\/index.php?rest_route=\/wp\/v2\/posts\/11595","targetHints":{"allow":["GET"]}}],"collection":[{"href":"https:\/\/kibrisdakik.com\/index.php?rest_route=\/wp\/v2\/posts"}],"about":[{"href":"https:\/\/kibrisdakik.com\/index.php?rest_route=\/wp\/v2\/types\/post"}],"author":[{"embeddable":true,"href":"https:\/\/kibrisdakik.com\/index.php?rest_route=\/wp\/v2\/users\/1"}],"replies":[{"embeddable":true,"href":"https:\/\/kibrisdakik.com\/index.php?rest_route=%2Fwp%2Fv2%2Fcomments&post=11595"}],"version-history":[{"count":0,"href":"https:\/\/kibrisdakik.com\/index.php?rest_route=\/wp\/v2\/posts\/11595\/revisions"}],"wp:featuredmedia":[{"embeddable":true,"href":"https:\/\/kibrisdakik.com\/index.php?rest_route=\/wp\/v2\/media\/11596"}],"wp:attachment":[{"href":"https:\/\/kibrisdakik.com\/index.php?rest_route=%2Fwp%2Fv2%2Fmedia&parent=11595"}],"wp:term":[{"taxonomy":"category","embeddable":true,"href":"https:\/\/kibrisdakik.com\/index.php?rest_route=%2Fwp%2Fv2%2Fcategories&post=11595"},{"taxonomy":"post_tag","embeddable":true,"href":"https:\/\/kibrisdakik.com\/index.php?rest_route=%2Fwp%2Fv2%2Ftags&post=11595"}],"curies":[{"name":"wp","href":"https:\/\/api.w.org\/{rel}","templated":true}]}}