{"id":11605,"date":"2023-08-04T09:27:11","date_gmt":"2023-08-04T09:27:11","guid":{"rendered":"https:\/\/kibrisdakik.com\/index.php\/2023\/08\/04\/feyzioglu-yeni-ercan-terminalindeki-sorunlar-tek-tek-ve-suratle-cozuluyor\/"},"modified":"2023-08-04T09:27:11","modified_gmt":"2023-08-04T09:27:11","slug":"feyzioglu-yeni-ercan-terminalindeki-sorunlar-tek-tek-ve-suratle-cozuluyor","status":"publish","type":"post","link":"https:\/\/kibrisdakik.com\/?p=11605","title":{"rendered":"Feyzio\u011flu: Yeni Ercan terminalindeki sorunlar tek tek ve s\u00fcratle \u00e7\u00f6z\u00fcl\u00fcyor"},"content":{"rendered":"<p><\/p>\n<div>\n<div class=\"mariselle-image-container center\">\n                <img width=\"1280\" height=\"854\" class=\"lazy-image\" alt=\"\" decoding=\"async\" loading=\"lazy\" sizes=\"auto, (max-width: 1280px) 100vw, 1280px\" src=\"https:\/\/brtk.net\/wp-content\/uploads\/2023\/02\/12\/tc-lefkosa-buyukelcisi-metin-feyzioglu-ile-roportaj-3-so-1670919610.jpg?ver=c4a9a22ec4ee5714d4ad7bc095df2748\" srcset=\"https:\/\/brtk.net\/wp-content\/uploads\/2023\/02\/12\/tc-lefkosa-buyukelcisi-metin-feyzioglu-ile-roportaj-3-so-1670919610.jpg?ver=c4a9a22ec4ee5714d4ad7bc095df2748 1280w, https:\/\/brtk.net\/wp-content\/uploads\/2023\/02\/12\/tc-lefkosa-buyukelcisi-metin-feyzioglu-ile-roportaj-3-so-1670919610-300x200.jpg?ver=c4a9a22ec4ee5714d4ad7bc095df2748 300w, https:\/\/brtk.net\/wp-content\/uploads\/2023\/02\/12\/tc-lefkosa-buyukelcisi-metin-feyzioglu-ile-roportaj-3-so-1670919610-1024x683.jpg?ver=c4a9a22ec4ee5714d4ad7bc095df2748 1024w, https:\/\/brtk.net\/wp-content\/uploads\/2023\/02\/12\/tc-lefkosa-buyukelcisi-metin-feyzioglu-ile-roportaj-3-so-1670919610-768x512.jpg?ver=c4a9a22ec4ee5714d4ad7bc095df2748 768w\"\/>                            <\/div>\n<p>T\u00fcrkiye Cumhuriyeti\u2019nin Lefko\u015fa B\u00fcy\u00fckel\u00e7isi Metin Feyzio\u011flu, yeni Ercan terminalinde, a\u00e7\u0131l\u0131\u015f\u0131n ard\u0131ndan g\u00f6r\u00fclen sorunlar\u0131n tek tek ve s\u00fcratle \u00e7\u00f6z\u00fcld\u00fc\u011f\u00fcn\u00fc belirtti.<\/p>\n<p>Yapt\u0131\u011f\u0131 payla\u015f\u0131mda, \u201cErcan art\u0131k K\u0131br\u0131s Adas\u0131n\u0131n en b\u00fcy\u00fck ve en modern havaliman\u0131 oldu\u201d diyen Feyzio\u011flu, \u201cRahmetli Denkta\u015f\u2019\u0131n devletinize sahip \u00e7\u0131k\u0131n vasiyetinin bir gere\u011fidir bu. <a href=\"https:\/\/brtk.net\/\"\/><a href=\"https:\/\/brtk.net\/\">KKTC<\/a>\u2018nin kal\u0131c\u0131 oldu\u011funun bir di\u011fer m\u00fchr\u00fcd\u00fcr. \u00c7ift piste sahip her \u00fcst s\u0131n\u0131f modern havaliman\u0131 gibi u\u00e7aklar, \u00e7o\u011funlukla yeni pist olmak kayd\u0131yla bazen eski piste iniyor.  Zaten o y\u00fczden \u00e7ift pist var. Yani eski pist ba\u015fka devletin pisti de\u011fil.\u201d \u0130fadelerini kulland\u0131.<\/p>\n<p>B\u00fcy\u00fckel\u00e7i Feyzio\u011flu, payla\u015f\u0131m\u0131n\u0131 s\u00f6yle s\u00fcrd\u00fcrd\u00fc:<\/p>\n<p>\u201cYaln\u0131zca T\u00fcrkiye Cumhuriyeti\u2019nin B\u00fcy\u00fckel\u00e7isi olarak de\u011fil, bu cennet Adada ve \u00fclkede ya\u015fayan biri olarak; Cumhurba\u015fkan\u0131 Yard\u0131mc\u0131m\u0131z Say\u0131n Y\u0131lmaz\u2019a, Ula\u015ft\u0131rma ve Altyap\u0131 Bakan\u0131m\u0131z Say\u0131n Uralo\u011flu\u2019na , DHM\u0130\u2019mizin fedakar y\u00f6netici ve personeline, g\u00f6revli firman\u0131n teknik eleman\u0131ndan, m\u00fchendisine, <a href=\"https:\/\/brtk.net\/\"\/><a href=\"https:\/\/brtk.net\/\">KKTC<\/a>\u2018de ilgili bakanl\u0131klar\u0131n de\u011ferli b\u00fcrokrat ve \u00e7al\u0131\u015fanlar\u0131na, Say\u0131n Cumhurba\u015fkan\u0131 <a href=\"https:\/\/brtk.net\/\">Tatar<\/a> ile Say\u0131n Ba\u015fbakan \u00dcstel\u2019e, t\u00fcm say\u0131n bakanlara,  B\u00fcy\u00fckel\u00e7ilik mensuplar\u0131m\u0131za Say\u0131n Cumhurba\u015fkan\u0131m\u0131z Recep Tayyip Erdo\u011fan\u2019\u0131n ortaya koydu\u011fu bu \u00f6nemli ve <a href=\"https:\/\/brtk.net\/\"\/><a href=\"https:\/\/brtk.net\/\">KKTC<\/a> y\u00fczy\u0131l\u0131n\u0131n sembollerinden olacak b\u00fcy\u00fck eseri hayata ge\u00e7irdikleri i\u00e7in te\u015fekk\u00fcr ediyorum.\u201d<\/p>\n<\/p><\/div>\n<p><script async\n                    defer\n                    crossorigin=\"anonymous\"\n                    src=\"https:\/\/connect.facebook.net\/tr_TR\/sdk.js#xfbml=1&#038;version=v3.3\"\n            ><\/script><\/p>\n","protected":false},"excerpt":{"rendered":"<p>T\u00fcrkiye Cumhuriyeti\u2019nin Lefko\u015fa B\u00fcy\u00fckel\u00e7isi Metin Feyzio\u011flu, yeni Ercan terminalinde, a\u00e7\u0131l\u0131\u015f\u0131n ard\u0131ndan g\u00f6r\u00fclen sorunlar\u0131n tek tek ve s\u00fcratle \u00e7\u00f6z\u00fcld\u00fc\u011f\u00fcn\u00fc belirtti. Yapt\u0131\u011f\u0131 payla\u015f\u0131mda, \u201cErcan art\u0131k K\u0131br\u0131s Adas\u0131n\u0131n en b\u00fcy\u00fck ve en modern havaliman\u0131 oldu\u201d diyen Feyzio\u011flu, \u201cRahmetli Denkta\u015f\u2019\u0131n devletinize sahip \u00e7\u0131k\u0131n vasiyetinin bir gere\u011fidir bu. KKTC\u2018nin kal\u0131c\u0131 oldu\u011funun bir di\u011fer m\u00fchr\u00fcd\u00fcr. \u00c7ift piste sahip her \u00fcst s\u0131n\u0131f<\/p>\n","protected":false},"author":1,"featured_media":11606,"comment_status":"open","ping_status":"open","sticky":false,"template":"","format":"standard","meta":{"footnotes":""},"categories":[1],"tags":[],"class_list":["post-11605","post","type-post","status-publish","format-standard","has-post-thumbnail","hentry","category-gundem"],"yoast_head":"<!-- This site is optimized with the Yoast SEO plugin v27.4 - https:\/\/yoast.com\/product\/yoast-seo-wordpress\/ -->\n<title>Feyzio\u011flu: Yeni Ercan terminalindeki sorunlar tek tek ve s\u00fcratle \u00e7\u00f6z\u00fcl\u00fcyor -<\/title>\n<meta name=\"robots\" content=\"index, follow, max-snippet:-1, max-image-preview:large, max-video-preview:-1\" \/>\n<link rel=\"canonical\" href=\"https:\/\/kibrisdakik.com\/?p=11605\" \/>\n<meta property=\"og:locale\" content=\"tr_TR\" \/>\n<meta property=\"og:type\" content=\"article\" \/>\n<meta property=\"og:title\" content=\"Feyzio\u011flu: Yeni Ercan terminalindeki sorunlar tek tek ve s\u00fcratle \u00e7\u00f6z\u00fcl\u00fcyor -\" \/>\n<meta property=\"og:description\" content=\"T\u00fcrkiye Cumhuriyeti\u2019nin Lefko\u015fa B\u00fcy\u00fckel\u00e7isi Metin Feyzio\u011flu, yeni Ercan terminalinde, a\u00e7\u0131l\u0131\u015f\u0131n ard\u0131ndan g\u00f6r\u00fclen sorunlar\u0131n tek tek ve s\u00fcratle \u00e7\u00f6z\u00fcld\u00fc\u011f\u00fcn\u00fc belirtti. Yapt\u0131\u011f\u0131 payla\u015f\u0131mda, \u201cErcan art\u0131k K\u0131br\u0131s Adas\u0131n\u0131n en b\u00fcy\u00fck ve en modern havaliman\u0131 oldu\u201d diyen Feyzio\u011flu, \u201cRahmetli Denkta\u015f\u2019\u0131n devletinize sahip \u00e7\u0131k\u0131n vasiyetinin bir gere\u011fidir bu. KKTC\u2018nin kal\u0131c\u0131 oldu\u011funun bir di\u011fer m\u00fchr\u00fcd\u00fcr. \u00c7ift piste sahip her \u00fcst s\u0131n\u0131f\" \/>\n<meta property=\"og:url\" content=\"https:\/\/kibrisdakik.com\/?p=11605\" \/>\n<meta property=\"article:published_time\" content=\"2023-08-04T09:27:11+00:00\" \/>\n<meta property=\"og:image\" content=\"https:\/\/kibrisdakik.com\/wp-content\/uploads\/2023\/08\/tc-lefkosa-buyukelcisi-metin-feyzioglu-ile-roportaj-3-so-1670919610-740x420.jpg\" \/>\n\t<meta property=\"og:image:width\" content=\"1280\" \/>\n\t<meta property=\"og:image:height\" content=\"854\" \/>\n\t<meta property=\"og:image:type\" content=\"image\/jpeg\" \/>\n<meta name=\"author\" content=\"admin\" \/>\n<meta name=\"twitter:card\" content=\"summary_large_image\" \/>\n<meta name=\"twitter:label1\" content=\"Yazan:\" \/>\n\t<meta name=\"twitter:data1\" content=\"admin\" \/>\n\t<meta name=\"twitter:label2\" content=\"Tahmini okuma s\u00fcresi\" \/>\n\t<meta name=\"twitter:data2\" content=\"1 dakika\" \/>\n<script type=\"application\/ld+json\" class=\"yoast-schema-graph\">{\"@context\":\"https:\\\/\\\/schema.org\",\"@graph\":[{\"@type\":\"Article\",\"@id\":\"https:\\\/\\\/kibrisdakik.com\\\/?p=11605#article\",\"isPartOf\":{\"@id\":\"https:\\\/\\\/kibrisdakik.com\\\/?p=11605\"},\"author\":{\"name\":\"admin\",\"@id\":\"https:\\\/\\\/kibrisdakik.com\\\/#\\\/schema\\\/person\\\/9cd9d437bbb44f72b73ba127e06d8e79\"},\"headline\":\"Feyzio\u011flu: Yeni Ercan terminalindeki sorunlar tek tek ve s\u00fcratle \u00e7\u00f6z\u00fcl\u00fcyor\",\"datePublished\":\"2023-08-04T09:27:11+00:00\",\"mainEntityOfPage\":{\"@id\":\"https:\\\/\\\/kibrisdakik.com\\\/?p=11605\"},\"wordCount\":292,\"commentCount\":0,\"image\":{\"@id\":\"https:\\\/\\\/kibrisdakik.com\\\/?p=11605#primaryimage\"},\"thumbnailUrl\":\"https:\\\/\\\/kibrisdakik.com\\\/wp-content\\\/uploads\\\/2023\\\/08\\\/tc-lefkosa-buyukelcisi-metin-feyzioglu-ile-roportaj-3-so-1670919610-740x420.jpg\",\"articleSection\":[\"G\u00fcndem\"],\"inLanguage\":\"tr\",\"potentialAction\":[{\"@type\":\"CommentAction\",\"name\":\"Comment\",\"target\":[\"https:\\\/\\\/kibrisdakik.com\\\/?p=11605#respond\"]}]},{\"@type\":\"WebPage\",\"@id\":\"https:\\\/\\\/kibrisdakik.com\\\/?p=11605\",\"url\":\"https:\\\/\\\/kibrisdakik.com\\\/?p=11605\",\"name\":\"Feyzio\u011flu: Yeni Ercan terminalindeki sorunlar tek tek ve s\u00fcratle \u00e7\u00f6z\u00fcl\u00fcyor -\",\"isPartOf\":{\"@id\":\"https:\\\/\\\/kibrisdakik.com\\\/#website\"},\"primaryImageOfPage\":{\"@id\":\"https:\\\/\\\/kibrisdakik.com\\\/?p=11605#primaryimage\"},\"image\":{\"@id\":\"https:\\\/\\\/kibrisdakik.com\\\/?p=11605#primaryimage\"},\"thumbnailUrl\":\"https:\\\/\\\/kibrisdakik.com\\\/wp-content\\\/uploads\\\/2023\\\/08\\\/tc-lefkosa-buyukelcisi-metin-feyzioglu-ile-roportaj-3-so-1670919610-740x420.jpg\",\"datePublished\":\"2023-08-04T09:27:11+00:00\",\"author\":{\"@id\":\"https:\\\/\\\/kibrisdakik.com\\\/#\\\/schema\\\/person\\\/9cd9d437bbb44f72b73ba127e06d8e79\"},\"breadcrumb\":{\"@id\":\"https:\\\/\\\/kibrisdakik.com\\\/?p=11605#breadcrumb\"},\"inLanguage\":\"tr\",\"potentialAction\":[{\"@type\":\"ReadAction\",\"target\":[\"https:\\\/\\\/kibrisdakik.com\\\/?p=11605\"]}]},{\"@type\":\"ImageObject\",\"inLanguage\":\"tr\",\"@id\":\"https:\\\/\\\/kibrisdakik.com\\\/?p=11605#primaryimage\",\"url\":\"https:\\\/\\\/kibrisdakik.com\\\/wp-content\\\/uploads\\\/2023\\\/08\\\/tc-lefkosa-buyukelcisi-metin-feyzioglu-ile-roportaj-3-so-1670919610-740x420.jpg\",\"contentUrl\":\"https:\\\/\\\/kibrisdakik.com\\\/wp-content\\\/uploads\\\/2023\\\/08\\\/tc-lefkosa-buyukelcisi-metin-feyzioglu-ile-roportaj-3-so-1670919610-740x420.jpg\",\"width\":1280,\"height\":854},{\"@type\":\"BreadcrumbList\",\"@id\":\"https:\\\/\\\/kibrisdakik.com\\\/?p=11605#breadcrumb\",\"itemListElement\":[{\"@type\":\"ListItem\",\"position\":1,\"name\":\"Home\",\"item\":\"https:\\\/\\\/kibrisdakik.com\\\/\"},{\"@type\":\"ListItem\",\"position\":2,\"name\":\"Feyzio\u011flu: Yeni Ercan terminalindeki sorunlar tek tek ve s\u00fcratle \u00e7\u00f6z\u00fcl\u00fcyor\"}]},{\"@type\":\"WebSite\",\"@id\":\"https:\\\/\\\/kibrisdakik.com\\\/#website\",\"url\":\"https:\\\/\\\/kibrisdakik.com\\\/\",\"name\":\"\",\"description\":\"Tam vaktinde haber\",\"potentialAction\":[{\"@type\":\"SearchAction\",\"target\":{\"@type\":\"EntryPoint\",\"urlTemplate\":\"https:\\\/\\\/kibrisdakik.com\\\/?s={search_term_string}\"},\"query-input\":{\"@type\":\"PropertyValueSpecification\",\"valueRequired\":true,\"valueName\":\"search_term_string\"}}],\"inLanguage\":\"tr\"},{\"@type\":\"Person\",\"@id\":\"https:\\\/\\\/kibrisdakik.com\\\/#\\\/schema\\\/person\\\/9cd9d437bbb44f72b73ba127e06d8e79\",\"name\":\"admin\",\"image\":{\"@type\":\"ImageObject\",\"inLanguage\":\"tr\",\"@id\":\"https:\\\/\\\/secure.gravatar.com\\\/avatar\\\/ccc17943b9d660506c869530f897617f7cb1c21a4bf30023f252596d83e1f007?s=96&d=mm&r=g\",\"url\":\"https:\\\/\\\/secure.gravatar.com\\\/avatar\\\/ccc17943b9d660506c869530f897617f7cb1c21a4bf30023f252596d83e1f007?s=96&d=mm&r=g\",\"contentUrl\":\"https:\\\/\\\/secure.gravatar.com\\\/avatar\\\/ccc17943b9d660506c869530f897617f7cb1c21a4bf30023f252596d83e1f007?s=96&d=mm&r=g\",\"caption\":\"admin\"},\"sameAs\":[\"https:\\\/\\\/kibrisdakik.com\"],\"url\":\"https:\\\/\\\/kibrisdakik.com\\\/?author=1\"}]}<\/script>\n<!-- \/ Yoast SEO plugin. -->","yoast_head_json":{"title":"Feyzio\u011flu: Yeni Ercan terminalindeki sorunlar tek tek ve s\u00fcratle \u00e7\u00f6z\u00fcl\u00fcyor -","robots":{"index":"index","follow":"follow","max-snippet":"max-snippet:-1","max-image-preview":"max-image-preview:large","max-video-preview":"max-video-preview:-1"},"canonical":"https:\/\/kibrisdakik.com\/?p=11605","og_locale":"tr_TR","og_type":"article","og_title":"Feyzio\u011flu: Yeni Ercan terminalindeki sorunlar tek tek ve s\u00fcratle \u00e7\u00f6z\u00fcl\u00fcyor -","og_description":"T\u00fcrkiye Cumhuriyeti\u2019nin Lefko\u015fa B\u00fcy\u00fckel\u00e7isi Metin Feyzio\u011flu, yeni Ercan terminalinde, a\u00e7\u0131l\u0131\u015f\u0131n ard\u0131ndan g\u00f6r\u00fclen sorunlar\u0131n tek tek ve s\u00fcratle \u00e7\u00f6z\u00fcld\u00fc\u011f\u00fcn\u00fc belirtti. Yapt\u0131\u011f\u0131 payla\u015f\u0131mda, \u201cErcan art\u0131k K\u0131br\u0131s Adas\u0131n\u0131n en b\u00fcy\u00fck ve en modern havaliman\u0131 oldu\u201d diyen Feyzio\u011flu, \u201cRahmetli Denkta\u015f\u2019\u0131n devletinize sahip \u00e7\u0131k\u0131n vasiyetinin bir gere\u011fidir bu. KKTC\u2018nin kal\u0131c\u0131 oldu\u011funun bir di\u011fer m\u00fchr\u00fcd\u00fcr. \u00c7ift piste sahip her \u00fcst s\u0131n\u0131f","og_url":"https:\/\/kibrisdakik.com\/?p=11605","article_published_time":"2023-08-04T09:27:11+00:00","og_image":[{"width":1280,"height":854,"url":"https:\/\/kibrisdakik.com\/wp-content\/uploads\/2023\/08\/tc-lefkosa-buyukelcisi-metin-feyzioglu-ile-roportaj-3-so-1670919610-740x420.jpg","type":"image\/jpeg"}],"author":"admin","twitter_card":"summary_large_image","twitter_misc":{"Yazan:":"admin","Tahmini okuma s\u00fcresi":"1 dakika"},"schema":{"@context":"https:\/\/schema.org","@graph":[{"@type":"Article","@id":"https:\/\/kibrisdakik.com\/?p=11605#article","isPartOf":{"@id":"https:\/\/kibrisdakik.com\/?p=11605"},"author":{"name":"admin","@id":"https:\/\/kibrisdakik.com\/#\/schema\/person\/9cd9d437bbb44f72b73ba127e06d8e79"},"headline":"Feyzio\u011flu: Yeni Ercan terminalindeki sorunlar tek tek ve s\u00fcratle \u00e7\u00f6z\u00fcl\u00fcyor","datePublished":"2023-08-04T09:27:11+00:00","mainEntityOfPage":{"@id":"https:\/\/kibrisdakik.com\/?p=11605"},"wordCount":292,"commentCount":0,"image":{"@id":"https:\/\/kibrisdakik.com\/?p=11605#primaryimage"},"thumbnailUrl":"https:\/\/kibrisdakik.com\/wp-content\/uploads\/2023\/08\/tc-lefkosa-buyukelcisi-metin-feyzioglu-ile-roportaj-3-so-1670919610-740x420.jpg","articleSection":["G\u00fcndem"],"inLanguage":"tr","potentialAction":[{"@type":"CommentAction","name":"Comment","target":["https:\/\/kibrisdakik.com\/?p=11605#respond"]}]},{"@type":"WebPage","@id":"https:\/\/kibrisdakik.com\/?p=11605","url":"https:\/\/kibrisdakik.com\/?p=11605","name":"Feyzio\u011flu: Yeni Ercan terminalindeki sorunlar tek tek ve s\u00fcratle \u00e7\u00f6z\u00fcl\u00fcyor -","isPartOf":{"@id":"https:\/\/kibrisdakik.com\/#website"},"primaryImageOfPage":{"@id":"https:\/\/kibrisdakik.com\/?p=11605#primaryimage"},"image":{"@id":"https:\/\/kibrisdakik.com\/?p=11605#primaryimage"},"thumbnailUrl":"https:\/\/kibrisdakik.com\/wp-content\/uploads\/2023\/08\/tc-lefkosa-buyukelcisi-metin-feyzioglu-ile-roportaj-3-so-1670919610-740x420.jpg","datePublished":"2023-08-04T09:27:11+00:00","author":{"@id":"https:\/\/kibrisdakik.com\/#\/schema\/person\/9cd9d437bbb44f72b73ba127e06d8e79"},"breadcrumb":{"@id":"https:\/\/kibrisdakik.com\/?p=11605#breadcrumb"},"inLanguage":"tr","potentialAction":[{"@type":"ReadAction","target":["https:\/\/kibrisdakik.com\/?p=11605"]}]},{"@type":"ImageObject","inLanguage":"tr","@id":"https:\/\/kibrisdakik.com\/?p=11605#primaryimage","url":"https:\/\/kibrisdakik.com\/wp-content\/uploads\/2023\/08\/tc-lefkosa-buyukelcisi-metin-feyzioglu-ile-roportaj-3-so-1670919610-740x420.jpg","contentUrl":"https:\/\/kibrisdakik.com\/wp-content\/uploads\/2023\/08\/tc-lefkosa-buyukelcisi-metin-feyzioglu-ile-roportaj-3-so-1670919610-740x420.jpg","width":1280,"height":854},{"@type":"BreadcrumbList","@id":"https:\/\/kibrisdakik.com\/?p=11605#breadcrumb","itemListElement":[{"@type":"ListItem","position":1,"name":"Home","item":"https:\/\/kibrisdakik.com\/"},{"@type":"ListItem","position":2,"name":"Feyzio\u011flu: Yeni Ercan terminalindeki sorunlar tek tek ve s\u00fcratle \u00e7\u00f6z\u00fcl\u00fcyor"}]},{"@type":"WebSite","@id":"https:\/\/kibrisdakik.com\/#website","url":"https:\/\/kibrisdakik.com\/","name":"","description":"Tam vaktinde haber","potentialAction":[{"@type":"SearchAction","target":{"@type":"EntryPoint","urlTemplate":"https:\/\/kibrisdakik.com\/?s={search_term_string}"},"query-input":{"@type":"PropertyValueSpecification","valueRequired":true,"valueName":"search_term_string"}}],"inLanguage":"tr"},{"@type":"Person","@id":"https:\/\/kibrisdakik.com\/#\/schema\/person\/9cd9d437bbb44f72b73ba127e06d8e79","name":"admin","image":{"@type":"ImageObject","inLanguage":"tr","@id":"https:\/\/secure.gravatar.com\/avatar\/ccc17943b9d660506c869530f897617f7cb1c21a4bf30023f252596d83e1f007?s=96&d=mm&r=g","url":"https:\/\/secure.gravatar.com\/avatar\/ccc17943b9d660506c869530f897617f7cb1c21a4bf30023f252596d83e1f007?s=96&d=mm&r=g","contentUrl":"https:\/\/secure.gravatar.com\/avatar\/ccc17943b9d660506c869530f897617f7cb1c21a4bf30023f252596d83e1f007?s=96&d=mm&r=g","caption":"admin"},"sameAs":["https:\/\/kibrisdakik.com"],"url":"https:\/\/kibrisdakik.com\/?author=1"}]}},"_links":{"self":[{"href":"https:\/\/kibrisdakik.com\/index.php?rest_route=\/wp\/v2\/posts\/11605","targetHints":{"allow":["GET"]}}],"collection":[{"href":"https:\/\/kibrisdakik.com\/index.php?rest_route=\/wp\/v2\/posts"}],"about":[{"href":"https:\/\/kibrisdakik.com\/index.php?rest_route=\/wp\/v2\/types\/post"}],"author":[{"embeddable":true,"href":"https:\/\/kibrisdakik.com\/index.php?rest_route=\/wp\/v2\/users\/1"}],"replies":[{"embeddable":true,"href":"https:\/\/kibrisdakik.com\/index.php?rest_route=%2Fwp%2Fv2%2Fcomments&post=11605"}],"version-history":[{"count":0,"href":"https:\/\/kibrisdakik.com\/index.php?rest_route=\/wp\/v2\/posts\/11605\/revisions"}],"wp:featuredmedia":[{"embeddable":true,"href":"https:\/\/kibrisdakik.com\/index.php?rest_route=\/wp\/v2\/media\/11606"}],"wp:attachment":[{"href":"https:\/\/kibrisdakik.com\/index.php?rest_route=%2Fwp%2Fv2%2Fmedia&parent=11605"}],"wp:term":[{"taxonomy":"category","embeddable":true,"href":"https:\/\/kibrisdakik.com\/index.php?rest_route=%2Fwp%2Fv2%2Fcategories&post=11605"},{"taxonomy":"post_tag","embeddable":true,"href":"https:\/\/kibrisdakik.com\/index.php?rest_route=%2Fwp%2Fv2%2Ftags&post=11605"}],"curies":[{"name":"wp","href":"https:\/\/api.w.org\/{rel}","templated":true}]}}