{"id":11647,"date":"2023-08-05T04:57:31","date_gmt":"2023-08-05T04:57:31","guid":{"rendered":"https:\/\/kibrisdakik.com\/index.php\/2023\/08\/05\/polis-memuru-oytun-cakir-elim-bir-trafik-kazasi-sonucu-hayatini-kaybetti\/"},"modified":"2023-08-05T04:57:31","modified_gmt":"2023-08-05T04:57:31","slug":"polis-memuru-oytun-cakir-elim-bir-trafik-kazasi-sonucu-hayatini-kaybetti","status":"publish","type":"post","link":"https:\/\/kibrisdakik.com\/?p=11647","title":{"rendered":"Polis Memuru Oytun \u00c7ak\u0131r, elim bir trafik kazas\u0131 sonucu hayat\u0131n\u0131 kaybetti"},"content":{"rendered":"<p><\/p>\n<div>\n<div class=\"mariselle-image-container center\">\n                <img width=\"2560\" height=\"1439\" class=\"lazy-image\" alt=\"\" decoding=\"async\" loading=\"lazy\" sizes=\"auto, (max-width: 2560px) 100vw, 2560px\" src=\"https:\/\/brtk.net\/wp-content\/uploads\/2023\/08\/05\/InShot_20230805_072442899-scaled.jpg?ver=6a984a21c96574d842385de5bedb8753\" srcset=\"https:\/\/brtk.net\/wp-content\/uploads\/2023\/08\/05\/InShot_20230805_072442899-scaled.jpg?ver=6a984a21c96574d842385de5bedb8753 2560w, https:\/\/brtk.net\/wp-content\/uploads\/2023\/08\/05\/InShot_20230805_072442899-300x169.jpg?ver=6a984a21c96574d842385de5bedb8753 300w, https:\/\/brtk.net\/wp-content\/uploads\/2023\/08\/05\/InShot_20230805_072442899-1024x576.jpg?ver=94795eab0840456cc48388ebd63fe712 1024w, https:\/\/brtk.net\/wp-content\/uploads\/2023\/08\/05\/InShot_20230805_072442899-768x432.jpg?ver=94795eab0840456cc48388ebd63fe712 768w, https:\/\/brtk.net\/wp-content\/uploads\/2023\/08\/05\/InShot_20230805_072442899-1536x863.jpg?ver=7971b239f0604e65ace14539650b82c5 1536w, https:\/\/brtk.net\/wp-content\/uploads\/2023\/08\/05\/InShot_20230805_072442899-2048x1151.jpg?ver=75e7ba1dae6ac41990a4e82c5472f4b4 2048w\"\/>                            <\/div>\n<p>Polis Bas\u0131n Subayl\u0131\u011f\u0131\u2019ndan verilen bilgiye g\u00f6re  saat 00:05 s\u0131ralar\u0131nda, Lefko\u015fa-Gazima\u011fusa b\u00f6l\u00fcnm\u00fc\u015f anayolunun, Tantura kav\u015fa\u011f\u0131n\u0131n yakla\u015f\u0131k 200 metre gerisinde, B\u00fclent G\u00dcNER (E-44), 225 mlgr alkoll\u00fc i\u00e7ki tesiri alt\u0131nda ve y\u00f6netimindeki JM 050 plakal\u0131 ara\u00e7 ile Gazima\u011fusa istikametine do\u011fru seyredip, daha \u00f6nceden gerisinde Fatih DO\u011eAN y\u00f6netimindeki TLL 110 plakal\u0131 taksi arac\u0131n, uzun farlar\u0131 yand\u0131\u011f\u0131ndan, ayni istikamette seyreden PM Oytun \u00c7AKIR y\u00f6netimindeki LP 232 plakal\u0131 ara\u00e7 ile TLL 110 plakal\u0131 arac\u0131n sol \u015ferit i\u00e7erisinde gerisinde durup PM Co\u015fkun K\u00dc\u00c7\u00dcK ile birlikte sa\u011f \u015ferit i\u00e7erisinden s\u00fcr\u00fcc\u00fcs\u00fcn\u00fc ikaz etti\u011fi s\u0131rada yine sa\u011f \u015ferit i\u00e7erisinde seyreden ZPD 540 plakal\u0131 arac\u0131n aras\u0131ndan dikkatsizce ge\u00e7meye \u00e7al\u0131\u015fmas\u0131 sonucu sa\u011f \u015ferit i\u00e7erisinde yaya olarak bulunan PM Oytun \u00c7AKIR ve PM Co\u015fkun K\u00dc\u00c7\u00dcK\u2019e \u00e7arpm\u0131\u015ft\u0131r. <\/p>\n<p>Kazada  yaralanan Oytun \u00c7AKIR ve Co\u015fkun K\u00dc\u00c7\u00dcK Gazima\u011fusa Devlet Hastahanesi\u2019ne kald\u0131r\u0131lm\u0131\u015f ancak Oytun \u00c7AKIR yap\u0131lan t\u00fcm m\u00fcdahalelere ra\u011fmen kurtar\u0131lamayarak ya\u015fam\u0131n\u0131 yitirmi\u015ftir. <\/p>\n<p>Co\u015fkun K\u00dc\u00c7\u00dcK ise yap\u0131lan m\u00fcdahalenin ard\u0131ndan N\u00f6roloji Servisi\u2019nde tedavisi devam etmektedir. B\u00fclent G\u00dcNER tutuklanm\u0131\u015f olup polisin kazayla ilgili soru\u015fturmas\u0131 devam etmektedir.PGM\/<a href=\"https:\/\/brtk.net\/\">BRT<\/a><\/p>\n<\/p><\/div>\n<p><script async\n                    defer\n                    crossorigin=\"anonymous\"\n                    src=\"https:\/\/connect.facebook.net\/tr_TR\/sdk.js#xfbml=1&#038;version=v3.3\"\n            ><\/script><\/p>\n","protected":false},"excerpt":{"rendered":"<p>Polis Bas\u0131n Subayl\u0131\u011f\u0131\u2019ndan verilen bilgiye g\u00f6re saat 00:05 s\u0131ralar\u0131nda, Lefko\u015fa-Gazima\u011fusa b\u00f6l\u00fcnm\u00fc\u015f anayolunun, Tantura kav\u015fa\u011f\u0131n\u0131n yakla\u015f\u0131k 200 metre gerisinde, B\u00fclent G\u00dcNER (E-44), 225 mlgr alkoll\u00fc i\u00e7ki tesiri alt\u0131nda ve y\u00f6netimindeki JM 050 plakal\u0131 ara\u00e7 ile Gazima\u011fusa istikametine do\u011fru seyredip, daha \u00f6nceden gerisinde Fatih DO\u011eAN y\u00f6netimindeki TLL 110 plakal\u0131 taksi arac\u0131n, uzun farlar\u0131 yand\u0131\u011f\u0131ndan, ayni istikamette seyreden<\/p>\n","protected":false},"author":1,"featured_media":11648,"comment_status":"open","ping_status":"open","sticky":false,"template":"","format":"standard","meta":{"footnotes":""},"categories":[1],"tags":[],"class_list":["post-11647","post","type-post","status-publish","format-standard","has-post-thumbnail","hentry","category-gundem"],"yoast_head":"<!-- This site is optimized with the Yoast SEO plugin v27.4 - https:\/\/yoast.com\/product\/yoast-seo-wordpress\/ -->\n<title>Polis Memuru Oytun \u00c7ak\u0131r, elim bir trafik kazas\u0131 sonucu hayat\u0131n\u0131 kaybetti -<\/title>\n<meta name=\"robots\" content=\"index, follow, max-snippet:-1, max-image-preview:large, max-video-preview:-1\" \/>\n<link rel=\"canonical\" href=\"https:\/\/kibrisdakik.com\/?p=11647\" \/>\n<meta property=\"og:locale\" content=\"tr_TR\" \/>\n<meta property=\"og:type\" content=\"article\" \/>\n<meta property=\"og:title\" content=\"Polis Memuru Oytun \u00c7ak\u0131r, elim bir trafik kazas\u0131 sonucu hayat\u0131n\u0131 kaybetti -\" \/>\n<meta property=\"og:description\" content=\"Polis Bas\u0131n Subayl\u0131\u011f\u0131\u2019ndan verilen bilgiye g\u00f6re saat 00:05 s\u0131ralar\u0131nda, Lefko\u015fa-Gazima\u011fusa b\u00f6l\u00fcnm\u00fc\u015f anayolunun, Tantura kav\u015fa\u011f\u0131n\u0131n yakla\u015f\u0131k 200 metre gerisinde, B\u00fclent G\u00dcNER (E-44), 225 mlgr alkoll\u00fc i\u00e7ki tesiri alt\u0131nda ve y\u00f6netimindeki JM 050 plakal\u0131 ara\u00e7 ile Gazima\u011fusa istikametine do\u011fru seyredip, daha \u00f6nceden gerisinde Fatih DO\u011eAN y\u00f6netimindeki TLL 110 plakal\u0131 taksi arac\u0131n, uzun farlar\u0131 yand\u0131\u011f\u0131ndan, ayni istikamette seyreden\" \/>\n<meta property=\"og:url\" content=\"https:\/\/kibrisdakik.com\/?p=11647\" \/>\n<meta property=\"article:published_time\" content=\"2023-08-05T04:57:31+00:00\" \/>\n<meta property=\"og:image\" content=\"https:\/\/kibrisdakik.com\/wp-content\/uploads\/2023\/08\/InShot_20230805_072442899-scaled-740x420.jpg\" \/>\n\t<meta property=\"og:image:width\" content=\"2560\" \/>\n\t<meta property=\"og:image:height\" content=\"1439\" \/>\n\t<meta property=\"og:image:type\" content=\"image\/jpeg\" \/>\n<meta name=\"author\" content=\"admin\" \/>\n<meta name=\"twitter:card\" content=\"summary_large_image\" \/>\n<meta name=\"twitter:label1\" content=\"Yazan:\" \/>\n\t<meta name=\"twitter:data1\" content=\"admin\" \/>\n\t<meta name=\"twitter:label2\" content=\"Tahmini okuma s\u00fcresi\" \/>\n\t<meta name=\"twitter:data2\" content=\"1 dakika\" \/>\n<script type=\"application\/ld+json\" class=\"yoast-schema-graph\">{\"@context\":\"https:\\\/\\\/schema.org\",\"@graph\":[{\"@type\":\"Article\",\"@id\":\"https:\\\/\\\/kibrisdakik.com\\\/?p=11647#article\",\"isPartOf\":{\"@id\":\"https:\\\/\\\/kibrisdakik.com\\\/?p=11647\"},\"author\":{\"name\":\"admin\",\"@id\":\"https:\\\/\\\/kibrisdakik.com\\\/#\\\/schema\\\/person\\\/9cd9d437bbb44f72b73ba127e06d8e79\"},\"headline\":\"Polis Memuru Oytun \u00c7ak\u0131r, elim bir trafik kazas\u0131 sonucu hayat\u0131n\u0131 kaybetti\",\"datePublished\":\"2023-08-05T04:57:31+00:00\",\"mainEntityOfPage\":{\"@id\":\"https:\\\/\\\/kibrisdakik.com\\\/?p=11647\"},\"wordCount\":233,\"commentCount\":0,\"image\":{\"@id\":\"https:\\\/\\\/kibrisdakik.com\\\/?p=11647#primaryimage\"},\"thumbnailUrl\":\"https:\\\/\\\/kibrisdakik.com\\\/wp-content\\\/uploads\\\/2023\\\/08\\\/InShot_20230805_072442899-scaled-740x420.jpg\",\"articleSection\":[\"G\u00fcndem\"],\"inLanguage\":\"tr\",\"potentialAction\":[{\"@type\":\"CommentAction\",\"name\":\"Comment\",\"target\":[\"https:\\\/\\\/kibrisdakik.com\\\/?p=11647#respond\"]}]},{\"@type\":\"WebPage\",\"@id\":\"https:\\\/\\\/kibrisdakik.com\\\/?p=11647\",\"url\":\"https:\\\/\\\/kibrisdakik.com\\\/?p=11647\",\"name\":\"Polis Memuru Oytun \u00c7ak\u0131r, elim bir trafik kazas\u0131 sonucu hayat\u0131n\u0131 kaybetti -\",\"isPartOf\":{\"@id\":\"https:\\\/\\\/kibrisdakik.com\\\/#website\"},\"primaryImageOfPage\":{\"@id\":\"https:\\\/\\\/kibrisdakik.com\\\/?p=11647#primaryimage\"},\"image\":{\"@id\":\"https:\\\/\\\/kibrisdakik.com\\\/?p=11647#primaryimage\"},\"thumbnailUrl\":\"https:\\\/\\\/kibrisdakik.com\\\/wp-content\\\/uploads\\\/2023\\\/08\\\/InShot_20230805_072442899-scaled-740x420.jpg\",\"datePublished\":\"2023-08-05T04:57:31+00:00\",\"author\":{\"@id\":\"https:\\\/\\\/kibrisdakik.com\\\/#\\\/schema\\\/person\\\/9cd9d437bbb44f72b73ba127e06d8e79\"},\"breadcrumb\":{\"@id\":\"https:\\\/\\\/kibrisdakik.com\\\/?p=11647#breadcrumb\"},\"inLanguage\":\"tr\",\"potentialAction\":[{\"@type\":\"ReadAction\",\"target\":[\"https:\\\/\\\/kibrisdakik.com\\\/?p=11647\"]}]},{\"@type\":\"ImageObject\",\"inLanguage\":\"tr\",\"@id\":\"https:\\\/\\\/kibrisdakik.com\\\/?p=11647#primaryimage\",\"url\":\"https:\\\/\\\/kibrisdakik.com\\\/wp-content\\\/uploads\\\/2023\\\/08\\\/InShot_20230805_072442899-scaled-740x420.jpg\",\"contentUrl\":\"https:\\\/\\\/kibrisdakik.com\\\/wp-content\\\/uploads\\\/2023\\\/08\\\/InShot_20230805_072442899-scaled-740x420.jpg\",\"width\":2560,\"height\":1439},{\"@type\":\"BreadcrumbList\",\"@id\":\"https:\\\/\\\/kibrisdakik.com\\\/?p=11647#breadcrumb\",\"itemListElement\":[{\"@type\":\"ListItem\",\"position\":1,\"name\":\"Home\",\"item\":\"https:\\\/\\\/kibrisdakik.com\\\/\"},{\"@type\":\"ListItem\",\"position\":2,\"name\":\"Polis Memuru Oytun \u00c7ak\u0131r, elim bir trafik kazas\u0131 sonucu hayat\u0131n\u0131 kaybetti\"}]},{\"@type\":\"WebSite\",\"@id\":\"https:\\\/\\\/kibrisdakik.com\\\/#website\",\"url\":\"https:\\\/\\\/kibrisdakik.com\\\/\",\"name\":\"\",\"description\":\"Tam vaktinde haber\",\"potentialAction\":[{\"@type\":\"SearchAction\",\"target\":{\"@type\":\"EntryPoint\",\"urlTemplate\":\"https:\\\/\\\/kibrisdakik.com\\\/?s={search_term_string}\"},\"query-input\":{\"@type\":\"PropertyValueSpecification\",\"valueRequired\":true,\"valueName\":\"search_term_string\"}}],\"inLanguage\":\"tr\"},{\"@type\":\"Person\",\"@id\":\"https:\\\/\\\/kibrisdakik.com\\\/#\\\/schema\\\/person\\\/9cd9d437bbb44f72b73ba127e06d8e79\",\"name\":\"admin\",\"image\":{\"@type\":\"ImageObject\",\"inLanguage\":\"tr\",\"@id\":\"https:\\\/\\\/secure.gravatar.com\\\/avatar\\\/ccc17943b9d660506c869530f897617f7cb1c21a4bf30023f252596d83e1f007?s=96&d=mm&r=g\",\"url\":\"https:\\\/\\\/secure.gravatar.com\\\/avatar\\\/ccc17943b9d660506c869530f897617f7cb1c21a4bf30023f252596d83e1f007?s=96&d=mm&r=g\",\"contentUrl\":\"https:\\\/\\\/secure.gravatar.com\\\/avatar\\\/ccc17943b9d660506c869530f897617f7cb1c21a4bf30023f252596d83e1f007?s=96&d=mm&r=g\",\"caption\":\"admin\"},\"sameAs\":[\"https:\\\/\\\/kibrisdakik.com\"],\"url\":\"https:\\\/\\\/kibrisdakik.com\\\/?author=1\"}]}<\/script>\n<!-- \/ Yoast SEO plugin. -->","yoast_head_json":{"title":"Polis Memuru Oytun \u00c7ak\u0131r, elim bir trafik kazas\u0131 sonucu hayat\u0131n\u0131 kaybetti -","robots":{"index":"index","follow":"follow","max-snippet":"max-snippet:-1","max-image-preview":"max-image-preview:large","max-video-preview":"max-video-preview:-1"},"canonical":"https:\/\/kibrisdakik.com\/?p=11647","og_locale":"tr_TR","og_type":"article","og_title":"Polis Memuru Oytun \u00c7ak\u0131r, elim bir trafik kazas\u0131 sonucu hayat\u0131n\u0131 kaybetti -","og_description":"Polis Bas\u0131n Subayl\u0131\u011f\u0131\u2019ndan verilen bilgiye g\u00f6re saat 00:05 s\u0131ralar\u0131nda, Lefko\u015fa-Gazima\u011fusa b\u00f6l\u00fcnm\u00fc\u015f anayolunun, Tantura kav\u015fa\u011f\u0131n\u0131n yakla\u015f\u0131k 200 metre gerisinde, B\u00fclent G\u00dcNER (E-44), 225 mlgr alkoll\u00fc i\u00e7ki tesiri alt\u0131nda ve y\u00f6netimindeki JM 050 plakal\u0131 ara\u00e7 ile Gazima\u011fusa istikametine do\u011fru seyredip, daha \u00f6nceden gerisinde Fatih DO\u011eAN y\u00f6netimindeki TLL 110 plakal\u0131 taksi arac\u0131n, uzun farlar\u0131 yand\u0131\u011f\u0131ndan, ayni istikamette seyreden","og_url":"https:\/\/kibrisdakik.com\/?p=11647","article_published_time":"2023-08-05T04:57:31+00:00","og_image":[{"width":2560,"height":1439,"url":"https:\/\/kibrisdakik.com\/wp-content\/uploads\/2023\/08\/InShot_20230805_072442899-scaled-740x420.jpg","type":"image\/jpeg"}],"author":"admin","twitter_card":"summary_large_image","twitter_misc":{"Yazan:":"admin","Tahmini okuma s\u00fcresi":"1 dakika"},"schema":{"@context":"https:\/\/schema.org","@graph":[{"@type":"Article","@id":"https:\/\/kibrisdakik.com\/?p=11647#article","isPartOf":{"@id":"https:\/\/kibrisdakik.com\/?p=11647"},"author":{"name":"admin","@id":"https:\/\/kibrisdakik.com\/#\/schema\/person\/9cd9d437bbb44f72b73ba127e06d8e79"},"headline":"Polis Memuru Oytun \u00c7ak\u0131r, elim bir trafik kazas\u0131 sonucu hayat\u0131n\u0131 kaybetti","datePublished":"2023-08-05T04:57:31+00:00","mainEntityOfPage":{"@id":"https:\/\/kibrisdakik.com\/?p=11647"},"wordCount":233,"commentCount":0,"image":{"@id":"https:\/\/kibrisdakik.com\/?p=11647#primaryimage"},"thumbnailUrl":"https:\/\/kibrisdakik.com\/wp-content\/uploads\/2023\/08\/InShot_20230805_072442899-scaled-740x420.jpg","articleSection":["G\u00fcndem"],"inLanguage":"tr","potentialAction":[{"@type":"CommentAction","name":"Comment","target":["https:\/\/kibrisdakik.com\/?p=11647#respond"]}]},{"@type":"WebPage","@id":"https:\/\/kibrisdakik.com\/?p=11647","url":"https:\/\/kibrisdakik.com\/?p=11647","name":"Polis Memuru Oytun \u00c7ak\u0131r, elim bir trafik kazas\u0131 sonucu hayat\u0131n\u0131 kaybetti -","isPartOf":{"@id":"https:\/\/kibrisdakik.com\/#website"},"primaryImageOfPage":{"@id":"https:\/\/kibrisdakik.com\/?p=11647#primaryimage"},"image":{"@id":"https:\/\/kibrisdakik.com\/?p=11647#primaryimage"},"thumbnailUrl":"https:\/\/kibrisdakik.com\/wp-content\/uploads\/2023\/08\/InShot_20230805_072442899-scaled-740x420.jpg","datePublished":"2023-08-05T04:57:31+00:00","author":{"@id":"https:\/\/kibrisdakik.com\/#\/schema\/person\/9cd9d437bbb44f72b73ba127e06d8e79"},"breadcrumb":{"@id":"https:\/\/kibrisdakik.com\/?p=11647#breadcrumb"},"inLanguage":"tr","potentialAction":[{"@type":"ReadAction","target":["https:\/\/kibrisdakik.com\/?p=11647"]}]},{"@type":"ImageObject","inLanguage":"tr","@id":"https:\/\/kibrisdakik.com\/?p=11647#primaryimage","url":"https:\/\/kibrisdakik.com\/wp-content\/uploads\/2023\/08\/InShot_20230805_072442899-scaled-740x420.jpg","contentUrl":"https:\/\/kibrisdakik.com\/wp-content\/uploads\/2023\/08\/InShot_20230805_072442899-scaled-740x420.jpg","width":2560,"height":1439},{"@type":"BreadcrumbList","@id":"https:\/\/kibrisdakik.com\/?p=11647#breadcrumb","itemListElement":[{"@type":"ListItem","position":1,"name":"Home","item":"https:\/\/kibrisdakik.com\/"},{"@type":"ListItem","position":2,"name":"Polis Memuru Oytun \u00c7ak\u0131r, elim bir trafik kazas\u0131 sonucu hayat\u0131n\u0131 kaybetti"}]},{"@type":"WebSite","@id":"https:\/\/kibrisdakik.com\/#website","url":"https:\/\/kibrisdakik.com\/","name":"","description":"Tam vaktinde haber","potentialAction":[{"@type":"SearchAction","target":{"@type":"EntryPoint","urlTemplate":"https:\/\/kibrisdakik.com\/?s={search_term_string}"},"query-input":{"@type":"PropertyValueSpecification","valueRequired":true,"valueName":"search_term_string"}}],"inLanguage":"tr"},{"@type":"Person","@id":"https:\/\/kibrisdakik.com\/#\/schema\/person\/9cd9d437bbb44f72b73ba127e06d8e79","name":"admin","image":{"@type":"ImageObject","inLanguage":"tr","@id":"https:\/\/secure.gravatar.com\/avatar\/ccc17943b9d660506c869530f897617f7cb1c21a4bf30023f252596d83e1f007?s=96&d=mm&r=g","url":"https:\/\/secure.gravatar.com\/avatar\/ccc17943b9d660506c869530f897617f7cb1c21a4bf30023f252596d83e1f007?s=96&d=mm&r=g","contentUrl":"https:\/\/secure.gravatar.com\/avatar\/ccc17943b9d660506c869530f897617f7cb1c21a4bf30023f252596d83e1f007?s=96&d=mm&r=g","caption":"admin"},"sameAs":["https:\/\/kibrisdakik.com"],"url":"https:\/\/kibrisdakik.com\/?author=1"}]}},"_links":{"self":[{"href":"https:\/\/kibrisdakik.com\/index.php?rest_route=\/wp\/v2\/posts\/11647","targetHints":{"allow":["GET"]}}],"collection":[{"href":"https:\/\/kibrisdakik.com\/index.php?rest_route=\/wp\/v2\/posts"}],"about":[{"href":"https:\/\/kibrisdakik.com\/index.php?rest_route=\/wp\/v2\/types\/post"}],"author":[{"embeddable":true,"href":"https:\/\/kibrisdakik.com\/index.php?rest_route=\/wp\/v2\/users\/1"}],"replies":[{"embeddable":true,"href":"https:\/\/kibrisdakik.com\/index.php?rest_route=%2Fwp%2Fv2%2Fcomments&post=11647"}],"version-history":[{"count":0,"href":"https:\/\/kibrisdakik.com\/index.php?rest_route=\/wp\/v2\/posts\/11647\/revisions"}],"wp:featuredmedia":[{"embeddable":true,"href":"https:\/\/kibrisdakik.com\/index.php?rest_route=\/wp\/v2\/media\/11648"}],"wp:attachment":[{"href":"https:\/\/kibrisdakik.com\/index.php?rest_route=%2Fwp%2Fv2%2Fmedia&parent=11647"}],"wp:term":[{"taxonomy":"category","embeddable":true,"href":"https:\/\/kibrisdakik.com\/index.php?rest_route=%2Fwp%2Fv2%2Fcategories&post=11647"},{"taxonomy":"post_tag","embeddable":true,"href":"https:\/\/kibrisdakik.com\/index.php?rest_route=%2Fwp%2Fv2%2Ftags&post=11647"}],"curies":[{"name":"wp","href":"https:\/\/api.w.org\/{rel}","templated":true}]}}