{"id":11649,"date":"2023-08-05T06:00:05","date_gmt":"2023-08-05T06:00:05","guid":{"rendered":"https:\/\/kibrisdakik.com\/index.php\/2023\/08\/05\/bakan-cavusoglu-eit-egitim-enstitusu-4-mutevelli-heyeti-toplantisinda-ust-duzey-gorusmelerde-bulundu\/"},"modified":"2023-08-05T06:00:05","modified_gmt":"2023-08-05T06:00:05","slug":"bakan-cavusoglu-eit-egitim-enstitusu-4-mutevelli-heyeti-toplantisinda-ust-duzey-gorusmelerde-bulundu","status":"publish","type":"post","link":"https:\/\/kibrisdakik.com\/?p=11649","title":{"rendered":"Bakan \u00c7avu\u015fo\u011flu, E\u0130T E\u011fitim Enstit\u00fcs\u00fc 4. M\u00fctevelli Heyeti Toplant\u0131s\u0131\u2019nda \u00fcst d\u00fczey g\u00f6r\u00fc\u015fmelerde bulundu"},"content":{"rendered":"<p><\/p>\n<div>\n<div class=\"mariselle-image-container center\">\n                <img width=\"1599\" height=\"956\" class=\"lazy-image\" alt=\"\" decoding=\"async\" loading=\"lazy\" sizes=\"auto, (max-width: 1599px) 100vw, 1599px\" src=\"https:\/\/brtk.net\/wp-content\/uploads\/2023\/08\/05\/MEB-TEKIN-GORUSME-2.jpg?ver=aacf9d1e7d84012a57e755e4cea53535\" srcset=\"https:\/\/brtk.net\/wp-content\/uploads\/2023\/08\/05\/MEB-TEKIN-GORUSME-2.jpg?ver=aacf9d1e7d84012a57e755e4cea53535 1599w, https:\/\/brtk.net\/wp-content\/uploads\/2023\/08\/05\/MEB-TEKIN-GORUSME-2-300x179.jpg?ver=dea38f97867b99ecf7a57c390cabe78d 300w, https:\/\/brtk.net\/wp-content\/uploads\/2023\/08\/05\/MEB-TEKIN-GORUSME-2-1024x612.jpg?ver=dea38f97867b99ecf7a57c390cabe78d 1024w, https:\/\/brtk.net\/wp-content\/uploads\/2023\/08\/05\/MEB-TEKIN-GORUSME-2-768x459.jpg?ver=dea38f97867b99ecf7a57c390cabe78d 768w, https:\/\/brtk.net\/wp-content\/uploads\/2023\/08\/05\/MEB-TEKIN-GORUSME-2-1536x918.jpg?ver=c85ba696eda96bc684110c75347da0f2 1536w\"\/>                            <\/div>\n<p>Milli E\u011fitim Bakan\u0131 Naz\u0131m \u00c7avu\u015fo\u011flu, \u0130stanbul\u2019da ger\u00e7ekle\u015ftirilen Ekonomik \u0130\u015fbirli\u011fi Te\u015fkilat\u0131 E\u011fitim Enstit\u00fcs\u00fc 4. M\u00fctevelli Heyeti Toplant\u0131s\u0131\u2019na kat\u0131larak, \u00fcst d\u00fczey g\u00f6r\u00fc\u015fmelerde bulundu.<\/p>\n<p>\u00a0<\/p>\n<p>\u00c7avu\u015fo\u011flu, toplant\u0131 kapsam\u0131nda d\u00fczenlenen ikili g\u00f6r\u00fc\u015fmeler do\u011frultusunda, T\u00fcrkiye Cumhuriyeti Milli E\u011fitim Bakan\u0131 Yusuf Tekin, Pakistan \u0130slam Cumhuriyeti Federal E\u011fitim\u00a0ve Mesleki E\u011fitim Bakan\u0131 Rana Tanveer Hussain ve Ekonomik \u0130\u015fbirli\u011fi Te\u015fkilat\u0131 E\u011fitim Enstit\u00fcs\u00fc Ba\u015fkan\u0131 Mehmet Akif Kire\u00e7ci ile bir araya geldi.<\/p>\n<p>\u00a0<\/p>\n<p><strong>\u00c7avu\u015fo\u011flu, Tekin ile g\u00f6r\u00fc\u015ft\u00fc<\/strong><\/p>\n<p>Milli E\u011fitim Bakan\u0131 Naz\u0131m \u00c7avu\u015fo\u011flu, T\u00fcrkiye Cumhuriyeti Milli E\u011fitim Bakan\u0131 Yusuf Tekin ile bir araya geldi\u011fi g\u00f6r\u00fc\u015fmede, T\u00fcrkiye Milli E\u011fitim Bakanl\u0131\u011f\u0131 ile ili\u015fkilerinin her zaman iyi oldu\u011funu dile getirerek, \u201c\u0130ki \u00fclke aras\u0131nda y\u00fcr\u00fctt\u00fc\u011f\u00fcm\u00fcz i\u015f birli\u011fi tarihi sorumlulu\u011fumuzdur.\u201d ifadelerine yer verdi.<\/p>\n<p>\u00a0<\/p>\n<p>Konu\u015fmas\u0131nda, \u201cBizim ortak gayemiz, devletimizi y\u00fcceltmek ve uluslararas\u0131 platformda K\u0131br\u0131s T\u00fcrk halk\u0131n\u0131n sesini duyurmakt\u0131r.\u201d ifadelerine yer veren \u00c7avu\u015fo\u011flu, kat\u0131ld\u0131klar\u0131 toplant\u0131n\u0131n bu ba\u011flamda \u00e7ok yararl\u0131 oldu\u011funu ve bu giri\u015fimleri ancak Anavatan T\u00fcrkiye\u2019nin liderli\u011finde yapabildiklerini s\u00f6yledi.<\/p>\n<p>\u00a0<\/p>\n<p>Bu gibi uluslararas\u0131 toplant\u0131lar\u0131n, <a href=\"https:\/\/brtk.net\/\"\/><a href=\"https:\/\/brtk.net\/\"\/><a href=\"https:\/\/brtk.net\/\"\/><a href=\"https:\/\/brtk.net\/\"\/><a href=\"https:\/\/brtk.net\/\"\/><a href=\"https:\/\/brtk.net\/\"\/><a href=\"https:\/\/brtk.net\/\"\/><a href=\"https:\/\/brtk.net\/\"\/><a href=\"https:\/\/brtk.net\/\">KKTC<\/a> i\u00e7in \u00e7ok de\u011ferli oldu\u011funu ve \u00e7ok \u00f6nemsediklerini belirten \u00c7avu\u015fo\u011flu, T\u00fcrkiye\u2019nin K\u0131br\u0131s T\u00fcrk\u00fc\u2019ne verdi\u011fi deste\u011fin \u00f6nemine vurgu yaparak, yarat\u0131lan f\u0131rsatlardan \u00f6t\u00fcr\u00fc Yusuf Tekin\u2019e te\u015fekk\u00fcr etti.<\/p>\n<div class=\"mariselle-image-container center\">\n                <img width=\"1200\" height=\"1600\" class=\"lazy-image\" alt=\"\" decoding=\"async\" loading=\"lazy\" sizes=\"auto, (max-width: 1200px) 100vw, 1200px\" src=\"https:\/\/brtk.net\/wp-content\/uploads\/2023\/08\/05\/MEB-TEKIN-GORUSME.jpg?ver=bf0f67a3e64e09ecb0eb805985865f71\" srcset=\"https:\/\/brtk.net\/wp-content\/uploads\/2023\/08\/05\/MEB-TEKIN-GORUSME.jpg?ver=bf0f67a3e64e09ecb0eb805985865f71 1200w, https:\/\/brtk.net\/wp-content\/uploads\/2023\/08\/05\/MEB-TEKIN-GORUSME-225x300.jpg?ver=bf0f67a3e64e09ecb0eb805985865f71 225w, https:\/\/brtk.net\/wp-content\/uploads\/2023\/08\/05\/MEB-TEKIN-GORUSME-768x1024.jpg?ver=7c3365886f0eb105c74a6c5ded8b833b 768w, https:\/\/brtk.net\/wp-content\/uploads\/2023\/08\/05\/MEB-TEKIN-GORUSME-1152x1536.jpg?ver=7c3365886f0eb105c74a6c5ded8b833b 1152w\"\/>                            <\/div>\n<p>T\u00fcrkiye Milli E\u011fitim Bakan\u0131 Yusuf Tekin ise T\u00fcrkiye Cumhuriyeti olarak <a href=\"https:\/\/brtk.net\/\"\/><a href=\"https:\/\/brtk.net\/\"\/><a href=\"https:\/\/brtk.net\/\"\/><a href=\"https:\/\/brtk.net\/\"\/><a href=\"https:\/\/brtk.net\/\"\/><a href=\"https:\/\/brtk.net\/\"\/><a href=\"https:\/\/brtk.net\/\"\/><a href=\"https:\/\/brtk.net\/\"\/><a href=\"https:\/\/brtk.net\/\">KKTC<\/a>\u2019nin her alanda yer almas\u0131 i\u00e7in her t\u00fcrl\u00fc ad\u0131m\u0131 att\u0131klar\u0131n\u0131 dile getirerek, \u201cK\u0131br\u0131s T\u00fcrk\u00fc\u2019n\u00fcn sesini duyurmak, sizin oldu\u011fu gibi bizim de gayemizdir.\u201d ifadelerini kulland\u0131.<\/p>\n<p>\u00a0<\/p>\n<p>Bu toplant\u0131n\u0131n, <a href=\"https:\/\/brtk.net\/\"\/><a href=\"https:\/\/brtk.net\/\"\/><a href=\"https:\/\/brtk.net\/\"\/><a href=\"https:\/\/brtk.net\/\"\/><a href=\"https:\/\/brtk.net\/\"\/><a href=\"https:\/\/brtk.net\/\"\/><a href=\"https:\/\/brtk.net\/\"\/><a href=\"https:\/\/brtk.net\/\"\/><a href=\"https:\/\/brtk.net\/\">KKTC<\/a> i\u00e7in yeni bir ba\u015flang\u0131c\u0131n \u00f6n\u00fcn\u00fc a\u00e7aca\u011f\u0131n\u0131 ve olumlu sonu\u00e7lar yarataca\u011f\u0131n\u0131 dile getiren Tekin, K\u0131br\u0131s T\u00fcrk\u00fc\u2019ne verecekleri deste\u011fin devam edece\u011fine de vurgu yaparak, en k\u0131sa s\u00fcrede <a href=\"https:\/\/brtk.net\/\"\/><a href=\"https:\/\/brtk.net\/\"\/><a href=\"https:\/\/brtk.net\/\"\/><a href=\"https:\/\/brtk.net\/\"\/><a href=\"https:\/\/brtk.net\/\"\/><a href=\"https:\/\/brtk.net\/\"\/><a href=\"https:\/\/brtk.net\/\"\/><a href=\"https:\/\/brtk.net\/\"\/><a href=\"https:\/\/brtk.net\/\">KKTC<\/a>\u2019yi ziyaret etmek istedi\u011fini belirtti.<\/p>\n<p><strong>Pakistan ile Y\u00fcksek\u00f6\u011fretim alan\u0131nda mutabakat zapt\u0131 imzalanacak<\/strong><\/p>\n<p>Bakan \u00c7avu\u015fo\u011flu, \u00fcst d\u00fczey g\u00f6r\u00fc\u015fmeleri \u00e7er\u00e7evesinde, Pakistan \u0130slam Cumhuriyeti Federal E\u011fitim\u00a0ve Mesleki E\u011fitim Bakan\u0131 Rana Tanveer Hussain ile de bir g\u00f6r\u00fc\u015fme ger\u00e7ekle\u015ftirdi.<\/p>\n<p>\u00a0<\/p>\n<p>G\u00f6r\u00fc\u015fmede, iki \u00fclke aras\u0131nda y\u00fcksek\u00f6\u011fretim alan\u0131nda mutabakat zapt\u0131 imzalanmas\u0131na y\u00f6nelik g\u00f6r\u00fc\u015f birli\u011fine var\u0131ld\u0131.<\/p>\n<p>\u00a0<\/p>\n<p>Karde\u015f Pakistan halk\u0131na, K\u0131br\u0131s T\u00fcrk halk\u0131n\u0131n selamlar\u0131n\u0131 ileten \u00c7avu\u015fo\u011flu, iki \u00fclke aras\u0131ndaki ili\u015fkileri geli\u015ftirmenin ve g\u00f6n\u00fcllerde olan birliktelik duygusunu e\u011fitim alan\u0131nda da i\u015f birli\u011fine d\u00f6n\u00fc\u015ft\u00fcrmenin kendileri i\u00e7in \u00e7ok \u00f6nemli bir a\u015fama oldu\u011funa vurgu yapt\u0131.<\/p>\n<p>\u00a0<\/p>\n<p><a href=\"https:\/\/brtk.net\/\"\/><a href=\"https:\/\/brtk.net\/\"\/><a href=\"https:\/\/brtk.net\/\"\/><a href=\"https:\/\/brtk.net\/\"\/><a href=\"https:\/\/brtk.net\/\"\/><a href=\"https:\/\/brtk.net\/\"\/><a href=\"https:\/\/brtk.net\/\"\/><a href=\"https:\/\/brtk.net\/\"\/><a href=\"https:\/\/brtk.net\/\">KKTC<\/a> \u00fcniversitelerinde 2300\u2019e yak\u0131n Pakistanl\u0131 \u00f6\u011frencinin \u00f6\u011frenim g\u00f6rd\u00fc\u011f\u00fcn\u00fc belirten \u00c7avu\u015fo\u011flu, yapacaklar\u0131 i\u015f birli\u011fi ile iki \u00fclke \u00fcniversitelerini yak\u0131nla\u015ft\u0131rman\u0131n g\u00f6revleri oldu\u011funa dikkat \u00e7ekti.<\/p>\n<p>\u00a0<\/p>\n<p>\u00c7avu\u015fo\u011flu, iki \u00fclkenin g\u00f6revlendirece\u011fi uzmanlar\u0131n yapaca\u011f\u0131 \u00f6n \u00e7al\u0131\u015fman\u0131n ard\u0131ndan haz\u0131rlanacak olan mutabakat zapt\u0131n\u0131 ister Lefko\u015fa\u2019da ister \u0130slamabad\u2019da imzalamaya haz\u0131r olduklar\u0131n\u0131 belirterek, y\u00fcksek\u00f6\u011fretimdeki bilgi ve birikimlerin payla\u015f\u0131lmas\u0131n\u0131n \u00e7ok faydal\u0131 olaca\u011f\u0131na vurgu yapt\u0131.<\/p>\n<p>\u00a0<\/p>\n<p>\u00c7avu\u015fo\u011flu, imzalanacak olan mutabakat zapt\u0131n\u0131n y\u00fcksek\u00f6\u011fretimde yeni bir a\u00e7\u0131l\u0131m olaca\u011f\u0131na da dikkat \u00e7ekti.<br \/>\u00c7avu\u015fo\u011flu, konu\u015fmas\u0131n\u0131n sonunda <a href=\"https:\/\/brtk.net\/\"\/><a href=\"https:\/\/brtk.net\/\"\/><a href=\"https:\/\/brtk.net\/\"\/><a href=\"https:\/\/brtk.net\/\"\/><a href=\"https:\/\/brtk.net\/\"\/><a href=\"https:\/\/brtk.net\/\"\/><a href=\"https:\/\/brtk.net\/\"\/><a href=\"https:\/\/brtk.net\/\"\/><a href=\"https:\/\/brtk.net\/\">KKTC<\/a> \u00fcniversitelerinde \u00f6\u011frenim g\u00f6ren be\u015f Pakistanl\u0131 \u00f6\u011frenciye burs verdiklerini ve ger\u00e7ekle\u015ftirdikleri g\u00f6r\u00fc\u015fmenin an\u0131s\u0131na bir \u00f6\u011frenciye daha burs vereceklerini dile getirerek, iki \u00fclke aras\u0131ndaki i\u015f birli\u011finin artmas\u0131n\u0131 temenni etti.<\/p>\n<div class=\"mariselle-image-container center\">\n                <img width=\"1200\" height=\"1600\" class=\"lazy-image\" alt=\"\" decoding=\"async\" loading=\"lazy\" sizes=\"auto, (max-width: 1200px) 100vw, 1200px\" src=\"https:\/\/brtk.net\/wp-content\/uploads\/2023\/08\/05\/MEB-HUSSAIN-GORUSME-2.jpg?ver=24ea6d108f04946e34571aa51fdac79c\" srcset=\"https:\/\/brtk.net\/wp-content\/uploads\/2023\/08\/05\/MEB-HUSSAIN-GORUSME-2.jpg?ver=24ea6d108f04946e34571aa51fdac79c 1200w, https:\/\/brtk.net\/wp-content\/uploads\/2023\/08\/05\/MEB-HUSSAIN-GORUSME-2-225x300.jpg?ver=3faa5b7e18db64d85f926dd74f52caed 225w, https:\/\/brtk.net\/wp-content\/uploads\/2023\/08\/05\/MEB-HUSSAIN-GORUSME-2-768x1024.jpg?ver=01110fee1f57af23778b750d22f3cf83 768w, https:\/\/brtk.net\/wp-content\/uploads\/2023\/08\/05\/MEB-HUSSAIN-GORUSME-2-1152x1536.jpg?ver=01110fee1f57af23778b750d22f3cf83 1152w\"\/>                            <\/div>\n<p>Pakistan \u0130slam Cumhuriyeti Federal E\u011fitim\u00a0ve Mesleki E\u011fitim Bakan\u0131 Rana Tanveer Hussain ise ger\u00e7ekle\u015ftirilen toplant\u0131n\u0131n, iki \u00fclke aras\u0131nda e\u011fitim alan\u0131nda y\u00fcr\u00fct\u00fclen i\u015f birli\u011fini geli\u015ftirmek i\u00e7in bir f\u0131rsat yarataca\u011f\u0131na inand\u0131\u011f\u0131n\u0131 s\u00f6yledi.<\/p>\n<p>\u00a0<\/p>\n<p>Pakistan\u2019\u0131n e\u011fitimde \u00e7ok g\u00fc\u00e7l\u00fc alanlar\u0131n\u0131n oldu\u011funu ve bunlardan birinin y\u00fcksek\u00f6\u011frenim alan\u0131 oldu\u011funu belirten Hussain, bu alanda devlet olarak verdikleri burslar oldu\u011funu s\u00f6zlerine ekledi.<br \/>Hussain, y\u00fcr\u00fct\u00fclecek i\u015f birli\u011fi i\u00e7in gerekli ad\u0131mlar\u0131 atmak i\u00e7in haz\u0131r olduklar\u0131n\u0131 ve bir mutabakat zapt\u0131na imza atabileceklerini ifade ederek, imza konulacak mutabakat\u0131n uygulanmas\u0131n\u0131n da \u00f6nemine dikkat \u00e7ekti.<\/p>\n<p>\u00a0<\/p>\n<p>Hussain, ger\u00e7ekle\u015ftiridikleri g\u00f6r\u00fc\u015fmeden dolay\u0131 duydu\u011fu memnuniyetini dile getirerek, verilen burslardan \u00f6t\u00fcr\u00fc Bakan Naz\u0131m \u00c7avu\u015fo\u011flu\u2019na te\u015fekk\u00fcr etti.<\/p>\n<p><strong>Enstit\u00fc, <a href=\"https:\/\/brtk.net\/\"\/><a href=\"https:\/\/brtk.net\/\"\/><a href=\"https:\/\/brtk.net\/\"\/><a href=\"https:\/\/brtk.net\/\"\/><a href=\"https:\/\/brtk.net\/\"\/><a href=\"https:\/\/brtk.net\/\"\/><a href=\"https:\/\/brtk.net\/\"\/><a href=\"https:\/\/brtk.net\/\"\/><a href=\"https:\/\/brtk.net\/\">KKTC<\/a>\u2019nin g\u00f6r\u00fcn\u00fcrl\u00fc\u011f\u00fcne ve ili\u015fkilerin geli\u015fmesine katk\u0131 sa\u011fl\u0131yor<\/strong><\/p>\n<p>G\u00f6r\u00fc\u015fmeleri \u00e7er\u00e7evesinde son olarak, Ekonomik \u0130\u015fbirli\u011fi Te\u015fkilat\u0131 E\u011fitim Enstit\u00fcs\u00fc Ba\u015fkan\u0131 Mehmet Akif Kire\u00e7ci ile bir araya gelen \u00c7avu\u015fo\u011flu, Ekonomik \u0130\u015fbirli\u011fi Te\u015fkilat\u0131 E\u011fitim Enstit\u00fcs\u00fc\u2019n\u00fcn ger\u00e7ekle\u015ftirdi\u011fi toplant\u0131larla <a href=\"https:\/\/brtk.net\/\"\/><a href=\"https:\/\/brtk.net\/\"\/><a href=\"https:\/\/brtk.net\/\"\/><a href=\"https:\/\/brtk.net\/\"\/><a href=\"https:\/\/brtk.net\/\"\/><a href=\"https:\/\/brtk.net\/\"\/><a href=\"https:\/\/brtk.net\/\"\/><a href=\"https:\/\/brtk.net\/\"\/><a href=\"https:\/\/brtk.net\/\">KKTC<\/a>\u2019nin g\u00f6r\u00fcn\u00fcrl\u00fc\u011f\u00fcne ve \u00fclkeler aras\u0131 ili\u015fkilerin geli\u015ftirilmesine katk\u0131 koydu\u011funu s\u00f6yledi.<\/p>\n<p>\u00a0<\/p>\n<p>Bu ba\u011flamda, d\u00fczenlenen toplant\u0131y\u0131 \u00e7ok \u00f6nemsediklerini ve e\u011fitim alan\u0131nda at\u0131lacak ad\u0131mlarda yer almaktan memnuniyet duyduklar\u0131na da dile getiren \u00c7avu\u015fo\u011flu, <a href=\"https:\/\/brtk.net\/\"\/><a href=\"https:\/\/brtk.net\/\"\/><a href=\"https:\/\/brtk.net\/\"\/><a href=\"https:\/\/brtk.net\/\"\/><a href=\"https:\/\/brtk.net\/\"\/><a href=\"https:\/\/brtk.net\/\"\/><a href=\"https:\/\/brtk.net\/\"\/><a href=\"https:\/\/brtk.net\/\"\/><a href=\"https:\/\/brtk.net\/\">KKTC<\/a>\u2019ye g\u00f6sterdikleri hassasiyet nedeniyle Kire\u00e7ci\u2019ye te\u015fekk\u00fcr etti.<\/p>\n<div class=\"mariselle-image-container center\">\n                <img width=\"1530\" height=\"1148\" class=\"lazy-image\" alt=\"\" decoding=\"async\" loading=\"lazy\" sizes=\"auto, (max-width: 1530px) 100vw, 1530px\" src=\"https:\/\/brtk.net\/wp-content\/uploads\/2023\/08\/05\/MEB-KIRECCI-GORUSME-1.jpg?ver=105fb3f8da71db25121215f733ec32a0\" srcset=\"https:\/\/brtk.net\/wp-content\/uploads\/2023\/08\/05\/MEB-KIRECCI-GORUSME-1.jpg?ver=105fb3f8da71db25121215f733ec32a0 1530w, https:\/\/brtk.net\/wp-content\/uploads\/2023\/08\/05\/MEB-KIRECCI-GORUSME-1-300x225.jpg?ver=105fb3f8da71db25121215f733ec32a0 300w, https:\/\/brtk.net\/wp-content\/uploads\/2023\/08\/05\/MEB-KIRECCI-GORUSME-1-1024x768.jpg?ver=105fb3f8da71db25121215f733ec32a0 1024w, https:\/\/brtk.net\/wp-content\/uploads\/2023\/08\/05\/MEB-KIRECCI-GORUSME-1-768x576.jpg?ver=df97adff8967c0cd4f3d487ec37a0129 768w\"\/>                            <\/div>\n<p>Ekonomik \u0130\u015fbirli\u011fi Te\u015fkilat\u0131 E\u011fitim Enstit\u00fcs\u00fc Ba\u015fkan\u0131 Mehmet Akif Kire\u00e7ci ise \u00c7avu\u015fo\u011flu\u2019na enstit\u00fcn\u00fcn \u00e7al\u0131\u015fmalar\u0131 hakk\u0131nda bilgi verdi.<\/p>\n<p>\u00a0<\/p>\n<p>Kire\u00e7ci, <a href=\"https:\/\/brtk.net\/\"\/><a href=\"https:\/\/brtk.net\/\"\/><a href=\"https:\/\/brtk.net\/\"\/><a href=\"https:\/\/brtk.net\/\"\/><a href=\"https:\/\/brtk.net\/\"\/><a href=\"https:\/\/brtk.net\/\"\/><a href=\"https:\/\/brtk.net\/\"\/><a href=\"https:\/\/brtk.net\/\"\/><a href=\"https:\/\/brtk.net\/\">KKTC<\/a>\u2019ye her alanda destek vermeye haz\u0131r olduklar\u0131n\u0131 da belirterek, toplant\u0131n\u0131n faydal\u0131 olaca\u011f\u0131na inan\u00e7 belirtti.<\/p>\n<\/p><\/div>\n<p><script async\n                    defer\n                    crossorigin=\"anonymous\"\n                    src=\"https:\/\/connect.facebook.net\/tr_TR\/sdk.js#xfbml=1&#038;version=v3.3\"\n            ><\/script><\/p>\n","protected":false},"excerpt":{"rendered":"<p>Milli E\u011fitim Bakan\u0131 Naz\u0131m \u00c7avu\u015fo\u011flu, \u0130stanbul\u2019da ger\u00e7ekle\u015ftirilen Ekonomik \u0130\u015fbirli\u011fi Te\u015fkilat\u0131 E\u011fitim Enstit\u00fcs\u00fc 4. M\u00fctevelli Heyeti Toplant\u0131s\u0131\u2019na kat\u0131larak, \u00fcst d\u00fczey g\u00f6r\u00fc\u015fmelerde bulundu. \u00a0 \u00c7avu\u015fo\u011flu, toplant\u0131 kapsam\u0131nda d\u00fczenlenen ikili g\u00f6r\u00fc\u015fmeler do\u011frultusunda, T\u00fcrkiye Cumhuriyeti Milli E\u011fitim Bakan\u0131 Yusuf Tekin, Pakistan \u0130slam Cumhuriyeti Federal E\u011fitim\u00a0ve Mesleki E\u011fitim Bakan\u0131 Rana Tanveer Hussain ve Ekonomik \u0130\u015fbirli\u011fi Te\u015fkilat\u0131 E\u011fitim Enstit\u00fcs\u00fc Ba\u015fkan\u0131 Mehmet<\/p>\n","protected":false},"author":1,"featured_media":11650,"comment_status":"open","ping_status":"open","sticky":false,"template":"","format":"standard","meta":{"footnotes":""},"categories":[1],"tags":[],"class_list":["post-11649","post","type-post","status-publish","format-standard","has-post-thumbnail","hentry","category-gundem"],"yoast_head":"<!-- This site is optimized with the Yoast SEO plugin v27.4 - https:\/\/yoast.com\/product\/yoast-seo-wordpress\/ -->\n<title>Bakan \u00c7avu\u015fo\u011flu, E\u0130T E\u011fitim Enstit\u00fcs\u00fc 4. M\u00fctevelli Heyeti Toplant\u0131s\u0131\u2019nda \u00fcst d\u00fczey g\u00f6r\u00fc\u015fmelerde bulundu -<\/title>\n<meta name=\"robots\" content=\"index, follow, max-snippet:-1, max-image-preview:large, max-video-preview:-1\" \/>\n<link rel=\"canonical\" href=\"https:\/\/kibrisdakik.com\/?p=11649\" \/>\n<meta property=\"og:locale\" content=\"tr_TR\" \/>\n<meta property=\"og:type\" content=\"article\" \/>\n<meta property=\"og:title\" content=\"Bakan \u00c7avu\u015fo\u011flu, E\u0130T E\u011fitim Enstit\u00fcs\u00fc 4. M\u00fctevelli Heyeti Toplant\u0131s\u0131\u2019nda \u00fcst d\u00fczey g\u00f6r\u00fc\u015fmelerde bulundu -\" \/>\n<meta property=\"og:description\" content=\"Milli E\u011fitim Bakan\u0131 Naz\u0131m \u00c7avu\u015fo\u011flu, \u0130stanbul\u2019da ger\u00e7ekle\u015ftirilen Ekonomik \u0130\u015fbirli\u011fi Te\u015fkilat\u0131 E\u011fitim Enstit\u00fcs\u00fc 4. M\u00fctevelli Heyeti Toplant\u0131s\u0131\u2019na kat\u0131larak, \u00fcst d\u00fczey g\u00f6r\u00fc\u015fmelerde bulundu. \u00a0 \u00c7avu\u015fo\u011flu, toplant\u0131 kapsam\u0131nda d\u00fczenlenen ikili g\u00f6r\u00fc\u015fmeler do\u011frultusunda, T\u00fcrkiye Cumhuriyeti Milli E\u011fitim Bakan\u0131 Yusuf Tekin, Pakistan \u0130slam Cumhuriyeti Federal E\u011fitim\u00a0ve Mesleki E\u011fitim Bakan\u0131 Rana Tanveer Hussain ve Ekonomik \u0130\u015fbirli\u011fi Te\u015fkilat\u0131 E\u011fitim Enstit\u00fcs\u00fc Ba\u015fkan\u0131 Mehmet\" \/>\n<meta property=\"og:url\" content=\"https:\/\/kibrisdakik.com\/?p=11649\" \/>\n<meta property=\"article:published_time\" content=\"2023-08-05T06:00:05+00:00\" \/>\n<meta property=\"og:image\" content=\"https:\/\/kibrisdakik.com\/wp-content\/uploads\/2023\/08\/MEB-TEKIN-GORUSME-2-740x420.jpg\" \/>\n\t<meta property=\"og:image:width\" content=\"1599\" \/>\n\t<meta property=\"og:image:height\" content=\"956\" \/>\n\t<meta property=\"og:image:type\" content=\"image\/jpeg\" \/>\n<meta name=\"author\" content=\"admin\" \/>\n<meta name=\"twitter:card\" content=\"summary_large_image\" \/>\n<meta name=\"twitter:label1\" content=\"Yazan:\" \/>\n\t<meta name=\"twitter:data1\" content=\"admin\" \/>\n\t<meta name=\"twitter:label2\" content=\"Tahmini okuma s\u00fcresi\" \/>\n\t<meta name=\"twitter:data2\" content=\"5 dakika\" \/>\n<script type=\"application\/ld+json\" class=\"yoast-schema-graph\">{\"@context\":\"https:\\\/\\\/schema.org\",\"@graph\":[{\"@type\":\"Article\",\"@id\":\"https:\\\/\\\/kibrisdakik.com\\\/?p=11649#article\",\"isPartOf\":{\"@id\":\"https:\\\/\\\/kibrisdakik.com\\\/?p=11649\"},\"author\":{\"name\":\"admin\",\"@id\":\"https:\\\/\\\/kibrisdakik.com\\\/#\\\/schema\\\/person\\\/9cd9d437bbb44f72b73ba127e06d8e79\"},\"headline\":\"Bakan \u00c7avu\u015fo\u011flu, E\u0130T E\u011fitim Enstit\u00fcs\u00fc 4. M\u00fctevelli Heyeti Toplant\u0131s\u0131\u2019nda \u00fcst d\u00fczey g\u00f6r\u00fc\u015fmelerde bulundu\",\"datePublished\":\"2023-08-05T06:00:05+00:00\",\"mainEntityOfPage\":{\"@id\":\"https:\\\/\\\/kibrisdakik.com\\\/?p=11649\"},\"wordCount\":1001,\"commentCount\":0,\"image\":{\"@id\":\"https:\\\/\\\/kibrisdakik.com\\\/?p=11649#primaryimage\"},\"thumbnailUrl\":\"https:\\\/\\\/kibrisdakik.com\\\/wp-content\\\/uploads\\\/2023\\\/08\\\/MEB-TEKIN-GORUSME-2-740x420.jpg\",\"articleSection\":[\"G\u00fcndem\"],\"inLanguage\":\"tr\",\"potentialAction\":[{\"@type\":\"CommentAction\",\"name\":\"Comment\",\"target\":[\"https:\\\/\\\/kibrisdakik.com\\\/?p=11649#respond\"]}]},{\"@type\":\"WebPage\",\"@id\":\"https:\\\/\\\/kibrisdakik.com\\\/?p=11649\",\"url\":\"https:\\\/\\\/kibrisdakik.com\\\/?p=11649\",\"name\":\"Bakan \u00c7avu\u015fo\u011flu, E\u0130T E\u011fitim Enstit\u00fcs\u00fc 4. M\u00fctevelli Heyeti Toplant\u0131s\u0131\u2019nda \u00fcst d\u00fczey g\u00f6r\u00fc\u015fmelerde bulundu -\",\"isPartOf\":{\"@id\":\"https:\\\/\\\/kibrisdakik.com\\\/#website\"},\"primaryImageOfPage\":{\"@id\":\"https:\\\/\\\/kibrisdakik.com\\\/?p=11649#primaryimage\"},\"image\":{\"@id\":\"https:\\\/\\\/kibrisdakik.com\\\/?p=11649#primaryimage\"},\"thumbnailUrl\":\"https:\\\/\\\/kibrisdakik.com\\\/wp-content\\\/uploads\\\/2023\\\/08\\\/MEB-TEKIN-GORUSME-2-740x420.jpg\",\"datePublished\":\"2023-08-05T06:00:05+00:00\",\"author\":{\"@id\":\"https:\\\/\\\/kibrisdakik.com\\\/#\\\/schema\\\/person\\\/9cd9d437bbb44f72b73ba127e06d8e79\"},\"breadcrumb\":{\"@id\":\"https:\\\/\\\/kibrisdakik.com\\\/?p=11649#breadcrumb\"},\"inLanguage\":\"tr\",\"potentialAction\":[{\"@type\":\"ReadAction\",\"target\":[\"https:\\\/\\\/kibrisdakik.com\\\/?p=11649\"]}]},{\"@type\":\"ImageObject\",\"inLanguage\":\"tr\",\"@id\":\"https:\\\/\\\/kibrisdakik.com\\\/?p=11649#primaryimage\",\"url\":\"https:\\\/\\\/kibrisdakik.com\\\/wp-content\\\/uploads\\\/2023\\\/08\\\/MEB-TEKIN-GORUSME-2-740x420.jpg\",\"contentUrl\":\"https:\\\/\\\/kibrisdakik.com\\\/wp-content\\\/uploads\\\/2023\\\/08\\\/MEB-TEKIN-GORUSME-2-740x420.jpg\",\"width\":1599,\"height\":956},{\"@type\":\"BreadcrumbList\",\"@id\":\"https:\\\/\\\/kibrisdakik.com\\\/?p=11649#breadcrumb\",\"itemListElement\":[{\"@type\":\"ListItem\",\"position\":1,\"name\":\"Home\",\"item\":\"https:\\\/\\\/kibrisdakik.com\\\/\"},{\"@type\":\"ListItem\",\"position\":2,\"name\":\"Bakan \u00c7avu\u015fo\u011flu, E\u0130T E\u011fitim Enstit\u00fcs\u00fc 4. M\u00fctevelli Heyeti Toplant\u0131s\u0131\u2019nda \u00fcst d\u00fczey g\u00f6r\u00fc\u015fmelerde bulundu\"}]},{\"@type\":\"WebSite\",\"@id\":\"https:\\\/\\\/kibrisdakik.com\\\/#website\",\"url\":\"https:\\\/\\\/kibrisdakik.com\\\/\",\"name\":\"\",\"description\":\"Tam vaktinde haber\",\"potentialAction\":[{\"@type\":\"SearchAction\",\"target\":{\"@type\":\"EntryPoint\",\"urlTemplate\":\"https:\\\/\\\/kibrisdakik.com\\\/?s={search_term_string}\"},\"query-input\":{\"@type\":\"PropertyValueSpecification\",\"valueRequired\":true,\"valueName\":\"search_term_string\"}}],\"inLanguage\":\"tr\"},{\"@type\":\"Person\",\"@id\":\"https:\\\/\\\/kibrisdakik.com\\\/#\\\/schema\\\/person\\\/9cd9d437bbb44f72b73ba127e06d8e79\",\"name\":\"admin\",\"image\":{\"@type\":\"ImageObject\",\"inLanguage\":\"tr\",\"@id\":\"https:\\\/\\\/secure.gravatar.com\\\/avatar\\\/ccc17943b9d660506c869530f897617f7cb1c21a4bf30023f252596d83e1f007?s=96&d=mm&r=g\",\"url\":\"https:\\\/\\\/secure.gravatar.com\\\/avatar\\\/ccc17943b9d660506c869530f897617f7cb1c21a4bf30023f252596d83e1f007?s=96&d=mm&r=g\",\"contentUrl\":\"https:\\\/\\\/secure.gravatar.com\\\/avatar\\\/ccc17943b9d660506c869530f897617f7cb1c21a4bf30023f252596d83e1f007?s=96&d=mm&r=g\",\"caption\":\"admin\"},\"sameAs\":[\"https:\\\/\\\/kibrisdakik.com\"],\"url\":\"https:\\\/\\\/kibrisdakik.com\\\/?author=1\"}]}<\/script>\n<!-- \/ Yoast SEO plugin. -->","yoast_head_json":{"title":"Bakan \u00c7avu\u015fo\u011flu, E\u0130T E\u011fitim Enstit\u00fcs\u00fc 4. M\u00fctevelli Heyeti Toplant\u0131s\u0131\u2019nda \u00fcst d\u00fczey g\u00f6r\u00fc\u015fmelerde bulundu -","robots":{"index":"index","follow":"follow","max-snippet":"max-snippet:-1","max-image-preview":"max-image-preview:large","max-video-preview":"max-video-preview:-1"},"canonical":"https:\/\/kibrisdakik.com\/?p=11649","og_locale":"tr_TR","og_type":"article","og_title":"Bakan \u00c7avu\u015fo\u011flu, E\u0130T E\u011fitim Enstit\u00fcs\u00fc 4. M\u00fctevelli Heyeti Toplant\u0131s\u0131\u2019nda \u00fcst d\u00fczey g\u00f6r\u00fc\u015fmelerde bulundu -","og_description":"Milli E\u011fitim Bakan\u0131 Naz\u0131m \u00c7avu\u015fo\u011flu, \u0130stanbul\u2019da ger\u00e7ekle\u015ftirilen Ekonomik \u0130\u015fbirli\u011fi Te\u015fkilat\u0131 E\u011fitim Enstit\u00fcs\u00fc 4. M\u00fctevelli Heyeti Toplant\u0131s\u0131\u2019na kat\u0131larak, \u00fcst d\u00fczey g\u00f6r\u00fc\u015fmelerde bulundu. \u00a0 \u00c7avu\u015fo\u011flu, toplant\u0131 kapsam\u0131nda d\u00fczenlenen ikili g\u00f6r\u00fc\u015fmeler do\u011frultusunda, T\u00fcrkiye Cumhuriyeti Milli E\u011fitim Bakan\u0131 Yusuf Tekin, Pakistan \u0130slam Cumhuriyeti Federal E\u011fitim\u00a0ve Mesleki E\u011fitim Bakan\u0131 Rana Tanveer Hussain ve Ekonomik \u0130\u015fbirli\u011fi Te\u015fkilat\u0131 E\u011fitim Enstit\u00fcs\u00fc Ba\u015fkan\u0131 Mehmet","og_url":"https:\/\/kibrisdakik.com\/?p=11649","article_published_time":"2023-08-05T06:00:05+00:00","og_image":[{"width":1599,"height":956,"url":"https:\/\/kibrisdakik.com\/wp-content\/uploads\/2023\/08\/MEB-TEKIN-GORUSME-2-740x420.jpg","type":"image\/jpeg"}],"author":"admin","twitter_card":"summary_large_image","twitter_misc":{"Yazan:":"admin","Tahmini okuma s\u00fcresi":"5 dakika"},"schema":{"@context":"https:\/\/schema.org","@graph":[{"@type":"Article","@id":"https:\/\/kibrisdakik.com\/?p=11649#article","isPartOf":{"@id":"https:\/\/kibrisdakik.com\/?p=11649"},"author":{"name":"admin","@id":"https:\/\/kibrisdakik.com\/#\/schema\/person\/9cd9d437bbb44f72b73ba127e06d8e79"},"headline":"Bakan \u00c7avu\u015fo\u011flu, E\u0130T E\u011fitim Enstit\u00fcs\u00fc 4. M\u00fctevelli Heyeti Toplant\u0131s\u0131\u2019nda \u00fcst d\u00fczey g\u00f6r\u00fc\u015fmelerde bulundu","datePublished":"2023-08-05T06:00:05+00:00","mainEntityOfPage":{"@id":"https:\/\/kibrisdakik.com\/?p=11649"},"wordCount":1001,"commentCount":0,"image":{"@id":"https:\/\/kibrisdakik.com\/?p=11649#primaryimage"},"thumbnailUrl":"https:\/\/kibrisdakik.com\/wp-content\/uploads\/2023\/08\/MEB-TEKIN-GORUSME-2-740x420.jpg","articleSection":["G\u00fcndem"],"inLanguage":"tr","potentialAction":[{"@type":"CommentAction","name":"Comment","target":["https:\/\/kibrisdakik.com\/?p=11649#respond"]}]},{"@type":"WebPage","@id":"https:\/\/kibrisdakik.com\/?p=11649","url":"https:\/\/kibrisdakik.com\/?p=11649","name":"Bakan \u00c7avu\u015fo\u011flu, E\u0130T E\u011fitim Enstit\u00fcs\u00fc 4. M\u00fctevelli Heyeti Toplant\u0131s\u0131\u2019nda \u00fcst d\u00fczey g\u00f6r\u00fc\u015fmelerde bulundu -","isPartOf":{"@id":"https:\/\/kibrisdakik.com\/#website"},"primaryImageOfPage":{"@id":"https:\/\/kibrisdakik.com\/?p=11649#primaryimage"},"image":{"@id":"https:\/\/kibrisdakik.com\/?p=11649#primaryimage"},"thumbnailUrl":"https:\/\/kibrisdakik.com\/wp-content\/uploads\/2023\/08\/MEB-TEKIN-GORUSME-2-740x420.jpg","datePublished":"2023-08-05T06:00:05+00:00","author":{"@id":"https:\/\/kibrisdakik.com\/#\/schema\/person\/9cd9d437bbb44f72b73ba127e06d8e79"},"breadcrumb":{"@id":"https:\/\/kibrisdakik.com\/?p=11649#breadcrumb"},"inLanguage":"tr","potentialAction":[{"@type":"ReadAction","target":["https:\/\/kibrisdakik.com\/?p=11649"]}]},{"@type":"ImageObject","inLanguage":"tr","@id":"https:\/\/kibrisdakik.com\/?p=11649#primaryimage","url":"https:\/\/kibrisdakik.com\/wp-content\/uploads\/2023\/08\/MEB-TEKIN-GORUSME-2-740x420.jpg","contentUrl":"https:\/\/kibrisdakik.com\/wp-content\/uploads\/2023\/08\/MEB-TEKIN-GORUSME-2-740x420.jpg","width":1599,"height":956},{"@type":"BreadcrumbList","@id":"https:\/\/kibrisdakik.com\/?p=11649#breadcrumb","itemListElement":[{"@type":"ListItem","position":1,"name":"Home","item":"https:\/\/kibrisdakik.com\/"},{"@type":"ListItem","position":2,"name":"Bakan \u00c7avu\u015fo\u011flu, E\u0130T E\u011fitim Enstit\u00fcs\u00fc 4. M\u00fctevelli Heyeti Toplant\u0131s\u0131\u2019nda \u00fcst d\u00fczey g\u00f6r\u00fc\u015fmelerde bulundu"}]},{"@type":"WebSite","@id":"https:\/\/kibrisdakik.com\/#website","url":"https:\/\/kibrisdakik.com\/","name":"","description":"Tam vaktinde haber","potentialAction":[{"@type":"SearchAction","target":{"@type":"EntryPoint","urlTemplate":"https:\/\/kibrisdakik.com\/?s={search_term_string}"},"query-input":{"@type":"PropertyValueSpecification","valueRequired":true,"valueName":"search_term_string"}}],"inLanguage":"tr"},{"@type":"Person","@id":"https:\/\/kibrisdakik.com\/#\/schema\/person\/9cd9d437bbb44f72b73ba127e06d8e79","name":"admin","image":{"@type":"ImageObject","inLanguage":"tr","@id":"https:\/\/secure.gravatar.com\/avatar\/ccc17943b9d660506c869530f897617f7cb1c21a4bf30023f252596d83e1f007?s=96&d=mm&r=g","url":"https:\/\/secure.gravatar.com\/avatar\/ccc17943b9d660506c869530f897617f7cb1c21a4bf30023f252596d83e1f007?s=96&d=mm&r=g","contentUrl":"https:\/\/secure.gravatar.com\/avatar\/ccc17943b9d660506c869530f897617f7cb1c21a4bf30023f252596d83e1f007?s=96&d=mm&r=g","caption":"admin"},"sameAs":["https:\/\/kibrisdakik.com"],"url":"https:\/\/kibrisdakik.com\/?author=1"}]}},"_links":{"self":[{"href":"https:\/\/kibrisdakik.com\/index.php?rest_route=\/wp\/v2\/posts\/11649","targetHints":{"allow":["GET"]}}],"collection":[{"href":"https:\/\/kibrisdakik.com\/index.php?rest_route=\/wp\/v2\/posts"}],"about":[{"href":"https:\/\/kibrisdakik.com\/index.php?rest_route=\/wp\/v2\/types\/post"}],"author":[{"embeddable":true,"href":"https:\/\/kibrisdakik.com\/index.php?rest_route=\/wp\/v2\/users\/1"}],"replies":[{"embeddable":true,"href":"https:\/\/kibrisdakik.com\/index.php?rest_route=%2Fwp%2Fv2%2Fcomments&post=11649"}],"version-history":[{"count":0,"href":"https:\/\/kibrisdakik.com\/index.php?rest_route=\/wp\/v2\/posts\/11649\/revisions"}],"wp:featuredmedia":[{"embeddable":true,"href":"https:\/\/kibrisdakik.com\/index.php?rest_route=\/wp\/v2\/media\/11650"}],"wp:attachment":[{"href":"https:\/\/kibrisdakik.com\/index.php?rest_route=%2Fwp%2Fv2%2Fmedia&parent=11649"}],"wp:term":[{"taxonomy":"category","embeddable":true,"href":"https:\/\/kibrisdakik.com\/index.php?rest_route=%2Fwp%2Fv2%2Fcategories&post=11649"},{"taxonomy":"post_tag","embeddable":true,"href":"https:\/\/kibrisdakik.com\/index.php?rest_route=%2Fwp%2Fv2%2Ftags&post=11649"}],"curies":[{"name":"wp","href":"https:\/\/api.w.org\/{rel}","templated":true}]}}