{"id":11651,"date":"2023-08-05T07:01:14","date_gmt":"2023-08-05T07:01:14","guid":{"rendered":"https:\/\/kibrisdakik.com\/index.php\/2023\/08\/05\/61-mehmetcik-uzum-festivali-basladi\/"},"modified":"2023-08-05T07:01:14","modified_gmt":"2023-08-05T07:01:14","slug":"61-mehmetcik-uzum-festivali-basladi","status":"publish","type":"post","link":"https:\/\/kibrisdakik.com\/?p=11651","title":{"rendered":"61. Mehmet\u00e7ik \u00dcz\u00fcm Festivali ba\u015flad\u0131"},"content":{"rendered":"<p><\/p>\n<div>\n<div class=\"mariselle-image-container center\">\n                <img width=\"2560\" height=\"1439\" class=\"lazy-image\" alt=\"\" decoding=\"async\" loading=\"lazy\" sizes=\"auto, (max-width: 2560px) 100vw, 2560px\" src=\"https:\/\/brtk.net\/wp-content\/uploads\/2023\/08\/05\/InShot_20230805_072714151-scaled.jpg?ver=983edbf9661493118d65f097760966e8\" srcset=\"https:\/\/brtk.net\/wp-content\/uploads\/2023\/08\/05\/InShot_20230805_072714151-scaled.jpg?ver=983edbf9661493118d65f097760966e8 2560w, https:\/\/brtk.net\/wp-content\/uploads\/2023\/08\/05\/InShot_20230805_072714151-300x169.jpg?ver=983edbf9661493118d65f097760966e8 300w, https:\/\/brtk.net\/wp-content\/uploads\/2023\/08\/05\/InShot_20230805_072714151-1024x576.jpg?ver=37e5379f6127bb911ea85a1bb537eedb 1024w, https:\/\/brtk.net\/wp-content\/uploads\/2023\/08\/05\/InShot_20230805_072714151-768x432.jpg?ver=37e5379f6127bb911ea85a1bb537eedb 768w, https:\/\/brtk.net\/wp-content\/uploads\/2023\/08\/05\/InShot_20230805_072714151-1536x863.jpg?ver=4648f657ed26b3e4df2206329b8524c6 1536w, https:\/\/brtk.net\/wp-content\/uploads\/2023\/08\/05\/InShot_20230805_072714151-2048x1151.jpg?ver=c1506c977c1d099e3de3b8fcb432d5b9 2048w\"\/>                            <\/div>\n<p>\u00dclkenin en k\u00f6kl\u00fc ve Uluslararas\u0131 Festivalleri\u2019nden olan \u2018Mehmet\u00e7ik \u00dcz\u00fcm Festivali\u2019nin 61\u2019incisi d\u00fczenlenen t\u00f6renle ba\u015flad\u0131.<\/p>\n<p>Mehmet\u00e7ik festival alan\u0131nda yer alan a\u00e7\u0131l\u0131\u015f t\u00f6reninde ilk olarak halk danslar\u0131 ekipleri g\u00f6steri sundu.<\/p>\n<div class=\"mariselle-image-container center\">\n                <img width=\"1600\" height=\"721\" class=\"lazy-image\" alt=\"\" decoding=\"async\" loading=\"lazy\" sizes=\"auto, (max-width: 1600px) 100vw, 1600px\" src=\"https:\/\/brtk.net\/wp-content\/uploads\/2023\/08\/05\/fat.jpg?ver=ff1edae6c4dadd61d077fa4f606c5b97\" srcset=\"https:\/\/brtk.net\/wp-content\/uploads\/2023\/08\/05\/fat.jpg?ver=ff1edae6c4dadd61d077fa4f606c5b97 1600w, https:\/\/brtk.net\/wp-content\/uploads\/2023\/08\/05\/fat-300x135.jpg?ver=c5c87f1026d3d8339741d8ab888f54e3 300w, https:\/\/brtk.net\/wp-content\/uploads\/2023\/08\/05\/fat-1024x461.jpg?ver=c5c87f1026d3d8339741d8ab888f54e3 1024w, https:\/\/brtk.net\/wp-content\/uploads\/2023\/08\/05\/fat-768x346.jpg?ver=c5c87f1026d3d8339741d8ab888f54e3 768w, https:\/\/brtk.net\/wp-content\/uploads\/2023\/08\/05\/fat-1536x692.jpg?ver=c5c87f1026d3d8339741d8ab888f54e3 1536w\"\/>                            <\/div>\n<p>Festivalin a\u00e7\u0131l\u0131\u015f\u0131nda konu\u015fan Mehmet\u00e7ik B\u00fcy\u00fckkonuk Belediye Ba\u015fkan\u0131 Fatma \u00c7imen Tu\u011flu, K\u0131br\u0131s T\u00fcrk\u00fcn\u00fcn tarihinin en eski ve k\u00f6kl\u00fc festivallerinden olan \u00dcz\u00fcm festivalinin 61. Kez d\u00fczenlemenin gururunu ya\u015fad\u0131klar\u0131n\u0131 ifade ederek ama\u00e7lar\u0131n\u0131n \u00fcz\u00fcm ve \u00fcz\u00fcm \u00fcr\u00fcnlerini \u00f6n plana \u00e7\u0131kmas\u0131n\u0131 sa\u011flamak oldu\u011funu kaydetti.<\/p>\n<p>Festivallerin \u00fclke k\u00fclt\u00fcr\u00fcne b\u00fcy\u00fck katk\u0131 sa\u011flad\u0131\u011f\u0131na i\u015faret eden Tu\u011flu, Mehmet\u00e7ik \u00dcz\u00fcm Festivali\u2019nin her ge\u00e7en y\u0131l daha ba\u015far\u0131l\u0131 bir \u015fekilde ger\u00e7ekle\u015ftirildi\u011fini belirtti.<\/p>\n<div class=\"mariselle-image-container center\">\n                <img width=\"1600\" height=\"721\" class=\"lazy-image\" alt=\"\" decoding=\"async\" loading=\"lazy\" sizes=\"auto, (max-width: 1600px) 100vw, 1600px\" src=\"https:\/\/brtk.net\/wp-content\/uploads\/2023\/08\/05\/at.jpg?ver=65d112713d2571304d42c3798e8ccc41\" srcset=\"https:\/\/brtk.net\/wp-content\/uploads\/2023\/08\/05\/at.jpg?ver=65d112713d2571304d42c3798e8ccc41 1600w, https:\/\/brtk.net\/wp-content\/uploads\/2023\/08\/05\/at-300x135.jpg?ver=65d112713d2571304d42c3798e8ccc41 300w, https:\/\/brtk.net\/wp-content\/uploads\/2023\/08\/05\/at-1024x461.jpg?ver=65d112713d2571304d42c3798e8ccc41 1024w, https:\/\/brtk.net\/wp-content\/uploads\/2023\/08\/05\/at-768x346.jpg?ver=20d33ef90319a718301419a258b42fed 768w, https:\/\/brtk.net\/wp-content\/uploads\/2023\/08\/05\/at-1536x692.jpg?ver=20d33ef90319a718301419a258b42fed 1536w\"\/>                            <\/div>\n<p>Turizm \u00c7evre ve K\u00fclt\u00fcr Bakan\u0131 Fikri Atao\u011flu da 10 g\u00fcn s\u00fcrecek olan festivale katk\u0131 sa\u011flad\u0131klar\u0131n\u0131 ifade ederek b\u00f6ylesi festivallerin turizm a\u00e7\u0131s\u0131ndan da \u00f6nemli oldu\u011funu kaydetti.<\/p>\n<div class=\"mariselle-image-container center\">\n                <img width=\"1600\" height=\"721\" class=\"lazy-image\" alt=\"\" decoding=\"async\" loading=\"lazy\" sizes=\"auto, (max-width: 1600px) 100vw, 1600px\" src=\"https:\/\/brtk.net\/wp-content\/uploads\/2023\/08\/04\/IMG-20230804-WA0097.jpg?ver=9c0b9d9cdee8ceb2cc361ec586c5e5a0\" srcset=\"https:\/\/brtk.net\/wp-content\/uploads\/2023\/08\/04\/IMG-20230804-WA0097.jpg?ver=9c0b9d9cdee8ceb2cc361ec586c5e5a0 1600w, https:\/\/brtk.net\/wp-content\/uploads\/2023\/08\/04\/IMG-20230804-WA0097-300x135.jpg?ver=9c0b9d9cdee8ceb2cc361ec586c5e5a0 300w, https:\/\/brtk.net\/wp-content\/uploads\/2023\/08\/04\/IMG-20230804-WA0097-1024x461.jpg?ver=edea06933431944cb71056544f745dd0 1024w, https:\/\/brtk.net\/wp-content\/uploads\/2023\/08\/04\/IMG-20230804-WA0097-768x346.jpg?ver=edea06933431944cb71056544f745dd0 768w, https:\/\/brtk.net\/wp-content\/uploads\/2023\/08\/04\/IMG-20230804-WA0097-1536x692.jpg?ver=edea06933431944cb71056544f745dd0 1536w\"\/>                            <\/div>\n<p>Ba\u015fbakan \u00dcnal \u00dcstel de b\u00f6lgenin \u00e7ok uzun zamandan beri ge\u00e7imini \u00fcz\u00fcm ve \u00fcz\u00fcm \u00fcr\u00fcnlerinden sa\u011flad\u0131\u011f\u0131n\u0131 belirterek, Mehmet\u00e7ik\u2019te 1800\u2019l\u00fc y\u0131llarda ba\u015flayan \u00fcz\u00fcm \u00fcreticili\u011finin en zor zamanlarda bile devam etti\u011fini ifade etti.<\/p>\n<p>\u00dcstel, Belediyeler Reformu yasas\u0131 haz\u0131rland\u0131\u011f\u0131 d\u00f6nemde haks\u0131z ele\u015ftirilere maruz kald\u0131klar\u0131n\u0131 ifade ederek, mali durumu k\u00f6t\u00fc olan bir\u00e7ok belediyenin s\u00f6z konusu reformla birlikte daha da iyi bir hale geldi\u011fini kaydetti.<\/p>\n<p>Cumhuriyet Meclisi Ba\u015fkan\u0131 Zorlu T\u00f6re de 61 y\u0131l \u00f6nce ba\u015flayan Mehmet\u00e7ik \u00dcz\u00fcm Festivali\u2019nin bug\u00fcnlere kadar devam ettirilmesinin \u00f6nemine de\u011finerek yerli \u00fcretiminin \u00e7ok \u00f6nemli oldu\u011funu s\u00f6yledi.<\/p>\n<p>Yerli \u00fcretiminin her alanda desteklenmesi gerekti\u011fini belirten T\u00f6re, h\u00fck\u00fcmet olarak bu konuda \u00fczerlerine d\u00fc\u015fen g\u00f6revi yapt\u0131klar\u0131n\u0131 s\u00f6zlerine ekledi.<\/p>\n<div class=\"mariselle-image-container center\">\n                <img width=\"1600\" height=\"721\" class=\"lazy-image\" alt=\"\" decoding=\"async\" loading=\"lazy\" sizes=\"auto, (max-width: 1600px) 100vw, 1600px\" src=\"https:\/\/brtk.net\/wp-content\/uploads\/2023\/08\/05\/ers.jpg?ver=87bc723fb43ffea77bfccd6c0d224dfd\" srcset=\"https:\/\/brtk.net\/wp-content\/uploads\/2023\/08\/05\/ers.jpg?ver=87bc723fb43ffea77bfccd6c0d224dfd 1600w, https:\/\/brtk.net\/wp-content\/uploads\/2023\/08\/05\/ers-300x135.jpg?ver=568aeca49e0103702d0dc5e39f64e2e6 300w, https:\/\/brtk.net\/wp-content\/uploads\/2023\/08\/05\/ers-1024x461.jpg?ver=568aeca49e0103702d0dc5e39f64e2e6 1024w, https:\/\/brtk.net\/wp-content\/uploads\/2023\/08\/05\/ers-768x346.jpg?ver=568aeca49e0103702d0dc5e39f64e2e6 768w, https:\/\/brtk.net\/wp-content\/uploads\/2023\/08\/05\/ers-1536x692.jpg?ver=568aeca49e0103702d0dc5e39f64e2e6 1536w\"\/>                            <\/div>\n<p>Cumhurba\u015fkan\u0131 <a href=\"https:\/\/brtk.net\/\" target=\"_blank\" rel=\"noopener\">Ersin <\/a><a href=\"https:\/\/brtk.net\/\">Tatar<\/a> da Mehmet\u00e7ik \u00dcz\u00fcm Festivali\u2019nin \u00fclke k\u00fclt\u00fcr\u00fcne ve turizmine b\u00fcy\u00fck katk\u0131 sa\u011flad\u0131\u011f\u0131n\u0131 s\u00f6yleyerek, \u00e7evreyi ve do\u011fay\u0131 koruyarak kalk\u0131nman\u0131n yap\u0131lmas\u0131 gerekti\u011fini vurgulad\u0131.<\/p>\n<p>Cumhurba\u015fkan\u0131 <a href=\"https:\/\/brtk.net\/\">Tatar<\/a>, gen\u00e7lere i\u015f imkan\u0131 sa\u011flamak i\u00e7in b\u00f6lgenin canl\u0131 kalmas\u0131, planl\u0131 ve programl\u0131 bir \u015fekilde geli\u015fmesinin \u00f6nemli oldu\u011funu s\u00f6yledi.<\/p>\n<p>Konu\u015fmalar\u0131n ard\u0131ndan festivalin d\u00fczenlenmesine katk\u0131 koyanlara te\u015fekk\u00fcr plaketi takdim edildi. Daha sonra festivalin a\u00e7\u0131l\u0131\u015f\u0131 ger\u00e7ekle\u015ftirildi.<\/p>\n<div class=\"mariselle-image-container center\">\n                <img width=\"1600\" height=\"721\" class=\"lazy-image\" alt=\"\" decoding=\"async\" loading=\"lazy\" sizes=\"auto, (max-width: 1600px) 100vw, 1600px\" src=\"https:\/\/brtk.net\/wp-content\/uploads\/2023\/08\/05\/873f28fd-c50d-447a-9c26-01319aa6ca36.jpg?ver=eff7a2c91ec66d87c6dbbf16602edaec\" srcset=\"https:\/\/brtk.net\/wp-content\/uploads\/2023\/08\/05\/873f28fd-c50d-447a-9c26-01319aa6ca36.jpg?ver=eff7a2c91ec66d87c6dbbf16602edaec 1600w, https:\/\/brtk.net\/wp-content\/uploads\/2023\/08\/05\/873f28fd-c50d-447a-9c26-01319aa6ca36-300x135.jpg?ver=b8d5c53e240da00cb622954ee7e0f97a 300w, https:\/\/brtk.net\/wp-content\/uploads\/2023\/08\/05\/873f28fd-c50d-447a-9c26-01319aa6ca36-1024x461.jpg?ver=b8d5c53e240da00cb622954ee7e0f97a 1024w, https:\/\/brtk.net\/wp-content\/uploads\/2023\/08\/05\/873f28fd-c50d-447a-9c26-01319aa6ca36-768x346.jpg?ver=b8d5c53e240da00cb622954ee7e0f97a 768w, https:\/\/brtk.net\/wp-content\/uploads\/2023\/08\/05\/873f28fd-c50d-447a-9c26-01319aa6ca36-1536x692.jpg?ver=167847a15f36b2b5e72e94a4385592ee 1536w\"\/>                            <\/div>\n<p>10 g\u00fcn s\u00fcrecek olan festival kapsam\u0131nda \u00e7e\u015fitli k\u00fclt\u00fcrel sanatsal ve sportif g\u00f6sterilerin yan\u0131 s\u0131ra konserler de yer alacak.<\/p>\n<p>Festival kapsam\u0131nda 12 A\u011fustos da Ferhat G\u00f6\u00e7er konseri de ger\u00e7ekle\u015ftirilecek.<\/p>\n<p><a href=\"https:\/\/brtk.net\/\">BRT<\/a><\/p>\n<\/p><\/div>\n<p><script async\n                    defer\n                    crossorigin=\"anonymous\"\n                    src=\"https:\/\/connect.facebook.net\/tr_TR\/sdk.js#xfbml=1&#038;version=v3.3\"\n            ><\/script><\/p>\n","protected":false},"excerpt":{"rendered":"<p>\u00dclkenin en k\u00f6kl\u00fc ve Uluslararas\u0131 Festivalleri\u2019nden olan \u2018Mehmet\u00e7ik \u00dcz\u00fcm Festivali\u2019nin 61\u2019incisi d\u00fczenlenen t\u00f6renle ba\u015flad\u0131. Mehmet\u00e7ik festival alan\u0131nda yer alan a\u00e7\u0131l\u0131\u015f t\u00f6reninde ilk olarak halk danslar\u0131 ekipleri g\u00f6steri sundu. Festivalin a\u00e7\u0131l\u0131\u015f\u0131nda konu\u015fan Mehmet\u00e7ik B\u00fcy\u00fckkonuk Belediye Ba\u015fkan\u0131 Fatma \u00c7imen Tu\u011flu, K\u0131br\u0131s T\u00fcrk\u00fcn\u00fcn tarihinin en eski ve k\u00f6kl\u00fc festivallerinden olan \u00dcz\u00fcm festivalinin 61. Kez d\u00fczenlemenin gururunu ya\u015fad\u0131klar\u0131n\u0131 ifade<\/p>\n","protected":false},"author":1,"featured_media":11652,"comment_status":"open","ping_status":"open","sticky":false,"template":"","format":"standard","meta":{"footnotes":""},"categories":[1],"tags":[],"class_list":["post-11651","post","type-post","status-publish","format-standard","has-post-thumbnail","hentry","category-gundem"],"yoast_head":"<!-- This site is optimized with the Yoast SEO plugin v27.4 - https:\/\/yoast.com\/product\/yoast-seo-wordpress\/ -->\n<title>61. Mehmet\u00e7ik \u00dcz\u00fcm Festivali ba\u015flad\u0131 -<\/title>\n<meta name=\"robots\" content=\"index, follow, max-snippet:-1, max-image-preview:large, max-video-preview:-1\" \/>\n<link rel=\"canonical\" href=\"https:\/\/kibrisdakik.com\/?p=11651\" \/>\n<meta property=\"og:locale\" content=\"tr_TR\" \/>\n<meta property=\"og:type\" content=\"article\" \/>\n<meta property=\"og:title\" content=\"61. Mehmet\u00e7ik \u00dcz\u00fcm Festivali ba\u015flad\u0131 -\" \/>\n<meta property=\"og:description\" content=\"\u00dclkenin en k\u00f6kl\u00fc ve Uluslararas\u0131 Festivalleri\u2019nden olan \u2018Mehmet\u00e7ik \u00dcz\u00fcm Festivali\u2019nin 61\u2019incisi d\u00fczenlenen t\u00f6renle ba\u015flad\u0131. Mehmet\u00e7ik festival alan\u0131nda yer alan a\u00e7\u0131l\u0131\u015f t\u00f6reninde ilk olarak halk danslar\u0131 ekipleri g\u00f6steri sundu. Festivalin a\u00e7\u0131l\u0131\u015f\u0131nda konu\u015fan Mehmet\u00e7ik B\u00fcy\u00fckkonuk Belediye Ba\u015fkan\u0131 Fatma \u00c7imen Tu\u011flu, K\u0131br\u0131s T\u00fcrk\u00fcn\u00fcn tarihinin en eski ve k\u00f6kl\u00fc festivallerinden olan \u00dcz\u00fcm festivalinin 61. Kez d\u00fczenlemenin gururunu ya\u015fad\u0131klar\u0131n\u0131 ifade\" \/>\n<meta property=\"og:url\" content=\"https:\/\/kibrisdakik.com\/?p=11651\" \/>\n<meta property=\"article:published_time\" content=\"2023-08-05T07:01:14+00:00\" \/>\n<meta property=\"og:image\" content=\"https:\/\/kibrisdakik.com\/wp-content\/uploads\/2023\/08\/InShot_20230805_072714151-scaled-740x420.jpg\" \/>\n\t<meta property=\"og:image:width\" content=\"2560\" \/>\n\t<meta property=\"og:image:height\" content=\"1439\" \/>\n\t<meta property=\"og:image:type\" content=\"image\/jpeg\" \/>\n<meta name=\"author\" content=\"admin\" \/>\n<meta name=\"twitter:card\" content=\"summary_large_image\" \/>\n<meta name=\"twitter:label1\" content=\"Yazan:\" \/>\n\t<meta name=\"twitter:data1\" content=\"admin\" \/>\n\t<meta name=\"twitter:label2\" content=\"Tahmini okuma s\u00fcresi\" \/>\n\t<meta name=\"twitter:data2\" content=\"2 dakika\" \/>\n<script type=\"application\/ld+json\" class=\"yoast-schema-graph\">{\"@context\":\"https:\\\/\\\/schema.org\",\"@graph\":[{\"@type\":\"Article\",\"@id\":\"https:\\\/\\\/kibrisdakik.com\\\/?p=11651#article\",\"isPartOf\":{\"@id\":\"https:\\\/\\\/kibrisdakik.com\\\/?p=11651\"},\"author\":{\"name\":\"admin\",\"@id\":\"https:\\\/\\\/kibrisdakik.com\\\/#\\\/schema\\\/person\\\/9cd9d437bbb44f72b73ba127e06d8e79\"},\"headline\":\"61. Mehmet\u00e7ik \u00dcz\u00fcm Festivali ba\u015flad\u0131\",\"datePublished\":\"2023-08-05T07:01:14+00:00\",\"mainEntityOfPage\":{\"@id\":\"https:\\\/\\\/kibrisdakik.com\\\/?p=11651\"},\"wordCount\":467,\"commentCount\":0,\"image\":{\"@id\":\"https:\\\/\\\/kibrisdakik.com\\\/?p=11651#primaryimage\"},\"thumbnailUrl\":\"https:\\\/\\\/kibrisdakik.com\\\/wp-content\\\/uploads\\\/2023\\\/08\\\/InShot_20230805_072714151-scaled-740x420.jpg\",\"articleSection\":[\"G\u00fcndem\"],\"inLanguage\":\"tr\",\"potentialAction\":[{\"@type\":\"CommentAction\",\"name\":\"Comment\",\"target\":[\"https:\\\/\\\/kibrisdakik.com\\\/?p=11651#respond\"]}]},{\"@type\":\"WebPage\",\"@id\":\"https:\\\/\\\/kibrisdakik.com\\\/?p=11651\",\"url\":\"https:\\\/\\\/kibrisdakik.com\\\/?p=11651\",\"name\":\"61. Mehmet\u00e7ik \u00dcz\u00fcm Festivali ba\u015flad\u0131 -\",\"isPartOf\":{\"@id\":\"https:\\\/\\\/kibrisdakik.com\\\/#website\"},\"primaryImageOfPage\":{\"@id\":\"https:\\\/\\\/kibrisdakik.com\\\/?p=11651#primaryimage\"},\"image\":{\"@id\":\"https:\\\/\\\/kibrisdakik.com\\\/?p=11651#primaryimage\"},\"thumbnailUrl\":\"https:\\\/\\\/kibrisdakik.com\\\/wp-content\\\/uploads\\\/2023\\\/08\\\/InShot_20230805_072714151-scaled-740x420.jpg\",\"datePublished\":\"2023-08-05T07:01:14+00:00\",\"author\":{\"@id\":\"https:\\\/\\\/kibrisdakik.com\\\/#\\\/schema\\\/person\\\/9cd9d437bbb44f72b73ba127e06d8e79\"},\"breadcrumb\":{\"@id\":\"https:\\\/\\\/kibrisdakik.com\\\/?p=11651#breadcrumb\"},\"inLanguage\":\"tr\",\"potentialAction\":[{\"@type\":\"ReadAction\",\"target\":[\"https:\\\/\\\/kibrisdakik.com\\\/?p=11651\"]}]},{\"@type\":\"ImageObject\",\"inLanguage\":\"tr\",\"@id\":\"https:\\\/\\\/kibrisdakik.com\\\/?p=11651#primaryimage\",\"url\":\"https:\\\/\\\/kibrisdakik.com\\\/wp-content\\\/uploads\\\/2023\\\/08\\\/InShot_20230805_072714151-scaled-740x420.jpg\",\"contentUrl\":\"https:\\\/\\\/kibrisdakik.com\\\/wp-content\\\/uploads\\\/2023\\\/08\\\/InShot_20230805_072714151-scaled-740x420.jpg\",\"width\":2560,\"height\":1439},{\"@type\":\"BreadcrumbList\",\"@id\":\"https:\\\/\\\/kibrisdakik.com\\\/?p=11651#breadcrumb\",\"itemListElement\":[{\"@type\":\"ListItem\",\"position\":1,\"name\":\"Home\",\"item\":\"https:\\\/\\\/kibrisdakik.com\\\/\"},{\"@type\":\"ListItem\",\"position\":2,\"name\":\"61. Mehmet\u00e7ik \u00dcz\u00fcm Festivali ba\u015flad\u0131\"}]},{\"@type\":\"WebSite\",\"@id\":\"https:\\\/\\\/kibrisdakik.com\\\/#website\",\"url\":\"https:\\\/\\\/kibrisdakik.com\\\/\",\"name\":\"\",\"description\":\"Tam vaktinde haber\",\"potentialAction\":[{\"@type\":\"SearchAction\",\"target\":{\"@type\":\"EntryPoint\",\"urlTemplate\":\"https:\\\/\\\/kibrisdakik.com\\\/?s={search_term_string}\"},\"query-input\":{\"@type\":\"PropertyValueSpecification\",\"valueRequired\":true,\"valueName\":\"search_term_string\"}}],\"inLanguage\":\"tr\"},{\"@type\":\"Person\",\"@id\":\"https:\\\/\\\/kibrisdakik.com\\\/#\\\/schema\\\/person\\\/9cd9d437bbb44f72b73ba127e06d8e79\",\"name\":\"admin\",\"image\":{\"@type\":\"ImageObject\",\"inLanguage\":\"tr\",\"@id\":\"https:\\\/\\\/secure.gravatar.com\\\/avatar\\\/ccc17943b9d660506c869530f897617f7cb1c21a4bf30023f252596d83e1f007?s=96&d=mm&r=g\",\"url\":\"https:\\\/\\\/secure.gravatar.com\\\/avatar\\\/ccc17943b9d660506c869530f897617f7cb1c21a4bf30023f252596d83e1f007?s=96&d=mm&r=g\",\"contentUrl\":\"https:\\\/\\\/secure.gravatar.com\\\/avatar\\\/ccc17943b9d660506c869530f897617f7cb1c21a4bf30023f252596d83e1f007?s=96&d=mm&r=g\",\"caption\":\"admin\"},\"sameAs\":[\"https:\\\/\\\/kibrisdakik.com\"],\"url\":\"https:\\\/\\\/kibrisdakik.com\\\/?author=1\"}]}<\/script>\n<!-- \/ Yoast SEO plugin. -->","yoast_head_json":{"title":"61. Mehmet\u00e7ik \u00dcz\u00fcm Festivali ba\u015flad\u0131 -","robots":{"index":"index","follow":"follow","max-snippet":"max-snippet:-1","max-image-preview":"max-image-preview:large","max-video-preview":"max-video-preview:-1"},"canonical":"https:\/\/kibrisdakik.com\/?p=11651","og_locale":"tr_TR","og_type":"article","og_title":"61. Mehmet\u00e7ik \u00dcz\u00fcm Festivali ba\u015flad\u0131 -","og_description":"\u00dclkenin en k\u00f6kl\u00fc ve Uluslararas\u0131 Festivalleri\u2019nden olan \u2018Mehmet\u00e7ik \u00dcz\u00fcm Festivali\u2019nin 61\u2019incisi d\u00fczenlenen t\u00f6renle ba\u015flad\u0131. Mehmet\u00e7ik festival alan\u0131nda yer alan a\u00e7\u0131l\u0131\u015f t\u00f6reninde ilk olarak halk danslar\u0131 ekipleri g\u00f6steri sundu. Festivalin a\u00e7\u0131l\u0131\u015f\u0131nda konu\u015fan Mehmet\u00e7ik B\u00fcy\u00fckkonuk Belediye Ba\u015fkan\u0131 Fatma \u00c7imen Tu\u011flu, K\u0131br\u0131s T\u00fcrk\u00fcn\u00fcn tarihinin en eski ve k\u00f6kl\u00fc festivallerinden olan \u00dcz\u00fcm festivalinin 61. Kez d\u00fczenlemenin gururunu ya\u015fad\u0131klar\u0131n\u0131 ifade","og_url":"https:\/\/kibrisdakik.com\/?p=11651","article_published_time":"2023-08-05T07:01:14+00:00","og_image":[{"width":2560,"height":1439,"url":"https:\/\/kibrisdakik.com\/wp-content\/uploads\/2023\/08\/InShot_20230805_072714151-scaled-740x420.jpg","type":"image\/jpeg"}],"author":"admin","twitter_card":"summary_large_image","twitter_misc":{"Yazan:":"admin","Tahmini okuma s\u00fcresi":"2 dakika"},"schema":{"@context":"https:\/\/schema.org","@graph":[{"@type":"Article","@id":"https:\/\/kibrisdakik.com\/?p=11651#article","isPartOf":{"@id":"https:\/\/kibrisdakik.com\/?p=11651"},"author":{"name":"admin","@id":"https:\/\/kibrisdakik.com\/#\/schema\/person\/9cd9d437bbb44f72b73ba127e06d8e79"},"headline":"61. Mehmet\u00e7ik \u00dcz\u00fcm Festivali ba\u015flad\u0131","datePublished":"2023-08-05T07:01:14+00:00","mainEntityOfPage":{"@id":"https:\/\/kibrisdakik.com\/?p=11651"},"wordCount":467,"commentCount":0,"image":{"@id":"https:\/\/kibrisdakik.com\/?p=11651#primaryimage"},"thumbnailUrl":"https:\/\/kibrisdakik.com\/wp-content\/uploads\/2023\/08\/InShot_20230805_072714151-scaled-740x420.jpg","articleSection":["G\u00fcndem"],"inLanguage":"tr","potentialAction":[{"@type":"CommentAction","name":"Comment","target":["https:\/\/kibrisdakik.com\/?p=11651#respond"]}]},{"@type":"WebPage","@id":"https:\/\/kibrisdakik.com\/?p=11651","url":"https:\/\/kibrisdakik.com\/?p=11651","name":"61. Mehmet\u00e7ik \u00dcz\u00fcm Festivali ba\u015flad\u0131 -","isPartOf":{"@id":"https:\/\/kibrisdakik.com\/#website"},"primaryImageOfPage":{"@id":"https:\/\/kibrisdakik.com\/?p=11651#primaryimage"},"image":{"@id":"https:\/\/kibrisdakik.com\/?p=11651#primaryimage"},"thumbnailUrl":"https:\/\/kibrisdakik.com\/wp-content\/uploads\/2023\/08\/InShot_20230805_072714151-scaled-740x420.jpg","datePublished":"2023-08-05T07:01:14+00:00","author":{"@id":"https:\/\/kibrisdakik.com\/#\/schema\/person\/9cd9d437bbb44f72b73ba127e06d8e79"},"breadcrumb":{"@id":"https:\/\/kibrisdakik.com\/?p=11651#breadcrumb"},"inLanguage":"tr","potentialAction":[{"@type":"ReadAction","target":["https:\/\/kibrisdakik.com\/?p=11651"]}]},{"@type":"ImageObject","inLanguage":"tr","@id":"https:\/\/kibrisdakik.com\/?p=11651#primaryimage","url":"https:\/\/kibrisdakik.com\/wp-content\/uploads\/2023\/08\/InShot_20230805_072714151-scaled-740x420.jpg","contentUrl":"https:\/\/kibrisdakik.com\/wp-content\/uploads\/2023\/08\/InShot_20230805_072714151-scaled-740x420.jpg","width":2560,"height":1439},{"@type":"BreadcrumbList","@id":"https:\/\/kibrisdakik.com\/?p=11651#breadcrumb","itemListElement":[{"@type":"ListItem","position":1,"name":"Home","item":"https:\/\/kibrisdakik.com\/"},{"@type":"ListItem","position":2,"name":"61. Mehmet\u00e7ik \u00dcz\u00fcm Festivali ba\u015flad\u0131"}]},{"@type":"WebSite","@id":"https:\/\/kibrisdakik.com\/#website","url":"https:\/\/kibrisdakik.com\/","name":"","description":"Tam vaktinde haber","potentialAction":[{"@type":"SearchAction","target":{"@type":"EntryPoint","urlTemplate":"https:\/\/kibrisdakik.com\/?s={search_term_string}"},"query-input":{"@type":"PropertyValueSpecification","valueRequired":true,"valueName":"search_term_string"}}],"inLanguage":"tr"},{"@type":"Person","@id":"https:\/\/kibrisdakik.com\/#\/schema\/person\/9cd9d437bbb44f72b73ba127e06d8e79","name":"admin","image":{"@type":"ImageObject","inLanguage":"tr","@id":"https:\/\/secure.gravatar.com\/avatar\/ccc17943b9d660506c869530f897617f7cb1c21a4bf30023f252596d83e1f007?s=96&d=mm&r=g","url":"https:\/\/secure.gravatar.com\/avatar\/ccc17943b9d660506c869530f897617f7cb1c21a4bf30023f252596d83e1f007?s=96&d=mm&r=g","contentUrl":"https:\/\/secure.gravatar.com\/avatar\/ccc17943b9d660506c869530f897617f7cb1c21a4bf30023f252596d83e1f007?s=96&d=mm&r=g","caption":"admin"},"sameAs":["https:\/\/kibrisdakik.com"],"url":"https:\/\/kibrisdakik.com\/?author=1"}]}},"_links":{"self":[{"href":"https:\/\/kibrisdakik.com\/index.php?rest_route=\/wp\/v2\/posts\/11651","targetHints":{"allow":["GET"]}}],"collection":[{"href":"https:\/\/kibrisdakik.com\/index.php?rest_route=\/wp\/v2\/posts"}],"about":[{"href":"https:\/\/kibrisdakik.com\/index.php?rest_route=\/wp\/v2\/types\/post"}],"author":[{"embeddable":true,"href":"https:\/\/kibrisdakik.com\/index.php?rest_route=\/wp\/v2\/users\/1"}],"replies":[{"embeddable":true,"href":"https:\/\/kibrisdakik.com\/index.php?rest_route=%2Fwp%2Fv2%2Fcomments&post=11651"}],"version-history":[{"count":0,"href":"https:\/\/kibrisdakik.com\/index.php?rest_route=\/wp\/v2\/posts\/11651\/revisions"}],"wp:featuredmedia":[{"embeddable":true,"href":"https:\/\/kibrisdakik.com\/index.php?rest_route=\/wp\/v2\/media\/11652"}],"wp:attachment":[{"href":"https:\/\/kibrisdakik.com\/index.php?rest_route=%2Fwp%2Fv2%2Fmedia&parent=11651"}],"wp:term":[{"taxonomy":"category","embeddable":true,"href":"https:\/\/kibrisdakik.com\/index.php?rest_route=%2Fwp%2Fv2%2Fcategories&post=11651"},{"taxonomy":"post_tag","embeddable":true,"href":"https:\/\/kibrisdakik.com\/index.php?rest_route=%2Fwp%2Fv2%2Ftags&post=11651"}],"curies":[{"name":"wp","href":"https:\/\/api.w.org\/{rel}","templated":true}]}}