{"id":11669,"date":"2023-08-05T16:10:44","date_gmt":"2023-08-05T16:10:44","guid":{"rendered":"https:\/\/kibrisdakik.com\/index.php\/2023\/08\/05\/tc-cumhurbaskani-erdogan-kktcnin-malezyada-ticaret-ofisi-acmasi-icin-verilen-onaydan-memnunuz\/"},"modified":"2023-08-05T16:10:44","modified_gmt":"2023-08-05T16:10:44","slug":"tc-cumhurbaskani-erdogan-kktcnin-malezyada-ticaret-ofisi-acmasi-icin-verilen-onaydan-memnunuz","status":"publish","type":"post","link":"https:\/\/kibrisdakik.com\/?p=11669","title":{"rendered":"TC Cumhurba\u015fkan\u0131 Erdo\u011fan: KKTC\u2019nin Malezya\u2019da Ticaret Ofisi a\u00e7mas\u0131 i\u00e7in verilen onaydan memnunuz"},"content":{"rendered":"<p><\/p>\n<div>\n<div class=\"mariselle-image-container center\">\n                <img width=\"700\" height=\"400\" class=\"lazy-image\" alt=\"\" decoding=\"async\" loading=\"lazy\" sizes=\"auto, (max-width: 700px) 100vw, 700px\" src=\"https:\/\/brtk.net\/wp-content\/uploads\/2023\/08\/05\/275-165613-malezya_700x400.jpg?ver=9b6adf2df07d19d6594ed33756f7444f\" srcset=\"https:\/\/brtk.net\/wp-content\/uploads\/2023\/08\/05\/275-165613-malezya_700x400.jpg?ver=9b6adf2df07d19d6594ed33756f7444f 700w, https:\/\/brtk.net\/wp-content\/uploads\/2023\/08\/05\/275-165613-malezya_700x400-300x171.jpg?ver=c27020a152561ad266327938e8c05e0d 300w\"\/>                            <\/div>\n<p>\tKuzey K\u0131br\u0131s T\u00fcrk Cumhuriyeti\u2019nin d\u00fcnyaya a\u00e7\u0131lmas\u0131 i\u00e7in yeni bir ad\u0131m\u2026 Kuzey K\u0131br\u0131s T\u00fcrk Cumhuriyeti Malezya\u2019da Ticaret Ofisi a\u00e7acak.<\/p>\n<p>\tT\u00fcrkiye Cumhuriyeti\u2019nin deste\u011fiyle Kuzey K\u0131br\u0131s T\u00fcrk Cumhuriyeti\u2019nin uluslar aras\u0131 camiada haketti\u011fi yeri almas\u0131 y\u00f6n\u00fcndeki bu geli\u015fme T\u00fcrkiye Cumhurba\u015fkan\u0131 Recep Tayyip Erdo\u011fan\u2019\u0131n Malezya Ba\u015fbakan\u0131 Enver \u0130brahim ile ger\u00e7ekle\u015ftirdi\u011fi video konferans g\u00f6r\u00fc\u015fmeye ili\u015fkin a\u00e7\u0131klamada yer ald\u0131.<\/p>\n<p>\tCumhurba\u015fkanl\u0131\u011f\u0131 \u0130leti\u015fim Ba\u015fkanl\u0131\u011f\u0131\u2019ndan yap\u0131lan a\u00e7\u0131klamaya g\u00f6re, Cumhurba\u015fkan\u0131 Erdo\u011fan ile Malezya Ba\u015fbakan\u0131 \u0130brahim\u2019in g\u00f6r\u00fc\u015fmesinde T\u00fcrkiye-Malezya ili\u015fkilerinin kapsaml\u0131 stratejik ortakl\u0131k temelinde daha ileriye ta\u015f\u0131nd\u0131\u011f\u0131n\u0131 ifade edilirken, Cumhurba\u015fkan\u0131 Erdo\u011fan\u2019\u0131n, Kuzey K\u0131br\u0131s T\u00fcrk Cumhuriyeti\u2019nin Malezya\u2019da Ticaret Ofisi a\u00e7mas\u0131 y\u00f6n\u00fcnde verilen onay\u0131n memnuniyetle kar\u015f\u0131land\u0131\u011f\u0131 belirtildi.<\/p>\n<\/p><\/div>\n<p><script async\n                    defer\n                    crossorigin=\"anonymous\"\n                    src=\"https:\/\/connect.facebook.net\/tr_TR\/sdk.js#xfbml=1&#038;version=v3.3\"\n            ><\/script><\/p>\n","protected":false},"excerpt":{"rendered":"<p>Kuzey K\u0131br\u0131s T\u00fcrk Cumhuriyeti\u2019nin d\u00fcnyaya a\u00e7\u0131lmas\u0131 i\u00e7in yeni bir ad\u0131m\u2026 Kuzey K\u0131br\u0131s T\u00fcrk Cumhuriyeti Malezya\u2019da Ticaret Ofisi a\u00e7acak. T\u00fcrkiye Cumhuriyeti\u2019nin deste\u011fiyle Kuzey K\u0131br\u0131s T\u00fcrk Cumhuriyeti\u2019nin uluslar aras\u0131 camiada haketti\u011fi yeri almas\u0131 y\u00f6n\u00fcndeki bu geli\u015fme T\u00fcrkiye Cumhurba\u015fkan\u0131 Recep Tayyip Erdo\u011fan\u2019\u0131n Malezya Ba\u015fbakan\u0131 Enver \u0130brahim ile ger\u00e7ekle\u015ftirdi\u011fi video konferans g\u00f6r\u00fc\u015fmeye ili\u015fkin a\u00e7\u0131klamada yer ald\u0131. Cumhurba\u015fkanl\u0131\u011f\u0131 \u0130leti\u015fim Ba\u015fkanl\u0131\u011f\u0131\u2019ndan<\/p>\n","protected":false},"author":1,"featured_media":11670,"comment_status":"open","ping_status":"open","sticky":false,"template":"","format":"standard","meta":{"footnotes":""},"categories":[1],"tags":[],"class_list":["post-11669","post","type-post","status-publish","format-standard","has-post-thumbnail","hentry","category-gundem"],"yoast_head":"<!-- This site is optimized with the Yoast SEO plugin v27.4 - https:\/\/yoast.com\/product\/yoast-seo-wordpress\/ -->\n<title>TC Cumhurba\u015fkan\u0131 Erdo\u011fan: KKTC\u2019nin Malezya\u2019da Ticaret Ofisi a\u00e7mas\u0131 i\u00e7in verilen onaydan memnunuz -<\/title>\n<meta name=\"robots\" content=\"index, follow, max-snippet:-1, max-image-preview:large, max-video-preview:-1\" \/>\n<link rel=\"canonical\" href=\"https:\/\/kibrisdakik.com\/?p=11669\" \/>\n<meta property=\"og:locale\" content=\"tr_TR\" \/>\n<meta property=\"og:type\" content=\"article\" \/>\n<meta property=\"og:title\" content=\"TC Cumhurba\u015fkan\u0131 Erdo\u011fan: KKTC\u2019nin Malezya\u2019da Ticaret Ofisi a\u00e7mas\u0131 i\u00e7in verilen onaydan memnunuz -\" \/>\n<meta property=\"og:description\" content=\"Kuzey K\u0131br\u0131s T\u00fcrk Cumhuriyeti\u2019nin d\u00fcnyaya a\u00e7\u0131lmas\u0131 i\u00e7in yeni bir ad\u0131m\u2026 Kuzey K\u0131br\u0131s T\u00fcrk Cumhuriyeti Malezya\u2019da Ticaret Ofisi a\u00e7acak. T\u00fcrkiye Cumhuriyeti\u2019nin deste\u011fiyle Kuzey K\u0131br\u0131s T\u00fcrk Cumhuriyeti\u2019nin uluslar aras\u0131 camiada haketti\u011fi yeri almas\u0131 y\u00f6n\u00fcndeki bu geli\u015fme T\u00fcrkiye Cumhurba\u015fkan\u0131 Recep Tayyip Erdo\u011fan\u2019\u0131n Malezya Ba\u015fbakan\u0131 Enver \u0130brahim ile ger\u00e7ekle\u015ftirdi\u011fi video konferans g\u00f6r\u00fc\u015fmeye ili\u015fkin a\u00e7\u0131klamada yer ald\u0131. Cumhurba\u015fkanl\u0131\u011f\u0131 \u0130leti\u015fim Ba\u015fkanl\u0131\u011f\u0131\u2019ndan\" \/>\n<meta property=\"og:url\" content=\"https:\/\/kibrisdakik.com\/?p=11669\" \/>\n<meta property=\"article:published_time\" content=\"2023-08-05T16:10:44+00:00\" \/>\n<meta property=\"og:image\" content=\"https:\/\/kibrisdakik.com\/wp-content\/uploads\/2023\/08\/275-165613-malezya_700x400.jpg\" \/>\n\t<meta property=\"og:image:width\" content=\"700\" \/>\n\t<meta property=\"og:image:height\" content=\"400\" \/>\n\t<meta property=\"og:image:type\" content=\"image\/jpeg\" \/>\n<meta name=\"author\" content=\"admin\" \/>\n<meta name=\"twitter:card\" content=\"summary_large_image\" \/>\n<meta name=\"twitter:label1\" content=\"Yazan:\" \/>\n\t<meta name=\"twitter:data1\" content=\"admin\" \/>\n\t<meta name=\"twitter:label2\" content=\"Tahmini okuma s\u00fcresi\" \/>\n\t<meta name=\"twitter:data2\" content=\"1 dakika\" \/>\n<script type=\"application\/ld+json\" class=\"yoast-schema-graph\">{\"@context\":\"https:\\\/\\\/schema.org\",\"@graph\":[{\"@type\":\"Article\",\"@id\":\"https:\\\/\\\/kibrisdakik.com\\\/?p=11669#article\",\"isPartOf\":{\"@id\":\"https:\\\/\\\/kibrisdakik.com\\\/?p=11669\"},\"author\":{\"name\":\"admin\",\"@id\":\"https:\\\/\\\/kibrisdakik.com\\\/#\\\/schema\\\/person\\\/9cd9d437bbb44f72b73ba127e06d8e79\"},\"headline\":\"TC Cumhurba\u015fkan\u0131 Erdo\u011fan: KKTC\u2019nin Malezya\u2019da Ticaret Ofisi a\u00e7mas\u0131 i\u00e7in verilen onaydan memnunuz\",\"datePublished\":\"2023-08-05T16:10:44+00:00\",\"mainEntityOfPage\":{\"@id\":\"https:\\\/\\\/kibrisdakik.com\\\/?p=11669\"},\"wordCount\":177,\"commentCount\":0,\"image\":{\"@id\":\"https:\\\/\\\/kibrisdakik.com\\\/?p=11669#primaryimage\"},\"thumbnailUrl\":\"https:\\\/\\\/kibrisdakik.com\\\/wp-content\\\/uploads\\\/2023\\\/08\\\/275-165613-malezya_700x400.jpg\",\"articleSection\":[\"G\u00fcndem\"],\"inLanguage\":\"tr\",\"potentialAction\":[{\"@type\":\"CommentAction\",\"name\":\"Comment\",\"target\":[\"https:\\\/\\\/kibrisdakik.com\\\/?p=11669#respond\"]}]},{\"@type\":\"WebPage\",\"@id\":\"https:\\\/\\\/kibrisdakik.com\\\/?p=11669\",\"url\":\"https:\\\/\\\/kibrisdakik.com\\\/?p=11669\",\"name\":\"TC Cumhurba\u015fkan\u0131 Erdo\u011fan: KKTC\u2019nin Malezya\u2019da Ticaret Ofisi a\u00e7mas\u0131 i\u00e7in verilen onaydan memnunuz -\",\"isPartOf\":{\"@id\":\"https:\\\/\\\/kibrisdakik.com\\\/#website\"},\"primaryImageOfPage\":{\"@id\":\"https:\\\/\\\/kibrisdakik.com\\\/?p=11669#primaryimage\"},\"image\":{\"@id\":\"https:\\\/\\\/kibrisdakik.com\\\/?p=11669#primaryimage\"},\"thumbnailUrl\":\"https:\\\/\\\/kibrisdakik.com\\\/wp-content\\\/uploads\\\/2023\\\/08\\\/275-165613-malezya_700x400.jpg\",\"datePublished\":\"2023-08-05T16:10:44+00:00\",\"author\":{\"@id\":\"https:\\\/\\\/kibrisdakik.com\\\/#\\\/schema\\\/person\\\/9cd9d437bbb44f72b73ba127e06d8e79\"},\"breadcrumb\":{\"@id\":\"https:\\\/\\\/kibrisdakik.com\\\/?p=11669#breadcrumb\"},\"inLanguage\":\"tr\",\"potentialAction\":[{\"@type\":\"ReadAction\",\"target\":[\"https:\\\/\\\/kibrisdakik.com\\\/?p=11669\"]}]},{\"@type\":\"ImageObject\",\"inLanguage\":\"tr\",\"@id\":\"https:\\\/\\\/kibrisdakik.com\\\/?p=11669#primaryimage\",\"url\":\"https:\\\/\\\/kibrisdakik.com\\\/wp-content\\\/uploads\\\/2023\\\/08\\\/275-165613-malezya_700x400.jpg\",\"contentUrl\":\"https:\\\/\\\/kibrisdakik.com\\\/wp-content\\\/uploads\\\/2023\\\/08\\\/275-165613-malezya_700x400.jpg\",\"width\":700,\"height\":400},{\"@type\":\"BreadcrumbList\",\"@id\":\"https:\\\/\\\/kibrisdakik.com\\\/?p=11669#breadcrumb\",\"itemListElement\":[{\"@type\":\"ListItem\",\"position\":1,\"name\":\"Home\",\"item\":\"https:\\\/\\\/kibrisdakik.com\\\/\"},{\"@type\":\"ListItem\",\"position\":2,\"name\":\"TC Cumhurba\u015fkan\u0131 Erdo\u011fan: KKTC\u2019nin Malezya\u2019da Ticaret Ofisi a\u00e7mas\u0131 i\u00e7in verilen onaydan memnunuz\"}]},{\"@type\":\"WebSite\",\"@id\":\"https:\\\/\\\/kibrisdakik.com\\\/#website\",\"url\":\"https:\\\/\\\/kibrisdakik.com\\\/\",\"name\":\"\",\"description\":\"Tam vaktinde haber\",\"potentialAction\":[{\"@type\":\"SearchAction\",\"target\":{\"@type\":\"EntryPoint\",\"urlTemplate\":\"https:\\\/\\\/kibrisdakik.com\\\/?s={search_term_string}\"},\"query-input\":{\"@type\":\"PropertyValueSpecification\",\"valueRequired\":true,\"valueName\":\"search_term_string\"}}],\"inLanguage\":\"tr\"},{\"@type\":\"Person\",\"@id\":\"https:\\\/\\\/kibrisdakik.com\\\/#\\\/schema\\\/person\\\/9cd9d437bbb44f72b73ba127e06d8e79\",\"name\":\"admin\",\"image\":{\"@type\":\"ImageObject\",\"inLanguage\":\"tr\",\"@id\":\"https:\\\/\\\/secure.gravatar.com\\\/avatar\\\/ccc17943b9d660506c869530f897617f7cb1c21a4bf30023f252596d83e1f007?s=96&d=mm&r=g\",\"url\":\"https:\\\/\\\/secure.gravatar.com\\\/avatar\\\/ccc17943b9d660506c869530f897617f7cb1c21a4bf30023f252596d83e1f007?s=96&d=mm&r=g\",\"contentUrl\":\"https:\\\/\\\/secure.gravatar.com\\\/avatar\\\/ccc17943b9d660506c869530f897617f7cb1c21a4bf30023f252596d83e1f007?s=96&d=mm&r=g\",\"caption\":\"admin\"},\"sameAs\":[\"https:\\\/\\\/kibrisdakik.com\"],\"url\":\"https:\\\/\\\/kibrisdakik.com\\\/?author=1\"}]}<\/script>\n<!-- \/ Yoast SEO plugin. -->","yoast_head_json":{"title":"TC Cumhurba\u015fkan\u0131 Erdo\u011fan: KKTC\u2019nin Malezya\u2019da Ticaret Ofisi a\u00e7mas\u0131 i\u00e7in verilen onaydan memnunuz -","robots":{"index":"index","follow":"follow","max-snippet":"max-snippet:-1","max-image-preview":"max-image-preview:large","max-video-preview":"max-video-preview:-1"},"canonical":"https:\/\/kibrisdakik.com\/?p=11669","og_locale":"tr_TR","og_type":"article","og_title":"TC Cumhurba\u015fkan\u0131 Erdo\u011fan: KKTC\u2019nin Malezya\u2019da Ticaret Ofisi a\u00e7mas\u0131 i\u00e7in verilen onaydan memnunuz -","og_description":"Kuzey K\u0131br\u0131s T\u00fcrk Cumhuriyeti\u2019nin d\u00fcnyaya a\u00e7\u0131lmas\u0131 i\u00e7in yeni bir ad\u0131m\u2026 Kuzey K\u0131br\u0131s T\u00fcrk Cumhuriyeti Malezya\u2019da Ticaret Ofisi a\u00e7acak. T\u00fcrkiye Cumhuriyeti\u2019nin deste\u011fiyle Kuzey K\u0131br\u0131s T\u00fcrk Cumhuriyeti\u2019nin uluslar aras\u0131 camiada haketti\u011fi yeri almas\u0131 y\u00f6n\u00fcndeki bu geli\u015fme T\u00fcrkiye Cumhurba\u015fkan\u0131 Recep Tayyip Erdo\u011fan\u2019\u0131n Malezya Ba\u015fbakan\u0131 Enver \u0130brahim ile ger\u00e7ekle\u015ftirdi\u011fi video konferans g\u00f6r\u00fc\u015fmeye ili\u015fkin a\u00e7\u0131klamada yer ald\u0131. Cumhurba\u015fkanl\u0131\u011f\u0131 \u0130leti\u015fim Ba\u015fkanl\u0131\u011f\u0131\u2019ndan","og_url":"https:\/\/kibrisdakik.com\/?p=11669","article_published_time":"2023-08-05T16:10:44+00:00","og_image":[{"width":700,"height":400,"url":"https:\/\/kibrisdakik.com\/wp-content\/uploads\/2023\/08\/275-165613-malezya_700x400.jpg","type":"image\/jpeg"}],"author":"admin","twitter_card":"summary_large_image","twitter_misc":{"Yazan:":"admin","Tahmini okuma s\u00fcresi":"1 dakika"},"schema":{"@context":"https:\/\/schema.org","@graph":[{"@type":"Article","@id":"https:\/\/kibrisdakik.com\/?p=11669#article","isPartOf":{"@id":"https:\/\/kibrisdakik.com\/?p=11669"},"author":{"name":"admin","@id":"https:\/\/kibrisdakik.com\/#\/schema\/person\/9cd9d437bbb44f72b73ba127e06d8e79"},"headline":"TC Cumhurba\u015fkan\u0131 Erdo\u011fan: KKTC\u2019nin Malezya\u2019da Ticaret Ofisi a\u00e7mas\u0131 i\u00e7in verilen onaydan memnunuz","datePublished":"2023-08-05T16:10:44+00:00","mainEntityOfPage":{"@id":"https:\/\/kibrisdakik.com\/?p=11669"},"wordCount":177,"commentCount":0,"image":{"@id":"https:\/\/kibrisdakik.com\/?p=11669#primaryimage"},"thumbnailUrl":"https:\/\/kibrisdakik.com\/wp-content\/uploads\/2023\/08\/275-165613-malezya_700x400.jpg","articleSection":["G\u00fcndem"],"inLanguage":"tr","potentialAction":[{"@type":"CommentAction","name":"Comment","target":["https:\/\/kibrisdakik.com\/?p=11669#respond"]}]},{"@type":"WebPage","@id":"https:\/\/kibrisdakik.com\/?p=11669","url":"https:\/\/kibrisdakik.com\/?p=11669","name":"TC Cumhurba\u015fkan\u0131 Erdo\u011fan: KKTC\u2019nin Malezya\u2019da Ticaret Ofisi a\u00e7mas\u0131 i\u00e7in verilen onaydan memnunuz -","isPartOf":{"@id":"https:\/\/kibrisdakik.com\/#website"},"primaryImageOfPage":{"@id":"https:\/\/kibrisdakik.com\/?p=11669#primaryimage"},"image":{"@id":"https:\/\/kibrisdakik.com\/?p=11669#primaryimage"},"thumbnailUrl":"https:\/\/kibrisdakik.com\/wp-content\/uploads\/2023\/08\/275-165613-malezya_700x400.jpg","datePublished":"2023-08-05T16:10:44+00:00","author":{"@id":"https:\/\/kibrisdakik.com\/#\/schema\/person\/9cd9d437bbb44f72b73ba127e06d8e79"},"breadcrumb":{"@id":"https:\/\/kibrisdakik.com\/?p=11669#breadcrumb"},"inLanguage":"tr","potentialAction":[{"@type":"ReadAction","target":["https:\/\/kibrisdakik.com\/?p=11669"]}]},{"@type":"ImageObject","inLanguage":"tr","@id":"https:\/\/kibrisdakik.com\/?p=11669#primaryimage","url":"https:\/\/kibrisdakik.com\/wp-content\/uploads\/2023\/08\/275-165613-malezya_700x400.jpg","contentUrl":"https:\/\/kibrisdakik.com\/wp-content\/uploads\/2023\/08\/275-165613-malezya_700x400.jpg","width":700,"height":400},{"@type":"BreadcrumbList","@id":"https:\/\/kibrisdakik.com\/?p=11669#breadcrumb","itemListElement":[{"@type":"ListItem","position":1,"name":"Home","item":"https:\/\/kibrisdakik.com\/"},{"@type":"ListItem","position":2,"name":"TC Cumhurba\u015fkan\u0131 Erdo\u011fan: KKTC\u2019nin Malezya\u2019da Ticaret Ofisi a\u00e7mas\u0131 i\u00e7in verilen onaydan memnunuz"}]},{"@type":"WebSite","@id":"https:\/\/kibrisdakik.com\/#website","url":"https:\/\/kibrisdakik.com\/","name":"","description":"Tam vaktinde haber","potentialAction":[{"@type":"SearchAction","target":{"@type":"EntryPoint","urlTemplate":"https:\/\/kibrisdakik.com\/?s={search_term_string}"},"query-input":{"@type":"PropertyValueSpecification","valueRequired":true,"valueName":"search_term_string"}}],"inLanguage":"tr"},{"@type":"Person","@id":"https:\/\/kibrisdakik.com\/#\/schema\/person\/9cd9d437bbb44f72b73ba127e06d8e79","name":"admin","image":{"@type":"ImageObject","inLanguage":"tr","@id":"https:\/\/secure.gravatar.com\/avatar\/ccc17943b9d660506c869530f897617f7cb1c21a4bf30023f252596d83e1f007?s=96&d=mm&r=g","url":"https:\/\/secure.gravatar.com\/avatar\/ccc17943b9d660506c869530f897617f7cb1c21a4bf30023f252596d83e1f007?s=96&d=mm&r=g","contentUrl":"https:\/\/secure.gravatar.com\/avatar\/ccc17943b9d660506c869530f897617f7cb1c21a4bf30023f252596d83e1f007?s=96&d=mm&r=g","caption":"admin"},"sameAs":["https:\/\/kibrisdakik.com"],"url":"https:\/\/kibrisdakik.com\/?author=1"}]}},"_links":{"self":[{"href":"https:\/\/kibrisdakik.com\/index.php?rest_route=\/wp\/v2\/posts\/11669","targetHints":{"allow":["GET"]}}],"collection":[{"href":"https:\/\/kibrisdakik.com\/index.php?rest_route=\/wp\/v2\/posts"}],"about":[{"href":"https:\/\/kibrisdakik.com\/index.php?rest_route=\/wp\/v2\/types\/post"}],"author":[{"embeddable":true,"href":"https:\/\/kibrisdakik.com\/index.php?rest_route=\/wp\/v2\/users\/1"}],"replies":[{"embeddable":true,"href":"https:\/\/kibrisdakik.com\/index.php?rest_route=%2Fwp%2Fv2%2Fcomments&post=11669"}],"version-history":[{"count":0,"href":"https:\/\/kibrisdakik.com\/index.php?rest_route=\/wp\/v2\/posts\/11669\/revisions"}],"wp:featuredmedia":[{"embeddable":true,"href":"https:\/\/kibrisdakik.com\/index.php?rest_route=\/wp\/v2\/media\/11670"}],"wp:attachment":[{"href":"https:\/\/kibrisdakik.com\/index.php?rest_route=%2Fwp%2Fv2%2Fmedia&parent=11669"}],"wp:term":[{"taxonomy":"category","embeddable":true,"href":"https:\/\/kibrisdakik.com\/index.php?rest_route=%2Fwp%2Fv2%2Fcategories&post=11669"},{"taxonomy":"post_tag","embeddable":true,"href":"https:\/\/kibrisdakik.com\/index.php?rest_route=%2Fwp%2Fv2%2Ftags&post=11669"}],"curies":[{"name":"wp","href":"https:\/\/api.w.org\/{rel}","templated":true}]}}