{"id":11719,"date":"2023-08-06T16:46:23","date_gmt":"2023-08-06T16:46:23","guid":{"rendered":"https:\/\/kibrisdakik.com\/index.php\/2023\/08\/06\/atletlerimiz-konyada-gururlandirdi\/"},"modified":"2023-08-06T16:46:23","modified_gmt":"2023-08-06T16:46:23","slug":"atletlerimiz-konyada-gururlandirdi","status":"publish","type":"post","link":"https:\/\/kibrisdakik.com\/?p=11719","title":{"rendered":"Atletlerimiz Konya\u2019da gururland\u0131rd\u0131"},"content":{"rendered":"<p> <br \/>\n<\/p>\n<div>\n<p><strong> <\/p>\n<div class=\"mariselle-image-container none\">\n                <img width=\"1024\" height=\"768\" class=\"lazy-image\" alt=\"\" decoding=\"async\" loading=\"lazy\" sizes=\"auto, (max-width: 1024px) 100vw, 1024px\" src=\"https:\/\/brtk.net\/wp-content\/uploads\/2023\/08\/06\/ATLETIZM.jpg?ver=ad72547dd217800446c22140a04baa2f\" srcset=\"https:\/\/brtk.net\/wp-content\/uploads\/2023\/08\/06\/ATLETIZM.jpg?ver=ad72547dd217800446c22140a04baa2f 1024w, https:\/\/brtk.net\/wp-content\/uploads\/2023\/08\/06\/ATLETIZM-300x225.jpg?ver=4275b97a6ed186c0569a2ab01ed53384 300w, https:\/\/brtk.net\/wp-content\/uploads\/2023\/08\/06\/ATLETIZM-768x576.jpg?ver=4275b97a6ed186c0569a2ab01ed53384 768w\"\/>                            <\/div>\n<p><\/strong><\/p>\n<p><a href=\"https:\/\/brtk.net\/\">KKTC<\/a> Atletizm Federasyonu U16 ve U18 Milli Tak\u0131m\u0131, Konya\u2019da d\u00fczenlenen Turkcell 16 ve 18 Ya\u015f Alt\u0131 T\u00fcrkiye \u015eampiyonas\u0131\u2019na kat\u0131larak ba\u015far\u0131l\u0131 yar\u0131\u015flar \u00e7\u0131kard\u0131.<\/p>\n<p>Asl\u0131han Kandil\u2019in U18 kategorisi 200 metre bran\u015f\u0131nda T\u00fcrkiye ikincisi olmas\u0131 ise b\u00fcy\u00fck mutluluk yaratt\u0131. Baz\u0131 sporcular\u0131m\u0131z ise finallerde yar\u0131\u015farak k\u00fcrs\u00fcy\u00fc k\u0131l pay\u0131 ka\u00e7\u0131rd\u0131, \u00f6nemli deneyim elde etti. Kafilede yer alan d\u00f6rt atletimizin Fenerbah\u00e7e Spor Kul\u00fcb\u00fc taraf\u0131ndan istenmesi ve anla\u015fma sa\u011flamas\u0131 ise ayr\u0131 gurur kayna\u011f\u0131 oldu.<\/p>\n<p>Federasyon Ba\u015fkan\u0131 Ferhat Sakall\u0131\u2019n\u0131n ba\u015fkan olarak yer ald\u0131\u011f\u0131 kafilede Ersin Do\u011fa\u00e7, H\u00fcseyin E\u011fitmen ve Salih Boransel antren\u00f6r, Fikriye \u0130yican idareci ve 11 atlet yer ald\u0131. <a href=\"https:\/\/brtk.net\/\">KKTC<\/a> Atletizm Federasyonu\u2019nun Konya\u2019daki \u015fampiyona kafilesinde yer alan d\u00f6rt atletimiz, performanslar\u0131 ile Fenerbah\u00e7e Spor Kul\u00fcb\u00fc yetkililerinin dikkatini \u00e7ekti. Atletlerimize Fenerbah\u00e7e taraf\u0131ndan teklif g\u00f6t\u00fcr\u00fcl\u00fcrken anla\u015fma sa\u011fland\u0131. 200 metre T\u00fcrkiye ikincisi Asl\u0131han Kandil, Bartu G\u00fczen, Y\u0131lgar Do\u011fa\u00e7 ve Ar\u0131n\u00e7 Do\u011fa\u00e7, Fenerbah\u00e7e ile anla\u015farak yeni tak\u0131mlar\u0131n\u0131n formas\u0131n\u0131 giydiler. Genel olarak hem kafiledeki atletlerimizin g\u00f6sterdi\u011fi performans ise \u00fclke atletizminin gelece\u011fi i\u00e7in umut kayna\u011f\u0131 oldu.<\/p>\n<\/p><\/div>\n<p><script async\n                    defer\n                    crossorigin=\"anonymous\"\n                    src=\"https:\/\/connect.facebook.net\/tr_TR\/sdk.js#xfbml=1&#038;version=v3.3\"\n            ><\/script><br \/>\n<br \/><br \/>\n<br \/><a href=\"https:\/\/brtk.net\/atletlerimiz-konyada-gururlandirdi\/\"> <\/a><\/p>\n","protected":false},"excerpt":{"rendered":"<p>KKTC Atletizm Federasyonu U16 ve U18 Milli Tak\u0131m\u0131, Konya\u2019da d\u00fczenlenen Turkcell 16 ve 18 Ya\u015f Alt\u0131 T\u00fcrkiye \u015eampiyonas\u0131\u2019na kat\u0131larak ba\u015far\u0131l\u0131 yar\u0131\u015flar \u00e7\u0131kard\u0131. Asl\u0131han Kandil\u2019in U18 kategorisi 200 metre bran\u015f\u0131nda T\u00fcrkiye ikincisi olmas\u0131 ise b\u00fcy\u00fck mutluluk yaratt\u0131. Baz\u0131 sporcular\u0131m\u0131z ise finallerde yar\u0131\u015farak k\u00fcrs\u00fcy\u00fc k\u0131l pay\u0131 ka\u00e7\u0131rd\u0131, \u00f6nemli deneyim elde etti. Kafilede yer alan d\u00f6rt atletimizin Fenerbah\u00e7e<\/p>\n","protected":false},"author":1,"featured_media":11720,"comment_status":"open","ping_status":"open","sticky":false,"template":"","format":"standard","meta":{"footnotes":""},"categories":[85],"tags":[],"class_list":["post-11719","post","type-post","status-publish","format-standard","has-post-thumbnail","hentry","category-spor"],"yoast_head":"<!-- This site is optimized with the Yoast SEO plugin v27.5 - https:\/\/yoast.com\/product\/yoast-seo-wordpress\/ -->\n<title>Atletlerimiz Konya\u2019da gururland\u0131rd\u0131 -<\/title>\n<meta name=\"robots\" content=\"index, follow, max-snippet:-1, max-image-preview:large, max-video-preview:-1\" \/>\n<link rel=\"canonical\" href=\"https:\/\/kibrisdakik.com\/?p=11719\" \/>\n<meta property=\"og:locale\" content=\"tr_TR\" \/>\n<meta property=\"og:type\" content=\"article\" \/>\n<meta property=\"og:title\" content=\"Atletlerimiz Konya\u2019da gururland\u0131rd\u0131 -\" \/>\n<meta property=\"og:description\" content=\"KKTC Atletizm Federasyonu U16 ve U18 Milli Tak\u0131m\u0131, Konya\u2019da d\u00fczenlenen Turkcell 16 ve 18 Ya\u015f Alt\u0131 T\u00fcrkiye \u015eampiyonas\u0131\u2019na kat\u0131larak ba\u015far\u0131l\u0131 yar\u0131\u015flar \u00e7\u0131kard\u0131. Asl\u0131han Kandil\u2019in U18 kategorisi 200 metre bran\u015f\u0131nda T\u00fcrkiye ikincisi olmas\u0131 ise b\u00fcy\u00fck mutluluk yaratt\u0131. Baz\u0131 sporcular\u0131m\u0131z ise finallerde yar\u0131\u015farak k\u00fcrs\u00fcy\u00fc k\u0131l pay\u0131 ka\u00e7\u0131rd\u0131, \u00f6nemli deneyim elde etti. Kafilede yer alan d\u00f6rt atletimizin Fenerbah\u00e7e\" \/>\n<meta property=\"og:url\" content=\"https:\/\/kibrisdakik.com\/?p=11719\" \/>\n<meta property=\"article:published_time\" content=\"2023-08-06T16:46:23+00:00\" \/>\n<meta property=\"og:image\" content=\"https:\/\/kibrisdakik.com\/wp-content\/uploads\/2023\/08\/ATLETIZM-740x420.jpg\" \/>\n\t<meta property=\"og:image:width\" content=\"1024\" \/>\n\t<meta property=\"og:image:height\" content=\"768\" \/>\n\t<meta property=\"og:image:type\" content=\"image\/jpeg\" \/>\n<meta name=\"author\" content=\"admin\" \/>\n<meta name=\"twitter:card\" content=\"summary_large_image\" \/>\n<meta name=\"twitter:label1\" content=\"Yazan:\" \/>\n\t<meta name=\"twitter:data1\" content=\"admin\" \/>\n\t<meta name=\"twitter:label2\" content=\"Tahmini okuma s\u00fcresi\" \/>\n\t<meta name=\"twitter:data2\" content=\"1 dakika\" \/>\n<script type=\"application\/ld+json\" class=\"yoast-schema-graph\">{\"@context\":\"https:\\\/\\\/schema.org\",\"@graph\":[{\"@type\":\"Article\",\"@id\":\"https:\\\/\\\/kibrisdakik.com\\\/?p=11719#article\",\"isPartOf\":{\"@id\":\"https:\\\/\\\/kibrisdakik.com\\\/?p=11719\"},\"author\":{\"name\":\"admin\",\"@id\":\"https:\\\/\\\/kibrisdakik.com\\\/#\\\/schema\\\/person\\\/9cd9d437bbb44f72b73ba127e06d8e79\"},\"headline\":\"Atletlerimiz Konya\u2019da gururland\u0131rd\u0131\",\"datePublished\":\"2023-08-06T16:46:23+00:00\",\"mainEntityOfPage\":{\"@id\":\"https:\\\/\\\/kibrisdakik.com\\\/?p=11719\"},\"wordCount\":220,\"commentCount\":0,\"image\":{\"@id\":\"https:\\\/\\\/kibrisdakik.com\\\/?p=11719#primaryimage\"},\"thumbnailUrl\":\"https:\\\/\\\/kibrisdakik.com\\\/wp-content\\\/uploads\\\/2023\\\/08\\\/ATLETIZM-740x420.jpg\",\"articleSection\":[\"Spor\"],\"inLanguage\":\"tr\",\"potentialAction\":[{\"@type\":\"CommentAction\",\"name\":\"Comment\",\"target\":[\"https:\\\/\\\/kibrisdakik.com\\\/?p=11719#respond\"]}]},{\"@type\":\"WebPage\",\"@id\":\"https:\\\/\\\/kibrisdakik.com\\\/?p=11719\",\"url\":\"https:\\\/\\\/kibrisdakik.com\\\/?p=11719\",\"name\":\"Atletlerimiz Konya\u2019da gururland\u0131rd\u0131 -\",\"isPartOf\":{\"@id\":\"https:\\\/\\\/kibrisdakik.com\\\/#website\"},\"primaryImageOfPage\":{\"@id\":\"https:\\\/\\\/kibrisdakik.com\\\/?p=11719#primaryimage\"},\"image\":{\"@id\":\"https:\\\/\\\/kibrisdakik.com\\\/?p=11719#primaryimage\"},\"thumbnailUrl\":\"https:\\\/\\\/kibrisdakik.com\\\/wp-content\\\/uploads\\\/2023\\\/08\\\/ATLETIZM-740x420.jpg\",\"datePublished\":\"2023-08-06T16:46:23+00:00\",\"author\":{\"@id\":\"https:\\\/\\\/kibrisdakik.com\\\/#\\\/schema\\\/person\\\/9cd9d437bbb44f72b73ba127e06d8e79\"},\"breadcrumb\":{\"@id\":\"https:\\\/\\\/kibrisdakik.com\\\/?p=11719#breadcrumb\"},\"inLanguage\":\"tr\",\"potentialAction\":[{\"@type\":\"ReadAction\",\"target\":[\"https:\\\/\\\/kibrisdakik.com\\\/?p=11719\"]}]},{\"@type\":\"ImageObject\",\"inLanguage\":\"tr\",\"@id\":\"https:\\\/\\\/kibrisdakik.com\\\/?p=11719#primaryimage\",\"url\":\"https:\\\/\\\/kibrisdakik.com\\\/wp-content\\\/uploads\\\/2023\\\/08\\\/ATLETIZM-740x420.jpg\",\"contentUrl\":\"https:\\\/\\\/kibrisdakik.com\\\/wp-content\\\/uploads\\\/2023\\\/08\\\/ATLETIZM-740x420.jpg\",\"width\":1024,\"height\":768},{\"@type\":\"BreadcrumbList\",\"@id\":\"https:\\\/\\\/kibrisdakik.com\\\/?p=11719#breadcrumb\",\"itemListElement\":[{\"@type\":\"ListItem\",\"position\":1,\"name\":\"Home\",\"item\":\"https:\\\/\\\/kibrisdakik.com\\\/\"},{\"@type\":\"ListItem\",\"position\":2,\"name\":\"Atletlerimiz Konya\u2019da gururland\u0131rd\u0131\"}]},{\"@type\":\"WebSite\",\"@id\":\"https:\\\/\\\/kibrisdakik.com\\\/#website\",\"url\":\"https:\\\/\\\/kibrisdakik.com\\\/\",\"name\":\"\",\"description\":\"Tam vaktinde haber\",\"potentialAction\":[{\"@type\":\"SearchAction\",\"target\":{\"@type\":\"EntryPoint\",\"urlTemplate\":\"https:\\\/\\\/kibrisdakik.com\\\/?s={search_term_string}\"},\"query-input\":{\"@type\":\"PropertyValueSpecification\",\"valueRequired\":true,\"valueName\":\"search_term_string\"}}],\"inLanguage\":\"tr\"},{\"@type\":\"Person\",\"@id\":\"https:\\\/\\\/kibrisdakik.com\\\/#\\\/schema\\\/person\\\/9cd9d437bbb44f72b73ba127e06d8e79\",\"name\":\"admin\",\"image\":{\"@type\":\"ImageObject\",\"inLanguage\":\"tr\",\"@id\":\"https:\\\/\\\/secure.gravatar.com\\\/avatar\\\/ccc17943b9d660506c869530f897617f7cb1c21a4bf30023f252596d83e1f007?s=96&d=mm&r=g\",\"url\":\"https:\\\/\\\/secure.gravatar.com\\\/avatar\\\/ccc17943b9d660506c869530f897617f7cb1c21a4bf30023f252596d83e1f007?s=96&d=mm&r=g\",\"contentUrl\":\"https:\\\/\\\/secure.gravatar.com\\\/avatar\\\/ccc17943b9d660506c869530f897617f7cb1c21a4bf30023f252596d83e1f007?s=96&d=mm&r=g\",\"caption\":\"admin\"},\"sameAs\":[\"https:\\\/\\\/kibrisdakik.com\"],\"url\":\"https:\\\/\\\/kibrisdakik.com\\\/?author=1\"}]}<\/script>\n<!-- \/ Yoast SEO plugin. -->","yoast_head_json":{"title":"Atletlerimiz Konya\u2019da gururland\u0131rd\u0131 -","robots":{"index":"index","follow":"follow","max-snippet":"max-snippet:-1","max-image-preview":"max-image-preview:large","max-video-preview":"max-video-preview:-1"},"canonical":"https:\/\/kibrisdakik.com\/?p=11719","og_locale":"tr_TR","og_type":"article","og_title":"Atletlerimiz Konya\u2019da gururland\u0131rd\u0131 -","og_description":"KKTC Atletizm Federasyonu U16 ve U18 Milli Tak\u0131m\u0131, Konya\u2019da d\u00fczenlenen Turkcell 16 ve 18 Ya\u015f Alt\u0131 T\u00fcrkiye \u015eampiyonas\u0131\u2019na kat\u0131larak ba\u015far\u0131l\u0131 yar\u0131\u015flar \u00e7\u0131kard\u0131. Asl\u0131han Kandil\u2019in U18 kategorisi 200 metre bran\u015f\u0131nda T\u00fcrkiye ikincisi olmas\u0131 ise b\u00fcy\u00fck mutluluk yaratt\u0131. Baz\u0131 sporcular\u0131m\u0131z ise finallerde yar\u0131\u015farak k\u00fcrs\u00fcy\u00fc k\u0131l pay\u0131 ka\u00e7\u0131rd\u0131, \u00f6nemli deneyim elde etti. Kafilede yer alan d\u00f6rt atletimizin Fenerbah\u00e7e","og_url":"https:\/\/kibrisdakik.com\/?p=11719","article_published_time":"2023-08-06T16:46:23+00:00","og_image":[{"width":1024,"height":768,"url":"https:\/\/kibrisdakik.com\/wp-content\/uploads\/2023\/08\/ATLETIZM-740x420.jpg","type":"image\/jpeg"}],"author":"admin","twitter_card":"summary_large_image","twitter_misc":{"Yazan:":"admin","Tahmini okuma s\u00fcresi":"1 dakika"},"schema":{"@context":"https:\/\/schema.org","@graph":[{"@type":"Article","@id":"https:\/\/kibrisdakik.com\/?p=11719#article","isPartOf":{"@id":"https:\/\/kibrisdakik.com\/?p=11719"},"author":{"name":"admin","@id":"https:\/\/kibrisdakik.com\/#\/schema\/person\/9cd9d437bbb44f72b73ba127e06d8e79"},"headline":"Atletlerimiz Konya\u2019da gururland\u0131rd\u0131","datePublished":"2023-08-06T16:46:23+00:00","mainEntityOfPage":{"@id":"https:\/\/kibrisdakik.com\/?p=11719"},"wordCount":220,"commentCount":0,"image":{"@id":"https:\/\/kibrisdakik.com\/?p=11719#primaryimage"},"thumbnailUrl":"https:\/\/kibrisdakik.com\/wp-content\/uploads\/2023\/08\/ATLETIZM-740x420.jpg","articleSection":["Spor"],"inLanguage":"tr","potentialAction":[{"@type":"CommentAction","name":"Comment","target":["https:\/\/kibrisdakik.com\/?p=11719#respond"]}]},{"@type":"WebPage","@id":"https:\/\/kibrisdakik.com\/?p=11719","url":"https:\/\/kibrisdakik.com\/?p=11719","name":"Atletlerimiz Konya\u2019da gururland\u0131rd\u0131 -","isPartOf":{"@id":"https:\/\/kibrisdakik.com\/#website"},"primaryImageOfPage":{"@id":"https:\/\/kibrisdakik.com\/?p=11719#primaryimage"},"image":{"@id":"https:\/\/kibrisdakik.com\/?p=11719#primaryimage"},"thumbnailUrl":"https:\/\/kibrisdakik.com\/wp-content\/uploads\/2023\/08\/ATLETIZM-740x420.jpg","datePublished":"2023-08-06T16:46:23+00:00","author":{"@id":"https:\/\/kibrisdakik.com\/#\/schema\/person\/9cd9d437bbb44f72b73ba127e06d8e79"},"breadcrumb":{"@id":"https:\/\/kibrisdakik.com\/?p=11719#breadcrumb"},"inLanguage":"tr","potentialAction":[{"@type":"ReadAction","target":["https:\/\/kibrisdakik.com\/?p=11719"]}]},{"@type":"ImageObject","inLanguage":"tr","@id":"https:\/\/kibrisdakik.com\/?p=11719#primaryimage","url":"https:\/\/kibrisdakik.com\/wp-content\/uploads\/2023\/08\/ATLETIZM-740x420.jpg","contentUrl":"https:\/\/kibrisdakik.com\/wp-content\/uploads\/2023\/08\/ATLETIZM-740x420.jpg","width":1024,"height":768},{"@type":"BreadcrumbList","@id":"https:\/\/kibrisdakik.com\/?p=11719#breadcrumb","itemListElement":[{"@type":"ListItem","position":1,"name":"Home","item":"https:\/\/kibrisdakik.com\/"},{"@type":"ListItem","position":2,"name":"Atletlerimiz Konya\u2019da gururland\u0131rd\u0131"}]},{"@type":"WebSite","@id":"https:\/\/kibrisdakik.com\/#website","url":"https:\/\/kibrisdakik.com\/","name":"","description":"Tam vaktinde haber","potentialAction":[{"@type":"SearchAction","target":{"@type":"EntryPoint","urlTemplate":"https:\/\/kibrisdakik.com\/?s={search_term_string}"},"query-input":{"@type":"PropertyValueSpecification","valueRequired":true,"valueName":"search_term_string"}}],"inLanguage":"tr"},{"@type":"Person","@id":"https:\/\/kibrisdakik.com\/#\/schema\/person\/9cd9d437bbb44f72b73ba127e06d8e79","name":"admin","image":{"@type":"ImageObject","inLanguage":"tr","@id":"https:\/\/secure.gravatar.com\/avatar\/ccc17943b9d660506c869530f897617f7cb1c21a4bf30023f252596d83e1f007?s=96&d=mm&r=g","url":"https:\/\/secure.gravatar.com\/avatar\/ccc17943b9d660506c869530f897617f7cb1c21a4bf30023f252596d83e1f007?s=96&d=mm&r=g","contentUrl":"https:\/\/secure.gravatar.com\/avatar\/ccc17943b9d660506c869530f897617f7cb1c21a4bf30023f252596d83e1f007?s=96&d=mm&r=g","caption":"admin"},"sameAs":["https:\/\/kibrisdakik.com"],"url":"https:\/\/kibrisdakik.com\/?author=1"}]}},"_links":{"self":[{"href":"https:\/\/kibrisdakik.com\/index.php?rest_route=\/wp\/v2\/posts\/11719","targetHints":{"allow":["GET"]}}],"collection":[{"href":"https:\/\/kibrisdakik.com\/index.php?rest_route=\/wp\/v2\/posts"}],"about":[{"href":"https:\/\/kibrisdakik.com\/index.php?rest_route=\/wp\/v2\/types\/post"}],"author":[{"embeddable":true,"href":"https:\/\/kibrisdakik.com\/index.php?rest_route=\/wp\/v2\/users\/1"}],"replies":[{"embeddable":true,"href":"https:\/\/kibrisdakik.com\/index.php?rest_route=%2Fwp%2Fv2%2Fcomments&post=11719"}],"version-history":[{"count":0,"href":"https:\/\/kibrisdakik.com\/index.php?rest_route=\/wp\/v2\/posts\/11719\/revisions"}],"wp:featuredmedia":[{"embeddable":true,"href":"https:\/\/kibrisdakik.com\/index.php?rest_route=\/wp\/v2\/media\/11720"}],"wp:attachment":[{"href":"https:\/\/kibrisdakik.com\/index.php?rest_route=%2Fwp%2Fv2%2Fmedia&parent=11719"}],"wp:term":[{"taxonomy":"category","embeddable":true,"href":"https:\/\/kibrisdakik.com\/index.php?rest_route=%2Fwp%2Fv2%2Fcategories&post=11719"},{"taxonomy":"post_tag","embeddable":true,"href":"https:\/\/kibrisdakik.com\/index.php?rest_route=%2Fwp%2Fv2%2Ftags&post=11719"}],"curies":[{"name":"wp","href":"https:\/\/api.w.org\/{rel}","templated":true}]}}