{"id":11733,"date":"2023-08-07T07:59:33","date_gmt":"2023-08-07T07:59:33","guid":{"rendered":"https:\/\/kibrisdakik.com\/index.php\/2023\/08\/07\/cumhurbaskani-tatarpakistanda-yasanan-tren-kazasi-nedeniyle-taziye-mesaji-yayimladi\/"},"modified":"2023-08-07T07:59:33","modified_gmt":"2023-08-07T07:59:33","slug":"cumhurbaskani-tatarpakistanda-yasanan-tren-kazasi-nedeniyle-taziye-mesaji-yayimladi","status":"publish","type":"post","link":"https:\/\/kibrisdakik.com\/?p=11733","title":{"rendered":"Cumhurba\u015fkan\u0131 Tatar:Pakistan\u2019da ya\u015fanan tren kazas\u0131 nedeniyle taziye mesaj\u0131 yay\u0131mlad\u0131"},"content":{"rendered":"<p><\/p>\n<div>\n<div class=\"mariselle-image-container center\">\n                <img width=\"1536\" height=\"900\" class=\"lazy-image\" alt=\"\" decoding=\"async\" loading=\"lazy\" sizes=\"auto, (max-width: 1536px) 100vw, 1536px\" src=\"https:\/\/brtk.net\/wp-content\/uploads\/2023\/01\/16\/ersin-tatar-YAZI-YAZARKEN-1536x900-1.jpeg?ver=907acafea3c6ebb02be600659a5d47e9\" srcset=\"https:\/\/brtk.net\/wp-content\/uploads\/2023\/01\/16\/ersin-tatar-YAZI-YAZARKEN-1536x900-1.jpeg?ver=907acafea3c6ebb02be600659a5d47e9 1536w, https:\/\/brtk.net\/wp-content\/uploads\/2023\/01\/16\/ersin-tatar-YAZI-YAZARKEN-1536x900-1-300x176.jpeg?ver=8f053bddbb1bd5912db5cf013d270459 300w, https:\/\/brtk.net\/wp-content\/uploads\/2023\/01\/16\/ersin-tatar-YAZI-YAZARKEN-1536x900-1-1024x600.jpeg?ver=2b5a2d732ed5a1cb86932c4613f2620a 1024w, https:\/\/brtk.net\/wp-content\/uploads\/2023\/01\/16\/ersin-tatar-YAZI-YAZARKEN-1536x900-1-768x450.jpeg?ver=2b5a2d732ed5a1cb86932c4613f2620a 768w, https:\/\/brtk.net\/wp-content\/uploads\/2023\/01\/16\/ersin-tatar-YAZI-YAZARKEN-1536x900-1-379x222.jpeg?ver=88b0be597889fff4aa756b6da4a73bcd 379w\"\/>                            <\/div>\n<p>Cumhurba\u015fkan\u0131 <a href=\"https:\/\/brtk.net\/\" target=\"_blank\" rel=\"noopener\">Ersin <\/a><a href=\"https:\/\/brtk.net\/\">Tatar<\/a>, Pakistan\u2019da ya\u015fanan tren kazas\u0131 nedeniyle taziye mesaj\u0131 yay\u0131mlayarak, \u201cTemennim can kayb\u0131n\u0131n daha fazla artmamas\u0131, yaralananlar\u0131n en k\u0131sa zamanda sa\u011fl\u0131klar\u0131na kavu\u015fmas\u0131d\u0131r\u201d dedi.<\/p>\n<p>Kazada ya\u015fam\u0131n\u0131 yitirenlere rahmet, yaralananlara acil \u015fifalar dileyen <a href=\"https:\/\/brtk.net\/\">Tatar<\/a>\u2019\u0131n mesaj\u0131 \u015f\u00f6yle:<\/p>\n<p>\u201c\u0130slam \u0130\u015fbirli\u011fi Te\u015fkilat\u0131\u2019nda birlikte yer ald\u0131\u011f\u0131m\u0131z dost ve karde\u015f \u00fclke Pakistan\u2019\u0131n Navab\u015fah kenti yak\u0131nlar\u0131nda bir yolcu treninin raydan \u00e7\u0131kmas\u0131 sonucu en az 30 ki\u015fi ya\u015fam\u0131n\u0131 yitirdi\u011fini, 90\u2019dan fazla ki\u015finin yaraland\u0131\u011f\u0131n\u0131 b\u00fcy\u00fck bir \u00fcz\u00fcnt\u00fcyle \u00f6\u011frenmi\u015f bulunuyorum.<\/p>\n<p>Temennim can kayb\u0131n\u0131n daha fazla artmamas\u0131, yaralananlar\u0131n en k\u0131sa zamanda sa\u011fl\u0131klar\u0131na kavu\u015fmas\u0131d\u0131r.<\/p>\n<p>Ya\u015fanan kazada ya\u015fam\u0131n\u0131 yitiren karde\u015flerimize \u015fahs\u0131m ve halk\u0131m ad\u0131na rahmet  dileklerimi iletiyor, yaralananlara acil \u015fifalar diliyorum.\u201d<\/p>\n<\/p><\/div>\n<p><script async\n                    defer\n                    crossorigin=\"anonymous\"\n                    src=\"https:\/\/connect.facebook.net\/tr_TR\/sdk.js#xfbml=1&#038;version=v3.3\"\n            ><\/script><\/p>\n","protected":false},"excerpt":{"rendered":"<p>Cumhurba\u015fkan\u0131 Ersin Tatar, Pakistan\u2019da ya\u015fanan tren kazas\u0131 nedeniyle taziye mesaj\u0131 yay\u0131mlayarak, \u201cTemennim can kayb\u0131n\u0131n daha fazla artmamas\u0131, yaralananlar\u0131n en k\u0131sa zamanda sa\u011fl\u0131klar\u0131na kavu\u015fmas\u0131d\u0131r\u201d dedi. Kazada ya\u015fam\u0131n\u0131 yitirenlere rahmet, yaralananlara acil \u015fifalar dileyen Tatar\u2019\u0131n mesaj\u0131 \u015f\u00f6yle: \u201c\u0130slam \u0130\u015fbirli\u011fi Te\u015fkilat\u0131\u2019nda birlikte yer ald\u0131\u011f\u0131m\u0131z dost ve karde\u015f \u00fclke Pakistan\u2019\u0131n Navab\u015fah kenti yak\u0131nlar\u0131nda bir yolcu treninin raydan \u00e7\u0131kmas\u0131 sonucu<\/p>\n","protected":false},"author":1,"featured_media":2767,"comment_status":"open","ping_status":"open","sticky":false,"template":"","format":"standard","meta":{"footnotes":""},"categories":[1],"tags":[],"class_list":["post-11733","post","type-post","status-publish","format-standard","has-post-thumbnail","hentry","category-gundem"],"yoast_head":"<!-- This site is optimized with the Yoast SEO plugin v27.5 - https:\/\/yoast.com\/product\/yoast-seo-wordpress\/ -->\n<title>Cumhurba\u015fkan\u0131 Tatar:Pakistan\u2019da ya\u015fanan tren kazas\u0131 nedeniyle taziye mesaj\u0131 yay\u0131mlad\u0131 -<\/title>\n<meta name=\"robots\" content=\"index, follow, max-snippet:-1, max-image-preview:large, max-video-preview:-1\" \/>\n<link rel=\"canonical\" href=\"https:\/\/kibrisdakik.com\/?p=11733\" \/>\n<meta property=\"og:locale\" content=\"tr_TR\" \/>\n<meta property=\"og:type\" content=\"article\" \/>\n<meta property=\"og:title\" content=\"Cumhurba\u015fkan\u0131 Tatar:Pakistan\u2019da ya\u015fanan tren kazas\u0131 nedeniyle taziye mesaj\u0131 yay\u0131mlad\u0131 -\" \/>\n<meta property=\"og:description\" content=\"Cumhurba\u015fkan\u0131 Ersin Tatar, Pakistan\u2019da ya\u015fanan tren kazas\u0131 nedeniyle taziye mesaj\u0131 yay\u0131mlayarak, \u201cTemennim can kayb\u0131n\u0131n daha fazla artmamas\u0131, yaralananlar\u0131n en k\u0131sa zamanda sa\u011fl\u0131klar\u0131na kavu\u015fmas\u0131d\u0131r\u201d dedi. Kazada ya\u015fam\u0131n\u0131 yitirenlere rahmet, yaralananlara acil \u015fifalar dileyen Tatar\u2019\u0131n mesaj\u0131 \u015f\u00f6yle: \u201c\u0130slam \u0130\u015fbirli\u011fi Te\u015fkilat\u0131\u2019nda birlikte yer ald\u0131\u011f\u0131m\u0131z dost ve karde\u015f \u00fclke Pakistan\u2019\u0131n Navab\u015fah kenti yak\u0131nlar\u0131nda bir yolcu treninin raydan \u00e7\u0131kmas\u0131 sonucu\" \/>\n<meta property=\"og:url\" content=\"https:\/\/kibrisdakik.com\/?p=11733\" \/>\n<meta property=\"article:published_time\" content=\"2023-08-07T07:59:33+00:00\" \/>\n<meta property=\"og:image\" content=\"https:\/\/kibrisdakik.com\/wp-content\/uploads\/2023\/03\/ersin-tatar-YAZI-YAZARKEN-1536x900-1-740x420.jpeg\" \/>\n\t<meta property=\"og:image:width\" content=\"1536\" \/>\n\t<meta property=\"og:image:height\" content=\"900\" \/>\n\t<meta property=\"og:image:type\" content=\"image\/jpeg\" \/>\n<meta name=\"author\" content=\"admin\" \/>\n<meta name=\"twitter:card\" content=\"summary_large_image\" \/>\n<meta name=\"twitter:label1\" content=\"Yazan:\" \/>\n\t<meta name=\"twitter:data1\" content=\"admin\" \/>\n\t<meta name=\"twitter:label2\" content=\"Tahmini okuma s\u00fcresi\" \/>\n\t<meta name=\"twitter:data2\" content=\"1 dakika\" \/>\n<script type=\"application\/ld+json\" class=\"yoast-schema-graph\">{\"@context\":\"https:\\\/\\\/schema.org\",\"@graph\":[{\"@type\":\"Article\",\"@id\":\"https:\\\/\\\/kibrisdakik.com\\\/?p=11733#article\",\"isPartOf\":{\"@id\":\"https:\\\/\\\/kibrisdakik.com\\\/?p=11733\"},\"author\":{\"name\":\"admin\",\"@id\":\"https:\\\/\\\/kibrisdakik.com\\\/#\\\/schema\\\/person\\\/9cd9d437bbb44f72b73ba127e06d8e79\"},\"headline\":\"Cumhurba\u015fkan\u0131 Tatar:Pakistan\u2019da ya\u015fanan tren kazas\u0131 nedeniyle taziye mesaj\u0131 yay\u0131mlad\u0131\",\"datePublished\":\"2023-08-07T07:59:33+00:00\",\"mainEntityOfPage\":{\"@id\":\"https:\\\/\\\/kibrisdakik.com\\\/?p=11733\"},\"wordCount\":164,\"commentCount\":0,\"image\":{\"@id\":\"https:\\\/\\\/kibrisdakik.com\\\/?p=11733#primaryimage\"},\"thumbnailUrl\":\"https:\\\/\\\/kibrisdakik.com\\\/wp-content\\\/uploads\\\/2023\\\/03\\\/ersin-tatar-YAZI-YAZARKEN-1536x900-1-740x420.jpeg\",\"articleSection\":[\"G\u00fcndem\"],\"inLanguage\":\"tr\",\"potentialAction\":[{\"@type\":\"CommentAction\",\"name\":\"Comment\",\"target\":[\"https:\\\/\\\/kibrisdakik.com\\\/?p=11733#respond\"]}]},{\"@type\":\"WebPage\",\"@id\":\"https:\\\/\\\/kibrisdakik.com\\\/?p=11733\",\"url\":\"https:\\\/\\\/kibrisdakik.com\\\/?p=11733\",\"name\":\"Cumhurba\u015fkan\u0131 Tatar:Pakistan\u2019da ya\u015fanan tren kazas\u0131 nedeniyle taziye mesaj\u0131 yay\u0131mlad\u0131 -\",\"isPartOf\":{\"@id\":\"https:\\\/\\\/kibrisdakik.com\\\/#website\"},\"primaryImageOfPage\":{\"@id\":\"https:\\\/\\\/kibrisdakik.com\\\/?p=11733#primaryimage\"},\"image\":{\"@id\":\"https:\\\/\\\/kibrisdakik.com\\\/?p=11733#primaryimage\"},\"thumbnailUrl\":\"https:\\\/\\\/kibrisdakik.com\\\/wp-content\\\/uploads\\\/2023\\\/03\\\/ersin-tatar-YAZI-YAZARKEN-1536x900-1-740x420.jpeg\",\"datePublished\":\"2023-08-07T07:59:33+00:00\",\"author\":{\"@id\":\"https:\\\/\\\/kibrisdakik.com\\\/#\\\/schema\\\/person\\\/9cd9d437bbb44f72b73ba127e06d8e79\"},\"breadcrumb\":{\"@id\":\"https:\\\/\\\/kibrisdakik.com\\\/?p=11733#breadcrumb\"},\"inLanguage\":\"tr\",\"potentialAction\":[{\"@type\":\"ReadAction\",\"target\":[\"https:\\\/\\\/kibrisdakik.com\\\/?p=11733\"]}]},{\"@type\":\"ImageObject\",\"inLanguage\":\"tr\",\"@id\":\"https:\\\/\\\/kibrisdakik.com\\\/?p=11733#primaryimage\",\"url\":\"https:\\\/\\\/kibrisdakik.com\\\/wp-content\\\/uploads\\\/2023\\\/03\\\/ersin-tatar-YAZI-YAZARKEN-1536x900-1-740x420.jpeg\",\"contentUrl\":\"https:\\\/\\\/kibrisdakik.com\\\/wp-content\\\/uploads\\\/2023\\\/03\\\/ersin-tatar-YAZI-YAZARKEN-1536x900-1-740x420.jpeg\",\"width\":1536,\"height\":900},{\"@type\":\"BreadcrumbList\",\"@id\":\"https:\\\/\\\/kibrisdakik.com\\\/?p=11733#breadcrumb\",\"itemListElement\":[{\"@type\":\"ListItem\",\"position\":1,\"name\":\"Home\",\"item\":\"https:\\\/\\\/kibrisdakik.com\\\/\"},{\"@type\":\"ListItem\",\"position\":2,\"name\":\"Cumhurba\u015fkan\u0131 Tatar:Pakistan\u2019da ya\u015fanan tren kazas\u0131 nedeniyle taziye mesaj\u0131 yay\u0131mlad\u0131\"}]},{\"@type\":\"WebSite\",\"@id\":\"https:\\\/\\\/kibrisdakik.com\\\/#website\",\"url\":\"https:\\\/\\\/kibrisdakik.com\\\/\",\"name\":\"\",\"description\":\"Tam vaktinde haber\",\"potentialAction\":[{\"@type\":\"SearchAction\",\"target\":{\"@type\":\"EntryPoint\",\"urlTemplate\":\"https:\\\/\\\/kibrisdakik.com\\\/?s={search_term_string}\"},\"query-input\":{\"@type\":\"PropertyValueSpecification\",\"valueRequired\":true,\"valueName\":\"search_term_string\"}}],\"inLanguage\":\"tr\"},{\"@type\":\"Person\",\"@id\":\"https:\\\/\\\/kibrisdakik.com\\\/#\\\/schema\\\/person\\\/9cd9d437bbb44f72b73ba127e06d8e79\",\"name\":\"admin\",\"image\":{\"@type\":\"ImageObject\",\"inLanguage\":\"tr\",\"@id\":\"https:\\\/\\\/secure.gravatar.com\\\/avatar\\\/ccc17943b9d660506c869530f897617f7cb1c21a4bf30023f252596d83e1f007?s=96&d=mm&r=g\",\"url\":\"https:\\\/\\\/secure.gravatar.com\\\/avatar\\\/ccc17943b9d660506c869530f897617f7cb1c21a4bf30023f252596d83e1f007?s=96&d=mm&r=g\",\"contentUrl\":\"https:\\\/\\\/secure.gravatar.com\\\/avatar\\\/ccc17943b9d660506c869530f897617f7cb1c21a4bf30023f252596d83e1f007?s=96&d=mm&r=g\",\"caption\":\"admin\"},\"sameAs\":[\"https:\\\/\\\/kibrisdakik.com\"],\"url\":\"https:\\\/\\\/kibrisdakik.com\\\/?author=1\"}]}<\/script>\n<!-- \/ Yoast SEO plugin. -->","yoast_head_json":{"title":"Cumhurba\u015fkan\u0131 Tatar:Pakistan\u2019da ya\u015fanan tren kazas\u0131 nedeniyle taziye mesaj\u0131 yay\u0131mlad\u0131 -","robots":{"index":"index","follow":"follow","max-snippet":"max-snippet:-1","max-image-preview":"max-image-preview:large","max-video-preview":"max-video-preview:-1"},"canonical":"https:\/\/kibrisdakik.com\/?p=11733","og_locale":"tr_TR","og_type":"article","og_title":"Cumhurba\u015fkan\u0131 Tatar:Pakistan\u2019da ya\u015fanan tren kazas\u0131 nedeniyle taziye mesaj\u0131 yay\u0131mlad\u0131 -","og_description":"Cumhurba\u015fkan\u0131 Ersin Tatar, Pakistan\u2019da ya\u015fanan tren kazas\u0131 nedeniyle taziye mesaj\u0131 yay\u0131mlayarak, \u201cTemennim can kayb\u0131n\u0131n daha fazla artmamas\u0131, yaralananlar\u0131n en k\u0131sa zamanda sa\u011fl\u0131klar\u0131na kavu\u015fmas\u0131d\u0131r\u201d dedi. Kazada ya\u015fam\u0131n\u0131 yitirenlere rahmet, yaralananlara acil \u015fifalar dileyen Tatar\u2019\u0131n mesaj\u0131 \u015f\u00f6yle: \u201c\u0130slam \u0130\u015fbirli\u011fi Te\u015fkilat\u0131\u2019nda birlikte yer ald\u0131\u011f\u0131m\u0131z dost ve karde\u015f \u00fclke Pakistan\u2019\u0131n Navab\u015fah kenti yak\u0131nlar\u0131nda bir yolcu treninin raydan \u00e7\u0131kmas\u0131 sonucu","og_url":"https:\/\/kibrisdakik.com\/?p=11733","article_published_time":"2023-08-07T07:59:33+00:00","og_image":[{"width":1536,"height":900,"url":"https:\/\/kibrisdakik.com\/wp-content\/uploads\/2023\/03\/ersin-tatar-YAZI-YAZARKEN-1536x900-1-740x420.jpeg","type":"image\/jpeg"}],"author":"admin","twitter_card":"summary_large_image","twitter_misc":{"Yazan:":"admin","Tahmini okuma s\u00fcresi":"1 dakika"},"schema":{"@context":"https:\/\/schema.org","@graph":[{"@type":"Article","@id":"https:\/\/kibrisdakik.com\/?p=11733#article","isPartOf":{"@id":"https:\/\/kibrisdakik.com\/?p=11733"},"author":{"name":"admin","@id":"https:\/\/kibrisdakik.com\/#\/schema\/person\/9cd9d437bbb44f72b73ba127e06d8e79"},"headline":"Cumhurba\u015fkan\u0131 Tatar:Pakistan\u2019da ya\u015fanan tren kazas\u0131 nedeniyle taziye mesaj\u0131 yay\u0131mlad\u0131","datePublished":"2023-08-07T07:59:33+00:00","mainEntityOfPage":{"@id":"https:\/\/kibrisdakik.com\/?p=11733"},"wordCount":164,"commentCount":0,"image":{"@id":"https:\/\/kibrisdakik.com\/?p=11733#primaryimage"},"thumbnailUrl":"https:\/\/kibrisdakik.com\/wp-content\/uploads\/2023\/03\/ersin-tatar-YAZI-YAZARKEN-1536x900-1-740x420.jpeg","articleSection":["G\u00fcndem"],"inLanguage":"tr","potentialAction":[{"@type":"CommentAction","name":"Comment","target":["https:\/\/kibrisdakik.com\/?p=11733#respond"]}]},{"@type":"WebPage","@id":"https:\/\/kibrisdakik.com\/?p=11733","url":"https:\/\/kibrisdakik.com\/?p=11733","name":"Cumhurba\u015fkan\u0131 Tatar:Pakistan\u2019da ya\u015fanan tren kazas\u0131 nedeniyle taziye mesaj\u0131 yay\u0131mlad\u0131 -","isPartOf":{"@id":"https:\/\/kibrisdakik.com\/#website"},"primaryImageOfPage":{"@id":"https:\/\/kibrisdakik.com\/?p=11733#primaryimage"},"image":{"@id":"https:\/\/kibrisdakik.com\/?p=11733#primaryimage"},"thumbnailUrl":"https:\/\/kibrisdakik.com\/wp-content\/uploads\/2023\/03\/ersin-tatar-YAZI-YAZARKEN-1536x900-1-740x420.jpeg","datePublished":"2023-08-07T07:59:33+00:00","author":{"@id":"https:\/\/kibrisdakik.com\/#\/schema\/person\/9cd9d437bbb44f72b73ba127e06d8e79"},"breadcrumb":{"@id":"https:\/\/kibrisdakik.com\/?p=11733#breadcrumb"},"inLanguage":"tr","potentialAction":[{"@type":"ReadAction","target":["https:\/\/kibrisdakik.com\/?p=11733"]}]},{"@type":"ImageObject","inLanguage":"tr","@id":"https:\/\/kibrisdakik.com\/?p=11733#primaryimage","url":"https:\/\/kibrisdakik.com\/wp-content\/uploads\/2023\/03\/ersin-tatar-YAZI-YAZARKEN-1536x900-1-740x420.jpeg","contentUrl":"https:\/\/kibrisdakik.com\/wp-content\/uploads\/2023\/03\/ersin-tatar-YAZI-YAZARKEN-1536x900-1-740x420.jpeg","width":1536,"height":900},{"@type":"BreadcrumbList","@id":"https:\/\/kibrisdakik.com\/?p=11733#breadcrumb","itemListElement":[{"@type":"ListItem","position":1,"name":"Home","item":"https:\/\/kibrisdakik.com\/"},{"@type":"ListItem","position":2,"name":"Cumhurba\u015fkan\u0131 Tatar:Pakistan\u2019da ya\u015fanan tren kazas\u0131 nedeniyle taziye mesaj\u0131 yay\u0131mlad\u0131"}]},{"@type":"WebSite","@id":"https:\/\/kibrisdakik.com\/#website","url":"https:\/\/kibrisdakik.com\/","name":"","description":"Tam vaktinde haber","potentialAction":[{"@type":"SearchAction","target":{"@type":"EntryPoint","urlTemplate":"https:\/\/kibrisdakik.com\/?s={search_term_string}"},"query-input":{"@type":"PropertyValueSpecification","valueRequired":true,"valueName":"search_term_string"}}],"inLanguage":"tr"},{"@type":"Person","@id":"https:\/\/kibrisdakik.com\/#\/schema\/person\/9cd9d437bbb44f72b73ba127e06d8e79","name":"admin","image":{"@type":"ImageObject","inLanguage":"tr","@id":"https:\/\/secure.gravatar.com\/avatar\/ccc17943b9d660506c869530f897617f7cb1c21a4bf30023f252596d83e1f007?s=96&d=mm&r=g","url":"https:\/\/secure.gravatar.com\/avatar\/ccc17943b9d660506c869530f897617f7cb1c21a4bf30023f252596d83e1f007?s=96&d=mm&r=g","contentUrl":"https:\/\/secure.gravatar.com\/avatar\/ccc17943b9d660506c869530f897617f7cb1c21a4bf30023f252596d83e1f007?s=96&d=mm&r=g","caption":"admin"},"sameAs":["https:\/\/kibrisdakik.com"],"url":"https:\/\/kibrisdakik.com\/?author=1"}]}},"_links":{"self":[{"href":"https:\/\/kibrisdakik.com\/index.php?rest_route=\/wp\/v2\/posts\/11733","targetHints":{"allow":["GET"]}}],"collection":[{"href":"https:\/\/kibrisdakik.com\/index.php?rest_route=\/wp\/v2\/posts"}],"about":[{"href":"https:\/\/kibrisdakik.com\/index.php?rest_route=\/wp\/v2\/types\/post"}],"author":[{"embeddable":true,"href":"https:\/\/kibrisdakik.com\/index.php?rest_route=\/wp\/v2\/users\/1"}],"replies":[{"embeddable":true,"href":"https:\/\/kibrisdakik.com\/index.php?rest_route=%2Fwp%2Fv2%2Fcomments&post=11733"}],"version-history":[{"count":0,"href":"https:\/\/kibrisdakik.com\/index.php?rest_route=\/wp\/v2\/posts\/11733\/revisions"}],"wp:featuredmedia":[{"embeddable":true,"href":"https:\/\/kibrisdakik.com\/index.php?rest_route=\/wp\/v2\/media\/2767"}],"wp:attachment":[{"href":"https:\/\/kibrisdakik.com\/index.php?rest_route=%2Fwp%2Fv2%2Fmedia&parent=11733"}],"wp:term":[{"taxonomy":"category","embeddable":true,"href":"https:\/\/kibrisdakik.com\/index.php?rest_route=%2Fwp%2Fv2%2Fcategories&post=11733"},{"taxonomy":"post_tag","embeddable":true,"href":"https:\/\/kibrisdakik.com\/index.php?rest_route=%2Fwp%2Fv2%2Ftags&post=11733"}],"curies":[{"name":"wp","href":"https:\/\/api.w.org\/{rel}","templated":true}]}}