{"id":11755,"date":"2023-08-07T13:04:52","date_gmt":"2023-08-07T13:04:52","guid":{"rendered":"https:\/\/kibrisdakik.com\/index.php\/2023\/08\/07\/umkden-gonyeli-alaykoy-belediyesi-calisanlarina-madde-bagimliligi-konusunda-egitim\/"},"modified":"2023-08-07T13:04:52","modified_gmt":"2023-08-07T13:04:52","slug":"umkden-gonyeli-alaykoy-belediyesi-calisanlarina-madde-bagimliligi-konusunda-egitim","status":"publish","type":"post","link":"https:\/\/kibrisdakik.com\/?p=11755","title":{"rendered":"UMK\u2019den G\u00f6nyeli-Alayk\u00f6y Belediyesi \u00e7al\u0131\u015fanlar\u0131na madde ba\u011f\u0131ml\u0131l\u0131\u011f\u0131 konusunda e\u011fitim"},"content":{"rendered":"<p><\/p>\n<div>\n<div class=\"mariselle-image-container center\">\n                <img width=\"1200\" height=\"1600\" class=\"lazy-image\" alt=\"\" decoding=\"async\" loading=\"lazy\" sizes=\"auto, (max-width: 1200px) 100vw, 1200px\" src=\"https:\/\/brtk.net\/wp-content\/uploads\/2023\/08\/07\/uyusturucuyla-mucadele-alaykoygonyeli-belediyesi-seminer.jpg?ver=632aeeb91cfb90649c30deccc3e419be\" srcset=\"https:\/\/brtk.net\/wp-content\/uploads\/2023\/08\/07\/uyusturucuyla-mucadele-alaykoygonyeli-belediyesi-seminer.jpg?ver=632aeeb91cfb90649c30deccc3e419be 1200w, https:\/\/brtk.net\/wp-content\/uploads\/2023\/08\/07\/uyusturucuyla-mucadele-alaykoygonyeli-belediyesi-seminer-225x300.jpg?ver=632aeeb91cfb90649c30deccc3e419be 225w, https:\/\/brtk.net\/wp-content\/uploads\/2023\/08\/07\/uyusturucuyla-mucadele-alaykoygonyeli-belediyesi-seminer-768x1024.jpg?ver=f8c97805f693fdfd506503a6192c2322 768w, https:\/\/brtk.net\/wp-content\/uploads\/2023\/08\/07\/uyusturucuyla-mucadele-alaykoygonyeli-belediyesi-seminer-1152x1536.jpg?ver=a729ebdb5ad5fc4b73693e6064a74406 1152w\"\/>                            <\/div>\n<p>Ba\u015fbakanl\u0131k Uyu\u015fturucuyla M\u00fccadele Komisyonu (UMK), G\u00f6nyeli-Alayk\u00f6y Belediyesi ile yapt\u0131\u011f\u0131 i\u015fbirli\u011fi protokol\u00fc kapsam\u0131nda belediye \u00e7al\u0131\u015fanlar\u0131na madde ba\u011f\u0131ml\u0131l\u0131\u011f\u0131 konusunda e\u011fitim verdi.<\/p>\n<p>Komisyondan yap\u0131lan a\u00e7\u0131klamaya g\u00f6re personelin yan\u0131 s\u0131ra komisyon ve belediye stajyerlerinin de haz\u0131r bulundu\u011fu seminerde, kat\u0131l\u0131mc\u0131lar madde ve ba\u011f\u0131ml\u0131l\u0131klarla ilgili detayl\u0131 bilgi sahibi olma f\u0131rsat\u0131 yakalad\u0131.<\/p>\n<p>Ba\u015fbakanl\u0131k Uyu\u015fturucuyla M\u00fccadele Komisyonu Ba\u015fkan\u0131 Teyfide Tecel Hatipo\u011flu ba\u015fkanl\u0131\u011f\u0131nda sunulan fark\u0131ndal\u0131k seminerinde, her t\u00fcrl\u00fc zararl\u0131 madde ba\u011f\u0131ml\u0131l\u0131klar\u0131 ve zararlar\u0131 konusunda kat\u0131l\u0131mc\u0131lara kapsaml\u0131 bir sunum yap\u0131ld\u0131.<\/p>\n<p>Bir sonraki hedeflerinin G\u00f6nyeli-Alayk\u00f6y Belediyesi b\u00fcnyesinde ba\u011f\u0131ml\u0131l\u0131kla m\u00fccadele birimi olu\u015fturulmas\u0131yla ilgili \u00e7al\u0131\u015fmalar\u0131n ba\u015flat\u0131lmas\u0131 oldu\u011funu belirten Hatipo\u011flu, g\u00f6sterdikleri duyarl\u0131l\u0131ktan dolay\u0131 G\u00f6nyeli-Alayk\u00f6y Belediye Ba\u015fkan\u0131 H\u00fcseyin Amcao\u011flu ve personeline te\u015fekk\u00fcrlerini iletti.<\/p>\n<\/p><\/div>\n<p><script async\n                    defer\n                    crossorigin=\"anonymous\"\n                    src=\"https:\/\/connect.facebook.net\/tr_TR\/sdk.js#xfbml=1&#038;version=v3.3\"\n            ><\/script><\/p>\n","protected":false},"excerpt":{"rendered":"<p>Ba\u015fbakanl\u0131k Uyu\u015fturucuyla M\u00fccadele Komisyonu (UMK), G\u00f6nyeli-Alayk\u00f6y Belediyesi ile yapt\u0131\u011f\u0131 i\u015fbirli\u011fi protokol\u00fc kapsam\u0131nda belediye \u00e7al\u0131\u015fanlar\u0131na madde ba\u011f\u0131ml\u0131l\u0131\u011f\u0131 konusunda e\u011fitim verdi. Komisyondan yap\u0131lan a\u00e7\u0131klamaya g\u00f6re personelin yan\u0131 s\u0131ra komisyon ve belediye stajyerlerinin de haz\u0131r bulundu\u011fu seminerde, kat\u0131l\u0131mc\u0131lar madde ve ba\u011f\u0131ml\u0131l\u0131klarla ilgili detayl\u0131 bilgi sahibi olma f\u0131rsat\u0131 yakalad\u0131. Ba\u015fbakanl\u0131k Uyu\u015fturucuyla M\u00fccadele Komisyonu Ba\u015fkan\u0131 Teyfide Tecel Hatipo\u011flu ba\u015fkanl\u0131\u011f\u0131nda sunulan<\/p>\n","protected":false},"author":1,"featured_media":11756,"comment_status":"open","ping_status":"open","sticky":false,"template":"","format":"standard","meta":{"footnotes":""},"categories":[1],"tags":[],"class_list":["post-11755","post","type-post","status-publish","format-standard","has-post-thumbnail","hentry","category-gundem"],"yoast_head":"<!-- This site is optimized with the Yoast SEO plugin v27.5 - https:\/\/yoast.com\/product\/yoast-seo-wordpress\/ -->\n<title>UMK\u2019den G\u00f6nyeli-Alayk\u00f6y Belediyesi \u00e7al\u0131\u015fanlar\u0131na madde ba\u011f\u0131ml\u0131l\u0131\u011f\u0131 konusunda e\u011fitim -<\/title>\n<meta name=\"robots\" content=\"index, follow, max-snippet:-1, max-image-preview:large, max-video-preview:-1\" \/>\n<link rel=\"canonical\" href=\"https:\/\/kibrisdakik.com\/?p=11755\" \/>\n<meta property=\"og:locale\" content=\"tr_TR\" \/>\n<meta property=\"og:type\" content=\"article\" \/>\n<meta property=\"og:title\" content=\"UMK\u2019den G\u00f6nyeli-Alayk\u00f6y Belediyesi \u00e7al\u0131\u015fanlar\u0131na madde ba\u011f\u0131ml\u0131l\u0131\u011f\u0131 konusunda e\u011fitim -\" \/>\n<meta property=\"og:description\" content=\"Ba\u015fbakanl\u0131k Uyu\u015fturucuyla M\u00fccadele Komisyonu (UMK), G\u00f6nyeli-Alayk\u00f6y Belediyesi ile yapt\u0131\u011f\u0131 i\u015fbirli\u011fi protokol\u00fc kapsam\u0131nda belediye \u00e7al\u0131\u015fanlar\u0131na madde ba\u011f\u0131ml\u0131l\u0131\u011f\u0131 konusunda e\u011fitim verdi. Komisyondan yap\u0131lan a\u00e7\u0131klamaya g\u00f6re personelin yan\u0131 s\u0131ra komisyon ve belediye stajyerlerinin de haz\u0131r bulundu\u011fu seminerde, kat\u0131l\u0131mc\u0131lar madde ve ba\u011f\u0131ml\u0131l\u0131klarla ilgili detayl\u0131 bilgi sahibi olma f\u0131rsat\u0131 yakalad\u0131. Ba\u015fbakanl\u0131k Uyu\u015fturucuyla M\u00fccadele Komisyonu Ba\u015fkan\u0131 Teyfide Tecel Hatipo\u011flu ba\u015fkanl\u0131\u011f\u0131nda sunulan\" \/>\n<meta property=\"og:url\" content=\"https:\/\/kibrisdakik.com\/?p=11755\" \/>\n<meta property=\"article:published_time\" content=\"2023-08-07T13:04:52+00:00\" \/>\n<meta property=\"og:image\" content=\"https:\/\/kibrisdakik.com\/wp-content\/uploads\/2023\/08\/uyusturucuyla-mucadele-alaykoygonyeli-belediyesi-seminer-740x420.jpg\" \/>\n\t<meta property=\"og:image:width\" content=\"1200\" \/>\n\t<meta property=\"og:image:height\" content=\"1600\" \/>\n\t<meta property=\"og:image:type\" content=\"image\/jpeg\" \/>\n<meta name=\"author\" content=\"admin\" \/>\n<meta name=\"twitter:card\" content=\"summary_large_image\" \/>\n<meta name=\"twitter:label1\" content=\"Yazan:\" \/>\n\t<meta name=\"twitter:data1\" content=\"admin\" \/>\n\t<meta name=\"twitter:label2\" content=\"Tahmini okuma s\u00fcresi\" \/>\n\t<meta name=\"twitter:data2\" content=\"1 dakika\" \/>\n<script type=\"application\/ld+json\" class=\"yoast-schema-graph\">{\"@context\":\"https:\\\/\\\/schema.org\",\"@graph\":[{\"@type\":\"Article\",\"@id\":\"https:\\\/\\\/kibrisdakik.com\\\/?p=11755#article\",\"isPartOf\":{\"@id\":\"https:\\\/\\\/kibrisdakik.com\\\/?p=11755\"},\"author\":{\"name\":\"admin\",\"@id\":\"https:\\\/\\\/kibrisdakik.com\\\/#\\\/schema\\\/person\\\/9cd9d437bbb44f72b73ba127e06d8e79\"},\"headline\":\"UMK\u2019den G\u00f6nyeli-Alayk\u00f6y Belediyesi \u00e7al\u0131\u015fanlar\u0131na madde ba\u011f\u0131ml\u0131l\u0131\u011f\u0131 konusunda e\u011fitim\",\"datePublished\":\"2023-08-07T13:04:52+00:00\",\"mainEntityOfPage\":{\"@id\":\"https:\\\/\\\/kibrisdakik.com\\\/?p=11755\"},\"wordCount\":184,\"commentCount\":0,\"image\":{\"@id\":\"https:\\\/\\\/kibrisdakik.com\\\/?p=11755#primaryimage\"},\"thumbnailUrl\":\"https:\\\/\\\/kibrisdakik.com\\\/wp-content\\\/uploads\\\/2023\\\/08\\\/uyusturucuyla-mucadele-alaykoygonyeli-belediyesi-seminer-740x420.jpg\",\"articleSection\":[\"G\u00fcndem\"],\"inLanguage\":\"tr\",\"potentialAction\":[{\"@type\":\"CommentAction\",\"name\":\"Comment\",\"target\":[\"https:\\\/\\\/kibrisdakik.com\\\/?p=11755#respond\"]}]},{\"@type\":\"WebPage\",\"@id\":\"https:\\\/\\\/kibrisdakik.com\\\/?p=11755\",\"url\":\"https:\\\/\\\/kibrisdakik.com\\\/?p=11755\",\"name\":\"UMK\u2019den G\u00f6nyeli-Alayk\u00f6y Belediyesi \u00e7al\u0131\u015fanlar\u0131na madde ba\u011f\u0131ml\u0131l\u0131\u011f\u0131 konusunda e\u011fitim -\",\"isPartOf\":{\"@id\":\"https:\\\/\\\/kibrisdakik.com\\\/#website\"},\"primaryImageOfPage\":{\"@id\":\"https:\\\/\\\/kibrisdakik.com\\\/?p=11755#primaryimage\"},\"image\":{\"@id\":\"https:\\\/\\\/kibrisdakik.com\\\/?p=11755#primaryimage\"},\"thumbnailUrl\":\"https:\\\/\\\/kibrisdakik.com\\\/wp-content\\\/uploads\\\/2023\\\/08\\\/uyusturucuyla-mucadele-alaykoygonyeli-belediyesi-seminer-740x420.jpg\",\"datePublished\":\"2023-08-07T13:04:52+00:00\",\"author\":{\"@id\":\"https:\\\/\\\/kibrisdakik.com\\\/#\\\/schema\\\/person\\\/9cd9d437bbb44f72b73ba127e06d8e79\"},\"breadcrumb\":{\"@id\":\"https:\\\/\\\/kibrisdakik.com\\\/?p=11755#breadcrumb\"},\"inLanguage\":\"tr\",\"potentialAction\":[{\"@type\":\"ReadAction\",\"target\":[\"https:\\\/\\\/kibrisdakik.com\\\/?p=11755\"]}]},{\"@type\":\"ImageObject\",\"inLanguage\":\"tr\",\"@id\":\"https:\\\/\\\/kibrisdakik.com\\\/?p=11755#primaryimage\",\"url\":\"https:\\\/\\\/kibrisdakik.com\\\/wp-content\\\/uploads\\\/2023\\\/08\\\/uyusturucuyla-mucadele-alaykoygonyeli-belediyesi-seminer-740x420.jpg\",\"contentUrl\":\"https:\\\/\\\/kibrisdakik.com\\\/wp-content\\\/uploads\\\/2023\\\/08\\\/uyusturucuyla-mucadele-alaykoygonyeli-belediyesi-seminer-740x420.jpg\",\"width\":1200,\"height\":1600},{\"@type\":\"BreadcrumbList\",\"@id\":\"https:\\\/\\\/kibrisdakik.com\\\/?p=11755#breadcrumb\",\"itemListElement\":[{\"@type\":\"ListItem\",\"position\":1,\"name\":\"Home\",\"item\":\"https:\\\/\\\/kibrisdakik.com\\\/\"},{\"@type\":\"ListItem\",\"position\":2,\"name\":\"UMK\u2019den G\u00f6nyeli-Alayk\u00f6y Belediyesi \u00e7al\u0131\u015fanlar\u0131na madde ba\u011f\u0131ml\u0131l\u0131\u011f\u0131 konusunda e\u011fitim\"}]},{\"@type\":\"WebSite\",\"@id\":\"https:\\\/\\\/kibrisdakik.com\\\/#website\",\"url\":\"https:\\\/\\\/kibrisdakik.com\\\/\",\"name\":\"\",\"description\":\"Tam vaktinde haber\",\"potentialAction\":[{\"@type\":\"SearchAction\",\"target\":{\"@type\":\"EntryPoint\",\"urlTemplate\":\"https:\\\/\\\/kibrisdakik.com\\\/?s={search_term_string}\"},\"query-input\":{\"@type\":\"PropertyValueSpecification\",\"valueRequired\":true,\"valueName\":\"search_term_string\"}}],\"inLanguage\":\"tr\"},{\"@type\":\"Person\",\"@id\":\"https:\\\/\\\/kibrisdakik.com\\\/#\\\/schema\\\/person\\\/9cd9d437bbb44f72b73ba127e06d8e79\",\"name\":\"admin\",\"image\":{\"@type\":\"ImageObject\",\"inLanguage\":\"tr\",\"@id\":\"https:\\\/\\\/secure.gravatar.com\\\/avatar\\\/ccc17943b9d660506c869530f897617f7cb1c21a4bf30023f252596d83e1f007?s=96&d=mm&r=g\",\"url\":\"https:\\\/\\\/secure.gravatar.com\\\/avatar\\\/ccc17943b9d660506c869530f897617f7cb1c21a4bf30023f252596d83e1f007?s=96&d=mm&r=g\",\"contentUrl\":\"https:\\\/\\\/secure.gravatar.com\\\/avatar\\\/ccc17943b9d660506c869530f897617f7cb1c21a4bf30023f252596d83e1f007?s=96&d=mm&r=g\",\"caption\":\"admin\"},\"sameAs\":[\"https:\\\/\\\/kibrisdakik.com\"],\"url\":\"https:\\\/\\\/kibrisdakik.com\\\/?author=1\"}]}<\/script>\n<!-- \/ Yoast SEO plugin. -->","yoast_head_json":{"title":"UMK\u2019den G\u00f6nyeli-Alayk\u00f6y Belediyesi \u00e7al\u0131\u015fanlar\u0131na madde ba\u011f\u0131ml\u0131l\u0131\u011f\u0131 konusunda e\u011fitim -","robots":{"index":"index","follow":"follow","max-snippet":"max-snippet:-1","max-image-preview":"max-image-preview:large","max-video-preview":"max-video-preview:-1"},"canonical":"https:\/\/kibrisdakik.com\/?p=11755","og_locale":"tr_TR","og_type":"article","og_title":"UMK\u2019den G\u00f6nyeli-Alayk\u00f6y Belediyesi \u00e7al\u0131\u015fanlar\u0131na madde ba\u011f\u0131ml\u0131l\u0131\u011f\u0131 konusunda e\u011fitim -","og_description":"Ba\u015fbakanl\u0131k Uyu\u015fturucuyla M\u00fccadele Komisyonu (UMK), G\u00f6nyeli-Alayk\u00f6y Belediyesi ile yapt\u0131\u011f\u0131 i\u015fbirli\u011fi protokol\u00fc kapsam\u0131nda belediye \u00e7al\u0131\u015fanlar\u0131na madde ba\u011f\u0131ml\u0131l\u0131\u011f\u0131 konusunda e\u011fitim verdi. Komisyondan yap\u0131lan a\u00e7\u0131klamaya g\u00f6re personelin yan\u0131 s\u0131ra komisyon ve belediye stajyerlerinin de haz\u0131r bulundu\u011fu seminerde, kat\u0131l\u0131mc\u0131lar madde ve ba\u011f\u0131ml\u0131l\u0131klarla ilgili detayl\u0131 bilgi sahibi olma f\u0131rsat\u0131 yakalad\u0131. Ba\u015fbakanl\u0131k Uyu\u015fturucuyla M\u00fccadele Komisyonu Ba\u015fkan\u0131 Teyfide Tecel Hatipo\u011flu ba\u015fkanl\u0131\u011f\u0131nda sunulan","og_url":"https:\/\/kibrisdakik.com\/?p=11755","article_published_time":"2023-08-07T13:04:52+00:00","og_image":[{"width":1200,"height":1600,"url":"https:\/\/kibrisdakik.com\/wp-content\/uploads\/2023\/08\/uyusturucuyla-mucadele-alaykoygonyeli-belediyesi-seminer-740x420.jpg","type":"image\/jpeg"}],"author":"admin","twitter_card":"summary_large_image","twitter_misc":{"Yazan:":"admin","Tahmini okuma s\u00fcresi":"1 dakika"},"schema":{"@context":"https:\/\/schema.org","@graph":[{"@type":"Article","@id":"https:\/\/kibrisdakik.com\/?p=11755#article","isPartOf":{"@id":"https:\/\/kibrisdakik.com\/?p=11755"},"author":{"name":"admin","@id":"https:\/\/kibrisdakik.com\/#\/schema\/person\/9cd9d437bbb44f72b73ba127e06d8e79"},"headline":"UMK\u2019den G\u00f6nyeli-Alayk\u00f6y Belediyesi \u00e7al\u0131\u015fanlar\u0131na madde ba\u011f\u0131ml\u0131l\u0131\u011f\u0131 konusunda e\u011fitim","datePublished":"2023-08-07T13:04:52+00:00","mainEntityOfPage":{"@id":"https:\/\/kibrisdakik.com\/?p=11755"},"wordCount":184,"commentCount":0,"image":{"@id":"https:\/\/kibrisdakik.com\/?p=11755#primaryimage"},"thumbnailUrl":"https:\/\/kibrisdakik.com\/wp-content\/uploads\/2023\/08\/uyusturucuyla-mucadele-alaykoygonyeli-belediyesi-seminer-740x420.jpg","articleSection":["G\u00fcndem"],"inLanguage":"tr","potentialAction":[{"@type":"CommentAction","name":"Comment","target":["https:\/\/kibrisdakik.com\/?p=11755#respond"]}]},{"@type":"WebPage","@id":"https:\/\/kibrisdakik.com\/?p=11755","url":"https:\/\/kibrisdakik.com\/?p=11755","name":"UMK\u2019den G\u00f6nyeli-Alayk\u00f6y Belediyesi \u00e7al\u0131\u015fanlar\u0131na madde ba\u011f\u0131ml\u0131l\u0131\u011f\u0131 konusunda e\u011fitim -","isPartOf":{"@id":"https:\/\/kibrisdakik.com\/#website"},"primaryImageOfPage":{"@id":"https:\/\/kibrisdakik.com\/?p=11755#primaryimage"},"image":{"@id":"https:\/\/kibrisdakik.com\/?p=11755#primaryimage"},"thumbnailUrl":"https:\/\/kibrisdakik.com\/wp-content\/uploads\/2023\/08\/uyusturucuyla-mucadele-alaykoygonyeli-belediyesi-seminer-740x420.jpg","datePublished":"2023-08-07T13:04:52+00:00","author":{"@id":"https:\/\/kibrisdakik.com\/#\/schema\/person\/9cd9d437bbb44f72b73ba127e06d8e79"},"breadcrumb":{"@id":"https:\/\/kibrisdakik.com\/?p=11755#breadcrumb"},"inLanguage":"tr","potentialAction":[{"@type":"ReadAction","target":["https:\/\/kibrisdakik.com\/?p=11755"]}]},{"@type":"ImageObject","inLanguage":"tr","@id":"https:\/\/kibrisdakik.com\/?p=11755#primaryimage","url":"https:\/\/kibrisdakik.com\/wp-content\/uploads\/2023\/08\/uyusturucuyla-mucadele-alaykoygonyeli-belediyesi-seminer-740x420.jpg","contentUrl":"https:\/\/kibrisdakik.com\/wp-content\/uploads\/2023\/08\/uyusturucuyla-mucadele-alaykoygonyeli-belediyesi-seminer-740x420.jpg","width":1200,"height":1600},{"@type":"BreadcrumbList","@id":"https:\/\/kibrisdakik.com\/?p=11755#breadcrumb","itemListElement":[{"@type":"ListItem","position":1,"name":"Home","item":"https:\/\/kibrisdakik.com\/"},{"@type":"ListItem","position":2,"name":"UMK\u2019den G\u00f6nyeli-Alayk\u00f6y Belediyesi \u00e7al\u0131\u015fanlar\u0131na madde ba\u011f\u0131ml\u0131l\u0131\u011f\u0131 konusunda e\u011fitim"}]},{"@type":"WebSite","@id":"https:\/\/kibrisdakik.com\/#website","url":"https:\/\/kibrisdakik.com\/","name":"","description":"Tam vaktinde haber","potentialAction":[{"@type":"SearchAction","target":{"@type":"EntryPoint","urlTemplate":"https:\/\/kibrisdakik.com\/?s={search_term_string}"},"query-input":{"@type":"PropertyValueSpecification","valueRequired":true,"valueName":"search_term_string"}}],"inLanguage":"tr"},{"@type":"Person","@id":"https:\/\/kibrisdakik.com\/#\/schema\/person\/9cd9d437bbb44f72b73ba127e06d8e79","name":"admin","image":{"@type":"ImageObject","inLanguage":"tr","@id":"https:\/\/secure.gravatar.com\/avatar\/ccc17943b9d660506c869530f897617f7cb1c21a4bf30023f252596d83e1f007?s=96&d=mm&r=g","url":"https:\/\/secure.gravatar.com\/avatar\/ccc17943b9d660506c869530f897617f7cb1c21a4bf30023f252596d83e1f007?s=96&d=mm&r=g","contentUrl":"https:\/\/secure.gravatar.com\/avatar\/ccc17943b9d660506c869530f897617f7cb1c21a4bf30023f252596d83e1f007?s=96&d=mm&r=g","caption":"admin"},"sameAs":["https:\/\/kibrisdakik.com"],"url":"https:\/\/kibrisdakik.com\/?author=1"}]}},"_links":{"self":[{"href":"https:\/\/kibrisdakik.com\/index.php?rest_route=\/wp\/v2\/posts\/11755","targetHints":{"allow":["GET"]}}],"collection":[{"href":"https:\/\/kibrisdakik.com\/index.php?rest_route=\/wp\/v2\/posts"}],"about":[{"href":"https:\/\/kibrisdakik.com\/index.php?rest_route=\/wp\/v2\/types\/post"}],"author":[{"embeddable":true,"href":"https:\/\/kibrisdakik.com\/index.php?rest_route=\/wp\/v2\/users\/1"}],"replies":[{"embeddable":true,"href":"https:\/\/kibrisdakik.com\/index.php?rest_route=%2Fwp%2Fv2%2Fcomments&post=11755"}],"version-history":[{"count":0,"href":"https:\/\/kibrisdakik.com\/index.php?rest_route=\/wp\/v2\/posts\/11755\/revisions"}],"wp:featuredmedia":[{"embeddable":true,"href":"https:\/\/kibrisdakik.com\/index.php?rest_route=\/wp\/v2\/media\/11756"}],"wp:attachment":[{"href":"https:\/\/kibrisdakik.com\/index.php?rest_route=%2Fwp%2Fv2%2Fmedia&parent=11755"}],"wp:term":[{"taxonomy":"category","embeddable":true,"href":"https:\/\/kibrisdakik.com\/index.php?rest_route=%2Fwp%2Fv2%2Fcategories&post=11755"},{"taxonomy":"post_tag","embeddable":true,"href":"https:\/\/kibrisdakik.com\/index.php?rest_route=%2Fwp%2Fv2%2Ftags&post=11755"}],"curies":[{"name":"wp","href":"https:\/\/api.w.org\/{rel}","templated":true}]}}