{"id":11765,"date":"2023-08-07T15:07:05","date_gmt":"2023-08-07T15:07:05","guid":{"rendered":"https:\/\/kibrisdakik.com\/index.php\/2023\/08\/07\/cumhurbaskani-tatarsanli-erenkoy-direnisi-kibris-turk-halkinin-canakkale-destani-olarak-kabul-edilir\/"},"modified":"2023-08-07T15:07:05","modified_gmt":"2023-08-07T15:07:05","slug":"cumhurbaskani-tatarsanli-erenkoy-direnisi-kibris-turk-halkinin-canakkale-destani-olarak-kabul-edilir","status":"publish","type":"post","link":"https:\/\/kibrisdakik.com\/?p=11765","title":{"rendered":"Cumhurba\u015fkan\u0131 Tatar:\u015eanl\u0131 Erenk\u00f6y Direni\u015fi, K\u0131br\u0131s T\u00fcrk halk\u0131n\u0131n \u00c7anakkale Destan\u0131 olarak kabul edilir"},"content":{"rendered":"<p><\/p>\n<div>\n<div class=\"mariselle-image-container center\">\n                <img width=\"805\" height=\"400\" class=\"lazy-image\" alt=\"\" decoding=\"async\" loading=\"lazy\" sizes=\"auto, (max-width: 805px) 100vw, 805px\" src=\"https:\/\/brtk.net\/wp-content\/uploads\/2023\/08\/07\/cb-tatar7.jpg?ver=d18937c36ea16d2bd0dae7b6679b8dc9\" srcset=\"https:\/\/brtk.net\/wp-content\/uploads\/2023\/08\/07\/cb-tatar7.jpg?ver=d18937c36ea16d2bd0dae7b6679b8dc9 805w, https:\/\/brtk.net\/wp-content\/uploads\/2023\/08\/07\/cb-tatar7-300x149.jpg?ver=d18937c36ea16d2bd0dae7b6679b8dc9 300w, https:\/\/brtk.net\/wp-content\/uploads\/2023\/08\/07\/cb-tatar7-768x382.jpg?ver=d18937c36ea16d2bd0dae7b6679b8dc9 768w\"\/>                            <\/div>\n<p>Cumhurba\u015fkan\u0131 <a href=\"https:\/\/brtk.net\/\" target=\"_blank\" rel=\"noopener\"><a href=\"https:\/\/brtk.net\/\" target=\"_blank\" rel=\"noopener\">Ersin <\/a><a href=\"https:\/\/brtk.net\/\"\/><a href=\"https:\/\/brtk.net\/\">Tatar<\/a>, Erenk\u00f6y\u2019de sergilenen b\u00fcy\u00fck direni\u015f ve elde edilen mukaddes ba\u015far\u0131n\u0131n, K\u0131br\u0131s T\u00fcrk halk\u0131n\u0131n  \u00f6zg\u00fcrl\u00fc\u011f\u00fcn\u00fcn ve egemenli\u011finin kendi devletiyle ta\u00e7lanmas\u0131n\u0131 sa\u011flayan Mutlu Bar\u0131\u015f Harekat\u0131\u2019n\u0131n yolunu a\u00e7t\u0131\u011f\u0131n\u0131 s\u00f6yledi.<\/p>\n<p>Cumhurba\u015fkan\u0131 <a href=\"https:\/\/brtk.net\/\" target=\"_blank\" rel=\"noopener\"><a href=\"https:\/\/brtk.net\/\" target=\"_blank\" rel=\"noopener\">Ersin <\/a><a href=\"https:\/\/brtk.net\/\"\/><a href=\"https:\/\/brtk.net\/\">Tatar<\/a>, \u015eanl\u0131 Erenk\u00f6y Direni\u015fi\u2019nin 59. y\u0131ld\u00f6n\u00fcm\u00fcyle nedeniyle yay\u0131mlad\u0131\u011f\u0131 mesajda, m\u00fccahit ve Mehmet\u00e7ik taraf\u0131ndan omuz omuza verilen kutsal varolu\u015f m\u00fccadelesiyle elde edilen devletimizi, her anlamda ileriye ta\u015f\u0131mak, kurum ve kurulu\u015flar\u0131yla g\u00fc\u00e7lendirmek, uluslararas\u0131 stat\u00fcs\u00fcn\u00fc y\u00fckseltmenin evlatlar\u0131m\u0131za b\u0131rak\u0131lacak en b\u00fcy\u00fck miras olaca\u011f\u0131n\u0131 s\u00f6yledi.<\/p>\n<p>Cumhurba\u015fkan\u0131 <a href=\"https:\/\/brtk.net\/\"\/><a href=\"https:\/\/brtk.net\/\">Tatar<\/a>\u2019\u0131n mesaj\u0131 \u015f\u00f6yle:<\/p>\n<p>\u201cK\u0131br\u0131s T\u00fcrk halk\u0131n\u0131n, toplumsal varolu\u015f m\u00fccadelesinin en \u00f6nemli mihenk ta\u015f\u0131 kabul edilen \u015eanl\u0131 Erenk\u00f6y Direni\u015fi, hayatlar\u0131n\u0131n bahar\u0131nda tahsillerini yar\u0131da b\u0131rakarak onurlu bir gelecek i\u00e7in b\u00f6lge halk\u0131yla vatan savunmas\u0131na kat\u0131lan K\u0131br\u0131sl\u0131 T\u00fcrk vatansever y\u00fczlerce \u00fcniversite \u00f6\u011frencisinin ve b\u00f6lge halk\u0131n\u0131n t\u00fcm d\u00fcnyaya sergiledikleri destans\u0131 kahramanl\u0131\u011f\u0131n kendisidir.<\/p>\n<p>Fa\u015fist ter\u00f6r \u00f6rg\u00fct\u00fc EOKA\u2019n\u0131n, Akritas Plan\u0131\u2019n\u0131 ya\u015fama ge\u00e7irmek i\u00e7in ba\u015flatt\u0131klar\u0131 sald\u0131r\u0131lar\u0131 geri p\u00fcsk\u00fcrterek K\u0131br\u0131s T\u00fcrk\u00fc\u2019n\u00fcn T\u00fcrkiye\u2019yle tek ba\u011flant\u0131 noktas\u0131n\u0131 koruyan y\u00fczlerce m\u00fccahit, sergiledikleri cesaret sayesinde elde ettikleri ba\u015far\u0131yla da T\u00fcrkiye\u2019nin Garanti Antla\u015fmas\u0131\u2019n\u0131n sa\u011flad\u0131\u011f\u0131 m\u00fcdahale hakk\u0131n\u0131 fiilen ilk kez bu y\u0131l kullanmas\u0131n\u0131n da \u00f6nc\u00fcs\u00fc olmu\u015flard\u0131r\u2026 Bu harek\u00e2t s\u0131ras\u0131nda u\u00e7a\u011f\u0131 d\u00fc\u015fen ve para\u015f\u00fctle atlayan lakin \u015fehit edilen 4. Filo komutan\u0131 Pilot Y\u00fczba\u015f\u0131 Cengiz Topel ve onun gibi kahramanlar, kalbimizin halen en m\u00fcstesna yerinde ya\u015famaktad\u0131r\u2026<\/p>\n<p>Jeopolitik, stratejik ve lojistik \u00f6nemiyle ve t\u00fcrl\u00fc imkans\u0131zl\u0131\u011fa ra\u011fmen verilen m\u00fccadeleyle, K\u0131br\u0131s T\u00fcrk\u00fc\u2019n\u00fcn \u2018\u00c7anakkale Destan\u0131\u2019 olarak da kabul edilen  \u015eanl\u0131 Erenk\u00f6y Direni\u015fi, K\u0131br\u0131s T\u00fcrk\u00fc\u2019n\u00fcn kendi \u00f6z yurdunda, onurlu, \u00f6zg\u00fcrce ve g\u00fcven i\u00e7inde ya\u015famas\u0131 u\u011fruna \u00f6denen bedellerin en \u00f6nemli \u00f6rneklerinden biri olarak tarih sayfalar\u0131nda her daim yerini alacakt\u0131r.<\/p>\n<p>Erenk\u00f6y\u2019de sergilenen b\u00fcy\u00fck direni\u015f ve elde edilen mukaddes ba\u015far\u0131, K\u0131br\u0131s T\u00fcrk halk\u0131n\u0131n  \u00f6zg\u00fcrl\u00fc\u011f\u00fcn\u00fcn ve egemenli\u011finin kendi devletiyle ta\u00e7lanmas\u0131n\u0131 sa\u011flayan Mutlu Bar\u0131\u015f Harekat\u0131\u2019n\u0131n da yolunu a\u00e7m\u0131\u015ft\u0131r\u2026<\/p>\n<p>M\u00fccahit ve Mehmet\u00e7ik taraf\u0131ndan omuz omuza verilen kutsal varolu\u015f m\u00fccadelesiyle elde etti\u011fimiz devletimizi, her anlamda ileriye ta\u015f\u0131mak, kurum ve kurulu\u015flar\u0131yla g\u00fc\u00e7lendirmek, uluslararas\u0131 stat\u00fcs\u00fcn\u00fc y\u00fckseltmek; hi\u00e7 ku\u015fkusuz hepimizin evlatlar\u0131m\u0131za b\u0131rakaca\u011f\u0131 en b\u00fcy\u00fck miras olacakt\u0131r.<\/p>\n<p>T\u00fcrkiye Cumhuriyeti Cumhurba\u015fkan\u0131 Erdo\u011fan\u2019\u0131n BM Genel Kurulu\u2019nda t\u00fcm d\u00fcnya kamuoyuna yapt\u0131\u011f\u0131 <a href=\"https:\/\/brtk.net\/\">KKTC<\/a>\u2018nin resmen tan\u0131nmas\u0131 \u00e7a\u011fr\u0131s\u0131yla verdi\u011fimiz siyasi m\u00fccadelenin ivme kazanmas\u0131, T\u00fcrk Devletleri Te\u015fkilat\u0131\u2019nda anayasal ismimizle g\u00f6zlemci \u00fcye stat\u00fcs\u00fc kazanmam\u0131z, yeni siyasetimizin bir tezah\u00fcr\u00fcd\u00fcr\u2026<\/p>\n<p>Her f\u0131rsatta vurgulad\u0131\u011f\u0131m hakikati yeniden vurgulamak istiyorum; K\u0131br\u0131s sorununa bulunacak s\u00fcrd\u00fcr\u00fclebilir, ger\u00e7ek\u00e7i \u00e7\u00f6z\u00fcm i\u00e7in ortaya koydu\u011fumuz yeni siyaset \u015feklimiz ve alt\u0131n\u0131 \u00e7izdi\u011fimiz paradigma de\u011fi\u015fimi, sadece K\u0131br\u0131s\u2019taki her iki Taraf\u0131n yarar\u0131na de\u011fil, b\u00f6lgesel ve k\u00fcresel istikrar a\u00e7\u0131s\u0131ndan da dikkate al\u0131nmas\u0131 gereken ger\u00e7ek\u00e7i bir yakla\u015f\u0131md\u0131r.<\/p>\n<p>Halk\u0131m\u0131za 2020 y\u0131l\u0131nda aktard\u0131\u011f\u0131m\u0131z ve onaya sundu\u011fumuz yeni siyasetin onay almas\u0131na m\u00fcteakip g\u00f6reve gelmemle birlikte, T\u00fcrkiye Cumhuriyeti yetkilileriyle tam bir uyum i\u00e7erisinde s\u00fcrd\u00fcrd\u00fc\u011f\u00fcm\u00fcz yeni siyaset; ba\u015far\u0131s\u0131zl\u0131\u011f\u0131 defaten kan\u0131tlanm\u0131\u015f ve t\u00fcketilmi\u015f zeminin K\u0131br\u0131s T\u00fcrk taraf\u0131 i\u00e7in hi\u00e7bir hal ve ko\u015fulda ge\u00e7erli olmad\u0131\u011f\u0131n\u0131 ve olamayaca\u011f\u0131n\u0131; ilgili taraflar\u0131n da gelinen noktada samimiyetle idrak etmeye ba\u015flad\u0131\u011f\u0131na inan\u0131yorum\u2026 <\/p>\n<p>K\u0131br\u0131s adas\u0131 \u00fczerinde y\u0131llard\u0131r y\u00fcr\u00fct\u00fclmekte olan siyasi \u00e7\u00f6z\u00fcm \u00e7abalar\u0131n\u0131n \u00e7\u0131kmaza girmesinin en \u00f6nemli nedeni Rum taraf\u0131n\u0131n adan\u0131n tek sahibi gibi davranmas\u0131 ve K\u0131br\u0131s T\u00fcrk Taraf\u0131n\u0131n antla\u015fmalarla da tescil edilmi\u015f \u00f6z\u00fcnden gelen e\u015fitli\u011fine sayg\u0131 g\u00f6stermemesidir. Rum taraf\u0131n\u0131n maksimalist tutumunun s\u00fcrmesinin en temel motivasyon kaynaklar\u0131ndan biri, hi\u00e7 ku\u015fkusuz BM G\u00fcvenlik Konseyi\u2019nin  4 Mart 1964 tarihinde ald\u0131\u011f\u0131 186 say\u0131l\u0131 haks\u0131z ve siyasi kararla bir Rum devletine d\u00f6n\u00fc\u015fen ortakl\u0131k K\u0131br\u0131s Cumhuriyeti\u2019ni \u201cK\u0131br\u0131s\u2019\u0131n tek me\u015fru h\u00fck\u00fcmeti\u201d olarak benimsemesidir.<\/p>\n<p>Rum taraf\u0131 bu haks\u0131z ve siyasi karardan g\u00fc\u00e7 al\u0131rken, uzla\u015fmazl\u0131\u011f\u0131n\u0131 s\u00fcrd\u00fcrmekte, zamana oynamaktad\u0131r. Bizim yaratt\u0131\u011f\u0131m\u0131z paradigma de\u011fi\u015fiminin, ayn\u0131 zamanda bu asimetriyi ortadan kald\u0131rmaya y\u00f6nelik g\u00fc\u00e7l\u00fc bir diplomasi ad\u0131m\u0131 oldu\u011funun da unutulmamas\u0131 gerekmektedir\u2026<\/p>\n<p>Verdi\u011fimiz siyasi u\u011fra\u015f ve ortaya koydu\u011fumuz siyaset, \u015fehitlerimiz ve gazilerimizin bize b\u0131rakt\u0131\u011f\u0131 miras\u0131 y\u00fccelterek evlatlar\u0131m\u0131za huzur ve g\u00fcven i\u00e7erisinde bir gelecek b\u0131rakmak i\u00e7indir\u2026<\/p>\n<p>Bu duygu ve d\u00fc\u015f\u00fcncelerle, ba\u015fta toplum lideri Dr. Faz\u0131l K\u00fc\u00e7\u00fck, Kurucu Cumhurba\u015fkan\u0131 Rauf Raif Denkta\u015f ve aziz \u015fehitlerimizi, Erenk\u00f6y\u2019de topra\u011fa d\u00fc\u015fen kahramanlar\u0131m\u0131z\u0131 rahmetle anarken, gazilerimizi de sayg\u0131yla ve \u015f\u00fckranlara selaml\u0131yorum.\u201d<\/p>\n<\/p><\/div>\n<p><script async\n                    defer\n                    crossorigin=\"anonymous\"\n                    src=\"https:\/\/connect.facebook.net\/tr_TR\/sdk.js#xfbml=1&#038;version=v3.3\"\n            ><\/script><\/p>\n","protected":false},"excerpt":{"rendered":"<p>Cumhurba\u015fkan\u0131 Ersin Tatar, Erenk\u00f6y\u2019de sergilenen b\u00fcy\u00fck direni\u015f ve elde edilen mukaddes ba\u015far\u0131n\u0131n, K\u0131br\u0131s T\u00fcrk halk\u0131n\u0131n \u00f6zg\u00fcrl\u00fc\u011f\u00fcn\u00fcn ve egemenli\u011finin kendi devletiyle ta\u00e7lanmas\u0131n\u0131 sa\u011flayan Mutlu Bar\u0131\u015f Harekat\u0131\u2019n\u0131n yolunu a\u00e7t\u0131\u011f\u0131n\u0131 s\u00f6yledi. Cumhurba\u015fkan\u0131 Ersin Tatar, \u015eanl\u0131 Erenk\u00f6y Direni\u015fi\u2019nin 59. y\u0131ld\u00f6n\u00fcm\u00fcyle nedeniyle yay\u0131mlad\u0131\u011f\u0131 mesajda, m\u00fccahit ve Mehmet\u00e7ik taraf\u0131ndan omuz omuza verilen kutsal varolu\u015f m\u00fccadelesiyle elde edilen devletimizi, her anlamda ileriye<\/p>\n","protected":false},"author":1,"featured_media":11766,"comment_status":"open","ping_status":"open","sticky":false,"template":"","format":"standard","meta":{"footnotes":""},"categories":[1],"tags":[],"class_list":["post-11765","post","type-post","status-publish","format-standard","has-post-thumbnail","hentry","category-gundem"],"yoast_head":"<!-- This site is optimized with the Yoast SEO plugin v27.4 - https:\/\/yoast.com\/product\/yoast-seo-wordpress\/ -->\n<title>Cumhurba\u015fkan\u0131 Tatar:\u015eanl\u0131 Erenk\u00f6y Direni\u015fi, K\u0131br\u0131s T\u00fcrk halk\u0131n\u0131n \u00c7anakkale Destan\u0131 olarak kabul edilir -<\/title>\n<meta name=\"robots\" content=\"index, follow, max-snippet:-1, max-image-preview:large, max-video-preview:-1\" \/>\n<link rel=\"canonical\" href=\"https:\/\/kibrisdakik.com\/?p=11765\" \/>\n<meta property=\"og:locale\" content=\"tr_TR\" \/>\n<meta property=\"og:type\" content=\"article\" \/>\n<meta property=\"og:title\" content=\"Cumhurba\u015fkan\u0131 Tatar:\u015eanl\u0131 Erenk\u00f6y Direni\u015fi, K\u0131br\u0131s T\u00fcrk halk\u0131n\u0131n \u00c7anakkale Destan\u0131 olarak kabul edilir -\" \/>\n<meta property=\"og:description\" content=\"Cumhurba\u015fkan\u0131 Ersin Tatar, Erenk\u00f6y\u2019de sergilenen b\u00fcy\u00fck direni\u015f ve elde edilen mukaddes ba\u015far\u0131n\u0131n, K\u0131br\u0131s T\u00fcrk halk\u0131n\u0131n \u00f6zg\u00fcrl\u00fc\u011f\u00fcn\u00fcn ve egemenli\u011finin kendi devletiyle ta\u00e7lanmas\u0131n\u0131 sa\u011flayan Mutlu Bar\u0131\u015f Harekat\u0131\u2019n\u0131n yolunu a\u00e7t\u0131\u011f\u0131n\u0131 s\u00f6yledi. Cumhurba\u015fkan\u0131 Ersin Tatar, \u015eanl\u0131 Erenk\u00f6y Direni\u015fi\u2019nin 59. y\u0131ld\u00f6n\u00fcm\u00fcyle nedeniyle yay\u0131mlad\u0131\u011f\u0131 mesajda, m\u00fccahit ve Mehmet\u00e7ik taraf\u0131ndan omuz omuza verilen kutsal varolu\u015f m\u00fccadelesiyle elde edilen devletimizi, her anlamda ileriye\" \/>\n<meta property=\"og:url\" content=\"https:\/\/kibrisdakik.com\/?p=11765\" \/>\n<meta property=\"article:published_time\" content=\"2023-08-07T15:07:05+00:00\" \/>\n<meta property=\"og:image\" content=\"https:\/\/kibrisdakik.com\/wp-content\/uploads\/2023\/08\/cb-tatar7-740x400.jpg\" \/>\n\t<meta property=\"og:image:width\" content=\"805\" \/>\n\t<meta property=\"og:image:height\" content=\"400\" \/>\n\t<meta property=\"og:image:type\" content=\"image\/jpeg\" \/>\n<meta name=\"author\" content=\"admin\" \/>\n<meta name=\"twitter:card\" content=\"summary_large_image\" \/>\n<meta name=\"twitter:label1\" content=\"Yazan:\" \/>\n\t<meta name=\"twitter:data1\" content=\"admin\" \/>\n\t<meta name=\"twitter:label2\" content=\"Tahmini okuma s\u00fcresi\" \/>\n\t<meta name=\"twitter:data2\" content=\"5 dakika\" \/>\n<script type=\"application\/ld+json\" class=\"yoast-schema-graph\">{\"@context\":\"https:\\\/\\\/schema.org\",\"@graph\":[{\"@type\":\"Article\",\"@id\":\"https:\\\/\\\/kibrisdakik.com\\\/?p=11765#article\",\"isPartOf\":{\"@id\":\"https:\\\/\\\/kibrisdakik.com\\\/?p=11765\"},\"author\":{\"name\":\"admin\",\"@id\":\"https:\\\/\\\/kibrisdakik.com\\\/#\\\/schema\\\/person\\\/9cd9d437bbb44f72b73ba127e06d8e79\"},\"headline\":\"Cumhurba\u015fkan\u0131 Tatar:\u015eanl\u0131 Erenk\u00f6y Direni\u015fi, K\u0131br\u0131s T\u00fcrk halk\u0131n\u0131n \u00c7anakkale Destan\u0131 olarak kabul edilir\",\"datePublished\":\"2023-08-07T15:07:05+00:00\",\"mainEntityOfPage\":{\"@id\":\"https:\\\/\\\/kibrisdakik.com\\\/?p=11765\"},\"wordCount\":969,\"commentCount\":0,\"image\":{\"@id\":\"https:\\\/\\\/kibrisdakik.com\\\/?p=11765#primaryimage\"},\"thumbnailUrl\":\"https:\\\/\\\/kibrisdakik.com\\\/wp-content\\\/uploads\\\/2023\\\/08\\\/cb-tatar7-740x400.jpg\",\"articleSection\":[\"G\u00fcndem\"],\"inLanguage\":\"tr\",\"potentialAction\":[{\"@type\":\"CommentAction\",\"name\":\"Comment\",\"target\":[\"https:\\\/\\\/kibrisdakik.com\\\/?p=11765#respond\"]}]},{\"@type\":\"WebPage\",\"@id\":\"https:\\\/\\\/kibrisdakik.com\\\/?p=11765\",\"url\":\"https:\\\/\\\/kibrisdakik.com\\\/?p=11765\",\"name\":\"Cumhurba\u015fkan\u0131 Tatar:\u015eanl\u0131 Erenk\u00f6y Direni\u015fi, K\u0131br\u0131s T\u00fcrk halk\u0131n\u0131n \u00c7anakkale Destan\u0131 olarak kabul edilir -\",\"isPartOf\":{\"@id\":\"https:\\\/\\\/kibrisdakik.com\\\/#website\"},\"primaryImageOfPage\":{\"@id\":\"https:\\\/\\\/kibrisdakik.com\\\/?p=11765#primaryimage\"},\"image\":{\"@id\":\"https:\\\/\\\/kibrisdakik.com\\\/?p=11765#primaryimage\"},\"thumbnailUrl\":\"https:\\\/\\\/kibrisdakik.com\\\/wp-content\\\/uploads\\\/2023\\\/08\\\/cb-tatar7-740x400.jpg\",\"datePublished\":\"2023-08-07T15:07:05+00:00\",\"author\":{\"@id\":\"https:\\\/\\\/kibrisdakik.com\\\/#\\\/schema\\\/person\\\/9cd9d437bbb44f72b73ba127e06d8e79\"},\"breadcrumb\":{\"@id\":\"https:\\\/\\\/kibrisdakik.com\\\/?p=11765#breadcrumb\"},\"inLanguage\":\"tr\",\"potentialAction\":[{\"@type\":\"ReadAction\",\"target\":[\"https:\\\/\\\/kibrisdakik.com\\\/?p=11765\"]}]},{\"@type\":\"ImageObject\",\"inLanguage\":\"tr\",\"@id\":\"https:\\\/\\\/kibrisdakik.com\\\/?p=11765#primaryimage\",\"url\":\"https:\\\/\\\/kibrisdakik.com\\\/wp-content\\\/uploads\\\/2023\\\/08\\\/cb-tatar7-740x400.jpg\",\"contentUrl\":\"https:\\\/\\\/kibrisdakik.com\\\/wp-content\\\/uploads\\\/2023\\\/08\\\/cb-tatar7-740x400.jpg\",\"width\":805,\"height\":400},{\"@type\":\"BreadcrumbList\",\"@id\":\"https:\\\/\\\/kibrisdakik.com\\\/?p=11765#breadcrumb\",\"itemListElement\":[{\"@type\":\"ListItem\",\"position\":1,\"name\":\"Home\",\"item\":\"https:\\\/\\\/kibrisdakik.com\\\/\"},{\"@type\":\"ListItem\",\"position\":2,\"name\":\"Cumhurba\u015fkan\u0131 Tatar:\u015eanl\u0131 Erenk\u00f6y Direni\u015fi, K\u0131br\u0131s T\u00fcrk halk\u0131n\u0131n \u00c7anakkale Destan\u0131 olarak kabul edilir\"}]},{\"@type\":\"WebSite\",\"@id\":\"https:\\\/\\\/kibrisdakik.com\\\/#website\",\"url\":\"https:\\\/\\\/kibrisdakik.com\\\/\",\"name\":\"\",\"description\":\"Tam vaktinde haber\",\"potentialAction\":[{\"@type\":\"SearchAction\",\"target\":{\"@type\":\"EntryPoint\",\"urlTemplate\":\"https:\\\/\\\/kibrisdakik.com\\\/?s={search_term_string}\"},\"query-input\":{\"@type\":\"PropertyValueSpecification\",\"valueRequired\":true,\"valueName\":\"search_term_string\"}}],\"inLanguage\":\"tr\"},{\"@type\":\"Person\",\"@id\":\"https:\\\/\\\/kibrisdakik.com\\\/#\\\/schema\\\/person\\\/9cd9d437bbb44f72b73ba127e06d8e79\",\"name\":\"admin\",\"image\":{\"@type\":\"ImageObject\",\"inLanguage\":\"tr\",\"@id\":\"https:\\\/\\\/secure.gravatar.com\\\/avatar\\\/ccc17943b9d660506c869530f897617f7cb1c21a4bf30023f252596d83e1f007?s=96&d=mm&r=g\",\"url\":\"https:\\\/\\\/secure.gravatar.com\\\/avatar\\\/ccc17943b9d660506c869530f897617f7cb1c21a4bf30023f252596d83e1f007?s=96&d=mm&r=g\",\"contentUrl\":\"https:\\\/\\\/secure.gravatar.com\\\/avatar\\\/ccc17943b9d660506c869530f897617f7cb1c21a4bf30023f252596d83e1f007?s=96&d=mm&r=g\",\"caption\":\"admin\"},\"sameAs\":[\"https:\\\/\\\/kibrisdakik.com\"],\"url\":\"https:\\\/\\\/kibrisdakik.com\\\/?author=1\"}]}<\/script>\n<!-- \/ Yoast SEO plugin. -->","yoast_head_json":{"title":"Cumhurba\u015fkan\u0131 Tatar:\u015eanl\u0131 Erenk\u00f6y Direni\u015fi, K\u0131br\u0131s T\u00fcrk halk\u0131n\u0131n \u00c7anakkale Destan\u0131 olarak kabul edilir -","robots":{"index":"index","follow":"follow","max-snippet":"max-snippet:-1","max-image-preview":"max-image-preview:large","max-video-preview":"max-video-preview:-1"},"canonical":"https:\/\/kibrisdakik.com\/?p=11765","og_locale":"tr_TR","og_type":"article","og_title":"Cumhurba\u015fkan\u0131 Tatar:\u015eanl\u0131 Erenk\u00f6y Direni\u015fi, K\u0131br\u0131s T\u00fcrk halk\u0131n\u0131n \u00c7anakkale Destan\u0131 olarak kabul edilir -","og_description":"Cumhurba\u015fkan\u0131 Ersin Tatar, Erenk\u00f6y\u2019de sergilenen b\u00fcy\u00fck direni\u015f ve elde edilen mukaddes ba\u015far\u0131n\u0131n, K\u0131br\u0131s T\u00fcrk halk\u0131n\u0131n \u00f6zg\u00fcrl\u00fc\u011f\u00fcn\u00fcn ve egemenli\u011finin kendi devletiyle ta\u00e7lanmas\u0131n\u0131 sa\u011flayan Mutlu Bar\u0131\u015f Harekat\u0131\u2019n\u0131n yolunu a\u00e7t\u0131\u011f\u0131n\u0131 s\u00f6yledi. Cumhurba\u015fkan\u0131 Ersin Tatar, \u015eanl\u0131 Erenk\u00f6y Direni\u015fi\u2019nin 59. y\u0131ld\u00f6n\u00fcm\u00fcyle nedeniyle yay\u0131mlad\u0131\u011f\u0131 mesajda, m\u00fccahit ve Mehmet\u00e7ik taraf\u0131ndan omuz omuza verilen kutsal varolu\u015f m\u00fccadelesiyle elde edilen devletimizi, her anlamda ileriye","og_url":"https:\/\/kibrisdakik.com\/?p=11765","article_published_time":"2023-08-07T15:07:05+00:00","og_image":[{"width":805,"height":400,"url":"https:\/\/kibrisdakik.com\/wp-content\/uploads\/2023\/08\/cb-tatar7-740x400.jpg","type":"image\/jpeg"}],"author":"admin","twitter_card":"summary_large_image","twitter_misc":{"Yazan:":"admin","Tahmini okuma s\u00fcresi":"5 dakika"},"schema":{"@context":"https:\/\/schema.org","@graph":[{"@type":"Article","@id":"https:\/\/kibrisdakik.com\/?p=11765#article","isPartOf":{"@id":"https:\/\/kibrisdakik.com\/?p=11765"},"author":{"name":"admin","@id":"https:\/\/kibrisdakik.com\/#\/schema\/person\/9cd9d437bbb44f72b73ba127e06d8e79"},"headline":"Cumhurba\u015fkan\u0131 Tatar:\u015eanl\u0131 Erenk\u00f6y Direni\u015fi, K\u0131br\u0131s T\u00fcrk halk\u0131n\u0131n \u00c7anakkale Destan\u0131 olarak kabul edilir","datePublished":"2023-08-07T15:07:05+00:00","mainEntityOfPage":{"@id":"https:\/\/kibrisdakik.com\/?p=11765"},"wordCount":969,"commentCount":0,"image":{"@id":"https:\/\/kibrisdakik.com\/?p=11765#primaryimage"},"thumbnailUrl":"https:\/\/kibrisdakik.com\/wp-content\/uploads\/2023\/08\/cb-tatar7-740x400.jpg","articleSection":["G\u00fcndem"],"inLanguage":"tr","potentialAction":[{"@type":"CommentAction","name":"Comment","target":["https:\/\/kibrisdakik.com\/?p=11765#respond"]}]},{"@type":"WebPage","@id":"https:\/\/kibrisdakik.com\/?p=11765","url":"https:\/\/kibrisdakik.com\/?p=11765","name":"Cumhurba\u015fkan\u0131 Tatar:\u015eanl\u0131 Erenk\u00f6y Direni\u015fi, K\u0131br\u0131s T\u00fcrk halk\u0131n\u0131n \u00c7anakkale Destan\u0131 olarak kabul edilir -","isPartOf":{"@id":"https:\/\/kibrisdakik.com\/#website"},"primaryImageOfPage":{"@id":"https:\/\/kibrisdakik.com\/?p=11765#primaryimage"},"image":{"@id":"https:\/\/kibrisdakik.com\/?p=11765#primaryimage"},"thumbnailUrl":"https:\/\/kibrisdakik.com\/wp-content\/uploads\/2023\/08\/cb-tatar7-740x400.jpg","datePublished":"2023-08-07T15:07:05+00:00","author":{"@id":"https:\/\/kibrisdakik.com\/#\/schema\/person\/9cd9d437bbb44f72b73ba127e06d8e79"},"breadcrumb":{"@id":"https:\/\/kibrisdakik.com\/?p=11765#breadcrumb"},"inLanguage":"tr","potentialAction":[{"@type":"ReadAction","target":["https:\/\/kibrisdakik.com\/?p=11765"]}]},{"@type":"ImageObject","inLanguage":"tr","@id":"https:\/\/kibrisdakik.com\/?p=11765#primaryimage","url":"https:\/\/kibrisdakik.com\/wp-content\/uploads\/2023\/08\/cb-tatar7-740x400.jpg","contentUrl":"https:\/\/kibrisdakik.com\/wp-content\/uploads\/2023\/08\/cb-tatar7-740x400.jpg","width":805,"height":400},{"@type":"BreadcrumbList","@id":"https:\/\/kibrisdakik.com\/?p=11765#breadcrumb","itemListElement":[{"@type":"ListItem","position":1,"name":"Home","item":"https:\/\/kibrisdakik.com\/"},{"@type":"ListItem","position":2,"name":"Cumhurba\u015fkan\u0131 Tatar:\u015eanl\u0131 Erenk\u00f6y Direni\u015fi, K\u0131br\u0131s T\u00fcrk halk\u0131n\u0131n \u00c7anakkale Destan\u0131 olarak kabul edilir"}]},{"@type":"WebSite","@id":"https:\/\/kibrisdakik.com\/#website","url":"https:\/\/kibrisdakik.com\/","name":"","description":"Tam vaktinde haber","potentialAction":[{"@type":"SearchAction","target":{"@type":"EntryPoint","urlTemplate":"https:\/\/kibrisdakik.com\/?s={search_term_string}"},"query-input":{"@type":"PropertyValueSpecification","valueRequired":true,"valueName":"search_term_string"}}],"inLanguage":"tr"},{"@type":"Person","@id":"https:\/\/kibrisdakik.com\/#\/schema\/person\/9cd9d437bbb44f72b73ba127e06d8e79","name":"admin","image":{"@type":"ImageObject","inLanguage":"tr","@id":"https:\/\/secure.gravatar.com\/avatar\/ccc17943b9d660506c869530f897617f7cb1c21a4bf30023f252596d83e1f007?s=96&d=mm&r=g","url":"https:\/\/secure.gravatar.com\/avatar\/ccc17943b9d660506c869530f897617f7cb1c21a4bf30023f252596d83e1f007?s=96&d=mm&r=g","contentUrl":"https:\/\/secure.gravatar.com\/avatar\/ccc17943b9d660506c869530f897617f7cb1c21a4bf30023f252596d83e1f007?s=96&d=mm&r=g","caption":"admin"},"sameAs":["https:\/\/kibrisdakik.com"],"url":"https:\/\/kibrisdakik.com\/?author=1"}]}},"_links":{"self":[{"href":"https:\/\/kibrisdakik.com\/index.php?rest_route=\/wp\/v2\/posts\/11765","targetHints":{"allow":["GET"]}}],"collection":[{"href":"https:\/\/kibrisdakik.com\/index.php?rest_route=\/wp\/v2\/posts"}],"about":[{"href":"https:\/\/kibrisdakik.com\/index.php?rest_route=\/wp\/v2\/types\/post"}],"author":[{"embeddable":true,"href":"https:\/\/kibrisdakik.com\/index.php?rest_route=\/wp\/v2\/users\/1"}],"replies":[{"embeddable":true,"href":"https:\/\/kibrisdakik.com\/index.php?rest_route=%2Fwp%2Fv2%2Fcomments&post=11765"}],"version-history":[{"count":0,"href":"https:\/\/kibrisdakik.com\/index.php?rest_route=\/wp\/v2\/posts\/11765\/revisions"}],"wp:featuredmedia":[{"embeddable":true,"href":"https:\/\/kibrisdakik.com\/index.php?rest_route=\/wp\/v2\/media\/11766"}],"wp:attachment":[{"href":"https:\/\/kibrisdakik.com\/index.php?rest_route=%2Fwp%2Fv2%2Fmedia&parent=11765"}],"wp:term":[{"taxonomy":"category","embeddable":true,"href":"https:\/\/kibrisdakik.com\/index.php?rest_route=%2Fwp%2Fv2%2Fcategories&post=11765"},{"taxonomy":"post_tag","embeddable":true,"href":"https:\/\/kibrisdakik.com\/index.php?rest_route=%2Fwp%2Fv2%2Ftags&post=11765"}],"curies":[{"name":"wp","href":"https:\/\/api.w.org\/{rel}","templated":true}]}}