{"id":11798,"date":"2023-08-08T08:42:42","date_gmt":"2023-08-08T08:42:42","guid":{"rendered":"https:\/\/kibrisdakik.com\/index.php\/2023\/08\/08\/erenkoy-direnisi-ve-direniste-sehit-dusenler-icin-toren-duzenlendi\/"},"modified":"2023-08-08T08:42:42","modified_gmt":"2023-08-08T08:42:42","slug":"erenkoy-direnisi-ve-direniste-sehit-dusenler-icin-toren-duzenlendi","status":"publish","type":"post","link":"https:\/\/kibrisdakik.com\/?p=11798","title":{"rendered":"Erenk\u00f6y Direni\u015fi ve direni\u015fte \u015fehit d\u00fc\u015fenler i\u00e7in t\u00f6ren d\u00fczenlendi"},"content":{"rendered":"<p><\/p>\n<div>\n<div class=\"mariselle-image-container center\">\n                <img width=\"1600\" height=\"1200\" class=\"lazy-image\" alt=\"\" decoding=\"async\" loading=\"lazy\" sizes=\"auto, (max-width: 1600px) 100vw, 1600px\" src=\"https:\/\/brtk.net\/wp-content\/uploads\/2023\/08\/08\/2f07850a-d903-428c-be34-b088f3797455.jpg?ver=20f667401014e0e1366b48d114a4cf8d\" srcset=\"https:\/\/brtk.net\/wp-content\/uploads\/2023\/08\/08\/2f07850a-d903-428c-be34-b088f3797455.jpg?ver=20f667401014e0e1366b48d114a4cf8d 1600w, https:\/\/brtk.net\/wp-content\/uploads\/2023\/08\/08\/2f07850a-d903-428c-be34-b088f3797455-300x225.jpg?ver=df6fa8de4118e2b7275e687394696d42 300w, https:\/\/brtk.net\/wp-content\/uploads\/2023\/08\/08\/2f07850a-d903-428c-be34-b088f3797455-1024x768.jpg?ver=df6fa8de4118e2b7275e687394696d42 1024w, https:\/\/brtk.net\/wp-content\/uploads\/2023\/08\/08\/2f07850a-d903-428c-be34-b088f3797455-768x576.jpg?ver=df6fa8de4118e2b7275e687394696d42 768w, https:\/\/brtk.net\/wp-content\/uploads\/2023\/08\/08\/2f07850a-d903-428c-be34-b088f3797455-1536x1152.jpg?ver=f5718518756c3ca4d9ad5a791c1b3b36 1536w\"\/>                            <\/div>\n<p>\u015eanl\u0131 Erenk\u00f6y Direni\u015fi ve bu direni\u015fte \u015fehit d\u00fc\u015fenler i\u00e7in Erenk\u00f6y \u015eehitli\u011fi\u2019nde t\u00f6ren d\u00fczenlendi.<br \/>T\u00f6ren, \u015fehitli\u011fe \u00e7elenk konulmas\u0131yla ba\u015flad\u0131\u2026. Ard\u0131ndan sayg\u0131 duru\u015funda bulunuldu ve istiklal mar\u015f\u0131 okundu.<br \/>T\u00f6rende daha sonra \u015fehitlik \u00f6zel defteri imzaland\u0131. \u0130mza t\u00f6reninden sonra konu\u015fmalara ge\u00e7ildi.<\/p>\n<p>Erenk\u00f6y M\u00fccahitler Derne\u011fi Ba\u015fkan\u0131 Mustafa Ar\u0131kan, yapt\u0131\u011f\u0131 konu\u015fmada, 59 y\u0131l \u00f6nce  y\u00fcksek \u00f6\u011frenimlerini yar\u0131da b\u0131rakarak Erenk\u00f6y\u2019e \u00e7\u0131kan 500 K\u0131br\u0131sl\u0131 T\u00fcrk gencin, Erenk\u00f6y\u2019de Rum ve Yunan ordusuna kar\u015f\u0131 destans\u0131 bir direni\u015f sergiledi\u011fini aktard\u0131.<\/p>\n<p>Ar\u0131kan mal tazmin komisayonunun i\u015fleyi\u015findeki s\u0131k\u0131nt\u0131lar ve \u00fc\u00e7\u00fcnc\u00fc \u00fclke vatanda\u015flar\u0131na mal sat\u0131m\u0131n\u0131n  yarabilece\u011fi sorunlara da de\u011findi<br \/>Ar\u0131kan, konu\u015fmas\u0131n\u0131 Erenk\u00f6y\u2019le ilgili bir \u015fiiri okuyarak tamamlad\u0131.<\/p>\n<p>Erenk\u00f6y- Karpaz Belediye Ba\u015fkan\u0131 Hamit Bak\u0131rc\u0131 da konu\u015fmas\u0131nda  o y\u0131llarda ya\u015fanan olaylara dikkat \u00e7ekerek topra\u011f\u0131na sahip \u00e7\u0131kabilmek ad\u0131na Erenk\u00f6y\u2019de \u015fanl\u0131 bir direni\u015f verildi\u011fini aktard\u0131.<\/p>\n<div class=\"mariselle-image-container center\">\n                <img width=\"1600\" height=\"1200\" class=\"lazy-image\" alt=\"\" decoding=\"async\" loading=\"lazy\" sizes=\"auto, (max-width: 1600px) 100vw, 1600px\" src=\"https:\/\/brtk.net\/wp-content\/uploads\/2023\/08\/08\/3a410432-d2ae-4363-821f-5461688f2353.jpg?ver=47db465e3ca475e932b4e35ea06f97cf\" srcset=\"https:\/\/brtk.net\/wp-content\/uploads\/2023\/08\/08\/3a410432-d2ae-4363-821f-5461688f2353.jpg?ver=47db465e3ca475e932b4e35ea06f97cf 1600w, https:\/\/brtk.net\/wp-content\/uploads\/2023\/08\/08\/3a410432-d2ae-4363-821f-5461688f2353-300x225.jpg?ver=47db465e3ca475e932b4e35ea06f97cf 300w, https:\/\/brtk.net\/wp-content\/uploads\/2023\/08\/08\/3a410432-d2ae-4363-821f-5461688f2353-1024x768.jpg?ver=e28f6de7f09b951b446516c7b2d64ebc 1024w, https:\/\/brtk.net\/wp-content\/uploads\/2023\/08\/08\/3a410432-d2ae-4363-821f-5461688f2353-768x576.jpg?ver=e28f6de7f09b951b446516c7b2d64ebc 768w, https:\/\/brtk.net\/wp-content\/uploads\/2023\/08\/08\/3a410432-d2ae-4363-821f-5461688f2353-1536x1152.jpg?ver=63f3c22f33aa94f5f06f86fa2e53b640 1536w\"\/>                            <\/div>\n<p>Konu\u015fmas\u0131nda Kurucu Cumhurba\u015fkan\u0131 Rauf Raif Denkta\u015f\u2019\u0131 ve Cengiz Topel\u2019i de anan Bak\u0131rc\u0131, \u201cErenk\u00f6y d\u00fc\u015fm\u00fc\u015f olsayd\u0131 varl\u0131\u011f\u0131m\u0131z sorgulan\u0131r olacakt\u0131. Kurulan cumhuriyetimizin temeli 8 A\u011fustos\u2019ta at\u0131ld\u0131. Bu direni\u015fi canl\u0131 tutmak ve anlatabilmek gerekir. T\u00fcm \u015fehitlerimizi rahmetle an\u0131yorum.\u201d dedi.<\/p>\n<p>T\u00f6rene kat\u0131lan Cumhurba\u015fkan\u0131 <a href=\"https:\/\/brtk.net\/\" target=\"_blank\" rel=\"noopener\">Ersin <\/a><a href=\"https:\/\/brtk.net\/\"\/><a href=\"https:\/\/brtk.net\/\">Tatar<\/a> da  yapt\u0131\u011f\u0131 konu\u015fmada, K\u0131br\u0131s T\u00fcrk\u00fcn\u00fcn 59 y\u0131l \u00f6nce Erenk\u00f6y\u2019de bir destan yazd\u0131\u011f\u0131n\u0131 s\u00f6yledi.<\/p>\n<p>Cumhurba\u015fkan\u0131 <a href=\"https:\/\/brtk.net\/\"\/><a href=\"https:\/\/brtk.net\/\">Tatar<\/a>, \u201cEokac\u0131lara kar\u015f\u0131 Milli bir seferberlik sergilenerek K\u0131br\u0131s T\u00fcrk\u00fc burada bir destan yad\u0131 ve K\u0131br\u0131s T\u00fcrk halk\u0131n\u0131n  ilelebet bu topraklarda var olaca\u011f\u0131n\u0131 g\u00f6sterdi. Bizlerin tarihten silinmesi asla kabul edilebilir de\u011fildi ancak b\u00fcy\u00fck bir sald\u0131r\u0131 alt\u0131ndayd\u0131k. \u00d6\u011frencilerimizin adaya \u00e7\u0131k\u0131\u015f\u0131yla milli hareket \u00f6nemli bir boyuta gelmi\u015fti. Genci ya\u015fl\u0131s\u0131 kad\u0131n\u0131 \u015fehit olma pahas\u0131na milli birli\u011fi korumak i\u00e7in yemin etmi\u015flerdi. O y\u0131llarda Kurucu Cumhurba\u015fkan\u0131 Rauf Raif Denkta\u015f\u2019\u0131n adaya gelmesi Cengiz Topel\u2019in liderli\u011finde T\u00fcrkiye\u2019den gelen u\u00e7aklar burada direni\u015f g\u00f6steren ve K\u0131br\u0131s T\u00fcrk\u00fcn\u00fcn topyek\u00fcn silinmesine ramak kala Erenk\u00f6y direni\u015fiyle ve ard\u0131ndan 74 Bar\u0131\u015f Harekat\u0131\u2019yla verilen m\u00fccadele ta\u00e7lanm\u0131\u015ft\u0131r. \u0130ki devletli siyasetin alt\u0131 bo\u015ftur diyenlere cevab\u0131m\u0131z buradaki direni\u015ftir . O y\u0131llarda \u00f6l\u00fcm\u00fc g\u00f6ze alan halk\u0131m\u0131zd\u0131r\u201d ifadelerini kulland\u0131.<\/p>\n<p>Cumhurba\u015fkan\u0131 <a href=\"https:\/\/brtk.net\/\"\/><a href=\"https:\/\/brtk.net\/\">Tatar<\/a>, gelece\u011fe emin ad\u0131mlarla y\u00fcr\u00fcmeye devam edeceklerini vurgulayarak Erenk\u00f6y direni\u015finde \u015fehit d\u00fc\u015fenleri rahmetle and\u0131, gazilere \u015f\u00fckranlar\u0131n\u0131 sundu.<\/p>\n<p>T\u00f6ren, \u015eehitli\u011fin gezilmesi, \u015fehit kabirlerine \u00e7i\u00e7ek b\u0131rak\u0131lmas\u0131 ve m\u00fczenin gezilmesiyle son buldu.<\/p>\n<\/p><\/div>\n<p><script async\n                    defer\n                    crossorigin=\"anonymous\"\n                    src=\"https:\/\/connect.facebook.net\/tr_TR\/sdk.js#xfbml=1&#038;version=v3.3\"\n            ><\/script><\/p>\n","protected":false},"excerpt":{"rendered":"<p>\u015eanl\u0131 Erenk\u00f6y Direni\u015fi ve bu direni\u015fte \u015fehit d\u00fc\u015fenler i\u00e7in Erenk\u00f6y \u015eehitli\u011fi\u2019nde t\u00f6ren d\u00fczenlendi.T\u00f6ren, \u015fehitli\u011fe \u00e7elenk konulmas\u0131yla ba\u015flad\u0131\u2026. Ard\u0131ndan sayg\u0131 duru\u015funda bulunuldu ve istiklal mar\u015f\u0131 okundu.T\u00f6rende daha sonra \u015fehitlik \u00f6zel defteri imzaland\u0131. \u0130mza t\u00f6reninden sonra konu\u015fmalara ge\u00e7ildi. Erenk\u00f6y M\u00fccahitler Derne\u011fi Ba\u015fkan\u0131 Mustafa Ar\u0131kan, yapt\u0131\u011f\u0131 konu\u015fmada, 59 y\u0131l \u00f6nce y\u00fcksek \u00f6\u011frenimlerini yar\u0131da b\u0131rakarak Erenk\u00f6y\u2019e \u00e7\u0131kan 500 K\u0131br\u0131sl\u0131<\/p>\n","protected":false},"author":1,"featured_media":11799,"comment_status":"open","ping_status":"open","sticky":false,"template":"","format":"standard","meta":{"footnotes":""},"categories":[1],"tags":[],"class_list":["post-11798","post","type-post","status-publish","format-standard","has-post-thumbnail","hentry","category-gundem"],"yoast_head":"<!-- This site is optimized with the Yoast SEO plugin v27.5 - https:\/\/yoast.com\/product\/yoast-seo-wordpress\/ -->\n<title>Erenk\u00f6y Direni\u015fi ve direni\u015fte \u015fehit d\u00fc\u015fenler i\u00e7in t\u00f6ren d\u00fczenlendi -<\/title>\n<meta name=\"robots\" content=\"index, follow, max-snippet:-1, max-image-preview:large, max-video-preview:-1\" \/>\n<link rel=\"canonical\" href=\"https:\/\/kibrisdakik.com\/?p=11798\" \/>\n<meta property=\"og:locale\" content=\"tr_TR\" \/>\n<meta property=\"og:type\" content=\"article\" \/>\n<meta property=\"og:title\" content=\"Erenk\u00f6y Direni\u015fi ve direni\u015fte \u015fehit d\u00fc\u015fenler i\u00e7in t\u00f6ren d\u00fczenlendi -\" \/>\n<meta property=\"og:description\" content=\"\u015eanl\u0131 Erenk\u00f6y Direni\u015fi ve bu direni\u015fte \u015fehit d\u00fc\u015fenler i\u00e7in Erenk\u00f6y \u015eehitli\u011fi\u2019nde t\u00f6ren d\u00fczenlendi.T\u00f6ren, \u015fehitli\u011fe \u00e7elenk konulmas\u0131yla ba\u015flad\u0131\u2026. Ard\u0131ndan sayg\u0131 duru\u015funda bulunuldu ve istiklal mar\u015f\u0131 okundu.T\u00f6rende daha sonra \u015fehitlik \u00f6zel defteri imzaland\u0131. \u0130mza t\u00f6reninden sonra konu\u015fmalara ge\u00e7ildi. Erenk\u00f6y M\u00fccahitler Derne\u011fi Ba\u015fkan\u0131 Mustafa Ar\u0131kan, yapt\u0131\u011f\u0131 konu\u015fmada, 59 y\u0131l \u00f6nce y\u00fcksek \u00f6\u011frenimlerini yar\u0131da b\u0131rakarak Erenk\u00f6y\u2019e \u00e7\u0131kan 500 K\u0131br\u0131sl\u0131\" \/>\n<meta property=\"og:url\" content=\"https:\/\/kibrisdakik.com\/?p=11798\" \/>\n<meta property=\"article:published_time\" content=\"2023-08-08T08:42:42+00:00\" \/>\n<meta property=\"og:image\" content=\"https:\/\/kibrisdakik.com\/wp-content\/uploads\/2023\/08\/2f07850a-d903-428c-be34-b088f3797455-740x420.jpg\" \/>\n\t<meta property=\"og:image:width\" content=\"1600\" \/>\n\t<meta property=\"og:image:height\" content=\"1200\" \/>\n\t<meta property=\"og:image:type\" content=\"image\/jpeg\" \/>\n<meta name=\"author\" content=\"admin\" \/>\n<meta name=\"twitter:card\" content=\"summary_large_image\" \/>\n<meta name=\"twitter:label1\" content=\"Yazan:\" \/>\n\t<meta name=\"twitter:data1\" content=\"admin\" \/>\n\t<meta name=\"twitter:label2\" content=\"Tahmini okuma s\u00fcresi\" \/>\n\t<meta name=\"twitter:data2\" content=\"2 dakika\" \/>\n<script type=\"application\/ld+json\" class=\"yoast-schema-graph\">{\"@context\":\"https:\\\/\\\/schema.org\",\"@graph\":[{\"@type\":\"Article\",\"@id\":\"https:\\\/\\\/kibrisdakik.com\\\/?p=11798#article\",\"isPartOf\":{\"@id\":\"https:\\\/\\\/kibrisdakik.com\\\/?p=11798\"},\"author\":{\"name\":\"admin\",\"@id\":\"https:\\\/\\\/kibrisdakik.com\\\/#\\\/schema\\\/person\\\/9cd9d437bbb44f72b73ba127e06d8e79\"},\"headline\":\"Erenk\u00f6y Direni\u015fi ve direni\u015fte \u015fehit d\u00fc\u015fenler i\u00e7in t\u00f6ren d\u00fczenlendi\",\"datePublished\":\"2023-08-08T08:42:42+00:00\",\"mainEntityOfPage\":{\"@id\":\"https:\\\/\\\/kibrisdakik.com\\\/?p=11798\"},\"wordCount\":494,\"commentCount\":0,\"image\":{\"@id\":\"https:\\\/\\\/kibrisdakik.com\\\/?p=11798#primaryimage\"},\"thumbnailUrl\":\"https:\\\/\\\/kibrisdakik.com\\\/wp-content\\\/uploads\\\/2023\\\/08\\\/2f07850a-d903-428c-be34-b088f3797455-740x420.jpg\",\"articleSection\":[\"G\u00fcndem\"],\"inLanguage\":\"tr\",\"potentialAction\":[{\"@type\":\"CommentAction\",\"name\":\"Comment\",\"target\":[\"https:\\\/\\\/kibrisdakik.com\\\/?p=11798#respond\"]}]},{\"@type\":\"WebPage\",\"@id\":\"https:\\\/\\\/kibrisdakik.com\\\/?p=11798\",\"url\":\"https:\\\/\\\/kibrisdakik.com\\\/?p=11798\",\"name\":\"Erenk\u00f6y Direni\u015fi ve direni\u015fte \u015fehit d\u00fc\u015fenler i\u00e7in t\u00f6ren d\u00fczenlendi -\",\"isPartOf\":{\"@id\":\"https:\\\/\\\/kibrisdakik.com\\\/#website\"},\"primaryImageOfPage\":{\"@id\":\"https:\\\/\\\/kibrisdakik.com\\\/?p=11798#primaryimage\"},\"image\":{\"@id\":\"https:\\\/\\\/kibrisdakik.com\\\/?p=11798#primaryimage\"},\"thumbnailUrl\":\"https:\\\/\\\/kibrisdakik.com\\\/wp-content\\\/uploads\\\/2023\\\/08\\\/2f07850a-d903-428c-be34-b088f3797455-740x420.jpg\",\"datePublished\":\"2023-08-08T08:42:42+00:00\",\"author\":{\"@id\":\"https:\\\/\\\/kibrisdakik.com\\\/#\\\/schema\\\/person\\\/9cd9d437bbb44f72b73ba127e06d8e79\"},\"breadcrumb\":{\"@id\":\"https:\\\/\\\/kibrisdakik.com\\\/?p=11798#breadcrumb\"},\"inLanguage\":\"tr\",\"potentialAction\":[{\"@type\":\"ReadAction\",\"target\":[\"https:\\\/\\\/kibrisdakik.com\\\/?p=11798\"]}]},{\"@type\":\"ImageObject\",\"inLanguage\":\"tr\",\"@id\":\"https:\\\/\\\/kibrisdakik.com\\\/?p=11798#primaryimage\",\"url\":\"https:\\\/\\\/kibrisdakik.com\\\/wp-content\\\/uploads\\\/2023\\\/08\\\/2f07850a-d903-428c-be34-b088f3797455-740x420.jpg\",\"contentUrl\":\"https:\\\/\\\/kibrisdakik.com\\\/wp-content\\\/uploads\\\/2023\\\/08\\\/2f07850a-d903-428c-be34-b088f3797455-740x420.jpg\",\"width\":1600,\"height\":1200},{\"@type\":\"BreadcrumbList\",\"@id\":\"https:\\\/\\\/kibrisdakik.com\\\/?p=11798#breadcrumb\",\"itemListElement\":[{\"@type\":\"ListItem\",\"position\":1,\"name\":\"Home\",\"item\":\"https:\\\/\\\/kibrisdakik.com\\\/\"},{\"@type\":\"ListItem\",\"position\":2,\"name\":\"Erenk\u00f6y Direni\u015fi ve direni\u015fte \u015fehit d\u00fc\u015fenler i\u00e7in t\u00f6ren d\u00fczenlendi\"}]},{\"@type\":\"WebSite\",\"@id\":\"https:\\\/\\\/kibrisdakik.com\\\/#website\",\"url\":\"https:\\\/\\\/kibrisdakik.com\\\/\",\"name\":\"\",\"description\":\"Tam vaktinde haber\",\"potentialAction\":[{\"@type\":\"SearchAction\",\"target\":{\"@type\":\"EntryPoint\",\"urlTemplate\":\"https:\\\/\\\/kibrisdakik.com\\\/?s={search_term_string}\"},\"query-input\":{\"@type\":\"PropertyValueSpecification\",\"valueRequired\":true,\"valueName\":\"search_term_string\"}}],\"inLanguage\":\"tr\"},{\"@type\":\"Person\",\"@id\":\"https:\\\/\\\/kibrisdakik.com\\\/#\\\/schema\\\/person\\\/9cd9d437bbb44f72b73ba127e06d8e79\",\"name\":\"admin\",\"image\":{\"@type\":\"ImageObject\",\"inLanguage\":\"tr\",\"@id\":\"https:\\\/\\\/secure.gravatar.com\\\/avatar\\\/ccc17943b9d660506c869530f897617f7cb1c21a4bf30023f252596d83e1f007?s=96&d=mm&r=g\",\"url\":\"https:\\\/\\\/secure.gravatar.com\\\/avatar\\\/ccc17943b9d660506c869530f897617f7cb1c21a4bf30023f252596d83e1f007?s=96&d=mm&r=g\",\"contentUrl\":\"https:\\\/\\\/secure.gravatar.com\\\/avatar\\\/ccc17943b9d660506c869530f897617f7cb1c21a4bf30023f252596d83e1f007?s=96&d=mm&r=g\",\"caption\":\"admin\"},\"sameAs\":[\"https:\\\/\\\/kibrisdakik.com\"],\"url\":\"https:\\\/\\\/kibrisdakik.com\\\/?author=1\"}]}<\/script>\n<!-- \/ Yoast SEO plugin. -->","yoast_head_json":{"title":"Erenk\u00f6y Direni\u015fi ve direni\u015fte \u015fehit d\u00fc\u015fenler i\u00e7in t\u00f6ren d\u00fczenlendi -","robots":{"index":"index","follow":"follow","max-snippet":"max-snippet:-1","max-image-preview":"max-image-preview:large","max-video-preview":"max-video-preview:-1"},"canonical":"https:\/\/kibrisdakik.com\/?p=11798","og_locale":"tr_TR","og_type":"article","og_title":"Erenk\u00f6y Direni\u015fi ve direni\u015fte \u015fehit d\u00fc\u015fenler i\u00e7in t\u00f6ren d\u00fczenlendi -","og_description":"\u015eanl\u0131 Erenk\u00f6y Direni\u015fi ve bu direni\u015fte \u015fehit d\u00fc\u015fenler i\u00e7in Erenk\u00f6y \u015eehitli\u011fi\u2019nde t\u00f6ren d\u00fczenlendi.T\u00f6ren, \u015fehitli\u011fe \u00e7elenk konulmas\u0131yla ba\u015flad\u0131\u2026. Ard\u0131ndan sayg\u0131 duru\u015funda bulunuldu ve istiklal mar\u015f\u0131 okundu.T\u00f6rende daha sonra \u015fehitlik \u00f6zel defteri imzaland\u0131. \u0130mza t\u00f6reninden sonra konu\u015fmalara ge\u00e7ildi. Erenk\u00f6y M\u00fccahitler Derne\u011fi Ba\u015fkan\u0131 Mustafa Ar\u0131kan, yapt\u0131\u011f\u0131 konu\u015fmada, 59 y\u0131l \u00f6nce y\u00fcksek \u00f6\u011frenimlerini yar\u0131da b\u0131rakarak Erenk\u00f6y\u2019e \u00e7\u0131kan 500 K\u0131br\u0131sl\u0131","og_url":"https:\/\/kibrisdakik.com\/?p=11798","article_published_time":"2023-08-08T08:42:42+00:00","og_image":[{"width":1600,"height":1200,"url":"https:\/\/kibrisdakik.com\/wp-content\/uploads\/2023\/08\/2f07850a-d903-428c-be34-b088f3797455-740x420.jpg","type":"image\/jpeg"}],"author":"admin","twitter_card":"summary_large_image","twitter_misc":{"Yazan:":"admin","Tahmini okuma s\u00fcresi":"2 dakika"},"schema":{"@context":"https:\/\/schema.org","@graph":[{"@type":"Article","@id":"https:\/\/kibrisdakik.com\/?p=11798#article","isPartOf":{"@id":"https:\/\/kibrisdakik.com\/?p=11798"},"author":{"name":"admin","@id":"https:\/\/kibrisdakik.com\/#\/schema\/person\/9cd9d437bbb44f72b73ba127e06d8e79"},"headline":"Erenk\u00f6y Direni\u015fi ve direni\u015fte \u015fehit d\u00fc\u015fenler i\u00e7in t\u00f6ren d\u00fczenlendi","datePublished":"2023-08-08T08:42:42+00:00","mainEntityOfPage":{"@id":"https:\/\/kibrisdakik.com\/?p=11798"},"wordCount":494,"commentCount":0,"image":{"@id":"https:\/\/kibrisdakik.com\/?p=11798#primaryimage"},"thumbnailUrl":"https:\/\/kibrisdakik.com\/wp-content\/uploads\/2023\/08\/2f07850a-d903-428c-be34-b088f3797455-740x420.jpg","articleSection":["G\u00fcndem"],"inLanguage":"tr","potentialAction":[{"@type":"CommentAction","name":"Comment","target":["https:\/\/kibrisdakik.com\/?p=11798#respond"]}]},{"@type":"WebPage","@id":"https:\/\/kibrisdakik.com\/?p=11798","url":"https:\/\/kibrisdakik.com\/?p=11798","name":"Erenk\u00f6y Direni\u015fi ve direni\u015fte \u015fehit d\u00fc\u015fenler i\u00e7in t\u00f6ren d\u00fczenlendi -","isPartOf":{"@id":"https:\/\/kibrisdakik.com\/#website"},"primaryImageOfPage":{"@id":"https:\/\/kibrisdakik.com\/?p=11798#primaryimage"},"image":{"@id":"https:\/\/kibrisdakik.com\/?p=11798#primaryimage"},"thumbnailUrl":"https:\/\/kibrisdakik.com\/wp-content\/uploads\/2023\/08\/2f07850a-d903-428c-be34-b088f3797455-740x420.jpg","datePublished":"2023-08-08T08:42:42+00:00","author":{"@id":"https:\/\/kibrisdakik.com\/#\/schema\/person\/9cd9d437bbb44f72b73ba127e06d8e79"},"breadcrumb":{"@id":"https:\/\/kibrisdakik.com\/?p=11798#breadcrumb"},"inLanguage":"tr","potentialAction":[{"@type":"ReadAction","target":["https:\/\/kibrisdakik.com\/?p=11798"]}]},{"@type":"ImageObject","inLanguage":"tr","@id":"https:\/\/kibrisdakik.com\/?p=11798#primaryimage","url":"https:\/\/kibrisdakik.com\/wp-content\/uploads\/2023\/08\/2f07850a-d903-428c-be34-b088f3797455-740x420.jpg","contentUrl":"https:\/\/kibrisdakik.com\/wp-content\/uploads\/2023\/08\/2f07850a-d903-428c-be34-b088f3797455-740x420.jpg","width":1600,"height":1200},{"@type":"BreadcrumbList","@id":"https:\/\/kibrisdakik.com\/?p=11798#breadcrumb","itemListElement":[{"@type":"ListItem","position":1,"name":"Home","item":"https:\/\/kibrisdakik.com\/"},{"@type":"ListItem","position":2,"name":"Erenk\u00f6y Direni\u015fi ve direni\u015fte \u015fehit d\u00fc\u015fenler i\u00e7in t\u00f6ren d\u00fczenlendi"}]},{"@type":"WebSite","@id":"https:\/\/kibrisdakik.com\/#website","url":"https:\/\/kibrisdakik.com\/","name":"","description":"Tam vaktinde haber","potentialAction":[{"@type":"SearchAction","target":{"@type":"EntryPoint","urlTemplate":"https:\/\/kibrisdakik.com\/?s={search_term_string}"},"query-input":{"@type":"PropertyValueSpecification","valueRequired":true,"valueName":"search_term_string"}}],"inLanguage":"tr"},{"@type":"Person","@id":"https:\/\/kibrisdakik.com\/#\/schema\/person\/9cd9d437bbb44f72b73ba127e06d8e79","name":"admin","image":{"@type":"ImageObject","inLanguage":"tr","@id":"https:\/\/secure.gravatar.com\/avatar\/ccc17943b9d660506c869530f897617f7cb1c21a4bf30023f252596d83e1f007?s=96&d=mm&r=g","url":"https:\/\/secure.gravatar.com\/avatar\/ccc17943b9d660506c869530f897617f7cb1c21a4bf30023f252596d83e1f007?s=96&d=mm&r=g","contentUrl":"https:\/\/secure.gravatar.com\/avatar\/ccc17943b9d660506c869530f897617f7cb1c21a4bf30023f252596d83e1f007?s=96&d=mm&r=g","caption":"admin"},"sameAs":["https:\/\/kibrisdakik.com"],"url":"https:\/\/kibrisdakik.com\/?author=1"}]}},"_links":{"self":[{"href":"https:\/\/kibrisdakik.com\/index.php?rest_route=\/wp\/v2\/posts\/11798","targetHints":{"allow":["GET"]}}],"collection":[{"href":"https:\/\/kibrisdakik.com\/index.php?rest_route=\/wp\/v2\/posts"}],"about":[{"href":"https:\/\/kibrisdakik.com\/index.php?rest_route=\/wp\/v2\/types\/post"}],"author":[{"embeddable":true,"href":"https:\/\/kibrisdakik.com\/index.php?rest_route=\/wp\/v2\/users\/1"}],"replies":[{"embeddable":true,"href":"https:\/\/kibrisdakik.com\/index.php?rest_route=%2Fwp%2Fv2%2Fcomments&post=11798"}],"version-history":[{"count":0,"href":"https:\/\/kibrisdakik.com\/index.php?rest_route=\/wp\/v2\/posts\/11798\/revisions"}],"wp:featuredmedia":[{"embeddable":true,"href":"https:\/\/kibrisdakik.com\/index.php?rest_route=\/wp\/v2\/media\/11799"}],"wp:attachment":[{"href":"https:\/\/kibrisdakik.com\/index.php?rest_route=%2Fwp%2Fv2%2Fmedia&parent=11798"}],"wp:term":[{"taxonomy":"category","embeddable":true,"href":"https:\/\/kibrisdakik.com\/index.php?rest_route=%2Fwp%2Fv2%2Fcategories&post=11798"},{"taxonomy":"post_tag","embeddable":true,"href":"https:\/\/kibrisdakik.com\/index.php?rest_route=%2Fwp%2Fv2%2Ftags&post=11798"}],"curies":[{"name":"wp","href":"https:\/\/api.w.org\/{rel}","templated":true}]}}