{"id":11821,"date":"2023-08-08T15:52:33","date_gmt":"2023-08-08T15:52:33","guid":{"rendered":"https:\/\/kibrisdakik.com\/index.php\/2023\/08\/08\/olgunkibris-turk-tarafi-egemen-e%e1%b9%a3itligini-muzakere-etmez-ettirmez\/"},"modified":"2023-08-08T15:52:33","modified_gmt":"2023-08-08T15:52:33","slug":"olgunkibris-turk-tarafi-egemen-e%e1%b9%a3itligini-muzakere-etmez-ettirmez","status":"publish","type":"post","link":"https:\/\/kibrisdakik.com\/?p=11821","title":{"rendered":"Olgun:K\u0131br\u0131s T\u00fcrk taraf\u0131 egemen e\u1e63itli\u011fini m\u00fczakere etmez, ettirmez"},"content":{"rendered":"<p><\/p>\n<div>\n<div class=\"mariselle-image-container center\">\n                <img width=\"1920\" height=\"1079\" class=\"lazy-image\" alt=\"\" decoding=\"async\" loading=\"lazy\" sizes=\"auto, (max-width: 1920px) 100vw, 1920px\" src=\"https:\/\/brtk.net\/wp-content\/uploads\/2023\/08\/08\/InShot_20230808_182008732.jpg?ver=998e9f6d269ff245bb35ff83a3a10769\" srcset=\"https:\/\/brtk.net\/wp-content\/uploads\/2023\/08\/08\/InShot_20230808_182008732.jpg?ver=998e9f6d269ff245bb35ff83a3a10769 1920w, https:\/\/brtk.net\/wp-content\/uploads\/2023\/08\/08\/InShot_20230808_182008732-300x169.jpg?ver=986948821372d5bc053b89ea1764ace6 300w, https:\/\/brtk.net\/wp-content\/uploads\/2023\/08\/08\/InShot_20230808_182008732-1024x575.jpg?ver=986948821372d5bc053b89ea1764ace6 1024w, https:\/\/brtk.net\/wp-content\/uploads\/2023\/08\/08\/InShot_20230808_182008732-768x432.jpg?ver=986948821372d5bc053b89ea1764ace6 768w, https:\/\/brtk.net\/wp-content\/uploads\/2023\/08\/08\/InShot_20230808_182008732-1536x863.jpg?ver=31b37c23b4b4a6547086898a7809be87 1536w\"\/>                            <\/div>\n<p>Cumhurba\u015fkan\u0131 \u00d6zel Temsilcisi Erg\u00fcn Olgun, <a href=\"https:\/\/brtk.net\/\">BRT<\/a>\u2018nin Buras\u0131 \u00d6nemli program\u0131nda<br \/>Levent Kutay\u2019\u0131n sorular\u0131n\u0131 yan\u0131tlad\u0131.<\/p>\n<p>Erenk\u00f6y Gazisi olmas\u0131 nedeniyle duygular\u0131n\u0131n sorulmas\u0131 \u00fczerine Olgun,<br \/>\u201cErenk\u00f6y\u2019e \u00e7\u0131k\u0131\u015f\u0131m\u0131z\u0131n, varolu\u015f m\u00fccadelemize fiziki oldu\u011fu kadar psikolojik<br \/>ve siyasi katk\u0131lar\u0131 da olmu\u015ftur\u201d dedi.<\/p>\n<p>B\u00fcy\u00fck kararl\u0131l\u0131kla, b\u00fcy\u00fck bir fedak\u00e2rl\u0131kla m\u00fccadele verildi\u011fini hat\u0131rlatan Erg\u00fcn Olgun, \u201cNi\u00e7in 600\u2019e yak\u0131n \u00f6\u011frenci, gen\u00e7 insan bu kararl\u0131l\u0131kla Erenk\u00f6y\u2019e<br \/>\u00e7\u0131kt\u0131? Burada o d\u00f6nemdeki e\u011fitim sisteminin, toplum liderlerinin yaratt\u0131\u011f\u0131 bilin\u00e7 ve fark\u0131ndal\u0131\u011f\u0131n ve ailelerin a\u015f\u0131lad\u0131\u011f\u0131 T\u00fcrkl\u00fck \u015euurunun katk\u0131s\u0131 b\u00fcy\u00fckt\u00fcr. Bunlar,  varolu\u015f tehlikesi ya\u015fayan K\u0131br\u0131s T\u00fcrk halk\u0131n\u0131 m\u00fccahit<br \/>olmaya ve g\u00f6z\u00fcn\u00fc k\u0131rpmadan Erenk\u00f6y\u2019e \u00e7\u0131kmaya motive etmi\u015ftir\u201d diye konu\u015ftu.<\/p>\n<p>Erg\u00fcn Olgun, Erenk\u00f6y\u2019\u00fcn, T\u00fcrkiye\u2019nin K\u0131br\u0131s\u2019a ilk resmi m\u00fcdahalesi oldu\u011funu,<br \/>20 Temmuz 1974\u2019\u00fcn yolunu a\u00e7t\u0131\u011f\u0131n\u0131 vurgulayarak  \u201d Siyasi farkl\u0131la\u015fmaya<br \/>ra\u011fmen, temelde vatan\u0131na, topra\u011f\u0131na ba\u011fl\u0131l\u0131k a\u00e7\u0131s\u0131ndan K\u0131br\u0131s T\u00fcrk\u00fc 1964\u2019te<br \/>ne ise bug\u00fcn de b\u00fcy\u00fck oranda ayn\u0131 noktada. Temelde K\u0131br\u0131s T\u00fcrk\u00fc\u2019n\u00fcn e\u015fit bir halk olarak varl\u0131\u011f\u0131n\u0131 s\u00fcrd\u00fcrme, ba\u015fkalar\u0131n\u0131n hegemonyas\u0131na girmeme, kendini y\u00f6netme ve gerek \u00f6zden gelen haklar\u0131na gerekse topra\u011f\u0131na sahip \u00e7\u0131kma<br \/>noktas\u0131nda, \u00e7ok farkl\u0131 d\u00fc\u015f\u00fcnd\u00fc\u011f\u00fcne inanm\u0131yorum\u201d dedi. Erenk\u00f6y\u2019\u00fcn 1958 ile<br \/>1964 y\u0131llar\u0131 aras\u0131nda Anavatan\u0131m\u0131z ile k\u00f6pr\u00fc vazifesi g\u00f6rd\u00fc\u011f\u00fcn\u00fc, m\u00fccadelemiz<br \/>i\u00e7in bir\u00e7ok te\u00e7hizat\u0131n buradan \u00e7\u0131kt\u0131\u011f\u0131n\u0131 ve Erenk\u00f6y Destan\u0131n\u0131n K\u0131br\u0131s<br \/>T\u00fcrk\u00fcn\u00fcn m\u00fccadele azminde ve tarihinde istisnai bir yeri bulundu\u011funu<br \/>anlatt\u0131. <\/p>\n<p>Erenk\u00f6y\u2019\u00fcn, T\u00fcrkiye\u2019nin hakl\u0131 1974 m\u00fcdahalesi yan\u0131nda 1983\u2019te <a href=\"https:\/\/brtk.net\/\">KKTC<\/a>\u2018nin<br \/>ilan\u0131na giden yolu a\u00e7t\u0131\u011f\u0131n\u0131, Erenk\u00f6y\u2019e \u00e7\u0131k\u0131\u015f\u0131m\u0131za yol a\u00e7an nedenlerin bu g\u00fcn<br \/>de ge\u00e7erli oldu\u011funu ve esas\u0131nda g\u00fcncel diplomasiyi de \u015fekillendirdi\u011fini<br \/>belirtti. <\/p>\n<p>Bu kapsamda 2021\u2019de Cenevre\u2019de ortaya koydu\u011fumuz egemen e\u015fitlik ve<br \/>e\u015fit uluslararas\u0131 stat\u00fc pozisyonumuzun e\u015fitli\u011fin gerekleri oldu\u011funu,<br \/>Cenevre\u2019nin \u00e7ok \u00f6ncesinde Kurucu Cumhurba\u015fkan\u0131 Rauf Denkta\u015f\u2019\u0131n izledi\u011fi<br \/>politikan\u0131n temelini te\u015fkil etti\u011fini,  nitekim Annan Plan\u0131 d\u00e2hil Kurucu<br \/>Cumhurba\u015fkan\u0131\u2019n\u0131n taraf oldu\u011fu b\u00fct\u00fcn kapsaml\u0131 \u00e7\u00f6z\u00fcm m\u00fczakerelerinde tek<br \/>egemenlik form\u00fcl\u00fcn\u00fcn reddedildi\u011fini anlatt\u0131. <\/p>\n<p>Olgun, Annan Plan\u0131\u2019ndaki egemenlik form\u00fcl\u00fcn\u00fcn ise BM Genel Sekreteri Annan taraf\u0131ndan 2004 Kapsaml\u0131 \u00e7\u00f6z\u00fcm Plan\u0131na d\u00e2hil edildi\u011fini belirtti. <\/p>\n<p>Mevcut s\u00fcre\u00e7te savunulan egemenlik tezinin, ge\u00e7mi\u015f s\u00fcre\u00e7lere oranla fark\u0131n\u0131<br \/>da anlatan Olgun, \u201d Ge\u00e7mi\u015f s\u00fcre\u00e7lerde kurulacak yeni ortakl\u0131k devletinde<br \/>ortak kullanaca\u011f\u0131m\u0131z yetkiler d\u0131\u015f\u0131nda Kurucu Devletlerde kalacak  yetkilerde<br \/>egemenlik hakk\u0131m\u0131z\u0131  hep sakl\u0131 tutmaya \u00e7al\u0131\u015ft\u0131k. Bu model Rum Taraf\u0131nca<br \/>reddedildi \u00e7\u00fcnk\u00fc onlar hep tek egemenlik d\u00fczenlemesi i\u00e7inde \u00fcst\u00fcnl\u00fck sa\u011flama<br \/>aray\u0131\u015f\u0131 i\u00e7inde oldu.   \u015eimdi a\u00e7\u0131k\u00e7a s\u00f6yl\u00fcyoruz. Bizim e\u015fitli\u011fimiz pazarl\u0131k<br \/>konusu de\u011fildir ve bir anla\u015fma sonunda bize verilecek bir hak da de\u011fildir.<br \/>Bu \u00f6zden gelen ve adan\u0131n ba\u011f\u0131ms\u0131zl\u0131\u011f\u0131 s\u00fcrecinde de tescil edilen<br \/>hakk\u0131m\u0131zd\u0131r. E\u015fitli\u011fimiz gere\u011fi, onlar ne hak ve stat\u00fc kullan\u0131yorsa, ki buna<br \/>egemenlik ve uluslararas\u0131 stat\u00fc de d\u00e2hildir, bu haklar\u0131m\u0131z\u0131n teyidini<br \/>istiyoruz. Bunun teyit edilmemesi e\u015fitli\u011fimizin reddi anlam\u0131n\u0131 ta\u015f\u0131maktad\u0131r. Bu nedenle egemen e\u015fitli\u011fimiz kabul edilmeden masaya oturmay\u0131z\u201d dedi.<\/p>\n<p>Bu \u015fart\u0131n yanl\u0131\u015f oldu\u011fu y\u00f6n\u00fcnde ele\u015ftirilerin hat\u0131rlat\u0131lmas\u0131 \u00fczerine Olgun \u015f\u00f6yle konu\u015ftu:<\/p>\n<p>\u201cBu \u00e7ok yanl\u0131\u015f bir ele\u015ftiri. T\u00fcm liderlerimizin s\u00f6yledi\u011fi gibi K\u0131br\u0131s\u2019ta bir anla\u015fma olabilmesi i\u00e7in Rum Taraf\u0131n\u0131n zihniyetini de\u011fi\u015fmesine ihtiya\u00e7 var. Zihniyet de\u011fi\u015fikli\u011fi nas\u0131l g\u00f6r\u00fcn\u00fcr? E\u015fitli\u011fimizin temel unsurlar\u0131na sayg\u0131 g\u00f6sterilmesinde g\u00f6r\u00fcl\u00fcr. E\u015fitlik lafla de\u011fil, icraatla olur. E\u015fitli\u011fimize<br \/>sayg\u0131 istiyoruz. <\/p>\n<p>Limasol b\u00f6lgesinde g\u00fcnlerdir s\u00fcren orman yang\u0131na yard\u0131m teklifi yapt\u0131klar\u0131na<br \/>i\u015faret eden Olgun \u201d T\u00fcm b\u00f6lge \u00fclkelerinden yard\u0131m istendi. Bizim teklifimiz kar\u015f\u0131l\u0131k bulmad\u0131. Neden kabul etmiyorlar. \u00c7\u00fcnk\u00fc kendisini tek yasal devlet g\u00f6r\u00fcyorlar. Bu e\u015fitli\u011fin reddidir. \u0130\u015fte bu nedenle K\u0131br\u0131s\u2019ta bir anla\u015fma olmuyor\u201d dedi.<\/p>\n<p>Bat\u0131n\u0131n kendi \u00e7\u0131karlar\u0131n\u0131 tehdit etmeye ba\u015flad\u0131\u011f\u0131 i\u00e7in K\u0131br\u0131s\u2019ta bir \u00e7\u00f6z\u00fcm<br \/>ihtiyac\u0131n\u0131n artt\u0131\u011f\u0131n\u0131 da belirten Olgun \u015fu andaki aray\u0131\u015f\u0131n \u201cK\u0131br\u0131s T\u00fcrk\u00fc\u2019n\u00fc<br \/>masaya nas\u0131l getirebiliriz? oldu\u011funun alt\u0131n\u0131 \u00e7izdi. <\/p>\n<p>Rum Taraf\u0131n\u0131n \u00fcst\u00fcnl\u00fck kurma aray\u0131\u015flar\u0131 nedeniyle yeni \u00e7at\u0131\u015fmalara yol a\u00e7mayacak, adalete, \u00f6zden gelen haklara  dayal\u0131 ve s\u00fcrd\u00fcr\u00fclebilirli\u011fi olan bir \u00e7\u00f6z\u00fcm aran\u0131yorsa bununyan\u0131t\u0131n\u0131n her g\u00fcn K\u0131br\u0131s T\u00fcrk taraf\u0131nca ve son olarak da T\u00fcrkiye Cumhuriyeti D\u0131\u015fi\u015fleri Bakan\u0131 Hakan Fidan taraf\u0131ndan B\u00fcy\u00fckel\u00e7iler Konferans\u0131\u2019nda verildi\u011finin alt\u0131n\u0131 \u00e7izdi.  <\/p>\n<p>Konfederal s\u00fcre\u00e7 iddialar\u0131 \u00fczerine de Olgun, \u201cEgemen e\u015fitli\u011fimiz ve e\u015fit<br \/>stat\u00fcm\u00fcz\u00fcn teyidiyle masaya oturmaya haz\u0131r\u0131z. Masaya oturdu\u011fumuzda egemen<br \/>e\u015fitli\u011fimize ve e\u015fit uluslararas\u0131 stat\u00fcm\u00fcze dayal\u0131 olacak \u00e7\u00f6z\u00fcm modeline<br \/>dair bir \u00f6n \u015fart\u0131m\u0131z yok. M\u00fczakere edilir, model m\u00fczakerede ortaya \u00e7\u0131kar ve ad\u0131 sonra konulur\u201d dedi.<a href=\"https:\/\/brtk.net\/\">BRT<\/a><\/p>\n<\/p><\/div>\n<p><script async\n                    defer\n                    crossorigin=\"anonymous\"\n                    src=\"https:\/\/connect.facebook.net\/tr_TR\/sdk.js#xfbml=1&#038;version=v3.3\"\n            ><\/script><\/p>\n","protected":false},"excerpt":{"rendered":"<p>Cumhurba\u015fkan\u0131 \u00d6zel Temsilcisi Erg\u00fcn Olgun, BRT\u2018nin Buras\u0131 \u00d6nemli program\u0131ndaLevent Kutay\u2019\u0131n sorular\u0131n\u0131 yan\u0131tlad\u0131. Erenk\u00f6y Gazisi olmas\u0131 nedeniyle duygular\u0131n\u0131n sorulmas\u0131 \u00fczerine Olgun,\u201cErenk\u00f6y\u2019e \u00e7\u0131k\u0131\u015f\u0131m\u0131z\u0131n, varolu\u015f m\u00fccadelemize fiziki oldu\u011fu kadar psikolojikve siyasi katk\u0131lar\u0131 da olmu\u015ftur\u201d dedi. B\u00fcy\u00fck kararl\u0131l\u0131kla, b\u00fcy\u00fck bir fedak\u00e2rl\u0131kla m\u00fccadele verildi\u011fini hat\u0131rlatan Erg\u00fcn Olgun, \u201cNi\u00e7in 600\u2019e yak\u0131n \u00f6\u011frenci, gen\u00e7 insan bu kararl\u0131l\u0131kla Erenk\u00f6y\u2019e\u00e7\u0131kt\u0131? Burada o d\u00f6nemdeki e\u011fitim<\/p>\n","protected":false},"author":1,"featured_media":11822,"comment_status":"open","ping_status":"open","sticky":false,"template":"","format":"standard","meta":{"footnotes":""},"categories":[1],"tags":[],"class_list":["post-11821","post","type-post","status-publish","format-standard","has-post-thumbnail","hentry","category-gundem"],"yoast_head":"<!-- This site is optimized with the Yoast SEO plugin v27.5 - https:\/\/yoast.com\/product\/yoast-seo-wordpress\/ -->\n<title>Olgun:K\u0131br\u0131s T\u00fcrk taraf\u0131 egemen e\u1e63itli\u011fini m\u00fczakere etmez, ettirmez -<\/title>\n<meta name=\"robots\" content=\"index, follow, max-snippet:-1, max-image-preview:large, max-video-preview:-1\" \/>\n<link rel=\"canonical\" href=\"https:\/\/kibrisdakik.com\/?p=11821\" \/>\n<meta property=\"og:locale\" content=\"tr_TR\" \/>\n<meta property=\"og:type\" content=\"article\" \/>\n<meta property=\"og:title\" content=\"Olgun:K\u0131br\u0131s T\u00fcrk taraf\u0131 egemen e\u1e63itli\u011fini m\u00fczakere etmez, ettirmez -\" \/>\n<meta property=\"og:description\" content=\"Cumhurba\u015fkan\u0131 \u00d6zel Temsilcisi Erg\u00fcn Olgun, BRT\u2018nin Buras\u0131 \u00d6nemli program\u0131ndaLevent Kutay\u2019\u0131n sorular\u0131n\u0131 yan\u0131tlad\u0131. Erenk\u00f6y Gazisi olmas\u0131 nedeniyle duygular\u0131n\u0131n sorulmas\u0131 \u00fczerine Olgun,\u201cErenk\u00f6y\u2019e \u00e7\u0131k\u0131\u015f\u0131m\u0131z\u0131n, varolu\u015f m\u00fccadelemize fiziki oldu\u011fu kadar psikolojikve siyasi katk\u0131lar\u0131 da olmu\u015ftur\u201d dedi. B\u00fcy\u00fck kararl\u0131l\u0131kla, b\u00fcy\u00fck bir fedak\u00e2rl\u0131kla m\u00fccadele verildi\u011fini hat\u0131rlatan Erg\u00fcn Olgun, \u201cNi\u00e7in 600\u2019e yak\u0131n \u00f6\u011frenci, gen\u00e7 insan bu kararl\u0131l\u0131kla Erenk\u00f6y\u2019e\u00e7\u0131kt\u0131? Burada o d\u00f6nemdeki e\u011fitim\" \/>\n<meta property=\"og:url\" content=\"https:\/\/kibrisdakik.com\/?p=11821\" \/>\n<meta property=\"article:published_time\" content=\"2023-08-08T15:52:33+00:00\" \/>\n<meta property=\"og:image\" content=\"https:\/\/kibrisdakik.com\/wp-content\/uploads\/2023\/08\/InShot_20230808_182008732-740x420.jpg\" \/>\n\t<meta property=\"og:image:width\" content=\"1920\" \/>\n\t<meta property=\"og:image:height\" content=\"1079\" \/>\n\t<meta property=\"og:image:type\" content=\"image\/jpeg\" \/>\n<meta name=\"author\" content=\"admin\" \/>\n<meta name=\"twitter:card\" content=\"summary_large_image\" \/>\n<meta name=\"twitter:label1\" content=\"Yazan:\" \/>\n\t<meta name=\"twitter:data1\" content=\"admin\" \/>\n\t<meta name=\"twitter:label2\" content=\"Tahmini okuma s\u00fcresi\" \/>\n\t<meta name=\"twitter:data2\" content=\"5 dakika\" \/>\n<script type=\"application\/ld+json\" class=\"yoast-schema-graph\">{\"@context\":\"https:\\\/\\\/schema.org\",\"@graph\":[{\"@type\":\"Article\",\"@id\":\"https:\\\/\\\/kibrisdakik.com\\\/?p=11821#article\",\"isPartOf\":{\"@id\":\"https:\\\/\\\/kibrisdakik.com\\\/?p=11821\"},\"author\":{\"name\":\"admin\",\"@id\":\"https:\\\/\\\/kibrisdakik.com\\\/#\\\/schema\\\/person\\\/9cd9d437bbb44f72b73ba127e06d8e79\"},\"headline\":\"Olgun:K\u0131br\u0131s T\u00fcrk taraf\u0131 egemen e\u1e63itli\u011fini m\u00fczakere etmez, ettirmez\",\"datePublished\":\"2023-08-08T15:52:33+00:00\",\"mainEntityOfPage\":{\"@id\":\"https:\\\/\\\/kibrisdakik.com\\\/?p=11821\"},\"wordCount\":953,\"commentCount\":0,\"image\":{\"@id\":\"https:\\\/\\\/kibrisdakik.com\\\/?p=11821#primaryimage\"},\"thumbnailUrl\":\"https:\\\/\\\/kibrisdakik.com\\\/wp-content\\\/uploads\\\/2023\\\/08\\\/InShot_20230808_182008732-740x420.jpg\",\"articleSection\":[\"G\u00fcndem\"],\"inLanguage\":\"tr\",\"potentialAction\":[{\"@type\":\"CommentAction\",\"name\":\"Comment\",\"target\":[\"https:\\\/\\\/kibrisdakik.com\\\/?p=11821#respond\"]}]},{\"@type\":\"WebPage\",\"@id\":\"https:\\\/\\\/kibrisdakik.com\\\/?p=11821\",\"url\":\"https:\\\/\\\/kibrisdakik.com\\\/?p=11821\",\"name\":\"Olgun:K\u0131br\u0131s T\u00fcrk taraf\u0131 egemen e\u1e63itli\u011fini m\u00fczakere etmez, ettirmez -\",\"isPartOf\":{\"@id\":\"https:\\\/\\\/kibrisdakik.com\\\/#website\"},\"primaryImageOfPage\":{\"@id\":\"https:\\\/\\\/kibrisdakik.com\\\/?p=11821#primaryimage\"},\"image\":{\"@id\":\"https:\\\/\\\/kibrisdakik.com\\\/?p=11821#primaryimage\"},\"thumbnailUrl\":\"https:\\\/\\\/kibrisdakik.com\\\/wp-content\\\/uploads\\\/2023\\\/08\\\/InShot_20230808_182008732-740x420.jpg\",\"datePublished\":\"2023-08-08T15:52:33+00:00\",\"author\":{\"@id\":\"https:\\\/\\\/kibrisdakik.com\\\/#\\\/schema\\\/person\\\/9cd9d437bbb44f72b73ba127e06d8e79\"},\"breadcrumb\":{\"@id\":\"https:\\\/\\\/kibrisdakik.com\\\/?p=11821#breadcrumb\"},\"inLanguage\":\"tr\",\"potentialAction\":[{\"@type\":\"ReadAction\",\"target\":[\"https:\\\/\\\/kibrisdakik.com\\\/?p=11821\"]}]},{\"@type\":\"ImageObject\",\"inLanguage\":\"tr\",\"@id\":\"https:\\\/\\\/kibrisdakik.com\\\/?p=11821#primaryimage\",\"url\":\"https:\\\/\\\/kibrisdakik.com\\\/wp-content\\\/uploads\\\/2023\\\/08\\\/InShot_20230808_182008732-740x420.jpg\",\"contentUrl\":\"https:\\\/\\\/kibrisdakik.com\\\/wp-content\\\/uploads\\\/2023\\\/08\\\/InShot_20230808_182008732-740x420.jpg\",\"width\":1920,\"height\":1079},{\"@type\":\"BreadcrumbList\",\"@id\":\"https:\\\/\\\/kibrisdakik.com\\\/?p=11821#breadcrumb\",\"itemListElement\":[{\"@type\":\"ListItem\",\"position\":1,\"name\":\"Home\",\"item\":\"https:\\\/\\\/kibrisdakik.com\\\/\"},{\"@type\":\"ListItem\",\"position\":2,\"name\":\"Olgun:K\u0131br\u0131s T\u00fcrk taraf\u0131 egemen e\u1e63itli\u011fini m\u00fczakere etmez, ettirmez\"}]},{\"@type\":\"WebSite\",\"@id\":\"https:\\\/\\\/kibrisdakik.com\\\/#website\",\"url\":\"https:\\\/\\\/kibrisdakik.com\\\/\",\"name\":\"\",\"description\":\"Tam vaktinde haber\",\"potentialAction\":[{\"@type\":\"SearchAction\",\"target\":{\"@type\":\"EntryPoint\",\"urlTemplate\":\"https:\\\/\\\/kibrisdakik.com\\\/?s={search_term_string}\"},\"query-input\":{\"@type\":\"PropertyValueSpecification\",\"valueRequired\":true,\"valueName\":\"search_term_string\"}}],\"inLanguage\":\"tr\"},{\"@type\":\"Person\",\"@id\":\"https:\\\/\\\/kibrisdakik.com\\\/#\\\/schema\\\/person\\\/9cd9d437bbb44f72b73ba127e06d8e79\",\"name\":\"admin\",\"image\":{\"@type\":\"ImageObject\",\"inLanguage\":\"tr\",\"@id\":\"https:\\\/\\\/secure.gravatar.com\\\/avatar\\\/ccc17943b9d660506c869530f897617f7cb1c21a4bf30023f252596d83e1f007?s=96&d=mm&r=g\",\"url\":\"https:\\\/\\\/secure.gravatar.com\\\/avatar\\\/ccc17943b9d660506c869530f897617f7cb1c21a4bf30023f252596d83e1f007?s=96&d=mm&r=g\",\"contentUrl\":\"https:\\\/\\\/secure.gravatar.com\\\/avatar\\\/ccc17943b9d660506c869530f897617f7cb1c21a4bf30023f252596d83e1f007?s=96&d=mm&r=g\",\"caption\":\"admin\"},\"sameAs\":[\"https:\\\/\\\/kibrisdakik.com\"],\"url\":\"https:\\\/\\\/kibrisdakik.com\\\/?author=1\"}]}<\/script>\n<!-- \/ Yoast SEO plugin. -->","yoast_head_json":{"title":"Olgun:K\u0131br\u0131s T\u00fcrk taraf\u0131 egemen e\u1e63itli\u011fini m\u00fczakere etmez, ettirmez -","robots":{"index":"index","follow":"follow","max-snippet":"max-snippet:-1","max-image-preview":"max-image-preview:large","max-video-preview":"max-video-preview:-1"},"canonical":"https:\/\/kibrisdakik.com\/?p=11821","og_locale":"tr_TR","og_type":"article","og_title":"Olgun:K\u0131br\u0131s T\u00fcrk taraf\u0131 egemen e\u1e63itli\u011fini m\u00fczakere etmez, ettirmez -","og_description":"Cumhurba\u015fkan\u0131 \u00d6zel Temsilcisi Erg\u00fcn Olgun, BRT\u2018nin Buras\u0131 \u00d6nemli program\u0131ndaLevent Kutay\u2019\u0131n sorular\u0131n\u0131 yan\u0131tlad\u0131. Erenk\u00f6y Gazisi olmas\u0131 nedeniyle duygular\u0131n\u0131n sorulmas\u0131 \u00fczerine Olgun,\u201cErenk\u00f6y\u2019e \u00e7\u0131k\u0131\u015f\u0131m\u0131z\u0131n, varolu\u015f m\u00fccadelemize fiziki oldu\u011fu kadar psikolojikve siyasi katk\u0131lar\u0131 da olmu\u015ftur\u201d dedi. B\u00fcy\u00fck kararl\u0131l\u0131kla, b\u00fcy\u00fck bir fedak\u00e2rl\u0131kla m\u00fccadele verildi\u011fini hat\u0131rlatan Erg\u00fcn Olgun, \u201cNi\u00e7in 600\u2019e yak\u0131n \u00f6\u011frenci, gen\u00e7 insan bu kararl\u0131l\u0131kla Erenk\u00f6y\u2019e\u00e7\u0131kt\u0131? Burada o d\u00f6nemdeki e\u011fitim","og_url":"https:\/\/kibrisdakik.com\/?p=11821","article_published_time":"2023-08-08T15:52:33+00:00","og_image":[{"width":1920,"height":1079,"url":"https:\/\/kibrisdakik.com\/wp-content\/uploads\/2023\/08\/InShot_20230808_182008732-740x420.jpg","type":"image\/jpeg"}],"author":"admin","twitter_card":"summary_large_image","twitter_misc":{"Yazan:":"admin","Tahmini okuma s\u00fcresi":"5 dakika"},"schema":{"@context":"https:\/\/schema.org","@graph":[{"@type":"Article","@id":"https:\/\/kibrisdakik.com\/?p=11821#article","isPartOf":{"@id":"https:\/\/kibrisdakik.com\/?p=11821"},"author":{"name":"admin","@id":"https:\/\/kibrisdakik.com\/#\/schema\/person\/9cd9d437bbb44f72b73ba127e06d8e79"},"headline":"Olgun:K\u0131br\u0131s T\u00fcrk taraf\u0131 egemen e\u1e63itli\u011fini m\u00fczakere etmez, ettirmez","datePublished":"2023-08-08T15:52:33+00:00","mainEntityOfPage":{"@id":"https:\/\/kibrisdakik.com\/?p=11821"},"wordCount":953,"commentCount":0,"image":{"@id":"https:\/\/kibrisdakik.com\/?p=11821#primaryimage"},"thumbnailUrl":"https:\/\/kibrisdakik.com\/wp-content\/uploads\/2023\/08\/InShot_20230808_182008732-740x420.jpg","articleSection":["G\u00fcndem"],"inLanguage":"tr","potentialAction":[{"@type":"CommentAction","name":"Comment","target":["https:\/\/kibrisdakik.com\/?p=11821#respond"]}]},{"@type":"WebPage","@id":"https:\/\/kibrisdakik.com\/?p=11821","url":"https:\/\/kibrisdakik.com\/?p=11821","name":"Olgun:K\u0131br\u0131s T\u00fcrk taraf\u0131 egemen e\u1e63itli\u011fini m\u00fczakere etmez, ettirmez -","isPartOf":{"@id":"https:\/\/kibrisdakik.com\/#website"},"primaryImageOfPage":{"@id":"https:\/\/kibrisdakik.com\/?p=11821#primaryimage"},"image":{"@id":"https:\/\/kibrisdakik.com\/?p=11821#primaryimage"},"thumbnailUrl":"https:\/\/kibrisdakik.com\/wp-content\/uploads\/2023\/08\/InShot_20230808_182008732-740x420.jpg","datePublished":"2023-08-08T15:52:33+00:00","author":{"@id":"https:\/\/kibrisdakik.com\/#\/schema\/person\/9cd9d437bbb44f72b73ba127e06d8e79"},"breadcrumb":{"@id":"https:\/\/kibrisdakik.com\/?p=11821#breadcrumb"},"inLanguage":"tr","potentialAction":[{"@type":"ReadAction","target":["https:\/\/kibrisdakik.com\/?p=11821"]}]},{"@type":"ImageObject","inLanguage":"tr","@id":"https:\/\/kibrisdakik.com\/?p=11821#primaryimage","url":"https:\/\/kibrisdakik.com\/wp-content\/uploads\/2023\/08\/InShot_20230808_182008732-740x420.jpg","contentUrl":"https:\/\/kibrisdakik.com\/wp-content\/uploads\/2023\/08\/InShot_20230808_182008732-740x420.jpg","width":1920,"height":1079},{"@type":"BreadcrumbList","@id":"https:\/\/kibrisdakik.com\/?p=11821#breadcrumb","itemListElement":[{"@type":"ListItem","position":1,"name":"Home","item":"https:\/\/kibrisdakik.com\/"},{"@type":"ListItem","position":2,"name":"Olgun:K\u0131br\u0131s T\u00fcrk taraf\u0131 egemen e\u1e63itli\u011fini m\u00fczakere etmez, ettirmez"}]},{"@type":"WebSite","@id":"https:\/\/kibrisdakik.com\/#website","url":"https:\/\/kibrisdakik.com\/","name":"","description":"Tam vaktinde haber","potentialAction":[{"@type":"SearchAction","target":{"@type":"EntryPoint","urlTemplate":"https:\/\/kibrisdakik.com\/?s={search_term_string}"},"query-input":{"@type":"PropertyValueSpecification","valueRequired":true,"valueName":"search_term_string"}}],"inLanguage":"tr"},{"@type":"Person","@id":"https:\/\/kibrisdakik.com\/#\/schema\/person\/9cd9d437bbb44f72b73ba127e06d8e79","name":"admin","image":{"@type":"ImageObject","inLanguage":"tr","@id":"https:\/\/secure.gravatar.com\/avatar\/ccc17943b9d660506c869530f897617f7cb1c21a4bf30023f252596d83e1f007?s=96&d=mm&r=g","url":"https:\/\/secure.gravatar.com\/avatar\/ccc17943b9d660506c869530f897617f7cb1c21a4bf30023f252596d83e1f007?s=96&d=mm&r=g","contentUrl":"https:\/\/secure.gravatar.com\/avatar\/ccc17943b9d660506c869530f897617f7cb1c21a4bf30023f252596d83e1f007?s=96&d=mm&r=g","caption":"admin"},"sameAs":["https:\/\/kibrisdakik.com"],"url":"https:\/\/kibrisdakik.com\/?author=1"}]}},"_links":{"self":[{"href":"https:\/\/kibrisdakik.com\/index.php?rest_route=\/wp\/v2\/posts\/11821","targetHints":{"allow":["GET"]}}],"collection":[{"href":"https:\/\/kibrisdakik.com\/index.php?rest_route=\/wp\/v2\/posts"}],"about":[{"href":"https:\/\/kibrisdakik.com\/index.php?rest_route=\/wp\/v2\/types\/post"}],"author":[{"embeddable":true,"href":"https:\/\/kibrisdakik.com\/index.php?rest_route=\/wp\/v2\/users\/1"}],"replies":[{"embeddable":true,"href":"https:\/\/kibrisdakik.com\/index.php?rest_route=%2Fwp%2Fv2%2Fcomments&post=11821"}],"version-history":[{"count":0,"href":"https:\/\/kibrisdakik.com\/index.php?rest_route=\/wp\/v2\/posts\/11821\/revisions"}],"wp:featuredmedia":[{"embeddable":true,"href":"https:\/\/kibrisdakik.com\/index.php?rest_route=\/wp\/v2\/media\/11822"}],"wp:attachment":[{"href":"https:\/\/kibrisdakik.com\/index.php?rest_route=%2Fwp%2Fv2%2Fmedia&parent=11821"}],"wp:term":[{"taxonomy":"category","embeddable":true,"href":"https:\/\/kibrisdakik.com\/index.php?rest_route=%2Fwp%2Fv2%2Fcategories&post=11821"},{"taxonomy":"post_tag","embeddable":true,"href":"https:\/\/kibrisdakik.com\/index.php?rest_route=%2Fwp%2Fv2%2Ftags&post=11821"}],"curies":[{"name":"wp","href":"https:\/\/api.w.org\/{rel}","templated":true}]}}