{"id":11850,"date":"2023-08-09T10:19:11","date_gmt":"2023-08-09T10:19:11","guid":{"rendered":"https:\/\/kibrisdakik.com\/index.php\/2023\/08\/09\/ihtiyat-sandigi-yonetim-kurulunda-gorev-yapacak-isimler-resmi-gazetede\/"},"modified":"2023-08-09T10:19:11","modified_gmt":"2023-08-09T10:19:11","slug":"ihtiyat-sandigi-yonetim-kurulunda-gorev-yapacak-isimler-resmi-gazetede","status":"publish","type":"post","link":"https:\/\/kibrisdakik.com\/?p=11850","title":{"rendered":"\u0130htiyat Sand\u0131\u011f\u0131 Y\u00f6netim Kurulu\u2019nda g\u00f6rev yapacak isimler Resmi Gazete\u2019de"},"content":{"rendered":"<p><\/p>\n<div>\n<div class=\"mariselle-image-container center\">\n                <img width=\"880\" height=\"440\" class=\"lazy-image\" alt=\"\" decoding=\"async\" loading=\"lazy\" sizes=\"auto, (max-width: 880px) 100vw, 880px\" src=\"https:\/\/brtk.net\/wp-content\/uploads\/2023\/08\/09\/resmi-gazete78.jpg?ver=aae1c6a38376da4ad9f78c0461c2d359\" srcset=\"https:\/\/brtk.net\/wp-content\/uploads\/2023\/08\/09\/resmi-gazete78.jpg?ver=aae1c6a38376da4ad9f78c0461c2d359 880w, https:\/\/brtk.net\/wp-content\/uploads\/2023\/08\/09\/resmi-gazete78-300x150.jpg?ver=aae1c6a38376da4ad9f78c0461c2d359 300w, https:\/\/brtk.net\/wp-content\/uploads\/2023\/08\/09\/resmi-gazete78-768x384.jpg?ver=aae1c6a38376da4ad9f78c0461c2d359 768w, https:\/\/brtk.net\/wp-content\/uploads\/2023\/08\/09\/resmi-gazete78-720x360.jpg?ver=8b4d7327b240fed5c6df44e0695de355 720w\"\/>                            <\/div>\n<p>\u0130htiyat Sand\u0131\u011f\u0131 Y\u00f6netim Kurulu\u2019nda iki y\u0131l s\u00fcreyle g\u00f6rev yapacak isimler Resmi Gazete\u2019de yay\u0131nland\u0131.<\/p>\n<p>Buna g\u00f6re, Bakanlar Kurulu, 34\/1993 say\u0131l\u0131 \u0130htiyat Sand\u0131\u011f\u0131 Yasas\u0131\u2019n\u0131n 12\u2019nci maddesinin (2)\u2019nci f\u0131kras\u0131 uyar\u0131nca, isimleri belirtilen ki\u015filerin iki y\u0131l s\u00fcreyle \u0130htiyat Sand\u0131\u011f\u0131 Y\u00f6netim Kurulu\u2019nda g\u00f6rev yapmak \u00fczere atanmalar\u0131na karar verdi.<\/p>\n<p>9 ki\u015filik Y\u00f6netim Kurulu \u015fu isimlerden olu\u015ftu:<\/p>\n<p>\u201c1. Ecevit Alper (Ba\u015fkan)<\/p>\n<p>2. Metin G\u00f6kalp (\u00c7al\u0131\u015fma ve Sosyal G\u00fcvenlik Bakanl\u0131\u011f\u0131 Temsilcisi)<\/p>\n<p>3. Tu\u011f\u015fad T\u00fclbent\u00e7i (Maliye Bakanl\u0131\u011f\u0131 Temsilcisi)<\/p>\n<p>4. Fad\u0131l Kele\u015f (Devlet Planlama \u00d6rg\u00fct\u00fc Temsilcisi)<\/p>\n<p>5. Arslan B\u0131\u00e7akl\u0131 (T\u00fcrk-Sen Sendikas\u0131 Temsilcisi)<\/p>\n<p>6. Yakup \u00d6zdemir Latifo\u011flu (H\u00fcr-\u0130\u015f Federasyonu Temsilcisi)<\/p>\n<p>7. Ahmet Serdaro\u011flu (H\u00fcr \u0130\u015f Federasyonu Temsilcisi)<\/p>\n<p>8. \u00d6zg\u00fcn Kutalm\u0131\u015f (K\u0131br\u0131s T\u00fcrk \u0130\u015fverenler Sendikas\u0131 Temsilcisi)<\/p>\n<p>9. Ahmet Ogan (K\u0131br\u0131s T\u00fcrk \u0130\u015fverenler Sendikas\u0131 Temsilcisi)\u201d<\/p>\n<p>\u00a0<\/p>\n<\/p><\/div>\n<p><script async\n                    defer\n                    crossorigin=\"anonymous\"\n                    src=\"https:\/\/connect.facebook.net\/tr_TR\/sdk.js#xfbml=1&#038;version=v3.3\"\n            ><\/script><\/p>\n","protected":false},"excerpt":{"rendered":"<p>\u0130htiyat Sand\u0131\u011f\u0131 Y\u00f6netim Kurulu\u2019nda iki y\u0131l s\u00fcreyle g\u00f6rev yapacak isimler Resmi Gazete\u2019de yay\u0131nland\u0131. Buna g\u00f6re, Bakanlar Kurulu, 34\/1993 say\u0131l\u0131 \u0130htiyat Sand\u0131\u011f\u0131 Yasas\u0131\u2019n\u0131n 12\u2019nci maddesinin (2)\u2019nci f\u0131kras\u0131 uyar\u0131nca, isimleri belirtilen ki\u015filerin iki y\u0131l s\u00fcreyle \u0130htiyat Sand\u0131\u011f\u0131 Y\u00f6netim Kurulu\u2019nda g\u00f6rev yapmak \u00fczere atanmalar\u0131na karar verdi. 9 ki\u015filik Y\u00f6netim Kurulu \u015fu isimlerden olu\u015ftu: \u201c1. Ecevit Alper (Ba\u015fkan) 2.<\/p>\n","protected":false},"author":1,"featured_media":11851,"comment_status":"open","ping_status":"open","sticky":false,"template":"","format":"standard","meta":{"footnotes":""},"categories":[1],"tags":[],"class_list":["post-11850","post","type-post","status-publish","format-standard","has-post-thumbnail","hentry","category-gundem"],"yoast_head":"<!-- This site is optimized with the Yoast SEO plugin v27.4 - https:\/\/yoast.com\/product\/yoast-seo-wordpress\/ -->\n<title>\u0130htiyat Sand\u0131\u011f\u0131 Y\u00f6netim Kurulu\u2019nda g\u00f6rev yapacak isimler Resmi Gazete\u2019de -<\/title>\n<meta name=\"robots\" content=\"index, follow, max-snippet:-1, max-image-preview:large, max-video-preview:-1\" \/>\n<link rel=\"canonical\" href=\"https:\/\/kibrisdakik.com\/?p=11850\" \/>\n<meta property=\"og:locale\" content=\"tr_TR\" \/>\n<meta property=\"og:type\" content=\"article\" \/>\n<meta property=\"og:title\" content=\"\u0130htiyat Sand\u0131\u011f\u0131 Y\u00f6netim Kurulu\u2019nda g\u00f6rev yapacak isimler Resmi Gazete\u2019de -\" \/>\n<meta property=\"og:description\" content=\"\u0130htiyat Sand\u0131\u011f\u0131 Y\u00f6netim Kurulu\u2019nda iki y\u0131l s\u00fcreyle g\u00f6rev yapacak isimler Resmi Gazete\u2019de yay\u0131nland\u0131. Buna g\u00f6re, Bakanlar Kurulu, 34\/1993 say\u0131l\u0131 \u0130htiyat Sand\u0131\u011f\u0131 Yasas\u0131\u2019n\u0131n 12\u2019nci maddesinin (2)\u2019nci f\u0131kras\u0131 uyar\u0131nca, isimleri belirtilen ki\u015filerin iki y\u0131l s\u00fcreyle \u0130htiyat Sand\u0131\u011f\u0131 Y\u00f6netim Kurulu\u2019nda g\u00f6rev yapmak \u00fczere atanmalar\u0131na karar verdi. 9 ki\u015filik Y\u00f6netim Kurulu \u015fu isimlerden olu\u015ftu: \u201c1. Ecevit Alper (Ba\u015fkan) 2.\" \/>\n<meta property=\"og:url\" content=\"https:\/\/kibrisdakik.com\/?p=11850\" \/>\n<meta property=\"article:published_time\" content=\"2023-08-09T10:19:11+00:00\" \/>\n<meta property=\"og:image\" content=\"https:\/\/kibrisdakik.com\/wp-content\/uploads\/2023\/08\/resmi-gazete78-740x420.jpg\" \/>\n\t<meta property=\"og:image:width\" content=\"880\" \/>\n\t<meta property=\"og:image:height\" content=\"440\" \/>\n\t<meta property=\"og:image:type\" content=\"image\/jpeg\" \/>\n<meta name=\"author\" content=\"admin\" \/>\n<meta name=\"twitter:card\" content=\"summary_large_image\" \/>\n<meta name=\"twitter:label1\" content=\"Yazan:\" \/>\n\t<meta name=\"twitter:data1\" content=\"admin\" \/>\n\t<meta name=\"twitter:label2\" content=\"Tahmini okuma s\u00fcresi\" \/>\n\t<meta name=\"twitter:data2\" content=\"1 dakika\" \/>\n<script type=\"application\/ld+json\" class=\"yoast-schema-graph\">{\"@context\":\"https:\\\/\\\/schema.org\",\"@graph\":[{\"@type\":\"Article\",\"@id\":\"https:\\\/\\\/kibrisdakik.com\\\/?p=11850#article\",\"isPartOf\":{\"@id\":\"https:\\\/\\\/kibrisdakik.com\\\/?p=11850\"},\"author\":{\"name\":\"admin\",\"@id\":\"https:\\\/\\\/kibrisdakik.com\\\/#\\\/schema\\\/person\\\/9cd9d437bbb44f72b73ba127e06d8e79\"},\"headline\":\"\u0130htiyat Sand\u0131\u011f\u0131 Y\u00f6netim Kurulu\u2019nda g\u00f6rev yapacak isimler Resmi Gazete\u2019de\",\"datePublished\":\"2023-08-09T10:19:11+00:00\",\"mainEntityOfPage\":{\"@id\":\"https:\\\/\\\/kibrisdakik.com\\\/?p=11850\"},\"wordCount\":158,\"commentCount\":0,\"image\":{\"@id\":\"https:\\\/\\\/kibrisdakik.com\\\/?p=11850#primaryimage\"},\"thumbnailUrl\":\"https:\\\/\\\/kibrisdakik.com\\\/wp-content\\\/uploads\\\/2023\\\/08\\\/resmi-gazete78-740x420.jpg\",\"articleSection\":[\"G\u00fcndem\"],\"inLanguage\":\"tr\",\"potentialAction\":[{\"@type\":\"CommentAction\",\"name\":\"Comment\",\"target\":[\"https:\\\/\\\/kibrisdakik.com\\\/?p=11850#respond\"]}]},{\"@type\":\"WebPage\",\"@id\":\"https:\\\/\\\/kibrisdakik.com\\\/?p=11850\",\"url\":\"https:\\\/\\\/kibrisdakik.com\\\/?p=11850\",\"name\":\"\u0130htiyat Sand\u0131\u011f\u0131 Y\u00f6netim Kurulu\u2019nda g\u00f6rev yapacak isimler Resmi Gazete\u2019de -\",\"isPartOf\":{\"@id\":\"https:\\\/\\\/kibrisdakik.com\\\/#website\"},\"primaryImageOfPage\":{\"@id\":\"https:\\\/\\\/kibrisdakik.com\\\/?p=11850#primaryimage\"},\"image\":{\"@id\":\"https:\\\/\\\/kibrisdakik.com\\\/?p=11850#primaryimage\"},\"thumbnailUrl\":\"https:\\\/\\\/kibrisdakik.com\\\/wp-content\\\/uploads\\\/2023\\\/08\\\/resmi-gazete78-740x420.jpg\",\"datePublished\":\"2023-08-09T10:19:11+00:00\",\"author\":{\"@id\":\"https:\\\/\\\/kibrisdakik.com\\\/#\\\/schema\\\/person\\\/9cd9d437bbb44f72b73ba127e06d8e79\"},\"breadcrumb\":{\"@id\":\"https:\\\/\\\/kibrisdakik.com\\\/?p=11850#breadcrumb\"},\"inLanguage\":\"tr\",\"potentialAction\":[{\"@type\":\"ReadAction\",\"target\":[\"https:\\\/\\\/kibrisdakik.com\\\/?p=11850\"]}]},{\"@type\":\"ImageObject\",\"inLanguage\":\"tr\",\"@id\":\"https:\\\/\\\/kibrisdakik.com\\\/?p=11850#primaryimage\",\"url\":\"https:\\\/\\\/kibrisdakik.com\\\/wp-content\\\/uploads\\\/2023\\\/08\\\/resmi-gazete78-740x420.jpg\",\"contentUrl\":\"https:\\\/\\\/kibrisdakik.com\\\/wp-content\\\/uploads\\\/2023\\\/08\\\/resmi-gazete78-740x420.jpg\",\"width\":880,\"height\":440},{\"@type\":\"BreadcrumbList\",\"@id\":\"https:\\\/\\\/kibrisdakik.com\\\/?p=11850#breadcrumb\",\"itemListElement\":[{\"@type\":\"ListItem\",\"position\":1,\"name\":\"Home\",\"item\":\"https:\\\/\\\/kibrisdakik.com\\\/\"},{\"@type\":\"ListItem\",\"position\":2,\"name\":\"\u0130htiyat Sand\u0131\u011f\u0131 Y\u00f6netim Kurulu\u2019nda g\u00f6rev yapacak isimler Resmi Gazete\u2019de\"}]},{\"@type\":\"WebSite\",\"@id\":\"https:\\\/\\\/kibrisdakik.com\\\/#website\",\"url\":\"https:\\\/\\\/kibrisdakik.com\\\/\",\"name\":\"\",\"description\":\"Tam vaktinde haber\",\"potentialAction\":[{\"@type\":\"SearchAction\",\"target\":{\"@type\":\"EntryPoint\",\"urlTemplate\":\"https:\\\/\\\/kibrisdakik.com\\\/?s={search_term_string}\"},\"query-input\":{\"@type\":\"PropertyValueSpecification\",\"valueRequired\":true,\"valueName\":\"search_term_string\"}}],\"inLanguage\":\"tr\"},{\"@type\":\"Person\",\"@id\":\"https:\\\/\\\/kibrisdakik.com\\\/#\\\/schema\\\/person\\\/9cd9d437bbb44f72b73ba127e06d8e79\",\"name\":\"admin\",\"image\":{\"@type\":\"ImageObject\",\"inLanguage\":\"tr\",\"@id\":\"https:\\\/\\\/secure.gravatar.com\\\/avatar\\\/ccc17943b9d660506c869530f897617f7cb1c21a4bf30023f252596d83e1f007?s=96&d=mm&r=g\",\"url\":\"https:\\\/\\\/secure.gravatar.com\\\/avatar\\\/ccc17943b9d660506c869530f897617f7cb1c21a4bf30023f252596d83e1f007?s=96&d=mm&r=g\",\"contentUrl\":\"https:\\\/\\\/secure.gravatar.com\\\/avatar\\\/ccc17943b9d660506c869530f897617f7cb1c21a4bf30023f252596d83e1f007?s=96&d=mm&r=g\",\"caption\":\"admin\"},\"sameAs\":[\"https:\\\/\\\/kibrisdakik.com\"],\"url\":\"https:\\\/\\\/kibrisdakik.com\\\/?author=1\"}]}<\/script>\n<!-- \/ Yoast SEO plugin. -->","yoast_head_json":{"title":"\u0130htiyat Sand\u0131\u011f\u0131 Y\u00f6netim Kurulu\u2019nda g\u00f6rev yapacak isimler Resmi Gazete\u2019de -","robots":{"index":"index","follow":"follow","max-snippet":"max-snippet:-1","max-image-preview":"max-image-preview:large","max-video-preview":"max-video-preview:-1"},"canonical":"https:\/\/kibrisdakik.com\/?p=11850","og_locale":"tr_TR","og_type":"article","og_title":"\u0130htiyat Sand\u0131\u011f\u0131 Y\u00f6netim Kurulu\u2019nda g\u00f6rev yapacak isimler Resmi Gazete\u2019de -","og_description":"\u0130htiyat Sand\u0131\u011f\u0131 Y\u00f6netim Kurulu\u2019nda iki y\u0131l s\u00fcreyle g\u00f6rev yapacak isimler Resmi Gazete\u2019de yay\u0131nland\u0131. Buna g\u00f6re, Bakanlar Kurulu, 34\/1993 say\u0131l\u0131 \u0130htiyat Sand\u0131\u011f\u0131 Yasas\u0131\u2019n\u0131n 12\u2019nci maddesinin (2)\u2019nci f\u0131kras\u0131 uyar\u0131nca, isimleri belirtilen ki\u015filerin iki y\u0131l s\u00fcreyle \u0130htiyat Sand\u0131\u011f\u0131 Y\u00f6netim Kurulu\u2019nda g\u00f6rev yapmak \u00fczere atanmalar\u0131na karar verdi. 9 ki\u015filik Y\u00f6netim Kurulu \u015fu isimlerden olu\u015ftu: \u201c1. Ecevit Alper (Ba\u015fkan) 2.","og_url":"https:\/\/kibrisdakik.com\/?p=11850","article_published_time":"2023-08-09T10:19:11+00:00","og_image":[{"width":880,"height":440,"url":"https:\/\/kibrisdakik.com\/wp-content\/uploads\/2023\/08\/resmi-gazete78-740x420.jpg","type":"image\/jpeg"}],"author":"admin","twitter_card":"summary_large_image","twitter_misc":{"Yazan:":"admin","Tahmini okuma s\u00fcresi":"1 dakika"},"schema":{"@context":"https:\/\/schema.org","@graph":[{"@type":"Article","@id":"https:\/\/kibrisdakik.com\/?p=11850#article","isPartOf":{"@id":"https:\/\/kibrisdakik.com\/?p=11850"},"author":{"name":"admin","@id":"https:\/\/kibrisdakik.com\/#\/schema\/person\/9cd9d437bbb44f72b73ba127e06d8e79"},"headline":"\u0130htiyat Sand\u0131\u011f\u0131 Y\u00f6netim Kurulu\u2019nda g\u00f6rev yapacak isimler Resmi Gazete\u2019de","datePublished":"2023-08-09T10:19:11+00:00","mainEntityOfPage":{"@id":"https:\/\/kibrisdakik.com\/?p=11850"},"wordCount":158,"commentCount":0,"image":{"@id":"https:\/\/kibrisdakik.com\/?p=11850#primaryimage"},"thumbnailUrl":"https:\/\/kibrisdakik.com\/wp-content\/uploads\/2023\/08\/resmi-gazete78-740x420.jpg","articleSection":["G\u00fcndem"],"inLanguage":"tr","potentialAction":[{"@type":"CommentAction","name":"Comment","target":["https:\/\/kibrisdakik.com\/?p=11850#respond"]}]},{"@type":"WebPage","@id":"https:\/\/kibrisdakik.com\/?p=11850","url":"https:\/\/kibrisdakik.com\/?p=11850","name":"\u0130htiyat Sand\u0131\u011f\u0131 Y\u00f6netim Kurulu\u2019nda g\u00f6rev yapacak isimler Resmi Gazete\u2019de -","isPartOf":{"@id":"https:\/\/kibrisdakik.com\/#website"},"primaryImageOfPage":{"@id":"https:\/\/kibrisdakik.com\/?p=11850#primaryimage"},"image":{"@id":"https:\/\/kibrisdakik.com\/?p=11850#primaryimage"},"thumbnailUrl":"https:\/\/kibrisdakik.com\/wp-content\/uploads\/2023\/08\/resmi-gazete78-740x420.jpg","datePublished":"2023-08-09T10:19:11+00:00","author":{"@id":"https:\/\/kibrisdakik.com\/#\/schema\/person\/9cd9d437bbb44f72b73ba127e06d8e79"},"breadcrumb":{"@id":"https:\/\/kibrisdakik.com\/?p=11850#breadcrumb"},"inLanguage":"tr","potentialAction":[{"@type":"ReadAction","target":["https:\/\/kibrisdakik.com\/?p=11850"]}]},{"@type":"ImageObject","inLanguage":"tr","@id":"https:\/\/kibrisdakik.com\/?p=11850#primaryimage","url":"https:\/\/kibrisdakik.com\/wp-content\/uploads\/2023\/08\/resmi-gazete78-740x420.jpg","contentUrl":"https:\/\/kibrisdakik.com\/wp-content\/uploads\/2023\/08\/resmi-gazete78-740x420.jpg","width":880,"height":440},{"@type":"BreadcrumbList","@id":"https:\/\/kibrisdakik.com\/?p=11850#breadcrumb","itemListElement":[{"@type":"ListItem","position":1,"name":"Home","item":"https:\/\/kibrisdakik.com\/"},{"@type":"ListItem","position":2,"name":"\u0130htiyat Sand\u0131\u011f\u0131 Y\u00f6netim Kurulu\u2019nda g\u00f6rev yapacak isimler Resmi Gazete\u2019de"}]},{"@type":"WebSite","@id":"https:\/\/kibrisdakik.com\/#website","url":"https:\/\/kibrisdakik.com\/","name":"","description":"Tam vaktinde haber","potentialAction":[{"@type":"SearchAction","target":{"@type":"EntryPoint","urlTemplate":"https:\/\/kibrisdakik.com\/?s={search_term_string}"},"query-input":{"@type":"PropertyValueSpecification","valueRequired":true,"valueName":"search_term_string"}}],"inLanguage":"tr"},{"@type":"Person","@id":"https:\/\/kibrisdakik.com\/#\/schema\/person\/9cd9d437bbb44f72b73ba127e06d8e79","name":"admin","image":{"@type":"ImageObject","inLanguage":"tr","@id":"https:\/\/secure.gravatar.com\/avatar\/ccc17943b9d660506c869530f897617f7cb1c21a4bf30023f252596d83e1f007?s=96&d=mm&r=g","url":"https:\/\/secure.gravatar.com\/avatar\/ccc17943b9d660506c869530f897617f7cb1c21a4bf30023f252596d83e1f007?s=96&d=mm&r=g","contentUrl":"https:\/\/secure.gravatar.com\/avatar\/ccc17943b9d660506c869530f897617f7cb1c21a4bf30023f252596d83e1f007?s=96&d=mm&r=g","caption":"admin"},"sameAs":["https:\/\/kibrisdakik.com"],"url":"https:\/\/kibrisdakik.com\/?author=1"}]}},"_links":{"self":[{"href":"https:\/\/kibrisdakik.com\/index.php?rest_route=\/wp\/v2\/posts\/11850","targetHints":{"allow":["GET"]}}],"collection":[{"href":"https:\/\/kibrisdakik.com\/index.php?rest_route=\/wp\/v2\/posts"}],"about":[{"href":"https:\/\/kibrisdakik.com\/index.php?rest_route=\/wp\/v2\/types\/post"}],"author":[{"embeddable":true,"href":"https:\/\/kibrisdakik.com\/index.php?rest_route=\/wp\/v2\/users\/1"}],"replies":[{"embeddable":true,"href":"https:\/\/kibrisdakik.com\/index.php?rest_route=%2Fwp%2Fv2%2Fcomments&post=11850"}],"version-history":[{"count":0,"href":"https:\/\/kibrisdakik.com\/index.php?rest_route=\/wp\/v2\/posts\/11850\/revisions"}],"wp:featuredmedia":[{"embeddable":true,"href":"https:\/\/kibrisdakik.com\/index.php?rest_route=\/wp\/v2\/media\/11851"}],"wp:attachment":[{"href":"https:\/\/kibrisdakik.com\/index.php?rest_route=%2Fwp%2Fv2%2Fmedia&parent=11850"}],"wp:term":[{"taxonomy":"category","embeddable":true,"href":"https:\/\/kibrisdakik.com\/index.php?rest_route=%2Fwp%2Fv2%2Fcategories&post=11850"},{"taxonomy":"post_tag","embeddable":true,"href":"https:\/\/kibrisdakik.com\/index.php?rest_route=%2Fwp%2Fv2%2Ftags&post=11850"}],"curies":[{"name":"wp","href":"https:\/\/api.w.org\/{rel}","templated":true}]}}