{"id":11881,"date":"2023-08-09T16:31:42","date_gmt":"2023-08-09T16:31:42","guid":{"rendered":"https:\/\/kibrisdakik.com\/index.php\/2023\/08\/09\/tc-kktc-kultur-ve-turizm-ortak-calisma-grubu-1-toplantisi-yapildi-mutabakat-metni-imzalandi\/"},"modified":"2023-08-09T16:31:42","modified_gmt":"2023-08-09T16:31:42","slug":"tc-kktc-kultur-ve-turizm-ortak-calisma-grubu-1-toplantisi-yapildi-mutabakat-metni-imzalandi","status":"publish","type":"post","link":"https:\/\/kibrisdakik.com\/?p=11881","title":{"rendered":"TC-KKTC K\u00fclt\u00fcr ve Turizm Ortak \u00c7al\u0131\u015fma Grubu 1. Toplant\u0131s\u0131 yap\u0131ld\u0131, mutabakat metni imzaland\u0131"},"content":{"rendered":"<p><\/p>\n<div>\n<div class=\"mariselle-image-container center\">\n                <img width=\"2471\" height=\"1051\" class=\"lazy-image\" alt=\"\" decoding=\"async\" loading=\"lazy\" sizes=\"auto, (max-width: 2471px) 100vw, 2471px\" src=\"https:\/\/brtk.net\/wp-content\/uploads\/2023\/08\/09\/lkjlj.jpg?ver=0e3037671dbdc80a96fcc154825986e6\" srcset=\"https:\/\/brtk.net\/wp-content\/uploads\/2023\/08\/09\/lkjlj.jpg?ver=0e3037671dbdc80a96fcc154825986e6 2471w, https:\/\/brtk.net\/wp-content\/uploads\/2023\/08\/09\/lkjlj-300x128.jpg?ver=0e3037671dbdc80a96fcc154825986e6 300w, https:\/\/brtk.net\/wp-content\/uploads\/2023\/08\/09\/lkjlj-1024x436.jpg?ver=0e3037671dbdc80a96fcc154825986e6 1024w, https:\/\/brtk.net\/wp-content\/uploads\/2023\/08\/09\/lkjlj-768x327.jpg?ver=1dd349ef849c34de96df58444f0d2298 768w, https:\/\/brtk.net\/wp-content\/uploads\/2023\/08\/09\/lkjlj-1536x653.jpg?ver=1dd349ef849c34de96df58444f0d2298 1536w, https:\/\/brtk.net\/wp-content\/uploads\/2023\/08\/09\/lkjlj-2048x871.jpg?ver=696888e09cf743f899ee8c0dca2f3a97 2048w\"\/>                            <\/div>\n<p>\n 2022 ve 2023 Y\u0131llar\u0131 \u201cT\u00fcrkiye Cumhuriyeti ve Kuzey K\u0131br\u0131s T\u00fcrk Cumhuriyeti \u0130\u015fbirli\u011fi \u00c7er\u00e7eve Belgesi Eylem Planlar\u0131\u201d kapsam\u0131nda \u201cTC-<a href=\"https:\/\/brtk.net\/\"\/><a href=\"https:\/\/brtk.net\/\"\/><a href=\"https:\/\/brtk.net\/\"\/><a href=\"https:\/\/brtk.net\/\"\/><a href=\"https:\/\/brtk.net\/\"\/><a href=\"https:\/\/brtk.net\/\"\/><a href=\"https:\/\/brtk.net\/\"\/><a href=\"https:\/\/brtk.net\/\"\/><a href=\"https:\/\/brtk.net\/\"\/><a href=\"https:\/\/brtk.net\/\"\/><a href=\"https:\/\/brtk.net\/\"\/><a href=\"https:\/\/brtk.net\/\">KKTC<\/a> K\u00fclt\u00fcr ve Turizm Ortak \u00c7al\u0131\u015fma Grubu 1. Toplant\u0131s\u0131\u201d yap\u0131ld\u0131. Toplant\u0131n\u0131n ard\u0131ndan iki taraf aras\u0131nda k\u00fclt\u00fcr turizm alanlar\u0131nda i\u015f birli\u011fini \u00f6ng\u00f6ren mutabakat metni imzaland\u0131.<\/p>\n<p>2022 ve 2023 Y\u0131llar\u0131 \u201cT\u00fcrkiye Cumhuriyeti ve Kuzey K\u0131br\u0131s T\u00fcrk Cumhuriyeti \u0130\u015f Birli\u011fi \u00c7er\u00e7eve Belgesi Eylem Planlar\u0131\u201d kapsam\u0131nda \u201cTC-<a href=\"https:\/\/brtk.net\/\"\/><a href=\"https:\/\/brtk.net\/\"\/><a href=\"https:\/\/brtk.net\/\"\/><a href=\"https:\/\/brtk.net\/\"\/><a href=\"https:\/\/brtk.net\/\"\/><a href=\"https:\/\/brtk.net\/\"\/><a href=\"https:\/\/brtk.net\/\"\/><a href=\"https:\/\/brtk.net\/\"\/><a href=\"https:\/\/brtk.net\/\"\/><a href=\"https:\/\/brtk.net\/\"\/><a href=\"https:\/\/brtk.net\/\"\/><a href=\"https:\/\/brtk.net\/\">KKTC<\/a> K\u00fclt\u00fcr ve Turizm Ortak \u00c7al\u0131\u015fma Grubu 1. Toplant\u0131s\u0131\u201d, bug\u00fcn Lefko\u015fa\u2019da Concorde Hotel\u2019de d\u00fczenlendi. Toplant\u0131n\u0131n ard\u0131ndan kar\u015f\u0131l\u0131kl\u0131 olarak hediye takdim edildi ve mutabakat metni imzaland\u0131.  Mutabakat metnine, <a href=\"https:\/\/brtk.net\/\"\/><a href=\"https:\/\/brtk.net\/\"\/><a href=\"https:\/\/brtk.net\/\"\/><a href=\"https:\/\/brtk.net\/\"\/><a href=\"https:\/\/brtk.net\/\"\/><a href=\"https:\/\/brtk.net\/\"\/><a href=\"https:\/\/brtk.net\/\"\/><a href=\"https:\/\/brtk.net\/\"\/><a href=\"https:\/\/brtk.net\/\"\/><a href=\"https:\/\/brtk.net\/\"\/><a href=\"https:\/\/brtk.net\/\"\/><a href=\"https:\/\/brtk.net\/\">KKTC<\/a> heyetine ba\u015fkanl\u0131k eden Ba\u015fbakan Yard\u0131mc\u0131l\u0131\u011f\u0131, Turizm, K\u00fclt\u00fcr, Gen\u00e7lik ve \u00c7evre Bakanl\u0131\u011f\u0131 M\u00fcste\u015far\u0131 Serhan Aktun\u00e7 ve TC heyetine ba\u015fkanl\u0131k eden K\u00fclt\u00fcr ve Turizm Bakanl\u0131\u011f\u0131 Bakan Yard\u0131mc\u0131s\u0131 G\u00f6khan Yazg\u0131 imza koydu.<\/p>\n<p>Mutabakat metninin imzalanmas\u0131n\u0131n ard\u0131ndan konu\u015fan M\u00fcste\u015far Serhan Aktun\u00e7, TC-<a href=\"https:\/\/brtk.net\/\"\/><a href=\"https:\/\/brtk.net\/\"\/><a href=\"https:\/\/brtk.net\/\"\/><a href=\"https:\/\/brtk.net\/\"\/><a href=\"https:\/\/brtk.net\/\"\/><a href=\"https:\/\/brtk.net\/\"\/><a href=\"https:\/\/brtk.net\/\"\/><a href=\"https:\/\/brtk.net\/\"\/><a href=\"https:\/\/brtk.net\/\"\/><a href=\"https:\/\/brtk.net\/\"\/><a href=\"https:\/\/brtk.net\/\"\/><a href=\"https:\/\/brtk.net\/\">KKTC<\/a> K\u00fclt\u00fcr ve Turizm Ortak \u00c7al\u0131\u015fma Grubu 1. Toplant\u0131s\u0131\u2019n\u0131n geni\u015f kat\u0131l\u0131ml\u0131 olarak yap\u0131ld\u0131\u011f\u0131na dikkat \u00e7ekerek, t\u00fcm kat\u0131l\u0131mc\u0131lara te\u015fekk\u00fcr etti. Turizmin yeniden yap\u0131land\u0131r\u0131lmas\u0131, planlanmas\u0131, turizm \u00e7e\u015fitlili\u011finin \u00f6n plana \u00e7\u0131kar\u0131lmas\u0131 ve toplumla turistin daha \u00e7ok bir araya gelece\u011fi bir turizm \u015feklini ortaya \u00e7\u0131karmay\u0131 hedeflediklerini anlatan Aktun\u00e7, en k\u0131sa zamanda turizmin ger\u00e7ek anlamda lokomotif sekt\u00f6r haline gelece\u011fini ifade etti.<\/p>\n<p>T\u00fcrkiye Cumhuriyeti K\u00fclt\u00fcr ve Turizm Bakanl\u0131\u011f\u0131 Bakan Yard\u0131mc\u0131s\u0131 G\u00f6khan Yazg\u0131 ise, konu\u015fmas\u0131na teknik ekiplere te\u015fekk\u00fcr ederek ba\u015flad\u0131. Uzman ekiplerin bundan sonra daha s\u0131k\u0131 bir \u00e7al\u0131\u015fma s\u00fcrecine girece\u011fini kaydeden Yazg\u0131, \u201cK\u0131br\u0131s turizminin, hem k\u00fclt\u00fcrel anlamda hem turizm tesisleri anlam\u0131nda,  daha ileriye gitmesi ve hak etti\u011fi yeri bulabilmesi i\u00e7in T\u00fcrkiye Cumhuriyeti olarak elimizden gelen t\u00fcm deste\u011fi sa\u011flamaya devam edece\u011fiz. Bundan sonra beraber \u00e7ok daha g\u00fczel i\u015flere imza ataca\u011f\u0131z\u201d dedi.<\/p>\n<div class=\"mariselle-image-container center\">\n                <img width=\"2480\" height=\"1656\" class=\"lazy-image\" alt=\"\" decoding=\"async\" loading=\"lazy\" sizes=\"auto, (max-width: 2480px) 100vw, 2480px\" src=\"https:\/\/brtk.net\/wp-content\/uploads\/2023\/08\/09\/laskdjlaskjda.jpg?ver=9e6de53e122e2b2cb2f4f468ae1fbf41\" srcset=\"https:\/\/brtk.net\/wp-content\/uploads\/2023\/08\/09\/laskdjlaskjda.jpg?ver=9e6de53e122e2b2cb2f4f468ae1fbf41 2480w, https:\/\/brtk.net\/wp-content\/uploads\/2023\/08\/09\/laskdjlaskjda-300x200.jpg?ver=0a06807fc30f3ec4729e3b0f87b31186 300w, https:\/\/brtk.net\/wp-content\/uploads\/2023\/08\/09\/laskdjlaskjda-1024x684.jpg?ver=ce474a8e8e387841d1e13332b086e6ec 1024w, https:\/\/brtk.net\/wp-content\/uploads\/2023\/08\/09\/laskdjlaskjda-768x513.jpg?ver=ce474a8e8e387841d1e13332b086e6ec 768w, https:\/\/brtk.net\/wp-content\/uploads\/2023\/08\/09\/laskdjlaskjda-1536x1026.jpg?ver=c6f931bdac4cc680bf0381cd23f09e50 1536w, https:\/\/brtk.net\/wp-content\/uploads\/2023\/08\/09\/laskdjlaskjda-2048x1368.jpg?ver=46d03fe984162dd3c2fb22d9070615d9 2048w\"\/>                            <\/div>\n<p>-Mutabakat metni\u2026<\/p>\n<p>Taraflar, <a href=\"https:\/\/brtk.net\/\"\/><a href=\"https:\/\/brtk.net\/\"\/><a href=\"https:\/\/brtk.net\/\"\/><a href=\"https:\/\/brtk.net\/\"\/><a href=\"https:\/\/brtk.net\/\"\/><a href=\"https:\/\/brtk.net\/\"\/><a href=\"https:\/\/brtk.net\/\"\/><a href=\"https:\/\/brtk.net\/\"\/><a href=\"https:\/\/brtk.net\/\"\/><a href=\"https:\/\/brtk.net\/\"\/><a href=\"https:\/\/brtk.net\/\"\/><a href=\"https:\/\/brtk.net\/\">KKTC<\/a> K\u00fclt\u00fcr Varl\u0131klar\u0131 Envanteri Projesi\u2019nin tamamlanmas\u0131na ve <a href=\"https:\/\/brtk.net\/\"\/><a href=\"https:\/\/brtk.net\/\"\/><a href=\"https:\/\/brtk.net\/\"\/><a href=\"https:\/\/brtk.net\/\"\/><a href=\"https:\/\/brtk.net\/\"\/><a href=\"https:\/\/brtk.net\/\"\/><a href=\"https:\/\/brtk.net\/\"\/><a href=\"https:\/\/brtk.net\/\"\/><a href=\"https:\/\/brtk.net\/\"\/><a href=\"https:\/\/brtk.net\/\"\/><a href=\"https:\/\/brtk.net\/\"\/><a href=\"https:\/\/brtk.net\/\">KKTC<\/a>\u2019deki bilimsel arkeolojik kaz\u0131lara destek sa\u011flanmas\u0131na y\u00f6nelik i\u015f birli\u011fini s\u00fcrd\u00fcrme ve iki \u00fclkenin k\u00fclt\u00fcr ve sanat kurumlar\u0131 aras\u0131ndaki i\u015f birli\u011finin art\u0131r\u0131lmas\u0131 ile sanat\u00e7\u0131 de\u011fi\u015fimleri yap\u0131lmas\u0131na devam edilmesi hususlar\u0131nda mutabakata vard\u0131.<\/p>\n<p><a href=\"https:\/\/brtk.net\/\"\/><a href=\"https:\/\/brtk.net\/\"\/><a href=\"https:\/\/brtk.net\/\"\/><a href=\"https:\/\/brtk.net\/\"\/><a href=\"https:\/\/brtk.net\/\"\/><a href=\"https:\/\/brtk.net\/\"\/><a href=\"https:\/\/brtk.net\/\"\/><a href=\"https:\/\/brtk.net\/\"\/><a href=\"https:\/\/brtk.net\/\"\/><a href=\"https:\/\/brtk.net\/\"\/><a href=\"https:\/\/brtk.net\/\"\/><a href=\"https:\/\/brtk.net\/\">KKTC<\/a>\u2019de uygun alanlarda gezici sinema, k\u00fct\u00fcphane ve tiyatro kurulmas\u0131na y\u00f6nelik i\u015f birli\u011fi y\u00fcr\u00fct\u00fclmesinin de karara ba\u011fland\u0131\u011f\u0131 mutabakat metninde, m\u00fcze ve \u00f6ren yerleri i\u015fletmecili\u011finin modernize edilmesi ve bu mekanlar\u0131n hafta sonlar\u0131 da hizmet vermesi amac\u0131yla g\u00f6r\u00fc\u015f al\u0131\u015fveri\u015finde bulunulaca\u011f\u0131 belirtildi.<\/p>\n<p>Metinde, taraflar\u0131n Lefko\u015fa Yunus Emre T\u00fcrk K\u00fclt\u00fcr Merkezi taraf\u0131ndan <a href=\"https:\/\/brtk.net\/\"\/><a href=\"https:\/\/brtk.net\/\"\/><a href=\"https:\/\/brtk.net\/\"\/><a href=\"https:\/\/brtk.net\/\"\/><a href=\"https:\/\/brtk.net\/\"\/><a href=\"https:\/\/brtk.net\/\"\/><a href=\"https:\/\/brtk.net\/\"\/><a href=\"https:\/\/brtk.net\/\"\/><a href=\"https:\/\/brtk.net\/\"\/><a href=\"https:\/\/brtk.net\/\"\/><a href=\"https:\/\/brtk.net\/\"\/><a href=\"https:\/\/brtk.net\/\">KKTC<\/a>\u2019de yap\u0131lan faaliyetlerin yayg\u0131nla\u015ft\u0131r\u0131lmas\u0131n\u0131 destekleyece\u011fi ve K\u0131br\u0131s Vak\u0131flar \u0130daresi ta\u015f\u0131nmazlar\u0131ndan elde edilecek kira gelirlerinin art\u0131r\u0131lmas\u0131n\u0131n sa\u011flanmas\u0131na y\u00f6nelik i\u015f birli\u011fi y\u00fcr\u00fct\u00fclece\u011fi maddeleri de yer ald\u0131.<\/p>\n<p><a href=\"https:\/\/brtk.net\/\"\/><a href=\"https:\/\/brtk.net\/\"\/><a href=\"https:\/\/brtk.net\/\"\/><a href=\"https:\/\/brtk.net\/\"\/><a href=\"https:\/\/brtk.net\/\"\/><a href=\"https:\/\/brtk.net\/\"\/><a href=\"https:\/\/brtk.net\/\"\/><a href=\"https:\/\/brtk.net\/\"\/><a href=\"https:\/\/brtk.net\/\"\/><a href=\"https:\/\/brtk.net\/\"\/><a href=\"https:\/\/brtk.net\/\"\/><a href=\"https:\/\/brtk.net\/\">KKTC<\/a>\u2019de TC K\u00fclt\u00fcr ve Turizm Bakanl\u0131\u011f\u0131nca kurulumu yap\u0131lan Turizm \u0130statistik Sistemi\u2019ne teknik destek sa\u011flanmas\u0131na, <a href=\"https:\/\/brtk.net\/\"\/><a href=\"https:\/\/brtk.net\/\"\/><a href=\"https:\/\/brtk.net\/\"\/><a href=\"https:\/\/brtk.net\/\"\/><a href=\"https:\/\/brtk.net\/\"\/><a href=\"https:\/\/brtk.net\/\"\/><a href=\"https:\/\/brtk.net\/\"\/><a href=\"https:\/\/brtk.net\/\"\/><a href=\"https:\/\/brtk.net\/\"\/><a href=\"https:\/\/brtk.net\/\"\/><a href=\"https:\/\/brtk.net\/\"\/><a href=\"https:\/\/brtk.net\/\">KKTC<\/a>\u2019de turizm alt yap\u0131s\u0131n\u0131n geli\u015ftirilmesi amac\u0131yla g\u00fcvenli turizm sertifikasyonunun sa\u011flanmas\u0131na ve tesislerin s\u0131n\u0131fland\u0131r\u0131lmas\u0131 belgelendirilmesi ve denetlenmesine y\u00f6nelik mevzuat ve uygulamalarda da i\u015f birli\u011fini \u00f6ng\u00f6ren mutabakatta, \u201cTaraflar, <a href=\"https:\/\/brtk.net\/\"\/><a href=\"https:\/\/brtk.net\/\"\/><a href=\"https:\/\/brtk.net\/\"\/><a href=\"https:\/\/brtk.net\/\"\/><a href=\"https:\/\/brtk.net\/\"\/><a href=\"https:\/\/brtk.net\/\"\/><a href=\"https:\/\/brtk.net\/\"\/><a href=\"https:\/\/brtk.net\/\"\/><a href=\"https:\/\/brtk.net\/\"\/><a href=\"https:\/\/brtk.net\/\"\/><a href=\"https:\/\/brtk.net\/\"\/><a href=\"https:\/\/brtk.net\/\">KKTC<\/a>\u2019nin sahip oldu\u011fu do\u011fal, tarihi, somut ve somut olmayan k\u00fclt\u00fcrel de\u011ferlerin ortaya \u00e7\u0131kar\u0131lmas\u0131na, bu de\u011ferlerin gerekti\u011finde restorasyon \u00e7al\u0131\u015fmalar\u0131 yap\u0131larak gelecek nesillere aktar\u0131lmas\u0131na y\u00f6nelik i\u015f birli\u011fi y\u00fcr\u00fct\u00fclecektir\u201d denildi.<\/p>\n<p>Mutabakatta ayr\u0131ca, <a href=\"https:\/\/brtk.net\/\"\/><a href=\"https:\/\/brtk.net\/\"\/><a href=\"https:\/\/brtk.net\/\"\/><a href=\"https:\/\/brtk.net\/\"\/><a href=\"https:\/\/brtk.net\/\"\/><a href=\"https:\/\/brtk.net\/\"\/><a href=\"https:\/\/brtk.net\/\"\/><a href=\"https:\/\/brtk.net\/\"\/><a href=\"https:\/\/brtk.net\/\"\/><a href=\"https:\/\/brtk.net\/\"\/><a href=\"https:\/\/brtk.net\/\"\/><a href=\"https:\/\/brtk.net\/\">KKTC<\/a> k\u00fclt\u00fcr de\u011ferlerinin turizme kazand\u0131r\u0131lmas\u0131na, turizm odakl\u0131 tan\u0131t\u0131mlar\u0131n\u0131n yap\u0131lmas\u0131na ve markala\u015fma \u00e7al\u0131\u015fmalar\u0131 ile hedef pazar \u00fclkelerde tan\u0131t\u0131m faaliyetlerinin ger\u00e7ekle\u015ftirilmesine y\u00f6nelik i\u015f birli\u011fi geli\u015ftirilmesi; <a href=\"https:\/\/brtk.net\/\"\/><a href=\"https:\/\/brtk.net\/\"\/><a href=\"https:\/\/brtk.net\/\"\/><a href=\"https:\/\/brtk.net\/\"\/><a href=\"https:\/\/brtk.net\/\"\/><a href=\"https:\/\/brtk.net\/\"\/><a href=\"https:\/\/brtk.net\/\"\/><a href=\"https:\/\/brtk.net\/\"\/><a href=\"https:\/\/brtk.net\/\"\/><a href=\"https:\/\/brtk.net\/\"\/><a href=\"https:\/\/brtk.net\/\"\/><a href=\"https:\/\/brtk.net\/\">KKTC<\/a> turizm hizmet kalitesinin art\u0131r\u0131lmas\u0131 i\u00e7in sekt\u00f6r \u00e7al\u0131\u015fanlar\u0131na y\u00f6nelik e\u011fitim faaliyetleri yap\u0131lmas\u0131n\u0131n te\u015fvik edilmesi karara ba\u011fland\u0131.<\/p>\n<\/p><\/div>\n<p><script async\n                    defer\n                    crossorigin=\"anonymous\"\n                    src=\"https:\/\/connect.facebook.net\/tr_TR\/sdk.js#xfbml=1&#038;version=v3.3\"\n            ><\/script><\/p>\n","protected":false},"excerpt":{"rendered":"<p>2022 ve 2023 Y\u0131llar\u0131 \u201cT\u00fcrkiye Cumhuriyeti ve Kuzey K\u0131br\u0131s T\u00fcrk Cumhuriyeti \u0130\u015fbirli\u011fi \u00c7er\u00e7eve Belgesi Eylem Planlar\u0131\u201d kapsam\u0131nda \u201cTC-KKTC K\u00fclt\u00fcr ve Turizm Ortak \u00c7al\u0131\u015fma Grubu 1. Toplant\u0131s\u0131\u201d yap\u0131ld\u0131. Toplant\u0131n\u0131n ard\u0131ndan iki taraf aras\u0131nda k\u00fclt\u00fcr turizm alanlar\u0131nda i\u015f birli\u011fini \u00f6ng\u00f6ren mutabakat metni imzaland\u0131. 2022 ve 2023 Y\u0131llar\u0131 \u201cT\u00fcrkiye Cumhuriyeti ve Kuzey K\u0131br\u0131s T\u00fcrk Cumhuriyeti \u0130\u015f Birli\u011fi \u00c7er\u00e7eve<\/p>\n","protected":false},"author":1,"featured_media":11882,"comment_status":"open","ping_status":"open","sticky":false,"template":"","format":"standard","meta":{"footnotes":""},"categories":[1],"tags":[],"class_list":["post-11881","post","type-post","status-publish","format-standard","has-post-thumbnail","hentry","category-gundem"],"yoast_head":"<!-- This site is optimized with the Yoast SEO plugin v27.5 - https:\/\/yoast.com\/product\/yoast-seo-wordpress\/ -->\n<title>TC-KKTC K\u00fclt\u00fcr ve Turizm Ortak \u00c7al\u0131\u015fma Grubu 1. Toplant\u0131s\u0131 yap\u0131ld\u0131, mutabakat metni imzaland\u0131 -<\/title>\n<meta name=\"robots\" content=\"index, follow, max-snippet:-1, max-image-preview:large, max-video-preview:-1\" \/>\n<link rel=\"canonical\" href=\"https:\/\/kibrisdakik.com\/?p=11881\" \/>\n<meta property=\"og:locale\" content=\"tr_TR\" \/>\n<meta property=\"og:type\" content=\"article\" \/>\n<meta property=\"og:title\" content=\"TC-KKTC K\u00fclt\u00fcr ve Turizm Ortak \u00c7al\u0131\u015fma Grubu 1. Toplant\u0131s\u0131 yap\u0131ld\u0131, mutabakat metni imzaland\u0131 -\" \/>\n<meta property=\"og:description\" content=\"2022 ve 2023 Y\u0131llar\u0131 \u201cT\u00fcrkiye Cumhuriyeti ve Kuzey K\u0131br\u0131s T\u00fcrk Cumhuriyeti \u0130\u015fbirli\u011fi \u00c7er\u00e7eve Belgesi Eylem Planlar\u0131\u201d kapsam\u0131nda \u201cTC-KKTC K\u00fclt\u00fcr ve Turizm Ortak \u00c7al\u0131\u015fma Grubu 1. Toplant\u0131s\u0131\u201d yap\u0131ld\u0131. Toplant\u0131n\u0131n ard\u0131ndan iki taraf aras\u0131nda k\u00fclt\u00fcr turizm alanlar\u0131nda i\u015f birli\u011fini \u00f6ng\u00f6ren mutabakat metni imzaland\u0131. 2022 ve 2023 Y\u0131llar\u0131 \u201cT\u00fcrkiye Cumhuriyeti ve Kuzey K\u0131br\u0131s T\u00fcrk Cumhuriyeti \u0130\u015f Birli\u011fi \u00c7er\u00e7eve\" \/>\n<meta property=\"og:url\" content=\"https:\/\/kibrisdakik.com\/?p=11881\" \/>\n<meta property=\"article:published_time\" content=\"2023-08-09T16:31:42+00:00\" \/>\n<meta property=\"og:image\" content=\"https:\/\/kibrisdakik.com\/wp-content\/uploads\/2023\/08\/lkjlj-740x420.jpg\" \/>\n\t<meta property=\"og:image:width\" content=\"2471\" \/>\n\t<meta property=\"og:image:height\" content=\"1051\" \/>\n\t<meta property=\"og:image:type\" content=\"image\/jpeg\" \/>\n<meta name=\"author\" content=\"admin\" \/>\n<meta name=\"twitter:card\" content=\"summary_large_image\" \/>\n<meta name=\"twitter:label1\" content=\"Yazan:\" \/>\n\t<meta name=\"twitter:data1\" content=\"admin\" \/>\n\t<meta name=\"twitter:label2\" content=\"Tahmini okuma s\u00fcresi\" \/>\n\t<meta name=\"twitter:data2\" content=\"4 dakika\" \/>\n<script type=\"application\/ld+json\" class=\"yoast-schema-graph\">{\"@context\":\"https:\\\/\\\/schema.org\",\"@graph\":[{\"@type\":\"Article\",\"@id\":\"https:\\\/\\\/kibrisdakik.com\\\/?p=11881#article\",\"isPartOf\":{\"@id\":\"https:\\\/\\\/kibrisdakik.com\\\/?p=11881\"},\"author\":{\"name\":\"admin\",\"@id\":\"https:\\\/\\\/kibrisdakik.com\\\/#\\\/schema\\\/person\\\/9cd9d437bbb44f72b73ba127e06d8e79\"},\"headline\":\"TC-KKTC K\u00fclt\u00fcr ve Turizm Ortak \u00c7al\u0131\u015fma Grubu 1. Toplant\u0131s\u0131 yap\u0131ld\u0131, mutabakat metni imzaland\u0131\",\"datePublished\":\"2023-08-09T16:31:42+00:00\",\"mainEntityOfPage\":{\"@id\":\"https:\\\/\\\/kibrisdakik.com\\\/?p=11881\"},\"wordCount\":753,\"commentCount\":0,\"image\":{\"@id\":\"https:\\\/\\\/kibrisdakik.com\\\/?p=11881#primaryimage\"},\"thumbnailUrl\":\"https:\\\/\\\/kibrisdakik.com\\\/wp-content\\\/uploads\\\/2023\\\/08\\\/lkjlj-740x420.jpg\",\"articleSection\":[\"G\u00fcndem\"],\"inLanguage\":\"tr\",\"potentialAction\":[{\"@type\":\"CommentAction\",\"name\":\"Comment\",\"target\":[\"https:\\\/\\\/kibrisdakik.com\\\/?p=11881#respond\"]}]},{\"@type\":\"WebPage\",\"@id\":\"https:\\\/\\\/kibrisdakik.com\\\/?p=11881\",\"url\":\"https:\\\/\\\/kibrisdakik.com\\\/?p=11881\",\"name\":\"TC-KKTC K\u00fclt\u00fcr ve Turizm Ortak \u00c7al\u0131\u015fma Grubu 1. Toplant\u0131s\u0131 yap\u0131ld\u0131, mutabakat metni imzaland\u0131 -\",\"isPartOf\":{\"@id\":\"https:\\\/\\\/kibrisdakik.com\\\/#website\"},\"primaryImageOfPage\":{\"@id\":\"https:\\\/\\\/kibrisdakik.com\\\/?p=11881#primaryimage\"},\"image\":{\"@id\":\"https:\\\/\\\/kibrisdakik.com\\\/?p=11881#primaryimage\"},\"thumbnailUrl\":\"https:\\\/\\\/kibrisdakik.com\\\/wp-content\\\/uploads\\\/2023\\\/08\\\/lkjlj-740x420.jpg\",\"datePublished\":\"2023-08-09T16:31:42+00:00\",\"author\":{\"@id\":\"https:\\\/\\\/kibrisdakik.com\\\/#\\\/schema\\\/person\\\/9cd9d437bbb44f72b73ba127e06d8e79\"},\"breadcrumb\":{\"@id\":\"https:\\\/\\\/kibrisdakik.com\\\/?p=11881#breadcrumb\"},\"inLanguage\":\"tr\",\"potentialAction\":[{\"@type\":\"ReadAction\",\"target\":[\"https:\\\/\\\/kibrisdakik.com\\\/?p=11881\"]}]},{\"@type\":\"ImageObject\",\"inLanguage\":\"tr\",\"@id\":\"https:\\\/\\\/kibrisdakik.com\\\/?p=11881#primaryimage\",\"url\":\"https:\\\/\\\/kibrisdakik.com\\\/wp-content\\\/uploads\\\/2023\\\/08\\\/lkjlj-740x420.jpg\",\"contentUrl\":\"https:\\\/\\\/kibrisdakik.com\\\/wp-content\\\/uploads\\\/2023\\\/08\\\/lkjlj-740x420.jpg\",\"width\":2471,\"height\":1051},{\"@type\":\"BreadcrumbList\",\"@id\":\"https:\\\/\\\/kibrisdakik.com\\\/?p=11881#breadcrumb\",\"itemListElement\":[{\"@type\":\"ListItem\",\"position\":1,\"name\":\"Home\",\"item\":\"https:\\\/\\\/kibrisdakik.com\\\/\"},{\"@type\":\"ListItem\",\"position\":2,\"name\":\"TC-KKTC K\u00fclt\u00fcr ve Turizm Ortak \u00c7al\u0131\u015fma Grubu 1. Toplant\u0131s\u0131 yap\u0131ld\u0131, mutabakat metni imzaland\u0131\"}]},{\"@type\":\"WebSite\",\"@id\":\"https:\\\/\\\/kibrisdakik.com\\\/#website\",\"url\":\"https:\\\/\\\/kibrisdakik.com\\\/\",\"name\":\"\",\"description\":\"Tam vaktinde haber\",\"potentialAction\":[{\"@type\":\"SearchAction\",\"target\":{\"@type\":\"EntryPoint\",\"urlTemplate\":\"https:\\\/\\\/kibrisdakik.com\\\/?s={search_term_string}\"},\"query-input\":{\"@type\":\"PropertyValueSpecification\",\"valueRequired\":true,\"valueName\":\"search_term_string\"}}],\"inLanguage\":\"tr\"},{\"@type\":\"Person\",\"@id\":\"https:\\\/\\\/kibrisdakik.com\\\/#\\\/schema\\\/person\\\/9cd9d437bbb44f72b73ba127e06d8e79\",\"name\":\"admin\",\"image\":{\"@type\":\"ImageObject\",\"inLanguage\":\"tr\",\"@id\":\"https:\\\/\\\/secure.gravatar.com\\\/avatar\\\/ccc17943b9d660506c869530f897617f7cb1c21a4bf30023f252596d83e1f007?s=96&d=mm&r=g\",\"url\":\"https:\\\/\\\/secure.gravatar.com\\\/avatar\\\/ccc17943b9d660506c869530f897617f7cb1c21a4bf30023f252596d83e1f007?s=96&d=mm&r=g\",\"contentUrl\":\"https:\\\/\\\/secure.gravatar.com\\\/avatar\\\/ccc17943b9d660506c869530f897617f7cb1c21a4bf30023f252596d83e1f007?s=96&d=mm&r=g\",\"caption\":\"admin\"},\"sameAs\":[\"https:\\\/\\\/kibrisdakik.com\"],\"url\":\"https:\\\/\\\/kibrisdakik.com\\\/?author=1\"}]}<\/script>\n<!-- \/ Yoast SEO plugin. -->","yoast_head_json":{"title":"TC-KKTC K\u00fclt\u00fcr ve Turizm Ortak \u00c7al\u0131\u015fma Grubu 1. Toplant\u0131s\u0131 yap\u0131ld\u0131, mutabakat metni imzaland\u0131 -","robots":{"index":"index","follow":"follow","max-snippet":"max-snippet:-1","max-image-preview":"max-image-preview:large","max-video-preview":"max-video-preview:-1"},"canonical":"https:\/\/kibrisdakik.com\/?p=11881","og_locale":"tr_TR","og_type":"article","og_title":"TC-KKTC K\u00fclt\u00fcr ve Turizm Ortak \u00c7al\u0131\u015fma Grubu 1. Toplant\u0131s\u0131 yap\u0131ld\u0131, mutabakat metni imzaland\u0131 -","og_description":"2022 ve 2023 Y\u0131llar\u0131 \u201cT\u00fcrkiye Cumhuriyeti ve Kuzey K\u0131br\u0131s T\u00fcrk Cumhuriyeti \u0130\u015fbirli\u011fi \u00c7er\u00e7eve Belgesi Eylem Planlar\u0131\u201d kapsam\u0131nda \u201cTC-KKTC K\u00fclt\u00fcr ve Turizm Ortak \u00c7al\u0131\u015fma Grubu 1. Toplant\u0131s\u0131\u201d yap\u0131ld\u0131. Toplant\u0131n\u0131n ard\u0131ndan iki taraf aras\u0131nda k\u00fclt\u00fcr turizm alanlar\u0131nda i\u015f birli\u011fini \u00f6ng\u00f6ren mutabakat metni imzaland\u0131. 2022 ve 2023 Y\u0131llar\u0131 \u201cT\u00fcrkiye Cumhuriyeti ve Kuzey K\u0131br\u0131s T\u00fcrk Cumhuriyeti \u0130\u015f Birli\u011fi \u00c7er\u00e7eve","og_url":"https:\/\/kibrisdakik.com\/?p=11881","article_published_time":"2023-08-09T16:31:42+00:00","og_image":[{"width":2471,"height":1051,"url":"https:\/\/kibrisdakik.com\/wp-content\/uploads\/2023\/08\/lkjlj-740x420.jpg","type":"image\/jpeg"}],"author":"admin","twitter_card":"summary_large_image","twitter_misc":{"Yazan:":"admin","Tahmini okuma s\u00fcresi":"4 dakika"},"schema":{"@context":"https:\/\/schema.org","@graph":[{"@type":"Article","@id":"https:\/\/kibrisdakik.com\/?p=11881#article","isPartOf":{"@id":"https:\/\/kibrisdakik.com\/?p=11881"},"author":{"name":"admin","@id":"https:\/\/kibrisdakik.com\/#\/schema\/person\/9cd9d437bbb44f72b73ba127e06d8e79"},"headline":"TC-KKTC K\u00fclt\u00fcr ve Turizm Ortak \u00c7al\u0131\u015fma Grubu 1. Toplant\u0131s\u0131 yap\u0131ld\u0131, mutabakat metni imzaland\u0131","datePublished":"2023-08-09T16:31:42+00:00","mainEntityOfPage":{"@id":"https:\/\/kibrisdakik.com\/?p=11881"},"wordCount":753,"commentCount":0,"image":{"@id":"https:\/\/kibrisdakik.com\/?p=11881#primaryimage"},"thumbnailUrl":"https:\/\/kibrisdakik.com\/wp-content\/uploads\/2023\/08\/lkjlj-740x420.jpg","articleSection":["G\u00fcndem"],"inLanguage":"tr","potentialAction":[{"@type":"CommentAction","name":"Comment","target":["https:\/\/kibrisdakik.com\/?p=11881#respond"]}]},{"@type":"WebPage","@id":"https:\/\/kibrisdakik.com\/?p=11881","url":"https:\/\/kibrisdakik.com\/?p=11881","name":"TC-KKTC K\u00fclt\u00fcr ve Turizm Ortak \u00c7al\u0131\u015fma Grubu 1. Toplant\u0131s\u0131 yap\u0131ld\u0131, mutabakat metni imzaland\u0131 -","isPartOf":{"@id":"https:\/\/kibrisdakik.com\/#website"},"primaryImageOfPage":{"@id":"https:\/\/kibrisdakik.com\/?p=11881#primaryimage"},"image":{"@id":"https:\/\/kibrisdakik.com\/?p=11881#primaryimage"},"thumbnailUrl":"https:\/\/kibrisdakik.com\/wp-content\/uploads\/2023\/08\/lkjlj-740x420.jpg","datePublished":"2023-08-09T16:31:42+00:00","author":{"@id":"https:\/\/kibrisdakik.com\/#\/schema\/person\/9cd9d437bbb44f72b73ba127e06d8e79"},"breadcrumb":{"@id":"https:\/\/kibrisdakik.com\/?p=11881#breadcrumb"},"inLanguage":"tr","potentialAction":[{"@type":"ReadAction","target":["https:\/\/kibrisdakik.com\/?p=11881"]}]},{"@type":"ImageObject","inLanguage":"tr","@id":"https:\/\/kibrisdakik.com\/?p=11881#primaryimage","url":"https:\/\/kibrisdakik.com\/wp-content\/uploads\/2023\/08\/lkjlj-740x420.jpg","contentUrl":"https:\/\/kibrisdakik.com\/wp-content\/uploads\/2023\/08\/lkjlj-740x420.jpg","width":2471,"height":1051},{"@type":"BreadcrumbList","@id":"https:\/\/kibrisdakik.com\/?p=11881#breadcrumb","itemListElement":[{"@type":"ListItem","position":1,"name":"Home","item":"https:\/\/kibrisdakik.com\/"},{"@type":"ListItem","position":2,"name":"TC-KKTC K\u00fclt\u00fcr ve Turizm Ortak \u00c7al\u0131\u015fma Grubu 1. Toplant\u0131s\u0131 yap\u0131ld\u0131, mutabakat metni imzaland\u0131"}]},{"@type":"WebSite","@id":"https:\/\/kibrisdakik.com\/#website","url":"https:\/\/kibrisdakik.com\/","name":"","description":"Tam vaktinde haber","potentialAction":[{"@type":"SearchAction","target":{"@type":"EntryPoint","urlTemplate":"https:\/\/kibrisdakik.com\/?s={search_term_string}"},"query-input":{"@type":"PropertyValueSpecification","valueRequired":true,"valueName":"search_term_string"}}],"inLanguage":"tr"},{"@type":"Person","@id":"https:\/\/kibrisdakik.com\/#\/schema\/person\/9cd9d437bbb44f72b73ba127e06d8e79","name":"admin","image":{"@type":"ImageObject","inLanguage":"tr","@id":"https:\/\/secure.gravatar.com\/avatar\/ccc17943b9d660506c869530f897617f7cb1c21a4bf30023f252596d83e1f007?s=96&d=mm&r=g","url":"https:\/\/secure.gravatar.com\/avatar\/ccc17943b9d660506c869530f897617f7cb1c21a4bf30023f252596d83e1f007?s=96&d=mm&r=g","contentUrl":"https:\/\/secure.gravatar.com\/avatar\/ccc17943b9d660506c869530f897617f7cb1c21a4bf30023f252596d83e1f007?s=96&d=mm&r=g","caption":"admin"},"sameAs":["https:\/\/kibrisdakik.com"],"url":"https:\/\/kibrisdakik.com\/?author=1"}]}},"_links":{"self":[{"href":"https:\/\/kibrisdakik.com\/index.php?rest_route=\/wp\/v2\/posts\/11881","targetHints":{"allow":["GET"]}}],"collection":[{"href":"https:\/\/kibrisdakik.com\/index.php?rest_route=\/wp\/v2\/posts"}],"about":[{"href":"https:\/\/kibrisdakik.com\/index.php?rest_route=\/wp\/v2\/types\/post"}],"author":[{"embeddable":true,"href":"https:\/\/kibrisdakik.com\/index.php?rest_route=\/wp\/v2\/users\/1"}],"replies":[{"embeddable":true,"href":"https:\/\/kibrisdakik.com\/index.php?rest_route=%2Fwp%2Fv2%2Fcomments&post=11881"}],"version-history":[{"count":0,"href":"https:\/\/kibrisdakik.com\/index.php?rest_route=\/wp\/v2\/posts\/11881\/revisions"}],"wp:featuredmedia":[{"embeddable":true,"href":"https:\/\/kibrisdakik.com\/index.php?rest_route=\/wp\/v2\/media\/11882"}],"wp:attachment":[{"href":"https:\/\/kibrisdakik.com\/index.php?rest_route=%2Fwp%2Fv2%2Fmedia&parent=11881"}],"wp:term":[{"taxonomy":"category","embeddable":true,"href":"https:\/\/kibrisdakik.com\/index.php?rest_route=%2Fwp%2Fv2%2Fcategories&post=11881"},{"taxonomy":"post_tag","embeddable":true,"href":"https:\/\/kibrisdakik.com\/index.php?rest_route=%2Fwp%2Fv2%2Ftags&post=11881"}],"curies":[{"name":"wp","href":"https:\/\/api.w.org\/{rel}","templated":true}]}}