{"id":11885,"date":"2023-08-09T17:33:35","date_gmt":"2023-08-09T17:33:35","guid":{"rendered":"https:\/\/kibrisdakik.com\/index.php\/2023\/08\/09\/amcaoglu-ve-ozturkler-ankarada-temaslarda-bulundular\/"},"modified":"2023-08-09T17:33:35","modified_gmt":"2023-08-09T17:33:35","slug":"amcaoglu-ve-ozturkler-ankarada-temaslarda-bulundular","status":"publish","type":"post","link":"https:\/\/kibrisdakik.com\/?p=11885","title":{"rendered":"Amcao\u011flu ve \u00d6zt\u00fcrkler Ankara\u2019da temaslarda bulundular"},"content":{"rendered":"<p><\/p>\n<div>\n<div class=\"mariselle-image-container center\">\n                <img width=\"901\" height=\"418\" class=\"lazy-image\" alt=\"\" decoding=\"async\" loading=\"lazy\" sizes=\"auto, (max-width: 901px) 100vw, 901px\" src=\"https:\/\/brtk.net\/wp-content\/uploads\/2023\/08\/09\/ssflasflka.jpg?ver=a62ff65b8c0287289cc1ac744f626e11\" srcset=\"https:\/\/brtk.net\/wp-content\/uploads\/2023\/08\/09\/ssflasflka.jpg?ver=a62ff65b8c0287289cc1ac744f626e11 901w, https:\/\/brtk.net\/wp-content\/uploads\/2023\/08\/09\/ssflasflka-300x139.jpg?ver=a62ff65b8c0287289cc1ac744f626e11 300w, https:\/\/brtk.net\/wp-content\/uploads\/2023\/08\/09\/ssflasflka-768x356.jpg?ver=249c909d1242434df7214b758fd2fed4 768w\"\/>                            <\/div>\n<p>Ekonomi ve Enerji Bakan\u0131 Olgun Amcao\u011flu, Ankara temaslar\u0131n\u0131n ikinci g\u00fcn\u00fcnde Kuzey K\u0131br\u0131s T\u00fcrk Cumhuriyeti Ankara B\u00fcy\u00fckel\u00e7ili\u011fi\u2019nde 3 haber kanal\u0131na m\u00fclakat verdi.Bakan Amcao\u011flu, T\u00fcrkiye Cumhurba\u015fkan\u0131 Recep Tayyip Erdo\u011fan ve D\u0131\u015fi\u015fleri Bakan\u0131 Hakan Fidan\u2019\u0131n \u201d K\u0131br\u0131s konusunda tavr\u0131m\u0131z nettir.\u201d a\u00e7\u0131klamas\u0131na at\u0131fta bulunarak, T\u00fcrkiye Cumhuriyeti\u2019nin bu tavr\u0131n\u0131n K\u0131br\u0131s T\u00fcrk halk\u0131 i\u00e7in g\u00fcvenlik ve ekonomik b\u00fcy\u00fcme anlam\u0131nda sevindirici oldu\u011funu ifade etti.<\/p>\n<p>Amcao\u011flu, Ankara\u2019daki son temas\u0131n\u0131 Ankara Ticaret Odas\u0131\u2019na yapt\u0131. Ba\u015fkan G\u00fcrsel Baran ve y\u00f6netim kurulu \u00fcyeleriyle g\u00f6r\u00fc\u015ft\u00fc.G\u00fcncel ticari konular\u0131n ele al\u0131nd\u0131\u011f\u0131 g\u00f6r\u00fc\u015fmede, Ankara Ticaret Odas\u0131<br \/>\u00fcyelerinin tar\u0131m \u00fcr\u00fcnleri konusunda do\u011frudan al\u0131m yapmak i\u00e7in birebir g\u00f6r\u00fc\u015fme yapmas\u0131 ve al\u0131m anla\u015fmas\u0131 yap\u0131lmas\u0131 konular\u0131 ele al\u0131nd\u0131. Bu konu ile ilgili olarak ileriye d\u00f6n\u00fck olarak \u00e7al\u0131\u015fmalar yap\u0131lacak.<\/p>\n<div class=\"mariselle-image-container center\">\n                <img width=\"1024\" height=\"682\" class=\"lazy-image\" alt=\"\" decoding=\"async\" loading=\"lazy\" sizes=\"auto, (max-width: 1024px) 100vw, 1024px\" src=\"https:\/\/brtk.net\/wp-content\/uploads\/2023\/08\/09\/WhatsApp-Image-2023-08-09-at-16.28.46-1.jpeg?ver=4bb36cadab4b99f596c5e865989610e5\" srcset=\"https:\/\/brtk.net\/wp-content\/uploads\/2023\/08\/09\/WhatsApp-Image-2023-08-09-at-16.28.46-1.jpeg?ver=4bb36cadab4b99f596c5e865989610e5 1024w, https:\/\/brtk.net\/wp-content\/uploads\/2023\/08\/09\/WhatsApp-Image-2023-08-09-at-16.28.46-1-300x200.jpeg?ver=4bb36cadab4b99f596c5e865989610e5 300w, https:\/\/brtk.net\/wp-content\/uploads\/2023\/08\/09\/WhatsApp-Image-2023-08-09-at-16.28.46-1-768x512.jpeg?ver=4bb36cadab4b99f596c5e865989610e5 768w\"\/>                            <\/div>\n<p>\u0130\u00e7i\u015fleri Bakan\u0131 Ziya \u00d6zt\u00fcrkler\u2019de Ankara\u2019daki ilk g\u00f6r\u00fc\u015fmesini  T\u00fcrkiye Adalet Bakan\u0131 Y\u0131lmaz Tun\u00e7\u2019a ger\u00e7ekle\u015ftirdi. G\u00f6r\u00fc\u015fmede, 43 \/ 1988 say\u0131l\u0131 su\u00e7lular\u0131n geri verilmesi \u0130lamlar\u0131n kar\u015f\u0131l\u0131kl\u0131 tenfizi yani h\u00fckm\u00fc yerine getirilmesi ve adli yard\u0131mla\u015fma konular\u0131nda i\u015fbirli\u011fini i\u00e7eren anla\u015fma<br \/>Yeni cezaevine ta\u015f\u0131nma s\u00fcresi sonras\u0131 ortaya \u00e7\u0131kan eksikliklerin giderilmesi hususlar\u0131<br \/>Su\u00e7lular\u0131n iadesi konular\u0131 ele al\u0131nd\u0131.<\/p>\n<p>G\u00f6r\u00fc\u015fmenin en \u00f6nemli g\u00fcndem maddesi ise \u0130sias Davas\u0131 ile ilgili g\u00f6r\u00fc\u015fme oldu.<\/p>\n<p>6 \u015eubat 2023 tarihinde T\u00fcrkiye\u2019de meydana gelen deprem felaketinde Ad\u0131yaman\u2019da hayatlar\u0131n\u0131 kaybeden Ma\u011fusa T\u00fcrk Maarif Koleji \u00f6\u011frencileri \u015eampiyon Melekler i\u00e7in toplumda olu\u015fan hassasiyet Bakan Y\u0131lmaz Tun\u00e7\u2019a<br \/>aktar\u0131ld\u0131.<\/p>\n<p>Bakan Y\u0131lmaz Tun\u00e7\u2019ta, K\u0131br\u0131s T\u00fcrk halk\u0131n\u0131n bu konudaki hassasiyetini<br \/>g\u00f6rd\u00fcklerin, dava s\u00fcrecinin bizzat kendisi taraf\u0131ndan takip<br \/>edilece\u011finin s\u00f6z\u00fcn\u00fc verdi.<\/p>\n<p>Dava s\u00fcrecinde, \u015fu ana kadar 4 ki\u015fi tutuklu, 1 ki\u015fide adli kontrol \u015fart\u0131yla serbest b\u0131rak\u0131ld\u0131.<\/p>\n<p>\u0130stanbul Teknik \u00dcniversitesi\u2019ne d\u00fcn g\u00f6nderilen bilgiler ile gelecek bilir ki\u015fi raporuna g\u00f6re kamu davas\u0131 a\u00e7\u0131lacak. Bakan \u00d6zt\u00fcrkler, Anavatan T\u00fcrkiye Cumhuriyeti\u2019nin her zaman, her<br \/>konuda oldu\u011fun gibi K\u0131br\u0131s T\u00fcrk\u00fc\u2019n\u00fcn yan\u0131nda oldu\u011funu g\u00f6rmenin<br \/>mutlulu\u011funu ya\u015fad\u0131klar\u0131n\u0131 ifade etti.<\/p>\n<p>Bakan \u00d6zt\u00fcrkler, temaslar\u0131 kapsam\u0131nda T\u00fcrkiye Milli Savunma Bakan\u0131 Ya\u015far G\u00fcler ve mevkida\u015f\u0131 \u0130\u00e7i\u015fleri Bakan\u0131 Ali Yerlikaya ile g\u00f6r\u00fc\u015fecek.<a href=\"https:\/\/brtk.net\/\">BRT<\/a><\/p>\n<\/p><\/div>\n<p><script async\n                    defer\n                    crossorigin=\"anonymous\"\n                    src=\"https:\/\/connect.facebook.net\/tr_TR\/sdk.js#xfbml=1&#038;version=v3.3\"\n            ><\/script><\/p>\n","protected":false},"excerpt":{"rendered":"<p>Ekonomi ve Enerji Bakan\u0131 Olgun Amcao\u011flu, Ankara temaslar\u0131n\u0131n ikinci g\u00fcn\u00fcnde Kuzey K\u0131br\u0131s T\u00fcrk Cumhuriyeti Ankara B\u00fcy\u00fckel\u00e7ili\u011fi\u2019nde 3 haber kanal\u0131na m\u00fclakat verdi.Bakan Amcao\u011flu, T\u00fcrkiye Cumhurba\u015fkan\u0131 Recep Tayyip Erdo\u011fan ve D\u0131\u015fi\u015fleri Bakan\u0131 Hakan Fidan\u2019\u0131n \u201d K\u0131br\u0131s konusunda tavr\u0131m\u0131z nettir.\u201d a\u00e7\u0131klamas\u0131na at\u0131fta bulunarak, T\u00fcrkiye Cumhuriyeti\u2019nin bu tavr\u0131n\u0131n K\u0131br\u0131s T\u00fcrk halk\u0131 i\u00e7in g\u00fcvenlik ve ekonomik b\u00fcy\u00fcme anlam\u0131nda sevindirici oldu\u011funu<\/p>\n","protected":false},"author":1,"featured_media":11886,"comment_status":"open","ping_status":"open","sticky":false,"template":"","format":"standard","meta":{"footnotes":""},"categories":[1],"tags":[],"class_list":["post-11885","post","type-post","status-publish","format-standard","has-post-thumbnail","hentry","category-gundem"],"yoast_head":"<!-- This site is optimized with the Yoast SEO plugin v27.5 - https:\/\/yoast.com\/product\/yoast-seo-wordpress\/ -->\n<title>Amcao\u011flu ve \u00d6zt\u00fcrkler Ankara\u2019da temaslarda bulundular -<\/title>\n<meta name=\"robots\" content=\"index, follow, max-snippet:-1, max-image-preview:large, max-video-preview:-1\" \/>\n<link rel=\"canonical\" href=\"https:\/\/kibrisdakik.com\/?p=11885\" \/>\n<meta property=\"og:locale\" content=\"tr_TR\" \/>\n<meta property=\"og:type\" content=\"article\" \/>\n<meta property=\"og:title\" content=\"Amcao\u011flu ve \u00d6zt\u00fcrkler Ankara\u2019da temaslarda bulundular -\" \/>\n<meta property=\"og:description\" content=\"Ekonomi ve Enerji Bakan\u0131 Olgun Amcao\u011flu, Ankara temaslar\u0131n\u0131n ikinci g\u00fcn\u00fcnde Kuzey K\u0131br\u0131s T\u00fcrk Cumhuriyeti Ankara B\u00fcy\u00fckel\u00e7ili\u011fi\u2019nde 3 haber kanal\u0131na m\u00fclakat verdi.Bakan Amcao\u011flu, T\u00fcrkiye Cumhurba\u015fkan\u0131 Recep Tayyip Erdo\u011fan ve D\u0131\u015fi\u015fleri Bakan\u0131 Hakan Fidan\u2019\u0131n \u201d K\u0131br\u0131s konusunda tavr\u0131m\u0131z nettir.\u201d a\u00e7\u0131klamas\u0131na at\u0131fta bulunarak, T\u00fcrkiye Cumhuriyeti\u2019nin bu tavr\u0131n\u0131n K\u0131br\u0131s T\u00fcrk halk\u0131 i\u00e7in g\u00fcvenlik ve ekonomik b\u00fcy\u00fcme anlam\u0131nda sevindirici oldu\u011funu\" \/>\n<meta property=\"og:url\" content=\"https:\/\/kibrisdakik.com\/?p=11885\" \/>\n<meta property=\"article:published_time\" content=\"2023-08-09T17:33:35+00:00\" \/>\n<meta property=\"og:image\" content=\"https:\/\/kibrisdakik.com\/wp-content\/uploads\/2023\/08\/ssflasflka-740x418.jpg\" \/>\n\t<meta property=\"og:image:width\" content=\"901\" \/>\n\t<meta property=\"og:image:height\" content=\"418\" \/>\n\t<meta property=\"og:image:type\" content=\"image\/jpeg\" \/>\n<meta name=\"author\" content=\"admin\" \/>\n<meta name=\"twitter:card\" content=\"summary_large_image\" \/>\n<meta name=\"twitter:label1\" content=\"Yazan:\" \/>\n\t<meta name=\"twitter:data1\" content=\"admin\" \/>\n\t<meta name=\"twitter:label2\" content=\"Tahmini okuma s\u00fcresi\" \/>\n\t<meta name=\"twitter:data2\" content=\"2 dakika\" \/>\n<script type=\"application\/ld+json\" class=\"yoast-schema-graph\">{\"@context\":\"https:\\\/\\\/schema.org\",\"@graph\":[{\"@type\":\"Article\",\"@id\":\"https:\\\/\\\/kibrisdakik.com\\\/?p=11885#article\",\"isPartOf\":{\"@id\":\"https:\\\/\\\/kibrisdakik.com\\\/?p=11885\"},\"author\":{\"name\":\"admin\",\"@id\":\"https:\\\/\\\/kibrisdakik.com\\\/#\\\/schema\\\/person\\\/9cd9d437bbb44f72b73ba127e06d8e79\"},\"headline\":\"Amcao\u011flu ve \u00d6zt\u00fcrkler Ankara\u2019da temaslarda bulundular\",\"datePublished\":\"2023-08-09T17:33:35+00:00\",\"mainEntityOfPage\":{\"@id\":\"https:\\\/\\\/kibrisdakik.com\\\/?p=11885\"},\"wordCount\":452,\"commentCount\":0,\"image\":{\"@id\":\"https:\\\/\\\/kibrisdakik.com\\\/?p=11885#primaryimage\"},\"thumbnailUrl\":\"https:\\\/\\\/kibrisdakik.com\\\/wp-content\\\/uploads\\\/2023\\\/08\\\/ssflasflka-740x418.jpg\",\"articleSection\":[\"G\u00fcndem\"],\"inLanguage\":\"tr\",\"potentialAction\":[{\"@type\":\"CommentAction\",\"name\":\"Comment\",\"target\":[\"https:\\\/\\\/kibrisdakik.com\\\/?p=11885#respond\"]}]},{\"@type\":\"WebPage\",\"@id\":\"https:\\\/\\\/kibrisdakik.com\\\/?p=11885\",\"url\":\"https:\\\/\\\/kibrisdakik.com\\\/?p=11885\",\"name\":\"Amcao\u011flu ve \u00d6zt\u00fcrkler Ankara\u2019da temaslarda bulundular -\",\"isPartOf\":{\"@id\":\"https:\\\/\\\/kibrisdakik.com\\\/#website\"},\"primaryImageOfPage\":{\"@id\":\"https:\\\/\\\/kibrisdakik.com\\\/?p=11885#primaryimage\"},\"image\":{\"@id\":\"https:\\\/\\\/kibrisdakik.com\\\/?p=11885#primaryimage\"},\"thumbnailUrl\":\"https:\\\/\\\/kibrisdakik.com\\\/wp-content\\\/uploads\\\/2023\\\/08\\\/ssflasflka-740x418.jpg\",\"datePublished\":\"2023-08-09T17:33:35+00:00\",\"author\":{\"@id\":\"https:\\\/\\\/kibrisdakik.com\\\/#\\\/schema\\\/person\\\/9cd9d437bbb44f72b73ba127e06d8e79\"},\"breadcrumb\":{\"@id\":\"https:\\\/\\\/kibrisdakik.com\\\/?p=11885#breadcrumb\"},\"inLanguage\":\"tr\",\"potentialAction\":[{\"@type\":\"ReadAction\",\"target\":[\"https:\\\/\\\/kibrisdakik.com\\\/?p=11885\"]}]},{\"@type\":\"ImageObject\",\"inLanguage\":\"tr\",\"@id\":\"https:\\\/\\\/kibrisdakik.com\\\/?p=11885#primaryimage\",\"url\":\"https:\\\/\\\/kibrisdakik.com\\\/wp-content\\\/uploads\\\/2023\\\/08\\\/ssflasflka-740x418.jpg\",\"contentUrl\":\"https:\\\/\\\/kibrisdakik.com\\\/wp-content\\\/uploads\\\/2023\\\/08\\\/ssflasflka-740x418.jpg\",\"width\":901,\"height\":418},{\"@type\":\"BreadcrumbList\",\"@id\":\"https:\\\/\\\/kibrisdakik.com\\\/?p=11885#breadcrumb\",\"itemListElement\":[{\"@type\":\"ListItem\",\"position\":1,\"name\":\"Home\",\"item\":\"https:\\\/\\\/kibrisdakik.com\\\/\"},{\"@type\":\"ListItem\",\"position\":2,\"name\":\"Amcao\u011flu ve \u00d6zt\u00fcrkler Ankara\u2019da temaslarda bulundular\"}]},{\"@type\":\"WebSite\",\"@id\":\"https:\\\/\\\/kibrisdakik.com\\\/#website\",\"url\":\"https:\\\/\\\/kibrisdakik.com\\\/\",\"name\":\"\",\"description\":\"Tam vaktinde haber\",\"potentialAction\":[{\"@type\":\"SearchAction\",\"target\":{\"@type\":\"EntryPoint\",\"urlTemplate\":\"https:\\\/\\\/kibrisdakik.com\\\/?s={search_term_string}\"},\"query-input\":{\"@type\":\"PropertyValueSpecification\",\"valueRequired\":true,\"valueName\":\"search_term_string\"}}],\"inLanguage\":\"tr\"},{\"@type\":\"Person\",\"@id\":\"https:\\\/\\\/kibrisdakik.com\\\/#\\\/schema\\\/person\\\/9cd9d437bbb44f72b73ba127e06d8e79\",\"name\":\"admin\",\"image\":{\"@type\":\"ImageObject\",\"inLanguage\":\"tr\",\"@id\":\"https:\\\/\\\/secure.gravatar.com\\\/avatar\\\/ccc17943b9d660506c869530f897617f7cb1c21a4bf30023f252596d83e1f007?s=96&d=mm&r=g\",\"url\":\"https:\\\/\\\/secure.gravatar.com\\\/avatar\\\/ccc17943b9d660506c869530f897617f7cb1c21a4bf30023f252596d83e1f007?s=96&d=mm&r=g\",\"contentUrl\":\"https:\\\/\\\/secure.gravatar.com\\\/avatar\\\/ccc17943b9d660506c869530f897617f7cb1c21a4bf30023f252596d83e1f007?s=96&d=mm&r=g\",\"caption\":\"admin\"},\"sameAs\":[\"https:\\\/\\\/kibrisdakik.com\"],\"url\":\"https:\\\/\\\/kibrisdakik.com\\\/?author=1\"}]}<\/script>\n<!-- \/ Yoast SEO plugin. -->","yoast_head_json":{"title":"Amcao\u011flu ve \u00d6zt\u00fcrkler Ankara\u2019da temaslarda bulundular -","robots":{"index":"index","follow":"follow","max-snippet":"max-snippet:-1","max-image-preview":"max-image-preview:large","max-video-preview":"max-video-preview:-1"},"canonical":"https:\/\/kibrisdakik.com\/?p=11885","og_locale":"tr_TR","og_type":"article","og_title":"Amcao\u011flu ve \u00d6zt\u00fcrkler Ankara\u2019da temaslarda bulundular -","og_description":"Ekonomi ve Enerji Bakan\u0131 Olgun Amcao\u011flu, Ankara temaslar\u0131n\u0131n ikinci g\u00fcn\u00fcnde Kuzey K\u0131br\u0131s T\u00fcrk Cumhuriyeti Ankara B\u00fcy\u00fckel\u00e7ili\u011fi\u2019nde 3 haber kanal\u0131na m\u00fclakat verdi.Bakan Amcao\u011flu, T\u00fcrkiye Cumhurba\u015fkan\u0131 Recep Tayyip Erdo\u011fan ve D\u0131\u015fi\u015fleri Bakan\u0131 Hakan Fidan\u2019\u0131n \u201d K\u0131br\u0131s konusunda tavr\u0131m\u0131z nettir.\u201d a\u00e7\u0131klamas\u0131na at\u0131fta bulunarak, T\u00fcrkiye Cumhuriyeti\u2019nin bu tavr\u0131n\u0131n K\u0131br\u0131s T\u00fcrk halk\u0131 i\u00e7in g\u00fcvenlik ve ekonomik b\u00fcy\u00fcme anlam\u0131nda sevindirici oldu\u011funu","og_url":"https:\/\/kibrisdakik.com\/?p=11885","article_published_time":"2023-08-09T17:33:35+00:00","og_image":[{"width":901,"height":418,"url":"https:\/\/kibrisdakik.com\/wp-content\/uploads\/2023\/08\/ssflasflka-740x418.jpg","type":"image\/jpeg"}],"author":"admin","twitter_card":"summary_large_image","twitter_misc":{"Yazan:":"admin","Tahmini okuma s\u00fcresi":"2 dakika"},"schema":{"@context":"https:\/\/schema.org","@graph":[{"@type":"Article","@id":"https:\/\/kibrisdakik.com\/?p=11885#article","isPartOf":{"@id":"https:\/\/kibrisdakik.com\/?p=11885"},"author":{"name":"admin","@id":"https:\/\/kibrisdakik.com\/#\/schema\/person\/9cd9d437bbb44f72b73ba127e06d8e79"},"headline":"Amcao\u011flu ve \u00d6zt\u00fcrkler Ankara\u2019da temaslarda bulundular","datePublished":"2023-08-09T17:33:35+00:00","mainEntityOfPage":{"@id":"https:\/\/kibrisdakik.com\/?p=11885"},"wordCount":452,"commentCount":0,"image":{"@id":"https:\/\/kibrisdakik.com\/?p=11885#primaryimage"},"thumbnailUrl":"https:\/\/kibrisdakik.com\/wp-content\/uploads\/2023\/08\/ssflasflka-740x418.jpg","articleSection":["G\u00fcndem"],"inLanguage":"tr","potentialAction":[{"@type":"CommentAction","name":"Comment","target":["https:\/\/kibrisdakik.com\/?p=11885#respond"]}]},{"@type":"WebPage","@id":"https:\/\/kibrisdakik.com\/?p=11885","url":"https:\/\/kibrisdakik.com\/?p=11885","name":"Amcao\u011flu ve \u00d6zt\u00fcrkler Ankara\u2019da temaslarda bulundular -","isPartOf":{"@id":"https:\/\/kibrisdakik.com\/#website"},"primaryImageOfPage":{"@id":"https:\/\/kibrisdakik.com\/?p=11885#primaryimage"},"image":{"@id":"https:\/\/kibrisdakik.com\/?p=11885#primaryimage"},"thumbnailUrl":"https:\/\/kibrisdakik.com\/wp-content\/uploads\/2023\/08\/ssflasflka-740x418.jpg","datePublished":"2023-08-09T17:33:35+00:00","author":{"@id":"https:\/\/kibrisdakik.com\/#\/schema\/person\/9cd9d437bbb44f72b73ba127e06d8e79"},"breadcrumb":{"@id":"https:\/\/kibrisdakik.com\/?p=11885#breadcrumb"},"inLanguage":"tr","potentialAction":[{"@type":"ReadAction","target":["https:\/\/kibrisdakik.com\/?p=11885"]}]},{"@type":"ImageObject","inLanguage":"tr","@id":"https:\/\/kibrisdakik.com\/?p=11885#primaryimage","url":"https:\/\/kibrisdakik.com\/wp-content\/uploads\/2023\/08\/ssflasflka-740x418.jpg","contentUrl":"https:\/\/kibrisdakik.com\/wp-content\/uploads\/2023\/08\/ssflasflka-740x418.jpg","width":901,"height":418},{"@type":"BreadcrumbList","@id":"https:\/\/kibrisdakik.com\/?p=11885#breadcrumb","itemListElement":[{"@type":"ListItem","position":1,"name":"Home","item":"https:\/\/kibrisdakik.com\/"},{"@type":"ListItem","position":2,"name":"Amcao\u011flu ve \u00d6zt\u00fcrkler Ankara\u2019da temaslarda bulundular"}]},{"@type":"WebSite","@id":"https:\/\/kibrisdakik.com\/#website","url":"https:\/\/kibrisdakik.com\/","name":"","description":"Tam vaktinde haber","potentialAction":[{"@type":"SearchAction","target":{"@type":"EntryPoint","urlTemplate":"https:\/\/kibrisdakik.com\/?s={search_term_string}"},"query-input":{"@type":"PropertyValueSpecification","valueRequired":true,"valueName":"search_term_string"}}],"inLanguage":"tr"},{"@type":"Person","@id":"https:\/\/kibrisdakik.com\/#\/schema\/person\/9cd9d437bbb44f72b73ba127e06d8e79","name":"admin","image":{"@type":"ImageObject","inLanguage":"tr","@id":"https:\/\/secure.gravatar.com\/avatar\/ccc17943b9d660506c869530f897617f7cb1c21a4bf30023f252596d83e1f007?s=96&d=mm&r=g","url":"https:\/\/secure.gravatar.com\/avatar\/ccc17943b9d660506c869530f897617f7cb1c21a4bf30023f252596d83e1f007?s=96&d=mm&r=g","contentUrl":"https:\/\/secure.gravatar.com\/avatar\/ccc17943b9d660506c869530f897617f7cb1c21a4bf30023f252596d83e1f007?s=96&d=mm&r=g","caption":"admin"},"sameAs":["https:\/\/kibrisdakik.com"],"url":"https:\/\/kibrisdakik.com\/?author=1"}]}},"_links":{"self":[{"href":"https:\/\/kibrisdakik.com\/index.php?rest_route=\/wp\/v2\/posts\/11885","targetHints":{"allow":["GET"]}}],"collection":[{"href":"https:\/\/kibrisdakik.com\/index.php?rest_route=\/wp\/v2\/posts"}],"about":[{"href":"https:\/\/kibrisdakik.com\/index.php?rest_route=\/wp\/v2\/types\/post"}],"author":[{"embeddable":true,"href":"https:\/\/kibrisdakik.com\/index.php?rest_route=\/wp\/v2\/users\/1"}],"replies":[{"embeddable":true,"href":"https:\/\/kibrisdakik.com\/index.php?rest_route=%2Fwp%2Fv2%2Fcomments&post=11885"}],"version-history":[{"count":0,"href":"https:\/\/kibrisdakik.com\/index.php?rest_route=\/wp\/v2\/posts\/11885\/revisions"}],"wp:featuredmedia":[{"embeddable":true,"href":"https:\/\/kibrisdakik.com\/index.php?rest_route=\/wp\/v2\/media\/11886"}],"wp:attachment":[{"href":"https:\/\/kibrisdakik.com\/index.php?rest_route=%2Fwp%2Fv2%2Fmedia&parent=11885"}],"wp:term":[{"taxonomy":"category","embeddable":true,"href":"https:\/\/kibrisdakik.com\/index.php?rest_route=%2Fwp%2Fv2%2Fcategories&post=11885"},{"taxonomy":"post_tag","embeddable":true,"href":"https:\/\/kibrisdakik.com\/index.php?rest_route=%2Fwp%2Fv2%2Ftags&post=11885"}],"curies":[{"name":"wp","href":"https:\/\/api.w.org\/{rel}","templated":true}]}}