{"id":11911,"date":"2023-08-10T11:13:07","date_gmt":"2023-08-10T11:13:07","guid":{"rendered":"https:\/\/kibrisdakik.com\/index.php\/2023\/08\/10\/vakiflar-orgutu-ve-din-isleri-dairesi-yonetim-kurulu-yeniden-olusturuldu\/"},"modified":"2023-08-10T11:13:07","modified_gmt":"2023-08-10T11:13:07","slug":"vakiflar-orgutu-ve-din-isleri-dairesi-yonetim-kurulu-yeniden-olusturuldu","status":"publish","type":"post","link":"https:\/\/kibrisdakik.com\/?p=11911","title":{"rendered":"Vak\u0131flar \u00d6rg\u00fct\u00fc ve Din \u0130\u015fleri Dairesi Y\u00f6netim Kurulu yeniden olu\u015fturuldu"},"content":{"rendered":"<p><\/p>\n<div>\n<div class=\"mariselle-image-container center\">\n                <img width=\"2560\" height=\"1707\" class=\"lazy-image\" alt=\"\" decoding=\"async\" loading=\"lazy\" sizes=\"auto, (max-width: 2560px) 100vw, 2560px\" src=\"https:\/\/brtk.net\/wp-content\/uploads\/2023\/08\/10\/vakiflar-scaled.jpg?ver=0ee86bb2174ea39ac620a3462387b524\" srcset=\"https:\/\/brtk.net\/wp-content\/uploads\/2023\/08\/10\/vakiflar-scaled.jpg?ver=0ee86bb2174ea39ac620a3462387b524 2560w, https:\/\/brtk.net\/wp-content\/uploads\/2023\/08\/10\/vakiflar-300x200.jpg?ver=0ee86bb2174ea39ac620a3462387b524 300w, https:\/\/brtk.net\/wp-content\/uploads\/2023\/08\/10\/vakiflar-1024x683.jpg?ver=21ced16d3f74e1f4e0c7f12c81407db0 1024w, https:\/\/brtk.net\/wp-content\/uploads\/2023\/08\/10\/vakiflar-768x512.jpg?ver=e595dcc29b80a6904052bd17c699833e 768w, https:\/\/brtk.net\/wp-content\/uploads\/2023\/08\/10\/vakiflar-1536x1024.jpg?ver=cab89cfd2cf26f45976cdfbce5dce246 1536w, https:\/\/brtk.net\/wp-content\/uploads\/2023\/08\/10\/vakiflar-2048x1365.jpg?ver=0f3068b3cf6d7593f9827ec9a19ad5d2 2048w\"\/>                            <\/div>\n<p>Vak\u0131flar \u00d6rg\u00fct\u00fc ve Din \u0130\u015fleri Dairesi Y\u00f6netim Kurulu\u2019nda g\u00f6revden alma ve atamalar yap\u0131ld\u0131.<\/p>\n<p>Bakanlar Kurulu, Vak\u0131flar \u00d6rg\u00fct\u00fc ve Din \u0130\u015fleri Dairesi Y\u00f6netim Kurulu \u00fcyesi Mehmetali Ekemen\u2019in g\u00f6revinden al\u0131nmas\u0131na ve yerine Abdullah \u0130\u015fkey\u2019in atanmas\u0131na; ba\u015fkan Selahaddin Bay\u0131rkan ile \u00fcyeler Mustafa T\u00fcmer, Mehmet Ortak, Ayd\u0131n Amca, Hakan Moral ve Mehmet Emin Yeltekin\u2019in g\u00f6revlerine devam etmelerine karar verdi. Karar, d\u00fcnk\u00fc Resmi Gazete\u2019de yay\u0131mland\u0131.<\/p>\n<\/p><\/div>\n<p><script async\n                    defer\n                    crossorigin=\"anonymous\"\n                    src=\"https:\/\/connect.facebook.net\/tr_TR\/sdk.js#xfbml=1&#038;version=v3.3\"\n            ><\/script><\/p>\n","protected":false},"excerpt":{"rendered":"<p>Vak\u0131flar \u00d6rg\u00fct\u00fc ve Din \u0130\u015fleri Dairesi Y\u00f6netim Kurulu\u2019nda g\u00f6revden alma ve atamalar yap\u0131ld\u0131. Bakanlar Kurulu, Vak\u0131flar \u00d6rg\u00fct\u00fc ve Din \u0130\u015fleri Dairesi Y\u00f6netim Kurulu \u00fcyesi Mehmetali Ekemen\u2019in g\u00f6revinden al\u0131nmas\u0131na ve yerine Abdullah \u0130\u015fkey\u2019in atanmas\u0131na; ba\u015fkan Selahaddin Bay\u0131rkan ile \u00fcyeler Mustafa T\u00fcmer, Mehmet Ortak, Ayd\u0131n Amca, Hakan Moral ve Mehmet Emin Yeltekin\u2019in g\u00f6revlerine devam etmelerine karar verdi.<\/p>\n","protected":false},"author":1,"featured_media":11912,"comment_status":"open","ping_status":"open","sticky":false,"template":"","format":"standard","meta":{"footnotes":""},"categories":[1],"tags":[],"class_list":["post-11911","post","type-post","status-publish","format-standard","has-post-thumbnail","hentry","category-gundem"],"yoast_head":"<!-- This site is optimized with the Yoast SEO plugin v27.4 - https:\/\/yoast.com\/product\/yoast-seo-wordpress\/ -->\n<title>Vak\u0131flar \u00d6rg\u00fct\u00fc ve Din \u0130\u015fleri Dairesi Y\u00f6netim Kurulu yeniden olu\u015fturuldu -<\/title>\n<meta name=\"robots\" content=\"index, follow, max-snippet:-1, max-image-preview:large, max-video-preview:-1\" \/>\n<link rel=\"canonical\" href=\"https:\/\/kibrisdakik.com\/?p=11911\" \/>\n<meta property=\"og:locale\" content=\"tr_TR\" \/>\n<meta property=\"og:type\" content=\"article\" \/>\n<meta property=\"og:title\" content=\"Vak\u0131flar \u00d6rg\u00fct\u00fc ve Din \u0130\u015fleri Dairesi Y\u00f6netim Kurulu yeniden olu\u015fturuldu -\" \/>\n<meta property=\"og:description\" content=\"Vak\u0131flar \u00d6rg\u00fct\u00fc ve Din \u0130\u015fleri Dairesi Y\u00f6netim Kurulu\u2019nda g\u00f6revden alma ve atamalar yap\u0131ld\u0131. Bakanlar Kurulu, Vak\u0131flar \u00d6rg\u00fct\u00fc ve Din \u0130\u015fleri Dairesi Y\u00f6netim Kurulu \u00fcyesi Mehmetali Ekemen\u2019in g\u00f6revinden al\u0131nmas\u0131na ve yerine Abdullah \u0130\u015fkey\u2019in atanmas\u0131na; ba\u015fkan Selahaddin Bay\u0131rkan ile \u00fcyeler Mustafa T\u00fcmer, Mehmet Ortak, Ayd\u0131n Amca, Hakan Moral ve Mehmet Emin Yeltekin\u2019in g\u00f6revlerine devam etmelerine karar verdi.\" \/>\n<meta property=\"og:url\" content=\"https:\/\/kibrisdakik.com\/?p=11911\" \/>\n<meta property=\"article:published_time\" content=\"2023-08-10T11:13:07+00:00\" \/>\n<meta property=\"og:image\" content=\"https:\/\/kibrisdakik.com\/wp-content\/uploads\/2023\/08\/vakiflar-scaled-740x420.jpg\" \/>\n\t<meta property=\"og:image:width\" content=\"2560\" \/>\n\t<meta property=\"og:image:height\" content=\"1707\" \/>\n\t<meta property=\"og:image:type\" content=\"image\/jpeg\" \/>\n<meta name=\"author\" content=\"admin\" \/>\n<meta name=\"twitter:card\" content=\"summary_large_image\" \/>\n<meta name=\"twitter:label1\" content=\"Yazan:\" \/>\n\t<meta name=\"twitter:data1\" content=\"admin\" \/>\n<script type=\"application\/ld+json\" class=\"yoast-schema-graph\">{\"@context\":\"https:\\\/\\\/schema.org\",\"@graph\":[{\"@type\":\"Article\",\"@id\":\"https:\\\/\\\/kibrisdakik.com\\\/?p=11911#article\",\"isPartOf\":{\"@id\":\"https:\\\/\\\/kibrisdakik.com\\\/?p=11911\"},\"author\":{\"name\":\"admin\",\"@id\":\"https:\\\/\\\/kibrisdakik.com\\\/#\\\/schema\\\/person\\\/9cd9d437bbb44f72b73ba127e06d8e79\"},\"headline\":\"Vak\u0131flar \u00d6rg\u00fct\u00fc ve Din \u0130\u015fleri Dairesi Y\u00f6netim Kurulu yeniden olu\u015fturuldu\",\"datePublished\":\"2023-08-10T11:13:07+00:00\",\"mainEntityOfPage\":{\"@id\":\"https:\\\/\\\/kibrisdakik.com\\\/?p=11911\"},\"wordCount\":98,\"commentCount\":0,\"image\":{\"@id\":\"https:\\\/\\\/kibrisdakik.com\\\/?p=11911#primaryimage\"},\"thumbnailUrl\":\"https:\\\/\\\/kibrisdakik.com\\\/wp-content\\\/uploads\\\/2023\\\/08\\\/vakiflar-scaled-740x420.jpg\",\"articleSection\":[\"G\u00fcndem\"],\"inLanguage\":\"tr\",\"potentialAction\":[{\"@type\":\"CommentAction\",\"name\":\"Comment\",\"target\":[\"https:\\\/\\\/kibrisdakik.com\\\/?p=11911#respond\"]}]},{\"@type\":\"WebPage\",\"@id\":\"https:\\\/\\\/kibrisdakik.com\\\/?p=11911\",\"url\":\"https:\\\/\\\/kibrisdakik.com\\\/?p=11911\",\"name\":\"Vak\u0131flar \u00d6rg\u00fct\u00fc ve Din \u0130\u015fleri Dairesi Y\u00f6netim Kurulu yeniden olu\u015fturuldu -\",\"isPartOf\":{\"@id\":\"https:\\\/\\\/kibrisdakik.com\\\/#website\"},\"primaryImageOfPage\":{\"@id\":\"https:\\\/\\\/kibrisdakik.com\\\/?p=11911#primaryimage\"},\"image\":{\"@id\":\"https:\\\/\\\/kibrisdakik.com\\\/?p=11911#primaryimage\"},\"thumbnailUrl\":\"https:\\\/\\\/kibrisdakik.com\\\/wp-content\\\/uploads\\\/2023\\\/08\\\/vakiflar-scaled-740x420.jpg\",\"datePublished\":\"2023-08-10T11:13:07+00:00\",\"author\":{\"@id\":\"https:\\\/\\\/kibrisdakik.com\\\/#\\\/schema\\\/person\\\/9cd9d437bbb44f72b73ba127e06d8e79\"},\"breadcrumb\":{\"@id\":\"https:\\\/\\\/kibrisdakik.com\\\/?p=11911#breadcrumb\"},\"inLanguage\":\"tr\",\"potentialAction\":[{\"@type\":\"ReadAction\",\"target\":[\"https:\\\/\\\/kibrisdakik.com\\\/?p=11911\"]}]},{\"@type\":\"ImageObject\",\"inLanguage\":\"tr\",\"@id\":\"https:\\\/\\\/kibrisdakik.com\\\/?p=11911#primaryimage\",\"url\":\"https:\\\/\\\/kibrisdakik.com\\\/wp-content\\\/uploads\\\/2023\\\/08\\\/vakiflar-scaled-740x420.jpg\",\"contentUrl\":\"https:\\\/\\\/kibrisdakik.com\\\/wp-content\\\/uploads\\\/2023\\\/08\\\/vakiflar-scaled-740x420.jpg\",\"width\":2560,\"height\":1707},{\"@type\":\"BreadcrumbList\",\"@id\":\"https:\\\/\\\/kibrisdakik.com\\\/?p=11911#breadcrumb\",\"itemListElement\":[{\"@type\":\"ListItem\",\"position\":1,\"name\":\"Home\",\"item\":\"https:\\\/\\\/kibrisdakik.com\\\/\"},{\"@type\":\"ListItem\",\"position\":2,\"name\":\"Vak\u0131flar \u00d6rg\u00fct\u00fc ve Din \u0130\u015fleri Dairesi Y\u00f6netim Kurulu yeniden olu\u015fturuldu\"}]},{\"@type\":\"WebSite\",\"@id\":\"https:\\\/\\\/kibrisdakik.com\\\/#website\",\"url\":\"https:\\\/\\\/kibrisdakik.com\\\/\",\"name\":\"\",\"description\":\"Tam vaktinde haber\",\"potentialAction\":[{\"@type\":\"SearchAction\",\"target\":{\"@type\":\"EntryPoint\",\"urlTemplate\":\"https:\\\/\\\/kibrisdakik.com\\\/?s={search_term_string}\"},\"query-input\":{\"@type\":\"PropertyValueSpecification\",\"valueRequired\":true,\"valueName\":\"search_term_string\"}}],\"inLanguage\":\"tr\"},{\"@type\":\"Person\",\"@id\":\"https:\\\/\\\/kibrisdakik.com\\\/#\\\/schema\\\/person\\\/9cd9d437bbb44f72b73ba127e06d8e79\",\"name\":\"admin\",\"image\":{\"@type\":\"ImageObject\",\"inLanguage\":\"tr\",\"@id\":\"https:\\\/\\\/secure.gravatar.com\\\/avatar\\\/ccc17943b9d660506c869530f897617f7cb1c21a4bf30023f252596d83e1f007?s=96&d=mm&r=g\",\"url\":\"https:\\\/\\\/secure.gravatar.com\\\/avatar\\\/ccc17943b9d660506c869530f897617f7cb1c21a4bf30023f252596d83e1f007?s=96&d=mm&r=g\",\"contentUrl\":\"https:\\\/\\\/secure.gravatar.com\\\/avatar\\\/ccc17943b9d660506c869530f897617f7cb1c21a4bf30023f252596d83e1f007?s=96&d=mm&r=g\",\"caption\":\"admin\"},\"sameAs\":[\"https:\\\/\\\/kibrisdakik.com\"],\"url\":\"https:\\\/\\\/kibrisdakik.com\\\/?author=1\"}]}<\/script>\n<!-- \/ Yoast SEO plugin. -->","yoast_head_json":{"title":"Vak\u0131flar \u00d6rg\u00fct\u00fc ve Din \u0130\u015fleri Dairesi Y\u00f6netim Kurulu yeniden olu\u015fturuldu -","robots":{"index":"index","follow":"follow","max-snippet":"max-snippet:-1","max-image-preview":"max-image-preview:large","max-video-preview":"max-video-preview:-1"},"canonical":"https:\/\/kibrisdakik.com\/?p=11911","og_locale":"tr_TR","og_type":"article","og_title":"Vak\u0131flar \u00d6rg\u00fct\u00fc ve Din \u0130\u015fleri Dairesi Y\u00f6netim Kurulu yeniden olu\u015fturuldu -","og_description":"Vak\u0131flar \u00d6rg\u00fct\u00fc ve Din \u0130\u015fleri Dairesi Y\u00f6netim Kurulu\u2019nda g\u00f6revden alma ve atamalar yap\u0131ld\u0131. Bakanlar Kurulu, Vak\u0131flar \u00d6rg\u00fct\u00fc ve Din \u0130\u015fleri Dairesi Y\u00f6netim Kurulu \u00fcyesi Mehmetali Ekemen\u2019in g\u00f6revinden al\u0131nmas\u0131na ve yerine Abdullah \u0130\u015fkey\u2019in atanmas\u0131na; ba\u015fkan Selahaddin Bay\u0131rkan ile \u00fcyeler Mustafa T\u00fcmer, Mehmet Ortak, Ayd\u0131n Amca, Hakan Moral ve Mehmet Emin Yeltekin\u2019in g\u00f6revlerine devam etmelerine karar verdi.","og_url":"https:\/\/kibrisdakik.com\/?p=11911","article_published_time":"2023-08-10T11:13:07+00:00","og_image":[{"width":2560,"height":1707,"url":"https:\/\/kibrisdakik.com\/wp-content\/uploads\/2023\/08\/vakiflar-scaled-740x420.jpg","type":"image\/jpeg"}],"author":"admin","twitter_card":"summary_large_image","twitter_misc":{"Yazan:":"admin"},"schema":{"@context":"https:\/\/schema.org","@graph":[{"@type":"Article","@id":"https:\/\/kibrisdakik.com\/?p=11911#article","isPartOf":{"@id":"https:\/\/kibrisdakik.com\/?p=11911"},"author":{"name":"admin","@id":"https:\/\/kibrisdakik.com\/#\/schema\/person\/9cd9d437bbb44f72b73ba127e06d8e79"},"headline":"Vak\u0131flar \u00d6rg\u00fct\u00fc ve Din \u0130\u015fleri Dairesi Y\u00f6netim Kurulu yeniden olu\u015fturuldu","datePublished":"2023-08-10T11:13:07+00:00","mainEntityOfPage":{"@id":"https:\/\/kibrisdakik.com\/?p=11911"},"wordCount":98,"commentCount":0,"image":{"@id":"https:\/\/kibrisdakik.com\/?p=11911#primaryimage"},"thumbnailUrl":"https:\/\/kibrisdakik.com\/wp-content\/uploads\/2023\/08\/vakiflar-scaled-740x420.jpg","articleSection":["G\u00fcndem"],"inLanguage":"tr","potentialAction":[{"@type":"CommentAction","name":"Comment","target":["https:\/\/kibrisdakik.com\/?p=11911#respond"]}]},{"@type":"WebPage","@id":"https:\/\/kibrisdakik.com\/?p=11911","url":"https:\/\/kibrisdakik.com\/?p=11911","name":"Vak\u0131flar \u00d6rg\u00fct\u00fc ve Din \u0130\u015fleri Dairesi Y\u00f6netim Kurulu yeniden olu\u015fturuldu -","isPartOf":{"@id":"https:\/\/kibrisdakik.com\/#website"},"primaryImageOfPage":{"@id":"https:\/\/kibrisdakik.com\/?p=11911#primaryimage"},"image":{"@id":"https:\/\/kibrisdakik.com\/?p=11911#primaryimage"},"thumbnailUrl":"https:\/\/kibrisdakik.com\/wp-content\/uploads\/2023\/08\/vakiflar-scaled-740x420.jpg","datePublished":"2023-08-10T11:13:07+00:00","author":{"@id":"https:\/\/kibrisdakik.com\/#\/schema\/person\/9cd9d437bbb44f72b73ba127e06d8e79"},"breadcrumb":{"@id":"https:\/\/kibrisdakik.com\/?p=11911#breadcrumb"},"inLanguage":"tr","potentialAction":[{"@type":"ReadAction","target":["https:\/\/kibrisdakik.com\/?p=11911"]}]},{"@type":"ImageObject","inLanguage":"tr","@id":"https:\/\/kibrisdakik.com\/?p=11911#primaryimage","url":"https:\/\/kibrisdakik.com\/wp-content\/uploads\/2023\/08\/vakiflar-scaled-740x420.jpg","contentUrl":"https:\/\/kibrisdakik.com\/wp-content\/uploads\/2023\/08\/vakiflar-scaled-740x420.jpg","width":2560,"height":1707},{"@type":"BreadcrumbList","@id":"https:\/\/kibrisdakik.com\/?p=11911#breadcrumb","itemListElement":[{"@type":"ListItem","position":1,"name":"Home","item":"https:\/\/kibrisdakik.com\/"},{"@type":"ListItem","position":2,"name":"Vak\u0131flar \u00d6rg\u00fct\u00fc ve Din \u0130\u015fleri Dairesi Y\u00f6netim Kurulu yeniden olu\u015fturuldu"}]},{"@type":"WebSite","@id":"https:\/\/kibrisdakik.com\/#website","url":"https:\/\/kibrisdakik.com\/","name":"","description":"Tam vaktinde haber","potentialAction":[{"@type":"SearchAction","target":{"@type":"EntryPoint","urlTemplate":"https:\/\/kibrisdakik.com\/?s={search_term_string}"},"query-input":{"@type":"PropertyValueSpecification","valueRequired":true,"valueName":"search_term_string"}}],"inLanguage":"tr"},{"@type":"Person","@id":"https:\/\/kibrisdakik.com\/#\/schema\/person\/9cd9d437bbb44f72b73ba127e06d8e79","name":"admin","image":{"@type":"ImageObject","inLanguage":"tr","@id":"https:\/\/secure.gravatar.com\/avatar\/ccc17943b9d660506c869530f897617f7cb1c21a4bf30023f252596d83e1f007?s=96&d=mm&r=g","url":"https:\/\/secure.gravatar.com\/avatar\/ccc17943b9d660506c869530f897617f7cb1c21a4bf30023f252596d83e1f007?s=96&d=mm&r=g","contentUrl":"https:\/\/secure.gravatar.com\/avatar\/ccc17943b9d660506c869530f897617f7cb1c21a4bf30023f252596d83e1f007?s=96&d=mm&r=g","caption":"admin"},"sameAs":["https:\/\/kibrisdakik.com"],"url":"https:\/\/kibrisdakik.com\/?author=1"}]}},"_links":{"self":[{"href":"https:\/\/kibrisdakik.com\/index.php?rest_route=\/wp\/v2\/posts\/11911","targetHints":{"allow":["GET"]}}],"collection":[{"href":"https:\/\/kibrisdakik.com\/index.php?rest_route=\/wp\/v2\/posts"}],"about":[{"href":"https:\/\/kibrisdakik.com\/index.php?rest_route=\/wp\/v2\/types\/post"}],"author":[{"embeddable":true,"href":"https:\/\/kibrisdakik.com\/index.php?rest_route=\/wp\/v2\/users\/1"}],"replies":[{"embeddable":true,"href":"https:\/\/kibrisdakik.com\/index.php?rest_route=%2Fwp%2Fv2%2Fcomments&post=11911"}],"version-history":[{"count":0,"href":"https:\/\/kibrisdakik.com\/index.php?rest_route=\/wp\/v2\/posts\/11911\/revisions"}],"wp:featuredmedia":[{"embeddable":true,"href":"https:\/\/kibrisdakik.com\/index.php?rest_route=\/wp\/v2\/media\/11912"}],"wp:attachment":[{"href":"https:\/\/kibrisdakik.com\/index.php?rest_route=%2Fwp%2Fv2%2Fmedia&parent=11911"}],"wp:term":[{"taxonomy":"category","embeddable":true,"href":"https:\/\/kibrisdakik.com\/index.php?rest_route=%2Fwp%2Fv2%2Fcategories&post=11911"},{"taxonomy":"post_tag","embeddable":true,"href":"https:\/\/kibrisdakik.com\/index.php?rest_route=%2Fwp%2Fv2%2Ftags&post=11911"}],"curies":[{"name":"wp","href":"https:\/\/api.w.org\/{rel}","templated":true}]}}