{"id":11930,"date":"2023-08-10T15:22:11","date_gmt":"2023-08-10T15:22:11","guid":{"rendered":"https:\/\/kibrisdakik.com\/index.php\/2023\/08\/10\/kibris-baris-harekatinin-ikinci-asamasinin-49uncu-yil-donumuserdarli-gazimagusa-ve-lefkenin-kurtulusu-torenlerle-kutlanacak\/"},"modified":"2023-08-10T15:22:11","modified_gmt":"2023-08-10T15:22:11","slug":"kibris-baris-harekatinin-ikinci-asamasinin-49uncu-yil-donumuserdarli-gazimagusa-ve-lefkenin-kurtulusu-torenlerle-kutlanacak","status":"publish","type":"post","link":"https:\/\/kibrisdakik.com\/?p=11930","title":{"rendered":"K\u0131br\u0131s Bar\u0131\u015f Harek\u00e2t\u0131\u2019n\u0131n ikinci a\u015famas\u0131n\u0131n 49\u2019uncu y\u0131l d\u00f6n\u00fcm\u00fc\u2026Serdarl\u0131, Gazima\u011fusa ve Lefke\u2019nin kurtulu\u015fu t\u00f6renlerle kutlanacak"},"content":{"rendered":"<p><\/p>\n<div>\n<div class=\"mariselle-image-container center\">\n                <img width=\"656\" height=\"400\" class=\"lazy-image\" alt=\"\" decoding=\"async\" loading=\"lazy\" sizes=\"auto, (max-width: 656px) 100vw, 656px\" src=\"https:\/\/brtk.net\/wp-content\/uploads\/2023\/08\/10\/har2-1.jpg?ver=9f21ac24cc62b2637da752445669b827\" srcset=\"https:\/\/brtk.net\/wp-content\/uploads\/2023\/08\/10\/har2-1.jpg?ver=9f21ac24cc62b2637da752445669b827 656w, https:\/\/brtk.net\/wp-content\/uploads\/2023\/08\/10\/har2-1-300x183.jpg?ver=9f21ac24cc62b2637da752445669b827 300w\"\/>                            <\/div>\n<p>K\u0131br\u0131s Bar\u0131\u015f Harek\u00e2t\u0131\u2019n\u0131n ikinci a\u015famas\u0131n\u0131n 49. y\u0131l d\u00f6n\u00fcm\u00fc dolay\u0131s\u0131yla t\u00f6renler d\u00fczenlenecek.<\/p>\n<p>20 Temmuz 1974\u2019te ba\u015flayan harek\u00e2t\u0131n 14, 15 ve 16 A\u011fustos\u2019ta yap\u0131lan ikinci a\u015famas\u0131nda \u00f6zg\u00fcrl\u00fc\u011fe kavu\u015fan Serdarl\u0131, Gazima\u011fusa ve Lefke\u2019de kutlamalar yap\u0131lacak.<\/p>\n<p>Toplu katliamlarda \u015fehit olanlar Ta\u015fkent, Murata\u011fa-Sandallar ve Atl\u0131lar\u2019da an\u0131lacak. Lefke\u2019de de \u015fehitler i\u00e7in anma t\u00f6reni yap\u0131lacak.<\/p>\n<p>-Murata\u011fa-Sandallar ve Atl\u0131lar \u015eehitleri pazartesi an\u0131lacak<\/p>\n<p>Murata\u011fa-Sandallar ve Atl\u0131lar \u015fehitleri i\u00e7in 14 A\u011fustos Pazartesi g\u00fcn\u00fc anma t\u00f6reni d\u00fczenlenecek.<\/p>\n<p>Milli G\u00fcnleri Kutlama Merkez Komitesi Ba\u015fkanl\u0131\u011f\u0131ndan yap\u0131lan a\u00e7\u0131klamaya g\u00f6re Murata\u011fa-Sandallar \u015eehitli\u011fi\u2019ndeki t\u00f6ren, saat 18.00\u2019de an\u0131ta \u00e7elenklerin sunulmas\u0131yla ba\u015flayacak.<\/p>\n<p>Protokol s\u0131ras\u0131na g\u00f6re \u00e7elenklerin sunulacak, ard\u0131ndan sayg\u0131 duru\u015fu, sayg\u0131 at\u0131\u015f\u0131 ve \u0130stiklal Mar\u015f\u0131 ile bayraklara g\u00f6ndere \u00e7ekilecek.<\/p>\n<p>T\u00f6rende, s\u0131ras\u0131yla Murata\u011fa, \u015eehit Aileleri ve Malul Gaziler Derne\u011fi Ba\u015fkan\u0131 G\u00fcrsel Benan ve Cumhurba\u015fkan\u0131 <a href=\"https:\/\/brtk.net\/\" target=\"_blank\" rel=\"noopener\"><a href=\"https:\/\/brtk.net\/\" target=\"_blank\" rel=\"noopener\"><a href=\"https:\/\/brtk.net\/\" target=\"_blank\" rel=\"noopener\"><a href=\"https:\/\/brtk.net\/\" target=\"_blank\" rel=\"noopener\">Ersin <\/a><a href=\"https:\/\/brtk.net\/\"\/><a href=\"https:\/\/brtk.net\/\"\/><a href=\"https:\/\/brtk.net\/\">Tatar<\/a> konu\u015fma yapacak.<\/p>\n<p>T\u00f6ren, \u015fiir okunmas\u0131, \u015fehitli\u011fin gezilmesi ve kabir ba\u015f\u0131nda dua okunmas\u0131yla tamamlanacak.<\/p>\n<p>Atl\u0131lar \u015eehitli\u011fi\u2019ndeki anma t\u00f6reni ise saat 18.30\u2019da \u00e7elenklerin sunulmas\u0131yla ba\u015flayacak.<\/p>\n<p>Sayg\u0131 duru\u015fu, sayg\u0131 at\u0131\u015f\u0131 ve \u0130stiklal Mar\u015f\u0131 ile bayraklar\u0131n g\u00f6ndere \u00e7ekilmesinin ard\u0131ndan \u015fehitli\u011fin gezilmesi ve kabir ba\u015f\u0131nda dua okunmas\u0131yla t\u00f6ren sona erecek.<\/p>\n<p>-Serdarl\u0131\u2019n\u0131n kurtulu\u015fu  t\u00f6renle kutlanacak<\/p>\n<p>Serdarl\u0131\u2019n\u0131n kurtulu\u015funun 49\u2019inci y\u0131l d\u00f6n\u00fcm\u00fc kutlama t\u00f6reni 14 A\u011fustos Pazartesi saat 19.15\u2019te Serdarl\u0131 Atat\u00fcrk B\u00fcst\u00fc \u00f6n\u00fcnde yer alacak.<\/p>\n<p>T\u00f6rende, protokol s\u0131ras\u0131na g\u00f6re \u00e7elenkler sunulacak. Sayg\u0131 duru\u015fu ve \u0130stiklal Mar\u015f\u0131 ile bayraklar\u0131n g\u00f6ndere \u00e7ekilmesinin ard\u0131ndan Ge\u00e7itkale Serdarl\u0131 Belediye Ba\u015fkan\u0131 Halil Kas\u0131m ve Cumhurba\u015fkan\u0131 <a href=\"https:\/\/brtk.net\/\" target=\"_blank\" rel=\"noopener\"><a href=\"https:\/\/brtk.net\/\" target=\"_blank\" rel=\"noopener\"><a href=\"https:\/\/brtk.net\/\" target=\"_blank\" rel=\"noopener\"><a href=\"https:\/\/brtk.net\/\" target=\"_blank\" rel=\"noopener\">Ersin <\/a><a href=\"https:\/\/brtk.net\/\"\/><a href=\"https:\/\/brtk.net\/\"\/><a href=\"https:\/\/brtk.net\/\">Tatar<\/a> konu\u015fma yapacak. T\u00f6ren, \u015fiir okumas\u0131, halk danslar\u0131 g\u00f6sterisi ve t\u00f6ren ge\u00e7i\u015fi ile tamamlanacak.<\/p>\n<p>-Ta\u015fkent \u015fehitleri<\/p>\n<p>Ta\u015fkent \u015eehitleri  ise 15 A\u011fustos Sal\u0131 g\u00fcn\u00fc an\u0131lacak.<\/p>\n<p>Milli G\u00fcnleri Kutlama Merkez Komitesi\u2019nden verilen bilgiye g\u00f6re, Ta\u015fkent \u015eehitli\u011fi\u2019ndeki anma t\u00f6reni, saat 09.00\u2019da protokol s\u0131ras\u0131na g\u00f6re an\u0131ta \u00e7elenklerin sunulmas\u0131yla ba\u015flayacak.<\/p>\n<p>T\u00f6rende sayg\u0131 duru\u015fu, sayg\u0131 at\u0131\u015f\u0131 ve \u0130stiklal Mar\u015f\u0131 ile bayraklar g\u00f6ndere \u00e7ekilecek.<\/p>\n<p>T\u00f6rende, s\u0131ras\u0131yla Ta\u015fkent \u015fehitleri ad\u0131na Ta\u015fkent \u015eehit Aileleri Komitesi Ba\u015fkan\u0131 Erdin\u00e7 Erda\u011fl\u0131, \u015eehit Aileleri ve Malul Gaziler Derne\u011fi Ba\u015fkan\u0131 G\u00fcrsel Benan ve Cumhurba\u015fkan\u0131 <a href=\"https:\/\/brtk.net\/\" target=\"_blank\" rel=\"noopener\"><a href=\"https:\/\/brtk.net\/\" target=\"_blank\" rel=\"noopener\"><a href=\"https:\/\/brtk.net\/\" target=\"_blank\" rel=\"noopener\"><a href=\"https:\/\/brtk.net\/\" target=\"_blank\" rel=\"noopener\">Ersin <\/a><a href=\"https:\/\/brtk.net\/\"\/><a href=\"https:\/\/brtk.net\/\"\/><a href=\"https:\/\/brtk.net\/\">Tatar<\/a> konu\u015fma yapacak. T\u00f6ren, \u015fehitli\u011fi ziyaret ile tamamlanacak.<\/p>\n<p>-Gazima\u011fusa\u2019n\u0131n kurtulu\u015fu iki ayr\u0131 t\u00f6renle kutlanacak<\/p>\n<p>Gazima\u011fusa\u2019n\u0131n kurtulu\u015funun 49\u2019uncu y\u0131l d\u00f6n\u00fcm\u00fc 15 A\u011fustos Sal\u0131 g\u00fcn\u00fc iki ayr\u0131 t\u00f6renle kutlanacak.<\/p>\n<p>Gazima\u011fusa Kaymakaml\u0131\u011f\u0131ndan verilen bilgiye g\u00f6re, saat 18.00\u2019de Zafer An\u0131t\u0131 \u00f6n\u00fcnde yer alacak ilk t\u00f6ren protokol s\u0131ras\u0131na g\u00f6re \u00e7elenklerin konmas\u0131yla ba\u015flayacak. Ard\u0131ndan sayg\u0131 duru\u015fu ve \u0130stiklal Mar\u015f\u0131 ile bayraklar g\u00f6ndere \u00e7ekilecek.<\/p>\n<p>Saat 18.25\u2019te \u0130smet \u0130n\u00f6n\u00fc Bulvar\u0131\u2019nda yer alacak ikinci t\u00f6rende birliklerle, halk\u0131n bayram\u0131 kutlanacak. \u0130stiklal Mar\u015f\u0131 ile bayraklar\u0131n g\u00f6ndere \u00e7ekilmesinin ard\u0131ndan 4. Piyade Alay Komutanl\u0131\u011f\u0131ndan Piyade \u00dcste\u011fmen Cem Karada\u011f, Gazima\u011fusa Belediye Ba\u015fkan\u0131 S\u00fcleyman Ulu\u00e7ay ve Cumhurba\u015fkan\u0131 <a href=\"https:\/\/brtk.net\/\" target=\"_blank\" rel=\"noopener\"><a href=\"https:\/\/brtk.net\/\" target=\"_blank\" rel=\"noopener\"><a href=\"https:\/\/brtk.net\/\" target=\"_blank\" rel=\"noopener\"><a href=\"https:\/\/brtk.net\/\" target=\"_blank\" rel=\"noopener\">Ersin <\/a><a href=\"https:\/\/brtk.net\/\"\/><a href=\"https:\/\/brtk.net\/\"\/><a href=\"https:\/\/brtk.net\/\">Tatar<\/a> konu\u015fma yapacak. T\u00f6ren, halk danslar\u0131 g\u00f6sterisi, m\u00fczik dinletisi ve t\u00f6ren ge\u00e7i\u015fi ile tamamlanacak.<\/p>\n<p>-Lefke\u2019nin kurtulu\u015fu kutlanacak, \u015fehitler an\u0131lacak<\/p>\n<p>Lefke\u2019nin kurtulu\u015funun 49. y\u0131l d\u00f6n\u00fcm\u00fc t\u00f6renlerle kutlanacak, \u015fehitler an\u0131lacak.<\/p>\n<p>Lefke Kaymakaml\u0131\u011f\u0131\u2019ndan verilen bilgiye g\u00f6re, 16 A\u011fustos Lefke Kurtulu\u015f T\u00f6reni kapsam\u0131nda, 16 A\u011fustos \u00c7ar\u015famba saat 18.00\u2019de Lefke Kemal \u00d6zalper \u015eehitli\u011fi \u00f6n\u00fcnde \u015fehitleri anma t\u00f6reni yap\u0131lacak, saat 18.45\u2019te de Lefke Atat\u00fcrk Park\u0131 \u00f6n\u00fcnde Lefke\u2019nin kurtulu\u015funun 49. y\u0131l d\u00f6n\u00fcm\u00fc kutlamas\u0131 yer alacak.<\/p>\n<p>\u015eehitleri anma t\u00f6reninde, \u00e7elenkler an\u0131ta sunulacak, sayg\u0131 duru\u015fu, sayg\u0131 at\u0131\u015f\u0131 ve \u0130stiklal Mar\u015f\u0131 ile bayraklar g\u00f6ndere \u00e7ekilecek, \u015fehitlik \u00f6zel defteri imzalanacak ve dua okunacak.<\/p>\n<p>Kurtulu\u015f t\u00f6reninde ise Atat\u00fcrk an\u0131t\u0131na \u00e7elenkler sunulacak, \u0130stiklal Mar\u015f\u0131 ile bayraklar g\u00f6ndere \u00e7ekilecek, t\u00f6ren birlikleri denetlenip halk\u0131n bayram\u0131 kutlanacak, \u015fiirler okunacak, halk danslar\u0131 g\u00f6sterisi yap\u0131lacak, konu\u015fmalar ve resmi ge\u00e7it yap\u0131lacak.<\/p>\n<\/p><\/div>\n<p><script async\n                    defer\n                    crossorigin=\"anonymous\"\n                    src=\"https:\/\/connect.facebook.net\/tr_TR\/sdk.js#xfbml=1&#038;version=v3.3\"\n            ><\/script><\/p>\n","protected":false},"excerpt":{"rendered":"<p>K\u0131br\u0131s Bar\u0131\u015f Harek\u00e2t\u0131\u2019n\u0131n ikinci a\u015famas\u0131n\u0131n 49. y\u0131l d\u00f6n\u00fcm\u00fc dolay\u0131s\u0131yla t\u00f6renler d\u00fczenlenecek. 20 Temmuz 1974\u2019te ba\u015flayan harek\u00e2t\u0131n 14, 15 ve 16 A\u011fustos\u2019ta yap\u0131lan ikinci a\u015famas\u0131nda \u00f6zg\u00fcrl\u00fc\u011fe kavu\u015fan Serdarl\u0131, Gazima\u011fusa ve Lefke\u2019de kutlamalar yap\u0131lacak. Toplu katliamlarda \u015fehit olanlar Ta\u015fkent, Murata\u011fa-Sandallar ve Atl\u0131lar\u2019da an\u0131lacak. Lefke\u2019de de \u015fehitler i\u00e7in anma t\u00f6reni yap\u0131lacak. -Murata\u011fa-Sandallar ve Atl\u0131lar \u015eehitleri pazartesi an\u0131lacak Murata\u011fa-Sandallar<\/p>\n","protected":false},"author":1,"featured_media":11931,"comment_status":"open","ping_status":"open","sticky":false,"template":"","format":"standard","meta":{"footnotes":""},"categories":[1],"tags":[],"class_list":["post-11930","post","type-post","status-publish","format-standard","has-post-thumbnail","hentry","category-gundem"],"yoast_head":"<!-- This site is optimized with the Yoast SEO plugin v27.5 - https:\/\/yoast.com\/product\/yoast-seo-wordpress\/ -->\n<title>K\u0131br\u0131s Bar\u0131\u015f Harek\u00e2t\u0131\u2019n\u0131n ikinci a\u015famas\u0131n\u0131n 49\u2019uncu y\u0131l d\u00f6n\u00fcm\u00fc\u2026Serdarl\u0131, Gazima\u011fusa ve Lefke\u2019nin kurtulu\u015fu t\u00f6renlerle kutlanacak -<\/title>\n<meta name=\"robots\" content=\"index, follow, max-snippet:-1, max-image-preview:large, max-video-preview:-1\" \/>\n<link rel=\"canonical\" href=\"https:\/\/kibrisdakik.com\/?p=11930\" \/>\n<meta property=\"og:locale\" content=\"tr_TR\" \/>\n<meta property=\"og:type\" content=\"article\" \/>\n<meta property=\"og:title\" content=\"K\u0131br\u0131s Bar\u0131\u015f Harek\u00e2t\u0131\u2019n\u0131n ikinci a\u015famas\u0131n\u0131n 49\u2019uncu y\u0131l d\u00f6n\u00fcm\u00fc\u2026Serdarl\u0131, Gazima\u011fusa ve Lefke\u2019nin kurtulu\u015fu t\u00f6renlerle kutlanacak -\" \/>\n<meta property=\"og:description\" content=\"K\u0131br\u0131s Bar\u0131\u015f Harek\u00e2t\u0131\u2019n\u0131n ikinci a\u015famas\u0131n\u0131n 49. y\u0131l d\u00f6n\u00fcm\u00fc dolay\u0131s\u0131yla t\u00f6renler d\u00fczenlenecek. 20 Temmuz 1974\u2019te ba\u015flayan harek\u00e2t\u0131n 14, 15 ve 16 A\u011fustos\u2019ta yap\u0131lan ikinci a\u015famas\u0131nda \u00f6zg\u00fcrl\u00fc\u011fe kavu\u015fan Serdarl\u0131, Gazima\u011fusa ve Lefke\u2019de kutlamalar yap\u0131lacak. Toplu katliamlarda \u015fehit olanlar Ta\u015fkent, Murata\u011fa-Sandallar ve Atl\u0131lar\u2019da an\u0131lacak. Lefke\u2019de de \u015fehitler i\u00e7in anma t\u00f6reni yap\u0131lacak. -Murata\u011fa-Sandallar ve Atl\u0131lar \u015eehitleri pazartesi an\u0131lacak Murata\u011fa-Sandallar\" \/>\n<meta property=\"og:url\" content=\"https:\/\/kibrisdakik.com\/?p=11930\" \/>\n<meta property=\"article:published_time\" content=\"2023-08-10T15:22:11+00:00\" \/>\n<meta property=\"og:image\" content=\"https:\/\/kibrisdakik.com\/wp-content\/uploads\/2023\/08\/har2-1.jpg\" \/>\n\t<meta property=\"og:image:width\" content=\"656\" \/>\n\t<meta property=\"og:image:height\" content=\"400\" \/>\n\t<meta property=\"og:image:type\" content=\"image\/jpeg\" \/>\n<meta name=\"author\" content=\"admin\" \/>\n<meta name=\"twitter:card\" content=\"summary_large_image\" \/>\n<meta name=\"twitter:label1\" content=\"Yazan:\" \/>\n\t<meta name=\"twitter:data1\" content=\"admin\" \/>\n\t<meta name=\"twitter:label2\" content=\"Tahmini okuma s\u00fcresi\" \/>\n\t<meta name=\"twitter:data2\" content=\"4 dakika\" \/>\n<script type=\"application\/ld+json\" class=\"yoast-schema-graph\">{\"@context\":\"https:\\\/\\\/schema.org\",\"@graph\":[{\"@type\":\"Article\",\"@id\":\"https:\\\/\\\/kibrisdakik.com\\\/?p=11930#article\",\"isPartOf\":{\"@id\":\"https:\\\/\\\/kibrisdakik.com\\\/?p=11930\"},\"author\":{\"name\":\"admin\",\"@id\":\"https:\\\/\\\/kibrisdakik.com\\\/#\\\/schema\\\/person\\\/9cd9d437bbb44f72b73ba127e06d8e79\"},\"headline\":\"K\u0131br\u0131s Bar\u0131\u015f Harek\u00e2t\u0131\u2019n\u0131n ikinci a\u015famas\u0131n\u0131n 49\u2019uncu y\u0131l d\u00f6n\u00fcm\u00fc\u2026Serdarl\u0131, Gazima\u011fusa ve Lefke\u2019nin kurtulu\u015fu t\u00f6renlerle kutlanacak\",\"datePublished\":\"2023-08-10T15:22:11+00:00\",\"mainEntityOfPage\":{\"@id\":\"https:\\\/\\\/kibrisdakik.com\\\/?p=11930\"},\"wordCount\":778,\"commentCount\":0,\"image\":{\"@id\":\"https:\\\/\\\/kibrisdakik.com\\\/?p=11930#primaryimage\"},\"thumbnailUrl\":\"https:\\\/\\\/kibrisdakik.com\\\/wp-content\\\/uploads\\\/2023\\\/08\\\/har2-1.jpg\",\"articleSection\":[\"G\u00fcndem\"],\"inLanguage\":\"tr\",\"potentialAction\":[{\"@type\":\"CommentAction\",\"name\":\"Comment\",\"target\":[\"https:\\\/\\\/kibrisdakik.com\\\/?p=11930#respond\"]}]},{\"@type\":\"WebPage\",\"@id\":\"https:\\\/\\\/kibrisdakik.com\\\/?p=11930\",\"url\":\"https:\\\/\\\/kibrisdakik.com\\\/?p=11930\",\"name\":\"K\u0131br\u0131s Bar\u0131\u015f Harek\u00e2t\u0131\u2019n\u0131n ikinci a\u015famas\u0131n\u0131n 49\u2019uncu y\u0131l d\u00f6n\u00fcm\u00fc\u2026Serdarl\u0131, Gazima\u011fusa ve Lefke\u2019nin kurtulu\u015fu t\u00f6renlerle kutlanacak -\",\"isPartOf\":{\"@id\":\"https:\\\/\\\/kibrisdakik.com\\\/#website\"},\"primaryImageOfPage\":{\"@id\":\"https:\\\/\\\/kibrisdakik.com\\\/?p=11930#primaryimage\"},\"image\":{\"@id\":\"https:\\\/\\\/kibrisdakik.com\\\/?p=11930#primaryimage\"},\"thumbnailUrl\":\"https:\\\/\\\/kibrisdakik.com\\\/wp-content\\\/uploads\\\/2023\\\/08\\\/har2-1.jpg\",\"datePublished\":\"2023-08-10T15:22:11+00:00\",\"author\":{\"@id\":\"https:\\\/\\\/kibrisdakik.com\\\/#\\\/schema\\\/person\\\/9cd9d437bbb44f72b73ba127e06d8e79\"},\"breadcrumb\":{\"@id\":\"https:\\\/\\\/kibrisdakik.com\\\/?p=11930#breadcrumb\"},\"inLanguage\":\"tr\",\"potentialAction\":[{\"@type\":\"ReadAction\",\"target\":[\"https:\\\/\\\/kibrisdakik.com\\\/?p=11930\"]}]},{\"@type\":\"ImageObject\",\"inLanguage\":\"tr\",\"@id\":\"https:\\\/\\\/kibrisdakik.com\\\/?p=11930#primaryimage\",\"url\":\"https:\\\/\\\/kibrisdakik.com\\\/wp-content\\\/uploads\\\/2023\\\/08\\\/har2-1.jpg\",\"contentUrl\":\"https:\\\/\\\/kibrisdakik.com\\\/wp-content\\\/uploads\\\/2023\\\/08\\\/har2-1.jpg\",\"width\":656,\"height\":400},{\"@type\":\"BreadcrumbList\",\"@id\":\"https:\\\/\\\/kibrisdakik.com\\\/?p=11930#breadcrumb\",\"itemListElement\":[{\"@type\":\"ListItem\",\"position\":1,\"name\":\"Home\",\"item\":\"https:\\\/\\\/kibrisdakik.com\\\/\"},{\"@type\":\"ListItem\",\"position\":2,\"name\":\"K\u0131br\u0131s Bar\u0131\u015f Harek\u00e2t\u0131\u2019n\u0131n ikinci a\u015famas\u0131n\u0131n 49\u2019uncu y\u0131l d\u00f6n\u00fcm\u00fc\u2026Serdarl\u0131, Gazima\u011fusa ve Lefke\u2019nin kurtulu\u015fu t\u00f6renlerle kutlanacak\"}]},{\"@type\":\"WebSite\",\"@id\":\"https:\\\/\\\/kibrisdakik.com\\\/#website\",\"url\":\"https:\\\/\\\/kibrisdakik.com\\\/\",\"name\":\"\",\"description\":\"Tam vaktinde haber\",\"potentialAction\":[{\"@type\":\"SearchAction\",\"target\":{\"@type\":\"EntryPoint\",\"urlTemplate\":\"https:\\\/\\\/kibrisdakik.com\\\/?s={search_term_string}\"},\"query-input\":{\"@type\":\"PropertyValueSpecification\",\"valueRequired\":true,\"valueName\":\"search_term_string\"}}],\"inLanguage\":\"tr\"},{\"@type\":\"Person\",\"@id\":\"https:\\\/\\\/kibrisdakik.com\\\/#\\\/schema\\\/person\\\/9cd9d437bbb44f72b73ba127e06d8e79\",\"name\":\"admin\",\"image\":{\"@type\":\"ImageObject\",\"inLanguage\":\"tr\",\"@id\":\"https:\\\/\\\/secure.gravatar.com\\\/avatar\\\/ccc17943b9d660506c869530f897617f7cb1c21a4bf30023f252596d83e1f007?s=96&d=mm&r=g\",\"url\":\"https:\\\/\\\/secure.gravatar.com\\\/avatar\\\/ccc17943b9d660506c869530f897617f7cb1c21a4bf30023f252596d83e1f007?s=96&d=mm&r=g\",\"contentUrl\":\"https:\\\/\\\/secure.gravatar.com\\\/avatar\\\/ccc17943b9d660506c869530f897617f7cb1c21a4bf30023f252596d83e1f007?s=96&d=mm&r=g\",\"caption\":\"admin\"},\"sameAs\":[\"https:\\\/\\\/kibrisdakik.com\"],\"url\":\"https:\\\/\\\/kibrisdakik.com\\\/?author=1\"}]}<\/script>\n<!-- \/ Yoast SEO plugin. -->","yoast_head_json":{"title":"K\u0131br\u0131s Bar\u0131\u015f Harek\u00e2t\u0131\u2019n\u0131n ikinci a\u015famas\u0131n\u0131n 49\u2019uncu y\u0131l d\u00f6n\u00fcm\u00fc\u2026Serdarl\u0131, Gazima\u011fusa ve Lefke\u2019nin kurtulu\u015fu t\u00f6renlerle kutlanacak -","robots":{"index":"index","follow":"follow","max-snippet":"max-snippet:-1","max-image-preview":"max-image-preview:large","max-video-preview":"max-video-preview:-1"},"canonical":"https:\/\/kibrisdakik.com\/?p=11930","og_locale":"tr_TR","og_type":"article","og_title":"K\u0131br\u0131s Bar\u0131\u015f Harek\u00e2t\u0131\u2019n\u0131n ikinci a\u015famas\u0131n\u0131n 49\u2019uncu y\u0131l d\u00f6n\u00fcm\u00fc\u2026Serdarl\u0131, Gazima\u011fusa ve Lefke\u2019nin kurtulu\u015fu t\u00f6renlerle kutlanacak -","og_description":"K\u0131br\u0131s Bar\u0131\u015f Harek\u00e2t\u0131\u2019n\u0131n ikinci a\u015famas\u0131n\u0131n 49. y\u0131l d\u00f6n\u00fcm\u00fc dolay\u0131s\u0131yla t\u00f6renler d\u00fczenlenecek. 20 Temmuz 1974\u2019te ba\u015flayan harek\u00e2t\u0131n 14, 15 ve 16 A\u011fustos\u2019ta yap\u0131lan ikinci a\u015famas\u0131nda \u00f6zg\u00fcrl\u00fc\u011fe kavu\u015fan Serdarl\u0131, Gazima\u011fusa ve Lefke\u2019de kutlamalar yap\u0131lacak. Toplu katliamlarda \u015fehit olanlar Ta\u015fkent, Murata\u011fa-Sandallar ve Atl\u0131lar\u2019da an\u0131lacak. Lefke\u2019de de \u015fehitler i\u00e7in anma t\u00f6reni yap\u0131lacak. -Murata\u011fa-Sandallar ve Atl\u0131lar \u015eehitleri pazartesi an\u0131lacak Murata\u011fa-Sandallar","og_url":"https:\/\/kibrisdakik.com\/?p=11930","article_published_time":"2023-08-10T15:22:11+00:00","og_image":[{"width":656,"height":400,"url":"https:\/\/kibrisdakik.com\/wp-content\/uploads\/2023\/08\/har2-1.jpg","type":"image\/jpeg"}],"author":"admin","twitter_card":"summary_large_image","twitter_misc":{"Yazan:":"admin","Tahmini okuma s\u00fcresi":"4 dakika"},"schema":{"@context":"https:\/\/schema.org","@graph":[{"@type":"Article","@id":"https:\/\/kibrisdakik.com\/?p=11930#article","isPartOf":{"@id":"https:\/\/kibrisdakik.com\/?p=11930"},"author":{"name":"admin","@id":"https:\/\/kibrisdakik.com\/#\/schema\/person\/9cd9d437bbb44f72b73ba127e06d8e79"},"headline":"K\u0131br\u0131s Bar\u0131\u015f Harek\u00e2t\u0131\u2019n\u0131n ikinci a\u015famas\u0131n\u0131n 49\u2019uncu y\u0131l d\u00f6n\u00fcm\u00fc\u2026Serdarl\u0131, Gazima\u011fusa ve Lefke\u2019nin kurtulu\u015fu t\u00f6renlerle kutlanacak","datePublished":"2023-08-10T15:22:11+00:00","mainEntityOfPage":{"@id":"https:\/\/kibrisdakik.com\/?p=11930"},"wordCount":778,"commentCount":0,"image":{"@id":"https:\/\/kibrisdakik.com\/?p=11930#primaryimage"},"thumbnailUrl":"https:\/\/kibrisdakik.com\/wp-content\/uploads\/2023\/08\/har2-1.jpg","articleSection":["G\u00fcndem"],"inLanguage":"tr","potentialAction":[{"@type":"CommentAction","name":"Comment","target":["https:\/\/kibrisdakik.com\/?p=11930#respond"]}]},{"@type":"WebPage","@id":"https:\/\/kibrisdakik.com\/?p=11930","url":"https:\/\/kibrisdakik.com\/?p=11930","name":"K\u0131br\u0131s Bar\u0131\u015f Harek\u00e2t\u0131\u2019n\u0131n ikinci a\u015famas\u0131n\u0131n 49\u2019uncu y\u0131l d\u00f6n\u00fcm\u00fc\u2026Serdarl\u0131, Gazima\u011fusa ve Lefke\u2019nin kurtulu\u015fu t\u00f6renlerle kutlanacak -","isPartOf":{"@id":"https:\/\/kibrisdakik.com\/#website"},"primaryImageOfPage":{"@id":"https:\/\/kibrisdakik.com\/?p=11930#primaryimage"},"image":{"@id":"https:\/\/kibrisdakik.com\/?p=11930#primaryimage"},"thumbnailUrl":"https:\/\/kibrisdakik.com\/wp-content\/uploads\/2023\/08\/har2-1.jpg","datePublished":"2023-08-10T15:22:11+00:00","author":{"@id":"https:\/\/kibrisdakik.com\/#\/schema\/person\/9cd9d437bbb44f72b73ba127e06d8e79"},"breadcrumb":{"@id":"https:\/\/kibrisdakik.com\/?p=11930#breadcrumb"},"inLanguage":"tr","potentialAction":[{"@type":"ReadAction","target":["https:\/\/kibrisdakik.com\/?p=11930"]}]},{"@type":"ImageObject","inLanguage":"tr","@id":"https:\/\/kibrisdakik.com\/?p=11930#primaryimage","url":"https:\/\/kibrisdakik.com\/wp-content\/uploads\/2023\/08\/har2-1.jpg","contentUrl":"https:\/\/kibrisdakik.com\/wp-content\/uploads\/2023\/08\/har2-1.jpg","width":656,"height":400},{"@type":"BreadcrumbList","@id":"https:\/\/kibrisdakik.com\/?p=11930#breadcrumb","itemListElement":[{"@type":"ListItem","position":1,"name":"Home","item":"https:\/\/kibrisdakik.com\/"},{"@type":"ListItem","position":2,"name":"K\u0131br\u0131s Bar\u0131\u015f Harek\u00e2t\u0131\u2019n\u0131n ikinci a\u015famas\u0131n\u0131n 49\u2019uncu y\u0131l d\u00f6n\u00fcm\u00fc\u2026Serdarl\u0131, Gazima\u011fusa ve Lefke\u2019nin kurtulu\u015fu t\u00f6renlerle kutlanacak"}]},{"@type":"WebSite","@id":"https:\/\/kibrisdakik.com\/#website","url":"https:\/\/kibrisdakik.com\/","name":"","description":"Tam vaktinde haber","potentialAction":[{"@type":"SearchAction","target":{"@type":"EntryPoint","urlTemplate":"https:\/\/kibrisdakik.com\/?s={search_term_string}"},"query-input":{"@type":"PropertyValueSpecification","valueRequired":true,"valueName":"search_term_string"}}],"inLanguage":"tr"},{"@type":"Person","@id":"https:\/\/kibrisdakik.com\/#\/schema\/person\/9cd9d437bbb44f72b73ba127e06d8e79","name":"admin","image":{"@type":"ImageObject","inLanguage":"tr","@id":"https:\/\/secure.gravatar.com\/avatar\/ccc17943b9d660506c869530f897617f7cb1c21a4bf30023f252596d83e1f007?s=96&d=mm&r=g","url":"https:\/\/secure.gravatar.com\/avatar\/ccc17943b9d660506c869530f897617f7cb1c21a4bf30023f252596d83e1f007?s=96&d=mm&r=g","contentUrl":"https:\/\/secure.gravatar.com\/avatar\/ccc17943b9d660506c869530f897617f7cb1c21a4bf30023f252596d83e1f007?s=96&d=mm&r=g","caption":"admin"},"sameAs":["https:\/\/kibrisdakik.com"],"url":"https:\/\/kibrisdakik.com\/?author=1"}]}},"_links":{"self":[{"href":"https:\/\/kibrisdakik.com\/index.php?rest_route=\/wp\/v2\/posts\/11930","targetHints":{"allow":["GET"]}}],"collection":[{"href":"https:\/\/kibrisdakik.com\/index.php?rest_route=\/wp\/v2\/posts"}],"about":[{"href":"https:\/\/kibrisdakik.com\/index.php?rest_route=\/wp\/v2\/types\/post"}],"author":[{"embeddable":true,"href":"https:\/\/kibrisdakik.com\/index.php?rest_route=\/wp\/v2\/users\/1"}],"replies":[{"embeddable":true,"href":"https:\/\/kibrisdakik.com\/index.php?rest_route=%2Fwp%2Fv2%2Fcomments&post=11930"}],"version-history":[{"count":0,"href":"https:\/\/kibrisdakik.com\/index.php?rest_route=\/wp\/v2\/posts\/11930\/revisions"}],"wp:featuredmedia":[{"embeddable":true,"href":"https:\/\/kibrisdakik.com\/index.php?rest_route=\/wp\/v2\/media\/11931"}],"wp:attachment":[{"href":"https:\/\/kibrisdakik.com\/index.php?rest_route=%2Fwp%2Fv2%2Fmedia&parent=11930"}],"wp:term":[{"taxonomy":"category","embeddable":true,"href":"https:\/\/kibrisdakik.com\/index.php?rest_route=%2Fwp%2Fv2%2Fcategories&post=11930"},{"taxonomy":"post_tag","embeddable":true,"href":"https:\/\/kibrisdakik.com\/index.php?rest_route=%2Fwp%2Fv2%2Ftags&post=11930"}],"curies":[{"name":"wp","href":"https:\/\/api.w.org\/{rel}","templated":true}]}}