{"id":11935,"date":"2023-08-10T17:24:34","date_gmt":"2023-08-10T17:24:34","guid":{"rendered":"https:\/\/kibrisdakik.com\/index.php\/2023\/08\/10\/ataoglu-aitb-heyetini-kabul-etti\/"},"modified":"2023-08-10T17:24:34","modified_gmt":"2023-08-10T17:24:34","slug":"ataoglu-aitb-heyetini-kabul-etti","status":"publish","type":"post","link":"https:\/\/kibrisdakik.com\/?p=11935","title":{"rendered":"Atao\u011flu, A\u0130TB heyetini kabul etti"},"content":{"rendered":"<p><\/p>\n<div>\n<div class=\"mariselle-image-container center\">\n                <img width=\"1500\" height=\"1000\" class=\"lazy-image\" alt=\"\" decoding=\"async\" loading=\"lazy\" sizes=\"auto, (max-width: 1500px) 100vw, 1500px\" src=\"https:\/\/brtk.net\/wp-content\/uploads\/2023\/08\/10\/ataoglu-5-.jpg?ver=fded008fd28887ec569856cb0731366d\" srcset=\"https:\/\/brtk.net\/wp-content\/uploads\/2023\/08\/10\/ataoglu-5-.jpg?ver=fded008fd28887ec569856cb0731366d 1500w, https:\/\/brtk.net\/wp-content\/uploads\/2023\/08\/10\/ataoglu-5--300x200.jpg?ver=05ac30b44f2950e17cf35ec76a89546d 300w, https:\/\/brtk.net\/wp-content\/uploads\/2023\/08\/10\/ataoglu-5--1024x683.jpg?ver=05ac30b44f2950e17cf35ec76a89546d 1024w, https:\/\/brtk.net\/wp-content\/uploads\/2023\/08\/10\/ataoglu-5--768x512.jpg?ver=05ac30b44f2950e17cf35ec76a89546d 768w\"\/>                            <\/div>\n<p>Ba\u015fbakan Yard\u0131mc\u0131s\u0131, Turizm, K\u00fclt\u00fcr, Gen\u00e7lik ve \u00c7evre Bakan\u0131 Fikri Atao\u011flu, Cemal Yang\u0131n ba\u015fkanl\u0131\u011f\u0131ndaki Azerbaycan-T\u00fcrkiye \u0130\u015f Adamlar\u0131 Birli\u011fi (AT\u0130B) heyetini kabul etti.<\/p>\n<p>Bakanl\u0131ktan verilen bilgiye g\u00f6re, <a href=\"https:\/\/brtk.net\/\"\/><a href=\"https:\/\/brtk.net\/\"\/><a href=\"https:\/\/brtk.net\/\"\/><a href=\"https:\/\/brtk.net\/\"\/><a href=\"https:\/\/brtk.net\/\">KKTC<\/a> Bak\u00fc Temsilcisi Ufuk Turganer\u2019in de heyete e\u015flik etti\u011fi kabulde, iki \u00fclke aras\u0131ndaki ticaret ve i\u015fbirliklerinin geli\u015ftirilmesi, \u00f6zellikle turizm, e\u011fitim ve tar\u0131m alanlar\u0131nda i\u015fbirli\u011fi ve ticaretin geli\u015ftirilmesi i\u00e7in at\u0131labilecek ad\u0131mlar \u00fczerinde g\u00f6r\u00fc\u015f al\u0131\u015f veri\u015finde bulunuldu.<\/p>\n<p>Ba\u015fbakan Yard\u0131mc\u0131s\u0131, Turizm K\u00fclt\u00fcr, Gen\u00e7lik ve \u00c7evre Bakan\u0131 Fikri Atao\u011flu, Azerbaycan \u2013 T\u00fcrkiye \u0130\u015f Adamlar\u0131 Birli\u011fi heyetini kabul\u00fcnde yapt\u0131\u011f\u0131 konu\u015fmas\u0131nda, Birli\u011fi <a href=\"https:\/\/brtk.net\/\"\/><a href=\"https:\/\/brtk.net\/\"\/><a href=\"https:\/\/brtk.net\/\"\/><a href=\"https:\/\/brtk.net\/\"\/><a href=\"https:\/\/brtk.net\/\">KKTC<\/a>\u2019de a\u011f\u0131rlamaktan memnuniyet duyduklar\u0131n\u0131 ifade etti.<\/p>\n<p>Atao\u011flu, uzun bir s\u00fcre Azerbaycan \u2013 <a href=\"https:\/\/brtk.net\/\"\/><a href=\"https:\/\/brtk.net\/\"\/><a href=\"https:\/\/brtk.net\/\"\/><a href=\"https:\/\/brtk.net\/\"\/><a href=\"https:\/\/brtk.net\/\">KKTC<\/a> aras\u0131ndaki ili\u015fkilerin istenilen seviyede olmad\u0131\u011f\u0131n\u0131 i\u015faret ederek, \u00f6zellikle turizm alan\u0131nda ba\u015flatt\u0131klar\u0131 giri\u015fimler ile yeniden iki \u00fclke aras\u0131ndaki ili\u015fkilerin ba\u015flad\u0131\u011f\u0131n\u0131 belirtti.<\/p>\n<p>\u00d6zellikle T\u00fcrksoy ve T\u00fcrk Devletleri te\u015fkilat\u0131 ile karde\u015f \u00fclke devletleri ile bir araya gelebilmenin \u00f6nemine vurgu yapan Atao\u011flu, ili\u015fkilerin daha da geli\u015ftirilmesinden, <a href=\"https:\/\/brtk.net\/\"\/><a href=\"https:\/\/brtk.net\/\"\/><a href=\"https:\/\/brtk.net\/\"\/><a href=\"https:\/\/brtk.net\/\"\/><a href=\"https:\/\/brtk.net\/\">KKTC<\/a>\u2019ye soyda\u015f ve karde\u015f \u00fclkelerden gelecek olan yat\u0131r\u0131mlardan b\u00fcy\u00fck bir memnuniyet ve heyecan duyacaklar\u0131n\u0131 belirtti.<\/p>\n<p>Azerbaycan-T\u00fcrkiye \u0130\u015f Adamlar\u0131 Birli\u011fi (AT\u0130B) Y\u00f6netim Kurulu Ba\u015fkan\u0131 Cemal Yang\u0131n da kabulde yapt\u0131\u011f\u0131 konu\u015fmas\u0131nda, Birlik \u00fcyelerinin her birinin Azerbaycan\u2019da i\u015f adamlar\u0131 olduklar\u0131n\u0131, turizm, e\u011fitim ve tar\u0131m ba\u015fta olmak \u00fczere, \u00f6nemli sekt\u00f6rlerin \u00f6nde gelen temsilcileri olduklar\u0131n\u0131 kaydederek, <a href=\"https:\/\/brtk.net\/\"\/><a href=\"https:\/\/brtk.net\/\"\/><a href=\"https:\/\/brtk.net\/\"\/><a href=\"https:\/\/brtk.net\/\"\/><a href=\"https:\/\/brtk.net\/\">KKTC<\/a>\u2019de olmaktan memnuniyet duyduklar\u0131n\u0131 ifade etti.<\/p>\n<p>Yang\u0131n, Azerbaycan \u2013 <a href=\"https:\/\/brtk.net\/\"\/><a href=\"https:\/\/brtk.net\/\"\/><a href=\"https:\/\/brtk.net\/\"\/><a href=\"https:\/\/brtk.net\/\"\/><a href=\"https:\/\/brtk.net\/\">KKTC<\/a> ili\u015fkilerinin \u00f6zellikle ekonomik anlamda geli\u015ftirilebilmesi ad\u0131na Birlik olarak \u00f6nc\u00fcl\u00fck etmeye de haz\u0131r olduklar\u0131n\u0131n alt\u0131n\u0131 \u00e7izdi.<\/p>\n<\/p><\/div>\n<p><script async\n                    defer\n                    crossorigin=\"anonymous\"\n                    src=\"https:\/\/connect.facebook.net\/tr_TR\/sdk.js#xfbml=1&#038;version=v3.3\"\n            ><\/script><\/p>\n","protected":false},"excerpt":{"rendered":"<p>Ba\u015fbakan Yard\u0131mc\u0131s\u0131, Turizm, K\u00fclt\u00fcr, Gen\u00e7lik ve \u00c7evre Bakan\u0131 Fikri Atao\u011flu, Cemal Yang\u0131n ba\u015fkanl\u0131\u011f\u0131ndaki Azerbaycan-T\u00fcrkiye \u0130\u015f Adamlar\u0131 Birli\u011fi (AT\u0130B) heyetini kabul etti. Bakanl\u0131ktan verilen bilgiye g\u00f6re, KKTC Bak\u00fc Temsilcisi Ufuk Turganer\u2019in de heyete e\u015flik etti\u011fi kabulde, iki \u00fclke aras\u0131ndaki ticaret ve i\u015fbirliklerinin geli\u015ftirilmesi, \u00f6zellikle turizm, e\u011fitim ve tar\u0131m alanlar\u0131nda i\u015fbirli\u011fi ve ticaretin geli\u015ftirilmesi i\u00e7in at\u0131labilecek ad\u0131mlar<\/p>\n","protected":false},"author":1,"featured_media":11936,"comment_status":"open","ping_status":"open","sticky":false,"template":"","format":"standard","meta":{"footnotes":""},"categories":[1],"tags":[],"class_list":["post-11935","post","type-post","status-publish","format-standard","has-post-thumbnail","hentry","category-gundem"],"yoast_head":"<!-- This site is optimized with the Yoast SEO plugin v27.4 - https:\/\/yoast.com\/product\/yoast-seo-wordpress\/ -->\n<title>Atao\u011flu, A\u0130TB heyetini kabul etti -<\/title>\n<meta name=\"robots\" content=\"index, follow, max-snippet:-1, max-image-preview:large, max-video-preview:-1\" \/>\n<link rel=\"canonical\" href=\"https:\/\/kibrisdakik.com\/?p=11935\" \/>\n<meta property=\"og:locale\" content=\"tr_TR\" \/>\n<meta property=\"og:type\" content=\"article\" \/>\n<meta property=\"og:title\" content=\"Atao\u011flu, A\u0130TB heyetini kabul etti -\" \/>\n<meta property=\"og:description\" content=\"Ba\u015fbakan Yard\u0131mc\u0131s\u0131, Turizm, K\u00fclt\u00fcr, Gen\u00e7lik ve \u00c7evre Bakan\u0131 Fikri Atao\u011flu, Cemal Yang\u0131n ba\u015fkanl\u0131\u011f\u0131ndaki Azerbaycan-T\u00fcrkiye \u0130\u015f Adamlar\u0131 Birli\u011fi (AT\u0130B) heyetini kabul etti. Bakanl\u0131ktan verilen bilgiye g\u00f6re, KKTC Bak\u00fc Temsilcisi Ufuk Turganer\u2019in de heyete e\u015flik etti\u011fi kabulde, iki \u00fclke aras\u0131ndaki ticaret ve i\u015fbirliklerinin geli\u015ftirilmesi, \u00f6zellikle turizm, e\u011fitim ve tar\u0131m alanlar\u0131nda i\u015fbirli\u011fi ve ticaretin geli\u015ftirilmesi i\u00e7in at\u0131labilecek ad\u0131mlar\" \/>\n<meta property=\"og:url\" content=\"https:\/\/kibrisdakik.com\/?p=11935\" \/>\n<meta property=\"article:published_time\" content=\"2023-08-10T17:24:34+00:00\" \/>\n<meta property=\"og:image\" content=\"https:\/\/kibrisdakik.com\/wp-content\/uploads\/2023\/08\/ataoglu-5--740x420.jpg\" \/>\n\t<meta property=\"og:image:width\" content=\"1500\" \/>\n\t<meta property=\"og:image:height\" content=\"1000\" \/>\n\t<meta property=\"og:image:type\" content=\"image\/jpeg\" \/>\n<meta name=\"author\" content=\"admin\" \/>\n<meta name=\"twitter:card\" content=\"summary_large_image\" \/>\n<meta name=\"twitter:label1\" content=\"Yazan:\" \/>\n\t<meta name=\"twitter:data1\" content=\"admin\" \/>\n\t<meta name=\"twitter:label2\" content=\"Tahmini okuma s\u00fcresi\" \/>\n\t<meta name=\"twitter:data2\" content=\"2 dakika\" \/>\n<script type=\"application\/ld+json\" class=\"yoast-schema-graph\">{\"@context\":\"https:\\\/\\\/schema.org\",\"@graph\":[{\"@type\":\"Article\",\"@id\":\"https:\\\/\\\/kibrisdakik.com\\\/?p=11935#article\",\"isPartOf\":{\"@id\":\"https:\\\/\\\/kibrisdakik.com\\\/?p=11935\"},\"author\":{\"name\":\"admin\",\"@id\":\"https:\\\/\\\/kibrisdakik.com\\\/#\\\/schema\\\/person\\\/9cd9d437bbb44f72b73ba127e06d8e79\"},\"headline\":\"Atao\u011flu, A\u0130TB heyetini kabul etti\",\"datePublished\":\"2023-08-10T17:24:34+00:00\",\"mainEntityOfPage\":{\"@id\":\"https:\\\/\\\/kibrisdakik.com\\\/?p=11935\"},\"wordCount\":314,\"commentCount\":0,\"image\":{\"@id\":\"https:\\\/\\\/kibrisdakik.com\\\/?p=11935#primaryimage\"},\"thumbnailUrl\":\"https:\\\/\\\/kibrisdakik.com\\\/wp-content\\\/uploads\\\/2023\\\/08\\\/ataoglu-5--740x420.jpg\",\"articleSection\":[\"G\u00fcndem\"],\"inLanguage\":\"tr\",\"potentialAction\":[{\"@type\":\"CommentAction\",\"name\":\"Comment\",\"target\":[\"https:\\\/\\\/kibrisdakik.com\\\/?p=11935#respond\"]}]},{\"@type\":\"WebPage\",\"@id\":\"https:\\\/\\\/kibrisdakik.com\\\/?p=11935\",\"url\":\"https:\\\/\\\/kibrisdakik.com\\\/?p=11935\",\"name\":\"Atao\u011flu, A\u0130TB heyetini kabul etti -\",\"isPartOf\":{\"@id\":\"https:\\\/\\\/kibrisdakik.com\\\/#website\"},\"primaryImageOfPage\":{\"@id\":\"https:\\\/\\\/kibrisdakik.com\\\/?p=11935#primaryimage\"},\"image\":{\"@id\":\"https:\\\/\\\/kibrisdakik.com\\\/?p=11935#primaryimage\"},\"thumbnailUrl\":\"https:\\\/\\\/kibrisdakik.com\\\/wp-content\\\/uploads\\\/2023\\\/08\\\/ataoglu-5--740x420.jpg\",\"datePublished\":\"2023-08-10T17:24:34+00:00\",\"author\":{\"@id\":\"https:\\\/\\\/kibrisdakik.com\\\/#\\\/schema\\\/person\\\/9cd9d437bbb44f72b73ba127e06d8e79\"},\"breadcrumb\":{\"@id\":\"https:\\\/\\\/kibrisdakik.com\\\/?p=11935#breadcrumb\"},\"inLanguage\":\"tr\",\"potentialAction\":[{\"@type\":\"ReadAction\",\"target\":[\"https:\\\/\\\/kibrisdakik.com\\\/?p=11935\"]}]},{\"@type\":\"ImageObject\",\"inLanguage\":\"tr\",\"@id\":\"https:\\\/\\\/kibrisdakik.com\\\/?p=11935#primaryimage\",\"url\":\"https:\\\/\\\/kibrisdakik.com\\\/wp-content\\\/uploads\\\/2023\\\/08\\\/ataoglu-5--740x420.jpg\",\"contentUrl\":\"https:\\\/\\\/kibrisdakik.com\\\/wp-content\\\/uploads\\\/2023\\\/08\\\/ataoglu-5--740x420.jpg\",\"width\":1500,\"height\":1000},{\"@type\":\"BreadcrumbList\",\"@id\":\"https:\\\/\\\/kibrisdakik.com\\\/?p=11935#breadcrumb\",\"itemListElement\":[{\"@type\":\"ListItem\",\"position\":1,\"name\":\"Home\",\"item\":\"https:\\\/\\\/kibrisdakik.com\\\/\"},{\"@type\":\"ListItem\",\"position\":2,\"name\":\"Atao\u011flu, A\u0130TB heyetini kabul etti\"}]},{\"@type\":\"WebSite\",\"@id\":\"https:\\\/\\\/kibrisdakik.com\\\/#website\",\"url\":\"https:\\\/\\\/kibrisdakik.com\\\/\",\"name\":\"\",\"description\":\"Tam vaktinde haber\",\"potentialAction\":[{\"@type\":\"SearchAction\",\"target\":{\"@type\":\"EntryPoint\",\"urlTemplate\":\"https:\\\/\\\/kibrisdakik.com\\\/?s={search_term_string}\"},\"query-input\":{\"@type\":\"PropertyValueSpecification\",\"valueRequired\":true,\"valueName\":\"search_term_string\"}}],\"inLanguage\":\"tr\"},{\"@type\":\"Person\",\"@id\":\"https:\\\/\\\/kibrisdakik.com\\\/#\\\/schema\\\/person\\\/9cd9d437bbb44f72b73ba127e06d8e79\",\"name\":\"admin\",\"image\":{\"@type\":\"ImageObject\",\"inLanguage\":\"tr\",\"@id\":\"https:\\\/\\\/secure.gravatar.com\\\/avatar\\\/ccc17943b9d660506c869530f897617f7cb1c21a4bf30023f252596d83e1f007?s=96&d=mm&r=g\",\"url\":\"https:\\\/\\\/secure.gravatar.com\\\/avatar\\\/ccc17943b9d660506c869530f897617f7cb1c21a4bf30023f252596d83e1f007?s=96&d=mm&r=g\",\"contentUrl\":\"https:\\\/\\\/secure.gravatar.com\\\/avatar\\\/ccc17943b9d660506c869530f897617f7cb1c21a4bf30023f252596d83e1f007?s=96&d=mm&r=g\",\"caption\":\"admin\"},\"sameAs\":[\"https:\\\/\\\/kibrisdakik.com\"],\"url\":\"https:\\\/\\\/kibrisdakik.com\\\/?author=1\"}]}<\/script>\n<!-- \/ Yoast SEO plugin. -->","yoast_head_json":{"title":"Atao\u011flu, A\u0130TB heyetini kabul etti -","robots":{"index":"index","follow":"follow","max-snippet":"max-snippet:-1","max-image-preview":"max-image-preview:large","max-video-preview":"max-video-preview:-1"},"canonical":"https:\/\/kibrisdakik.com\/?p=11935","og_locale":"tr_TR","og_type":"article","og_title":"Atao\u011flu, A\u0130TB heyetini kabul etti -","og_description":"Ba\u015fbakan Yard\u0131mc\u0131s\u0131, Turizm, K\u00fclt\u00fcr, Gen\u00e7lik ve \u00c7evre Bakan\u0131 Fikri Atao\u011flu, Cemal Yang\u0131n ba\u015fkanl\u0131\u011f\u0131ndaki Azerbaycan-T\u00fcrkiye \u0130\u015f Adamlar\u0131 Birli\u011fi (AT\u0130B) heyetini kabul etti. Bakanl\u0131ktan verilen bilgiye g\u00f6re, KKTC Bak\u00fc Temsilcisi Ufuk Turganer\u2019in de heyete e\u015flik etti\u011fi kabulde, iki \u00fclke aras\u0131ndaki ticaret ve i\u015fbirliklerinin geli\u015ftirilmesi, \u00f6zellikle turizm, e\u011fitim ve tar\u0131m alanlar\u0131nda i\u015fbirli\u011fi ve ticaretin geli\u015ftirilmesi i\u00e7in at\u0131labilecek ad\u0131mlar","og_url":"https:\/\/kibrisdakik.com\/?p=11935","article_published_time":"2023-08-10T17:24:34+00:00","og_image":[{"width":1500,"height":1000,"url":"https:\/\/kibrisdakik.com\/wp-content\/uploads\/2023\/08\/ataoglu-5--740x420.jpg","type":"image\/jpeg"}],"author":"admin","twitter_card":"summary_large_image","twitter_misc":{"Yazan:":"admin","Tahmini okuma s\u00fcresi":"2 dakika"},"schema":{"@context":"https:\/\/schema.org","@graph":[{"@type":"Article","@id":"https:\/\/kibrisdakik.com\/?p=11935#article","isPartOf":{"@id":"https:\/\/kibrisdakik.com\/?p=11935"},"author":{"name":"admin","@id":"https:\/\/kibrisdakik.com\/#\/schema\/person\/9cd9d437bbb44f72b73ba127e06d8e79"},"headline":"Atao\u011flu, A\u0130TB heyetini kabul etti","datePublished":"2023-08-10T17:24:34+00:00","mainEntityOfPage":{"@id":"https:\/\/kibrisdakik.com\/?p=11935"},"wordCount":314,"commentCount":0,"image":{"@id":"https:\/\/kibrisdakik.com\/?p=11935#primaryimage"},"thumbnailUrl":"https:\/\/kibrisdakik.com\/wp-content\/uploads\/2023\/08\/ataoglu-5--740x420.jpg","articleSection":["G\u00fcndem"],"inLanguage":"tr","potentialAction":[{"@type":"CommentAction","name":"Comment","target":["https:\/\/kibrisdakik.com\/?p=11935#respond"]}]},{"@type":"WebPage","@id":"https:\/\/kibrisdakik.com\/?p=11935","url":"https:\/\/kibrisdakik.com\/?p=11935","name":"Atao\u011flu, A\u0130TB heyetini kabul etti -","isPartOf":{"@id":"https:\/\/kibrisdakik.com\/#website"},"primaryImageOfPage":{"@id":"https:\/\/kibrisdakik.com\/?p=11935#primaryimage"},"image":{"@id":"https:\/\/kibrisdakik.com\/?p=11935#primaryimage"},"thumbnailUrl":"https:\/\/kibrisdakik.com\/wp-content\/uploads\/2023\/08\/ataoglu-5--740x420.jpg","datePublished":"2023-08-10T17:24:34+00:00","author":{"@id":"https:\/\/kibrisdakik.com\/#\/schema\/person\/9cd9d437bbb44f72b73ba127e06d8e79"},"breadcrumb":{"@id":"https:\/\/kibrisdakik.com\/?p=11935#breadcrumb"},"inLanguage":"tr","potentialAction":[{"@type":"ReadAction","target":["https:\/\/kibrisdakik.com\/?p=11935"]}]},{"@type":"ImageObject","inLanguage":"tr","@id":"https:\/\/kibrisdakik.com\/?p=11935#primaryimage","url":"https:\/\/kibrisdakik.com\/wp-content\/uploads\/2023\/08\/ataoglu-5--740x420.jpg","contentUrl":"https:\/\/kibrisdakik.com\/wp-content\/uploads\/2023\/08\/ataoglu-5--740x420.jpg","width":1500,"height":1000},{"@type":"BreadcrumbList","@id":"https:\/\/kibrisdakik.com\/?p=11935#breadcrumb","itemListElement":[{"@type":"ListItem","position":1,"name":"Home","item":"https:\/\/kibrisdakik.com\/"},{"@type":"ListItem","position":2,"name":"Atao\u011flu, A\u0130TB heyetini kabul etti"}]},{"@type":"WebSite","@id":"https:\/\/kibrisdakik.com\/#website","url":"https:\/\/kibrisdakik.com\/","name":"","description":"Tam vaktinde haber","potentialAction":[{"@type":"SearchAction","target":{"@type":"EntryPoint","urlTemplate":"https:\/\/kibrisdakik.com\/?s={search_term_string}"},"query-input":{"@type":"PropertyValueSpecification","valueRequired":true,"valueName":"search_term_string"}}],"inLanguage":"tr"},{"@type":"Person","@id":"https:\/\/kibrisdakik.com\/#\/schema\/person\/9cd9d437bbb44f72b73ba127e06d8e79","name":"admin","image":{"@type":"ImageObject","inLanguage":"tr","@id":"https:\/\/secure.gravatar.com\/avatar\/ccc17943b9d660506c869530f897617f7cb1c21a4bf30023f252596d83e1f007?s=96&d=mm&r=g","url":"https:\/\/secure.gravatar.com\/avatar\/ccc17943b9d660506c869530f897617f7cb1c21a4bf30023f252596d83e1f007?s=96&d=mm&r=g","contentUrl":"https:\/\/secure.gravatar.com\/avatar\/ccc17943b9d660506c869530f897617f7cb1c21a4bf30023f252596d83e1f007?s=96&d=mm&r=g","caption":"admin"},"sameAs":["https:\/\/kibrisdakik.com"],"url":"https:\/\/kibrisdakik.com\/?author=1"}]}},"_links":{"self":[{"href":"https:\/\/kibrisdakik.com\/index.php?rest_route=\/wp\/v2\/posts\/11935","targetHints":{"allow":["GET"]}}],"collection":[{"href":"https:\/\/kibrisdakik.com\/index.php?rest_route=\/wp\/v2\/posts"}],"about":[{"href":"https:\/\/kibrisdakik.com\/index.php?rest_route=\/wp\/v2\/types\/post"}],"author":[{"embeddable":true,"href":"https:\/\/kibrisdakik.com\/index.php?rest_route=\/wp\/v2\/users\/1"}],"replies":[{"embeddable":true,"href":"https:\/\/kibrisdakik.com\/index.php?rest_route=%2Fwp%2Fv2%2Fcomments&post=11935"}],"version-history":[{"count":0,"href":"https:\/\/kibrisdakik.com\/index.php?rest_route=\/wp\/v2\/posts\/11935\/revisions"}],"wp:featuredmedia":[{"embeddable":true,"href":"https:\/\/kibrisdakik.com\/index.php?rest_route=\/wp\/v2\/media\/11936"}],"wp:attachment":[{"href":"https:\/\/kibrisdakik.com\/index.php?rest_route=%2Fwp%2Fv2%2Fmedia&parent=11935"}],"wp:term":[{"taxonomy":"category","embeddable":true,"href":"https:\/\/kibrisdakik.com\/index.php?rest_route=%2Fwp%2Fv2%2Fcategories&post=11935"},{"taxonomy":"post_tag","embeddable":true,"href":"https:\/\/kibrisdakik.com\/index.php?rest_route=%2Fwp%2Fv2%2Ftags&post=11935"}],"curies":[{"name":"wp","href":"https:\/\/api.w.org\/{rel}","templated":true}]}}