{"id":119539,"date":"2026-08-31T09:22:14","date_gmt":"2026-08-31T06:22:14","guid":{"rendered":"https:\/\/kibrisdakik.com\/?p=119539"},"modified":"2026-08-31T09:22:14","modified_gmt":"2026-08-31T06:22:14","slug":"deniz-felaketinde-arama-kurtarma-calismalari-ikinci-gununde","status":"publish","type":"post","link":"https:\/\/kibrisdakik.com\/?p=119539","title":{"rendered":"DEN\u0130Z FELAKET\u0130NDE ARAMA KURTARMA \u00c7ALI\u015eMALARI \u0130K\u0130NC\u0130 G\u00dcN\u00dcNDE"},"content":{"rendered":"<p><\/p>\n<div data-text-id=\"207068\" property=\"articleBody\">\n<p>Girne-Ta\u015fucu seferini yapan yolcu gemisinin alabora olmas\u0131 sonucu meydana gelen deniz felaketinin ard\u0131ndan, kay\u0131p 18 ki\u015fiyi arama kurtarma \u00e7al\u0131\u015fmalar\u0131 ikinci g\u00fcn\u00fcnde devam ediyor.<\/p>\n<p>Girne a\u00e7\u0131klar\u0131nda ya\u015fanan deniz felaketinin ard\u0131ndan yak\u0131nlar\u0131ndan haber alamayan kay\u0131p veya yaral\u0131 yak\u0131nlar\u0131n\u0131n bekleyi\u015fi de s\u00fcr\u00fcyor.<\/p>\n<p>Ba\u015fbakanl\u0131k\u2019tan d\u00fcn gece yap\u0131lan a\u00e7\u0131klamada, arama kurtarma \u00e7al\u0131\u015fmalar\u0131n\u0131n gece boyunca kesintisiz devam edece\u011fi bildirilmi\u015fti.<\/p>\n<p>Kazaya ili\u015fkin son verilere g\u00f6re gemide toplam 267 yolcu bulunuyordu. \u015eu ana kadar 249 yolcuya ula\u015f\u0131ld\u0131. 241 yolcu sa\u011f olarak kurtar\u0131l\u0131rken, 8 yolcu hayat\u0131n\u0131 kaybetti.<\/p>\n<\/p><\/div>\n","protected":false},"excerpt":{"rendered":"<p>Girne-Ta\u015fucu seferini yapan yolcu gemisinin alabora olmas\u0131 sonucu meydana gelen deniz felaketinin ard\u0131ndan, kay\u0131p 18 ki\u015fiyi arama kurtarma \u00e7al\u0131\u015fmalar\u0131 ikinci g\u00fcn\u00fcnde devam ediyor. Girne a\u00e7\u0131klar\u0131nda ya\u015fanan deniz felaketinin ard\u0131ndan yak\u0131nlar\u0131ndan haber alamayan kay\u0131p veya yaral\u0131 yak\u0131nlar\u0131n\u0131n bekleyi\u015fi de s\u00fcr\u00fcyor. Ba\u015fbakanl\u0131k\u2019tan d\u00fcn gece yap\u0131lan a\u00e7\u0131klamada, arama kurtarma \u00e7al\u0131\u015fmalar\u0131n\u0131n gece boyunca kesintisiz devam edece\u011fi bildirilmi\u015fti. Kazaya ili\u015fkin<\/p>\n","protected":false},"author":1,"featured_media":119540,"comment_status":"open","ping_status":"open","sticky":false,"template":"","format":"standard","meta":{"footnotes":""},"categories":[81],"tags":[],"class_list":["post-119539","post","type-post","status-publish","format-standard","has-post-thumbnail","hentry","category-kibris"],"yoast_head":"<!-- This site is optimized with the Yoast SEO plugin v28.3 - https:\/\/yoast.com\/product\/yoast-seo-wordpress\/ -->\n<title>DEN\u0130Z FELAKET\u0130NDE ARAMA KURTARMA \u00c7ALI\u015eMALARI \u0130K\u0130NC\u0130 G\u00dcN\u00dcNDE -<\/title>\n<meta name=\"robots\" content=\"index, follow, max-snippet:-1, max-image-preview:large, max-video-preview:-1\" \/>\n<link rel=\"canonical\" href=\"https:\/\/kibrisdakik.com\/?p=119539\" \/>\n<meta property=\"og:locale\" content=\"tr_TR\" \/>\n<meta property=\"og:type\" content=\"article\" \/>\n<meta property=\"og:title\" content=\"DEN\u0130Z FELAKET\u0130NDE ARAMA KURTARMA \u00c7ALI\u015eMALARI \u0130K\u0130NC\u0130 G\u00dcN\u00dcNDE -\" \/>\n<meta property=\"og:description\" content=\"Girne-Ta\u015fucu seferini yapan yolcu gemisinin alabora olmas\u0131 sonucu meydana gelen deniz felaketinin ard\u0131ndan, kay\u0131p 18 ki\u015fiyi arama kurtarma \u00e7al\u0131\u015fmalar\u0131 ikinci g\u00fcn\u00fcnde devam ediyor. Girne a\u00e7\u0131klar\u0131nda ya\u015fanan deniz felaketinin ard\u0131ndan yak\u0131nlar\u0131ndan haber alamayan kay\u0131p veya yaral\u0131 yak\u0131nlar\u0131n\u0131n bekleyi\u015fi de s\u00fcr\u00fcyor. Ba\u015fbakanl\u0131k\u2019tan d\u00fcn gece yap\u0131lan a\u00e7\u0131klamada, arama kurtarma \u00e7al\u0131\u015fmalar\u0131n\u0131n gece boyunca kesintisiz devam edece\u011fi bildirilmi\u015fti. Kazaya ili\u015fkin\" \/>\n<meta property=\"og:url\" content=\"https:\/\/kibrisdakik.com\/?p=119539\" \/>\n<meta property=\"article:published_time\" content=\"2026-08-31T06:22:14+00:00\" \/>\n<meta property=\"og:image\" content=\"https:\/\/mhahabercom.teimg.com\/crop\/1280x720\/mhahaber-com\/uploads\/2026\/08\/mha-sari-beyaz-7619.png\" \/>\n<meta name=\"author\" content=\"admin\" \/>\n<meta name=\"twitter:card\" content=\"summary_large_image\" \/>\n<meta name=\"twitter:label1\" content=\"Yazan:\" \/>\n\t<meta name=\"twitter:data1\" content=\"admin\" \/>\n\t<meta name=\"twitter:label2\" content=\"Tahmini okuma s\u00fcresi\" \/>\n\t<meta name=\"twitter:data2\" content=\"1 dakika\" \/>\n<script type=\"application\/ld+json\" class=\"yoast-schema-graph\">{\"@context\":\"https:\\\/\\\/schema.org\",\"@graph\":[{\"@type\":\"Article\",\"@id\":\"https:\\\/\\\/kibrisdakik.com\\\/?p=119539#article\",\"isPartOf\":{\"@id\":\"https:\\\/\\\/kibrisdakik.com\\\/?p=119539\"},\"author\":{\"name\":\"admin\",\"@id\":\"https:\\\/\\\/kibrisdakik.com\\\/#\\\/schema\\\/person\\\/9cd9d437bbb44f72b73ba127e06d8e79\"},\"headline\":\"DEN\u0130Z FELAKET\u0130NDE ARAMA KURTARMA \u00c7ALI\u015eMALARI \u0130K\u0130NC\u0130 G\u00dcN\u00dcNDE\",\"datePublished\":\"2026-08-31T06:22:14+00:00\",\"mainEntityOfPage\":{\"@id\":\"https:\\\/\\\/kibrisdakik.com\\\/?p=119539\"},\"wordCount\":123,\"commentCount\":0,\"publisher\":{\"@id\":\"https:\\\/\\\/kibrisdakik.com\\\/#organization\"},\"image\":{\"@id\":\"https:\\\/\\\/kibrisdakik.com\\\/?p=119539#primaryimage\"},\"thumbnailUrl\":\"https:\\\/\\\/kibrisdakik.com\\\/wp-content\\\/uploads\\\/2026\\\/08\\\/mha-sari-beyaz-7619.png\",\"articleSection\":[\"K\u0131br\u0131s\"],\"inLanguage\":\"tr\",\"potentialAction\":[{\"@type\":\"CommentAction\",\"name\":\"Comment\",\"target\":[\"https:\\\/\\\/kibrisdakik.com\\\/?p=119539#respond\"]}]},{\"@type\":\"WebPage\",\"@id\":\"https:\\\/\\\/kibrisdakik.com\\\/?p=119539\",\"url\":\"https:\\\/\\\/kibrisdakik.com\\\/?p=119539\",\"name\":\"DEN\u0130Z FELAKET\u0130NDE ARAMA KURTARMA \u00c7ALI\u015eMALARI \u0130K\u0130NC\u0130 G\u00dcN\u00dcNDE -\",\"isPartOf\":{\"@id\":\"https:\\\/\\\/kibrisdakik.com\\\/#website\"},\"primaryImageOfPage\":{\"@id\":\"https:\\\/\\\/kibrisdakik.com\\\/?p=119539#primaryimage\"},\"image\":{\"@id\":\"https:\\\/\\\/kibrisdakik.com\\\/?p=119539#primaryimage\"},\"thumbnailUrl\":\"https:\\\/\\\/kibrisdakik.com\\\/wp-content\\\/uploads\\\/2026\\\/08\\\/mha-sari-beyaz-7619.png\",\"datePublished\":\"2026-08-31T06:22:14+00:00\",\"breadcrumb\":{\"@id\":\"https:\\\/\\\/kibrisdakik.com\\\/?p=119539#breadcrumb\"},\"inLanguage\":\"tr\",\"potentialAction\":[{\"@type\":\"ReadAction\",\"target\":[\"https:\\\/\\\/kibrisdakik.com\\\/?p=119539\"]}]},{\"@type\":\"ImageObject\",\"inLanguage\":\"tr\",\"@id\":\"https:\\\/\\\/kibrisdakik.com\\\/?p=119539#primaryimage\",\"url\":\"https:\\\/\\\/kibrisdakik.com\\\/wp-content\\\/uploads\\\/2026\\\/08\\\/mha-sari-beyaz-7619.png\",\"contentUrl\":\"https:\\\/\\\/kibrisdakik.com\\\/wp-content\\\/uploads\\\/2026\\\/08\\\/mha-sari-beyaz-7619.png\",\"width\":1280,\"height\":720},{\"@type\":\"BreadcrumbList\",\"@id\":\"https:\\\/\\\/kibrisdakik.com\\\/?p=119539#breadcrumb\",\"itemListElement\":[{\"@type\":\"ListItem\",\"position\":1,\"name\":\"Home\",\"item\":\"https:\\\/\\\/kibrisdakik.com\\\/\"},{\"@type\":\"ListItem\",\"position\":2,\"name\":\"DEN\u0130Z FELAKET\u0130NDE ARAMA KURTARMA \u00c7ALI\u015eMALARI \u0130K\u0130NC\u0130 G\u00dcN\u00dcNDE\"}]},{\"@type\":\"WebSite\",\"@id\":\"https:\\\/\\\/kibrisdakik.com\\\/#website\",\"url\":\"https:\\\/\\\/kibrisdakik.com\\\/\",\"name\":\"K\u0131br\u0131s Dakik\",\"description\":\"Tam vaktinde haber\",\"publisher\":{\"@id\":\"https:\\\/\\\/kibrisdakik.com\\\/#organization\"},\"potentialAction\":[{\"@type\":\"SearchAction\",\"target\":{\"@type\":\"EntryPoint\",\"urlTemplate\":\"https:\\\/\\\/kibrisdakik.com\\\/?s={search_term_string}\"},\"query-input\":{\"@type\":\"PropertyValueSpecification\",\"valueRequired\":true,\"valueName\":\"search_term_string\"}}],\"inLanguage\":\"tr\"},{\"@type\":\"Organization\",\"@id\":\"https:\\\/\\\/kibrisdakik.com\\\/#organization\",\"name\":\"K\u0131br\u0131s Dakik\",\"url\":\"https:\\\/\\\/kibrisdakik.com\\\/\",\"logo\":{\"@type\":\"ImageObject\",\"inLanguage\":\"tr\",\"@id\":\"https:\\\/\\\/kibrisdakik.com\\\/#\\\/schema\\\/logo\\\/image\\\/\",\"url\":\"https:\\\/\\\/kibrisdakik.com\\\/wp-content\\\/uploads\\\/2025\\\/10\\\/cropped-WhatsApp-Image-2025-10-02-at-12.58.31.jpeg\",\"contentUrl\":\"https:\\\/\\\/kibrisdakik.com\\\/wp-content\\\/uploads\\\/2025\\\/10\\\/cropped-WhatsApp-Image-2025-10-02-at-12.58.31.jpeg\",\"width\":1237,\"height\":190,\"caption\":\"K\u0131br\u0131s Dakik\"},\"image\":{\"@id\":\"https:\\\/\\\/kibrisdakik.com\\\/#\\\/schema\\\/logo\\\/image\\\/\"}},{\"@type\":\"Person\",\"@id\":\"https:\\\/\\\/kibrisdakik.com\\\/#\\\/schema\\\/person\\\/9cd9d437bbb44f72b73ba127e06d8e79\",\"name\":\"admin\",\"image\":{\"@type\":\"ImageObject\",\"inLanguage\":\"tr\",\"@id\":\"https:\\\/\\\/secure.gravatar.com\\\/avatar\\\/ccc17943b9d660506c869530f897617f7cb1c21a4bf30023f252596d83e1f007?s=96&d=mm&r=g\",\"url\":\"https:\\\/\\\/secure.gravatar.com\\\/avatar\\\/ccc17943b9d660506c869530f897617f7cb1c21a4bf30023f252596d83e1f007?s=96&d=mm&r=g\",\"contentUrl\":\"https:\\\/\\\/secure.gravatar.com\\\/avatar\\\/ccc17943b9d660506c869530f897617f7cb1c21a4bf30023f252596d83e1f007?s=96&d=mm&r=g\",\"caption\":\"admin\"},\"sameAs\":[\"https:\\\/\\\/kibrisdakik.com\"],\"url\":\"https:\\\/\\\/kibrisdakik.com\\\/?author=1\"}]}<\/script>\n<!-- \/ Yoast SEO plugin. -->","yoast_head_json":{"title":"DEN\u0130Z FELAKET\u0130NDE ARAMA KURTARMA \u00c7ALI\u015eMALARI \u0130K\u0130NC\u0130 G\u00dcN\u00dcNDE -","robots":{"index":"index","follow":"follow","max-snippet":"max-snippet:-1","max-image-preview":"max-image-preview:large","max-video-preview":"max-video-preview:-1"},"canonical":"https:\/\/kibrisdakik.com\/?p=119539","og_locale":"tr_TR","og_type":"article","og_title":"DEN\u0130Z FELAKET\u0130NDE ARAMA KURTARMA \u00c7ALI\u015eMALARI \u0130K\u0130NC\u0130 G\u00dcN\u00dcNDE -","og_description":"Girne-Ta\u015fucu seferini yapan yolcu gemisinin alabora olmas\u0131 sonucu meydana gelen deniz felaketinin ard\u0131ndan, kay\u0131p 18 ki\u015fiyi arama kurtarma \u00e7al\u0131\u015fmalar\u0131 ikinci g\u00fcn\u00fcnde devam ediyor. Girne a\u00e7\u0131klar\u0131nda ya\u015fanan deniz felaketinin ard\u0131ndan yak\u0131nlar\u0131ndan haber alamayan kay\u0131p veya yaral\u0131 yak\u0131nlar\u0131n\u0131n bekleyi\u015fi de s\u00fcr\u00fcyor. Ba\u015fbakanl\u0131k\u2019tan d\u00fcn gece yap\u0131lan a\u00e7\u0131klamada, arama kurtarma \u00e7al\u0131\u015fmalar\u0131n\u0131n gece boyunca kesintisiz devam edece\u011fi bildirilmi\u015fti. Kazaya ili\u015fkin","og_url":"https:\/\/kibrisdakik.com\/?p=119539","article_published_time":"2026-08-31T06:22:14+00:00","og_image":[{"url":"https:\/\/mhahabercom.teimg.com\/crop\/1280x720\/mhahaber-com\/uploads\/2026\/08\/mha-sari-beyaz-7619.png","type":"","width":"","height":""}],"author":"admin","twitter_card":"summary_large_image","twitter_misc":{"Yazan:":"admin","Tahmini okuma s\u00fcresi":"1 dakika"},"schema":{"@context":"https:\/\/schema.org","@graph":[{"@type":"Article","@id":"https:\/\/kibrisdakik.com\/?p=119539#article","isPartOf":{"@id":"https:\/\/kibrisdakik.com\/?p=119539"},"author":{"name":"admin","@id":"https:\/\/kibrisdakik.com\/#\/schema\/person\/9cd9d437bbb44f72b73ba127e06d8e79"},"headline":"DEN\u0130Z FELAKET\u0130NDE ARAMA KURTARMA \u00c7ALI\u015eMALARI \u0130K\u0130NC\u0130 G\u00dcN\u00dcNDE","datePublished":"2026-08-31T06:22:14+00:00","mainEntityOfPage":{"@id":"https:\/\/kibrisdakik.com\/?p=119539"},"wordCount":123,"commentCount":0,"publisher":{"@id":"https:\/\/kibrisdakik.com\/#organization"},"image":{"@id":"https:\/\/kibrisdakik.com\/?p=119539#primaryimage"},"thumbnailUrl":"https:\/\/kibrisdakik.com\/wp-content\/uploads\/2026\/08\/mha-sari-beyaz-7619.png","articleSection":["K\u0131br\u0131s"],"inLanguage":"tr","potentialAction":[{"@type":"CommentAction","name":"Comment","target":["https:\/\/kibrisdakik.com\/?p=119539#respond"]}]},{"@type":"WebPage","@id":"https:\/\/kibrisdakik.com\/?p=119539","url":"https:\/\/kibrisdakik.com\/?p=119539","name":"DEN\u0130Z FELAKET\u0130NDE ARAMA KURTARMA \u00c7ALI\u015eMALARI \u0130K\u0130NC\u0130 G\u00dcN\u00dcNDE -","isPartOf":{"@id":"https:\/\/kibrisdakik.com\/#website"},"primaryImageOfPage":{"@id":"https:\/\/kibrisdakik.com\/?p=119539#primaryimage"},"image":{"@id":"https:\/\/kibrisdakik.com\/?p=119539#primaryimage"},"thumbnailUrl":"https:\/\/kibrisdakik.com\/wp-content\/uploads\/2026\/08\/mha-sari-beyaz-7619.png","datePublished":"2026-08-31T06:22:14+00:00","breadcrumb":{"@id":"https:\/\/kibrisdakik.com\/?p=119539#breadcrumb"},"inLanguage":"tr","potentialAction":[{"@type":"ReadAction","target":["https:\/\/kibrisdakik.com\/?p=119539"]}]},{"@type":"ImageObject","inLanguage":"tr","@id":"https:\/\/kibrisdakik.com\/?p=119539#primaryimage","url":"https:\/\/kibrisdakik.com\/wp-content\/uploads\/2026\/08\/mha-sari-beyaz-7619.png","contentUrl":"https:\/\/kibrisdakik.com\/wp-content\/uploads\/2026\/08\/mha-sari-beyaz-7619.png","width":1280,"height":720},{"@type":"BreadcrumbList","@id":"https:\/\/kibrisdakik.com\/?p=119539#breadcrumb","itemListElement":[{"@type":"ListItem","position":1,"name":"Home","item":"https:\/\/kibrisdakik.com\/"},{"@type":"ListItem","position":2,"name":"DEN\u0130Z FELAKET\u0130NDE ARAMA KURTARMA \u00c7ALI\u015eMALARI \u0130K\u0130NC\u0130 G\u00dcN\u00dcNDE"}]},{"@type":"WebSite","@id":"https:\/\/kibrisdakik.com\/#website","url":"https:\/\/kibrisdakik.com\/","name":"K\u0131br\u0131s Dakik","description":"Tam vaktinde haber","publisher":{"@id":"https:\/\/kibrisdakik.com\/#organization"},"potentialAction":[{"@type":"SearchAction","target":{"@type":"EntryPoint","urlTemplate":"https:\/\/kibrisdakik.com\/?s={search_term_string}"},"query-input":{"@type":"PropertyValueSpecification","valueRequired":true,"valueName":"search_term_string"}}],"inLanguage":"tr"},{"@type":"Organization","@id":"https:\/\/kibrisdakik.com\/#organization","name":"K\u0131br\u0131s Dakik","url":"https:\/\/kibrisdakik.com\/","logo":{"@type":"ImageObject","inLanguage":"tr","@id":"https:\/\/kibrisdakik.com\/#\/schema\/logo\/image\/","url":"https:\/\/kibrisdakik.com\/wp-content\/uploads\/2025\/10\/cropped-WhatsApp-Image-2025-10-02-at-12.58.31.jpeg","contentUrl":"https:\/\/kibrisdakik.com\/wp-content\/uploads\/2025\/10\/cropped-WhatsApp-Image-2025-10-02-at-12.58.31.jpeg","width":1237,"height":190,"caption":"K\u0131br\u0131s Dakik"},"image":{"@id":"https:\/\/kibrisdakik.com\/#\/schema\/logo\/image\/"}},{"@type":"Person","@id":"https:\/\/kibrisdakik.com\/#\/schema\/person\/9cd9d437bbb44f72b73ba127e06d8e79","name":"admin","image":{"@type":"ImageObject","inLanguage":"tr","@id":"https:\/\/secure.gravatar.com\/avatar\/ccc17943b9d660506c869530f897617f7cb1c21a4bf30023f252596d83e1f007?s=96&d=mm&r=g","url":"https:\/\/secure.gravatar.com\/avatar\/ccc17943b9d660506c869530f897617f7cb1c21a4bf30023f252596d83e1f007?s=96&d=mm&r=g","contentUrl":"https:\/\/secure.gravatar.com\/avatar\/ccc17943b9d660506c869530f897617f7cb1c21a4bf30023f252596d83e1f007?s=96&d=mm&r=g","caption":"admin"},"sameAs":["https:\/\/kibrisdakik.com"],"url":"https:\/\/kibrisdakik.com\/?author=1"}]}},"_links":{"self":[{"href":"https:\/\/kibrisdakik.com\/index.php?rest_route=\/wp\/v2\/posts\/119539","targetHints":{"allow":["GET"]}}],"collection":[{"href":"https:\/\/kibrisdakik.com\/index.php?rest_route=\/wp\/v2\/posts"}],"about":[{"href":"https:\/\/kibrisdakik.com\/index.php?rest_route=\/wp\/v2\/types\/post"}],"author":[{"embeddable":true,"href":"https:\/\/kibrisdakik.com\/index.php?rest_route=\/wp\/v2\/users\/1"}],"replies":[{"embeddable":true,"href":"https:\/\/kibrisdakik.com\/index.php?rest_route=%2Fwp%2Fv2%2Fcomments&post=119539"}],"version-history":[{"count":0,"href":"https:\/\/kibrisdakik.com\/index.php?rest_route=\/wp\/v2\/posts\/119539\/revisions"}],"wp:featuredmedia":[{"embeddable":true,"href":"https:\/\/kibrisdakik.com\/index.php?rest_route=\/wp\/v2\/media\/119540"}],"wp:attachment":[{"href":"https:\/\/kibrisdakik.com\/index.php?rest_route=%2Fwp%2Fv2%2Fmedia&parent=119539"}],"wp:term":[{"taxonomy":"category","embeddable":true,"href":"https:\/\/kibrisdakik.com\/index.php?rest_route=%2Fwp%2Fv2%2Fcategories&post=119539"},{"taxonomy":"post_tag","embeddable":true,"href":"https:\/\/kibrisdakik.com\/index.php?rest_route=%2Fwp%2Fv2%2Ftags&post=119539"}],"curies":[{"name":"wp","href":"https:\/\/api.w.org\/{rel}","templated":true}]}}