{"id":119546,"date":"2026-08-31T11:01:57","date_gmt":"2026-08-31T08:01:57","guid":{"rendered":"https:\/\/kibrisdakik.com\/?p=119546"},"modified":"2026-08-31T11:01:57","modified_gmt":"2026-08-31T08:01:57","slug":"serdaroglu-ihmali-bulunan-herkes-hesap-vermeli","status":"publish","type":"post","link":"https:\/\/kibrisdakik.com\/?p=119546","title":{"rendered":"SERDARO\u011eLU: \u201c\u0130HMAL\u0130 BULUNAN HERKES HESAP VERMEL\u0130\u201d"},"content":{"rendered":"<p><\/p>\n<div data-text-id=\"207072\" property=\"articleBody\">\n<p>H\u00fcr \u0130\u015f\u00e7i Sendikalar\u0131 Federasyonu (H\u00fcr-\u0130\u015f) ve Kamu \u0130\u015f\u00e7ileri Sendikas\u0131 (Kamu-\u0130\u015f) Ba\u015fkan\u0131 Ahmet Serdaro\u011flu, feribot facias\u0131n\u0131n ba\u011f\u0131ms\u0131z, \u015feffaf ve eksiksiz bi\u00e7imde soru\u015fturulmas\u0131n\u0131 istedi.<\/p>\n<p>Serdaro\u011flu yapt\u0131\u011f\u0131 yaz\u0131l\u0131 a\u00e7\u0131klamada, faciada ihmali bulunan herkesin makam\u0131na ve konumuna bak\u0131lmaks\u0131z\u0131n hesap vermesi ve benzer ac\u0131lar\u0131n tekrar ya\u015fanmamas\u0131 i\u00e7in gerekli t\u00fcm \u00f6nlemlerin gecikmeden al\u0131nmas\u0131n\u0131 talep etti.<\/p>\n<p>Serdaro\u011flu, Girne a\u00e7\u0131klar\u0131nda ya\u015fanan ve 8 ki\u015finin hayat\u0131n\u0131 kaybetti\u011fi feribot facias\u0131n\u0131n ac\u0131s\u0131n\u0131 derinden ya\u015fad\u0131klar\u0131n\u0131 ifade ederek, \u201cHayat\u0131n\u0131 kaybeden yurtta\u015flar\u0131m\u0131za Allah\u2019tan rahmet, ailelerine sab\u0131r ve ba\u015fsa\u011fl\u0131\u011f\u0131; yaral\u0131lar\u0131m\u0131za acil \u015fifalar diliyoruz\u201d dedi.<\/p>\n<p>Kay\u0131p yurtta\u015flara bir an \u00f6nce ula\u015f\u0131lmas\u0131 temennisinde bulunan Serdaro\u011flu, art\u0131k yaln\u0131zca taziye mesajlar\u0131 de\u011fil, a\u00e7\u0131k ve net cevaplar beklediklerini s\u00f6yledi.<\/p>\n<p>Serdaro\u011flu a\u00e7\u0131klamas\u0131nda \u015fu ifadelere yer verdi:<\/p>\n<p>\u201cBu \u00fclkede daha \u00f6nce ya\u015fanan a\u011f\u0131r facialar\u0131n t\u00fcm y\u00f6nleriyle ayd\u0131nlat\u0131lmas\u0131na ili\u015fkin kamuoyundaki soru i\u015faretleri h\u00e2l\u00e2 ortadayken, kriminal olaylar\u0131n toplumda yaratt\u0131\u011f\u0131 kayg\u0131 b\u00fcy\u00fcrken ve iklim krizinin beraberinde getirdi\u011fi ola\u011fan\u00fcst\u00fc hava olaylar\u0131n\u0131n gerekli \u00f6nlemler al\u0131nmad\u0131\u011f\u0131nda felakete d\u00f6n\u00fc\u015febildi\u011fini defalarca g\u00f6rm\u00fc\u015fken, kamu y\u00f6netiminin sorumluluk anlay\u0131\u015f\u0131 ciddi bi\u00e7imde sorgulanmal\u0131d\u0131r.\u201d<\/p>\n<p>Girne\u2019de ya\u015fanan feribot facias\u0131nda da geminin teknik kontrollerinden seyre elveri\u015flili\u011fine, denetimlerden izin s\u00fcre\u00e7lerine kadar t\u00fcm ayr\u0131nt\u0131lar\u0131n hi\u00e7bir \u015fey gizlenmeden kamuoyuna a\u00e7\u0131klanmas\u0131 gerekti\u011fini vurgulayan Serdaro\u011flu, \u201cBay\u0131nd\u0131rl\u0131k ve Ula\u015ft\u0131rma Bakan\u0131 Erhan Ar\u0131kl\u0131 ba\u015fta olmak \u00fczere, ilgili t\u00fcm siyasi ve idari makamlar yaln\u0131zca kazan\u0131n nedenini a\u00e7\u0131klamakla de\u011fil, kazaya kadar ge\u00e7en s\u00fcre\u00e7te \u00fczerlerine d\u00fc\u015fen denetim ve g\u00f6zetim g\u00f6revlerinin eksiksiz yerine getirilip getirilmedi\u011finin hesab\u0131n\u0131 vermekle y\u00fck\u00fcml\u00fcd\u00fcr.\u201d dedi.<\/p>\n<p>\u0130nsan hayat\u0131n\u0131n kaybedildi\u011fi her olaydan sonra ayn\u0131 c\u00fcmleleri duymak istemediklerini s\u00f6yleyen Serdaro\u011flu, devlet y\u00f6netmenin yaln\u0131zca makam sahibi olmak de\u011fil, gerekti\u011finde sorumluluk \u00fcstlenebilmek oldu\u011funu kaydetti.<\/p>\n<p>Bu kadar can kayb\u0131n\u0131n, bu kadar ac\u0131n\u0131n ve toplumun kar\u015f\u0131 kar\u015f\u0131ya kald\u0131\u011f\u0131 b\u00f6ylesine a\u011f\u0131r olaylar\u0131n ard\u0131ndan yetkililerin vicdanen ve idari a\u00e7\u0131dan kendilerini sorgulamas\u0131 gerekti\u011fini vurgulayan Serdaro\u011flu, \u201cToplumun sormaya hakk\u0131 vard\u0131r; bu kadar ac\u0131n\u0131n ve felaketin kar\u015f\u0131s\u0131nda sorumluluk makam\u0131nda bulunanlar nas\u0131l rahat uyuyabiliyor?\u201d dedi.<\/p>\n<\/p><\/div>\n","protected":false},"excerpt":{"rendered":"<p>H\u00fcr \u0130\u015f\u00e7i Sendikalar\u0131 Federasyonu (H\u00fcr-\u0130\u015f) ve Kamu \u0130\u015f\u00e7ileri Sendikas\u0131 (Kamu-\u0130\u015f) Ba\u015fkan\u0131 Ahmet Serdaro\u011flu, feribot facias\u0131n\u0131n ba\u011f\u0131ms\u0131z, \u015feffaf ve eksiksiz bi\u00e7imde soru\u015fturulmas\u0131n\u0131 istedi. Serdaro\u011flu yapt\u0131\u011f\u0131 yaz\u0131l\u0131 a\u00e7\u0131klamada, faciada ihmali bulunan herkesin makam\u0131na ve konumuna bak\u0131lmaks\u0131z\u0131n hesap vermesi ve benzer ac\u0131lar\u0131n tekrar ya\u015fanmamas\u0131 i\u00e7in gerekli t\u00fcm \u00f6nlemlerin gecikmeden al\u0131nmas\u0131n\u0131 talep etti. Serdaro\u011flu, Girne a\u00e7\u0131klar\u0131nda ya\u015fanan ve 8<\/p>\n","protected":false},"author":1,"featured_media":119547,"comment_status":"open","ping_status":"open","sticky":false,"template":"","format":"standard","meta":{"footnotes":""},"categories":[81],"tags":[],"class_list":["post-119546","post","type-post","status-publish","format-standard","has-post-thumbnail","hentry","category-kibris"],"yoast_head":"<!-- This site is optimized with the Yoast SEO plugin v28.3 - https:\/\/yoast.com\/product\/yoast-seo-wordpress\/ -->\n<title>SERDARO\u011eLU: \u201c\u0130HMAL\u0130 BULUNAN HERKES HESAP VERMEL\u0130\u201d -<\/title>\n<meta name=\"robots\" content=\"index, follow, max-snippet:-1, max-image-preview:large, max-video-preview:-1\" \/>\n<link rel=\"canonical\" href=\"https:\/\/kibrisdakik.com\/?p=119546\" \/>\n<meta property=\"og:locale\" content=\"tr_TR\" \/>\n<meta property=\"og:type\" content=\"article\" \/>\n<meta property=\"og:title\" content=\"SERDARO\u011eLU: \u201c\u0130HMAL\u0130 BULUNAN HERKES HESAP VERMEL\u0130\u201d -\" \/>\n<meta property=\"og:description\" content=\"H\u00fcr \u0130\u015f\u00e7i Sendikalar\u0131 Federasyonu (H\u00fcr-\u0130\u015f) ve Kamu \u0130\u015f\u00e7ileri Sendikas\u0131 (Kamu-\u0130\u015f) Ba\u015fkan\u0131 Ahmet Serdaro\u011flu, feribot facias\u0131n\u0131n ba\u011f\u0131ms\u0131z, \u015feffaf ve eksiksiz bi\u00e7imde soru\u015fturulmas\u0131n\u0131 istedi. Serdaro\u011flu yapt\u0131\u011f\u0131 yaz\u0131l\u0131 a\u00e7\u0131klamada, faciada ihmali bulunan herkesin makam\u0131na ve konumuna bak\u0131lmaks\u0131z\u0131n hesap vermesi ve benzer ac\u0131lar\u0131n tekrar ya\u015fanmamas\u0131 i\u00e7in gerekli t\u00fcm \u00f6nlemlerin gecikmeden al\u0131nmas\u0131n\u0131 talep etti. Serdaro\u011flu, Girne a\u00e7\u0131klar\u0131nda ya\u015fanan ve 8\" \/>\n<meta property=\"og:url\" content=\"https:\/\/kibrisdakik.com\/?p=119546\" \/>\n<meta property=\"article:published_time\" content=\"2026-08-31T08:01:57+00:00\" \/>\n<meta property=\"og:image\" content=\"https:\/\/mhahabercom.teimg.com\/crop\/1280x720\/mhahaber-com\/uploads\/2026\/08\/mha-sari-beyaz-7621.png\" \/>\n<meta name=\"author\" content=\"admin\" \/>\n<meta name=\"twitter:card\" content=\"summary_large_image\" \/>\n<meta name=\"twitter:label1\" content=\"Yazan:\" \/>\n\t<meta name=\"twitter:data1\" content=\"admin\" \/>\n\t<meta name=\"twitter:label2\" content=\"Tahmini okuma s\u00fcresi\" \/>\n\t<meta name=\"twitter:data2\" content=\"2 dakika\" \/>\n<script type=\"application\/ld+json\" class=\"yoast-schema-graph\">{\"@context\":\"https:\\\/\\\/schema.org\",\"@graph\":[{\"@type\":\"Article\",\"@id\":\"https:\\\/\\\/kibrisdakik.com\\\/?p=119546#article\",\"isPartOf\":{\"@id\":\"https:\\\/\\\/kibrisdakik.com\\\/?p=119546\"},\"author\":{\"name\":\"admin\",\"@id\":\"https:\\\/\\\/kibrisdakik.com\\\/#\\\/schema\\\/person\\\/9cd9d437bbb44f72b73ba127e06d8e79\"},\"headline\":\"SERDARO\u011eLU: \u201c\u0130HMAL\u0130 BULUNAN HERKES HESAP VERMEL\u0130\u201d\",\"datePublished\":\"2026-08-31T08:01:57+00:00\",\"mainEntityOfPage\":{\"@id\":\"https:\\\/\\\/kibrisdakik.com\\\/?p=119546\"},\"wordCount\":445,\"commentCount\":0,\"publisher\":{\"@id\":\"https:\\\/\\\/kibrisdakik.com\\\/#organization\"},\"image\":{\"@id\":\"https:\\\/\\\/kibrisdakik.com\\\/?p=119546#primaryimage\"},\"thumbnailUrl\":\"https:\\\/\\\/kibrisdakik.com\\\/wp-content\\\/uploads\\\/2026\\\/08\\\/mha-sari-beyaz-7621.png\",\"articleSection\":[\"K\u0131br\u0131s\"],\"inLanguage\":\"tr\",\"potentialAction\":[{\"@type\":\"CommentAction\",\"name\":\"Comment\",\"target\":[\"https:\\\/\\\/kibrisdakik.com\\\/?p=119546#respond\"]}]},{\"@type\":\"WebPage\",\"@id\":\"https:\\\/\\\/kibrisdakik.com\\\/?p=119546\",\"url\":\"https:\\\/\\\/kibrisdakik.com\\\/?p=119546\",\"name\":\"SERDARO\u011eLU: \u201c\u0130HMAL\u0130 BULUNAN HERKES HESAP VERMEL\u0130\u201d -\",\"isPartOf\":{\"@id\":\"https:\\\/\\\/kibrisdakik.com\\\/#website\"},\"primaryImageOfPage\":{\"@id\":\"https:\\\/\\\/kibrisdakik.com\\\/?p=119546#primaryimage\"},\"image\":{\"@id\":\"https:\\\/\\\/kibrisdakik.com\\\/?p=119546#primaryimage\"},\"thumbnailUrl\":\"https:\\\/\\\/kibrisdakik.com\\\/wp-content\\\/uploads\\\/2026\\\/08\\\/mha-sari-beyaz-7621.png\",\"datePublished\":\"2026-08-31T08:01:57+00:00\",\"breadcrumb\":{\"@id\":\"https:\\\/\\\/kibrisdakik.com\\\/?p=119546#breadcrumb\"},\"inLanguage\":\"tr\",\"potentialAction\":[{\"@type\":\"ReadAction\",\"target\":[\"https:\\\/\\\/kibrisdakik.com\\\/?p=119546\"]}]},{\"@type\":\"ImageObject\",\"inLanguage\":\"tr\",\"@id\":\"https:\\\/\\\/kibrisdakik.com\\\/?p=119546#primaryimage\",\"url\":\"https:\\\/\\\/kibrisdakik.com\\\/wp-content\\\/uploads\\\/2026\\\/08\\\/mha-sari-beyaz-7621.png\",\"contentUrl\":\"https:\\\/\\\/kibrisdakik.com\\\/wp-content\\\/uploads\\\/2026\\\/08\\\/mha-sari-beyaz-7621.png\",\"width\":1280,\"height\":720},{\"@type\":\"BreadcrumbList\",\"@id\":\"https:\\\/\\\/kibrisdakik.com\\\/?p=119546#breadcrumb\",\"itemListElement\":[{\"@type\":\"ListItem\",\"position\":1,\"name\":\"Home\",\"item\":\"https:\\\/\\\/kibrisdakik.com\\\/\"},{\"@type\":\"ListItem\",\"position\":2,\"name\":\"SERDARO\u011eLU: \u201c\u0130HMAL\u0130 BULUNAN HERKES HESAP VERMEL\u0130\u201d\"}]},{\"@type\":\"WebSite\",\"@id\":\"https:\\\/\\\/kibrisdakik.com\\\/#website\",\"url\":\"https:\\\/\\\/kibrisdakik.com\\\/\",\"name\":\"K\u0131br\u0131s Dakik\",\"description\":\"Tam vaktinde haber\",\"publisher\":{\"@id\":\"https:\\\/\\\/kibrisdakik.com\\\/#organization\"},\"potentialAction\":[{\"@type\":\"SearchAction\",\"target\":{\"@type\":\"EntryPoint\",\"urlTemplate\":\"https:\\\/\\\/kibrisdakik.com\\\/?s={search_term_string}\"},\"query-input\":{\"@type\":\"PropertyValueSpecification\",\"valueRequired\":true,\"valueName\":\"search_term_string\"}}],\"inLanguage\":\"tr\"},{\"@type\":\"Organization\",\"@id\":\"https:\\\/\\\/kibrisdakik.com\\\/#organization\",\"name\":\"K\u0131br\u0131s Dakik\",\"url\":\"https:\\\/\\\/kibrisdakik.com\\\/\",\"logo\":{\"@type\":\"ImageObject\",\"inLanguage\":\"tr\",\"@id\":\"https:\\\/\\\/kibrisdakik.com\\\/#\\\/schema\\\/logo\\\/image\\\/\",\"url\":\"https:\\\/\\\/kibrisdakik.com\\\/wp-content\\\/uploads\\\/2025\\\/10\\\/cropped-WhatsApp-Image-2025-10-02-at-12.58.31.jpeg\",\"contentUrl\":\"https:\\\/\\\/kibrisdakik.com\\\/wp-content\\\/uploads\\\/2025\\\/10\\\/cropped-WhatsApp-Image-2025-10-02-at-12.58.31.jpeg\",\"width\":1237,\"height\":190,\"caption\":\"K\u0131br\u0131s Dakik\"},\"image\":{\"@id\":\"https:\\\/\\\/kibrisdakik.com\\\/#\\\/schema\\\/logo\\\/image\\\/\"}},{\"@type\":\"Person\",\"@id\":\"https:\\\/\\\/kibrisdakik.com\\\/#\\\/schema\\\/person\\\/9cd9d437bbb44f72b73ba127e06d8e79\",\"name\":\"admin\",\"image\":{\"@type\":\"ImageObject\",\"inLanguage\":\"tr\",\"@id\":\"https:\\\/\\\/secure.gravatar.com\\\/avatar\\\/ccc17943b9d660506c869530f897617f7cb1c21a4bf30023f252596d83e1f007?s=96&d=mm&r=g\",\"url\":\"https:\\\/\\\/secure.gravatar.com\\\/avatar\\\/ccc17943b9d660506c869530f897617f7cb1c21a4bf30023f252596d83e1f007?s=96&d=mm&r=g\",\"contentUrl\":\"https:\\\/\\\/secure.gravatar.com\\\/avatar\\\/ccc17943b9d660506c869530f897617f7cb1c21a4bf30023f252596d83e1f007?s=96&d=mm&r=g\",\"caption\":\"admin\"},\"sameAs\":[\"https:\\\/\\\/kibrisdakik.com\"],\"url\":\"https:\\\/\\\/kibrisdakik.com\\\/?author=1\"}]}<\/script>\n<!-- \/ Yoast SEO plugin. -->","yoast_head_json":{"title":"SERDARO\u011eLU: \u201c\u0130HMAL\u0130 BULUNAN HERKES HESAP VERMEL\u0130\u201d -","robots":{"index":"index","follow":"follow","max-snippet":"max-snippet:-1","max-image-preview":"max-image-preview:large","max-video-preview":"max-video-preview:-1"},"canonical":"https:\/\/kibrisdakik.com\/?p=119546","og_locale":"tr_TR","og_type":"article","og_title":"SERDARO\u011eLU: \u201c\u0130HMAL\u0130 BULUNAN HERKES HESAP VERMEL\u0130\u201d -","og_description":"H\u00fcr \u0130\u015f\u00e7i Sendikalar\u0131 Federasyonu (H\u00fcr-\u0130\u015f) ve Kamu \u0130\u015f\u00e7ileri Sendikas\u0131 (Kamu-\u0130\u015f) Ba\u015fkan\u0131 Ahmet Serdaro\u011flu, feribot facias\u0131n\u0131n ba\u011f\u0131ms\u0131z, \u015feffaf ve eksiksiz bi\u00e7imde soru\u015fturulmas\u0131n\u0131 istedi. Serdaro\u011flu yapt\u0131\u011f\u0131 yaz\u0131l\u0131 a\u00e7\u0131klamada, faciada ihmali bulunan herkesin makam\u0131na ve konumuna bak\u0131lmaks\u0131z\u0131n hesap vermesi ve benzer ac\u0131lar\u0131n tekrar ya\u015fanmamas\u0131 i\u00e7in gerekli t\u00fcm \u00f6nlemlerin gecikmeden al\u0131nmas\u0131n\u0131 talep etti. Serdaro\u011flu, Girne a\u00e7\u0131klar\u0131nda ya\u015fanan ve 8","og_url":"https:\/\/kibrisdakik.com\/?p=119546","article_published_time":"2026-08-31T08:01:57+00:00","og_image":[{"url":"https:\/\/mhahabercom.teimg.com\/crop\/1280x720\/mhahaber-com\/uploads\/2026\/08\/mha-sari-beyaz-7621.png","type":"","width":"","height":""}],"author":"admin","twitter_card":"summary_large_image","twitter_misc":{"Yazan:":"admin","Tahmini okuma s\u00fcresi":"2 dakika"},"schema":{"@context":"https:\/\/schema.org","@graph":[{"@type":"Article","@id":"https:\/\/kibrisdakik.com\/?p=119546#article","isPartOf":{"@id":"https:\/\/kibrisdakik.com\/?p=119546"},"author":{"name":"admin","@id":"https:\/\/kibrisdakik.com\/#\/schema\/person\/9cd9d437bbb44f72b73ba127e06d8e79"},"headline":"SERDARO\u011eLU: \u201c\u0130HMAL\u0130 BULUNAN HERKES HESAP VERMEL\u0130\u201d","datePublished":"2026-08-31T08:01:57+00:00","mainEntityOfPage":{"@id":"https:\/\/kibrisdakik.com\/?p=119546"},"wordCount":445,"commentCount":0,"publisher":{"@id":"https:\/\/kibrisdakik.com\/#organization"},"image":{"@id":"https:\/\/kibrisdakik.com\/?p=119546#primaryimage"},"thumbnailUrl":"https:\/\/kibrisdakik.com\/wp-content\/uploads\/2026\/08\/mha-sari-beyaz-7621.png","articleSection":["K\u0131br\u0131s"],"inLanguage":"tr","potentialAction":[{"@type":"CommentAction","name":"Comment","target":["https:\/\/kibrisdakik.com\/?p=119546#respond"]}]},{"@type":"WebPage","@id":"https:\/\/kibrisdakik.com\/?p=119546","url":"https:\/\/kibrisdakik.com\/?p=119546","name":"SERDARO\u011eLU: \u201c\u0130HMAL\u0130 BULUNAN HERKES HESAP VERMEL\u0130\u201d -","isPartOf":{"@id":"https:\/\/kibrisdakik.com\/#website"},"primaryImageOfPage":{"@id":"https:\/\/kibrisdakik.com\/?p=119546#primaryimage"},"image":{"@id":"https:\/\/kibrisdakik.com\/?p=119546#primaryimage"},"thumbnailUrl":"https:\/\/kibrisdakik.com\/wp-content\/uploads\/2026\/08\/mha-sari-beyaz-7621.png","datePublished":"2026-08-31T08:01:57+00:00","breadcrumb":{"@id":"https:\/\/kibrisdakik.com\/?p=119546#breadcrumb"},"inLanguage":"tr","potentialAction":[{"@type":"ReadAction","target":["https:\/\/kibrisdakik.com\/?p=119546"]}]},{"@type":"ImageObject","inLanguage":"tr","@id":"https:\/\/kibrisdakik.com\/?p=119546#primaryimage","url":"https:\/\/kibrisdakik.com\/wp-content\/uploads\/2026\/08\/mha-sari-beyaz-7621.png","contentUrl":"https:\/\/kibrisdakik.com\/wp-content\/uploads\/2026\/08\/mha-sari-beyaz-7621.png","width":1280,"height":720},{"@type":"BreadcrumbList","@id":"https:\/\/kibrisdakik.com\/?p=119546#breadcrumb","itemListElement":[{"@type":"ListItem","position":1,"name":"Home","item":"https:\/\/kibrisdakik.com\/"},{"@type":"ListItem","position":2,"name":"SERDARO\u011eLU: \u201c\u0130HMAL\u0130 BULUNAN HERKES HESAP VERMEL\u0130\u201d"}]},{"@type":"WebSite","@id":"https:\/\/kibrisdakik.com\/#website","url":"https:\/\/kibrisdakik.com\/","name":"K\u0131br\u0131s Dakik","description":"Tam vaktinde haber","publisher":{"@id":"https:\/\/kibrisdakik.com\/#organization"},"potentialAction":[{"@type":"SearchAction","target":{"@type":"EntryPoint","urlTemplate":"https:\/\/kibrisdakik.com\/?s={search_term_string}"},"query-input":{"@type":"PropertyValueSpecification","valueRequired":true,"valueName":"search_term_string"}}],"inLanguage":"tr"},{"@type":"Organization","@id":"https:\/\/kibrisdakik.com\/#organization","name":"K\u0131br\u0131s Dakik","url":"https:\/\/kibrisdakik.com\/","logo":{"@type":"ImageObject","inLanguage":"tr","@id":"https:\/\/kibrisdakik.com\/#\/schema\/logo\/image\/","url":"https:\/\/kibrisdakik.com\/wp-content\/uploads\/2025\/10\/cropped-WhatsApp-Image-2025-10-02-at-12.58.31.jpeg","contentUrl":"https:\/\/kibrisdakik.com\/wp-content\/uploads\/2025\/10\/cropped-WhatsApp-Image-2025-10-02-at-12.58.31.jpeg","width":1237,"height":190,"caption":"K\u0131br\u0131s Dakik"},"image":{"@id":"https:\/\/kibrisdakik.com\/#\/schema\/logo\/image\/"}},{"@type":"Person","@id":"https:\/\/kibrisdakik.com\/#\/schema\/person\/9cd9d437bbb44f72b73ba127e06d8e79","name":"admin","image":{"@type":"ImageObject","inLanguage":"tr","@id":"https:\/\/secure.gravatar.com\/avatar\/ccc17943b9d660506c869530f897617f7cb1c21a4bf30023f252596d83e1f007?s=96&d=mm&r=g","url":"https:\/\/secure.gravatar.com\/avatar\/ccc17943b9d660506c869530f897617f7cb1c21a4bf30023f252596d83e1f007?s=96&d=mm&r=g","contentUrl":"https:\/\/secure.gravatar.com\/avatar\/ccc17943b9d660506c869530f897617f7cb1c21a4bf30023f252596d83e1f007?s=96&d=mm&r=g","caption":"admin"},"sameAs":["https:\/\/kibrisdakik.com"],"url":"https:\/\/kibrisdakik.com\/?author=1"}]}},"_links":{"self":[{"href":"https:\/\/kibrisdakik.com\/index.php?rest_route=\/wp\/v2\/posts\/119546","targetHints":{"allow":["GET"]}}],"collection":[{"href":"https:\/\/kibrisdakik.com\/index.php?rest_route=\/wp\/v2\/posts"}],"about":[{"href":"https:\/\/kibrisdakik.com\/index.php?rest_route=\/wp\/v2\/types\/post"}],"author":[{"embeddable":true,"href":"https:\/\/kibrisdakik.com\/index.php?rest_route=\/wp\/v2\/users\/1"}],"replies":[{"embeddable":true,"href":"https:\/\/kibrisdakik.com\/index.php?rest_route=%2Fwp%2Fv2%2Fcomments&post=119546"}],"version-history":[{"count":0,"href":"https:\/\/kibrisdakik.com\/index.php?rest_route=\/wp\/v2\/posts\/119546\/revisions"}],"wp:featuredmedia":[{"embeddable":true,"href":"https:\/\/kibrisdakik.com\/index.php?rest_route=\/wp\/v2\/media\/119547"}],"wp:attachment":[{"href":"https:\/\/kibrisdakik.com\/index.php?rest_route=%2Fwp%2Fv2%2Fmedia&parent=119546"}],"wp:term":[{"taxonomy":"category","embeddable":true,"href":"https:\/\/kibrisdakik.com\/index.php?rest_route=%2Fwp%2Fv2%2Fcategories&post=119546"},{"taxonomy":"post_tag","embeddable":true,"href":"https:\/\/kibrisdakik.com\/index.php?rest_route=%2Fwp%2Fv2%2Ftags&post=119546"}],"curies":[{"name":"wp","href":"https:\/\/api.w.org\/{rel}","templated":true}]}}