{"id":119548,"date":"2026-08-31T11:06:34","date_gmt":"2026-08-31T08:06:34","guid":{"rendered":"https:\/\/kibrisdakik.com\/?p=119548"},"modified":"2026-08-31T11:06:34","modified_gmt":"2026-08-31T08:06:34","slug":"filo-jetin-gecmisine-iliskin-carpici-kayit-2003te-de-su-aldigi-iddia-edildi","status":"publish","type":"post","link":"https:\/\/kibrisdakik.com\/?p=119548","title":{"rendered":"Filo Jet\u2019in ge\u00e7mi\u015fine ili\u015fkin \u00e7arp\u0131c\u0131 kay\u0131t: 2003\u2019te de su ald\u0131\u011f\u0131 iddia edildi"},"content":{"rendered":"<p>A\u015fa\u011f\u0131da metni <strong>\u00f6zetlemeden, iddialar\u0131 kesin bilgi gibi sunmadan ve haber dilini koruyarak<\/strong> sade\/profesyonel gazete format\u0131nda d\u00fczenledim:<\/p>\n<h1><strong>F\u0130LO JET\u2019\u0130N GE\u00c7M\u0130\u015e\u0130NE \u0130L\u0130\u015eK\u0130N \u00c7ARPICI KAYIT: 2003\u2019TE DE SU ALDI\u011eI \u0130DD\u0130A ED\u0130LD\u0130<\/strong><\/h1>\n<p>Girne\u2019den Ta\u015fucu\u2019na gitmek \u00fczere hareket ettikten k\u0131sa s\u00fcre sonra su almaya ba\u015flayan ve Girne a\u00e7\u0131klar\u0131nda alabora olarak batan F\u0130LO JET isimli yolcu gemisinin ge\u00e7mi\u015fine ili\u015fkin dikkat \u00e7ekici kay\u0131t ve iddialar g\u00fcndeme geldi.<\/p>\n<p>Ortaya \u00e7\u0131kan kay\u0131tlar ve ge\u00e7mi\u015f y\u0131llarda yay\u0131mlanan haberlerde yer alan bilgilere g\u00f6re, kazaya kar\u0131\u015fan F\u0130LO JET\u2019in eski ad\u0131n\u0131n <strong>IRIS JET<\/strong> oldu\u011fu ve geminin y\u0131llar \u00f6nce de T\u00fcrkiye-KKTC hatt\u0131nda faaliyet g\u00f6sterdi\u011fi \u00f6ne s\u00fcr\u00fcld\u00fc.<\/p>\n<p>Gemilerin kimlik numaras\u0131 niteli\u011findeki <strong>IMO 8962034<\/strong> \u00fczerinden yap\u0131lan incelemelerde IRIS JET ile F\u0130LO JET\u2019in ayn\u0131 gemi oldu\u011fu iddia edilirken, Global Fishing Watch kay\u0131tlar\u0131nda da geminin <strong>\u201cIris Jet, a.k.a. Filo Jet\u201d<\/strong> \u015feklinde yer ald\u0131\u011f\u0131 belirtildi.<\/p>\n<h2><strong>2003\u2019TE KAZA GE\u00c7\u0130RD\u0130, G\u00dcNLER SONRA SU ALDI\u011eI \u0130DD\u0130A ED\u0130LD\u0130<\/strong><\/h2>\n<p>Geminin ge\u00e7mi\u015fine ili\u015fkin en dikkat \u00e7ekici iddialardan biri 2003 y\u0131l\u0131na uzan\u0131yor.<\/p>\n<p>Fransa Yarg\u0131tay\u0131\u2019n\u0131n bir sigorta uyu\u015fmazl\u0131\u011f\u0131na ili\u015fkin karar\u0131nda yer ald\u0131\u011f\u0131 belirtilen bilgilere g\u00f6re, o d\u00f6nem IRIS JET ad\u0131yla i\u015fletilen geminin <strong>26 Ekim 2003 tarihinde<\/strong> limanda yana\u015fma manevras\u0131 s\u0131ras\u0131nda r\u0131ht\u0131ma \u00e7arpt\u0131\u011f\u0131 \u00f6ne s\u00fcr\u00fcld\u00fc.<\/p>\n<p>Mahkeme dosyas\u0131nda yer ald\u0131\u011f\u0131 belirtilen bilgilere g\u00f6re gemi, s\u00f6z konusu kazan\u0131n ard\u0131ndan i\u015fletilmeye devam etti. Yakla\u015f\u0131k <strong>10 g\u00fcn sonra ise gemide ciddi su giri\u015fi ya\u015fand\u0131\u011f\u0131<\/strong> iddia edildi.<\/p>\n<p>Dosyada ayr\u0131ca, gerekli onar\u0131mlar yap\u0131lmadan geminin yo\u011fun \u015fekilde i\u015fletilmeye devam edilmesinin mevcut hasar\u0131 a\u011f\u0131rla\u015ft\u0131rd\u0131\u011f\u0131 y\u00f6n\u00fcndeki sigorta \u015firketi iddialar\u0131n\u0131n da tart\u0131\u015f\u0131ld\u0131\u011f\u0131 belirtildi.<\/p>\n<h2><strong>TA\u015eUCU-G\u0130RNE HATTINDA SEFER YAPTI\u011eI \u00d6NE S\u00dcR\u00dcLD\u00dc<\/strong><\/h2>\n<p>IRIS JET\u2019in T\u00fcrkiye ile KKTC aras\u0131ndaki deniz ula\u015f\u0131m\u0131ndaki ge\u00e7mi\u015finin de 2000\u2019li y\u0131llar\u0131n ba\u015f\u0131na uzand\u0131\u011f\u0131 iddia ediliyor.<\/p>\n<p>2007 y\u0131l\u0131nda yay\u0131mlanan haberlerde, geminin <strong>2003 y\u0131l\u0131nda Antalya-Girne aras\u0131nda yolcu ta\u015f\u0131mac\u0131l\u0131\u011f\u0131nda kullan\u0131lmak \u00fczere kiraland\u0131\u011f\u0131<\/strong>, ancak planlanan Antalya seferleri yerine Ta\u015fucu-Girne aras\u0131nda birka\u00e7 sefer ger\u00e7ekle\u015ftirdi\u011fi \u00f6ne s\u00fcr\u00fcld\u00fc.<\/p>\n<p>Ayn\u0131 d\u00f6nem haberlerinde, gemiyi i\u015fleten \u015firketin \u00e7al\u0131\u015fanlar\u0131 ile di\u011fer alacakl\u0131lar\u0131n talepleri \u00fczerine IRIS JET\u2019e <strong>Ta\u015fucu Liman\u0131\u2019nda haciz konuldu\u011fu<\/strong> da iddia edildi.<\/p>\n<h2><strong>\u201cTERK ED\u0130LM\u0130\u015e GEM\u0130LER\u201d L\u0130STES\u0130NDE YER ALDI\u011eI \u0130DD\u0130ASI<\/strong><\/h2>\n<p>Geminin ge\u00e7mi\u015fine ili\u015fkin bir di\u011fer dikkat \u00e7ekici iddia ise uzun y\u0131llar Ta\u015fucu Liman\u0131\u2019nda bekletildi\u011fi y\u00f6n\u00fcnde.<\/p>\n<p>T\u00fcrkiye\u2019de ilgili kurumlar taraf\u0131ndan ge\u00e7mi\u015fte yay\u0131mlanan bat\u0131k ve terk edilmi\u015f gemilere ili\u015fkin kay\u0131tlarda IRIS JET ad\u0131na rastland\u0131\u011f\u0131, geminin bulundu\u011fu yerin <strong>Ta\u015fucu<\/strong>, durumunun ise <strong>\u201cterk edilmi\u015f\u201d<\/strong> olarak g\u00f6sterildi\u011fi \u00f6ne s\u00fcr\u00fcld\u00fc.<\/p>\n<p>D\u00f6nemin bas\u0131n\u0131nda yer alan haberlerde de IRIS JET\u2019in yakla\u015f\u0131k <strong>d\u00f6rt y\u0131l Ta\u015fucu Liman\u0131\u2019nda ba\u011fl\u0131 kald\u0131\u011f\u0131<\/strong> ve <strong>2 milyon 425 bin dolar bedelle icradan sat\u0131\u015fa \u00e7\u0131kar\u0131ld\u0131\u011f\u0131<\/strong> iddia edildi.<\/p>\n<h2><strong>YILLAR SONRA F\u0130LO JET ADIYLA YEN\u0130DEN SEFERE \u00c7IKTI<\/strong><\/h2>\n<p>Geminin sonraki y\u0131llarda yeniden faaliyete ge\u00e7irildi\u011fi ve ad\u0131n\u0131n <strong>F\u0130LO JET<\/strong> olarak de\u011fi\u015ftirildi\u011fi \u00f6ne s\u00fcr\u00fcl\u00fcyor.<\/p>\n<p>Geminin yenileme \u00e7al\u0131\u015fmalar\u0131n\u0131n ard\u0131ndan Filo Denizcilik filosuna kat\u0131ld\u0131\u011f\u0131 ve <strong>Girne-Ta\u015fucu hatt\u0131nda yolcu ta\u015f\u0131mac\u0131l\u0131\u011f\u0131nda kullan\u0131lmaya ba\u015fland\u0131\u011f\u0131<\/strong> iddialar aras\u0131nda yer al\u0131yor.<\/p>\n<p>B\u00f6ylece 2003 y\u0131l\u0131nda IRIS JET ad\u0131yla Ta\u015fucu-Girne hatt\u0131nda sefer yapt\u0131\u011f\u0131 \u00f6ne s\u00fcr\u00fclen geminin, y\u0131llar sonra F\u0130LO JET ad\u0131yla yeniden ayn\u0131 hatta hizmet vermeye ba\u015flad\u0131\u011f\u0131 belirtiliyor.<\/p>\n<p><strong>23 y\u0131l sonra ise ayn\u0131 gemi Girne a\u00e7\u0131klar\u0131nda alabora olarak batt\u0131.<\/strong><\/p>\n<p>Geminin ge\u00e7mi\u015fine ili\u015fkin ortaya at\u0131lan bu kay\u0131t ve iddialar\u0131n, devam eden soru\u015fturma kapsam\u0131nda teknik ve idari makamlar taraf\u0131ndan incelenmesi bekleniyor.<\/p>\n","protected":false},"excerpt":{"rendered":"<p>A\u015fa\u011f\u0131da metni \u00f6zetlemeden, iddialar\u0131 kesin bilgi gibi sunmadan ve haber dilini koruyarak sade\/profesyonel gazete format\u0131nda d\u00fczenledim: F\u0130LO JET\u2019\u0130N GE\u00c7M\u0130\u015e\u0130NE \u0130L\u0130\u015eK\u0130N \u00c7ARPICI KAYIT: 2003\u2019TE DE SU ALDI\u011eI \u0130DD\u0130A ED\u0130LD\u0130 Girne\u2019den Ta\u015fucu\u2019na gitmek \u00fczere hareket ettikten k\u0131sa s\u00fcre sonra su almaya ba\u015flayan ve Girne a\u00e7\u0131klar\u0131nda alabora olarak batan F\u0130LO JET isimli yolcu gemisinin ge\u00e7mi\u015fine ili\u015fkin dikkat \u00e7ekici<\/p>\n","protected":false},"author":1,"featured_media":119549,"comment_status":"open","ping_status":"open","sticky":false,"template":"","format":"standard","meta":{"footnotes":""},"categories":[1,81],"tags":[],"class_list":["post-119548","post","type-post","status-publish","format-standard","has-post-thumbnail","hentry","category-gundem","category-kibris"],"yoast_head":"<!-- This site is optimized with the Yoast SEO plugin v28.3 - https:\/\/yoast.com\/product\/yoast-seo-wordpress\/ -->\n<title>Filo Jet\u2019in ge\u00e7mi\u015fine ili\u015fkin \u00e7arp\u0131c\u0131 kay\u0131t: 2003\u2019te de su ald\u0131\u011f\u0131 iddia edildi -<\/title>\n<meta name=\"robots\" content=\"index, follow, max-snippet:-1, max-image-preview:large, max-video-preview:-1\" \/>\n<link rel=\"canonical\" href=\"https:\/\/kibrisdakik.com\/?p=119548\" \/>\n<meta property=\"og:locale\" content=\"tr_TR\" \/>\n<meta property=\"og:type\" content=\"article\" \/>\n<meta property=\"og:title\" content=\"Filo Jet\u2019in ge\u00e7mi\u015fine ili\u015fkin \u00e7arp\u0131c\u0131 kay\u0131t: 2003\u2019te de su ald\u0131\u011f\u0131 iddia edildi -\" \/>\n<meta property=\"og:description\" content=\"A\u015fa\u011f\u0131da metni \u00f6zetlemeden, iddialar\u0131 kesin bilgi gibi sunmadan ve haber dilini koruyarak sade\/profesyonel gazete format\u0131nda d\u00fczenledim: F\u0130LO JET\u2019\u0130N GE\u00c7M\u0130\u015e\u0130NE \u0130L\u0130\u015eK\u0130N \u00c7ARPICI KAYIT: 2003\u2019TE DE SU ALDI\u011eI \u0130DD\u0130A ED\u0130LD\u0130 Girne\u2019den Ta\u015fucu\u2019na gitmek \u00fczere hareket ettikten k\u0131sa s\u00fcre sonra su almaya ba\u015flayan ve Girne a\u00e7\u0131klar\u0131nda alabora olarak batan F\u0130LO JET isimli yolcu gemisinin ge\u00e7mi\u015fine ili\u015fkin dikkat \u00e7ekici\" \/>\n<meta property=\"og:url\" content=\"https:\/\/kibrisdakik.com\/?p=119548\" \/>\n<meta property=\"article:published_time\" content=\"2026-08-31T08:06:34+00:00\" \/>\n<meta property=\"og:image\" content=\"https:\/\/kibrisdakik.com\/wp-content\/uploads\/2026\/08\/MHAMHA-2.png\" \/>\n\t<meta property=\"og:image:width\" content=\"706\" \/>\n\t<meta property=\"og:image:height\" content=\"431\" \/>\n\t<meta property=\"og:image:type\" content=\"image\/png\" \/>\n<meta name=\"author\" content=\"admin\" \/>\n<meta name=\"twitter:card\" content=\"summary_large_image\" \/>\n<meta name=\"twitter:label1\" content=\"Yazan:\" \/>\n\t<meta name=\"twitter:data1\" content=\"admin\" \/>\n\t<meta name=\"twitter:label2\" content=\"Tahmini okuma s\u00fcresi\" \/>\n\t<meta name=\"twitter:data2\" content=\"4 dakika\" \/>\n<script type=\"application\/ld+json\" class=\"yoast-schema-graph\">{\"@context\":\"https:\\\/\\\/schema.org\",\"@graph\":[{\"@type\":\"Article\",\"@id\":\"https:\\\/\\\/kibrisdakik.com\\\/?p=119548#article\",\"isPartOf\":{\"@id\":\"https:\\\/\\\/kibrisdakik.com\\\/?p=119548\"},\"author\":{\"name\":\"admin\",\"@id\":\"https:\\\/\\\/kibrisdakik.com\\\/#\\\/schema\\\/person\\\/9cd9d437bbb44f72b73ba127e06d8e79\"},\"headline\":\"Filo Jet\u2019in ge\u00e7mi\u015fine ili\u015fkin \u00e7arp\u0131c\u0131 kay\u0131t: 2003\u2019te de su ald\u0131\u011f\u0131 iddia edildi\",\"datePublished\":\"2026-08-31T08:06:34+00:00\",\"mainEntityOfPage\":{\"@id\":\"https:\\\/\\\/kibrisdakik.com\\\/?p=119548\"},\"wordCount\":721,\"commentCount\":0,\"publisher\":{\"@id\":\"https:\\\/\\\/kibrisdakik.com\\\/#organization\"},\"image\":{\"@id\":\"https:\\\/\\\/kibrisdakik.com\\\/?p=119548#primaryimage\"},\"thumbnailUrl\":\"https:\\\/\\\/kibrisdakik.com\\\/wp-content\\\/uploads\\\/2026\\\/08\\\/MHAMHA-2.png\",\"articleSection\":[\"G\u00fcndem\",\"K\u0131br\u0131s\"],\"inLanguage\":\"tr\",\"potentialAction\":[{\"@type\":\"CommentAction\",\"name\":\"Comment\",\"target\":[\"https:\\\/\\\/kibrisdakik.com\\\/?p=119548#respond\"]}]},{\"@type\":\"WebPage\",\"@id\":\"https:\\\/\\\/kibrisdakik.com\\\/?p=119548\",\"url\":\"https:\\\/\\\/kibrisdakik.com\\\/?p=119548\",\"name\":\"Filo Jet\u2019in ge\u00e7mi\u015fine ili\u015fkin \u00e7arp\u0131c\u0131 kay\u0131t: 2003\u2019te de su ald\u0131\u011f\u0131 iddia edildi -\",\"isPartOf\":{\"@id\":\"https:\\\/\\\/kibrisdakik.com\\\/#website\"},\"primaryImageOfPage\":{\"@id\":\"https:\\\/\\\/kibrisdakik.com\\\/?p=119548#primaryimage\"},\"image\":{\"@id\":\"https:\\\/\\\/kibrisdakik.com\\\/?p=119548#primaryimage\"},\"thumbnailUrl\":\"https:\\\/\\\/kibrisdakik.com\\\/wp-content\\\/uploads\\\/2026\\\/08\\\/MHAMHA-2.png\",\"datePublished\":\"2026-08-31T08:06:34+00:00\",\"breadcrumb\":{\"@id\":\"https:\\\/\\\/kibrisdakik.com\\\/?p=119548#breadcrumb\"},\"inLanguage\":\"tr\",\"potentialAction\":[{\"@type\":\"ReadAction\",\"target\":[\"https:\\\/\\\/kibrisdakik.com\\\/?p=119548\"]}]},{\"@type\":\"ImageObject\",\"inLanguage\":\"tr\",\"@id\":\"https:\\\/\\\/kibrisdakik.com\\\/?p=119548#primaryimage\",\"url\":\"https:\\\/\\\/kibrisdakik.com\\\/wp-content\\\/uploads\\\/2026\\\/08\\\/MHAMHA-2.png\",\"contentUrl\":\"https:\\\/\\\/kibrisdakik.com\\\/wp-content\\\/uploads\\\/2026\\\/08\\\/MHAMHA-2.png\",\"width\":706,\"height\":431},{\"@type\":\"BreadcrumbList\",\"@id\":\"https:\\\/\\\/kibrisdakik.com\\\/?p=119548#breadcrumb\",\"itemListElement\":[{\"@type\":\"ListItem\",\"position\":1,\"name\":\"Home\",\"item\":\"https:\\\/\\\/kibrisdakik.com\\\/\"},{\"@type\":\"ListItem\",\"position\":2,\"name\":\"Filo Jet\u2019in ge\u00e7mi\u015fine ili\u015fkin \u00e7arp\u0131c\u0131 kay\u0131t: 2003\u2019te de su ald\u0131\u011f\u0131 iddia edildi\"}]},{\"@type\":\"WebSite\",\"@id\":\"https:\\\/\\\/kibrisdakik.com\\\/#website\",\"url\":\"https:\\\/\\\/kibrisdakik.com\\\/\",\"name\":\"K\u0131br\u0131s Dakik\",\"description\":\"Tam vaktinde haber\",\"publisher\":{\"@id\":\"https:\\\/\\\/kibrisdakik.com\\\/#organization\"},\"potentialAction\":[{\"@type\":\"SearchAction\",\"target\":{\"@type\":\"EntryPoint\",\"urlTemplate\":\"https:\\\/\\\/kibrisdakik.com\\\/?s={search_term_string}\"},\"query-input\":{\"@type\":\"PropertyValueSpecification\",\"valueRequired\":true,\"valueName\":\"search_term_string\"}}],\"inLanguage\":\"tr\"},{\"@type\":\"Organization\",\"@id\":\"https:\\\/\\\/kibrisdakik.com\\\/#organization\",\"name\":\"K\u0131br\u0131s Dakik\",\"url\":\"https:\\\/\\\/kibrisdakik.com\\\/\",\"logo\":{\"@type\":\"ImageObject\",\"inLanguage\":\"tr\",\"@id\":\"https:\\\/\\\/kibrisdakik.com\\\/#\\\/schema\\\/logo\\\/image\\\/\",\"url\":\"https:\\\/\\\/kibrisdakik.com\\\/wp-content\\\/uploads\\\/2025\\\/10\\\/cropped-WhatsApp-Image-2025-10-02-at-12.58.31.jpeg\",\"contentUrl\":\"https:\\\/\\\/kibrisdakik.com\\\/wp-content\\\/uploads\\\/2025\\\/10\\\/cropped-WhatsApp-Image-2025-10-02-at-12.58.31.jpeg\",\"width\":1237,\"height\":190,\"caption\":\"K\u0131br\u0131s Dakik\"},\"image\":{\"@id\":\"https:\\\/\\\/kibrisdakik.com\\\/#\\\/schema\\\/logo\\\/image\\\/\"}},{\"@type\":\"Person\",\"@id\":\"https:\\\/\\\/kibrisdakik.com\\\/#\\\/schema\\\/person\\\/9cd9d437bbb44f72b73ba127e06d8e79\",\"name\":\"admin\",\"image\":{\"@type\":\"ImageObject\",\"inLanguage\":\"tr\",\"@id\":\"https:\\\/\\\/secure.gravatar.com\\\/avatar\\\/ccc17943b9d660506c869530f897617f7cb1c21a4bf30023f252596d83e1f007?s=96&d=mm&r=g\",\"url\":\"https:\\\/\\\/secure.gravatar.com\\\/avatar\\\/ccc17943b9d660506c869530f897617f7cb1c21a4bf30023f252596d83e1f007?s=96&d=mm&r=g\",\"contentUrl\":\"https:\\\/\\\/secure.gravatar.com\\\/avatar\\\/ccc17943b9d660506c869530f897617f7cb1c21a4bf30023f252596d83e1f007?s=96&d=mm&r=g\",\"caption\":\"admin\"},\"sameAs\":[\"https:\\\/\\\/kibrisdakik.com\"],\"url\":\"https:\\\/\\\/kibrisdakik.com\\\/?author=1\"}]}<\/script>\n<!-- \/ Yoast SEO plugin. -->","yoast_head_json":{"title":"Filo Jet\u2019in ge\u00e7mi\u015fine ili\u015fkin \u00e7arp\u0131c\u0131 kay\u0131t: 2003\u2019te de su ald\u0131\u011f\u0131 iddia edildi -","robots":{"index":"index","follow":"follow","max-snippet":"max-snippet:-1","max-image-preview":"max-image-preview:large","max-video-preview":"max-video-preview:-1"},"canonical":"https:\/\/kibrisdakik.com\/?p=119548","og_locale":"tr_TR","og_type":"article","og_title":"Filo Jet\u2019in ge\u00e7mi\u015fine ili\u015fkin \u00e7arp\u0131c\u0131 kay\u0131t: 2003\u2019te de su ald\u0131\u011f\u0131 iddia edildi -","og_description":"A\u015fa\u011f\u0131da metni \u00f6zetlemeden, iddialar\u0131 kesin bilgi gibi sunmadan ve haber dilini koruyarak sade\/profesyonel gazete format\u0131nda d\u00fczenledim: F\u0130LO JET\u2019\u0130N GE\u00c7M\u0130\u015e\u0130NE \u0130L\u0130\u015eK\u0130N \u00c7ARPICI KAYIT: 2003\u2019TE DE SU ALDI\u011eI \u0130DD\u0130A ED\u0130LD\u0130 Girne\u2019den Ta\u015fucu\u2019na gitmek \u00fczere hareket ettikten k\u0131sa s\u00fcre sonra su almaya ba\u015flayan ve Girne a\u00e7\u0131klar\u0131nda alabora olarak batan F\u0130LO JET isimli yolcu gemisinin ge\u00e7mi\u015fine ili\u015fkin dikkat \u00e7ekici","og_url":"https:\/\/kibrisdakik.com\/?p=119548","article_published_time":"2026-08-31T08:06:34+00:00","og_image":[{"width":706,"height":431,"url":"https:\/\/kibrisdakik.com\/wp-content\/uploads\/2026\/08\/MHAMHA-2.png","type":"image\/png"}],"author":"admin","twitter_card":"summary_large_image","twitter_misc":{"Yazan:":"admin","Tahmini okuma s\u00fcresi":"4 dakika"},"schema":{"@context":"https:\/\/schema.org","@graph":[{"@type":"Article","@id":"https:\/\/kibrisdakik.com\/?p=119548#article","isPartOf":{"@id":"https:\/\/kibrisdakik.com\/?p=119548"},"author":{"name":"admin","@id":"https:\/\/kibrisdakik.com\/#\/schema\/person\/9cd9d437bbb44f72b73ba127e06d8e79"},"headline":"Filo Jet\u2019in ge\u00e7mi\u015fine ili\u015fkin \u00e7arp\u0131c\u0131 kay\u0131t: 2003\u2019te de su ald\u0131\u011f\u0131 iddia edildi","datePublished":"2026-08-31T08:06:34+00:00","mainEntityOfPage":{"@id":"https:\/\/kibrisdakik.com\/?p=119548"},"wordCount":721,"commentCount":0,"publisher":{"@id":"https:\/\/kibrisdakik.com\/#organization"},"image":{"@id":"https:\/\/kibrisdakik.com\/?p=119548#primaryimage"},"thumbnailUrl":"https:\/\/kibrisdakik.com\/wp-content\/uploads\/2026\/08\/MHAMHA-2.png","articleSection":["G\u00fcndem","K\u0131br\u0131s"],"inLanguage":"tr","potentialAction":[{"@type":"CommentAction","name":"Comment","target":["https:\/\/kibrisdakik.com\/?p=119548#respond"]}]},{"@type":"WebPage","@id":"https:\/\/kibrisdakik.com\/?p=119548","url":"https:\/\/kibrisdakik.com\/?p=119548","name":"Filo Jet\u2019in ge\u00e7mi\u015fine ili\u015fkin \u00e7arp\u0131c\u0131 kay\u0131t: 2003\u2019te de su ald\u0131\u011f\u0131 iddia edildi -","isPartOf":{"@id":"https:\/\/kibrisdakik.com\/#website"},"primaryImageOfPage":{"@id":"https:\/\/kibrisdakik.com\/?p=119548#primaryimage"},"image":{"@id":"https:\/\/kibrisdakik.com\/?p=119548#primaryimage"},"thumbnailUrl":"https:\/\/kibrisdakik.com\/wp-content\/uploads\/2026\/08\/MHAMHA-2.png","datePublished":"2026-08-31T08:06:34+00:00","breadcrumb":{"@id":"https:\/\/kibrisdakik.com\/?p=119548#breadcrumb"},"inLanguage":"tr","potentialAction":[{"@type":"ReadAction","target":["https:\/\/kibrisdakik.com\/?p=119548"]}]},{"@type":"ImageObject","inLanguage":"tr","@id":"https:\/\/kibrisdakik.com\/?p=119548#primaryimage","url":"https:\/\/kibrisdakik.com\/wp-content\/uploads\/2026\/08\/MHAMHA-2.png","contentUrl":"https:\/\/kibrisdakik.com\/wp-content\/uploads\/2026\/08\/MHAMHA-2.png","width":706,"height":431},{"@type":"BreadcrumbList","@id":"https:\/\/kibrisdakik.com\/?p=119548#breadcrumb","itemListElement":[{"@type":"ListItem","position":1,"name":"Home","item":"https:\/\/kibrisdakik.com\/"},{"@type":"ListItem","position":2,"name":"Filo Jet\u2019in ge\u00e7mi\u015fine ili\u015fkin \u00e7arp\u0131c\u0131 kay\u0131t: 2003\u2019te de su ald\u0131\u011f\u0131 iddia edildi"}]},{"@type":"WebSite","@id":"https:\/\/kibrisdakik.com\/#website","url":"https:\/\/kibrisdakik.com\/","name":"K\u0131br\u0131s Dakik","description":"Tam vaktinde haber","publisher":{"@id":"https:\/\/kibrisdakik.com\/#organization"},"potentialAction":[{"@type":"SearchAction","target":{"@type":"EntryPoint","urlTemplate":"https:\/\/kibrisdakik.com\/?s={search_term_string}"},"query-input":{"@type":"PropertyValueSpecification","valueRequired":true,"valueName":"search_term_string"}}],"inLanguage":"tr"},{"@type":"Organization","@id":"https:\/\/kibrisdakik.com\/#organization","name":"K\u0131br\u0131s Dakik","url":"https:\/\/kibrisdakik.com\/","logo":{"@type":"ImageObject","inLanguage":"tr","@id":"https:\/\/kibrisdakik.com\/#\/schema\/logo\/image\/","url":"https:\/\/kibrisdakik.com\/wp-content\/uploads\/2025\/10\/cropped-WhatsApp-Image-2025-10-02-at-12.58.31.jpeg","contentUrl":"https:\/\/kibrisdakik.com\/wp-content\/uploads\/2025\/10\/cropped-WhatsApp-Image-2025-10-02-at-12.58.31.jpeg","width":1237,"height":190,"caption":"K\u0131br\u0131s Dakik"},"image":{"@id":"https:\/\/kibrisdakik.com\/#\/schema\/logo\/image\/"}},{"@type":"Person","@id":"https:\/\/kibrisdakik.com\/#\/schema\/person\/9cd9d437bbb44f72b73ba127e06d8e79","name":"admin","image":{"@type":"ImageObject","inLanguage":"tr","@id":"https:\/\/secure.gravatar.com\/avatar\/ccc17943b9d660506c869530f897617f7cb1c21a4bf30023f252596d83e1f007?s=96&d=mm&r=g","url":"https:\/\/secure.gravatar.com\/avatar\/ccc17943b9d660506c869530f897617f7cb1c21a4bf30023f252596d83e1f007?s=96&d=mm&r=g","contentUrl":"https:\/\/secure.gravatar.com\/avatar\/ccc17943b9d660506c869530f897617f7cb1c21a4bf30023f252596d83e1f007?s=96&d=mm&r=g","caption":"admin"},"sameAs":["https:\/\/kibrisdakik.com"],"url":"https:\/\/kibrisdakik.com\/?author=1"}]}},"_links":{"self":[{"href":"https:\/\/kibrisdakik.com\/index.php?rest_route=\/wp\/v2\/posts\/119548","targetHints":{"allow":["GET"]}}],"collection":[{"href":"https:\/\/kibrisdakik.com\/index.php?rest_route=\/wp\/v2\/posts"}],"about":[{"href":"https:\/\/kibrisdakik.com\/index.php?rest_route=\/wp\/v2\/types\/post"}],"author":[{"embeddable":true,"href":"https:\/\/kibrisdakik.com\/index.php?rest_route=\/wp\/v2\/users\/1"}],"replies":[{"embeddable":true,"href":"https:\/\/kibrisdakik.com\/index.php?rest_route=%2Fwp%2Fv2%2Fcomments&post=119548"}],"version-history":[{"count":1,"href":"https:\/\/kibrisdakik.com\/index.php?rest_route=\/wp\/v2\/posts\/119548\/revisions"}],"predecessor-version":[{"id":119550,"href":"https:\/\/kibrisdakik.com\/index.php?rest_route=\/wp\/v2\/posts\/119548\/revisions\/119550"}],"wp:featuredmedia":[{"embeddable":true,"href":"https:\/\/kibrisdakik.com\/index.php?rest_route=\/wp\/v2\/media\/119549"}],"wp:attachment":[{"href":"https:\/\/kibrisdakik.com\/index.php?rest_route=%2Fwp%2Fv2%2Fmedia&parent=119548"}],"wp:term":[{"taxonomy":"category","embeddable":true,"href":"https:\/\/kibrisdakik.com\/index.php?rest_route=%2Fwp%2Fv2%2Fcategories&post=119548"},{"taxonomy":"post_tag","embeddable":true,"href":"https:\/\/kibrisdakik.com\/index.php?rest_route=%2Fwp%2Fv2%2Ftags&post=119548"}],"curies":[{"name":"wp","href":"https:\/\/api.w.org\/{rel}","templated":true}]}}