{"id":119565,"date":"2026-08-31T13:51:58","date_gmt":"2026-08-31T10:51:58","guid":{"rendered":"https:\/\/kibrisdakik.com\/?p=119565"},"modified":"2026-08-31T14:29:29","modified_gmt":"2026-08-31T11:29:29","slug":"gemi-faciasinin-ardindan-ucak-biletlerinde-fahis-fiyat-iddiasi","status":"publish","type":"post","link":"https:\/\/kibrisdakik.com\/?p=119565","title":{"rendered":"Gemi Facias\u0131n\u0131n Ard\u0131ndan U\u00e7ak Biletlerinde Fahi\u015f Fiyat \u0130ddias\u0131"},"content":{"rendered":"<p><img loading=\"lazy\" decoding=\"async\" class=\"aligncenter size-full wp-image-119568\" src=\"https:\/\/kibrisdakik.com\/wp-content\/uploads\/2026\/08\/1.png\" alt=\"\" width=\"706\" height=\"431\" srcset=\"https:\/\/kibrisdakik.com\/wp-content\/uploads\/2026\/08\/1.png 706w, https:\/\/kibrisdakik.com\/wp-content\/uploads\/2026\/08\/1-300x183.png 300w\" sizes=\"auto, (max-width: 706px) 100vw, 706px\" \/><\/p>\n<p>Girne a\u00e7\u0131klar\u0131nda ya\u015fanan gemi facias\u0131n\u0131n ard\u0131ndan deniz ula\u015f\u0131m\u0131nda ya\u015fanan aksama, KKTC ile T\u00fcrkiye aras\u0131ndaki hava ula\u015f\u0131m\u0131na olan talebi art\u0131rd\u0131.<\/p>\n<p>Artan talebin ard\u0131ndan baz\u0131 u\u00e7ak firmalar\u0131nda bilet fiyatlar\u0131n\u0131n ciddi \u015fekilde y\u00fckseldi\u011fi iddia edildi. Edinilen bilgilere g\u00f6re, daha \u00f6nce yakla\u015f\u0131k <strong>6 bin TL seviyesinde olan baz\u0131 bilet fiyatlar\u0131n\u0131n 22 bin TL\u2019ye kadar \u00e7\u0131kt\u0131\u011f\u0131<\/strong> belirtildi.<\/p>\n<p>Ya\u015fanan durum, \u00fclkelerine d\u00f6nmek veya KKTC\u2019ye ula\u015fmak zorunda olan yolcular\u0131n tepkisine neden olurken, fiyat art\u0131\u015flar\u0131n\u0131n facian\u0131n ard\u0131ndan olu\u015fan yo\u011fun talebin f\u0131rsata \u00e7evrilmesi olarak de\u011ferlendirildi.<\/p>\n<p>\u00d6zellikle Girne Liman\u0131\u2019nda deniz ula\u015f\u0131m\u0131n\u0131n aksamas\u0131 nedeniyle alternatif ula\u015f\u0131m arayan vatanda\u015flar\u0131n y\u00fcksek bilet fiyatlar\u0131yla kar\u015f\u0131 kar\u015f\u0131ya kald\u0131\u011f\u0131 ifade edildi.<\/p>\n<p>Vatanda\u015flar, zorunlu seyahat ihtiyac\u0131n\u0131n bulundu\u011fu b\u00f6yle bir d\u00f6nemde bilet fiyatlar\u0131n\u0131n makul seviyelerde tutulmas\u0131 ve ya\u015fanan ma\u011fduriyetin daha da art\u0131r\u0131lmamas\u0131 \u00e7a\u011fr\u0131s\u0131nda bulundu.<\/p>\n","protected":false},"excerpt":{"rendered":"<p>Girne a\u00e7\u0131klar\u0131nda ya\u015fanan gemi facias\u0131n\u0131n ard\u0131ndan deniz ula\u015f\u0131m\u0131nda ya\u015fanan aksama, KKTC ile T\u00fcrkiye aras\u0131ndaki hava ula\u015f\u0131m\u0131na olan talebi art\u0131rd\u0131. Artan talebin ard\u0131ndan baz\u0131 u\u00e7ak firmalar\u0131nda bilet fiyatlar\u0131n\u0131n ciddi \u015fekilde y\u00fckseldi\u011fi iddia edildi. Edinilen bilgilere g\u00f6re, daha \u00f6nce yakla\u015f\u0131k 6 bin TL seviyesinde olan baz\u0131 bilet fiyatlar\u0131n\u0131n 22 bin TL\u2019ye kadar \u00e7\u0131kt\u0131\u011f\u0131 belirtildi. Ya\u015fanan durum, \u00fclkelerine<\/p>\n","protected":false},"author":1,"featured_media":119568,"comment_status":"open","ping_status":"open","sticky":false,"template":"","format":"standard","meta":{"footnotes":""},"categories":[1,81],"tags":[],"class_list":["post-119565","post","type-post","status-publish","format-standard","has-post-thumbnail","hentry","category-gundem","category-kibris"],"yoast_head":"<!-- This site is optimized with the Yoast SEO plugin v28.3 - https:\/\/yoast.com\/product\/yoast-seo-wordpress\/ -->\n<title>Gemi Facias\u0131n\u0131n Ard\u0131ndan U\u00e7ak Biletlerinde Fahi\u015f Fiyat \u0130ddias\u0131 -<\/title>\n<meta name=\"robots\" content=\"index, follow, max-snippet:-1, max-image-preview:large, max-video-preview:-1\" \/>\n<link rel=\"canonical\" href=\"https:\/\/kibrisdakik.com\/?p=119565\" \/>\n<meta property=\"og:locale\" content=\"tr_TR\" \/>\n<meta property=\"og:type\" content=\"article\" \/>\n<meta property=\"og:title\" content=\"Gemi Facias\u0131n\u0131n Ard\u0131ndan U\u00e7ak Biletlerinde Fahi\u015f Fiyat \u0130ddias\u0131 -\" \/>\n<meta property=\"og:description\" content=\"Girne a\u00e7\u0131klar\u0131nda ya\u015fanan gemi facias\u0131n\u0131n ard\u0131ndan deniz ula\u015f\u0131m\u0131nda ya\u015fanan aksama, KKTC ile T\u00fcrkiye aras\u0131ndaki hava ula\u015f\u0131m\u0131na olan talebi art\u0131rd\u0131. Artan talebin ard\u0131ndan baz\u0131 u\u00e7ak firmalar\u0131nda bilet fiyatlar\u0131n\u0131n ciddi \u015fekilde y\u00fckseldi\u011fi iddia edildi. Edinilen bilgilere g\u00f6re, daha \u00f6nce yakla\u015f\u0131k 6 bin TL seviyesinde olan baz\u0131 bilet fiyatlar\u0131n\u0131n 22 bin TL\u2019ye kadar \u00e7\u0131kt\u0131\u011f\u0131 belirtildi. Ya\u015fanan durum, \u00fclkelerine\" \/>\n<meta property=\"og:url\" content=\"https:\/\/kibrisdakik.com\/?p=119565\" \/>\n<meta property=\"article:published_time\" content=\"2026-08-31T10:51:58+00:00\" \/>\n<meta property=\"article:modified_time\" content=\"2026-08-31T11:29:29+00:00\" \/>\n<meta property=\"og:image\" content=\"https:\/\/kibrisdakik.com\/wp-content\/uploads\/2026\/08\/1.png\" \/>\n\t<meta property=\"og:image:width\" content=\"706\" \/>\n\t<meta property=\"og:image:height\" content=\"431\" \/>\n\t<meta property=\"og:image:type\" content=\"image\/png\" \/>\n<meta name=\"author\" content=\"admin\" \/>\n<meta name=\"twitter:card\" content=\"summary_large_image\" \/>\n<meta name=\"twitter:label1\" content=\"Yazan:\" \/>\n\t<meta name=\"twitter:data1\" content=\"admin\" \/>\n\t<meta name=\"twitter:label2\" content=\"Tahmini okuma s\u00fcresi\" \/>\n\t<meta name=\"twitter:data2\" content=\"2 dakika\" \/>\n<script type=\"application\/ld+json\" class=\"yoast-schema-graph\">{\"@context\":\"https:\\\/\\\/schema.org\",\"@graph\":[{\"@type\":\"Article\",\"@id\":\"https:\\\/\\\/kibrisdakik.com\\\/?p=119565#article\",\"isPartOf\":{\"@id\":\"https:\\\/\\\/kibrisdakik.com\\\/?p=119565\"},\"author\":{\"name\":\"admin\",\"@id\":\"https:\\\/\\\/kibrisdakik.com\\\/#\\\/schema\\\/person\\\/9cd9d437bbb44f72b73ba127e06d8e79\"},\"headline\":\"Gemi Facias\u0131n\u0131n Ard\u0131ndan U\u00e7ak Biletlerinde Fahi\u015f Fiyat \u0130ddias\u0131\",\"datePublished\":\"2026-08-31T10:51:58+00:00\",\"dateModified\":\"2026-08-31T11:29:29+00:00\",\"mainEntityOfPage\":{\"@id\":\"https:\\\/\\\/kibrisdakik.com\\\/?p=119565\"},\"wordCount\":191,\"commentCount\":0,\"publisher\":{\"@id\":\"https:\\\/\\\/kibrisdakik.com\\\/#organization\"},\"image\":{\"@id\":\"https:\\\/\\\/kibrisdakik.com\\\/?p=119565#primaryimage\"},\"thumbnailUrl\":\"https:\\\/\\\/kibrisdakik.com\\\/wp-content\\\/uploads\\\/2026\\\/08\\\/1.png\",\"articleSection\":[\"G\u00fcndem\",\"K\u0131br\u0131s\"],\"inLanguage\":\"tr\",\"potentialAction\":[{\"@type\":\"CommentAction\",\"name\":\"Comment\",\"target\":[\"https:\\\/\\\/kibrisdakik.com\\\/?p=119565#respond\"]}]},{\"@type\":\"WebPage\",\"@id\":\"https:\\\/\\\/kibrisdakik.com\\\/?p=119565\",\"url\":\"https:\\\/\\\/kibrisdakik.com\\\/?p=119565\",\"name\":\"Gemi Facias\u0131n\u0131n Ard\u0131ndan U\u00e7ak Biletlerinde Fahi\u015f Fiyat \u0130ddias\u0131 -\",\"isPartOf\":{\"@id\":\"https:\\\/\\\/kibrisdakik.com\\\/#website\"},\"primaryImageOfPage\":{\"@id\":\"https:\\\/\\\/kibrisdakik.com\\\/?p=119565#primaryimage\"},\"image\":{\"@id\":\"https:\\\/\\\/kibrisdakik.com\\\/?p=119565#primaryimage\"},\"thumbnailUrl\":\"https:\\\/\\\/kibrisdakik.com\\\/wp-content\\\/uploads\\\/2026\\\/08\\\/1.png\",\"datePublished\":\"2026-08-31T10:51:58+00:00\",\"dateModified\":\"2026-08-31T11:29:29+00:00\",\"breadcrumb\":{\"@id\":\"https:\\\/\\\/kibrisdakik.com\\\/?p=119565#breadcrumb\"},\"inLanguage\":\"tr\",\"potentialAction\":[{\"@type\":\"ReadAction\",\"target\":[\"https:\\\/\\\/kibrisdakik.com\\\/?p=119565\"]}]},{\"@type\":\"ImageObject\",\"inLanguage\":\"tr\",\"@id\":\"https:\\\/\\\/kibrisdakik.com\\\/?p=119565#primaryimage\",\"url\":\"https:\\\/\\\/kibrisdakik.com\\\/wp-content\\\/uploads\\\/2026\\\/08\\\/1.png\",\"contentUrl\":\"https:\\\/\\\/kibrisdakik.com\\\/wp-content\\\/uploads\\\/2026\\\/08\\\/1.png\",\"width\":706,\"height\":431},{\"@type\":\"BreadcrumbList\",\"@id\":\"https:\\\/\\\/kibrisdakik.com\\\/?p=119565#breadcrumb\",\"itemListElement\":[{\"@type\":\"ListItem\",\"position\":1,\"name\":\"Home\",\"item\":\"https:\\\/\\\/kibrisdakik.com\\\/\"},{\"@type\":\"ListItem\",\"position\":2,\"name\":\"Gemi Facias\u0131n\u0131n Ard\u0131ndan U\u00e7ak Biletlerinde Fahi\u015f Fiyat \u0130ddias\u0131\"}]},{\"@type\":\"WebSite\",\"@id\":\"https:\\\/\\\/kibrisdakik.com\\\/#website\",\"url\":\"https:\\\/\\\/kibrisdakik.com\\\/\",\"name\":\"K\u0131br\u0131s Dakik\",\"description\":\"Tam vaktinde haber\",\"publisher\":{\"@id\":\"https:\\\/\\\/kibrisdakik.com\\\/#organization\"},\"potentialAction\":[{\"@type\":\"SearchAction\",\"target\":{\"@type\":\"EntryPoint\",\"urlTemplate\":\"https:\\\/\\\/kibrisdakik.com\\\/?s={search_term_string}\"},\"query-input\":{\"@type\":\"PropertyValueSpecification\",\"valueRequired\":true,\"valueName\":\"search_term_string\"}}],\"inLanguage\":\"tr\"},{\"@type\":\"Organization\",\"@id\":\"https:\\\/\\\/kibrisdakik.com\\\/#organization\",\"name\":\"K\u0131br\u0131s Dakik\",\"url\":\"https:\\\/\\\/kibrisdakik.com\\\/\",\"logo\":{\"@type\":\"ImageObject\",\"inLanguage\":\"tr\",\"@id\":\"https:\\\/\\\/kibrisdakik.com\\\/#\\\/schema\\\/logo\\\/image\\\/\",\"url\":\"https:\\\/\\\/kibrisdakik.com\\\/wp-content\\\/uploads\\\/2025\\\/10\\\/cropped-WhatsApp-Image-2025-10-02-at-12.58.31.jpeg\",\"contentUrl\":\"https:\\\/\\\/kibrisdakik.com\\\/wp-content\\\/uploads\\\/2025\\\/10\\\/cropped-WhatsApp-Image-2025-10-02-at-12.58.31.jpeg\",\"width\":1237,\"height\":190,\"caption\":\"K\u0131br\u0131s Dakik\"},\"image\":{\"@id\":\"https:\\\/\\\/kibrisdakik.com\\\/#\\\/schema\\\/logo\\\/image\\\/\"}},{\"@type\":\"Person\",\"@id\":\"https:\\\/\\\/kibrisdakik.com\\\/#\\\/schema\\\/person\\\/9cd9d437bbb44f72b73ba127e06d8e79\",\"name\":\"admin\",\"image\":{\"@type\":\"ImageObject\",\"inLanguage\":\"tr\",\"@id\":\"https:\\\/\\\/secure.gravatar.com\\\/avatar\\\/ccc17943b9d660506c869530f897617f7cb1c21a4bf30023f252596d83e1f007?s=96&d=mm&r=g\",\"url\":\"https:\\\/\\\/secure.gravatar.com\\\/avatar\\\/ccc17943b9d660506c869530f897617f7cb1c21a4bf30023f252596d83e1f007?s=96&d=mm&r=g\",\"contentUrl\":\"https:\\\/\\\/secure.gravatar.com\\\/avatar\\\/ccc17943b9d660506c869530f897617f7cb1c21a4bf30023f252596d83e1f007?s=96&d=mm&r=g\",\"caption\":\"admin\"},\"sameAs\":[\"https:\\\/\\\/kibrisdakik.com\"],\"url\":\"https:\\\/\\\/kibrisdakik.com\\\/?author=1\"}]}<\/script>\n<!-- \/ Yoast SEO plugin. -->","yoast_head_json":{"title":"Gemi Facias\u0131n\u0131n Ard\u0131ndan U\u00e7ak Biletlerinde Fahi\u015f Fiyat \u0130ddias\u0131 -","robots":{"index":"index","follow":"follow","max-snippet":"max-snippet:-1","max-image-preview":"max-image-preview:large","max-video-preview":"max-video-preview:-1"},"canonical":"https:\/\/kibrisdakik.com\/?p=119565","og_locale":"tr_TR","og_type":"article","og_title":"Gemi Facias\u0131n\u0131n Ard\u0131ndan U\u00e7ak Biletlerinde Fahi\u015f Fiyat \u0130ddias\u0131 -","og_description":"Girne a\u00e7\u0131klar\u0131nda ya\u015fanan gemi facias\u0131n\u0131n ard\u0131ndan deniz ula\u015f\u0131m\u0131nda ya\u015fanan aksama, KKTC ile T\u00fcrkiye aras\u0131ndaki hava ula\u015f\u0131m\u0131na olan talebi art\u0131rd\u0131. Artan talebin ard\u0131ndan baz\u0131 u\u00e7ak firmalar\u0131nda bilet fiyatlar\u0131n\u0131n ciddi \u015fekilde y\u00fckseldi\u011fi iddia edildi. Edinilen bilgilere g\u00f6re, daha \u00f6nce yakla\u015f\u0131k 6 bin TL seviyesinde olan baz\u0131 bilet fiyatlar\u0131n\u0131n 22 bin TL\u2019ye kadar \u00e7\u0131kt\u0131\u011f\u0131 belirtildi. Ya\u015fanan durum, \u00fclkelerine","og_url":"https:\/\/kibrisdakik.com\/?p=119565","article_published_time":"2026-08-31T10:51:58+00:00","article_modified_time":"2026-08-31T11:29:29+00:00","og_image":[{"width":706,"height":431,"url":"https:\/\/kibrisdakik.com\/wp-content\/uploads\/2026\/08\/1.png","type":"image\/png"}],"author":"admin","twitter_card":"summary_large_image","twitter_misc":{"Yazan:":"admin","Tahmini okuma s\u00fcresi":"2 dakika"},"schema":{"@context":"https:\/\/schema.org","@graph":[{"@type":"Article","@id":"https:\/\/kibrisdakik.com\/?p=119565#article","isPartOf":{"@id":"https:\/\/kibrisdakik.com\/?p=119565"},"author":{"name":"admin","@id":"https:\/\/kibrisdakik.com\/#\/schema\/person\/9cd9d437bbb44f72b73ba127e06d8e79"},"headline":"Gemi Facias\u0131n\u0131n Ard\u0131ndan U\u00e7ak Biletlerinde Fahi\u015f Fiyat \u0130ddias\u0131","datePublished":"2026-08-31T10:51:58+00:00","dateModified":"2026-08-31T11:29:29+00:00","mainEntityOfPage":{"@id":"https:\/\/kibrisdakik.com\/?p=119565"},"wordCount":191,"commentCount":0,"publisher":{"@id":"https:\/\/kibrisdakik.com\/#organization"},"image":{"@id":"https:\/\/kibrisdakik.com\/?p=119565#primaryimage"},"thumbnailUrl":"https:\/\/kibrisdakik.com\/wp-content\/uploads\/2026\/08\/1.png","articleSection":["G\u00fcndem","K\u0131br\u0131s"],"inLanguage":"tr","potentialAction":[{"@type":"CommentAction","name":"Comment","target":["https:\/\/kibrisdakik.com\/?p=119565#respond"]}]},{"@type":"WebPage","@id":"https:\/\/kibrisdakik.com\/?p=119565","url":"https:\/\/kibrisdakik.com\/?p=119565","name":"Gemi Facias\u0131n\u0131n Ard\u0131ndan U\u00e7ak Biletlerinde Fahi\u015f Fiyat \u0130ddias\u0131 -","isPartOf":{"@id":"https:\/\/kibrisdakik.com\/#website"},"primaryImageOfPage":{"@id":"https:\/\/kibrisdakik.com\/?p=119565#primaryimage"},"image":{"@id":"https:\/\/kibrisdakik.com\/?p=119565#primaryimage"},"thumbnailUrl":"https:\/\/kibrisdakik.com\/wp-content\/uploads\/2026\/08\/1.png","datePublished":"2026-08-31T10:51:58+00:00","dateModified":"2026-08-31T11:29:29+00:00","breadcrumb":{"@id":"https:\/\/kibrisdakik.com\/?p=119565#breadcrumb"},"inLanguage":"tr","potentialAction":[{"@type":"ReadAction","target":["https:\/\/kibrisdakik.com\/?p=119565"]}]},{"@type":"ImageObject","inLanguage":"tr","@id":"https:\/\/kibrisdakik.com\/?p=119565#primaryimage","url":"https:\/\/kibrisdakik.com\/wp-content\/uploads\/2026\/08\/1.png","contentUrl":"https:\/\/kibrisdakik.com\/wp-content\/uploads\/2026\/08\/1.png","width":706,"height":431},{"@type":"BreadcrumbList","@id":"https:\/\/kibrisdakik.com\/?p=119565#breadcrumb","itemListElement":[{"@type":"ListItem","position":1,"name":"Home","item":"https:\/\/kibrisdakik.com\/"},{"@type":"ListItem","position":2,"name":"Gemi Facias\u0131n\u0131n Ard\u0131ndan U\u00e7ak Biletlerinde Fahi\u015f Fiyat \u0130ddias\u0131"}]},{"@type":"WebSite","@id":"https:\/\/kibrisdakik.com\/#website","url":"https:\/\/kibrisdakik.com\/","name":"K\u0131br\u0131s Dakik","description":"Tam vaktinde haber","publisher":{"@id":"https:\/\/kibrisdakik.com\/#organization"},"potentialAction":[{"@type":"SearchAction","target":{"@type":"EntryPoint","urlTemplate":"https:\/\/kibrisdakik.com\/?s={search_term_string}"},"query-input":{"@type":"PropertyValueSpecification","valueRequired":true,"valueName":"search_term_string"}}],"inLanguage":"tr"},{"@type":"Organization","@id":"https:\/\/kibrisdakik.com\/#organization","name":"K\u0131br\u0131s Dakik","url":"https:\/\/kibrisdakik.com\/","logo":{"@type":"ImageObject","inLanguage":"tr","@id":"https:\/\/kibrisdakik.com\/#\/schema\/logo\/image\/","url":"https:\/\/kibrisdakik.com\/wp-content\/uploads\/2025\/10\/cropped-WhatsApp-Image-2025-10-02-at-12.58.31.jpeg","contentUrl":"https:\/\/kibrisdakik.com\/wp-content\/uploads\/2025\/10\/cropped-WhatsApp-Image-2025-10-02-at-12.58.31.jpeg","width":1237,"height":190,"caption":"K\u0131br\u0131s Dakik"},"image":{"@id":"https:\/\/kibrisdakik.com\/#\/schema\/logo\/image\/"}},{"@type":"Person","@id":"https:\/\/kibrisdakik.com\/#\/schema\/person\/9cd9d437bbb44f72b73ba127e06d8e79","name":"admin","image":{"@type":"ImageObject","inLanguage":"tr","@id":"https:\/\/secure.gravatar.com\/avatar\/ccc17943b9d660506c869530f897617f7cb1c21a4bf30023f252596d83e1f007?s=96&d=mm&r=g","url":"https:\/\/secure.gravatar.com\/avatar\/ccc17943b9d660506c869530f897617f7cb1c21a4bf30023f252596d83e1f007?s=96&d=mm&r=g","contentUrl":"https:\/\/secure.gravatar.com\/avatar\/ccc17943b9d660506c869530f897617f7cb1c21a4bf30023f252596d83e1f007?s=96&d=mm&r=g","caption":"admin"},"sameAs":["https:\/\/kibrisdakik.com"],"url":"https:\/\/kibrisdakik.com\/?author=1"}]}},"_links":{"self":[{"href":"https:\/\/kibrisdakik.com\/index.php?rest_route=\/wp\/v2\/posts\/119565","targetHints":{"allow":["GET"]}}],"collection":[{"href":"https:\/\/kibrisdakik.com\/index.php?rest_route=\/wp\/v2\/posts"}],"about":[{"href":"https:\/\/kibrisdakik.com\/index.php?rest_route=\/wp\/v2\/types\/post"}],"author":[{"embeddable":true,"href":"https:\/\/kibrisdakik.com\/index.php?rest_route=\/wp\/v2\/users\/1"}],"replies":[{"embeddable":true,"href":"https:\/\/kibrisdakik.com\/index.php?rest_route=%2Fwp%2Fv2%2Fcomments&post=119565"}],"version-history":[{"count":3,"href":"https:\/\/kibrisdakik.com\/index.php?rest_route=\/wp\/v2\/posts\/119565\/revisions"}],"predecessor-version":[{"id":119572,"href":"https:\/\/kibrisdakik.com\/index.php?rest_route=\/wp\/v2\/posts\/119565\/revisions\/119572"}],"wp:featuredmedia":[{"embeddable":true,"href":"https:\/\/kibrisdakik.com\/index.php?rest_route=\/wp\/v2\/media\/119568"}],"wp:attachment":[{"href":"https:\/\/kibrisdakik.com\/index.php?rest_route=%2Fwp%2Fv2%2Fmedia&parent=119565"}],"wp:term":[{"taxonomy":"category","embeddable":true,"href":"https:\/\/kibrisdakik.com\/index.php?rest_route=%2Fwp%2Fv2%2Fcategories&post=119565"},{"taxonomy":"post_tag","embeddable":true,"href":"https:\/\/kibrisdakik.com\/index.php?rest_route=%2Fwp%2Fv2%2Ftags&post=119565"}],"curies":[{"name":"wp","href":"https:\/\/api.w.org\/{rel}","templated":true}]}}