{"id":119575,"date":"2026-08-31T15:18:12","date_gmt":"2026-08-31T12:18:12","guid":{"rendered":"https:\/\/kibrisdakik.com\/?p=119575"},"modified":"2026-08-31T15:18:12","modified_gmt":"2026-08-31T12:18:12","slug":"ustelden-net-mesaj-sorumlular-adalet-onunde-hesap-verecek","status":"publish","type":"post","link":"https:\/\/kibrisdakik.com\/?p=119575","title":{"rendered":"\u00dcSTEL\u2019DEN NET MESAJ: SORUMLULAR ADALET \u00d6N\u00dcNDE HESAP VERECEK"},"content":{"rendered":"<p><\/p>\n<div data-text-id=\"207086\" property=\"articleBody\">\n<p>Ba\u015fbakan \u00dcnal \u00dcstel, d\u00fcn Girne a\u00e7\u0131klar\u0131nda ya\u015fanan deniz facias\u0131n\u0131n ard\u0131ndan kay\u0131p ki\u015filere ula\u015fmak i\u00e7in arama-kurtarma \u00e7al\u0131\u015fmalar\u0131n\u0131n havadan, denizden ve karadan aral\u0131ks\u0131z s\u00fcrd\u00fcr\u00fcld\u00fc\u011f\u00fcn\u00fc belirterek, \u201cArama-kurtarma \u00e7al\u0131\u015fmalar\u0131m\u0131z sonuna kadar, gece g\u00fcnd\u00fcz demeden devam edecektir.\u201d dedi.<\/p>\n<p>\u00dcstel, yapt\u0131\u011f\u0131 a\u00e7\u0131klamada, facian\u0131n nas\u0131l ve neden meydana geldi\u011finin ortaya \u00e7\u0131kar\u0131lmas\u0131 i\u00e7in adli ve idari s\u00fcre\u00e7lerin de titizlikle y\u00fcr\u00fct\u00fcld\u00fc\u011f\u00fcn\u00fc kaydederek, \u201cBu faciada kimin ihmali, kusuru veya sorumlulu\u011fu varsa ortaya \u00e7\u0131kar\u0131lacakt\u0131r. Soru\u015fturma sonucunda sorumlulu\u011fu tespit edilenler, kim olursa olsun adalet \u00f6n\u00fcnde hesap verecek, bu facia cezas\u0131z kalmayacakt\u0131r.\u201d ifadelerini kulland\u0131.<\/p>\n<p>KKTC\u2019nin \u201ctarihinin en ac\u0131 deniz felaketlerinden biriyle kar\u015f\u0131 kar\u015f\u0131ya kald\u0131\u011f\u0131n\u0131\u201d ifade eden \u00dcstel, ya\u015fanan facian\u0131n ard\u0131ndan en b\u00fcy\u00fck \u00f6nceli\u011fin kay\u0131p insanlara ula\u015fmak oldu\u011funu belirtti.<\/p>\n<p>Devletin t\u00fcm imkanlar\u0131n\u0131n T\u00fcrkiye Cumhuriyeti\u2019nin deste\u011fiyle ilk andan itibaren seferber edildi\u011fini kaydeden \u00dcstel, kriz ekibiyle birlikte Girne Liman\u0131\u2019nda y\u00fcr\u00fct\u00fclen \u00e7al\u0131\u015fmalar\u0131 yerinden takip ve koordine etmeye devam etti\u011fini bildirdi.<\/p>\n<p><strong>-15 gemi ve 8 helikopter arama \u00e7al\u0131\u015fmalar\u0131nda<\/strong><\/p>\n<p>Arama-kurtarma \u00e7al\u0131\u015fmalar\u0131n\u0131n, olu\u015fturulan planlama do\u011frultusunda havadan, denizden ve karadan aral\u0131ks\u0131z s\u00fcrd\u00fcr\u00fcld\u00fc\u011f\u00fcn\u00fc belirten \u00dcstel, denizde 15 geminin \u00e7al\u0131\u015fmalara kat\u0131ld\u0131\u011f\u0131n\u0131 a\u00e7\u0131klad\u0131.<\/p>\n<p>\u00dcstel, deniz ak\u0131nt\u0131lar\u0131 ve muhtemel s\u00fcr\u00fcklenme alanlar\u0131 dikkate al\u0131narak g\u00f6rev b\u00f6lgelerinin belirlendi\u011fini ve arama sahas\u0131n\u0131n buna g\u00f6re planland\u0131\u011f\u0131n\u0131 kaydetti.<\/p>\n<p>Havadan da 8 helikopterin d\u00f6n\u00fc\u015f\u00fcml\u00fc g\u00f6rev yapt\u0131\u011f\u0131n\u0131 belirten \u00dcstel, helikopterlerin 4\u2019erli gruplar halinde \u00e7al\u0131\u015fmalar\u0131n\u0131 s\u00fcrd\u00fcrd\u00fc\u011f\u00fcn\u00fc, \u0130HA\u2019lar\u0131n da b\u00f6lgeyi taramaya devam etti\u011fini ifade etti.<\/p>\n<p>\u201c\u00c7al\u0131\u015fmalar 7 g\u00fcn 24 saat esas\u0131na g\u00f6re kesintisiz s\u00fcrd\u00fcr\u00fclecektir.\u201d diyen \u00dcstel, Polis Genel M\u00fcd\u00fcrl\u00fc\u011f\u00fc taraf\u0131ndan Girne\u2019nin do\u011fu ve bat\u0131s\u0131ndaki k\u0131y\u0131 \u015feridinde de kapsaml\u0131 arama yap\u0131ld\u0131\u011f\u0131n\u0131 bildirdi.<\/p>\n<p>T\u00fcrkiye\u2019den gelen SAT komandolar\u0131n\u0131n da \u00e7al\u0131\u015fmalara dahil oldu\u011funu kaydeden \u00dcstel, yar\u0131n b\u00f6lgeye ula\u015facak ek arama-kurtarma gemisiyle birlikte SAT komandolar\u0131n\u0131n deniz alt\u0131ndaki \u00e7al\u0131\u015fmalara da katk\u0131 sa\u011flayaca\u011f\u0131n\u0131 belirtti.<\/p>\n<p>\u00dcstel, \u015fu ana kadar faciada 8 ki\u015finin hayat\u0131n\u0131 kaybetti\u011fini yineledi.<\/p>\n<p><strong>&#8211; \u201cH\u0131zl\u0131 m\u00fcdahale \u00e7ok daha a\u011f\u0131r bir tablonun \u00f6n\u00fcne ge\u00e7ti\u201d<\/strong><\/p>\n<p>Kazan\u0131n Girne a\u00e7\u0131klar\u0131nda meydana gelmesinin ekiplerin olay yerine k\u0131sa s\u00fcrede ula\u015fmas\u0131na imkan sa\u011flad\u0131\u011f\u0131n\u0131 ifade eden \u00dcstel, Sahil G\u00fcvenlik, g\u00fcvenlik g\u00fc\u00e7leri, Sivil Savunma ve di\u011fer arama-kurtarma unsurlar\u0131n\u0131n h\u0131zl\u0131 m\u00fcdahalesi sayesinde \u00e7ok say\u0131da ki\u015finin sa\u011f olarak kurtar\u0131ld\u0131\u011f\u0131n\u0131 belirtti.<\/p>\n<p>\u00dcstel, kazan\u0131n k\u0131y\u0131dan daha uzak bir noktada meydana gelmesi halinde olay yerine ula\u015fma ve m\u00fcdahale s\u00fcresinin uzayabilece\u011fini ifade ederek, \u201cBu nedenle ilk andaki h\u0131zl\u0131 m\u00fcdahalenin \u00e7ok daha a\u011f\u0131r bir tablonun ortaya \u00e7\u0131kmas\u0131n\u0131n \u00f6n\u00fcne ge\u00e7ti\u011fini de\u011ferlendiriyoruz.\u201d dedi.<\/p>\n<p><strong>&#8211; \u201cSorumlular adalet \u00f6n\u00fcnde mutlaka hesap verecek\u201d<\/strong><\/p>\n<p>Bir yandan kay\u0131plara ula\u015fmak i\u00e7in \u00e7al\u0131\u015fmalar s\u00fcrerken, di\u011fer yandan facian\u0131n nas\u0131l ve neden meydana geldi\u011finin belirlenmesine y\u00f6nelik adli ve idari s\u00fcre\u00e7lerin y\u00fcr\u00fct\u00fcld\u00fc\u011f\u00fcn\u00fc belirten \u00dcstel, gemi kaptan\u0131 ve \u015firket yetkilisinin de aralar\u0131nda bulundu\u011fu 9 ki\u015finin bug\u00fcn \u00e7\u0131kar\u0131ld\u0131klar\u0131 mahkemede tutukland\u0131klar\u0131n\u0131 kaydetti.<\/p>\n<p>Geminin sefere \u00e7\u0131k\u0131\u015f\u0131na izin veren ilgili liman yetkililerinin de g\u00f6revden uzakla\u015ft\u0131r\u0131ld\u0131\u011f\u0131n\u0131, haklar\u0131nda soru\u015fturma ba\u015flat\u0131ld\u0131\u011f\u0131n\u0131 ve yerlerine yeni sorumlular g\u00f6revlendirildi\u011fini ifade eden \u00dcstel, \u015f\u00f6yle devam etti:<\/p>\n<p>\u201cBu faciada kimin ihmali, kusuru veya sorumlulu\u011fu varsa ortaya \u00e7\u0131kar\u0131lacakt\u0131r. Soru\u015fturma sonucunda sorumlulu\u011fu tespit edilenler, kim olursa olsun adalet \u00f6n\u00fcnde hesap verecek, bu facia cezas\u0131z kalmayacakt\u0131r.\u201d<\/p>\n<p>Devletin b\u00fct\u00fcn kurumlar\u0131n\u0131n sahada oldu\u011funu ve T\u00fcrkiye Cumhuriyeti ile tam koordinasyon i\u00e7erisinde \u00e7al\u0131\u015fmalar\u0131n devam etti\u011fini belirten \u00dcstel, hayat\u0131n\u0131 kaybedenlere rahmet, aileleri ve yak\u0131nlar\u0131na sab\u0131r ve ba\u015fsa\u011fl\u0131\u011f\u0131 diledi.<\/p>\n<p>\u00dcstel, \u201cArama-kurtarma \u00e7al\u0131\u015fmalar\u0131m\u0131z sonuna kadar, gece g\u00fcnd\u00fcz demeden devam edecektir. Adli ve idari s\u00fcre\u00e7ler de ayn\u0131 kararl\u0131l\u0131kla s\u00fcrd\u00fcr\u00fclecek, ger\u00e7ekler b\u00fct\u00fcn y\u00f6nleriyle ortaya \u00e7\u0131kar\u0131lacakt\u0131r.\u201d ifadelerini kulland\u0131.<\/p>\n<\/p><\/div>\n","protected":false},"excerpt":{"rendered":"<p>Ba\u015fbakan \u00dcnal \u00dcstel, d\u00fcn Girne a\u00e7\u0131klar\u0131nda ya\u015fanan deniz facias\u0131n\u0131n ard\u0131ndan kay\u0131p ki\u015filere ula\u015fmak i\u00e7in arama-kurtarma \u00e7al\u0131\u015fmalar\u0131n\u0131n havadan, denizden ve karadan aral\u0131ks\u0131z s\u00fcrd\u00fcr\u00fcld\u00fc\u011f\u00fcn\u00fc belirterek, \u201cArama-kurtarma \u00e7al\u0131\u015fmalar\u0131m\u0131z sonuna kadar, gece g\u00fcnd\u00fcz demeden devam edecektir.\u201d dedi. \u00dcstel, yapt\u0131\u011f\u0131 a\u00e7\u0131klamada, facian\u0131n nas\u0131l ve neden meydana geldi\u011finin ortaya \u00e7\u0131kar\u0131lmas\u0131 i\u00e7in adli ve idari s\u00fcre\u00e7lerin de titizlikle y\u00fcr\u00fct\u00fcld\u00fc\u011f\u00fcn\u00fc kaydederek, \u201cBu faciada<\/p>\n","protected":false},"author":1,"featured_media":119576,"comment_status":"open","ping_status":"open","sticky":false,"template":"","format":"standard","meta":{"footnotes":""},"categories":[81],"tags":[],"class_list":["post-119575","post","type-post","status-publish","format-standard","has-post-thumbnail","hentry","category-kibris"],"yoast_head":"<!-- This site is optimized with the Yoast SEO plugin v28.3 - https:\/\/yoast.com\/product\/yoast-seo-wordpress\/ -->\n<title>\u00dcSTEL\u2019DEN NET MESAJ: SORUMLULAR ADALET \u00d6N\u00dcNDE HESAP VERECEK -<\/title>\n<meta name=\"robots\" content=\"index, follow, max-snippet:-1, max-image-preview:large, max-video-preview:-1\" \/>\n<link rel=\"canonical\" href=\"https:\/\/kibrisdakik.com\/?p=119575\" \/>\n<meta property=\"og:locale\" content=\"tr_TR\" \/>\n<meta property=\"og:type\" content=\"article\" \/>\n<meta property=\"og:title\" content=\"\u00dcSTEL\u2019DEN NET MESAJ: SORUMLULAR ADALET \u00d6N\u00dcNDE HESAP VERECEK -\" \/>\n<meta property=\"og:description\" content=\"Ba\u015fbakan \u00dcnal \u00dcstel, d\u00fcn Girne a\u00e7\u0131klar\u0131nda ya\u015fanan deniz facias\u0131n\u0131n ard\u0131ndan kay\u0131p ki\u015filere ula\u015fmak i\u00e7in arama-kurtarma \u00e7al\u0131\u015fmalar\u0131n\u0131n havadan, denizden ve karadan aral\u0131ks\u0131z s\u00fcrd\u00fcr\u00fcld\u00fc\u011f\u00fcn\u00fc belirterek, \u201cArama-kurtarma \u00e7al\u0131\u015fmalar\u0131m\u0131z sonuna kadar, gece g\u00fcnd\u00fcz demeden devam edecektir.\u201d dedi. \u00dcstel, yapt\u0131\u011f\u0131 a\u00e7\u0131klamada, facian\u0131n nas\u0131l ve neden meydana geldi\u011finin ortaya \u00e7\u0131kar\u0131lmas\u0131 i\u00e7in adli ve idari s\u00fcre\u00e7lerin de titizlikle y\u00fcr\u00fct\u00fcld\u00fc\u011f\u00fcn\u00fc kaydederek, \u201cBu faciada\" \/>\n<meta property=\"og:url\" content=\"https:\/\/kibrisdakik.com\/?p=119575\" \/>\n<meta property=\"article:published_time\" content=\"2026-08-31T12:18:12+00:00\" \/>\n<meta property=\"og:image\" content=\"https:\/\/mhahabercom.teimg.com\/crop\/1280x720\/mhahaber-com\/uploads\/2026\/08\/mha-sari-beyaz-7631.png\" \/>\n<meta name=\"author\" content=\"admin\" \/>\n<meta name=\"twitter:card\" content=\"summary_large_image\" \/>\n<meta name=\"twitter:label1\" content=\"Yazan:\" \/>\n\t<meta name=\"twitter:data1\" content=\"admin\" \/>\n\t<meta name=\"twitter:label2\" content=\"Tahmini okuma s\u00fcresi\" \/>\n\t<meta name=\"twitter:data2\" content=\"4 dakika\" \/>\n<script type=\"application\/ld+json\" class=\"yoast-schema-graph\">{\"@context\":\"https:\\\/\\\/schema.org\",\"@graph\":[{\"@type\":\"Article\",\"@id\":\"https:\\\/\\\/kibrisdakik.com\\\/?p=119575#article\",\"isPartOf\":{\"@id\":\"https:\\\/\\\/kibrisdakik.com\\\/?p=119575\"},\"author\":{\"name\":\"admin\",\"@id\":\"https:\\\/\\\/kibrisdakik.com\\\/#\\\/schema\\\/person\\\/9cd9d437bbb44f72b73ba127e06d8e79\"},\"headline\":\"\u00dcSTEL\u2019DEN NET MESAJ: SORUMLULAR ADALET \u00d6N\u00dcNDE HESAP VERECEK\",\"datePublished\":\"2026-08-31T12:18:12+00:00\",\"mainEntityOfPage\":{\"@id\":\"https:\\\/\\\/kibrisdakik.com\\\/?p=119575\"},\"wordCount\":767,\"commentCount\":0,\"publisher\":{\"@id\":\"https:\\\/\\\/kibrisdakik.com\\\/#organization\"},\"image\":{\"@id\":\"https:\\\/\\\/kibrisdakik.com\\\/?p=119575#primaryimage\"},\"thumbnailUrl\":\"https:\\\/\\\/kibrisdakik.com\\\/wp-content\\\/uploads\\\/2026\\\/08\\\/mha-sari-beyaz-7631.png\",\"articleSection\":[\"K\u0131br\u0131s\"],\"inLanguage\":\"tr\",\"potentialAction\":[{\"@type\":\"CommentAction\",\"name\":\"Comment\",\"target\":[\"https:\\\/\\\/kibrisdakik.com\\\/?p=119575#respond\"]}]},{\"@type\":\"WebPage\",\"@id\":\"https:\\\/\\\/kibrisdakik.com\\\/?p=119575\",\"url\":\"https:\\\/\\\/kibrisdakik.com\\\/?p=119575\",\"name\":\"\u00dcSTEL\u2019DEN NET MESAJ: SORUMLULAR ADALET \u00d6N\u00dcNDE HESAP VERECEK -\",\"isPartOf\":{\"@id\":\"https:\\\/\\\/kibrisdakik.com\\\/#website\"},\"primaryImageOfPage\":{\"@id\":\"https:\\\/\\\/kibrisdakik.com\\\/?p=119575#primaryimage\"},\"image\":{\"@id\":\"https:\\\/\\\/kibrisdakik.com\\\/?p=119575#primaryimage\"},\"thumbnailUrl\":\"https:\\\/\\\/kibrisdakik.com\\\/wp-content\\\/uploads\\\/2026\\\/08\\\/mha-sari-beyaz-7631.png\",\"datePublished\":\"2026-08-31T12:18:12+00:00\",\"breadcrumb\":{\"@id\":\"https:\\\/\\\/kibrisdakik.com\\\/?p=119575#breadcrumb\"},\"inLanguage\":\"tr\",\"potentialAction\":[{\"@type\":\"ReadAction\",\"target\":[\"https:\\\/\\\/kibrisdakik.com\\\/?p=119575\"]}]},{\"@type\":\"ImageObject\",\"inLanguage\":\"tr\",\"@id\":\"https:\\\/\\\/kibrisdakik.com\\\/?p=119575#primaryimage\",\"url\":\"https:\\\/\\\/kibrisdakik.com\\\/wp-content\\\/uploads\\\/2026\\\/08\\\/mha-sari-beyaz-7631.png\",\"contentUrl\":\"https:\\\/\\\/kibrisdakik.com\\\/wp-content\\\/uploads\\\/2026\\\/08\\\/mha-sari-beyaz-7631.png\",\"width\":1280,\"height\":720},{\"@type\":\"BreadcrumbList\",\"@id\":\"https:\\\/\\\/kibrisdakik.com\\\/?p=119575#breadcrumb\",\"itemListElement\":[{\"@type\":\"ListItem\",\"position\":1,\"name\":\"Home\",\"item\":\"https:\\\/\\\/kibrisdakik.com\\\/\"},{\"@type\":\"ListItem\",\"position\":2,\"name\":\"\u00dcSTEL\u2019DEN NET MESAJ: SORUMLULAR ADALET \u00d6N\u00dcNDE HESAP VERECEK\"}]},{\"@type\":\"WebSite\",\"@id\":\"https:\\\/\\\/kibrisdakik.com\\\/#website\",\"url\":\"https:\\\/\\\/kibrisdakik.com\\\/\",\"name\":\"K\u0131br\u0131s Dakik\",\"description\":\"Tam vaktinde haber\",\"publisher\":{\"@id\":\"https:\\\/\\\/kibrisdakik.com\\\/#organization\"},\"potentialAction\":[{\"@type\":\"SearchAction\",\"target\":{\"@type\":\"EntryPoint\",\"urlTemplate\":\"https:\\\/\\\/kibrisdakik.com\\\/?s={search_term_string}\"},\"query-input\":{\"@type\":\"PropertyValueSpecification\",\"valueRequired\":true,\"valueName\":\"search_term_string\"}}],\"inLanguage\":\"tr\"},{\"@type\":\"Organization\",\"@id\":\"https:\\\/\\\/kibrisdakik.com\\\/#organization\",\"name\":\"K\u0131br\u0131s Dakik\",\"url\":\"https:\\\/\\\/kibrisdakik.com\\\/\",\"logo\":{\"@type\":\"ImageObject\",\"inLanguage\":\"tr\",\"@id\":\"https:\\\/\\\/kibrisdakik.com\\\/#\\\/schema\\\/logo\\\/image\\\/\",\"url\":\"https:\\\/\\\/kibrisdakik.com\\\/wp-content\\\/uploads\\\/2025\\\/10\\\/cropped-WhatsApp-Image-2025-10-02-at-12.58.31.jpeg\",\"contentUrl\":\"https:\\\/\\\/kibrisdakik.com\\\/wp-content\\\/uploads\\\/2025\\\/10\\\/cropped-WhatsApp-Image-2025-10-02-at-12.58.31.jpeg\",\"width\":1237,\"height\":190,\"caption\":\"K\u0131br\u0131s Dakik\"},\"image\":{\"@id\":\"https:\\\/\\\/kibrisdakik.com\\\/#\\\/schema\\\/logo\\\/image\\\/\"}},{\"@type\":\"Person\",\"@id\":\"https:\\\/\\\/kibrisdakik.com\\\/#\\\/schema\\\/person\\\/9cd9d437bbb44f72b73ba127e06d8e79\",\"name\":\"admin\",\"image\":{\"@type\":\"ImageObject\",\"inLanguage\":\"tr\",\"@id\":\"https:\\\/\\\/secure.gravatar.com\\\/avatar\\\/ccc17943b9d660506c869530f897617f7cb1c21a4bf30023f252596d83e1f007?s=96&d=mm&r=g\",\"url\":\"https:\\\/\\\/secure.gravatar.com\\\/avatar\\\/ccc17943b9d660506c869530f897617f7cb1c21a4bf30023f252596d83e1f007?s=96&d=mm&r=g\",\"contentUrl\":\"https:\\\/\\\/secure.gravatar.com\\\/avatar\\\/ccc17943b9d660506c869530f897617f7cb1c21a4bf30023f252596d83e1f007?s=96&d=mm&r=g\",\"caption\":\"admin\"},\"sameAs\":[\"https:\\\/\\\/kibrisdakik.com\"],\"url\":\"https:\\\/\\\/kibrisdakik.com\\\/?author=1\"}]}<\/script>\n<!-- \/ Yoast SEO plugin. -->","yoast_head_json":{"title":"\u00dcSTEL\u2019DEN NET MESAJ: SORUMLULAR ADALET \u00d6N\u00dcNDE HESAP VERECEK -","robots":{"index":"index","follow":"follow","max-snippet":"max-snippet:-1","max-image-preview":"max-image-preview:large","max-video-preview":"max-video-preview:-1"},"canonical":"https:\/\/kibrisdakik.com\/?p=119575","og_locale":"tr_TR","og_type":"article","og_title":"\u00dcSTEL\u2019DEN NET MESAJ: SORUMLULAR ADALET \u00d6N\u00dcNDE HESAP VERECEK -","og_description":"Ba\u015fbakan \u00dcnal \u00dcstel, d\u00fcn Girne a\u00e7\u0131klar\u0131nda ya\u015fanan deniz facias\u0131n\u0131n ard\u0131ndan kay\u0131p ki\u015filere ula\u015fmak i\u00e7in arama-kurtarma \u00e7al\u0131\u015fmalar\u0131n\u0131n havadan, denizden ve karadan aral\u0131ks\u0131z s\u00fcrd\u00fcr\u00fcld\u00fc\u011f\u00fcn\u00fc belirterek, \u201cArama-kurtarma \u00e7al\u0131\u015fmalar\u0131m\u0131z sonuna kadar, gece g\u00fcnd\u00fcz demeden devam edecektir.\u201d dedi. \u00dcstel, yapt\u0131\u011f\u0131 a\u00e7\u0131klamada, facian\u0131n nas\u0131l ve neden meydana geldi\u011finin ortaya \u00e7\u0131kar\u0131lmas\u0131 i\u00e7in adli ve idari s\u00fcre\u00e7lerin de titizlikle y\u00fcr\u00fct\u00fcld\u00fc\u011f\u00fcn\u00fc kaydederek, \u201cBu faciada","og_url":"https:\/\/kibrisdakik.com\/?p=119575","article_published_time":"2026-08-31T12:18:12+00:00","og_image":[{"url":"https:\/\/mhahabercom.teimg.com\/crop\/1280x720\/mhahaber-com\/uploads\/2026\/08\/mha-sari-beyaz-7631.png","type":"","width":"","height":""}],"author":"admin","twitter_card":"summary_large_image","twitter_misc":{"Yazan:":"admin","Tahmini okuma s\u00fcresi":"4 dakika"},"schema":{"@context":"https:\/\/schema.org","@graph":[{"@type":"Article","@id":"https:\/\/kibrisdakik.com\/?p=119575#article","isPartOf":{"@id":"https:\/\/kibrisdakik.com\/?p=119575"},"author":{"name":"admin","@id":"https:\/\/kibrisdakik.com\/#\/schema\/person\/9cd9d437bbb44f72b73ba127e06d8e79"},"headline":"\u00dcSTEL\u2019DEN NET MESAJ: SORUMLULAR ADALET \u00d6N\u00dcNDE HESAP VERECEK","datePublished":"2026-08-31T12:18:12+00:00","mainEntityOfPage":{"@id":"https:\/\/kibrisdakik.com\/?p=119575"},"wordCount":767,"commentCount":0,"publisher":{"@id":"https:\/\/kibrisdakik.com\/#organization"},"image":{"@id":"https:\/\/kibrisdakik.com\/?p=119575#primaryimage"},"thumbnailUrl":"https:\/\/kibrisdakik.com\/wp-content\/uploads\/2026\/08\/mha-sari-beyaz-7631.png","articleSection":["K\u0131br\u0131s"],"inLanguage":"tr","potentialAction":[{"@type":"CommentAction","name":"Comment","target":["https:\/\/kibrisdakik.com\/?p=119575#respond"]}]},{"@type":"WebPage","@id":"https:\/\/kibrisdakik.com\/?p=119575","url":"https:\/\/kibrisdakik.com\/?p=119575","name":"\u00dcSTEL\u2019DEN NET MESAJ: SORUMLULAR ADALET \u00d6N\u00dcNDE HESAP VERECEK -","isPartOf":{"@id":"https:\/\/kibrisdakik.com\/#website"},"primaryImageOfPage":{"@id":"https:\/\/kibrisdakik.com\/?p=119575#primaryimage"},"image":{"@id":"https:\/\/kibrisdakik.com\/?p=119575#primaryimage"},"thumbnailUrl":"https:\/\/kibrisdakik.com\/wp-content\/uploads\/2026\/08\/mha-sari-beyaz-7631.png","datePublished":"2026-08-31T12:18:12+00:00","breadcrumb":{"@id":"https:\/\/kibrisdakik.com\/?p=119575#breadcrumb"},"inLanguage":"tr","potentialAction":[{"@type":"ReadAction","target":["https:\/\/kibrisdakik.com\/?p=119575"]}]},{"@type":"ImageObject","inLanguage":"tr","@id":"https:\/\/kibrisdakik.com\/?p=119575#primaryimage","url":"https:\/\/kibrisdakik.com\/wp-content\/uploads\/2026\/08\/mha-sari-beyaz-7631.png","contentUrl":"https:\/\/kibrisdakik.com\/wp-content\/uploads\/2026\/08\/mha-sari-beyaz-7631.png","width":1280,"height":720},{"@type":"BreadcrumbList","@id":"https:\/\/kibrisdakik.com\/?p=119575#breadcrumb","itemListElement":[{"@type":"ListItem","position":1,"name":"Home","item":"https:\/\/kibrisdakik.com\/"},{"@type":"ListItem","position":2,"name":"\u00dcSTEL\u2019DEN NET MESAJ: SORUMLULAR ADALET \u00d6N\u00dcNDE HESAP VERECEK"}]},{"@type":"WebSite","@id":"https:\/\/kibrisdakik.com\/#website","url":"https:\/\/kibrisdakik.com\/","name":"K\u0131br\u0131s Dakik","description":"Tam vaktinde haber","publisher":{"@id":"https:\/\/kibrisdakik.com\/#organization"},"potentialAction":[{"@type":"SearchAction","target":{"@type":"EntryPoint","urlTemplate":"https:\/\/kibrisdakik.com\/?s={search_term_string}"},"query-input":{"@type":"PropertyValueSpecification","valueRequired":true,"valueName":"search_term_string"}}],"inLanguage":"tr"},{"@type":"Organization","@id":"https:\/\/kibrisdakik.com\/#organization","name":"K\u0131br\u0131s Dakik","url":"https:\/\/kibrisdakik.com\/","logo":{"@type":"ImageObject","inLanguage":"tr","@id":"https:\/\/kibrisdakik.com\/#\/schema\/logo\/image\/","url":"https:\/\/kibrisdakik.com\/wp-content\/uploads\/2025\/10\/cropped-WhatsApp-Image-2025-10-02-at-12.58.31.jpeg","contentUrl":"https:\/\/kibrisdakik.com\/wp-content\/uploads\/2025\/10\/cropped-WhatsApp-Image-2025-10-02-at-12.58.31.jpeg","width":1237,"height":190,"caption":"K\u0131br\u0131s Dakik"},"image":{"@id":"https:\/\/kibrisdakik.com\/#\/schema\/logo\/image\/"}},{"@type":"Person","@id":"https:\/\/kibrisdakik.com\/#\/schema\/person\/9cd9d437bbb44f72b73ba127e06d8e79","name":"admin","image":{"@type":"ImageObject","inLanguage":"tr","@id":"https:\/\/secure.gravatar.com\/avatar\/ccc17943b9d660506c869530f897617f7cb1c21a4bf30023f252596d83e1f007?s=96&d=mm&r=g","url":"https:\/\/secure.gravatar.com\/avatar\/ccc17943b9d660506c869530f897617f7cb1c21a4bf30023f252596d83e1f007?s=96&d=mm&r=g","contentUrl":"https:\/\/secure.gravatar.com\/avatar\/ccc17943b9d660506c869530f897617f7cb1c21a4bf30023f252596d83e1f007?s=96&d=mm&r=g","caption":"admin"},"sameAs":["https:\/\/kibrisdakik.com"],"url":"https:\/\/kibrisdakik.com\/?author=1"}]}},"_links":{"self":[{"href":"https:\/\/kibrisdakik.com\/index.php?rest_route=\/wp\/v2\/posts\/119575","targetHints":{"allow":["GET"]}}],"collection":[{"href":"https:\/\/kibrisdakik.com\/index.php?rest_route=\/wp\/v2\/posts"}],"about":[{"href":"https:\/\/kibrisdakik.com\/index.php?rest_route=\/wp\/v2\/types\/post"}],"author":[{"embeddable":true,"href":"https:\/\/kibrisdakik.com\/index.php?rest_route=\/wp\/v2\/users\/1"}],"replies":[{"embeddable":true,"href":"https:\/\/kibrisdakik.com\/index.php?rest_route=%2Fwp%2Fv2%2Fcomments&post=119575"}],"version-history":[{"count":0,"href":"https:\/\/kibrisdakik.com\/index.php?rest_route=\/wp\/v2\/posts\/119575\/revisions"}],"wp:featuredmedia":[{"embeddable":true,"href":"https:\/\/kibrisdakik.com\/index.php?rest_route=\/wp\/v2\/media\/119576"}],"wp:attachment":[{"href":"https:\/\/kibrisdakik.com\/index.php?rest_route=%2Fwp%2Fv2%2Fmedia&parent=119575"}],"wp:term":[{"taxonomy":"category","embeddable":true,"href":"https:\/\/kibrisdakik.com\/index.php?rest_route=%2Fwp%2Fv2%2Fcategories&post=119575"},{"taxonomy":"post_tag","embeddable":true,"href":"https:\/\/kibrisdakik.com\/index.php?rest_route=%2Fwp%2Fv2%2Ftags&post=119575"}],"curies":[{"name":"wp","href":"https:\/\/api.w.org\/{rel}","templated":true}]}}