{"id":119580,"date":"2026-08-31T16:01:52","date_gmt":"2026-08-31T13:01:52","guid":{"rendered":"https:\/\/kibrisdakik.com\/?p=119580"},"modified":"2026-08-31T16:01:52","modified_gmt":"2026-08-31T13:01:52","slug":"ustel-acikladi-gemide-20-kisi-kayip-8-kisi-hayatini-kaybetti","status":"publish","type":"post","link":"https:\/\/kibrisdakik.com\/?p=119580","title":{"rendered":"\u00dcSTEL A\u00c7IKLADI: GEM\u0130DE 20 K\u0130\u015e\u0130 KAYIP, 8 K\u0130\u015e\u0130 HAYATINI KAYBETT\u0130"},"content":{"rendered":"<p><\/p>\n<div data-text-id=\"207088\" property=\"articleBody\">\n<p>Ba\u015fbakan \u00dcnal \u00dcstel, Girne-Ta\u015fucu seferini yapan yolcu gemisinin alabora olmas\u0131 sonucu meydana gelen kazada gemide bulunan ki\u015filerden 239\u2019una sa\u011f olarak ula\u015f\u0131ld\u0131\u011f\u0131n\u0131, 8 ki\u015finin hayat\u0131n\u0131 kaybetti\u011fini, 20 ki\u015finin ise kay\u0131p oldu\u011funu belirtti.<\/p>\n<p>Ba\u015fbakan \u00dcstel, kazada hayat\u0131n\u0131 kaybedenlerin ve kay\u0131plar\u0131n isimlerini a\u00e7\u0131klad\u0131.<\/p>\n<p>-\u201cArama kurtarma \u00e7al\u0131\u015fmalar\u0131m\u0131z 7\/24 esas\u0131yla devam ediyor\u201d<\/p>\n<p>\u00dcstel yaz\u0131l\u0131 a\u00e7\u0131klamas\u0131nda, Girne a\u00e7\u0131klar\u0131nda ya\u015fanan deniz felaketinin ard\u0131ndan ba\u015flat\u0131lan arama kurtarma \u00e7al\u0131\u015fmalar\u0131n\u0131n, T\u00fcrkiye Cumhuriyeti\u2019nin g\u00fc\u00e7l\u00fc deste\u011fi ve ilgili t\u00fcm birimlerin yo\u011fun gayretiyle 7 g\u00fcn 24 saat esas\u0131na g\u00f6re aral\u0131ks\u0131z devam etti\u011fini kaydetti.<\/p>\n<p>Bir yandan denizden ve havadan arama kurtarma faaliyetleri s\u00fcrd\u00fcr\u00fcl\u00fcrken, di\u011fer yandan polis te\u015fkilat\u0131 ve ilgili kurumlar taraf\u0131ndan olay\u0131n t\u00fcm y\u00f6nleriyle ayd\u0131nlat\u0131lmas\u0131na y\u00f6nelik kapsaml\u0131 ve titiz \u00e7al\u0131\u015fmalar y\u00fcr\u00fct\u00fcld\u00fc\u011f\u00fcn\u00fc belirten \u00dcstel, \u015f\u00f6yle devam etti:<\/p>\n<p>Polisimizin yapt\u0131\u011f\u0131 incelemeler, al\u0131nan ifadeler, yolcu bilgilerinin kar\u015f\u0131la\u015ft\u0131r\u0131lmas\u0131 ve ki\u015filere tek tek ula\u015f\u0131larak yap\u0131lan teyitler sonucunda, olay\u0131n ilk an\u0131ndan itibaren farkl\u0131 kaynaklardan elde edilen bilgiler yeniden de\u011ferlendirilmi\u015f ve en g\u00fcncel veriler ortaya \u00e7\u0131kar\u0131lm\u0131\u015ft\u0131r.<\/p>\n<p>Bu \u00e7al\u0131\u015fmalar sonucunda, daha \u00f6nce kurtar\u0131lan ki\u015filer aras\u0131nda de\u011ferlendirilen 2 ki\u015finin, yap\u0131lan ayr\u0131nt\u0131l\u0131 inceleme ve teyitler neticesinde kay\u0131p ki\u015filer aras\u0131nda bulundu\u011fu tespit edilmi\u015ftir.\u201d<\/p>\n<p>-G\u00fcncel veriler<\/p>\n<p>Bu do\u011frultuda g\u00fcncel verileri kamuoyuyla payla\u015fan \u00dcstel, \u201cGemide bulunan ki\u015filerden 239\u2019una sa\u011f olarak ula\u015f\u0131lm\u0131\u015ft\u0131r. 8 vatanda\u015f\u0131m\u0131z\u0131n hayat\u0131n\u0131 kaybetti\u011fi kesinle\u015fmi\u015ftir. Kay\u0131p durumda bulunan 20 ki\u015fimize y\u00f6nelik arama kurtarma \u00e7al\u0131\u015fmalar\u0131m\u0131z ise devam etmektedir.\u201d dedi.<\/p>\n<p>-Hayat\u0131n\u0131 kaybedenlerin isimleri a\u00e7\u0131kland\u0131<\/p>\n<p>Ba\u015fbakan \u00dcstel, hayat\u0131n\u0131 kaybedenlerin isimlerini de a\u00e7\u0131klad\u0131. \u0130simler \u015f\u00f6yle:<\/p>\n<p>\u201c1. Nihat Balyemez \u2013 T\u00fcrkiye Cumhuriyeti<\/p>\n<p>2. H\u00fcseyin \u00d6zdemir \u2013 T\u00fcrkiye Cumhuriyeti<\/p>\n<p>3. Nuray Zeytun \u2013 T\u00fcrkiye Cumhuriyeti<\/p>\n<p>4. Fahri Ate\u015f \u2013 T\u00fcrkiye Cumhuriyeti<\/p>\n<p>5. G\u00fclcan G\u00fcrel \u2013 T\u00fcrkiye Cumhuriyeti<\/p>\n<p>6. Reyhan Verim \u2013 T\u00fcrkiye Cumhuriyeti<\/p>\n<p>7. Nisa Torer \u2013 T\u00fcrkiye Cumhuriyeti<\/p>\n<p>8. Nurcan Hilalo\u011flu \u2013 T\u00fcrkiye Cumhuriyeti\u201d<\/p>\n<p>-Kay\u0131p durumda bulunan ki\u015filerin isimleri a\u00e7\u0131kland\u0131<\/p>\n<p>Ba\u015fbakan \u00dcstel, kay\u0131p durumda bulunan ki\u015filerin isimlerini de a\u00e7\u0131klad\u0131. \u0130simler \u015fu \u015fekilde:<\/p>\n<p>\u201c1. Ferdi T\u00f6rer \u2013 T\u00fcrkiye Cumhuriyeti<\/p>\n<p>2. Mustafa Demir \u2013 T\u00fcrkiye Cumhuriyeti<\/p>\n<p>3. Mahmut Demir \u2013 T\u00fcrkiye Cumhuriyeti<\/p>\n<p>4. \u00d6zg\u00fcr G\u00f6n\u00fcl \u2013 T\u00fcrkiye Cumhuriyeti<\/p>\n<p>5. Anni Azel Hilalo\u011flu \u2013 T\u00fcrkiye Cumhuriyeti<\/p>\n<p>6. \u015eerif \u00d6zdemir \u2013 T\u00fcrkiye Cumhuriyeti<\/p>\n<p>7. S\u00fcleyman Erdo\u011fan \u2013 KKTC<\/p>\n<p>8. Saliha Miray Bi\u00e7er \u2013 T\u00fcrkiye Cumhuriyeti<\/p>\n<p>9. Mehmet Asaf Bi\u00e7er \u2013 T\u00fcrkiye Cumhuriyeti<\/p>\n<p>10. Orhan Bekret \u2013 T\u00fcrkiye Cumhuriyeti<\/p>\n<p>11. Nazmiye \u00d6zbolat \u2013 T\u00fcrkiye Cumhuriyeti<\/p>\n<p>12. Elmas Demir \u2013 T\u00fcrkiye Cumhuriyeti<\/p>\n<p>13. \u0130smail Kurt \u2013 KKTC<\/p>\n<p>14. Yulia \u00d6zcan \u2013 T\u00fcrkiye Cumhuriyeti<\/p>\n<p>15. Ayhan \u00d6zcan \u2013 T\u00fcrkiye Cumhuriyeti<\/p>\n<p>16. Elife Bay\u0131r \u2013 T\u00fcrkiye Cumhuriyeti<\/p>\n<p>17. Nihat Pancar \u2013 T\u00fcrkiye Cumhuriyeti<\/p>\n<p>18. Mustafa Kemal Yaral\u0131 \u2013 T\u00fcrkiye Cumhuriyeti<\/p>\n<p>19. Mehmet Bayhan \u2013 T\u00fcrkiye Cumhuriyeti<\/p>\n<p>20. Mehmet Nuri Ayran \u2013 T\u00fcrkiye Cumhuriyeti\u201d<\/p>\n<p>-\u201cB\u00fct\u00fcn \u00f6nceli\u011fimiz kay\u0131p 20 ki\u015fimize ula\u015fmakt\u0131r\u201d<\/p>\n<p>\u201c\u015eu anda b\u00fct\u00fcn \u00f6nceli\u011fimiz kay\u0131p 20 ki\u015fimize ula\u015fmakt\u0131r. Arama kurtarma ekiplerimiz denizden ve havadan \u00e7al\u0131\u015fmalar\u0131n\u0131 7\/24 esas\u0131yla s\u00fcrd\u00fcrmektedir. Kay\u0131plar\u0131m\u0131za ula\u015fabilmek i\u00e7in devletimizin t\u00fcm imkanlar\u0131 seferber edilmi\u015f durumdad\u0131r.\u201d diyen \u00dcstel, \u015fu ifadeleri kulland\u0131:<\/p>\n<p>Umudumuzu koruyor, ekiplerimizin yo\u011fun \u00e7al\u0131\u015fmalar\u0131ndan gelecek g\u00fczel haberleri bekliyoruz. Dualar\u0131m\u0131z kay\u0131plar\u0131m\u0131zla, hayat\u0131n\u0131 kaybeden vatanda\u015flar\u0131m\u0131zla ve umutla g\u00fczel haber bekleyen aileleriyle birliktedir.\u201d<\/p>\n<\/p><\/div>\n","protected":false},"excerpt":{"rendered":"<p>Ba\u015fbakan \u00dcnal \u00dcstel, Girne-Ta\u015fucu seferini yapan yolcu gemisinin alabora olmas\u0131 sonucu meydana gelen kazada gemide bulunan ki\u015filerden 239\u2019una sa\u011f olarak ula\u015f\u0131ld\u0131\u011f\u0131n\u0131, 8 ki\u015finin hayat\u0131n\u0131 kaybetti\u011fini, 20 ki\u015finin ise kay\u0131p oldu\u011funu belirtti. Ba\u015fbakan \u00dcstel, kazada hayat\u0131n\u0131 kaybedenlerin ve kay\u0131plar\u0131n isimlerini a\u00e7\u0131klad\u0131. -\u201cArama kurtarma \u00e7al\u0131\u015fmalar\u0131m\u0131z 7\/24 esas\u0131yla devam ediyor\u201d \u00dcstel yaz\u0131l\u0131 a\u00e7\u0131klamas\u0131nda, Girne a\u00e7\u0131klar\u0131nda ya\u015fanan deniz felaketinin<\/p>\n","protected":false},"author":1,"featured_media":119581,"comment_status":"open","ping_status":"open","sticky":false,"template":"","format":"standard","meta":{"footnotes":""},"categories":[81],"tags":[],"class_list":["post-119580","post","type-post","status-publish","format-standard","has-post-thumbnail","hentry","category-kibris"],"yoast_head":"<!-- This site is optimized with the Yoast SEO plugin v28.3 - https:\/\/yoast.com\/product\/yoast-seo-wordpress\/ -->\n<title>\u00dcSTEL A\u00c7IKLADI: GEM\u0130DE 20 K\u0130\u015e\u0130 KAYIP, 8 K\u0130\u015e\u0130 HAYATINI KAYBETT\u0130 -<\/title>\n<meta name=\"robots\" content=\"index, follow, max-snippet:-1, max-image-preview:large, max-video-preview:-1\" \/>\n<link rel=\"canonical\" href=\"https:\/\/kibrisdakik.com\/?p=119580\" \/>\n<meta property=\"og:locale\" content=\"tr_TR\" \/>\n<meta property=\"og:type\" content=\"article\" \/>\n<meta property=\"og:title\" content=\"\u00dcSTEL A\u00c7IKLADI: GEM\u0130DE 20 K\u0130\u015e\u0130 KAYIP, 8 K\u0130\u015e\u0130 HAYATINI KAYBETT\u0130 -\" \/>\n<meta property=\"og:description\" content=\"Ba\u015fbakan \u00dcnal \u00dcstel, Girne-Ta\u015fucu seferini yapan yolcu gemisinin alabora olmas\u0131 sonucu meydana gelen kazada gemide bulunan ki\u015filerden 239\u2019una sa\u011f olarak ula\u015f\u0131ld\u0131\u011f\u0131n\u0131, 8 ki\u015finin hayat\u0131n\u0131 kaybetti\u011fini, 20 ki\u015finin ise kay\u0131p oldu\u011funu belirtti. Ba\u015fbakan \u00dcstel, kazada hayat\u0131n\u0131 kaybedenlerin ve kay\u0131plar\u0131n isimlerini a\u00e7\u0131klad\u0131. -\u201cArama kurtarma \u00e7al\u0131\u015fmalar\u0131m\u0131z 7\/24 esas\u0131yla devam ediyor\u201d \u00dcstel yaz\u0131l\u0131 a\u00e7\u0131klamas\u0131nda, Girne a\u00e7\u0131klar\u0131nda ya\u015fanan deniz felaketinin\" \/>\n<meta property=\"og:url\" content=\"https:\/\/kibrisdakik.com\/?p=119580\" \/>\n<meta property=\"article:published_time\" content=\"2026-08-31T13:01:52+00:00\" \/>\n<meta property=\"og:image\" content=\"https:\/\/mhahabercom.teimg.com\/crop\/1280x720\/mhahaber-com\/uploads\/2026\/08\/mha-sari-beyaz-7632.png\" \/>\n<meta name=\"author\" content=\"admin\" \/>\n<meta name=\"twitter:card\" content=\"summary_large_image\" \/>\n<meta name=\"twitter:label1\" content=\"Yazan:\" \/>\n\t<meta name=\"twitter:data1\" content=\"admin\" \/>\n\t<meta name=\"twitter:label2\" content=\"Tahmini okuma s\u00fcresi\" \/>\n\t<meta name=\"twitter:data2\" content=\"3 dakika\" \/>\n<script type=\"application\/ld+json\" class=\"yoast-schema-graph\">{\"@context\":\"https:\\\/\\\/schema.org\",\"@graph\":[{\"@type\":\"Article\",\"@id\":\"https:\\\/\\\/kibrisdakik.com\\\/?p=119580#article\",\"isPartOf\":{\"@id\":\"https:\\\/\\\/kibrisdakik.com\\\/?p=119580\"},\"author\":{\"name\":\"admin\",\"@id\":\"https:\\\/\\\/kibrisdakik.com\\\/#\\\/schema\\\/person\\\/9cd9d437bbb44f72b73ba127e06d8e79\"},\"headline\":\"\u00dcSTEL A\u00c7IKLADI: GEM\u0130DE 20 K\u0130\u015e\u0130 KAYIP, 8 K\u0130\u015e\u0130 HAYATINI KAYBETT\u0130\",\"datePublished\":\"2026-08-31T13:01:52+00:00\",\"mainEntityOfPage\":{\"@id\":\"https:\\\/\\\/kibrisdakik.com\\\/?p=119580\"},\"wordCount\":613,\"commentCount\":0,\"publisher\":{\"@id\":\"https:\\\/\\\/kibrisdakik.com\\\/#organization\"},\"image\":{\"@id\":\"https:\\\/\\\/kibrisdakik.com\\\/?p=119580#primaryimage\"},\"thumbnailUrl\":\"https:\\\/\\\/kibrisdakik.com\\\/wp-content\\\/uploads\\\/2026\\\/08\\\/mha-sari-beyaz-7632.png\",\"articleSection\":[\"K\u0131br\u0131s\"],\"inLanguage\":\"tr\",\"potentialAction\":[{\"@type\":\"CommentAction\",\"name\":\"Comment\",\"target\":[\"https:\\\/\\\/kibrisdakik.com\\\/?p=119580#respond\"]}]},{\"@type\":\"WebPage\",\"@id\":\"https:\\\/\\\/kibrisdakik.com\\\/?p=119580\",\"url\":\"https:\\\/\\\/kibrisdakik.com\\\/?p=119580\",\"name\":\"\u00dcSTEL A\u00c7IKLADI: GEM\u0130DE 20 K\u0130\u015e\u0130 KAYIP, 8 K\u0130\u015e\u0130 HAYATINI KAYBETT\u0130 -\",\"isPartOf\":{\"@id\":\"https:\\\/\\\/kibrisdakik.com\\\/#website\"},\"primaryImageOfPage\":{\"@id\":\"https:\\\/\\\/kibrisdakik.com\\\/?p=119580#primaryimage\"},\"image\":{\"@id\":\"https:\\\/\\\/kibrisdakik.com\\\/?p=119580#primaryimage\"},\"thumbnailUrl\":\"https:\\\/\\\/kibrisdakik.com\\\/wp-content\\\/uploads\\\/2026\\\/08\\\/mha-sari-beyaz-7632.png\",\"datePublished\":\"2026-08-31T13:01:52+00:00\",\"breadcrumb\":{\"@id\":\"https:\\\/\\\/kibrisdakik.com\\\/?p=119580#breadcrumb\"},\"inLanguage\":\"tr\",\"potentialAction\":[{\"@type\":\"ReadAction\",\"target\":[\"https:\\\/\\\/kibrisdakik.com\\\/?p=119580\"]}]},{\"@type\":\"ImageObject\",\"inLanguage\":\"tr\",\"@id\":\"https:\\\/\\\/kibrisdakik.com\\\/?p=119580#primaryimage\",\"url\":\"https:\\\/\\\/kibrisdakik.com\\\/wp-content\\\/uploads\\\/2026\\\/08\\\/mha-sari-beyaz-7632.png\",\"contentUrl\":\"https:\\\/\\\/kibrisdakik.com\\\/wp-content\\\/uploads\\\/2026\\\/08\\\/mha-sari-beyaz-7632.png\",\"width\":1280,\"height\":720},{\"@type\":\"BreadcrumbList\",\"@id\":\"https:\\\/\\\/kibrisdakik.com\\\/?p=119580#breadcrumb\",\"itemListElement\":[{\"@type\":\"ListItem\",\"position\":1,\"name\":\"Home\",\"item\":\"https:\\\/\\\/kibrisdakik.com\\\/\"},{\"@type\":\"ListItem\",\"position\":2,\"name\":\"\u00dcSTEL A\u00c7IKLADI: GEM\u0130DE 20 K\u0130\u015e\u0130 KAYIP, 8 K\u0130\u015e\u0130 HAYATINI KAYBETT\u0130\"}]},{\"@type\":\"WebSite\",\"@id\":\"https:\\\/\\\/kibrisdakik.com\\\/#website\",\"url\":\"https:\\\/\\\/kibrisdakik.com\\\/\",\"name\":\"K\u0131br\u0131s Dakik\",\"description\":\"Tam vaktinde haber\",\"publisher\":{\"@id\":\"https:\\\/\\\/kibrisdakik.com\\\/#organization\"},\"potentialAction\":[{\"@type\":\"SearchAction\",\"target\":{\"@type\":\"EntryPoint\",\"urlTemplate\":\"https:\\\/\\\/kibrisdakik.com\\\/?s={search_term_string}\"},\"query-input\":{\"@type\":\"PropertyValueSpecification\",\"valueRequired\":true,\"valueName\":\"search_term_string\"}}],\"inLanguage\":\"tr\"},{\"@type\":\"Organization\",\"@id\":\"https:\\\/\\\/kibrisdakik.com\\\/#organization\",\"name\":\"K\u0131br\u0131s Dakik\",\"url\":\"https:\\\/\\\/kibrisdakik.com\\\/\",\"logo\":{\"@type\":\"ImageObject\",\"inLanguage\":\"tr\",\"@id\":\"https:\\\/\\\/kibrisdakik.com\\\/#\\\/schema\\\/logo\\\/image\\\/\",\"url\":\"https:\\\/\\\/kibrisdakik.com\\\/wp-content\\\/uploads\\\/2025\\\/10\\\/cropped-WhatsApp-Image-2025-10-02-at-12.58.31.jpeg\",\"contentUrl\":\"https:\\\/\\\/kibrisdakik.com\\\/wp-content\\\/uploads\\\/2025\\\/10\\\/cropped-WhatsApp-Image-2025-10-02-at-12.58.31.jpeg\",\"width\":1237,\"height\":190,\"caption\":\"K\u0131br\u0131s Dakik\"},\"image\":{\"@id\":\"https:\\\/\\\/kibrisdakik.com\\\/#\\\/schema\\\/logo\\\/image\\\/\"}},{\"@type\":\"Person\",\"@id\":\"https:\\\/\\\/kibrisdakik.com\\\/#\\\/schema\\\/person\\\/9cd9d437bbb44f72b73ba127e06d8e79\",\"name\":\"admin\",\"image\":{\"@type\":\"ImageObject\",\"inLanguage\":\"tr\",\"@id\":\"https:\\\/\\\/secure.gravatar.com\\\/avatar\\\/ccc17943b9d660506c869530f897617f7cb1c21a4bf30023f252596d83e1f007?s=96&d=mm&r=g\",\"url\":\"https:\\\/\\\/secure.gravatar.com\\\/avatar\\\/ccc17943b9d660506c869530f897617f7cb1c21a4bf30023f252596d83e1f007?s=96&d=mm&r=g\",\"contentUrl\":\"https:\\\/\\\/secure.gravatar.com\\\/avatar\\\/ccc17943b9d660506c869530f897617f7cb1c21a4bf30023f252596d83e1f007?s=96&d=mm&r=g\",\"caption\":\"admin\"},\"sameAs\":[\"https:\\\/\\\/kibrisdakik.com\"],\"url\":\"https:\\\/\\\/kibrisdakik.com\\\/?author=1\"}]}<\/script>\n<!-- \/ Yoast SEO plugin. -->","yoast_head_json":{"title":"\u00dcSTEL A\u00c7IKLADI: GEM\u0130DE 20 K\u0130\u015e\u0130 KAYIP, 8 K\u0130\u015e\u0130 HAYATINI KAYBETT\u0130 -","robots":{"index":"index","follow":"follow","max-snippet":"max-snippet:-1","max-image-preview":"max-image-preview:large","max-video-preview":"max-video-preview:-1"},"canonical":"https:\/\/kibrisdakik.com\/?p=119580","og_locale":"tr_TR","og_type":"article","og_title":"\u00dcSTEL A\u00c7IKLADI: GEM\u0130DE 20 K\u0130\u015e\u0130 KAYIP, 8 K\u0130\u015e\u0130 HAYATINI KAYBETT\u0130 -","og_description":"Ba\u015fbakan \u00dcnal \u00dcstel, Girne-Ta\u015fucu seferini yapan yolcu gemisinin alabora olmas\u0131 sonucu meydana gelen kazada gemide bulunan ki\u015filerden 239\u2019una sa\u011f olarak ula\u015f\u0131ld\u0131\u011f\u0131n\u0131, 8 ki\u015finin hayat\u0131n\u0131 kaybetti\u011fini, 20 ki\u015finin ise kay\u0131p oldu\u011funu belirtti. Ba\u015fbakan \u00dcstel, kazada hayat\u0131n\u0131 kaybedenlerin ve kay\u0131plar\u0131n isimlerini a\u00e7\u0131klad\u0131. -\u201cArama kurtarma \u00e7al\u0131\u015fmalar\u0131m\u0131z 7\/24 esas\u0131yla devam ediyor\u201d \u00dcstel yaz\u0131l\u0131 a\u00e7\u0131klamas\u0131nda, Girne a\u00e7\u0131klar\u0131nda ya\u015fanan deniz felaketinin","og_url":"https:\/\/kibrisdakik.com\/?p=119580","article_published_time":"2026-08-31T13:01:52+00:00","og_image":[{"url":"https:\/\/mhahabercom.teimg.com\/crop\/1280x720\/mhahaber-com\/uploads\/2026\/08\/mha-sari-beyaz-7632.png","type":"","width":"","height":""}],"author":"admin","twitter_card":"summary_large_image","twitter_misc":{"Yazan:":"admin","Tahmini okuma s\u00fcresi":"3 dakika"},"schema":{"@context":"https:\/\/schema.org","@graph":[{"@type":"Article","@id":"https:\/\/kibrisdakik.com\/?p=119580#article","isPartOf":{"@id":"https:\/\/kibrisdakik.com\/?p=119580"},"author":{"name":"admin","@id":"https:\/\/kibrisdakik.com\/#\/schema\/person\/9cd9d437bbb44f72b73ba127e06d8e79"},"headline":"\u00dcSTEL A\u00c7IKLADI: GEM\u0130DE 20 K\u0130\u015e\u0130 KAYIP, 8 K\u0130\u015e\u0130 HAYATINI KAYBETT\u0130","datePublished":"2026-08-31T13:01:52+00:00","mainEntityOfPage":{"@id":"https:\/\/kibrisdakik.com\/?p=119580"},"wordCount":613,"commentCount":0,"publisher":{"@id":"https:\/\/kibrisdakik.com\/#organization"},"image":{"@id":"https:\/\/kibrisdakik.com\/?p=119580#primaryimage"},"thumbnailUrl":"https:\/\/kibrisdakik.com\/wp-content\/uploads\/2026\/08\/mha-sari-beyaz-7632.png","articleSection":["K\u0131br\u0131s"],"inLanguage":"tr","potentialAction":[{"@type":"CommentAction","name":"Comment","target":["https:\/\/kibrisdakik.com\/?p=119580#respond"]}]},{"@type":"WebPage","@id":"https:\/\/kibrisdakik.com\/?p=119580","url":"https:\/\/kibrisdakik.com\/?p=119580","name":"\u00dcSTEL A\u00c7IKLADI: GEM\u0130DE 20 K\u0130\u015e\u0130 KAYIP, 8 K\u0130\u015e\u0130 HAYATINI KAYBETT\u0130 -","isPartOf":{"@id":"https:\/\/kibrisdakik.com\/#website"},"primaryImageOfPage":{"@id":"https:\/\/kibrisdakik.com\/?p=119580#primaryimage"},"image":{"@id":"https:\/\/kibrisdakik.com\/?p=119580#primaryimage"},"thumbnailUrl":"https:\/\/kibrisdakik.com\/wp-content\/uploads\/2026\/08\/mha-sari-beyaz-7632.png","datePublished":"2026-08-31T13:01:52+00:00","breadcrumb":{"@id":"https:\/\/kibrisdakik.com\/?p=119580#breadcrumb"},"inLanguage":"tr","potentialAction":[{"@type":"ReadAction","target":["https:\/\/kibrisdakik.com\/?p=119580"]}]},{"@type":"ImageObject","inLanguage":"tr","@id":"https:\/\/kibrisdakik.com\/?p=119580#primaryimage","url":"https:\/\/kibrisdakik.com\/wp-content\/uploads\/2026\/08\/mha-sari-beyaz-7632.png","contentUrl":"https:\/\/kibrisdakik.com\/wp-content\/uploads\/2026\/08\/mha-sari-beyaz-7632.png","width":1280,"height":720},{"@type":"BreadcrumbList","@id":"https:\/\/kibrisdakik.com\/?p=119580#breadcrumb","itemListElement":[{"@type":"ListItem","position":1,"name":"Home","item":"https:\/\/kibrisdakik.com\/"},{"@type":"ListItem","position":2,"name":"\u00dcSTEL A\u00c7IKLADI: GEM\u0130DE 20 K\u0130\u015e\u0130 KAYIP, 8 K\u0130\u015e\u0130 HAYATINI KAYBETT\u0130"}]},{"@type":"WebSite","@id":"https:\/\/kibrisdakik.com\/#website","url":"https:\/\/kibrisdakik.com\/","name":"K\u0131br\u0131s Dakik","description":"Tam vaktinde haber","publisher":{"@id":"https:\/\/kibrisdakik.com\/#organization"},"potentialAction":[{"@type":"SearchAction","target":{"@type":"EntryPoint","urlTemplate":"https:\/\/kibrisdakik.com\/?s={search_term_string}"},"query-input":{"@type":"PropertyValueSpecification","valueRequired":true,"valueName":"search_term_string"}}],"inLanguage":"tr"},{"@type":"Organization","@id":"https:\/\/kibrisdakik.com\/#organization","name":"K\u0131br\u0131s Dakik","url":"https:\/\/kibrisdakik.com\/","logo":{"@type":"ImageObject","inLanguage":"tr","@id":"https:\/\/kibrisdakik.com\/#\/schema\/logo\/image\/","url":"https:\/\/kibrisdakik.com\/wp-content\/uploads\/2025\/10\/cropped-WhatsApp-Image-2025-10-02-at-12.58.31.jpeg","contentUrl":"https:\/\/kibrisdakik.com\/wp-content\/uploads\/2025\/10\/cropped-WhatsApp-Image-2025-10-02-at-12.58.31.jpeg","width":1237,"height":190,"caption":"K\u0131br\u0131s Dakik"},"image":{"@id":"https:\/\/kibrisdakik.com\/#\/schema\/logo\/image\/"}},{"@type":"Person","@id":"https:\/\/kibrisdakik.com\/#\/schema\/person\/9cd9d437bbb44f72b73ba127e06d8e79","name":"admin","image":{"@type":"ImageObject","inLanguage":"tr","@id":"https:\/\/secure.gravatar.com\/avatar\/ccc17943b9d660506c869530f897617f7cb1c21a4bf30023f252596d83e1f007?s=96&d=mm&r=g","url":"https:\/\/secure.gravatar.com\/avatar\/ccc17943b9d660506c869530f897617f7cb1c21a4bf30023f252596d83e1f007?s=96&d=mm&r=g","contentUrl":"https:\/\/secure.gravatar.com\/avatar\/ccc17943b9d660506c869530f897617f7cb1c21a4bf30023f252596d83e1f007?s=96&d=mm&r=g","caption":"admin"},"sameAs":["https:\/\/kibrisdakik.com"],"url":"https:\/\/kibrisdakik.com\/?author=1"}]}},"_links":{"self":[{"href":"https:\/\/kibrisdakik.com\/index.php?rest_route=\/wp\/v2\/posts\/119580","targetHints":{"allow":["GET"]}}],"collection":[{"href":"https:\/\/kibrisdakik.com\/index.php?rest_route=\/wp\/v2\/posts"}],"about":[{"href":"https:\/\/kibrisdakik.com\/index.php?rest_route=\/wp\/v2\/types\/post"}],"author":[{"embeddable":true,"href":"https:\/\/kibrisdakik.com\/index.php?rest_route=\/wp\/v2\/users\/1"}],"replies":[{"embeddable":true,"href":"https:\/\/kibrisdakik.com\/index.php?rest_route=%2Fwp%2Fv2%2Fcomments&post=119580"}],"version-history":[{"count":0,"href":"https:\/\/kibrisdakik.com\/index.php?rest_route=\/wp\/v2\/posts\/119580\/revisions"}],"wp:featuredmedia":[{"embeddable":true,"href":"https:\/\/kibrisdakik.com\/index.php?rest_route=\/wp\/v2\/media\/119581"}],"wp:attachment":[{"href":"https:\/\/kibrisdakik.com\/index.php?rest_route=%2Fwp%2Fv2%2Fmedia&parent=119580"}],"wp:term":[{"taxonomy":"category","embeddable":true,"href":"https:\/\/kibrisdakik.com\/index.php?rest_route=%2Fwp%2Fv2%2Fcategories&post=119580"},{"taxonomy":"post_tag","embeddable":true,"href":"https:\/\/kibrisdakik.com\/index.php?rest_route=%2Fwp%2Fv2%2Ftags&post=119580"}],"curies":[{"name":"wp","href":"https:\/\/api.w.org\/{rel}","templated":true}]}}