{"id":119584,"date":"2026-08-31T17:20:22","date_gmt":"2026-08-31T14:20:22","guid":{"rendered":"https:\/\/kibrisdakik.com\/?p=119584"},"modified":"2026-08-31T17:20:22","modified_gmt":"2026-08-31T14:20:22","slug":"akgunler-1-eylulde-seferlerine-basliyor","status":"publish","type":"post","link":"https:\/\/kibrisdakik.com\/?p=119584","title":{"rendered":"AKG\u00dcNLER 1 EYL\u00dcL\u2019DE SEFERLER\u0130NE BA\u015eLIYOR"},"content":{"rendered":"<p><\/p>\n<div data-text-id=\"207091\" property=\"articleBody\">\n<p>Bay\u0131nd\u0131rl\u0131k ve Ula\u015ft\u0131rma Bakanl\u0131\u011f\u0131, Girne a\u00e7\u0131klar\u0131nda ya\u015fanan gemi facias\u0131n\u0131n ard\u0131ndan KKTC ile T\u00fcrkiye aras\u0131ndaki deniz ve hava ula\u015f\u0131m\u0131na ili\u015fkin yeni d\u00fczenlemeleri a\u00e7\u0131klad\u0131.<\/p>\n<p>Bakanl\u0131ktan yap\u0131lan a\u00e7\u0131klamaya g\u00f6re, <strong>Akg\u00fcnler Denizcilik<\/strong>, Sahil G\u00fcvenlik Komutanl\u0131\u011f\u0131 taraf\u0131ndan belirlenecek rota do\u011frultusunda <strong>1 Eyl\u00fcl 2026 tarihinden itibaren KKTC-T\u00fcrkiye seferlerine yeniden ba\u015flayacak.<\/strong><\/p>\n<p>\u00d6te yandan <strong>Pegasus Havayollar\u0131 ve AJet Havayollar\u0131<\/strong>, ula\u015f\u0131mda ya\u015fanan yo\u011funlu\u011fun azalt\u0131lmas\u0131 ve yolcular\u0131n ma\u011fduriyetlerinin giderilmesi amac\u0131yla <strong>1 Eyl\u00fcl 2026 i\u00e7in d\u00f6rder ek sefer<\/strong> d\u00fczenleyecek.<\/p>\n<p>Her iki hava yolu \u015firketinin de ek u\u00e7u\u015flar kapsam\u0131nda <strong>indirimli bilet sat\u0131\u015f\u0131na ba\u015flad\u0131\u011f\u0131<\/strong> bildirildi.<\/p>\n<h3>F\u0130LO DEN\u0130ZC\u0130L\u0130K\u2019\u0130N SEFERLER\u0130 DURDURULDU<\/h3>\n<p>Bakanl\u0131k a\u00e7\u0131klamas\u0131nda, <strong>Filo Denizcilik\u2019in seferlerinin bir sonraki emre kadar durduruldu\u011fu<\/strong> belirtildi.<\/p>\n<p>Akg\u00fcnler Denizcilik\u2019in yeniden ba\u015flayacak seferlerinin ise <strong>Sahil G\u00fcvenlik Komutanl\u0131\u011f\u0131 taraf\u0131ndan belirlenecek rota \u00fczerinden<\/strong> ger\u00e7ekle\u015ftirilece\u011fi kaydedildi.<\/p>\n<p>Bay\u0131nd\u0131rl\u0131k ve Ula\u015ft\u0131rma Bakanl\u0131\u011f\u0131, al\u0131nan kararlarla ilgili kamuoyunu bilgilendirirken, hava ve deniz ula\u015f\u0131m\u0131nda yap\u0131lan d\u00fczenlemelerin mevcut ula\u015f\u0131m yo\u011funlu\u011funun azalt\u0131lmas\u0131 ve yolcular\u0131n ma\u011fduriyetlerinin giderilmesine y\u00f6nelik oldu\u011funu a\u00e7\u0131klad\u0131.<\/p>\n<\/p><\/div>\n","protected":false},"excerpt":{"rendered":"<p>Bay\u0131nd\u0131rl\u0131k ve Ula\u015ft\u0131rma Bakanl\u0131\u011f\u0131, Girne a\u00e7\u0131klar\u0131nda ya\u015fanan gemi facias\u0131n\u0131n ard\u0131ndan KKTC ile T\u00fcrkiye aras\u0131ndaki deniz ve hava ula\u015f\u0131m\u0131na ili\u015fkin yeni d\u00fczenlemeleri a\u00e7\u0131klad\u0131. Bakanl\u0131ktan yap\u0131lan a\u00e7\u0131klamaya g\u00f6re, Akg\u00fcnler Denizcilik, Sahil G\u00fcvenlik Komutanl\u0131\u011f\u0131 taraf\u0131ndan belirlenecek rota do\u011frultusunda 1 Eyl\u00fcl 2026 tarihinden itibaren KKTC-T\u00fcrkiye seferlerine yeniden ba\u015flayacak. \u00d6te yandan Pegasus Havayollar\u0131 ve AJet Havayollar\u0131, ula\u015f\u0131mda ya\u015fanan yo\u011funlu\u011fun azalt\u0131lmas\u0131<\/p>\n","protected":false},"author":1,"featured_media":119585,"comment_status":"open","ping_status":"open","sticky":false,"template":"","format":"standard","meta":{"footnotes":""},"categories":[81],"tags":[],"class_list":["post-119584","post","type-post","status-publish","format-standard","has-post-thumbnail","hentry","category-kibris"],"yoast_head":"<!-- This site is optimized with the Yoast SEO plugin v28.3 - https:\/\/yoast.com\/product\/yoast-seo-wordpress\/ -->\n<title>AKG\u00dcNLER 1 EYL\u00dcL\u2019DE SEFERLER\u0130NE BA\u015eLIYOR -<\/title>\n<meta name=\"robots\" content=\"index, follow, max-snippet:-1, max-image-preview:large, max-video-preview:-1\" \/>\n<link rel=\"canonical\" href=\"https:\/\/kibrisdakik.com\/?p=119584\" \/>\n<meta property=\"og:locale\" content=\"tr_TR\" \/>\n<meta property=\"og:type\" content=\"article\" \/>\n<meta property=\"og:title\" content=\"AKG\u00dcNLER 1 EYL\u00dcL\u2019DE SEFERLER\u0130NE BA\u015eLIYOR -\" \/>\n<meta property=\"og:description\" content=\"Bay\u0131nd\u0131rl\u0131k ve Ula\u015ft\u0131rma Bakanl\u0131\u011f\u0131, Girne a\u00e7\u0131klar\u0131nda ya\u015fanan gemi facias\u0131n\u0131n ard\u0131ndan KKTC ile T\u00fcrkiye aras\u0131ndaki deniz ve hava ula\u015f\u0131m\u0131na ili\u015fkin yeni d\u00fczenlemeleri a\u00e7\u0131klad\u0131. Bakanl\u0131ktan yap\u0131lan a\u00e7\u0131klamaya g\u00f6re, Akg\u00fcnler Denizcilik, Sahil G\u00fcvenlik Komutanl\u0131\u011f\u0131 taraf\u0131ndan belirlenecek rota do\u011frultusunda 1 Eyl\u00fcl 2026 tarihinden itibaren KKTC-T\u00fcrkiye seferlerine yeniden ba\u015flayacak. \u00d6te yandan Pegasus Havayollar\u0131 ve AJet Havayollar\u0131, ula\u015f\u0131mda ya\u015fanan yo\u011funlu\u011fun azalt\u0131lmas\u0131\" \/>\n<meta property=\"og:url\" content=\"https:\/\/kibrisdakik.com\/?p=119584\" \/>\n<meta property=\"article:published_time\" content=\"2026-08-31T14:20:22+00:00\" \/>\n<meta property=\"og:image\" content=\"https:\/\/mhahabercom.teimg.com\/crop\/1280x720\/mhahaber-com\/uploads\/2026\/08\/mha-sari-beyaz-7634.png\" \/>\n<meta name=\"author\" content=\"admin\" \/>\n<meta name=\"twitter:card\" content=\"summary_large_image\" \/>\n<meta name=\"twitter:label1\" content=\"Yazan:\" \/>\n\t<meta name=\"twitter:data1\" content=\"admin\" \/>\n\t<meta name=\"twitter:label2\" content=\"Tahmini okuma s\u00fcresi\" \/>\n\t<meta name=\"twitter:data2\" content=\"1 dakika\" \/>\n<script type=\"application\/ld+json\" class=\"yoast-schema-graph\">{\"@context\":\"https:\\\/\\\/schema.org\",\"@graph\":[{\"@type\":\"Article\",\"@id\":\"https:\\\/\\\/kibrisdakik.com\\\/?p=119584#article\",\"isPartOf\":{\"@id\":\"https:\\\/\\\/kibrisdakik.com\\\/?p=119584\"},\"author\":{\"name\":\"admin\",\"@id\":\"https:\\\/\\\/kibrisdakik.com\\\/#\\\/schema\\\/person\\\/9cd9d437bbb44f72b73ba127e06d8e79\"},\"headline\":\"AKG\u00dcNLER 1 EYL\u00dcL\u2019DE SEFERLER\u0130NE BA\u015eLIYOR\",\"datePublished\":\"2026-08-31T14:20:22+00:00\",\"mainEntityOfPage\":{\"@id\":\"https:\\\/\\\/kibrisdakik.com\\\/?p=119584\"},\"wordCount\":226,\"commentCount\":0,\"publisher\":{\"@id\":\"https:\\\/\\\/kibrisdakik.com\\\/#organization\"},\"image\":{\"@id\":\"https:\\\/\\\/kibrisdakik.com\\\/?p=119584#primaryimage\"},\"thumbnailUrl\":\"https:\\\/\\\/kibrisdakik.com\\\/wp-content\\\/uploads\\\/2026\\\/08\\\/mha-sari-beyaz-7634.png\",\"articleSection\":[\"K\u0131br\u0131s\"],\"inLanguage\":\"tr\",\"potentialAction\":[{\"@type\":\"CommentAction\",\"name\":\"Comment\",\"target\":[\"https:\\\/\\\/kibrisdakik.com\\\/?p=119584#respond\"]}]},{\"@type\":\"WebPage\",\"@id\":\"https:\\\/\\\/kibrisdakik.com\\\/?p=119584\",\"url\":\"https:\\\/\\\/kibrisdakik.com\\\/?p=119584\",\"name\":\"AKG\u00dcNLER 1 EYL\u00dcL\u2019DE SEFERLER\u0130NE BA\u015eLIYOR -\",\"isPartOf\":{\"@id\":\"https:\\\/\\\/kibrisdakik.com\\\/#website\"},\"primaryImageOfPage\":{\"@id\":\"https:\\\/\\\/kibrisdakik.com\\\/?p=119584#primaryimage\"},\"image\":{\"@id\":\"https:\\\/\\\/kibrisdakik.com\\\/?p=119584#primaryimage\"},\"thumbnailUrl\":\"https:\\\/\\\/kibrisdakik.com\\\/wp-content\\\/uploads\\\/2026\\\/08\\\/mha-sari-beyaz-7634.png\",\"datePublished\":\"2026-08-31T14:20:22+00:00\",\"breadcrumb\":{\"@id\":\"https:\\\/\\\/kibrisdakik.com\\\/?p=119584#breadcrumb\"},\"inLanguage\":\"tr\",\"potentialAction\":[{\"@type\":\"ReadAction\",\"target\":[\"https:\\\/\\\/kibrisdakik.com\\\/?p=119584\"]}]},{\"@type\":\"ImageObject\",\"inLanguage\":\"tr\",\"@id\":\"https:\\\/\\\/kibrisdakik.com\\\/?p=119584#primaryimage\",\"url\":\"https:\\\/\\\/kibrisdakik.com\\\/wp-content\\\/uploads\\\/2026\\\/08\\\/mha-sari-beyaz-7634.png\",\"contentUrl\":\"https:\\\/\\\/kibrisdakik.com\\\/wp-content\\\/uploads\\\/2026\\\/08\\\/mha-sari-beyaz-7634.png\",\"width\":1280,\"height\":720},{\"@type\":\"BreadcrumbList\",\"@id\":\"https:\\\/\\\/kibrisdakik.com\\\/?p=119584#breadcrumb\",\"itemListElement\":[{\"@type\":\"ListItem\",\"position\":1,\"name\":\"Home\",\"item\":\"https:\\\/\\\/kibrisdakik.com\\\/\"},{\"@type\":\"ListItem\",\"position\":2,\"name\":\"AKG\u00dcNLER 1 EYL\u00dcL\u2019DE SEFERLER\u0130NE BA\u015eLIYOR\"}]},{\"@type\":\"WebSite\",\"@id\":\"https:\\\/\\\/kibrisdakik.com\\\/#website\",\"url\":\"https:\\\/\\\/kibrisdakik.com\\\/\",\"name\":\"K\u0131br\u0131s Dakik\",\"description\":\"Tam vaktinde haber\",\"publisher\":{\"@id\":\"https:\\\/\\\/kibrisdakik.com\\\/#organization\"},\"potentialAction\":[{\"@type\":\"SearchAction\",\"target\":{\"@type\":\"EntryPoint\",\"urlTemplate\":\"https:\\\/\\\/kibrisdakik.com\\\/?s={search_term_string}\"},\"query-input\":{\"@type\":\"PropertyValueSpecification\",\"valueRequired\":true,\"valueName\":\"search_term_string\"}}],\"inLanguage\":\"tr\"},{\"@type\":\"Organization\",\"@id\":\"https:\\\/\\\/kibrisdakik.com\\\/#organization\",\"name\":\"K\u0131br\u0131s Dakik\",\"url\":\"https:\\\/\\\/kibrisdakik.com\\\/\",\"logo\":{\"@type\":\"ImageObject\",\"inLanguage\":\"tr\",\"@id\":\"https:\\\/\\\/kibrisdakik.com\\\/#\\\/schema\\\/logo\\\/image\\\/\",\"url\":\"https:\\\/\\\/kibrisdakik.com\\\/wp-content\\\/uploads\\\/2025\\\/10\\\/cropped-WhatsApp-Image-2025-10-02-at-12.58.31.jpeg\",\"contentUrl\":\"https:\\\/\\\/kibrisdakik.com\\\/wp-content\\\/uploads\\\/2025\\\/10\\\/cropped-WhatsApp-Image-2025-10-02-at-12.58.31.jpeg\",\"width\":1237,\"height\":190,\"caption\":\"K\u0131br\u0131s Dakik\"},\"image\":{\"@id\":\"https:\\\/\\\/kibrisdakik.com\\\/#\\\/schema\\\/logo\\\/image\\\/\"}},{\"@type\":\"Person\",\"@id\":\"https:\\\/\\\/kibrisdakik.com\\\/#\\\/schema\\\/person\\\/9cd9d437bbb44f72b73ba127e06d8e79\",\"name\":\"admin\",\"image\":{\"@type\":\"ImageObject\",\"inLanguage\":\"tr\",\"@id\":\"https:\\\/\\\/secure.gravatar.com\\\/avatar\\\/ccc17943b9d660506c869530f897617f7cb1c21a4bf30023f252596d83e1f007?s=96&d=mm&r=g\",\"url\":\"https:\\\/\\\/secure.gravatar.com\\\/avatar\\\/ccc17943b9d660506c869530f897617f7cb1c21a4bf30023f252596d83e1f007?s=96&d=mm&r=g\",\"contentUrl\":\"https:\\\/\\\/secure.gravatar.com\\\/avatar\\\/ccc17943b9d660506c869530f897617f7cb1c21a4bf30023f252596d83e1f007?s=96&d=mm&r=g\",\"caption\":\"admin\"},\"sameAs\":[\"https:\\\/\\\/kibrisdakik.com\"],\"url\":\"https:\\\/\\\/kibrisdakik.com\\\/?author=1\"}]}<\/script>\n<!-- \/ Yoast SEO plugin. -->","yoast_head_json":{"title":"AKG\u00dcNLER 1 EYL\u00dcL\u2019DE SEFERLER\u0130NE BA\u015eLIYOR -","robots":{"index":"index","follow":"follow","max-snippet":"max-snippet:-1","max-image-preview":"max-image-preview:large","max-video-preview":"max-video-preview:-1"},"canonical":"https:\/\/kibrisdakik.com\/?p=119584","og_locale":"tr_TR","og_type":"article","og_title":"AKG\u00dcNLER 1 EYL\u00dcL\u2019DE SEFERLER\u0130NE BA\u015eLIYOR -","og_description":"Bay\u0131nd\u0131rl\u0131k ve Ula\u015ft\u0131rma Bakanl\u0131\u011f\u0131, Girne a\u00e7\u0131klar\u0131nda ya\u015fanan gemi facias\u0131n\u0131n ard\u0131ndan KKTC ile T\u00fcrkiye aras\u0131ndaki deniz ve hava ula\u015f\u0131m\u0131na ili\u015fkin yeni d\u00fczenlemeleri a\u00e7\u0131klad\u0131. Bakanl\u0131ktan yap\u0131lan a\u00e7\u0131klamaya g\u00f6re, Akg\u00fcnler Denizcilik, Sahil G\u00fcvenlik Komutanl\u0131\u011f\u0131 taraf\u0131ndan belirlenecek rota do\u011frultusunda 1 Eyl\u00fcl 2026 tarihinden itibaren KKTC-T\u00fcrkiye seferlerine yeniden ba\u015flayacak. \u00d6te yandan Pegasus Havayollar\u0131 ve AJet Havayollar\u0131, ula\u015f\u0131mda ya\u015fanan yo\u011funlu\u011fun azalt\u0131lmas\u0131","og_url":"https:\/\/kibrisdakik.com\/?p=119584","article_published_time":"2026-08-31T14:20:22+00:00","og_image":[{"url":"https:\/\/mhahabercom.teimg.com\/crop\/1280x720\/mhahaber-com\/uploads\/2026\/08\/mha-sari-beyaz-7634.png","type":"","width":"","height":""}],"author":"admin","twitter_card":"summary_large_image","twitter_misc":{"Yazan:":"admin","Tahmini okuma s\u00fcresi":"1 dakika"},"schema":{"@context":"https:\/\/schema.org","@graph":[{"@type":"Article","@id":"https:\/\/kibrisdakik.com\/?p=119584#article","isPartOf":{"@id":"https:\/\/kibrisdakik.com\/?p=119584"},"author":{"name":"admin","@id":"https:\/\/kibrisdakik.com\/#\/schema\/person\/9cd9d437bbb44f72b73ba127e06d8e79"},"headline":"AKG\u00dcNLER 1 EYL\u00dcL\u2019DE SEFERLER\u0130NE BA\u015eLIYOR","datePublished":"2026-08-31T14:20:22+00:00","mainEntityOfPage":{"@id":"https:\/\/kibrisdakik.com\/?p=119584"},"wordCount":226,"commentCount":0,"publisher":{"@id":"https:\/\/kibrisdakik.com\/#organization"},"image":{"@id":"https:\/\/kibrisdakik.com\/?p=119584#primaryimage"},"thumbnailUrl":"https:\/\/kibrisdakik.com\/wp-content\/uploads\/2026\/08\/mha-sari-beyaz-7634.png","articleSection":["K\u0131br\u0131s"],"inLanguage":"tr","potentialAction":[{"@type":"CommentAction","name":"Comment","target":["https:\/\/kibrisdakik.com\/?p=119584#respond"]}]},{"@type":"WebPage","@id":"https:\/\/kibrisdakik.com\/?p=119584","url":"https:\/\/kibrisdakik.com\/?p=119584","name":"AKG\u00dcNLER 1 EYL\u00dcL\u2019DE SEFERLER\u0130NE BA\u015eLIYOR -","isPartOf":{"@id":"https:\/\/kibrisdakik.com\/#website"},"primaryImageOfPage":{"@id":"https:\/\/kibrisdakik.com\/?p=119584#primaryimage"},"image":{"@id":"https:\/\/kibrisdakik.com\/?p=119584#primaryimage"},"thumbnailUrl":"https:\/\/kibrisdakik.com\/wp-content\/uploads\/2026\/08\/mha-sari-beyaz-7634.png","datePublished":"2026-08-31T14:20:22+00:00","breadcrumb":{"@id":"https:\/\/kibrisdakik.com\/?p=119584#breadcrumb"},"inLanguage":"tr","potentialAction":[{"@type":"ReadAction","target":["https:\/\/kibrisdakik.com\/?p=119584"]}]},{"@type":"ImageObject","inLanguage":"tr","@id":"https:\/\/kibrisdakik.com\/?p=119584#primaryimage","url":"https:\/\/kibrisdakik.com\/wp-content\/uploads\/2026\/08\/mha-sari-beyaz-7634.png","contentUrl":"https:\/\/kibrisdakik.com\/wp-content\/uploads\/2026\/08\/mha-sari-beyaz-7634.png","width":1280,"height":720},{"@type":"BreadcrumbList","@id":"https:\/\/kibrisdakik.com\/?p=119584#breadcrumb","itemListElement":[{"@type":"ListItem","position":1,"name":"Home","item":"https:\/\/kibrisdakik.com\/"},{"@type":"ListItem","position":2,"name":"AKG\u00dcNLER 1 EYL\u00dcL\u2019DE SEFERLER\u0130NE BA\u015eLIYOR"}]},{"@type":"WebSite","@id":"https:\/\/kibrisdakik.com\/#website","url":"https:\/\/kibrisdakik.com\/","name":"K\u0131br\u0131s Dakik","description":"Tam vaktinde haber","publisher":{"@id":"https:\/\/kibrisdakik.com\/#organization"},"potentialAction":[{"@type":"SearchAction","target":{"@type":"EntryPoint","urlTemplate":"https:\/\/kibrisdakik.com\/?s={search_term_string}"},"query-input":{"@type":"PropertyValueSpecification","valueRequired":true,"valueName":"search_term_string"}}],"inLanguage":"tr"},{"@type":"Organization","@id":"https:\/\/kibrisdakik.com\/#organization","name":"K\u0131br\u0131s Dakik","url":"https:\/\/kibrisdakik.com\/","logo":{"@type":"ImageObject","inLanguage":"tr","@id":"https:\/\/kibrisdakik.com\/#\/schema\/logo\/image\/","url":"https:\/\/kibrisdakik.com\/wp-content\/uploads\/2025\/10\/cropped-WhatsApp-Image-2025-10-02-at-12.58.31.jpeg","contentUrl":"https:\/\/kibrisdakik.com\/wp-content\/uploads\/2025\/10\/cropped-WhatsApp-Image-2025-10-02-at-12.58.31.jpeg","width":1237,"height":190,"caption":"K\u0131br\u0131s Dakik"},"image":{"@id":"https:\/\/kibrisdakik.com\/#\/schema\/logo\/image\/"}},{"@type":"Person","@id":"https:\/\/kibrisdakik.com\/#\/schema\/person\/9cd9d437bbb44f72b73ba127e06d8e79","name":"admin","image":{"@type":"ImageObject","inLanguage":"tr","@id":"https:\/\/secure.gravatar.com\/avatar\/ccc17943b9d660506c869530f897617f7cb1c21a4bf30023f252596d83e1f007?s=96&d=mm&r=g","url":"https:\/\/secure.gravatar.com\/avatar\/ccc17943b9d660506c869530f897617f7cb1c21a4bf30023f252596d83e1f007?s=96&d=mm&r=g","contentUrl":"https:\/\/secure.gravatar.com\/avatar\/ccc17943b9d660506c869530f897617f7cb1c21a4bf30023f252596d83e1f007?s=96&d=mm&r=g","caption":"admin"},"sameAs":["https:\/\/kibrisdakik.com"],"url":"https:\/\/kibrisdakik.com\/?author=1"}]}},"_links":{"self":[{"href":"https:\/\/kibrisdakik.com\/index.php?rest_route=\/wp\/v2\/posts\/119584","targetHints":{"allow":["GET"]}}],"collection":[{"href":"https:\/\/kibrisdakik.com\/index.php?rest_route=\/wp\/v2\/posts"}],"about":[{"href":"https:\/\/kibrisdakik.com\/index.php?rest_route=\/wp\/v2\/types\/post"}],"author":[{"embeddable":true,"href":"https:\/\/kibrisdakik.com\/index.php?rest_route=\/wp\/v2\/users\/1"}],"replies":[{"embeddable":true,"href":"https:\/\/kibrisdakik.com\/index.php?rest_route=%2Fwp%2Fv2%2Fcomments&post=119584"}],"version-history":[{"count":0,"href":"https:\/\/kibrisdakik.com\/index.php?rest_route=\/wp\/v2\/posts\/119584\/revisions"}],"wp:featuredmedia":[{"embeddable":true,"href":"https:\/\/kibrisdakik.com\/index.php?rest_route=\/wp\/v2\/media\/119585"}],"wp:attachment":[{"href":"https:\/\/kibrisdakik.com\/index.php?rest_route=%2Fwp%2Fv2%2Fmedia&parent=119584"}],"wp:term":[{"taxonomy":"category","embeddable":true,"href":"https:\/\/kibrisdakik.com\/index.php?rest_route=%2Fwp%2Fv2%2Fcategories&post=119584"},{"taxonomy":"post_tag","embeddable":true,"href":"https:\/\/kibrisdakik.com\/index.php?rest_route=%2Fwp%2Fv2%2Ftags&post=119584"}],"curies":[{"name":"wp","href":"https:\/\/api.w.org\/{rel}","templated":true}]}}