{"id":119586,"date":"2026-08-31T17:50:55","date_gmt":"2026-08-31T14:50:55","guid":{"rendered":"https:\/\/kibrisdakik.com\/?p=119586"},"modified":"2026-08-31T17:50:55","modified_gmt":"2026-08-31T14:50:55","slug":"serdaroglu-yillarin-ihmali-ve-denetimsizligi-var","status":"publish","type":"post","link":"https:\/\/kibrisdakik.com\/?p=119586","title":{"rendered":"SERDARO\u011eLU: YILLARIN \u0130HMAL\u0130 VE DENET\u0130MS\u0130ZL\u0130\u011e\u0130 VAR"},"content":{"rendered":"<p><\/p>\n<p>H\u00fcr \u0130\u015f\u00e7i Sendikalar\u0131 Federasyonu (H\u00fcr-\u0130\u015f) ve Kamu H\u00fcr \u0130\u015f\u00e7i Sendikalar\u0131 Federasyonu (H\u00fcr-\u0130\u015f) ve Kamu \u0130\u015f\u00e7ileri Sendikas\u0131 (Kamu-\u0130\u015f) Ba\u015fkan\u0131 Ahmet Serdaro\u011flu, Girne a\u00e7\u0131klar\u0131nda ya\u015fanan gemi facias\u0131n\u0131 \u201cb\u00fcy\u00fck bir ihmal\u201d olarak nitelendirerek, sorumlulu\u011fun yaln\u0131zca gemi personeliyle s\u0131n\u0131rl\u0131 tutulamayaca\u011f\u0131n\u0131 savundu.<\/p>\n<p>H\u00fcr-\u0130\u015f\u2019ten yap\u0131lan a\u00e7\u0131klamaya g\u00f6re Serdaro\u011flu, Girne Liman\u0131\u2019nda kay\u0131p yak\u0131nlar\u0131 ile hayat\u0131n\u0131 kaybedenlerin aileleriyle bir araya geldi.<\/p>\n<div id=\"ad_121\" data-channel=\"121\" data-advert=\"temedya\" data-rotation=\"120\" class=\"mb-3 text-center\"><\/div>\n<div id=\"ad_121_mobile\" data-channel=\"121\" data-advert=\"temedya\" data-rotation=\"120\" class=\"mb-3 text-center\"><\/div>\n<p>Hayat\u0131n\u0131 kaybedenlerin yak\u0131nlar\u0131na ba\u015fsa\u011fl\u0131\u011f\u0131, kay\u0131p yak\u0131nlar\u0131na sab\u0131r dileyen Serdaro\u011flu, sendika olarak ailelerin yan\u0131nda olduklar\u0131n\u0131 belirtti.<\/p>\n<p>Serdaro\u011flu, h\u00fck\u00fcmetin de siyasi sorumluluk \u00fcstlenmesi gerekti\u011fini savunarak, ilgili y\u00f6neticileri istifaya \u00e7a\u011f\u0131rd\u0131.<\/p>\n<p>Facian\u0131n t\u00fcm y\u00f6nleriyle ara\u015ft\u0131r\u0131lmas\u0131 gerekti\u011fini ifade eden Serdaro\u011flu, geminin teknik durumu, ge\u00e7mi\u015fi, yap\u0131lan kontroller ve sefere \u00e7\u0131k\u0131\u015f\u0131na ili\u015fkin izin s\u00fcre\u00e7lerinin ayr\u0131nt\u0131l\u0131 \u015fekilde incelenmesi gerekti\u011fini savundu.<\/p>\n<p>Serdaro\u011flu, \u201cBu \u015firkete nas\u0131l yolcu ta\u015f\u0131ma izni verildi? Bu geminin bu \u015fartlarda denize \u00e7\u0131kmas\u0131na kim izin verdi?\u201d diye sorarak, geminin ge\u00e7mi\u015fine ve farkl\u0131 \u015firketler taraf\u0131ndan i\u015fletildi\u011fine ili\u015fkin iddialar\u0131n da ara\u015ft\u0131r\u0131lmas\u0131 gerekti\u011fini s\u00f6yledi.<\/p>\n<p>Ya\u015fananlar\u0131 \u201cy\u0131llar\u0131n ihmali, denetimsizli\u011fi ve ilgisizli\u011fi\u201d olarak nitelendiren Serdaro\u011flu, soru\u015fturman\u0131n kaptan ve \u00e7al\u0131\u015fanlarla s\u0131n\u0131rl\u0131 kalmamas\u0131, siyasi ve idari sorumlulu\u011fun da ortaya \u00e7\u0131kar\u0131lmas\u0131 gerekti\u011fini ileri s\u00fcrd\u00fc.<\/p>\n<p>Serdaro\u011flu, UBP-DP-YDP H\u00fck\u00fcmeti\u2019nin siyasi sorumluluk \u00fcstlenmesi gerekti\u011fini savunarak, ilgili y\u00f6neticileri istifaya \u00e7a\u011f\u0131rd\u0131.<\/p>\n<p>\u201cBu b\u00fcy\u00fck bir ihmaldir.\u201d diyen Serdaro\u011flu, denetim ve izin s\u00fcre\u00e7lerinde ihmali bulunanlar\u0131n belirlenerek adalet \u00f6n\u00fcnde hesap vermesi gerekti\u011fini ifade etti.<\/p>\n<p>Hayat\u0131n\u0131 kaybedenlerin ve kay\u0131plar\u0131n ailelerinin ya\u015fad\u0131\u011f\u0131 ac\u0131ya i\u015faret eden Serdaro\u011flu, \u201cBa\u015fka t\u00fcrl\u00fc bu insanlar\u0131m\u0131z\u0131n ac\u0131s\u0131 dinmez.\u201d dedi.<\/p>\n<p>H\u00fcr-\u0130\u015f ve Kamu-\u0130\u015f olarak facian\u0131n t\u00fcm y\u00f6nleriyle ayd\u0131nlat\u0131lmas\u0131n\u0131n takip\u00e7isi olacaklar\u0131n\u0131 belirten Serdaro\u011flu, \u201cBunlar\u0131n pe\u015fini b\u0131rakmayaca\u011f\u0131z. Hayat bu kadar basit de\u011fildir.\u201d ifadelerini kulland\u0131.<\/p>\n<p>Serdaro\u011flu ayr\u0131ca, arama kurtarma \u00e7al\u0131\u015fmalar\u0131na kat\u0131lan ekiplere, bal\u0131k\u00e7\u0131lara ve yard\u0131m \u00e7al\u0131\u015fmalar\u0131na destek verenlere te\u015fekk\u00fcr ederek, benzer olaylar\u0131n yeniden ya\u015fanmamas\u0131 i\u00e7in denetim ve sorumluluk mekanizmalar\u0131n\u0131n yeniden ele al\u0131nmas\u0131 gerekti\u011fini kaydetti.<\/p>\n<\/p>\n<div class=\"article-source py-3 small \">\n                <\/div>\n","protected":false},"excerpt":{"rendered":"<p>H\u00fcr \u0130\u015f\u00e7i Sendikalar\u0131 Federasyonu (H\u00fcr-\u0130\u015f) ve Kamu H\u00fcr \u0130\u015f\u00e7i Sendikalar\u0131 Federasyonu (H\u00fcr-\u0130\u015f) ve Kamu \u0130\u015f\u00e7ileri Sendikas\u0131 (Kamu-\u0130\u015f) Ba\u015fkan\u0131 Ahmet Serdaro\u011flu, Girne a\u00e7\u0131klar\u0131nda ya\u015fanan gemi facias\u0131n\u0131 \u201cb\u00fcy\u00fck bir ihmal\u201d olarak nitelendirerek, sorumlulu\u011fun yaln\u0131zca gemi personeliyle s\u0131n\u0131rl\u0131 tutulamayaca\u011f\u0131n\u0131 savundu. H\u00fcr-\u0130\u015f\u2019ten yap\u0131lan a\u00e7\u0131klamaya g\u00f6re Serdaro\u011flu, Girne Liman\u0131\u2019nda kay\u0131p yak\u0131nlar\u0131 ile hayat\u0131n\u0131 kaybedenlerin aileleriyle bir araya geldi. Hayat\u0131n\u0131 kaybedenlerin<\/p>\n","protected":false},"author":1,"featured_media":119587,"comment_status":"open","ping_status":"open","sticky":false,"template":"","format":"standard","meta":{"footnotes":""},"categories":[81],"tags":[],"class_list":["post-119586","post","type-post","status-publish","format-standard","has-post-thumbnail","hentry","category-kibris"],"yoast_head":"<!-- This site is optimized with the Yoast SEO plugin v28.3 - https:\/\/yoast.com\/product\/yoast-seo-wordpress\/ -->\n<title>SERDARO\u011eLU: YILLARIN \u0130HMAL\u0130 VE DENET\u0130MS\u0130ZL\u0130\u011e\u0130 VAR -<\/title>\n<meta name=\"robots\" content=\"index, follow, max-snippet:-1, max-image-preview:large, max-video-preview:-1\" \/>\n<link rel=\"canonical\" href=\"https:\/\/kibrisdakik.com\/?p=119586\" \/>\n<meta property=\"og:locale\" content=\"tr_TR\" \/>\n<meta property=\"og:type\" content=\"article\" \/>\n<meta property=\"og:title\" content=\"SERDARO\u011eLU: YILLARIN \u0130HMAL\u0130 VE DENET\u0130MS\u0130ZL\u0130\u011e\u0130 VAR -\" \/>\n<meta property=\"og:description\" content=\"H\u00fcr \u0130\u015f\u00e7i Sendikalar\u0131 Federasyonu (H\u00fcr-\u0130\u015f) ve Kamu H\u00fcr \u0130\u015f\u00e7i Sendikalar\u0131 Federasyonu (H\u00fcr-\u0130\u015f) ve Kamu \u0130\u015f\u00e7ileri Sendikas\u0131 (Kamu-\u0130\u015f) Ba\u015fkan\u0131 Ahmet Serdaro\u011flu, Girne a\u00e7\u0131klar\u0131nda ya\u015fanan gemi facias\u0131n\u0131 \u201cb\u00fcy\u00fck bir ihmal\u201d olarak nitelendirerek, sorumlulu\u011fun yaln\u0131zca gemi personeliyle s\u0131n\u0131rl\u0131 tutulamayaca\u011f\u0131n\u0131 savundu. H\u00fcr-\u0130\u015f\u2019ten yap\u0131lan a\u00e7\u0131klamaya g\u00f6re Serdaro\u011flu, Girne Liman\u0131\u2019nda kay\u0131p yak\u0131nlar\u0131 ile hayat\u0131n\u0131 kaybedenlerin aileleriyle bir araya geldi. Hayat\u0131n\u0131 kaybedenlerin\" \/>\n<meta property=\"og:url\" content=\"https:\/\/kibrisdakik.com\/?p=119586\" \/>\n<meta property=\"article:published_time\" content=\"2026-08-31T14:50:55+00:00\" \/>\n<meta property=\"og:image\" content=\"https:\/\/mhahabercom.teimg.com\/crop\/1280x720\/mhahaber-com\/uploads\/2026\/08\/mha-sari-beyaz-7635.png\" \/>\n<meta name=\"author\" content=\"admin\" \/>\n<meta name=\"twitter:card\" content=\"summary_large_image\" \/>\n<meta name=\"twitter:label1\" content=\"Yazan:\" \/>\n\t<meta name=\"twitter:data1\" content=\"admin\" \/>\n\t<meta name=\"twitter:label2\" content=\"Tahmini okuma s\u00fcresi\" \/>\n\t<meta name=\"twitter:data2\" content=\"2 dakika\" \/>\n<script type=\"application\/ld+json\" class=\"yoast-schema-graph\">{\"@context\":\"https:\\\/\\\/schema.org\",\"@graph\":[{\"@type\":\"Article\",\"@id\":\"https:\\\/\\\/kibrisdakik.com\\\/?p=119586#article\",\"isPartOf\":{\"@id\":\"https:\\\/\\\/kibrisdakik.com\\\/?p=119586\"},\"author\":{\"name\":\"admin\",\"@id\":\"https:\\\/\\\/kibrisdakik.com\\\/#\\\/schema\\\/person\\\/9cd9d437bbb44f72b73ba127e06d8e79\"},\"headline\":\"SERDARO\u011eLU: YILLARIN \u0130HMAL\u0130 VE DENET\u0130MS\u0130ZL\u0130\u011e\u0130 VAR\",\"datePublished\":\"2026-08-31T14:50:55+00:00\",\"mainEntityOfPage\":{\"@id\":\"https:\\\/\\\/kibrisdakik.com\\\/?p=119586\"},\"wordCount\":428,\"commentCount\":0,\"publisher\":{\"@id\":\"https:\\\/\\\/kibrisdakik.com\\\/#organization\"},\"image\":{\"@id\":\"https:\\\/\\\/kibrisdakik.com\\\/?p=119586#primaryimage\"},\"thumbnailUrl\":\"https:\\\/\\\/kibrisdakik.com\\\/wp-content\\\/uploads\\\/2026\\\/08\\\/mha-sari-beyaz-7635.png\",\"articleSection\":[\"K\u0131br\u0131s\"],\"inLanguage\":\"tr\",\"potentialAction\":[{\"@type\":\"CommentAction\",\"name\":\"Comment\",\"target\":[\"https:\\\/\\\/kibrisdakik.com\\\/?p=119586#respond\"]}]},{\"@type\":\"WebPage\",\"@id\":\"https:\\\/\\\/kibrisdakik.com\\\/?p=119586\",\"url\":\"https:\\\/\\\/kibrisdakik.com\\\/?p=119586\",\"name\":\"SERDARO\u011eLU: YILLARIN \u0130HMAL\u0130 VE DENET\u0130MS\u0130ZL\u0130\u011e\u0130 VAR -\",\"isPartOf\":{\"@id\":\"https:\\\/\\\/kibrisdakik.com\\\/#website\"},\"primaryImageOfPage\":{\"@id\":\"https:\\\/\\\/kibrisdakik.com\\\/?p=119586#primaryimage\"},\"image\":{\"@id\":\"https:\\\/\\\/kibrisdakik.com\\\/?p=119586#primaryimage\"},\"thumbnailUrl\":\"https:\\\/\\\/kibrisdakik.com\\\/wp-content\\\/uploads\\\/2026\\\/08\\\/mha-sari-beyaz-7635.png\",\"datePublished\":\"2026-08-31T14:50:55+00:00\",\"breadcrumb\":{\"@id\":\"https:\\\/\\\/kibrisdakik.com\\\/?p=119586#breadcrumb\"},\"inLanguage\":\"tr\",\"potentialAction\":[{\"@type\":\"ReadAction\",\"target\":[\"https:\\\/\\\/kibrisdakik.com\\\/?p=119586\"]}]},{\"@type\":\"ImageObject\",\"inLanguage\":\"tr\",\"@id\":\"https:\\\/\\\/kibrisdakik.com\\\/?p=119586#primaryimage\",\"url\":\"https:\\\/\\\/kibrisdakik.com\\\/wp-content\\\/uploads\\\/2026\\\/08\\\/mha-sari-beyaz-7635.png\",\"contentUrl\":\"https:\\\/\\\/kibrisdakik.com\\\/wp-content\\\/uploads\\\/2026\\\/08\\\/mha-sari-beyaz-7635.png\",\"width\":1280,\"height\":720},{\"@type\":\"BreadcrumbList\",\"@id\":\"https:\\\/\\\/kibrisdakik.com\\\/?p=119586#breadcrumb\",\"itemListElement\":[{\"@type\":\"ListItem\",\"position\":1,\"name\":\"Home\",\"item\":\"https:\\\/\\\/kibrisdakik.com\\\/\"},{\"@type\":\"ListItem\",\"position\":2,\"name\":\"SERDARO\u011eLU: YILLARIN \u0130HMAL\u0130 VE DENET\u0130MS\u0130ZL\u0130\u011e\u0130 VAR\"}]},{\"@type\":\"WebSite\",\"@id\":\"https:\\\/\\\/kibrisdakik.com\\\/#website\",\"url\":\"https:\\\/\\\/kibrisdakik.com\\\/\",\"name\":\"K\u0131br\u0131s Dakik\",\"description\":\"Tam vaktinde haber\",\"publisher\":{\"@id\":\"https:\\\/\\\/kibrisdakik.com\\\/#organization\"},\"potentialAction\":[{\"@type\":\"SearchAction\",\"target\":{\"@type\":\"EntryPoint\",\"urlTemplate\":\"https:\\\/\\\/kibrisdakik.com\\\/?s={search_term_string}\"},\"query-input\":{\"@type\":\"PropertyValueSpecification\",\"valueRequired\":true,\"valueName\":\"search_term_string\"}}],\"inLanguage\":\"tr\"},{\"@type\":\"Organization\",\"@id\":\"https:\\\/\\\/kibrisdakik.com\\\/#organization\",\"name\":\"K\u0131br\u0131s Dakik\",\"url\":\"https:\\\/\\\/kibrisdakik.com\\\/\",\"logo\":{\"@type\":\"ImageObject\",\"inLanguage\":\"tr\",\"@id\":\"https:\\\/\\\/kibrisdakik.com\\\/#\\\/schema\\\/logo\\\/image\\\/\",\"url\":\"https:\\\/\\\/kibrisdakik.com\\\/wp-content\\\/uploads\\\/2025\\\/10\\\/cropped-WhatsApp-Image-2025-10-02-at-12.58.31.jpeg\",\"contentUrl\":\"https:\\\/\\\/kibrisdakik.com\\\/wp-content\\\/uploads\\\/2025\\\/10\\\/cropped-WhatsApp-Image-2025-10-02-at-12.58.31.jpeg\",\"width\":1237,\"height\":190,\"caption\":\"K\u0131br\u0131s Dakik\"},\"image\":{\"@id\":\"https:\\\/\\\/kibrisdakik.com\\\/#\\\/schema\\\/logo\\\/image\\\/\"}},{\"@type\":\"Person\",\"@id\":\"https:\\\/\\\/kibrisdakik.com\\\/#\\\/schema\\\/person\\\/9cd9d437bbb44f72b73ba127e06d8e79\",\"name\":\"admin\",\"image\":{\"@type\":\"ImageObject\",\"inLanguage\":\"tr\",\"@id\":\"https:\\\/\\\/secure.gravatar.com\\\/avatar\\\/ccc17943b9d660506c869530f897617f7cb1c21a4bf30023f252596d83e1f007?s=96&d=mm&r=g\",\"url\":\"https:\\\/\\\/secure.gravatar.com\\\/avatar\\\/ccc17943b9d660506c869530f897617f7cb1c21a4bf30023f252596d83e1f007?s=96&d=mm&r=g\",\"contentUrl\":\"https:\\\/\\\/secure.gravatar.com\\\/avatar\\\/ccc17943b9d660506c869530f897617f7cb1c21a4bf30023f252596d83e1f007?s=96&d=mm&r=g\",\"caption\":\"admin\"},\"sameAs\":[\"https:\\\/\\\/kibrisdakik.com\"],\"url\":\"https:\\\/\\\/kibrisdakik.com\\\/?author=1\"}]}<\/script>\n<!-- \/ Yoast SEO plugin. -->","yoast_head_json":{"title":"SERDARO\u011eLU: YILLARIN \u0130HMAL\u0130 VE DENET\u0130MS\u0130ZL\u0130\u011e\u0130 VAR -","robots":{"index":"index","follow":"follow","max-snippet":"max-snippet:-1","max-image-preview":"max-image-preview:large","max-video-preview":"max-video-preview:-1"},"canonical":"https:\/\/kibrisdakik.com\/?p=119586","og_locale":"tr_TR","og_type":"article","og_title":"SERDARO\u011eLU: YILLARIN \u0130HMAL\u0130 VE DENET\u0130MS\u0130ZL\u0130\u011e\u0130 VAR -","og_description":"H\u00fcr \u0130\u015f\u00e7i Sendikalar\u0131 Federasyonu (H\u00fcr-\u0130\u015f) ve Kamu H\u00fcr \u0130\u015f\u00e7i Sendikalar\u0131 Federasyonu (H\u00fcr-\u0130\u015f) ve Kamu \u0130\u015f\u00e7ileri Sendikas\u0131 (Kamu-\u0130\u015f) Ba\u015fkan\u0131 Ahmet Serdaro\u011flu, Girne a\u00e7\u0131klar\u0131nda ya\u015fanan gemi facias\u0131n\u0131 \u201cb\u00fcy\u00fck bir ihmal\u201d olarak nitelendirerek, sorumlulu\u011fun yaln\u0131zca gemi personeliyle s\u0131n\u0131rl\u0131 tutulamayaca\u011f\u0131n\u0131 savundu. H\u00fcr-\u0130\u015f\u2019ten yap\u0131lan a\u00e7\u0131klamaya g\u00f6re Serdaro\u011flu, Girne Liman\u0131\u2019nda kay\u0131p yak\u0131nlar\u0131 ile hayat\u0131n\u0131 kaybedenlerin aileleriyle bir araya geldi. Hayat\u0131n\u0131 kaybedenlerin","og_url":"https:\/\/kibrisdakik.com\/?p=119586","article_published_time":"2026-08-31T14:50:55+00:00","og_image":[{"url":"https:\/\/mhahabercom.teimg.com\/crop\/1280x720\/mhahaber-com\/uploads\/2026\/08\/mha-sari-beyaz-7635.png","type":"","width":"","height":""}],"author":"admin","twitter_card":"summary_large_image","twitter_misc":{"Yazan:":"admin","Tahmini okuma s\u00fcresi":"2 dakika"},"schema":{"@context":"https:\/\/schema.org","@graph":[{"@type":"Article","@id":"https:\/\/kibrisdakik.com\/?p=119586#article","isPartOf":{"@id":"https:\/\/kibrisdakik.com\/?p=119586"},"author":{"name":"admin","@id":"https:\/\/kibrisdakik.com\/#\/schema\/person\/9cd9d437bbb44f72b73ba127e06d8e79"},"headline":"SERDARO\u011eLU: YILLARIN \u0130HMAL\u0130 VE DENET\u0130MS\u0130ZL\u0130\u011e\u0130 VAR","datePublished":"2026-08-31T14:50:55+00:00","mainEntityOfPage":{"@id":"https:\/\/kibrisdakik.com\/?p=119586"},"wordCount":428,"commentCount":0,"publisher":{"@id":"https:\/\/kibrisdakik.com\/#organization"},"image":{"@id":"https:\/\/kibrisdakik.com\/?p=119586#primaryimage"},"thumbnailUrl":"https:\/\/kibrisdakik.com\/wp-content\/uploads\/2026\/08\/mha-sari-beyaz-7635.png","articleSection":["K\u0131br\u0131s"],"inLanguage":"tr","potentialAction":[{"@type":"CommentAction","name":"Comment","target":["https:\/\/kibrisdakik.com\/?p=119586#respond"]}]},{"@type":"WebPage","@id":"https:\/\/kibrisdakik.com\/?p=119586","url":"https:\/\/kibrisdakik.com\/?p=119586","name":"SERDARO\u011eLU: YILLARIN \u0130HMAL\u0130 VE DENET\u0130MS\u0130ZL\u0130\u011e\u0130 VAR -","isPartOf":{"@id":"https:\/\/kibrisdakik.com\/#website"},"primaryImageOfPage":{"@id":"https:\/\/kibrisdakik.com\/?p=119586#primaryimage"},"image":{"@id":"https:\/\/kibrisdakik.com\/?p=119586#primaryimage"},"thumbnailUrl":"https:\/\/kibrisdakik.com\/wp-content\/uploads\/2026\/08\/mha-sari-beyaz-7635.png","datePublished":"2026-08-31T14:50:55+00:00","breadcrumb":{"@id":"https:\/\/kibrisdakik.com\/?p=119586#breadcrumb"},"inLanguage":"tr","potentialAction":[{"@type":"ReadAction","target":["https:\/\/kibrisdakik.com\/?p=119586"]}]},{"@type":"ImageObject","inLanguage":"tr","@id":"https:\/\/kibrisdakik.com\/?p=119586#primaryimage","url":"https:\/\/kibrisdakik.com\/wp-content\/uploads\/2026\/08\/mha-sari-beyaz-7635.png","contentUrl":"https:\/\/kibrisdakik.com\/wp-content\/uploads\/2026\/08\/mha-sari-beyaz-7635.png","width":1280,"height":720},{"@type":"BreadcrumbList","@id":"https:\/\/kibrisdakik.com\/?p=119586#breadcrumb","itemListElement":[{"@type":"ListItem","position":1,"name":"Home","item":"https:\/\/kibrisdakik.com\/"},{"@type":"ListItem","position":2,"name":"SERDARO\u011eLU: YILLARIN \u0130HMAL\u0130 VE DENET\u0130MS\u0130ZL\u0130\u011e\u0130 VAR"}]},{"@type":"WebSite","@id":"https:\/\/kibrisdakik.com\/#website","url":"https:\/\/kibrisdakik.com\/","name":"K\u0131br\u0131s Dakik","description":"Tam vaktinde haber","publisher":{"@id":"https:\/\/kibrisdakik.com\/#organization"},"potentialAction":[{"@type":"SearchAction","target":{"@type":"EntryPoint","urlTemplate":"https:\/\/kibrisdakik.com\/?s={search_term_string}"},"query-input":{"@type":"PropertyValueSpecification","valueRequired":true,"valueName":"search_term_string"}}],"inLanguage":"tr"},{"@type":"Organization","@id":"https:\/\/kibrisdakik.com\/#organization","name":"K\u0131br\u0131s Dakik","url":"https:\/\/kibrisdakik.com\/","logo":{"@type":"ImageObject","inLanguage":"tr","@id":"https:\/\/kibrisdakik.com\/#\/schema\/logo\/image\/","url":"https:\/\/kibrisdakik.com\/wp-content\/uploads\/2025\/10\/cropped-WhatsApp-Image-2025-10-02-at-12.58.31.jpeg","contentUrl":"https:\/\/kibrisdakik.com\/wp-content\/uploads\/2025\/10\/cropped-WhatsApp-Image-2025-10-02-at-12.58.31.jpeg","width":1237,"height":190,"caption":"K\u0131br\u0131s Dakik"},"image":{"@id":"https:\/\/kibrisdakik.com\/#\/schema\/logo\/image\/"}},{"@type":"Person","@id":"https:\/\/kibrisdakik.com\/#\/schema\/person\/9cd9d437bbb44f72b73ba127e06d8e79","name":"admin","image":{"@type":"ImageObject","inLanguage":"tr","@id":"https:\/\/secure.gravatar.com\/avatar\/ccc17943b9d660506c869530f897617f7cb1c21a4bf30023f252596d83e1f007?s=96&d=mm&r=g","url":"https:\/\/secure.gravatar.com\/avatar\/ccc17943b9d660506c869530f897617f7cb1c21a4bf30023f252596d83e1f007?s=96&d=mm&r=g","contentUrl":"https:\/\/secure.gravatar.com\/avatar\/ccc17943b9d660506c869530f897617f7cb1c21a4bf30023f252596d83e1f007?s=96&d=mm&r=g","caption":"admin"},"sameAs":["https:\/\/kibrisdakik.com"],"url":"https:\/\/kibrisdakik.com\/?author=1"}]}},"_links":{"self":[{"href":"https:\/\/kibrisdakik.com\/index.php?rest_route=\/wp\/v2\/posts\/119586","targetHints":{"allow":["GET"]}}],"collection":[{"href":"https:\/\/kibrisdakik.com\/index.php?rest_route=\/wp\/v2\/posts"}],"about":[{"href":"https:\/\/kibrisdakik.com\/index.php?rest_route=\/wp\/v2\/types\/post"}],"author":[{"embeddable":true,"href":"https:\/\/kibrisdakik.com\/index.php?rest_route=\/wp\/v2\/users\/1"}],"replies":[{"embeddable":true,"href":"https:\/\/kibrisdakik.com\/index.php?rest_route=%2Fwp%2Fv2%2Fcomments&post=119586"}],"version-history":[{"count":0,"href":"https:\/\/kibrisdakik.com\/index.php?rest_route=\/wp\/v2\/posts\/119586\/revisions"}],"wp:featuredmedia":[{"embeddable":true,"href":"https:\/\/kibrisdakik.com\/index.php?rest_route=\/wp\/v2\/media\/119587"}],"wp:attachment":[{"href":"https:\/\/kibrisdakik.com\/index.php?rest_route=%2Fwp%2Fv2%2Fmedia&parent=119586"}],"wp:term":[{"taxonomy":"category","embeddable":true,"href":"https:\/\/kibrisdakik.com\/index.php?rest_route=%2Fwp%2Fv2%2Fcategories&post=119586"},{"taxonomy":"post_tag","embeddable":true,"href":"https:\/\/kibrisdakik.com\/index.php?rest_route=%2Fwp%2Fv2%2Ftags&post=119586"}],"curies":[{"name":"wp","href":"https:\/\/api.w.org\/{rel}","templated":true}]}}