{"id":119588,"date":"2026-08-31T19:06:53","date_gmt":"2026-08-31T16:06:53","guid":{"rendered":"https:\/\/kibrisdakik.com\/?p=119588"},"modified":"2026-08-31T19:06:53","modified_gmt":"2026-08-31T16:06:53","slug":"gemi-faciasinda-tutuklu-sayisi-14e-yukseldi","status":"publish","type":"post","link":"https:\/\/kibrisdakik.com\/?p=119588","title":{"rendered":"GEM\u0130 FAC\u0130ASINDA TUTUKLU SAYISI 14\u2019E Y\u00dcKSELD\u0130"},"content":{"rendered":"<p><\/p>\n<p>Girne a\u00e7\u0131klar\u0131nda 8 ki\u015finin hayat\u0131n\u0131 kaybetti\u011fi yolcu gemisinin batmas\u0131yla ilgili y\u00fcr\u00fct\u00fclen soru\u015fturma kapsam\u0131nda, aralar\u0131nda gemi kaptan\u0131, m\u00fcrettebat ve \u015firket yetkililerinin de bulundu\u011fu 14 ki\u015fi tutukland\u0131.<\/p>\n<div id=\"ad_121\" data-channel=\"121\" data-advert=\"temedya\" data-rotation=\"120\" class=\"mb-3 text-center\"><\/div>\n<div id=\"ad_121_mobile\" data-channel=\"121\" data-advert=\"temedya\" data-rotation=\"120\" class=\"mb-3 text-center\"><\/div>\n<p>267 ki\u015finin bulundu\u011fu gemi kazas\u0131nda 241 ki\u015fi sa\u011f olarak kurtar\u0131l\u0131rken, 8 ki\u015fi hayat\u0131n\u0131 kaybetti. Kay\u0131p 18 ki\u015fi i\u00e7in arama-kurtarma \u00e7al\u0131\u015fmalar\u0131 ise s\u00fcr\u00fcyor.<\/p>\n<p>Arama-kurtarma \u00e7al\u0131\u015fmalar\u0131na T\u00fcrkiye\u2019den g\u00f6nderilen 2 \u0130HA ve bir CASA tipi u\u00e7ak da destek veriyor.<\/p>\n<p>Kazayla ilgili adli soru\u015fturma devam ederken, yetkililer kay\u0131p ki\u015filere ula\u015f\u0131lmas\u0131 i\u00e7in deniz ve havadan y\u00fcr\u00fct\u00fclen \u00e7al\u0131\u015fmalar\u0131n s\u00fcrd\u00fcr\u00fcld\u00fc\u011f\u00fcn\u00fc bildirdi.<\/p>\n<\/p>\n<div class=\"article-source py-3 small \">\n                <\/div>\n","protected":false},"excerpt":{"rendered":"<p>Girne a\u00e7\u0131klar\u0131nda 8 ki\u015finin hayat\u0131n\u0131 kaybetti\u011fi yolcu gemisinin batmas\u0131yla ilgili y\u00fcr\u00fct\u00fclen soru\u015fturma kapsam\u0131nda, aralar\u0131nda gemi kaptan\u0131, m\u00fcrettebat ve \u015firket yetkililerinin de bulundu\u011fu 14 ki\u015fi tutukland\u0131. 267 ki\u015finin bulundu\u011fu gemi kazas\u0131nda 241 ki\u015fi sa\u011f olarak kurtar\u0131l\u0131rken, 8 ki\u015fi hayat\u0131n\u0131 kaybetti. Kay\u0131p 18 ki\u015fi i\u00e7in arama-kurtarma \u00e7al\u0131\u015fmalar\u0131 ise s\u00fcr\u00fcyor. Arama-kurtarma \u00e7al\u0131\u015fmalar\u0131na T\u00fcrkiye\u2019den g\u00f6nderilen 2 \u0130HA ve bir<\/p>\n","protected":false},"author":1,"featured_media":119589,"comment_status":"open","ping_status":"open","sticky":false,"template":"","format":"standard","meta":{"footnotes":""},"categories":[81],"tags":[],"class_list":["post-119588","post","type-post","status-publish","format-standard","has-post-thumbnail","hentry","category-kibris"],"yoast_head":"<!-- This site is optimized with the Yoast SEO plugin v28.3 - https:\/\/yoast.com\/product\/yoast-seo-wordpress\/ -->\n<title>GEM\u0130 FAC\u0130ASINDA TUTUKLU SAYISI 14\u2019E Y\u00dcKSELD\u0130 -<\/title>\n<meta name=\"robots\" content=\"index, follow, max-snippet:-1, max-image-preview:large, max-video-preview:-1\" \/>\n<link rel=\"canonical\" href=\"https:\/\/kibrisdakik.com\/?p=119588\" \/>\n<meta property=\"og:locale\" content=\"tr_TR\" \/>\n<meta property=\"og:type\" content=\"article\" \/>\n<meta property=\"og:title\" content=\"GEM\u0130 FAC\u0130ASINDA TUTUKLU SAYISI 14\u2019E Y\u00dcKSELD\u0130 -\" \/>\n<meta property=\"og:description\" content=\"Girne a\u00e7\u0131klar\u0131nda 8 ki\u015finin hayat\u0131n\u0131 kaybetti\u011fi yolcu gemisinin batmas\u0131yla ilgili y\u00fcr\u00fct\u00fclen soru\u015fturma kapsam\u0131nda, aralar\u0131nda gemi kaptan\u0131, m\u00fcrettebat ve \u015firket yetkililerinin de bulundu\u011fu 14 ki\u015fi tutukland\u0131. 267 ki\u015finin bulundu\u011fu gemi kazas\u0131nda 241 ki\u015fi sa\u011f olarak kurtar\u0131l\u0131rken, 8 ki\u015fi hayat\u0131n\u0131 kaybetti. Kay\u0131p 18 ki\u015fi i\u00e7in arama-kurtarma \u00e7al\u0131\u015fmalar\u0131 ise s\u00fcr\u00fcyor. Arama-kurtarma \u00e7al\u0131\u015fmalar\u0131na T\u00fcrkiye\u2019den g\u00f6nderilen 2 \u0130HA ve bir\" \/>\n<meta property=\"og:url\" content=\"https:\/\/kibrisdakik.com\/?p=119588\" \/>\n<meta property=\"article:published_time\" content=\"2026-08-31T16:06:53+00:00\" \/>\n<meta property=\"og:image\" content=\"https:\/\/mhahabercom.teimg.com\/crop\/1280x720\/mhahaber-com\/uploads\/2026\/08\/mha-sari-beyaz-7636.png\" \/>\n<meta name=\"author\" content=\"admin\" \/>\n<meta name=\"twitter:card\" content=\"summary_large_image\" \/>\n<meta name=\"twitter:label1\" content=\"Yazan:\" \/>\n\t<meta name=\"twitter:data1\" content=\"admin\" \/>\n\t<meta name=\"twitter:label2\" content=\"Tahmini okuma s\u00fcresi\" \/>\n\t<meta name=\"twitter:data2\" content=\"1 dakika\" \/>\n<script type=\"application\/ld+json\" class=\"yoast-schema-graph\">{\"@context\":\"https:\\\/\\\/schema.org\",\"@graph\":[{\"@type\":\"Article\",\"@id\":\"https:\\\/\\\/kibrisdakik.com\\\/?p=119588#article\",\"isPartOf\":{\"@id\":\"https:\\\/\\\/kibrisdakik.com\\\/?p=119588\"},\"author\":{\"name\":\"admin\",\"@id\":\"https:\\\/\\\/kibrisdakik.com\\\/#\\\/schema\\\/person\\\/9cd9d437bbb44f72b73ba127e06d8e79\"},\"headline\":\"GEM\u0130 FAC\u0130ASINDA TUTUKLU SAYISI 14\u2019E Y\u00dcKSELD\u0130\",\"datePublished\":\"2026-08-31T16:06:53+00:00\",\"mainEntityOfPage\":{\"@id\":\"https:\\\/\\\/kibrisdakik.com\\\/?p=119588\"},\"wordCount\":129,\"commentCount\":0,\"publisher\":{\"@id\":\"https:\\\/\\\/kibrisdakik.com\\\/#organization\"},\"image\":{\"@id\":\"https:\\\/\\\/kibrisdakik.com\\\/?p=119588#primaryimage\"},\"thumbnailUrl\":\"https:\\\/\\\/kibrisdakik.com\\\/wp-content\\\/uploads\\\/2026\\\/08\\\/mha-sari-beyaz-7636.png\",\"articleSection\":[\"K\u0131br\u0131s\"],\"inLanguage\":\"tr\",\"potentialAction\":[{\"@type\":\"CommentAction\",\"name\":\"Comment\",\"target\":[\"https:\\\/\\\/kibrisdakik.com\\\/?p=119588#respond\"]}]},{\"@type\":\"WebPage\",\"@id\":\"https:\\\/\\\/kibrisdakik.com\\\/?p=119588\",\"url\":\"https:\\\/\\\/kibrisdakik.com\\\/?p=119588\",\"name\":\"GEM\u0130 FAC\u0130ASINDA TUTUKLU SAYISI 14\u2019E Y\u00dcKSELD\u0130 -\",\"isPartOf\":{\"@id\":\"https:\\\/\\\/kibrisdakik.com\\\/#website\"},\"primaryImageOfPage\":{\"@id\":\"https:\\\/\\\/kibrisdakik.com\\\/?p=119588#primaryimage\"},\"image\":{\"@id\":\"https:\\\/\\\/kibrisdakik.com\\\/?p=119588#primaryimage\"},\"thumbnailUrl\":\"https:\\\/\\\/kibrisdakik.com\\\/wp-content\\\/uploads\\\/2026\\\/08\\\/mha-sari-beyaz-7636.png\",\"datePublished\":\"2026-08-31T16:06:53+00:00\",\"breadcrumb\":{\"@id\":\"https:\\\/\\\/kibrisdakik.com\\\/?p=119588#breadcrumb\"},\"inLanguage\":\"tr\",\"potentialAction\":[{\"@type\":\"ReadAction\",\"target\":[\"https:\\\/\\\/kibrisdakik.com\\\/?p=119588\"]}]},{\"@type\":\"ImageObject\",\"inLanguage\":\"tr\",\"@id\":\"https:\\\/\\\/kibrisdakik.com\\\/?p=119588#primaryimage\",\"url\":\"https:\\\/\\\/kibrisdakik.com\\\/wp-content\\\/uploads\\\/2026\\\/08\\\/mha-sari-beyaz-7636.png\",\"contentUrl\":\"https:\\\/\\\/kibrisdakik.com\\\/wp-content\\\/uploads\\\/2026\\\/08\\\/mha-sari-beyaz-7636.png\",\"width\":1280,\"height\":720},{\"@type\":\"BreadcrumbList\",\"@id\":\"https:\\\/\\\/kibrisdakik.com\\\/?p=119588#breadcrumb\",\"itemListElement\":[{\"@type\":\"ListItem\",\"position\":1,\"name\":\"Home\",\"item\":\"https:\\\/\\\/kibrisdakik.com\\\/\"},{\"@type\":\"ListItem\",\"position\":2,\"name\":\"GEM\u0130 FAC\u0130ASINDA TUTUKLU SAYISI 14\u2019E Y\u00dcKSELD\u0130\"}]},{\"@type\":\"WebSite\",\"@id\":\"https:\\\/\\\/kibrisdakik.com\\\/#website\",\"url\":\"https:\\\/\\\/kibrisdakik.com\\\/\",\"name\":\"K\u0131br\u0131s Dakik\",\"description\":\"Tam vaktinde haber\",\"publisher\":{\"@id\":\"https:\\\/\\\/kibrisdakik.com\\\/#organization\"},\"potentialAction\":[{\"@type\":\"SearchAction\",\"target\":{\"@type\":\"EntryPoint\",\"urlTemplate\":\"https:\\\/\\\/kibrisdakik.com\\\/?s={search_term_string}\"},\"query-input\":{\"@type\":\"PropertyValueSpecification\",\"valueRequired\":true,\"valueName\":\"search_term_string\"}}],\"inLanguage\":\"tr\"},{\"@type\":\"Organization\",\"@id\":\"https:\\\/\\\/kibrisdakik.com\\\/#organization\",\"name\":\"K\u0131br\u0131s Dakik\",\"url\":\"https:\\\/\\\/kibrisdakik.com\\\/\",\"logo\":{\"@type\":\"ImageObject\",\"inLanguage\":\"tr\",\"@id\":\"https:\\\/\\\/kibrisdakik.com\\\/#\\\/schema\\\/logo\\\/image\\\/\",\"url\":\"https:\\\/\\\/kibrisdakik.com\\\/wp-content\\\/uploads\\\/2025\\\/10\\\/cropped-WhatsApp-Image-2025-10-02-at-12.58.31.jpeg\",\"contentUrl\":\"https:\\\/\\\/kibrisdakik.com\\\/wp-content\\\/uploads\\\/2025\\\/10\\\/cropped-WhatsApp-Image-2025-10-02-at-12.58.31.jpeg\",\"width\":1237,\"height\":190,\"caption\":\"K\u0131br\u0131s Dakik\"},\"image\":{\"@id\":\"https:\\\/\\\/kibrisdakik.com\\\/#\\\/schema\\\/logo\\\/image\\\/\"}},{\"@type\":\"Person\",\"@id\":\"https:\\\/\\\/kibrisdakik.com\\\/#\\\/schema\\\/person\\\/9cd9d437bbb44f72b73ba127e06d8e79\",\"name\":\"admin\",\"image\":{\"@type\":\"ImageObject\",\"inLanguage\":\"tr\",\"@id\":\"https:\\\/\\\/secure.gravatar.com\\\/avatar\\\/ccc17943b9d660506c869530f897617f7cb1c21a4bf30023f252596d83e1f007?s=96&d=mm&r=g\",\"url\":\"https:\\\/\\\/secure.gravatar.com\\\/avatar\\\/ccc17943b9d660506c869530f897617f7cb1c21a4bf30023f252596d83e1f007?s=96&d=mm&r=g\",\"contentUrl\":\"https:\\\/\\\/secure.gravatar.com\\\/avatar\\\/ccc17943b9d660506c869530f897617f7cb1c21a4bf30023f252596d83e1f007?s=96&d=mm&r=g\",\"caption\":\"admin\"},\"sameAs\":[\"https:\\\/\\\/kibrisdakik.com\"],\"url\":\"https:\\\/\\\/kibrisdakik.com\\\/?author=1\"}]}<\/script>\n<!-- \/ Yoast SEO plugin. -->","yoast_head_json":{"title":"GEM\u0130 FAC\u0130ASINDA TUTUKLU SAYISI 14\u2019E Y\u00dcKSELD\u0130 -","robots":{"index":"index","follow":"follow","max-snippet":"max-snippet:-1","max-image-preview":"max-image-preview:large","max-video-preview":"max-video-preview:-1"},"canonical":"https:\/\/kibrisdakik.com\/?p=119588","og_locale":"tr_TR","og_type":"article","og_title":"GEM\u0130 FAC\u0130ASINDA TUTUKLU SAYISI 14\u2019E Y\u00dcKSELD\u0130 -","og_description":"Girne a\u00e7\u0131klar\u0131nda 8 ki\u015finin hayat\u0131n\u0131 kaybetti\u011fi yolcu gemisinin batmas\u0131yla ilgili y\u00fcr\u00fct\u00fclen soru\u015fturma kapsam\u0131nda, aralar\u0131nda gemi kaptan\u0131, m\u00fcrettebat ve \u015firket yetkililerinin de bulundu\u011fu 14 ki\u015fi tutukland\u0131. 267 ki\u015finin bulundu\u011fu gemi kazas\u0131nda 241 ki\u015fi sa\u011f olarak kurtar\u0131l\u0131rken, 8 ki\u015fi hayat\u0131n\u0131 kaybetti. Kay\u0131p 18 ki\u015fi i\u00e7in arama-kurtarma \u00e7al\u0131\u015fmalar\u0131 ise s\u00fcr\u00fcyor. Arama-kurtarma \u00e7al\u0131\u015fmalar\u0131na T\u00fcrkiye\u2019den g\u00f6nderilen 2 \u0130HA ve bir","og_url":"https:\/\/kibrisdakik.com\/?p=119588","article_published_time":"2026-08-31T16:06:53+00:00","og_image":[{"url":"https:\/\/mhahabercom.teimg.com\/crop\/1280x720\/mhahaber-com\/uploads\/2026\/08\/mha-sari-beyaz-7636.png","type":"","width":"","height":""}],"author":"admin","twitter_card":"summary_large_image","twitter_misc":{"Yazan:":"admin","Tahmini okuma s\u00fcresi":"1 dakika"},"schema":{"@context":"https:\/\/schema.org","@graph":[{"@type":"Article","@id":"https:\/\/kibrisdakik.com\/?p=119588#article","isPartOf":{"@id":"https:\/\/kibrisdakik.com\/?p=119588"},"author":{"name":"admin","@id":"https:\/\/kibrisdakik.com\/#\/schema\/person\/9cd9d437bbb44f72b73ba127e06d8e79"},"headline":"GEM\u0130 FAC\u0130ASINDA TUTUKLU SAYISI 14\u2019E Y\u00dcKSELD\u0130","datePublished":"2026-08-31T16:06:53+00:00","mainEntityOfPage":{"@id":"https:\/\/kibrisdakik.com\/?p=119588"},"wordCount":129,"commentCount":0,"publisher":{"@id":"https:\/\/kibrisdakik.com\/#organization"},"image":{"@id":"https:\/\/kibrisdakik.com\/?p=119588#primaryimage"},"thumbnailUrl":"https:\/\/kibrisdakik.com\/wp-content\/uploads\/2026\/08\/mha-sari-beyaz-7636.png","articleSection":["K\u0131br\u0131s"],"inLanguage":"tr","potentialAction":[{"@type":"CommentAction","name":"Comment","target":["https:\/\/kibrisdakik.com\/?p=119588#respond"]}]},{"@type":"WebPage","@id":"https:\/\/kibrisdakik.com\/?p=119588","url":"https:\/\/kibrisdakik.com\/?p=119588","name":"GEM\u0130 FAC\u0130ASINDA TUTUKLU SAYISI 14\u2019E Y\u00dcKSELD\u0130 -","isPartOf":{"@id":"https:\/\/kibrisdakik.com\/#website"},"primaryImageOfPage":{"@id":"https:\/\/kibrisdakik.com\/?p=119588#primaryimage"},"image":{"@id":"https:\/\/kibrisdakik.com\/?p=119588#primaryimage"},"thumbnailUrl":"https:\/\/kibrisdakik.com\/wp-content\/uploads\/2026\/08\/mha-sari-beyaz-7636.png","datePublished":"2026-08-31T16:06:53+00:00","breadcrumb":{"@id":"https:\/\/kibrisdakik.com\/?p=119588#breadcrumb"},"inLanguage":"tr","potentialAction":[{"@type":"ReadAction","target":["https:\/\/kibrisdakik.com\/?p=119588"]}]},{"@type":"ImageObject","inLanguage":"tr","@id":"https:\/\/kibrisdakik.com\/?p=119588#primaryimage","url":"https:\/\/kibrisdakik.com\/wp-content\/uploads\/2026\/08\/mha-sari-beyaz-7636.png","contentUrl":"https:\/\/kibrisdakik.com\/wp-content\/uploads\/2026\/08\/mha-sari-beyaz-7636.png","width":1280,"height":720},{"@type":"BreadcrumbList","@id":"https:\/\/kibrisdakik.com\/?p=119588#breadcrumb","itemListElement":[{"@type":"ListItem","position":1,"name":"Home","item":"https:\/\/kibrisdakik.com\/"},{"@type":"ListItem","position":2,"name":"GEM\u0130 FAC\u0130ASINDA TUTUKLU SAYISI 14\u2019E Y\u00dcKSELD\u0130"}]},{"@type":"WebSite","@id":"https:\/\/kibrisdakik.com\/#website","url":"https:\/\/kibrisdakik.com\/","name":"K\u0131br\u0131s Dakik","description":"Tam vaktinde haber","publisher":{"@id":"https:\/\/kibrisdakik.com\/#organization"},"potentialAction":[{"@type":"SearchAction","target":{"@type":"EntryPoint","urlTemplate":"https:\/\/kibrisdakik.com\/?s={search_term_string}"},"query-input":{"@type":"PropertyValueSpecification","valueRequired":true,"valueName":"search_term_string"}}],"inLanguage":"tr"},{"@type":"Organization","@id":"https:\/\/kibrisdakik.com\/#organization","name":"K\u0131br\u0131s Dakik","url":"https:\/\/kibrisdakik.com\/","logo":{"@type":"ImageObject","inLanguage":"tr","@id":"https:\/\/kibrisdakik.com\/#\/schema\/logo\/image\/","url":"https:\/\/kibrisdakik.com\/wp-content\/uploads\/2025\/10\/cropped-WhatsApp-Image-2025-10-02-at-12.58.31.jpeg","contentUrl":"https:\/\/kibrisdakik.com\/wp-content\/uploads\/2025\/10\/cropped-WhatsApp-Image-2025-10-02-at-12.58.31.jpeg","width":1237,"height":190,"caption":"K\u0131br\u0131s Dakik"},"image":{"@id":"https:\/\/kibrisdakik.com\/#\/schema\/logo\/image\/"}},{"@type":"Person","@id":"https:\/\/kibrisdakik.com\/#\/schema\/person\/9cd9d437bbb44f72b73ba127e06d8e79","name":"admin","image":{"@type":"ImageObject","inLanguage":"tr","@id":"https:\/\/secure.gravatar.com\/avatar\/ccc17943b9d660506c869530f897617f7cb1c21a4bf30023f252596d83e1f007?s=96&d=mm&r=g","url":"https:\/\/secure.gravatar.com\/avatar\/ccc17943b9d660506c869530f897617f7cb1c21a4bf30023f252596d83e1f007?s=96&d=mm&r=g","contentUrl":"https:\/\/secure.gravatar.com\/avatar\/ccc17943b9d660506c869530f897617f7cb1c21a4bf30023f252596d83e1f007?s=96&d=mm&r=g","caption":"admin"},"sameAs":["https:\/\/kibrisdakik.com"],"url":"https:\/\/kibrisdakik.com\/?author=1"}]}},"_links":{"self":[{"href":"https:\/\/kibrisdakik.com\/index.php?rest_route=\/wp\/v2\/posts\/119588","targetHints":{"allow":["GET"]}}],"collection":[{"href":"https:\/\/kibrisdakik.com\/index.php?rest_route=\/wp\/v2\/posts"}],"about":[{"href":"https:\/\/kibrisdakik.com\/index.php?rest_route=\/wp\/v2\/types\/post"}],"author":[{"embeddable":true,"href":"https:\/\/kibrisdakik.com\/index.php?rest_route=\/wp\/v2\/users\/1"}],"replies":[{"embeddable":true,"href":"https:\/\/kibrisdakik.com\/index.php?rest_route=%2Fwp%2Fv2%2Fcomments&post=119588"}],"version-history":[{"count":0,"href":"https:\/\/kibrisdakik.com\/index.php?rest_route=\/wp\/v2\/posts\/119588\/revisions"}],"wp:featuredmedia":[{"embeddable":true,"href":"https:\/\/kibrisdakik.com\/index.php?rest_route=\/wp\/v2\/media\/119589"}],"wp:attachment":[{"href":"https:\/\/kibrisdakik.com\/index.php?rest_route=%2Fwp%2Fv2%2Fmedia&parent=119588"}],"wp:term":[{"taxonomy":"category","embeddable":true,"href":"https:\/\/kibrisdakik.com\/index.php?rest_route=%2Fwp%2Fv2%2Fcategories&post=119588"},{"taxonomy":"post_tag","embeddable":true,"href":"https:\/\/kibrisdakik.com\/index.php?rest_route=%2Fwp%2Fv2%2Ftags&post=119588"}],"curies":[{"name":"wp","href":"https:\/\/api.w.org\/{rel}","templated":true}]}}