{"id":119590,"date":"2026-08-31T19:32:53","date_gmt":"2026-08-31T16:32:53","guid":{"rendered":"https:\/\/kibrisdakik.com\/?p=119590"},"modified":"2026-08-31T19:32:53","modified_gmt":"2026-08-31T16:32:53","slug":"ailesini-kurtardi-kendisi-kurtulamadi","status":"publish","type":"post","link":"https:\/\/kibrisdakik.com\/?p=119590","title":{"rendered":"A\u0130LES\u0130N\u0130 KURTARDI, KEND\u0130S\u0130 KURTULAMADI&#8230;"},"content":{"rendered":"<p><\/p>\n<p>Girne\u2019den Mersin\u2019in Ta\u015fucu Liman\u0131\u2019na d\u00f6n\u00fc\u015f yolunda alabora olan feribotta bulunan Uzman Jandarma \u00c7avu\u015f Fahri Ate\u015f, kazada hayat\u0131n\u0131 kaybetti.<\/p>\n<p>Ate\u015f\u2019in e\u015fi ve 4 ya\u015f\u0131ndaki \u00e7ocu\u011funun ise kazadan sa\u011f kurtuldu\u011fu ve hastanede tedavi alt\u0131na al\u0131nd\u0131\u011f\u0131 \u00f6\u011frenildi.<\/p>\n<p>Edinilen bilgilere g\u00f6re Fahri Ate\u015f, e\u015fi ve k\u00fc\u00e7\u00fck \u00e7ocu\u011fuyla birlikte feribotta bulunuyordu. Feribotun alabora olmas\u0131 sonucu ailesiyle birlikte denize d\u00fc\u015fen Ate\u015f\u2019in, e\u015fi ve \u00e7ocu\u011funu kurtarmay\u0131 ba\u015fard\u0131\u011f\u0131 belirtildi.<\/p>\n<p>Ailesinin hayata tutunmas\u0131n\u0131 sa\u011flayan Ate\u015f\u2019in, kendisini kurtaramad\u0131\u011f\u0131 ve ya\u015fam\u0131n\u0131 yitirdi\u011fi \u00f6\u011frenildi.<\/p>\n<p>Kazadan sa\u011f kurtulan Ate\u015f\u2019in e\u015fi ile 4 ya\u015f\u0131ndaki \u00e7ocu\u011fu, sa\u011fl\u0131k ekipleri taraf\u0131ndan hastaneye kald\u0131r\u0131larak tedavi alt\u0131na al\u0131nd\u0131.<\/p>\n<div id=\"ad_121\" data-channel=\"121\" data-advert=\"temedya\" data-rotation=\"120\" class=\"mb-3 text-center\"><\/div>\n<div id=\"ad_121_mobile\" data-channel=\"121\" data-advert=\"temedya\" data-rotation=\"120\" class=\"mb-3 text-center\"><\/div>\n<p>Ate\u015f\u2019in hayat\u0131n\u0131 kaybetti\u011fi haberini alan Erdemli\u2019nin \u00c7er\u00e7ili Mahallesi\u2019ndeki yak\u0131nlar\u0131 ise b\u00fcy\u00fck \u00fcz\u00fcnt\u00fc ya\u015fad\u0131. Ac\u0131 haberin ard\u0131ndan Ate\u015f\u2019in akrabalar\u0131n\u0131n g\u00f6zya\u015flar\u0131na bo\u011fuldu\u011fu \u00f6\u011frenildi.<\/p>\n<p>Fahri Ate\u015f\u2019in cenaze t\u00f6reninin ne zaman ve nerede ger\u00e7ekle\u015ftirilece\u011fine ili\u015fkin detaylar\u0131n daha sonra a\u00e7\u0131klanmas\u0131 bekleniyor.<\/p>\n<\/p>\n<div class=\"article-source py-3 small \">\n                <\/div>\n","protected":false},"excerpt":{"rendered":"<p>Girne\u2019den Mersin\u2019in Ta\u015fucu Liman\u0131\u2019na d\u00f6n\u00fc\u015f yolunda alabora olan feribotta bulunan Uzman Jandarma \u00c7avu\u015f Fahri Ate\u015f, kazada hayat\u0131n\u0131 kaybetti. Ate\u015f\u2019in e\u015fi ve 4 ya\u015f\u0131ndaki \u00e7ocu\u011funun ise kazadan sa\u011f kurtuldu\u011fu ve hastanede tedavi alt\u0131na al\u0131nd\u0131\u011f\u0131 \u00f6\u011frenildi. Edinilen bilgilere g\u00f6re Fahri Ate\u015f, e\u015fi ve k\u00fc\u00e7\u00fck \u00e7ocu\u011fuyla birlikte feribotta bulunuyordu. Feribotun alabora olmas\u0131 sonucu ailesiyle birlikte denize d\u00fc\u015fen Ate\u015f\u2019in,<\/p>\n","protected":false},"author":1,"featured_media":119591,"comment_status":"open","ping_status":"open","sticky":false,"template":"","format":"standard","meta":{"footnotes":""},"categories":[81],"tags":[],"class_list":["post-119590","post","type-post","status-publish","format-standard","has-post-thumbnail","hentry","category-kibris"],"yoast_head":"<!-- This site is optimized with the Yoast SEO plugin v28.3 - https:\/\/yoast.com\/product\/yoast-seo-wordpress\/ -->\n<title>A\u0130LES\u0130N\u0130 KURTARDI, KEND\u0130S\u0130 KURTULAMADI... -<\/title>\n<meta name=\"robots\" content=\"index, follow, max-snippet:-1, max-image-preview:large, max-video-preview:-1\" \/>\n<link rel=\"canonical\" href=\"https:\/\/kibrisdakik.com\/?p=119590\" \/>\n<meta property=\"og:locale\" content=\"tr_TR\" \/>\n<meta property=\"og:type\" content=\"article\" \/>\n<meta property=\"og:title\" content=\"A\u0130LES\u0130N\u0130 KURTARDI, KEND\u0130S\u0130 KURTULAMADI... -\" \/>\n<meta property=\"og:description\" content=\"Girne\u2019den Mersin\u2019in Ta\u015fucu Liman\u0131\u2019na d\u00f6n\u00fc\u015f yolunda alabora olan feribotta bulunan Uzman Jandarma \u00c7avu\u015f Fahri Ate\u015f, kazada hayat\u0131n\u0131 kaybetti. Ate\u015f\u2019in e\u015fi ve 4 ya\u015f\u0131ndaki \u00e7ocu\u011funun ise kazadan sa\u011f kurtuldu\u011fu ve hastanede tedavi alt\u0131na al\u0131nd\u0131\u011f\u0131 \u00f6\u011frenildi. Edinilen bilgilere g\u00f6re Fahri Ate\u015f, e\u015fi ve k\u00fc\u00e7\u00fck \u00e7ocu\u011fuyla birlikte feribotta bulunuyordu. Feribotun alabora olmas\u0131 sonucu ailesiyle birlikte denize d\u00fc\u015fen Ate\u015f\u2019in,\" \/>\n<meta property=\"og:url\" content=\"https:\/\/kibrisdakik.com\/?p=119590\" \/>\n<meta property=\"article:published_time\" content=\"2026-08-31T16:32:53+00:00\" \/>\n<meta property=\"og:image\" content=\"https:\/\/mhahabercom.teimg.com\/crop\/1280x720\/mhahaber-com\/uploads\/2026\/08\/mha-sari-beyaz-7637.png\" \/>\n<meta name=\"author\" content=\"admin\" \/>\n<meta name=\"twitter:card\" content=\"summary_large_image\" \/>\n<meta name=\"twitter:label1\" content=\"Yazan:\" \/>\n\t<meta name=\"twitter:data1\" content=\"admin\" \/>\n\t<meta name=\"twitter:label2\" content=\"Tahmini okuma s\u00fcresi\" \/>\n\t<meta name=\"twitter:data2\" content=\"1 dakika\" \/>\n<script type=\"application\/ld+json\" class=\"yoast-schema-graph\">{\"@context\":\"https:\\\/\\\/schema.org\",\"@graph\":[{\"@type\":\"Article\",\"@id\":\"https:\\\/\\\/kibrisdakik.com\\\/?p=119590#article\",\"isPartOf\":{\"@id\":\"https:\\\/\\\/kibrisdakik.com\\\/?p=119590\"},\"author\":{\"name\":\"admin\",\"@id\":\"https:\\\/\\\/kibrisdakik.com\\\/#\\\/schema\\\/person\\\/9cd9d437bbb44f72b73ba127e06d8e79\"},\"headline\":\"A\u0130LES\u0130N\u0130 KURTARDI, KEND\u0130S\u0130 KURTULAMADI&#8230;\",\"datePublished\":\"2026-08-31T16:32:53+00:00\",\"mainEntityOfPage\":{\"@id\":\"https:\\\/\\\/kibrisdakik.com\\\/?p=119590\"},\"wordCount\":197,\"commentCount\":0,\"publisher\":{\"@id\":\"https:\\\/\\\/kibrisdakik.com\\\/#organization\"},\"image\":{\"@id\":\"https:\\\/\\\/kibrisdakik.com\\\/?p=119590#primaryimage\"},\"thumbnailUrl\":\"https:\\\/\\\/kibrisdakik.com\\\/wp-content\\\/uploads\\\/2026\\\/08\\\/mha-sari-beyaz-7637.png\",\"articleSection\":[\"K\u0131br\u0131s\"],\"inLanguage\":\"tr\",\"potentialAction\":[{\"@type\":\"CommentAction\",\"name\":\"Comment\",\"target\":[\"https:\\\/\\\/kibrisdakik.com\\\/?p=119590#respond\"]}]},{\"@type\":\"WebPage\",\"@id\":\"https:\\\/\\\/kibrisdakik.com\\\/?p=119590\",\"url\":\"https:\\\/\\\/kibrisdakik.com\\\/?p=119590\",\"name\":\"A\u0130LES\u0130N\u0130 KURTARDI, KEND\u0130S\u0130 KURTULAMADI... -\",\"isPartOf\":{\"@id\":\"https:\\\/\\\/kibrisdakik.com\\\/#website\"},\"primaryImageOfPage\":{\"@id\":\"https:\\\/\\\/kibrisdakik.com\\\/?p=119590#primaryimage\"},\"image\":{\"@id\":\"https:\\\/\\\/kibrisdakik.com\\\/?p=119590#primaryimage\"},\"thumbnailUrl\":\"https:\\\/\\\/kibrisdakik.com\\\/wp-content\\\/uploads\\\/2026\\\/08\\\/mha-sari-beyaz-7637.png\",\"datePublished\":\"2026-08-31T16:32:53+00:00\",\"breadcrumb\":{\"@id\":\"https:\\\/\\\/kibrisdakik.com\\\/?p=119590#breadcrumb\"},\"inLanguage\":\"tr\",\"potentialAction\":[{\"@type\":\"ReadAction\",\"target\":[\"https:\\\/\\\/kibrisdakik.com\\\/?p=119590\"]}]},{\"@type\":\"ImageObject\",\"inLanguage\":\"tr\",\"@id\":\"https:\\\/\\\/kibrisdakik.com\\\/?p=119590#primaryimage\",\"url\":\"https:\\\/\\\/kibrisdakik.com\\\/wp-content\\\/uploads\\\/2026\\\/08\\\/mha-sari-beyaz-7637.png\",\"contentUrl\":\"https:\\\/\\\/kibrisdakik.com\\\/wp-content\\\/uploads\\\/2026\\\/08\\\/mha-sari-beyaz-7637.png\",\"width\":1280,\"height\":720},{\"@type\":\"BreadcrumbList\",\"@id\":\"https:\\\/\\\/kibrisdakik.com\\\/?p=119590#breadcrumb\",\"itemListElement\":[{\"@type\":\"ListItem\",\"position\":1,\"name\":\"Home\",\"item\":\"https:\\\/\\\/kibrisdakik.com\\\/\"},{\"@type\":\"ListItem\",\"position\":2,\"name\":\"A\u0130LES\u0130N\u0130 KURTARDI, KEND\u0130S\u0130 KURTULAMADI&#8230;\"}]},{\"@type\":\"WebSite\",\"@id\":\"https:\\\/\\\/kibrisdakik.com\\\/#website\",\"url\":\"https:\\\/\\\/kibrisdakik.com\\\/\",\"name\":\"K\u0131br\u0131s Dakik\",\"description\":\"Tam vaktinde haber\",\"publisher\":{\"@id\":\"https:\\\/\\\/kibrisdakik.com\\\/#organization\"},\"potentialAction\":[{\"@type\":\"SearchAction\",\"target\":{\"@type\":\"EntryPoint\",\"urlTemplate\":\"https:\\\/\\\/kibrisdakik.com\\\/?s={search_term_string}\"},\"query-input\":{\"@type\":\"PropertyValueSpecification\",\"valueRequired\":true,\"valueName\":\"search_term_string\"}}],\"inLanguage\":\"tr\"},{\"@type\":\"Organization\",\"@id\":\"https:\\\/\\\/kibrisdakik.com\\\/#organization\",\"name\":\"K\u0131br\u0131s Dakik\",\"url\":\"https:\\\/\\\/kibrisdakik.com\\\/\",\"logo\":{\"@type\":\"ImageObject\",\"inLanguage\":\"tr\",\"@id\":\"https:\\\/\\\/kibrisdakik.com\\\/#\\\/schema\\\/logo\\\/image\\\/\",\"url\":\"https:\\\/\\\/kibrisdakik.com\\\/wp-content\\\/uploads\\\/2025\\\/10\\\/cropped-WhatsApp-Image-2025-10-02-at-12.58.31.jpeg\",\"contentUrl\":\"https:\\\/\\\/kibrisdakik.com\\\/wp-content\\\/uploads\\\/2025\\\/10\\\/cropped-WhatsApp-Image-2025-10-02-at-12.58.31.jpeg\",\"width\":1237,\"height\":190,\"caption\":\"K\u0131br\u0131s Dakik\"},\"image\":{\"@id\":\"https:\\\/\\\/kibrisdakik.com\\\/#\\\/schema\\\/logo\\\/image\\\/\"}},{\"@type\":\"Person\",\"@id\":\"https:\\\/\\\/kibrisdakik.com\\\/#\\\/schema\\\/person\\\/9cd9d437bbb44f72b73ba127e06d8e79\",\"name\":\"admin\",\"image\":{\"@type\":\"ImageObject\",\"inLanguage\":\"tr\",\"@id\":\"https:\\\/\\\/secure.gravatar.com\\\/avatar\\\/ccc17943b9d660506c869530f897617f7cb1c21a4bf30023f252596d83e1f007?s=96&d=mm&r=g\",\"url\":\"https:\\\/\\\/secure.gravatar.com\\\/avatar\\\/ccc17943b9d660506c869530f897617f7cb1c21a4bf30023f252596d83e1f007?s=96&d=mm&r=g\",\"contentUrl\":\"https:\\\/\\\/secure.gravatar.com\\\/avatar\\\/ccc17943b9d660506c869530f897617f7cb1c21a4bf30023f252596d83e1f007?s=96&d=mm&r=g\",\"caption\":\"admin\"},\"sameAs\":[\"https:\\\/\\\/kibrisdakik.com\"],\"url\":\"https:\\\/\\\/kibrisdakik.com\\\/?author=1\"}]}<\/script>\n<!-- \/ Yoast SEO plugin. -->","yoast_head_json":{"title":"A\u0130LES\u0130N\u0130 KURTARDI, KEND\u0130S\u0130 KURTULAMADI... -","robots":{"index":"index","follow":"follow","max-snippet":"max-snippet:-1","max-image-preview":"max-image-preview:large","max-video-preview":"max-video-preview:-1"},"canonical":"https:\/\/kibrisdakik.com\/?p=119590","og_locale":"tr_TR","og_type":"article","og_title":"A\u0130LES\u0130N\u0130 KURTARDI, KEND\u0130S\u0130 KURTULAMADI... -","og_description":"Girne\u2019den Mersin\u2019in Ta\u015fucu Liman\u0131\u2019na d\u00f6n\u00fc\u015f yolunda alabora olan feribotta bulunan Uzman Jandarma \u00c7avu\u015f Fahri Ate\u015f, kazada hayat\u0131n\u0131 kaybetti. Ate\u015f\u2019in e\u015fi ve 4 ya\u015f\u0131ndaki \u00e7ocu\u011funun ise kazadan sa\u011f kurtuldu\u011fu ve hastanede tedavi alt\u0131na al\u0131nd\u0131\u011f\u0131 \u00f6\u011frenildi. Edinilen bilgilere g\u00f6re Fahri Ate\u015f, e\u015fi ve k\u00fc\u00e7\u00fck \u00e7ocu\u011fuyla birlikte feribotta bulunuyordu. Feribotun alabora olmas\u0131 sonucu ailesiyle birlikte denize d\u00fc\u015fen Ate\u015f\u2019in,","og_url":"https:\/\/kibrisdakik.com\/?p=119590","article_published_time":"2026-08-31T16:32:53+00:00","og_image":[{"url":"https:\/\/mhahabercom.teimg.com\/crop\/1280x720\/mhahaber-com\/uploads\/2026\/08\/mha-sari-beyaz-7637.png","type":"","width":"","height":""}],"author":"admin","twitter_card":"summary_large_image","twitter_misc":{"Yazan:":"admin","Tahmini okuma s\u00fcresi":"1 dakika"},"schema":{"@context":"https:\/\/schema.org","@graph":[{"@type":"Article","@id":"https:\/\/kibrisdakik.com\/?p=119590#article","isPartOf":{"@id":"https:\/\/kibrisdakik.com\/?p=119590"},"author":{"name":"admin","@id":"https:\/\/kibrisdakik.com\/#\/schema\/person\/9cd9d437bbb44f72b73ba127e06d8e79"},"headline":"A\u0130LES\u0130N\u0130 KURTARDI, KEND\u0130S\u0130 KURTULAMADI&#8230;","datePublished":"2026-08-31T16:32:53+00:00","mainEntityOfPage":{"@id":"https:\/\/kibrisdakik.com\/?p=119590"},"wordCount":197,"commentCount":0,"publisher":{"@id":"https:\/\/kibrisdakik.com\/#organization"},"image":{"@id":"https:\/\/kibrisdakik.com\/?p=119590#primaryimage"},"thumbnailUrl":"https:\/\/kibrisdakik.com\/wp-content\/uploads\/2026\/08\/mha-sari-beyaz-7637.png","articleSection":["K\u0131br\u0131s"],"inLanguage":"tr","potentialAction":[{"@type":"CommentAction","name":"Comment","target":["https:\/\/kibrisdakik.com\/?p=119590#respond"]}]},{"@type":"WebPage","@id":"https:\/\/kibrisdakik.com\/?p=119590","url":"https:\/\/kibrisdakik.com\/?p=119590","name":"A\u0130LES\u0130N\u0130 KURTARDI, KEND\u0130S\u0130 KURTULAMADI... -","isPartOf":{"@id":"https:\/\/kibrisdakik.com\/#website"},"primaryImageOfPage":{"@id":"https:\/\/kibrisdakik.com\/?p=119590#primaryimage"},"image":{"@id":"https:\/\/kibrisdakik.com\/?p=119590#primaryimage"},"thumbnailUrl":"https:\/\/kibrisdakik.com\/wp-content\/uploads\/2026\/08\/mha-sari-beyaz-7637.png","datePublished":"2026-08-31T16:32:53+00:00","breadcrumb":{"@id":"https:\/\/kibrisdakik.com\/?p=119590#breadcrumb"},"inLanguage":"tr","potentialAction":[{"@type":"ReadAction","target":["https:\/\/kibrisdakik.com\/?p=119590"]}]},{"@type":"ImageObject","inLanguage":"tr","@id":"https:\/\/kibrisdakik.com\/?p=119590#primaryimage","url":"https:\/\/kibrisdakik.com\/wp-content\/uploads\/2026\/08\/mha-sari-beyaz-7637.png","contentUrl":"https:\/\/kibrisdakik.com\/wp-content\/uploads\/2026\/08\/mha-sari-beyaz-7637.png","width":1280,"height":720},{"@type":"BreadcrumbList","@id":"https:\/\/kibrisdakik.com\/?p=119590#breadcrumb","itemListElement":[{"@type":"ListItem","position":1,"name":"Home","item":"https:\/\/kibrisdakik.com\/"},{"@type":"ListItem","position":2,"name":"A\u0130LES\u0130N\u0130 KURTARDI, KEND\u0130S\u0130 KURTULAMADI&#8230;"}]},{"@type":"WebSite","@id":"https:\/\/kibrisdakik.com\/#website","url":"https:\/\/kibrisdakik.com\/","name":"K\u0131br\u0131s Dakik","description":"Tam vaktinde haber","publisher":{"@id":"https:\/\/kibrisdakik.com\/#organization"},"potentialAction":[{"@type":"SearchAction","target":{"@type":"EntryPoint","urlTemplate":"https:\/\/kibrisdakik.com\/?s={search_term_string}"},"query-input":{"@type":"PropertyValueSpecification","valueRequired":true,"valueName":"search_term_string"}}],"inLanguage":"tr"},{"@type":"Organization","@id":"https:\/\/kibrisdakik.com\/#organization","name":"K\u0131br\u0131s Dakik","url":"https:\/\/kibrisdakik.com\/","logo":{"@type":"ImageObject","inLanguage":"tr","@id":"https:\/\/kibrisdakik.com\/#\/schema\/logo\/image\/","url":"https:\/\/kibrisdakik.com\/wp-content\/uploads\/2025\/10\/cropped-WhatsApp-Image-2025-10-02-at-12.58.31.jpeg","contentUrl":"https:\/\/kibrisdakik.com\/wp-content\/uploads\/2025\/10\/cropped-WhatsApp-Image-2025-10-02-at-12.58.31.jpeg","width":1237,"height":190,"caption":"K\u0131br\u0131s Dakik"},"image":{"@id":"https:\/\/kibrisdakik.com\/#\/schema\/logo\/image\/"}},{"@type":"Person","@id":"https:\/\/kibrisdakik.com\/#\/schema\/person\/9cd9d437bbb44f72b73ba127e06d8e79","name":"admin","image":{"@type":"ImageObject","inLanguage":"tr","@id":"https:\/\/secure.gravatar.com\/avatar\/ccc17943b9d660506c869530f897617f7cb1c21a4bf30023f252596d83e1f007?s=96&d=mm&r=g","url":"https:\/\/secure.gravatar.com\/avatar\/ccc17943b9d660506c869530f897617f7cb1c21a4bf30023f252596d83e1f007?s=96&d=mm&r=g","contentUrl":"https:\/\/secure.gravatar.com\/avatar\/ccc17943b9d660506c869530f897617f7cb1c21a4bf30023f252596d83e1f007?s=96&d=mm&r=g","caption":"admin"},"sameAs":["https:\/\/kibrisdakik.com"],"url":"https:\/\/kibrisdakik.com\/?author=1"}]}},"_links":{"self":[{"href":"https:\/\/kibrisdakik.com\/index.php?rest_route=\/wp\/v2\/posts\/119590","targetHints":{"allow":["GET"]}}],"collection":[{"href":"https:\/\/kibrisdakik.com\/index.php?rest_route=\/wp\/v2\/posts"}],"about":[{"href":"https:\/\/kibrisdakik.com\/index.php?rest_route=\/wp\/v2\/types\/post"}],"author":[{"embeddable":true,"href":"https:\/\/kibrisdakik.com\/index.php?rest_route=\/wp\/v2\/users\/1"}],"replies":[{"embeddable":true,"href":"https:\/\/kibrisdakik.com\/index.php?rest_route=%2Fwp%2Fv2%2Fcomments&post=119590"}],"version-history":[{"count":0,"href":"https:\/\/kibrisdakik.com\/index.php?rest_route=\/wp\/v2\/posts\/119590\/revisions"}],"wp:featuredmedia":[{"embeddable":true,"href":"https:\/\/kibrisdakik.com\/index.php?rest_route=\/wp\/v2\/media\/119591"}],"wp:attachment":[{"href":"https:\/\/kibrisdakik.com\/index.php?rest_route=%2Fwp%2Fv2%2Fmedia&parent=119590"}],"wp:term":[{"taxonomy":"category","embeddable":true,"href":"https:\/\/kibrisdakik.com\/index.php?rest_route=%2Fwp%2Fv2%2Fcategories&post=119590"},{"taxonomy":"post_tag","embeddable":true,"href":"https:\/\/kibrisdakik.com\/index.php?rest_route=%2Fwp%2Fv2%2Ftags&post=119590"}],"curies":[{"name":"wp","href":"https:\/\/api.w.org\/{rel}","templated":true}]}}