{"id":119656,"date":"2026-09-01T09:10:58","date_gmt":"2026-09-01T06:10:58","guid":{"rendered":"https:\/\/kibrisdakik.com\/?p=119656"},"modified":"2026-09-01T09:10:58","modified_gmt":"2026-09-01T06:10:58","slug":"aydin-lefke-ve-yesilirmaka-duzenli-elektrik-veriliyor","status":"publish","type":"post","link":"https:\/\/kibrisdakik.com\/?p=119656","title":{"rendered":"AYDIN: LEFKE VE YE\u015e\u0130LIRMAK\u2019A D\u00dcZENL\u0130 ELEKTR\u0130K VER\u0130L\u0130YOR"},"content":{"rendered":"<p><\/p>\n<div data-text-id=\"207101\" property=\"articleBody\">\n<p>K\u0131br\u0131s T\u00fcrk Elektrik Kurumu M\u00fcd\u00fcr\u00fc Dalman Ayd\u0131n, alternatif hatt\u0131n d\u00fcn ak\u015fam tamamlanarak Lefke ve Ye\u015fil\u0131rmak b\u00f6lgelerine d\u00fczenli elektrik verilmeye ba\u015flad\u0131\u011f\u0131n\u0131 a\u00e7\u0131klad\u0131.<\/p>\n<p>Ayd\u0131n TAK\u2019a yapt\u0131\u011f\u0131 a\u00e7\u0131klamada, b\u00f6lgede meydana gelen ar\u0131za ard\u0131ndan yap\u0131lan alternatif hatt\u0131n d\u00fcn ak\u015fam itibar\u0131yla tamamlanarak devreye al\u0131nd\u0131\u011f\u0131n\u0131 ve b\u00f6lgeye d\u00fczenli elektrik verildi\u011fini s\u00f6yledi.<\/p>\n<p>B\u00f6lgede cumartesi g\u00fcn\u00fc ya\u015fanan f\u0131rt\u0131na ve do\u011fal afet nedeniyle y\u00fcksek gerilim hatt\u0131nda ar\u0131za meydana gelmi\u015f ve elektrik ge\u00e7ici olarak d\u00f6n\u00fc\u015f\u00fcml\u00fc veriliyordu.<\/p>\n<\/p><\/div>\n","protected":false},"excerpt":{"rendered":"<p>K\u0131br\u0131s T\u00fcrk Elektrik Kurumu M\u00fcd\u00fcr\u00fc Dalman Ayd\u0131n, alternatif hatt\u0131n d\u00fcn ak\u015fam tamamlanarak Lefke ve Ye\u015fil\u0131rmak b\u00f6lgelerine d\u00fczenli elektrik verilmeye ba\u015flad\u0131\u011f\u0131n\u0131 a\u00e7\u0131klad\u0131. Ayd\u0131n TAK\u2019a yapt\u0131\u011f\u0131 a\u00e7\u0131klamada, b\u00f6lgede meydana gelen ar\u0131za ard\u0131ndan yap\u0131lan alternatif hatt\u0131n d\u00fcn ak\u015fam itibar\u0131yla tamamlanarak devreye al\u0131nd\u0131\u011f\u0131n\u0131 ve b\u00f6lgeye d\u00fczenli elektrik verildi\u011fini s\u00f6yledi. B\u00f6lgede cumartesi g\u00fcn\u00fc ya\u015fanan f\u0131rt\u0131na ve do\u011fal afet nedeniyle y\u00fcksek<\/p>\n","protected":false},"author":1,"featured_media":119657,"comment_status":"open","ping_status":"open","sticky":false,"template":"","format":"standard","meta":{"footnotes":""},"categories":[81],"tags":[],"class_list":["post-119656","post","type-post","status-publish","format-standard","has-post-thumbnail","hentry","category-kibris"],"yoast_head":"<!-- This site is optimized with the Yoast SEO plugin v28.3 - https:\/\/yoast.com\/product\/yoast-seo-wordpress\/ -->\n<title>AYDIN: LEFKE VE YE\u015e\u0130LIRMAK\u2019A D\u00dcZENL\u0130 ELEKTR\u0130K VER\u0130L\u0130YOR -<\/title>\n<meta name=\"robots\" content=\"index, follow, max-snippet:-1, max-image-preview:large, max-video-preview:-1\" \/>\n<link rel=\"canonical\" href=\"https:\/\/kibrisdakik.com\/?p=119656\" \/>\n<meta property=\"og:locale\" content=\"tr_TR\" \/>\n<meta property=\"og:type\" content=\"article\" \/>\n<meta property=\"og:title\" content=\"AYDIN: LEFKE VE YE\u015e\u0130LIRMAK\u2019A D\u00dcZENL\u0130 ELEKTR\u0130K VER\u0130L\u0130YOR -\" \/>\n<meta property=\"og:description\" content=\"K\u0131br\u0131s T\u00fcrk Elektrik Kurumu M\u00fcd\u00fcr\u00fc Dalman Ayd\u0131n, alternatif hatt\u0131n d\u00fcn ak\u015fam tamamlanarak Lefke ve Ye\u015fil\u0131rmak b\u00f6lgelerine d\u00fczenli elektrik verilmeye ba\u015flad\u0131\u011f\u0131n\u0131 a\u00e7\u0131klad\u0131. Ayd\u0131n TAK\u2019a yapt\u0131\u011f\u0131 a\u00e7\u0131klamada, b\u00f6lgede meydana gelen ar\u0131za ard\u0131ndan yap\u0131lan alternatif hatt\u0131n d\u00fcn ak\u015fam itibar\u0131yla tamamlanarak devreye al\u0131nd\u0131\u011f\u0131n\u0131 ve b\u00f6lgeye d\u00fczenli elektrik verildi\u011fini s\u00f6yledi. B\u00f6lgede cumartesi g\u00fcn\u00fc ya\u015fanan f\u0131rt\u0131na ve do\u011fal afet nedeniyle y\u00fcksek\" \/>\n<meta property=\"og:url\" content=\"https:\/\/kibrisdakik.com\/?p=119656\" \/>\n<meta property=\"article:published_time\" content=\"2026-09-01T06:10:58+00:00\" \/>\n<meta property=\"og:image\" content=\"https:\/\/mhahabercom.teimg.com\/crop\/1280x720\/mhahaber-com\/uploads\/2026\/09\/mha-sari-beyaz-7639.png\" \/>\n<meta name=\"author\" content=\"admin\" \/>\n<meta name=\"twitter:card\" content=\"summary_large_image\" \/>\n<meta name=\"twitter:label1\" content=\"Yazan:\" \/>\n\t<meta name=\"twitter:data1\" content=\"admin\" \/>\n\t<meta name=\"twitter:label2\" content=\"Tahmini okuma s\u00fcresi\" \/>\n\t<meta name=\"twitter:data2\" content=\"1 dakika\" \/>\n<script type=\"application\/ld+json\" class=\"yoast-schema-graph\">{\"@context\":\"https:\\\/\\\/schema.org\",\"@graph\":[{\"@type\":\"Article\",\"@id\":\"https:\\\/\\\/kibrisdakik.com\\\/?p=119656#article\",\"isPartOf\":{\"@id\":\"https:\\\/\\\/kibrisdakik.com\\\/?p=119656\"},\"author\":{\"name\":\"admin\",\"@id\":\"https:\\\/\\\/kibrisdakik.com\\\/#\\\/schema\\\/person\\\/9cd9d437bbb44f72b73ba127e06d8e79\"},\"headline\":\"AYDIN: LEFKE VE YE\u015e\u0130LIRMAK\u2019A D\u00dcZENL\u0130 ELEKTR\u0130K VER\u0130L\u0130YOR\",\"datePublished\":\"2026-09-01T06:10:58+00:00\",\"mainEntityOfPage\":{\"@id\":\"https:\\\/\\\/kibrisdakik.com\\\/?p=119656\"},\"wordCount\":124,\"commentCount\":0,\"publisher\":{\"@id\":\"https:\\\/\\\/kibrisdakik.com\\\/#organization\"},\"image\":{\"@id\":\"https:\\\/\\\/kibrisdakik.com\\\/?p=119656#primaryimage\"},\"thumbnailUrl\":\"https:\\\/\\\/kibrisdakik.com\\\/wp-content\\\/uploads\\\/2026\\\/09\\\/mha-sari-beyaz-7639.png\",\"articleSection\":[\"K\u0131br\u0131s\"],\"inLanguage\":\"tr\",\"potentialAction\":[{\"@type\":\"CommentAction\",\"name\":\"Comment\",\"target\":[\"https:\\\/\\\/kibrisdakik.com\\\/?p=119656#respond\"]}]},{\"@type\":\"WebPage\",\"@id\":\"https:\\\/\\\/kibrisdakik.com\\\/?p=119656\",\"url\":\"https:\\\/\\\/kibrisdakik.com\\\/?p=119656\",\"name\":\"AYDIN: LEFKE VE YE\u015e\u0130LIRMAK\u2019A D\u00dcZENL\u0130 ELEKTR\u0130K VER\u0130L\u0130YOR -\",\"isPartOf\":{\"@id\":\"https:\\\/\\\/kibrisdakik.com\\\/#website\"},\"primaryImageOfPage\":{\"@id\":\"https:\\\/\\\/kibrisdakik.com\\\/?p=119656#primaryimage\"},\"image\":{\"@id\":\"https:\\\/\\\/kibrisdakik.com\\\/?p=119656#primaryimage\"},\"thumbnailUrl\":\"https:\\\/\\\/kibrisdakik.com\\\/wp-content\\\/uploads\\\/2026\\\/09\\\/mha-sari-beyaz-7639.png\",\"datePublished\":\"2026-09-01T06:10:58+00:00\",\"breadcrumb\":{\"@id\":\"https:\\\/\\\/kibrisdakik.com\\\/?p=119656#breadcrumb\"},\"inLanguage\":\"tr\",\"potentialAction\":[{\"@type\":\"ReadAction\",\"target\":[\"https:\\\/\\\/kibrisdakik.com\\\/?p=119656\"]}]},{\"@type\":\"ImageObject\",\"inLanguage\":\"tr\",\"@id\":\"https:\\\/\\\/kibrisdakik.com\\\/?p=119656#primaryimage\",\"url\":\"https:\\\/\\\/kibrisdakik.com\\\/wp-content\\\/uploads\\\/2026\\\/09\\\/mha-sari-beyaz-7639.png\",\"contentUrl\":\"https:\\\/\\\/kibrisdakik.com\\\/wp-content\\\/uploads\\\/2026\\\/09\\\/mha-sari-beyaz-7639.png\",\"width\":1280,\"height\":720},{\"@type\":\"BreadcrumbList\",\"@id\":\"https:\\\/\\\/kibrisdakik.com\\\/?p=119656#breadcrumb\",\"itemListElement\":[{\"@type\":\"ListItem\",\"position\":1,\"name\":\"Home\",\"item\":\"https:\\\/\\\/kibrisdakik.com\\\/\"},{\"@type\":\"ListItem\",\"position\":2,\"name\":\"AYDIN: LEFKE VE YE\u015e\u0130LIRMAK\u2019A D\u00dcZENL\u0130 ELEKTR\u0130K VER\u0130L\u0130YOR\"}]},{\"@type\":\"WebSite\",\"@id\":\"https:\\\/\\\/kibrisdakik.com\\\/#website\",\"url\":\"https:\\\/\\\/kibrisdakik.com\\\/\",\"name\":\"K\u0131br\u0131s Dakik\",\"description\":\"Tam vaktinde haber\",\"publisher\":{\"@id\":\"https:\\\/\\\/kibrisdakik.com\\\/#organization\"},\"potentialAction\":[{\"@type\":\"SearchAction\",\"target\":{\"@type\":\"EntryPoint\",\"urlTemplate\":\"https:\\\/\\\/kibrisdakik.com\\\/?s={search_term_string}\"},\"query-input\":{\"@type\":\"PropertyValueSpecification\",\"valueRequired\":true,\"valueName\":\"search_term_string\"}}],\"inLanguage\":\"tr\"},{\"@type\":\"Organization\",\"@id\":\"https:\\\/\\\/kibrisdakik.com\\\/#organization\",\"name\":\"K\u0131br\u0131s Dakik\",\"url\":\"https:\\\/\\\/kibrisdakik.com\\\/\",\"logo\":{\"@type\":\"ImageObject\",\"inLanguage\":\"tr\",\"@id\":\"https:\\\/\\\/kibrisdakik.com\\\/#\\\/schema\\\/logo\\\/image\\\/\",\"url\":\"https:\\\/\\\/kibrisdakik.com\\\/wp-content\\\/uploads\\\/2025\\\/10\\\/cropped-WhatsApp-Image-2025-10-02-at-12.58.31.jpeg\",\"contentUrl\":\"https:\\\/\\\/kibrisdakik.com\\\/wp-content\\\/uploads\\\/2025\\\/10\\\/cropped-WhatsApp-Image-2025-10-02-at-12.58.31.jpeg\",\"width\":1237,\"height\":190,\"caption\":\"K\u0131br\u0131s Dakik\"},\"image\":{\"@id\":\"https:\\\/\\\/kibrisdakik.com\\\/#\\\/schema\\\/logo\\\/image\\\/\"}},{\"@type\":\"Person\",\"@id\":\"https:\\\/\\\/kibrisdakik.com\\\/#\\\/schema\\\/person\\\/9cd9d437bbb44f72b73ba127e06d8e79\",\"name\":\"admin\",\"image\":{\"@type\":\"ImageObject\",\"inLanguage\":\"tr\",\"@id\":\"https:\\\/\\\/secure.gravatar.com\\\/avatar\\\/ccc17943b9d660506c869530f897617f7cb1c21a4bf30023f252596d83e1f007?s=96&d=mm&r=g\",\"url\":\"https:\\\/\\\/secure.gravatar.com\\\/avatar\\\/ccc17943b9d660506c869530f897617f7cb1c21a4bf30023f252596d83e1f007?s=96&d=mm&r=g\",\"contentUrl\":\"https:\\\/\\\/secure.gravatar.com\\\/avatar\\\/ccc17943b9d660506c869530f897617f7cb1c21a4bf30023f252596d83e1f007?s=96&d=mm&r=g\",\"caption\":\"admin\"},\"sameAs\":[\"https:\\\/\\\/kibrisdakik.com\"],\"url\":\"https:\\\/\\\/kibrisdakik.com\\\/?author=1\"}]}<\/script>\n<!-- \/ Yoast SEO plugin. -->","yoast_head_json":{"title":"AYDIN: LEFKE VE YE\u015e\u0130LIRMAK\u2019A D\u00dcZENL\u0130 ELEKTR\u0130K VER\u0130L\u0130YOR -","robots":{"index":"index","follow":"follow","max-snippet":"max-snippet:-1","max-image-preview":"max-image-preview:large","max-video-preview":"max-video-preview:-1"},"canonical":"https:\/\/kibrisdakik.com\/?p=119656","og_locale":"tr_TR","og_type":"article","og_title":"AYDIN: LEFKE VE YE\u015e\u0130LIRMAK\u2019A D\u00dcZENL\u0130 ELEKTR\u0130K VER\u0130L\u0130YOR -","og_description":"K\u0131br\u0131s T\u00fcrk Elektrik Kurumu M\u00fcd\u00fcr\u00fc Dalman Ayd\u0131n, alternatif hatt\u0131n d\u00fcn ak\u015fam tamamlanarak Lefke ve Ye\u015fil\u0131rmak b\u00f6lgelerine d\u00fczenli elektrik verilmeye ba\u015flad\u0131\u011f\u0131n\u0131 a\u00e7\u0131klad\u0131. Ayd\u0131n TAK\u2019a yapt\u0131\u011f\u0131 a\u00e7\u0131klamada, b\u00f6lgede meydana gelen ar\u0131za ard\u0131ndan yap\u0131lan alternatif hatt\u0131n d\u00fcn ak\u015fam itibar\u0131yla tamamlanarak devreye al\u0131nd\u0131\u011f\u0131n\u0131 ve b\u00f6lgeye d\u00fczenli elektrik verildi\u011fini s\u00f6yledi. B\u00f6lgede cumartesi g\u00fcn\u00fc ya\u015fanan f\u0131rt\u0131na ve do\u011fal afet nedeniyle y\u00fcksek","og_url":"https:\/\/kibrisdakik.com\/?p=119656","article_published_time":"2026-09-01T06:10:58+00:00","og_image":[{"url":"https:\/\/mhahabercom.teimg.com\/crop\/1280x720\/mhahaber-com\/uploads\/2026\/09\/mha-sari-beyaz-7639.png","type":"","width":"","height":""}],"author":"admin","twitter_card":"summary_large_image","twitter_misc":{"Yazan:":"admin","Tahmini okuma s\u00fcresi":"1 dakika"},"schema":{"@context":"https:\/\/schema.org","@graph":[{"@type":"Article","@id":"https:\/\/kibrisdakik.com\/?p=119656#article","isPartOf":{"@id":"https:\/\/kibrisdakik.com\/?p=119656"},"author":{"name":"admin","@id":"https:\/\/kibrisdakik.com\/#\/schema\/person\/9cd9d437bbb44f72b73ba127e06d8e79"},"headline":"AYDIN: LEFKE VE YE\u015e\u0130LIRMAK\u2019A D\u00dcZENL\u0130 ELEKTR\u0130K VER\u0130L\u0130YOR","datePublished":"2026-09-01T06:10:58+00:00","mainEntityOfPage":{"@id":"https:\/\/kibrisdakik.com\/?p=119656"},"wordCount":124,"commentCount":0,"publisher":{"@id":"https:\/\/kibrisdakik.com\/#organization"},"image":{"@id":"https:\/\/kibrisdakik.com\/?p=119656#primaryimage"},"thumbnailUrl":"https:\/\/kibrisdakik.com\/wp-content\/uploads\/2026\/09\/mha-sari-beyaz-7639.png","articleSection":["K\u0131br\u0131s"],"inLanguage":"tr","potentialAction":[{"@type":"CommentAction","name":"Comment","target":["https:\/\/kibrisdakik.com\/?p=119656#respond"]}]},{"@type":"WebPage","@id":"https:\/\/kibrisdakik.com\/?p=119656","url":"https:\/\/kibrisdakik.com\/?p=119656","name":"AYDIN: LEFKE VE YE\u015e\u0130LIRMAK\u2019A D\u00dcZENL\u0130 ELEKTR\u0130K VER\u0130L\u0130YOR -","isPartOf":{"@id":"https:\/\/kibrisdakik.com\/#website"},"primaryImageOfPage":{"@id":"https:\/\/kibrisdakik.com\/?p=119656#primaryimage"},"image":{"@id":"https:\/\/kibrisdakik.com\/?p=119656#primaryimage"},"thumbnailUrl":"https:\/\/kibrisdakik.com\/wp-content\/uploads\/2026\/09\/mha-sari-beyaz-7639.png","datePublished":"2026-09-01T06:10:58+00:00","breadcrumb":{"@id":"https:\/\/kibrisdakik.com\/?p=119656#breadcrumb"},"inLanguage":"tr","potentialAction":[{"@type":"ReadAction","target":["https:\/\/kibrisdakik.com\/?p=119656"]}]},{"@type":"ImageObject","inLanguage":"tr","@id":"https:\/\/kibrisdakik.com\/?p=119656#primaryimage","url":"https:\/\/kibrisdakik.com\/wp-content\/uploads\/2026\/09\/mha-sari-beyaz-7639.png","contentUrl":"https:\/\/kibrisdakik.com\/wp-content\/uploads\/2026\/09\/mha-sari-beyaz-7639.png","width":1280,"height":720},{"@type":"BreadcrumbList","@id":"https:\/\/kibrisdakik.com\/?p=119656#breadcrumb","itemListElement":[{"@type":"ListItem","position":1,"name":"Home","item":"https:\/\/kibrisdakik.com\/"},{"@type":"ListItem","position":2,"name":"AYDIN: LEFKE VE YE\u015e\u0130LIRMAK\u2019A D\u00dcZENL\u0130 ELEKTR\u0130K VER\u0130L\u0130YOR"}]},{"@type":"WebSite","@id":"https:\/\/kibrisdakik.com\/#website","url":"https:\/\/kibrisdakik.com\/","name":"K\u0131br\u0131s Dakik","description":"Tam vaktinde haber","publisher":{"@id":"https:\/\/kibrisdakik.com\/#organization"},"potentialAction":[{"@type":"SearchAction","target":{"@type":"EntryPoint","urlTemplate":"https:\/\/kibrisdakik.com\/?s={search_term_string}"},"query-input":{"@type":"PropertyValueSpecification","valueRequired":true,"valueName":"search_term_string"}}],"inLanguage":"tr"},{"@type":"Organization","@id":"https:\/\/kibrisdakik.com\/#organization","name":"K\u0131br\u0131s Dakik","url":"https:\/\/kibrisdakik.com\/","logo":{"@type":"ImageObject","inLanguage":"tr","@id":"https:\/\/kibrisdakik.com\/#\/schema\/logo\/image\/","url":"https:\/\/kibrisdakik.com\/wp-content\/uploads\/2025\/10\/cropped-WhatsApp-Image-2025-10-02-at-12.58.31.jpeg","contentUrl":"https:\/\/kibrisdakik.com\/wp-content\/uploads\/2025\/10\/cropped-WhatsApp-Image-2025-10-02-at-12.58.31.jpeg","width":1237,"height":190,"caption":"K\u0131br\u0131s Dakik"},"image":{"@id":"https:\/\/kibrisdakik.com\/#\/schema\/logo\/image\/"}},{"@type":"Person","@id":"https:\/\/kibrisdakik.com\/#\/schema\/person\/9cd9d437bbb44f72b73ba127e06d8e79","name":"admin","image":{"@type":"ImageObject","inLanguage":"tr","@id":"https:\/\/secure.gravatar.com\/avatar\/ccc17943b9d660506c869530f897617f7cb1c21a4bf30023f252596d83e1f007?s=96&d=mm&r=g","url":"https:\/\/secure.gravatar.com\/avatar\/ccc17943b9d660506c869530f897617f7cb1c21a4bf30023f252596d83e1f007?s=96&d=mm&r=g","contentUrl":"https:\/\/secure.gravatar.com\/avatar\/ccc17943b9d660506c869530f897617f7cb1c21a4bf30023f252596d83e1f007?s=96&d=mm&r=g","caption":"admin"},"sameAs":["https:\/\/kibrisdakik.com"],"url":"https:\/\/kibrisdakik.com\/?author=1"}]}},"_links":{"self":[{"href":"https:\/\/kibrisdakik.com\/index.php?rest_route=\/wp\/v2\/posts\/119656","targetHints":{"allow":["GET"]}}],"collection":[{"href":"https:\/\/kibrisdakik.com\/index.php?rest_route=\/wp\/v2\/posts"}],"about":[{"href":"https:\/\/kibrisdakik.com\/index.php?rest_route=\/wp\/v2\/types\/post"}],"author":[{"embeddable":true,"href":"https:\/\/kibrisdakik.com\/index.php?rest_route=\/wp\/v2\/users\/1"}],"replies":[{"embeddable":true,"href":"https:\/\/kibrisdakik.com\/index.php?rest_route=%2Fwp%2Fv2%2Fcomments&post=119656"}],"version-history":[{"count":0,"href":"https:\/\/kibrisdakik.com\/index.php?rest_route=\/wp\/v2\/posts\/119656\/revisions"}],"wp:featuredmedia":[{"embeddable":true,"href":"https:\/\/kibrisdakik.com\/index.php?rest_route=\/wp\/v2\/media\/119657"}],"wp:attachment":[{"href":"https:\/\/kibrisdakik.com\/index.php?rest_route=%2Fwp%2Fv2%2Fmedia&parent=119656"}],"wp:term":[{"taxonomy":"category","embeddable":true,"href":"https:\/\/kibrisdakik.com\/index.php?rest_route=%2Fwp%2Fv2%2Fcategories&post=119656"},{"taxonomy":"post_tag","embeddable":true,"href":"https:\/\/kibrisdakik.com\/index.php?rest_route=%2Fwp%2Fv2%2Ftags&post=119656"}],"curies":[{"name":"wp","href":"https:\/\/api.w.org\/{rel}","templated":true}]}}