{"id":119665,"date":"2026-09-01T10:04:05","date_gmt":"2026-09-01T07:04:05","guid":{"rendered":"https:\/\/kibrisdakik.com\/?p=119665"},"modified":"2026-09-01T10:04:05","modified_gmt":"2026-09-01T07:04:05","slug":"ustel-514-metredeki-batiga-ogleden-sonra-ulasilacak","status":"publish","type":"post","link":"https:\/\/kibrisdakik.com\/?p=119665","title":{"rendered":"\u00dcSTEL: 514 METREDEK\u0130 BATI\u011eA \u00d6\u011eLEDEN SONRA ULA\u015eILACAK"},"content":{"rendered":"<p><\/p>\n<div data-text-id=\"207105\" property=\"articleBody\">\n<p>\u00dcSTEL: GEM\u0130 FAC\u0130ASINDA 20 K\u0130\u015e\u0130 KAYIP, ARAMA-KURTARMA \u00c7ALI\u015eMALARI S\u00dcR\u00dcYOR<\/p>\n<p>Ba\u015fbakan \u00dcnal \u00dcstel, Girne a\u00e7\u0131klar\u0131nda meydana gelen ve 8 ki\u015finin hayat\u0131n\u0131 kaybetti\u011fi gemi facias\u0131n\u0131n ard\u0131ndan Girne Turizm Liman\u0131\u2019nda kurulan kriz merkezinde y\u00fcr\u00fct\u00fclen \u00e7al\u0131\u015fmalar\u0131 takip etti ve kay\u0131p yak\u0131nlar\u0131yla g\u00f6r\u00fc\u015ft\u00fc.<\/p>\n<p>\u00dcstel, arama-kurtarma \u00e7al\u0131\u015fmalar\u0131n\u0131n t\u00fcm ilgili birimlerin koordinasyonuyla 24 saat esas\u0131na g\u00f6re s\u00fcrd\u00fcr\u00fcld\u00fc\u011f\u00fcn\u00fc belirtti. Gemide bulunanlar\u0131n yolcu listeleri ile kurtar\u0131lan ki\u015filerin isimlerinin kar\u015f\u0131la\u015ft\u0131r\u0131lmas\u0131 sonucunda 20 ki\u015finin kay\u0131p oldu\u011funun belirlendi\u011fini a\u00e7\u0131klayan \u00dcstel, hayat\u0131n\u0131 kaybeden 8 ki\u015fi ile kay\u0131p 20 ki\u015finin isimlerinin tespit edildi\u011fini s\u00f6yledi.<\/p>\n<p>Hayat\u0131n\u0131 kaybedenlerin cenazelerinin ailelerine teslim edilmeye ba\u015fland\u0131\u011f\u0131n\u0131 belirten \u00dcstel, kay\u0131p ki\u015filere ula\u015f\u0131lmas\u0131 amac\u0131yla \u00e7al\u0131\u015fmalar\u0131n kesintisiz s\u00fcrd\u00fcr\u00fcld\u00fc\u011f\u00fcn\u00fc ifade etti.<\/p>\n<h2>GEM\u0130 KISA S\u00dcREDE SUYA BATTI<\/h2>\n<p>\u00dcstel, d\u00fcn Girne Liman\u0131\u2019ndan hareket eden yolcu gemisinin k\u0131sa s\u00fcre i\u00e7erisinde yard\u0131m \u00e7a\u011fr\u0131s\u0131 verdi\u011fini s\u00f6yledi.<\/p>\n<p>Sahil G\u00fcvenlik, arama-kurtarma ekipleri ve sivil unsurlar\u0131n olay\u0131n ard\u0131ndan en k\u0131sa s\u00fcrede b\u00f6lgeye ula\u015ft\u0131\u011f\u0131n\u0131 belirten \u00dcstel, geminin \u00e7ok k\u0131sa s\u00fcre i\u00e7erisinde suya batt\u0131\u011f\u0131n\u0131 kaydetti.<\/p>\n<p>Gemide bulunan yolcular\u0131n b\u00fcy\u00fck b\u00f6l\u00fcm\u00fcn\u00fcn kurtar\u0131ld\u0131\u011f\u0131n\u0131 ifade eden \u00dcstel, 8 ki\u015finin hayat\u0131n\u0131 kaybetti\u011fini, 20 ki\u015fiye ise halen ula\u015f\u0131lamad\u0131\u011f\u0131n\u0131 a\u00e7\u0131klad\u0131.<\/p>\n<p>Kurtar\u0131lan yaral\u0131lar\u0131n Girne Dr. Ak\u00e7i\u00e7ek Hastanesi, Girne Asker Hastanesi, Lefko\u015fa Dr. Burhan Nalbanto\u011flu Devlet Hastanesi ve Yak\u0131n Do\u011fu Hastanesi\u2019ne sevk edildi\u011fini belirten \u00dcstel, arama-kurtarma \u00e7al\u0131\u015fmalar\u0131n\u0131n devam etti\u011fini s\u00f6yledi.<\/p>\n<h2>ARAMA-KURTARMA \u00c7ALI\u015eMALARI GEN\u0130\u015eLET\u0130LD\u0130<\/h2>\n<p>\u00dcstel, Polis Genel M\u00fcd\u00fcrl\u00fc\u011f\u00fc, G\u00fcvenlik Kuvvetleri, Bar\u0131\u015f Kuvvetleri ve ilgili t\u00fcm birimlerin \u00e7al\u0131\u015fmalar\u0131n\u0131 s\u00fcrd\u00fcrd\u00fc\u011f\u00fcn\u00fc belirtti.<\/p>\n<p>T\u00fcrkiye Cumhuriyeti\u2019nin de gemi, helikopter, u\u00e7ak ve arama-kurtarma ekipleriyle \u00e7al\u0131\u015fmalara destek verdi\u011fini ifade eden \u00dcstel, gece saatlerinden itibaren s\u00fcrd\u00fcr\u00fclen \u00e7al\u0131\u015fmalara ilave unsurlar\u0131n da dahil edildi\u011fini kaydetti.<\/p>\n<p>Arama-kurtarma faaliyetlerinin 24 saat esas\u0131na g\u00f6re kesintisiz s\u00fcrd\u00fcr\u00fcld\u00fc\u011f\u00fcn\u00fc belirten \u00dcstel, deniz ve hava unsurlar\u0131n\u0131n kat\u0131l\u0131m\u0131yla arama alan\u0131n\u0131n geni\u015fletildi\u011fini s\u00f6yledi.<\/p>\n<p>T\u00fcrkiye Cumhurba\u015fkan\u0131 Recep Tayyip Erdo\u011fan, Cumhurba\u015fkan\u0131 Yard\u0131mc\u0131s\u0131 Cevdet Y\u0131lmaz ve MHP Genel Ba\u015fkan\u0131 Devlet Bah\u00e7eli\u2019nin yan\u0131 s\u0131ra T\u00fcrkiye\u2019deki ilgili h\u00fck\u00fcmet yetkililerinin de s\u00fcreci yak\u0131ndan takip etti\u011fini ve geli\u015fmeler hakk\u0131nda bilgi ald\u0131\u011f\u0131n\u0131 belirtti.<\/p>\n<h2>514 METRE DER\u0130NL\u0130KTEK\u0130 BATI\u011eA ULA\u015eILMASI HEDEFLEN\u0130YOR<\/h2>\n<p>\u00dcstel, arama-kurtarma \u00e7al\u0131\u015fmalar\u0131nda \u00f6nemli bir a\u015famaya ge\u00e7ilmesinin beklendi\u011fini a\u00e7\u0131klad\u0131.<\/p>\n<p>Yakla\u015f\u0131k 514 metre derinlikte bulunan bat\u0131\u011fa ula\u015f\u0131lmas\u0131 amac\u0131yla \u00c7anakkale\u2019den bir arama-kurtarma gemisinin b\u00f6lgeye do\u011fru hareket etti\u011fini belirten \u00dcstel, s\u00f6z konusu geminin derin deniz \u00e7al\u0131\u015fmalar\u0131na uygun kapasiteye sahip oldu\u011funu s\u00f6yledi.<\/p>\n<p>\u00dcstel, \u201c\u00d6\u011fleden sonra, in\u015fallah 514 metre suya g\u00f6m\u00fclen gemiye ula\u015f\u0131lacak\u201d dedi.<\/p>\n<p>Derine dal\u0131\u015f yapabilen gemi arac\u0131l\u0131\u011f\u0131yla bat\u0131\u011fa ula\u015f\u0131lmas\u0131n\u0131n ve geminin i\u00e7erisinde herhangi bir ki\u015fi ya da bulgu bulunup bulunmad\u0131\u011f\u0131n\u0131n belirlenmesinin hedeflendi\u011fini ifade eden \u00dcstel, yap\u0131lacak \u00e7al\u0131\u015fmalar\u0131n ard\u0131ndan elde edilen bilgilerin kamuoyuyla payla\u015f\u0131laca\u011f\u0131n\u0131 kaydetti.<\/p>\n<h2>\u201c20 \u0130NSANIMIZA ULA\u015eMAK \u0130\u00c7\u0130N \u00c7ALI\u015eMALAR SON S\u00dcRAT DEVAM ED\u0130YOR\u201d<\/h2>\n<p>Girne Turizm Liman\u0131\u2019nda bekleyen ailelerle de g\u00f6r\u00fc\u015fen \u00dcstel, ailelerin ya\u015fad\u0131\u011f\u0131 endi\u015feyi payla\u015ft\u0131\u011f\u0131n\u0131 belirtti.<\/p>\n<p>\u201cAc\u0131m\u0131z \u00e7ok b\u00fcy\u00fck. Hepimizin ba\u015f\u0131 sa\u011f olsun\u201d diyen \u00dcstel, hem T\u00fcrkiye Cumhuriyeti hem de KKTC olarak kay\u0131p 20 ki\u015fiye ula\u015fmak i\u00e7in t\u00fcm imk\u00e2nlar\u0131n seferber edildi\u011fini s\u00f6yledi.<\/p>\n<p>\u00dcstel, \u201c20 insan\u0131m\u0131za ula\u015fmak i\u00e7in \u00e7al\u0131\u015fmalar son s\u00fcrat devam ediyor\u201d ifadelerini kulland\u0131.<\/p>\n<\/p><\/div>\n","protected":false},"excerpt":{"rendered":"<p>\u00dcSTEL: GEM\u0130 FAC\u0130ASINDA 20 K\u0130\u015e\u0130 KAYIP, ARAMA-KURTARMA \u00c7ALI\u015eMALARI S\u00dcR\u00dcYOR Ba\u015fbakan \u00dcnal \u00dcstel, Girne a\u00e7\u0131klar\u0131nda meydana gelen ve 8 ki\u015finin hayat\u0131n\u0131 kaybetti\u011fi gemi facias\u0131n\u0131n ard\u0131ndan Girne Turizm Liman\u0131\u2019nda kurulan kriz merkezinde y\u00fcr\u00fct\u00fclen \u00e7al\u0131\u015fmalar\u0131 takip etti ve kay\u0131p yak\u0131nlar\u0131yla g\u00f6r\u00fc\u015ft\u00fc. \u00dcstel, arama-kurtarma \u00e7al\u0131\u015fmalar\u0131n\u0131n t\u00fcm ilgili birimlerin koordinasyonuyla 24 saat esas\u0131na g\u00f6re s\u00fcrd\u00fcr\u00fcld\u00fc\u011f\u00fcn\u00fc belirtti. Gemide bulunanlar\u0131n yolcu listeleri<\/p>\n","protected":false},"author":1,"featured_media":119666,"comment_status":"open","ping_status":"open","sticky":false,"template":"","format":"standard","meta":{"footnotes":""},"categories":[81],"tags":[],"class_list":["post-119665","post","type-post","status-publish","format-standard","has-post-thumbnail","hentry","category-kibris"],"yoast_head":"<!-- This site is optimized with the Yoast SEO plugin v28.3 - https:\/\/yoast.com\/product\/yoast-seo-wordpress\/ -->\n<title>\u00dcSTEL: 514 METREDEK\u0130 BATI\u011eA \u00d6\u011eLEDEN SONRA ULA\u015eILACAK -<\/title>\n<meta name=\"robots\" content=\"index, follow, max-snippet:-1, max-image-preview:large, max-video-preview:-1\" \/>\n<link rel=\"canonical\" href=\"https:\/\/kibrisdakik.com\/?p=119665\" \/>\n<meta property=\"og:locale\" content=\"tr_TR\" \/>\n<meta property=\"og:type\" content=\"article\" \/>\n<meta property=\"og:title\" content=\"\u00dcSTEL: 514 METREDEK\u0130 BATI\u011eA \u00d6\u011eLEDEN SONRA ULA\u015eILACAK -\" \/>\n<meta property=\"og:description\" content=\"\u00dcSTEL: GEM\u0130 FAC\u0130ASINDA 20 K\u0130\u015e\u0130 KAYIP, ARAMA-KURTARMA \u00c7ALI\u015eMALARI S\u00dcR\u00dcYOR Ba\u015fbakan \u00dcnal \u00dcstel, Girne a\u00e7\u0131klar\u0131nda meydana gelen ve 8 ki\u015finin hayat\u0131n\u0131 kaybetti\u011fi gemi facias\u0131n\u0131n ard\u0131ndan Girne Turizm Liman\u0131\u2019nda kurulan kriz merkezinde y\u00fcr\u00fct\u00fclen \u00e7al\u0131\u015fmalar\u0131 takip etti ve kay\u0131p yak\u0131nlar\u0131yla g\u00f6r\u00fc\u015ft\u00fc. \u00dcstel, arama-kurtarma \u00e7al\u0131\u015fmalar\u0131n\u0131n t\u00fcm ilgili birimlerin koordinasyonuyla 24 saat esas\u0131na g\u00f6re s\u00fcrd\u00fcr\u00fcld\u00fc\u011f\u00fcn\u00fc belirtti. Gemide bulunanlar\u0131n yolcu listeleri\" \/>\n<meta property=\"og:url\" content=\"https:\/\/kibrisdakik.com\/?p=119665\" \/>\n<meta property=\"article:published_time\" content=\"2026-09-01T07:04:05+00:00\" \/>\n<meta property=\"og:image\" content=\"https:\/\/mhahabercom.teimg.com\/crop\/1280x720\/mhahaber-com\/uploads\/2026\/09\/mha-sari-beyaz-7642.png\" \/>\n<meta name=\"author\" content=\"admin\" \/>\n<meta name=\"twitter:card\" content=\"summary_large_image\" \/>\n<meta name=\"twitter:label1\" content=\"Yazan:\" \/>\n\t<meta name=\"twitter:data1\" content=\"admin\" \/>\n\t<meta name=\"twitter:label2\" content=\"Tahmini okuma s\u00fcresi\" \/>\n\t<meta name=\"twitter:data2\" content=\"3 dakika\" \/>\n<script type=\"application\/ld+json\" class=\"yoast-schema-graph\">{\"@context\":\"https:\\\/\\\/schema.org\",\"@graph\":[{\"@type\":\"Article\",\"@id\":\"https:\\\/\\\/kibrisdakik.com\\\/?p=119665#article\",\"isPartOf\":{\"@id\":\"https:\\\/\\\/kibrisdakik.com\\\/?p=119665\"},\"author\":{\"name\":\"admin\",\"@id\":\"https:\\\/\\\/kibrisdakik.com\\\/#\\\/schema\\\/person\\\/9cd9d437bbb44f72b73ba127e06d8e79\"},\"headline\":\"\u00dcSTEL: 514 METREDEK\u0130 BATI\u011eA \u00d6\u011eLEDEN SONRA ULA\u015eILACAK\",\"datePublished\":\"2026-09-01T07:04:05+00:00\",\"mainEntityOfPage\":{\"@id\":\"https:\\\/\\\/kibrisdakik.com\\\/?p=119665\"},\"wordCount\":680,\"commentCount\":0,\"publisher\":{\"@id\":\"https:\\\/\\\/kibrisdakik.com\\\/#organization\"},\"image\":{\"@id\":\"https:\\\/\\\/kibrisdakik.com\\\/?p=119665#primaryimage\"},\"thumbnailUrl\":\"https:\\\/\\\/kibrisdakik.com\\\/wp-content\\\/uploads\\\/2026\\\/09\\\/mha-sari-beyaz-7642.png\",\"articleSection\":[\"K\u0131br\u0131s\"],\"inLanguage\":\"tr\",\"potentialAction\":[{\"@type\":\"CommentAction\",\"name\":\"Comment\",\"target\":[\"https:\\\/\\\/kibrisdakik.com\\\/?p=119665#respond\"]}]},{\"@type\":\"WebPage\",\"@id\":\"https:\\\/\\\/kibrisdakik.com\\\/?p=119665\",\"url\":\"https:\\\/\\\/kibrisdakik.com\\\/?p=119665\",\"name\":\"\u00dcSTEL: 514 METREDEK\u0130 BATI\u011eA \u00d6\u011eLEDEN SONRA ULA\u015eILACAK -\",\"isPartOf\":{\"@id\":\"https:\\\/\\\/kibrisdakik.com\\\/#website\"},\"primaryImageOfPage\":{\"@id\":\"https:\\\/\\\/kibrisdakik.com\\\/?p=119665#primaryimage\"},\"image\":{\"@id\":\"https:\\\/\\\/kibrisdakik.com\\\/?p=119665#primaryimage\"},\"thumbnailUrl\":\"https:\\\/\\\/kibrisdakik.com\\\/wp-content\\\/uploads\\\/2026\\\/09\\\/mha-sari-beyaz-7642.png\",\"datePublished\":\"2026-09-01T07:04:05+00:00\",\"breadcrumb\":{\"@id\":\"https:\\\/\\\/kibrisdakik.com\\\/?p=119665#breadcrumb\"},\"inLanguage\":\"tr\",\"potentialAction\":[{\"@type\":\"ReadAction\",\"target\":[\"https:\\\/\\\/kibrisdakik.com\\\/?p=119665\"]}]},{\"@type\":\"ImageObject\",\"inLanguage\":\"tr\",\"@id\":\"https:\\\/\\\/kibrisdakik.com\\\/?p=119665#primaryimage\",\"url\":\"https:\\\/\\\/kibrisdakik.com\\\/wp-content\\\/uploads\\\/2026\\\/09\\\/mha-sari-beyaz-7642.png\",\"contentUrl\":\"https:\\\/\\\/kibrisdakik.com\\\/wp-content\\\/uploads\\\/2026\\\/09\\\/mha-sari-beyaz-7642.png\",\"width\":1280,\"height\":720},{\"@type\":\"BreadcrumbList\",\"@id\":\"https:\\\/\\\/kibrisdakik.com\\\/?p=119665#breadcrumb\",\"itemListElement\":[{\"@type\":\"ListItem\",\"position\":1,\"name\":\"Home\",\"item\":\"https:\\\/\\\/kibrisdakik.com\\\/\"},{\"@type\":\"ListItem\",\"position\":2,\"name\":\"\u00dcSTEL: 514 METREDEK\u0130 BATI\u011eA \u00d6\u011eLEDEN SONRA ULA\u015eILACAK\"}]},{\"@type\":\"WebSite\",\"@id\":\"https:\\\/\\\/kibrisdakik.com\\\/#website\",\"url\":\"https:\\\/\\\/kibrisdakik.com\\\/\",\"name\":\"K\u0131br\u0131s Dakik\",\"description\":\"Tam vaktinde haber\",\"publisher\":{\"@id\":\"https:\\\/\\\/kibrisdakik.com\\\/#organization\"},\"potentialAction\":[{\"@type\":\"SearchAction\",\"target\":{\"@type\":\"EntryPoint\",\"urlTemplate\":\"https:\\\/\\\/kibrisdakik.com\\\/?s={search_term_string}\"},\"query-input\":{\"@type\":\"PropertyValueSpecification\",\"valueRequired\":true,\"valueName\":\"search_term_string\"}}],\"inLanguage\":\"tr\"},{\"@type\":\"Organization\",\"@id\":\"https:\\\/\\\/kibrisdakik.com\\\/#organization\",\"name\":\"K\u0131br\u0131s Dakik\",\"url\":\"https:\\\/\\\/kibrisdakik.com\\\/\",\"logo\":{\"@type\":\"ImageObject\",\"inLanguage\":\"tr\",\"@id\":\"https:\\\/\\\/kibrisdakik.com\\\/#\\\/schema\\\/logo\\\/image\\\/\",\"url\":\"https:\\\/\\\/kibrisdakik.com\\\/wp-content\\\/uploads\\\/2025\\\/10\\\/cropped-WhatsApp-Image-2025-10-02-at-12.58.31.jpeg\",\"contentUrl\":\"https:\\\/\\\/kibrisdakik.com\\\/wp-content\\\/uploads\\\/2025\\\/10\\\/cropped-WhatsApp-Image-2025-10-02-at-12.58.31.jpeg\",\"width\":1237,\"height\":190,\"caption\":\"K\u0131br\u0131s Dakik\"},\"image\":{\"@id\":\"https:\\\/\\\/kibrisdakik.com\\\/#\\\/schema\\\/logo\\\/image\\\/\"}},{\"@type\":\"Person\",\"@id\":\"https:\\\/\\\/kibrisdakik.com\\\/#\\\/schema\\\/person\\\/9cd9d437bbb44f72b73ba127e06d8e79\",\"name\":\"admin\",\"image\":{\"@type\":\"ImageObject\",\"inLanguage\":\"tr\",\"@id\":\"https:\\\/\\\/secure.gravatar.com\\\/avatar\\\/ccc17943b9d660506c869530f897617f7cb1c21a4bf30023f252596d83e1f007?s=96&d=mm&r=g\",\"url\":\"https:\\\/\\\/secure.gravatar.com\\\/avatar\\\/ccc17943b9d660506c869530f897617f7cb1c21a4bf30023f252596d83e1f007?s=96&d=mm&r=g\",\"contentUrl\":\"https:\\\/\\\/secure.gravatar.com\\\/avatar\\\/ccc17943b9d660506c869530f897617f7cb1c21a4bf30023f252596d83e1f007?s=96&d=mm&r=g\",\"caption\":\"admin\"},\"sameAs\":[\"https:\\\/\\\/kibrisdakik.com\"],\"url\":\"https:\\\/\\\/kibrisdakik.com\\\/?author=1\"}]}<\/script>\n<!-- \/ Yoast SEO plugin. -->","yoast_head_json":{"title":"\u00dcSTEL: 514 METREDEK\u0130 BATI\u011eA \u00d6\u011eLEDEN SONRA ULA\u015eILACAK -","robots":{"index":"index","follow":"follow","max-snippet":"max-snippet:-1","max-image-preview":"max-image-preview:large","max-video-preview":"max-video-preview:-1"},"canonical":"https:\/\/kibrisdakik.com\/?p=119665","og_locale":"tr_TR","og_type":"article","og_title":"\u00dcSTEL: 514 METREDEK\u0130 BATI\u011eA \u00d6\u011eLEDEN SONRA ULA\u015eILACAK -","og_description":"\u00dcSTEL: GEM\u0130 FAC\u0130ASINDA 20 K\u0130\u015e\u0130 KAYIP, ARAMA-KURTARMA \u00c7ALI\u015eMALARI S\u00dcR\u00dcYOR Ba\u015fbakan \u00dcnal \u00dcstel, Girne a\u00e7\u0131klar\u0131nda meydana gelen ve 8 ki\u015finin hayat\u0131n\u0131 kaybetti\u011fi gemi facias\u0131n\u0131n ard\u0131ndan Girne Turizm Liman\u0131\u2019nda kurulan kriz merkezinde y\u00fcr\u00fct\u00fclen \u00e7al\u0131\u015fmalar\u0131 takip etti ve kay\u0131p yak\u0131nlar\u0131yla g\u00f6r\u00fc\u015ft\u00fc. \u00dcstel, arama-kurtarma \u00e7al\u0131\u015fmalar\u0131n\u0131n t\u00fcm ilgili birimlerin koordinasyonuyla 24 saat esas\u0131na g\u00f6re s\u00fcrd\u00fcr\u00fcld\u00fc\u011f\u00fcn\u00fc belirtti. Gemide bulunanlar\u0131n yolcu listeleri","og_url":"https:\/\/kibrisdakik.com\/?p=119665","article_published_time":"2026-09-01T07:04:05+00:00","og_image":[{"url":"https:\/\/mhahabercom.teimg.com\/crop\/1280x720\/mhahaber-com\/uploads\/2026\/09\/mha-sari-beyaz-7642.png","type":"","width":"","height":""}],"author":"admin","twitter_card":"summary_large_image","twitter_misc":{"Yazan:":"admin","Tahmini okuma s\u00fcresi":"3 dakika"},"schema":{"@context":"https:\/\/schema.org","@graph":[{"@type":"Article","@id":"https:\/\/kibrisdakik.com\/?p=119665#article","isPartOf":{"@id":"https:\/\/kibrisdakik.com\/?p=119665"},"author":{"name":"admin","@id":"https:\/\/kibrisdakik.com\/#\/schema\/person\/9cd9d437bbb44f72b73ba127e06d8e79"},"headline":"\u00dcSTEL: 514 METREDEK\u0130 BATI\u011eA \u00d6\u011eLEDEN SONRA ULA\u015eILACAK","datePublished":"2026-09-01T07:04:05+00:00","mainEntityOfPage":{"@id":"https:\/\/kibrisdakik.com\/?p=119665"},"wordCount":680,"commentCount":0,"publisher":{"@id":"https:\/\/kibrisdakik.com\/#organization"},"image":{"@id":"https:\/\/kibrisdakik.com\/?p=119665#primaryimage"},"thumbnailUrl":"https:\/\/kibrisdakik.com\/wp-content\/uploads\/2026\/09\/mha-sari-beyaz-7642.png","articleSection":["K\u0131br\u0131s"],"inLanguage":"tr","potentialAction":[{"@type":"CommentAction","name":"Comment","target":["https:\/\/kibrisdakik.com\/?p=119665#respond"]}]},{"@type":"WebPage","@id":"https:\/\/kibrisdakik.com\/?p=119665","url":"https:\/\/kibrisdakik.com\/?p=119665","name":"\u00dcSTEL: 514 METREDEK\u0130 BATI\u011eA \u00d6\u011eLEDEN SONRA ULA\u015eILACAK -","isPartOf":{"@id":"https:\/\/kibrisdakik.com\/#website"},"primaryImageOfPage":{"@id":"https:\/\/kibrisdakik.com\/?p=119665#primaryimage"},"image":{"@id":"https:\/\/kibrisdakik.com\/?p=119665#primaryimage"},"thumbnailUrl":"https:\/\/kibrisdakik.com\/wp-content\/uploads\/2026\/09\/mha-sari-beyaz-7642.png","datePublished":"2026-09-01T07:04:05+00:00","breadcrumb":{"@id":"https:\/\/kibrisdakik.com\/?p=119665#breadcrumb"},"inLanguage":"tr","potentialAction":[{"@type":"ReadAction","target":["https:\/\/kibrisdakik.com\/?p=119665"]}]},{"@type":"ImageObject","inLanguage":"tr","@id":"https:\/\/kibrisdakik.com\/?p=119665#primaryimage","url":"https:\/\/kibrisdakik.com\/wp-content\/uploads\/2026\/09\/mha-sari-beyaz-7642.png","contentUrl":"https:\/\/kibrisdakik.com\/wp-content\/uploads\/2026\/09\/mha-sari-beyaz-7642.png","width":1280,"height":720},{"@type":"BreadcrumbList","@id":"https:\/\/kibrisdakik.com\/?p=119665#breadcrumb","itemListElement":[{"@type":"ListItem","position":1,"name":"Home","item":"https:\/\/kibrisdakik.com\/"},{"@type":"ListItem","position":2,"name":"\u00dcSTEL: 514 METREDEK\u0130 BATI\u011eA \u00d6\u011eLEDEN SONRA ULA\u015eILACAK"}]},{"@type":"WebSite","@id":"https:\/\/kibrisdakik.com\/#website","url":"https:\/\/kibrisdakik.com\/","name":"K\u0131br\u0131s Dakik","description":"Tam vaktinde haber","publisher":{"@id":"https:\/\/kibrisdakik.com\/#organization"},"potentialAction":[{"@type":"SearchAction","target":{"@type":"EntryPoint","urlTemplate":"https:\/\/kibrisdakik.com\/?s={search_term_string}"},"query-input":{"@type":"PropertyValueSpecification","valueRequired":true,"valueName":"search_term_string"}}],"inLanguage":"tr"},{"@type":"Organization","@id":"https:\/\/kibrisdakik.com\/#organization","name":"K\u0131br\u0131s Dakik","url":"https:\/\/kibrisdakik.com\/","logo":{"@type":"ImageObject","inLanguage":"tr","@id":"https:\/\/kibrisdakik.com\/#\/schema\/logo\/image\/","url":"https:\/\/kibrisdakik.com\/wp-content\/uploads\/2025\/10\/cropped-WhatsApp-Image-2025-10-02-at-12.58.31.jpeg","contentUrl":"https:\/\/kibrisdakik.com\/wp-content\/uploads\/2025\/10\/cropped-WhatsApp-Image-2025-10-02-at-12.58.31.jpeg","width":1237,"height":190,"caption":"K\u0131br\u0131s Dakik"},"image":{"@id":"https:\/\/kibrisdakik.com\/#\/schema\/logo\/image\/"}},{"@type":"Person","@id":"https:\/\/kibrisdakik.com\/#\/schema\/person\/9cd9d437bbb44f72b73ba127e06d8e79","name":"admin","image":{"@type":"ImageObject","inLanguage":"tr","@id":"https:\/\/secure.gravatar.com\/avatar\/ccc17943b9d660506c869530f897617f7cb1c21a4bf30023f252596d83e1f007?s=96&d=mm&r=g","url":"https:\/\/secure.gravatar.com\/avatar\/ccc17943b9d660506c869530f897617f7cb1c21a4bf30023f252596d83e1f007?s=96&d=mm&r=g","contentUrl":"https:\/\/secure.gravatar.com\/avatar\/ccc17943b9d660506c869530f897617f7cb1c21a4bf30023f252596d83e1f007?s=96&d=mm&r=g","caption":"admin"},"sameAs":["https:\/\/kibrisdakik.com"],"url":"https:\/\/kibrisdakik.com\/?author=1"}]}},"_links":{"self":[{"href":"https:\/\/kibrisdakik.com\/index.php?rest_route=\/wp\/v2\/posts\/119665","targetHints":{"allow":["GET"]}}],"collection":[{"href":"https:\/\/kibrisdakik.com\/index.php?rest_route=\/wp\/v2\/posts"}],"about":[{"href":"https:\/\/kibrisdakik.com\/index.php?rest_route=\/wp\/v2\/types\/post"}],"author":[{"embeddable":true,"href":"https:\/\/kibrisdakik.com\/index.php?rest_route=\/wp\/v2\/users\/1"}],"replies":[{"embeddable":true,"href":"https:\/\/kibrisdakik.com\/index.php?rest_route=%2Fwp%2Fv2%2Fcomments&post=119665"}],"version-history":[{"count":0,"href":"https:\/\/kibrisdakik.com\/index.php?rest_route=\/wp\/v2\/posts\/119665\/revisions"}],"wp:featuredmedia":[{"embeddable":true,"href":"https:\/\/kibrisdakik.com\/index.php?rest_route=\/wp\/v2\/media\/119666"}],"wp:attachment":[{"href":"https:\/\/kibrisdakik.com\/index.php?rest_route=%2Fwp%2Fv2%2Fmedia&parent=119665"}],"wp:term":[{"taxonomy":"category","embeddable":true,"href":"https:\/\/kibrisdakik.com\/index.php?rest_route=%2Fwp%2Fv2%2Fcategories&post=119665"},{"taxonomy":"post_tag","embeddable":true,"href":"https:\/\/kibrisdakik.com\/index.php?rest_route=%2Fwp%2Fv2%2Ftags&post=119665"}],"curies":[{"name":"wp","href":"https:\/\/api.w.org\/{rel}","templated":true}]}}