{"id":119675,"date":"2026-09-01T12:33:24","date_gmt":"2026-09-01T09:33:24","guid":{"rendered":"https:\/\/kibrisdakik.com\/?p=119675"},"modified":"2026-09-01T12:33:24","modified_gmt":"2026-09-01T09:33:24","slug":"senkul-gemi-seferleri-konusunda-vatandaslar-magdur-edildi","status":"publish","type":"post","link":"https:\/\/kibrisdakik.com\/?p=119675","title":{"rendered":"\u015eENKUL: GEM\u0130 SEFERLER\u0130 KONUSUNDA VATANDA\u015eLAR MA\u011eDUR ED\u0130LD\u0130"},"content":{"rendered":"<p><\/p>\n<div data-text-id=\"207113\" property=\"articleBody\">\n<p>Girne Belediye Ba\u015fkan\u0131 Murat \u015eenkul, gemi seferleriyle ilgili ya\u015fanan belirsizli\u011fe tepki g\u00f6stererek, h\u00fck\u00fcmetin a\u00e7\u0131klamalar\u0131ndaki tutars\u0131zl\u0131\u011f\u0131n vatanda\u015flar\u0131 ma\u011fdur etti\u011fini s\u00f6yledi.<\/p>\n<p>\u015eenkul, Ba\u015fbakan \u00dcnal \u00dcstel\u2019in d\u00fcn ak\u015fam yapt\u0131\u011f\u0131 \u201cYar\u0131ndan itibaren gemi seferleri ba\u015flayacak\u201d a\u00e7\u0131klamas\u0131n\u0131n ard\u0131ndan y\u00fczlerce ki\u015finin seferlerin ba\u015flayaca\u011f\u0131 d\u00fc\u015f\u00fcncesiyle bilet ald\u0131\u011f\u0131n\u0131 belirtti.<\/p>\n<p>Ba\u015fbakan\u0131n a\u00e7\u0131klamas\u0131n\u0131 bizzat izledi\u011fini ifade eden \u015eenkul, k\u0131sa s\u00fcre sonra ise \u201cExpress seferlerine izin vermedik\u201d y\u00f6n\u00fcnde yeni bir bilginin ortaya \u00e7\u0131kt\u0131\u011f\u0131n\u0131 kaydetti.<\/p>\n<p>Ya\u015fanan geli\u015fmenin vatanda\u015flarda b\u00fcy\u00fck bir ma\u011fduriyete neden oldu\u011funu belirten \u015eenkul, h\u00fck\u00fcmetin a\u00e7\u0131klamalar\u0131 aras\u0131ndaki \u00e7eli\u015fkiye tepki g\u00f6sterdi.<\/p>\n<p>\u015eenkul, \u201cBu mudur devlet ciddiyeti? Bu mudur \u00fclke y\u00f6netmek?\u201d ifadelerini kulland\u0131.<\/p>\n<p>Vatanda\u015flar\u0131n ya\u015fanan belirsizlik nedeniyle kendisini arayarak yard\u0131m istedi\u011fini belirten \u015eenkul, \u00e7ok say\u0131da ki\u015finin ma\u011fdur oldu\u011funu s\u00f6yledi.<\/p>\n<p>\u201cPeri\u015fan oldu d\u00fcnya kadar insan\u201d diyen \u015eenkul, tepkisini \u015fu s\u00f6zlerle dile getirdi:<\/p>\n<p>\u201c\u0130nan\u0131n hepimizi yordunuz. Kusura bakmay\u0131n ama ger\u00e7ekten ne yapt\u0131\u011f\u0131n\u0131z\u0131 bilmiyorsunuz.\u201d<\/p>\n<\/p><\/div>\n","protected":false},"excerpt":{"rendered":"<p>Girne Belediye Ba\u015fkan\u0131 Murat \u015eenkul, gemi seferleriyle ilgili ya\u015fanan belirsizli\u011fe tepki g\u00f6stererek, h\u00fck\u00fcmetin a\u00e7\u0131klamalar\u0131ndaki tutars\u0131zl\u0131\u011f\u0131n vatanda\u015flar\u0131 ma\u011fdur etti\u011fini s\u00f6yledi. \u015eenkul, Ba\u015fbakan \u00dcnal \u00dcstel\u2019in d\u00fcn ak\u015fam yapt\u0131\u011f\u0131 \u201cYar\u0131ndan itibaren gemi seferleri ba\u015flayacak\u201d a\u00e7\u0131klamas\u0131n\u0131n ard\u0131ndan y\u00fczlerce ki\u015finin seferlerin ba\u015flayaca\u011f\u0131 d\u00fc\u015f\u00fcncesiyle bilet ald\u0131\u011f\u0131n\u0131 belirtti. Ba\u015fbakan\u0131n a\u00e7\u0131klamas\u0131n\u0131 bizzat izledi\u011fini ifade eden \u015eenkul, k\u0131sa s\u00fcre sonra ise \u201cExpress seferlerine izin<\/p>\n","protected":false},"author":1,"featured_media":119676,"comment_status":"open","ping_status":"open","sticky":false,"template":"","format":"standard","meta":{"footnotes":""},"categories":[81],"tags":[],"class_list":["post-119675","post","type-post","status-publish","format-standard","has-post-thumbnail","hentry","category-kibris"],"yoast_head":"<!-- This site is optimized with the Yoast SEO plugin v28.3 - https:\/\/yoast.com\/product\/yoast-seo-wordpress\/ -->\n<title>\u015eENKUL: GEM\u0130 SEFERLER\u0130 KONUSUNDA VATANDA\u015eLAR MA\u011eDUR ED\u0130LD\u0130 -<\/title>\n<meta name=\"robots\" content=\"index, follow, max-snippet:-1, max-image-preview:large, max-video-preview:-1\" \/>\n<link rel=\"canonical\" href=\"https:\/\/kibrisdakik.com\/?p=119675\" \/>\n<meta property=\"og:locale\" content=\"tr_TR\" \/>\n<meta property=\"og:type\" content=\"article\" \/>\n<meta property=\"og:title\" content=\"\u015eENKUL: GEM\u0130 SEFERLER\u0130 KONUSUNDA VATANDA\u015eLAR MA\u011eDUR ED\u0130LD\u0130 -\" \/>\n<meta property=\"og:description\" content=\"Girne Belediye Ba\u015fkan\u0131 Murat \u015eenkul, gemi seferleriyle ilgili ya\u015fanan belirsizli\u011fe tepki g\u00f6stererek, h\u00fck\u00fcmetin a\u00e7\u0131klamalar\u0131ndaki tutars\u0131zl\u0131\u011f\u0131n vatanda\u015flar\u0131 ma\u011fdur etti\u011fini s\u00f6yledi. \u015eenkul, Ba\u015fbakan \u00dcnal \u00dcstel\u2019in d\u00fcn ak\u015fam yapt\u0131\u011f\u0131 \u201cYar\u0131ndan itibaren gemi seferleri ba\u015flayacak\u201d a\u00e7\u0131klamas\u0131n\u0131n ard\u0131ndan y\u00fczlerce ki\u015finin seferlerin ba\u015flayaca\u011f\u0131 d\u00fc\u015f\u00fcncesiyle bilet ald\u0131\u011f\u0131n\u0131 belirtti. Ba\u015fbakan\u0131n a\u00e7\u0131klamas\u0131n\u0131 bizzat izledi\u011fini ifade eden \u015eenkul, k\u0131sa s\u00fcre sonra ise \u201cExpress seferlerine izin\" \/>\n<meta property=\"og:url\" content=\"https:\/\/kibrisdakik.com\/?p=119675\" \/>\n<meta property=\"article:published_time\" content=\"2026-09-01T09:33:24+00:00\" \/>\n<meta property=\"og:image\" content=\"https:\/\/mhahabercom.teimg.com\/crop\/1280x720\/mhahaber-com\/uploads\/2026\/09\/mha-sari-beyaz-7647.png\" \/>\n<meta name=\"author\" content=\"admin\" \/>\n<meta name=\"twitter:card\" content=\"summary_large_image\" \/>\n<meta name=\"twitter:label1\" content=\"Yazan:\" \/>\n\t<meta name=\"twitter:data1\" content=\"admin\" \/>\n\t<meta name=\"twitter:label2\" content=\"Tahmini okuma s\u00fcresi\" \/>\n\t<meta name=\"twitter:data2\" content=\"1 dakika\" \/>\n<script type=\"application\/ld+json\" class=\"yoast-schema-graph\">{\"@context\":\"https:\\\/\\\/schema.org\",\"@graph\":[{\"@type\":\"Article\",\"@id\":\"https:\\\/\\\/kibrisdakik.com\\\/?p=119675#article\",\"isPartOf\":{\"@id\":\"https:\\\/\\\/kibrisdakik.com\\\/?p=119675\"},\"author\":{\"name\":\"admin\",\"@id\":\"https:\\\/\\\/kibrisdakik.com\\\/#\\\/schema\\\/person\\\/9cd9d437bbb44f72b73ba127e06d8e79\"},\"headline\":\"\u015eENKUL: GEM\u0130 SEFERLER\u0130 KONUSUNDA VATANDA\u015eLAR MA\u011eDUR ED\u0130LD\u0130\",\"datePublished\":\"2026-09-01T09:33:24+00:00\",\"mainEntityOfPage\":{\"@id\":\"https:\\\/\\\/kibrisdakik.com\\\/?p=119675\"},\"wordCount\":209,\"commentCount\":0,\"publisher\":{\"@id\":\"https:\\\/\\\/kibrisdakik.com\\\/#organization\"},\"image\":{\"@id\":\"https:\\\/\\\/kibrisdakik.com\\\/?p=119675#primaryimage\"},\"thumbnailUrl\":\"https:\\\/\\\/kibrisdakik.com\\\/wp-content\\\/uploads\\\/2026\\\/09\\\/mha-sari-beyaz-7647.png\",\"articleSection\":[\"K\u0131br\u0131s\"],\"inLanguage\":\"tr\",\"potentialAction\":[{\"@type\":\"CommentAction\",\"name\":\"Comment\",\"target\":[\"https:\\\/\\\/kibrisdakik.com\\\/?p=119675#respond\"]}]},{\"@type\":\"WebPage\",\"@id\":\"https:\\\/\\\/kibrisdakik.com\\\/?p=119675\",\"url\":\"https:\\\/\\\/kibrisdakik.com\\\/?p=119675\",\"name\":\"\u015eENKUL: GEM\u0130 SEFERLER\u0130 KONUSUNDA VATANDA\u015eLAR MA\u011eDUR ED\u0130LD\u0130 -\",\"isPartOf\":{\"@id\":\"https:\\\/\\\/kibrisdakik.com\\\/#website\"},\"primaryImageOfPage\":{\"@id\":\"https:\\\/\\\/kibrisdakik.com\\\/?p=119675#primaryimage\"},\"image\":{\"@id\":\"https:\\\/\\\/kibrisdakik.com\\\/?p=119675#primaryimage\"},\"thumbnailUrl\":\"https:\\\/\\\/kibrisdakik.com\\\/wp-content\\\/uploads\\\/2026\\\/09\\\/mha-sari-beyaz-7647.png\",\"datePublished\":\"2026-09-01T09:33:24+00:00\",\"breadcrumb\":{\"@id\":\"https:\\\/\\\/kibrisdakik.com\\\/?p=119675#breadcrumb\"},\"inLanguage\":\"tr\",\"potentialAction\":[{\"@type\":\"ReadAction\",\"target\":[\"https:\\\/\\\/kibrisdakik.com\\\/?p=119675\"]}]},{\"@type\":\"ImageObject\",\"inLanguage\":\"tr\",\"@id\":\"https:\\\/\\\/kibrisdakik.com\\\/?p=119675#primaryimage\",\"url\":\"https:\\\/\\\/kibrisdakik.com\\\/wp-content\\\/uploads\\\/2026\\\/09\\\/mha-sari-beyaz-7647.png\",\"contentUrl\":\"https:\\\/\\\/kibrisdakik.com\\\/wp-content\\\/uploads\\\/2026\\\/09\\\/mha-sari-beyaz-7647.png\",\"width\":1280,\"height\":720},{\"@type\":\"BreadcrumbList\",\"@id\":\"https:\\\/\\\/kibrisdakik.com\\\/?p=119675#breadcrumb\",\"itemListElement\":[{\"@type\":\"ListItem\",\"position\":1,\"name\":\"Home\",\"item\":\"https:\\\/\\\/kibrisdakik.com\\\/\"},{\"@type\":\"ListItem\",\"position\":2,\"name\":\"\u015eENKUL: GEM\u0130 SEFERLER\u0130 KONUSUNDA VATANDA\u015eLAR MA\u011eDUR ED\u0130LD\u0130\"}]},{\"@type\":\"WebSite\",\"@id\":\"https:\\\/\\\/kibrisdakik.com\\\/#website\",\"url\":\"https:\\\/\\\/kibrisdakik.com\\\/\",\"name\":\"K\u0131br\u0131s Dakik\",\"description\":\"Tam vaktinde haber\",\"publisher\":{\"@id\":\"https:\\\/\\\/kibrisdakik.com\\\/#organization\"},\"potentialAction\":[{\"@type\":\"SearchAction\",\"target\":{\"@type\":\"EntryPoint\",\"urlTemplate\":\"https:\\\/\\\/kibrisdakik.com\\\/?s={search_term_string}\"},\"query-input\":{\"@type\":\"PropertyValueSpecification\",\"valueRequired\":true,\"valueName\":\"search_term_string\"}}],\"inLanguage\":\"tr\"},{\"@type\":\"Organization\",\"@id\":\"https:\\\/\\\/kibrisdakik.com\\\/#organization\",\"name\":\"K\u0131br\u0131s Dakik\",\"url\":\"https:\\\/\\\/kibrisdakik.com\\\/\",\"logo\":{\"@type\":\"ImageObject\",\"inLanguage\":\"tr\",\"@id\":\"https:\\\/\\\/kibrisdakik.com\\\/#\\\/schema\\\/logo\\\/image\\\/\",\"url\":\"https:\\\/\\\/kibrisdakik.com\\\/wp-content\\\/uploads\\\/2025\\\/10\\\/cropped-WhatsApp-Image-2025-10-02-at-12.58.31.jpeg\",\"contentUrl\":\"https:\\\/\\\/kibrisdakik.com\\\/wp-content\\\/uploads\\\/2025\\\/10\\\/cropped-WhatsApp-Image-2025-10-02-at-12.58.31.jpeg\",\"width\":1237,\"height\":190,\"caption\":\"K\u0131br\u0131s Dakik\"},\"image\":{\"@id\":\"https:\\\/\\\/kibrisdakik.com\\\/#\\\/schema\\\/logo\\\/image\\\/\"}},{\"@type\":\"Person\",\"@id\":\"https:\\\/\\\/kibrisdakik.com\\\/#\\\/schema\\\/person\\\/9cd9d437bbb44f72b73ba127e06d8e79\",\"name\":\"admin\",\"image\":{\"@type\":\"ImageObject\",\"inLanguage\":\"tr\",\"@id\":\"https:\\\/\\\/secure.gravatar.com\\\/avatar\\\/ccc17943b9d660506c869530f897617f7cb1c21a4bf30023f252596d83e1f007?s=96&d=mm&r=g\",\"url\":\"https:\\\/\\\/secure.gravatar.com\\\/avatar\\\/ccc17943b9d660506c869530f897617f7cb1c21a4bf30023f252596d83e1f007?s=96&d=mm&r=g\",\"contentUrl\":\"https:\\\/\\\/secure.gravatar.com\\\/avatar\\\/ccc17943b9d660506c869530f897617f7cb1c21a4bf30023f252596d83e1f007?s=96&d=mm&r=g\",\"caption\":\"admin\"},\"sameAs\":[\"https:\\\/\\\/kibrisdakik.com\"],\"url\":\"https:\\\/\\\/kibrisdakik.com\\\/?author=1\"}]}<\/script>\n<!-- \/ Yoast SEO plugin. -->","yoast_head_json":{"title":"\u015eENKUL: GEM\u0130 SEFERLER\u0130 KONUSUNDA VATANDA\u015eLAR MA\u011eDUR ED\u0130LD\u0130 -","robots":{"index":"index","follow":"follow","max-snippet":"max-snippet:-1","max-image-preview":"max-image-preview:large","max-video-preview":"max-video-preview:-1"},"canonical":"https:\/\/kibrisdakik.com\/?p=119675","og_locale":"tr_TR","og_type":"article","og_title":"\u015eENKUL: GEM\u0130 SEFERLER\u0130 KONUSUNDA VATANDA\u015eLAR MA\u011eDUR ED\u0130LD\u0130 -","og_description":"Girne Belediye Ba\u015fkan\u0131 Murat \u015eenkul, gemi seferleriyle ilgili ya\u015fanan belirsizli\u011fe tepki g\u00f6stererek, h\u00fck\u00fcmetin a\u00e7\u0131klamalar\u0131ndaki tutars\u0131zl\u0131\u011f\u0131n vatanda\u015flar\u0131 ma\u011fdur etti\u011fini s\u00f6yledi. \u015eenkul, Ba\u015fbakan \u00dcnal \u00dcstel\u2019in d\u00fcn ak\u015fam yapt\u0131\u011f\u0131 \u201cYar\u0131ndan itibaren gemi seferleri ba\u015flayacak\u201d a\u00e7\u0131klamas\u0131n\u0131n ard\u0131ndan y\u00fczlerce ki\u015finin seferlerin ba\u015flayaca\u011f\u0131 d\u00fc\u015f\u00fcncesiyle bilet ald\u0131\u011f\u0131n\u0131 belirtti. Ba\u015fbakan\u0131n a\u00e7\u0131klamas\u0131n\u0131 bizzat izledi\u011fini ifade eden \u015eenkul, k\u0131sa s\u00fcre sonra ise \u201cExpress seferlerine izin","og_url":"https:\/\/kibrisdakik.com\/?p=119675","article_published_time":"2026-09-01T09:33:24+00:00","og_image":[{"url":"https:\/\/mhahabercom.teimg.com\/crop\/1280x720\/mhahaber-com\/uploads\/2026\/09\/mha-sari-beyaz-7647.png","type":"","width":"","height":""}],"author":"admin","twitter_card":"summary_large_image","twitter_misc":{"Yazan:":"admin","Tahmini okuma s\u00fcresi":"1 dakika"},"schema":{"@context":"https:\/\/schema.org","@graph":[{"@type":"Article","@id":"https:\/\/kibrisdakik.com\/?p=119675#article","isPartOf":{"@id":"https:\/\/kibrisdakik.com\/?p=119675"},"author":{"name":"admin","@id":"https:\/\/kibrisdakik.com\/#\/schema\/person\/9cd9d437bbb44f72b73ba127e06d8e79"},"headline":"\u015eENKUL: GEM\u0130 SEFERLER\u0130 KONUSUNDA VATANDA\u015eLAR MA\u011eDUR ED\u0130LD\u0130","datePublished":"2026-09-01T09:33:24+00:00","mainEntityOfPage":{"@id":"https:\/\/kibrisdakik.com\/?p=119675"},"wordCount":209,"commentCount":0,"publisher":{"@id":"https:\/\/kibrisdakik.com\/#organization"},"image":{"@id":"https:\/\/kibrisdakik.com\/?p=119675#primaryimage"},"thumbnailUrl":"https:\/\/kibrisdakik.com\/wp-content\/uploads\/2026\/09\/mha-sari-beyaz-7647.png","articleSection":["K\u0131br\u0131s"],"inLanguage":"tr","potentialAction":[{"@type":"CommentAction","name":"Comment","target":["https:\/\/kibrisdakik.com\/?p=119675#respond"]}]},{"@type":"WebPage","@id":"https:\/\/kibrisdakik.com\/?p=119675","url":"https:\/\/kibrisdakik.com\/?p=119675","name":"\u015eENKUL: GEM\u0130 SEFERLER\u0130 KONUSUNDA VATANDA\u015eLAR MA\u011eDUR ED\u0130LD\u0130 -","isPartOf":{"@id":"https:\/\/kibrisdakik.com\/#website"},"primaryImageOfPage":{"@id":"https:\/\/kibrisdakik.com\/?p=119675#primaryimage"},"image":{"@id":"https:\/\/kibrisdakik.com\/?p=119675#primaryimage"},"thumbnailUrl":"https:\/\/kibrisdakik.com\/wp-content\/uploads\/2026\/09\/mha-sari-beyaz-7647.png","datePublished":"2026-09-01T09:33:24+00:00","breadcrumb":{"@id":"https:\/\/kibrisdakik.com\/?p=119675#breadcrumb"},"inLanguage":"tr","potentialAction":[{"@type":"ReadAction","target":["https:\/\/kibrisdakik.com\/?p=119675"]}]},{"@type":"ImageObject","inLanguage":"tr","@id":"https:\/\/kibrisdakik.com\/?p=119675#primaryimage","url":"https:\/\/kibrisdakik.com\/wp-content\/uploads\/2026\/09\/mha-sari-beyaz-7647.png","contentUrl":"https:\/\/kibrisdakik.com\/wp-content\/uploads\/2026\/09\/mha-sari-beyaz-7647.png","width":1280,"height":720},{"@type":"BreadcrumbList","@id":"https:\/\/kibrisdakik.com\/?p=119675#breadcrumb","itemListElement":[{"@type":"ListItem","position":1,"name":"Home","item":"https:\/\/kibrisdakik.com\/"},{"@type":"ListItem","position":2,"name":"\u015eENKUL: GEM\u0130 SEFERLER\u0130 KONUSUNDA VATANDA\u015eLAR MA\u011eDUR ED\u0130LD\u0130"}]},{"@type":"WebSite","@id":"https:\/\/kibrisdakik.com\/#website","url":"https:\/\/kibrisdakik.com\/","name":"K\u0131br\u0131s Dakik","description":"Tam vaktinde haber","publisher":{"@id":"https:\/\/kibrisdakik.com\/#organization"},"potentialAction":[{"@type":"SearchAction","target":{"@type":"EntryPoint","urlTemplate":"https:\/\/kibrisdakik.com\/?s={search_term_string}"},"query-input":{"@type":"PropertyValueSpecification","valueRequired":true,"valueName":"search_term_string"}}],"inLanguage":"tr"},{"@type":"Organization","@id":"https:\/\/kibrisdakik.com\/#organization","name":"K\u0131br\u0131s Dakik","url":"https:\/\/kibrisdakik.com\/","logo":{"@type":"ImageObject","inLanguage":"tr","@id":"https:\/\/kibrisdakik.com\/#\/schema\/logo\/image\/","url":"https:\/\/kibrisdakik.com\/wp-content\/uploads\/2025\/10\/cropped-WhatsApp-Image-2025-10-02-at-12.58.31.jpeg","contentUrl":"https:\/\/kibrisdakik.com\/wp-content\/uploads\/2025\/10\/cropped-WhatsApp-Image-2025-10-02-at-12.58.31.jpeg","width":1237,"height":190,"caption":"K\u0131br\u0131s Dakik"},"image":{"@id":"https:\/\/kibrisdakik.com\/#\/schema\/logo\/image\/"}},{"@type":"Person","@id":"https:\/\/kibrisdakik.com\/#\/schema\/person\/9cd9d437bbb44f72b73ba127e06d8e79","name":"admin","image":{"@type":"ImageObject","inLanguage":"tr","@id":"https:\/\/secure.gravatar.com\/avatar\/ccc17943b9d660506c869530f897617f7cb1c21a4bf30023f252596d83e1f007?s=96&d=mm&r=g","url":"https:\/\/secure.gravatar.com\/avatar\/ccc17943b9d660506c869530f897617f7cb1c21a4bf30023f252596d83e1f007?s=96&d=mm&r=g","contentUrl":"https:\/\/secure.gravatar.com\/avatar\/ccc17943b9d660506c869530f897617f7cb1c21a4bf30023f252596d83e1f007?s=96&d=mm&r=g","caption":"admin"},"sameAs":["https:\/\/kibrisdakik.com"],"url":"https:\/\/kibrisdakik.com\/?author=1"}]}},"_links":{"self":[{"href":"https:\/\/kibrisdakik.com\/index.php?rest_route=\/wp\/v2\/posts\/119675","targetHints":{"allow":["GET"]}}],"collection":[{"href":"https:\/\/kibrisdakik.com\/index.php?rest_route=\/wp\/v2\/posts"}],"about":[{"href":"https:\/\/kibrisdakik.com\/index.php?rest_route=\/wp\/v2\/types\/post"}],"author":[{"embeddable":true,"href":"https:\/\/kibrisdakik.com\/index.php?rest_route=\/wp\/v2\/users\/1"}],"replies":[{"embeddable":true,"href":"https:\/\/kibrisdakik.com\/index.php?rest_route=%2Fwp%2Fv2%2Fcomments&post=119675"}],"version-history":[{"count":0,"href":"https:\/\/kibrisdakik.com\/index.php?rest_route=\/wp\/v2\/posts\/119675\/revisions"}],"wp:featuredmedia":[{"embeddable":true,"href":"https:\/\/kibrisdakik.com\/index.php?rest_route=\/wp\/v2\/media\/119676"}],"wp:attachment":[{"href":"https:\/\/kibrisdakik.com\/index.php?rest_route=%2Fwp%2Fv2%2Fmedia&parent=119675"}],"wp:term":[{"taxonomy":"category","embeddable":true,"href":"https:\/\/kibrisdakik.com\/index.php?rest_route=%2Fwp%2Fv2%2Fcategories&post=119675"},{"taxonomy":"post_tag","embeddable":true,"href":"https:\/\/kibrisdakik.com\/index.php?rest_route=%2Fwp%2Fv2%2Ftags&post=119675"}],"curies":[{"name":"wp","href":"https:\/\/api.w.org\/{rel}","templated":true}]}}