{"id":119685,"date":"2026-09-01T13:23:45","date_gmt":"2026-09-01T10:23:45","guid":{"rendered":"https:\/\/kibrisdakik.com\/?p=119685"},"modified":"2026-09-01T13:23:45","modified_gmt":"2026-09-01T10:23:45","slug":"guneskoyde-yangin-narenciye-ve-armut-agaclari-zarar-gordu","status":"publish","type":"post","link":"https:\/\/kibrisdakik.com\/?p=119685","title":{"rendered":"G\u00dcNE\u015eK\u00d6Y\u2019DE YANGIN: NARENC\u0130YE VE ARMUT A\u011eA\u00c7LARI ZARAR G\u00d6RD\u00dc"},"content":{"rendered":"<p><\/p>\n<div data-text-id=\"207122\" property=\"articleBody\">\n<p>Polis Bas\u0131n Subayl\u0131\u011f\u0131\u2019ndan al\u0131nan bilgiye g\u00f6re     31.08.2026 tarihinde, saat 16:30 s\u0131ralar\u0131nda, G\u00fcne\u015fk\u00f6y\u2019de Topel b\u00f6lgesinde bir \u015fahsa ait bah\u00e7ede, muhtemelen bah\u00e7e kenar\u0131nda bulunan elektrik dire\u011fi \u00fczerindeki trafodan \u00e7\u0131kan k\u0131v\u0131lc\u0131mlar sonucu yang\u0131n meydana gelmi\u015ftir. Yang\u0131n \u0130tfaiye Ekipleri taraf\u0131ndan s\u00f6nd\u00fcr\u00fclm\u00fc\u015f olup \u00e7\u0131kan yang\u0131n sonucu, toplam 34 adet narenciye ile 2 armut a\u011fa\u00e7lar\u0131, 100 metre uzunlu\u011fundaki damlama lasti\u011fi ve 1 d\u00f6n\u00fcm kuru ot yanarak zarar g\u00f6rm\u00fc\u015ft\u00fcr. Soru\u015fturma devam etmektedir.<\/p>\n<\/p><\/div>\n","protected":false},"excerpt":{"rendered":"<p>Polis Bas\u0131n Subayl\u0131\u011f\u0131\u2019ndan al\u0131nan bilgiye g\u00f6re 31.08.2026 tarihinde, saat 16:30 s\u0131ralar\u0131nda, G\u00fcne\u015fk\u00f6y\u2019de Topel b\u00f6lgesinde bir \u015fahsa ait bah\u00e7ede, muhtemelen bah\u00e7e kenar\u0131nda bulunan elektrik dire\u011fi \u00fczerindeki trafodan \u00e7\u0131kan k\u0131v\u0131lc\u0131mlar sonucu yang\u0131n meydana gelmi\u015ftir. Yang\u0131n \u0130tfaiye Ekipleri taraf\u0131ndan s\u00f6nd\u00fcr\u00fclm\u00fc\u015f olup \u00e7\u0131kan yang\u0131n sonucu, toplam 34 adet narenciye ile 2 armut a\u011fa\u00e7lar\u0131, 100 metre uzunlu\u011fundaki damlama lasti\u011fi ve<\/p>\n","protected":false},"author":1,"featured_media":119686,"comment_status":"open","ping_status":"open","sticky":false,"template":"","format":"standard","meta":{"footnotes":""},"categories":[81],"tags":[],"class_list":["post-119685","post","type-post","status-publish","format-standard","has-post-thumbnail","hentry","category-kibris"],"yoast_head":"<!-- This site is optimized with the Yoast SEO plugin v28.3 - https:\/\/yoast.com\/product\/yoast-seo-wordpress\/ -->\n<title>G\u00dcNE\u015eK\u00d6Y\u2019DE YANGIN: NARENC\u0130YE VE ARMUT A\u011eA\u00c7LARI ZARAR G\u00d6RD\u00dc -<\/title>\n<meta name=\"robots\" content=\"index, follow, max-snippet:-1, max-image-preview:large, max-video-preview:-1\" \/>\n<link rel=\"canonical\" href=\"https:\/\/kibrisdakik.com\/?p=119685\" \/>\n<meta property=\"og:locale\" content=\"tr_TR\" \/>\n<meta property=\"og:type\" content=\"article\" \/>\n<meta property=\"og:title\" content=\"G\u00dcNE\u015eK\u00d6Y\u2019DE YANGIN: NARENC\u0130YE VE ARMUT A\u011eA\u00c7LARI ZARAR G\u00d6RD\u00dc -\" \/>\n<meta property=\"og:description\" content=\"Polis Bas\u0131n Subayl\u0131\u011f\u0131\u2019ndan al\u0131nan bilgiye g\u00f6re 31.08.2026 tarihinde, saat 16:30 s\u0131ralar\u0131nda, G\u00fcne\u015fk\u00f6y\u2019de Topel b\u00f6lgesinde bir \u015fahsa ait bah\u00e7ede, muhtemelen bah\u00e7e kenar\u0131nda bulunan elektrik dire\u011fi \u00fczerindeki trafodan \u00e7\u0131kan k\u0131v\u0131lc\u0131mlar sonucu yang\u0131n meydana gelmi\u015ftir. Yang\u0131n \u0130tfaiye Ekipleri taraf\u0131ndan s\u00f6nd\u00fcr\u00fclm\u00fc\u015f olup \u00e7\u0131kan yang\u0131n sonucu, toplam 34 adet narenciye ile 2 armut a\u011fa\u00e7lar\u0131, 100 metre uzunlu\u011fundaki damlama lasti\u011fi ve\" \/>\n<meta property=\"og:url\" content=\"https:\/\/kibrisdakik.com\/?p=119685\" \/>\n<meta property=\"article:published_time\" content=\"2026-09-01T10:23:45+00:00\" \/>\n<meta property=\"og:image\" content=\"https:\/\/mhahabercom.teimg.com\/crop\/1280x720\/mhahaber-com\/uploads\/2026\/09\/mha-sari-beyaz-7650.png\" \/>\n<meta name=\"author\" content=\"admin\" \/>\n<meta name=\"twitter:card\" content=\"summary_large_image\" \/>\n<meta name=\"twitter:label1\" content=\"Yazan:\" \/>\n\t<meta name=\"twitter:data1\" content=\"admin\" \/>\n<script type=\"application\/ld+json\" class=\"yoast-schema-graph\">{\"@context\":\"https:\\\/\\\/schema.org\",\"@graph\":[{\"@type\":\"Article\",\"@id\":\"https:\\\/\\\/kibrisdakik.com\\\/?p=119685#article\",\"isPartOf\":{\"@id\":\"https:\\\/\\\/kibrisdakik.com\\\/?p=119685\"},\"author\":{\"name\":\"admin\",\"@id\":\"https:\\\/\\\/kibrisdakik.com\\\/#\\\/schema\\\/person\\\/9cd9d437bbb44f72b73ba127e06d8e79\"},\"headline\":\"G\u00dcNE\u015eK\u00d6Y\u2019DE YANGIN: NARENC\u0130YE VE ARMUT A\u011eA\u00c7LARI ZARAR G\u00d6RD\u00dc\",\"datePublished\":\"2026-09-01T10:23:45+00:00\",\"mainEntityOfPage\":{\"@id\":\"https:\\\/\\\/kibrisdakik.com\\\/?p=119685\"},\"wordCount\":111,\"commentCount\":0,\"publisher\":{\"@id\":\"https:\\\/\\\/kibrisdakik.com\\\/#organization\"},\"image\":{\"@id\":\"https:\\\/\\\/kibrisdakik.com\\\/?p=119685#primaryimage\"},\"thumbnailUrl\":\"https:\\\/\\\/kibrisdakik.com\\\/wp-content\\\/uploads\\\/2026\\\/09\\\/mha-sari-beyaz-7650.png\",\"articleSection\":[\"K\u0131br\u0131s\"],\"inLanguage\":\"tr\",\"potentialAction\":[{\"@type\":\"CommentAction\",\"name\":\"Comment\",\"target\":[\"https:\\\/\\\/kibrisdakik.com\\\/?p=119685#respond\"]}]},{\"@type\":\"WebPage\",\"@id\":\"https:\\\/\\\/kibrisdakik.com\\\/?p=119685\",\"url\":\"https:\\\/\\\/kibrisdakik.com\\\/?p=119685\",\"name\":\"G\u00dcNE\u015eK\u00d6Y\u2019DE YANGIN: NARENC\u0130YE VE ARMUT A\u011eA\u00c7LARI ZARAR G\u00d6RD\u00dc -\",\"isPartOf\":{\"@id\":\"https:\\\/\\\/kibrisdakik.com\\\/#website\"},\"primaryImageOfPage\":{\"@id\":\"https:\\\/\\\/kibrisdakik.com\\\/?p=119685#primaryimage\"},\"image\":{\"@id\":\"https:\\\/\\\/kibrisdakik.com\\\/?p=119685#primaryimage\"},\"thumbnailUrl\":\"https:\\\/\\\/kibrisdakik.com\\\/wp-content\\\/uploads\\\/2026\\\/09\\\/mha-sari-beyaz-7650.png\",\"datePublished\":\"2026-09-01T10:23:45+00:00\",\"breadcrumb\":{\"@id\":\"https:\\\/\\\/kibrisdakik.com\\\/?p=119685#breadcrumb\"},\"inLanguage\":\"tr\",\"potentialAction\":[{\"@type\":\"ReadAction\",\"target\":[\"https:\\\/\\\/kibrisdakik.com\\\/?p=119685\"]}]},{\"@type\":\"ImageObject\",\"inLanguage\":\"tr\",\"@id\":\"https:\\\/\\\/kibrisdakik.com\\\/?p=119685#primaryimage\",\"url\":\"https:\\\/\\\/kibrisdakik.com\\\/wp-content\\\/uploads\\\/2026\\\/09\\\/mha-sari-beyaz-7650.png\",\"contentUrl\":\"https:\\\/\\\/kibrisdakik.com\\\/wp-content\\\/uploads\\\/2026\\\/09\\\/mha-sari-beyaz-7650.png\",\"width\":1280,\"height\":720},{\"@type\":\"BreadcrumbList\",\"@id\":\"https:\\\/\\\/kibrisdakik.com\\\/?p=119685#breadcrumb\",\"itemListElement\":[{\"@type\":\"ListItem\",\"position\":1,\"name\":\"Home\",\"item\":\"https:\\\/\\\/kibrisdakik.com\\\/\"},{\"@type\":\"ListItem\",\"position\":2,\"name\":\"G\u00dcNE\u015eK\u00d6Y\u2019DE YANGIN: NARENC\u0130YE VE ARMUT A\u011eA\u00c7LARI ZARAR G\u00d6RD\u00dc\"}]},{\"@type\":\"WebSite\",\"@id\":\"https:\\\/\\\/kibrisdakik.com\\\/#website\",\"url\":\"https:\\\/\\\/kibrisdakik.com\\\/\",\"name\":\"K\u0131br\u0131s Dakik\",\"description\":\"Tam vaktinde haber\",\"publisher\":{\"@id\":\"https:\\\/\\\/kibrisdakik.com\\\/#organization\"},\"potentialAction\":[{\"@type\":\"SearchAction\",\"target\":{\"@type\":\"EntryPoint\",\"urlTemplate\":\"https:\\\/\\\/kibrisdakik.com\\\/?s={search_term_string}\"},\"query-input\":{\"@type\":\"PropertyValueSpecification\",\"valueRequired\":true,\"valueName\":\"search_term_string\"}}],\"inLanguage\":\"tr\"},{\"@type\":\"Organization\",\"@id\":\"https:\\\/\\\/kibrisdakik.com\\\/#organization\",\"name\":\"K\u0131br\u0131s Dakik\",\"url\":\"https:\\\/\\\/kibrisdakik.com\\\/\",\"logo\":{\"@type\":\"ImageObject\",\"inLanguage\":\"tr\",\"@id\":\"https:\\\/\\\/kibrisdakik.com\\\/#\\\/schema\\\/logo\\\/image\\\/\",\"url\":\"https:\\\/\\\/kibrisdakik.com\\\/wp-content\\\/uploads\\\/2025\\\/10\\\/cropped-WhatsApp-Image-2025-10-02-at-12.58.31.jpeg\",\"contentUrl\":\"https:\\\/\\\/kibrisdakik.com\\\/wp-content\\\/uploads\\\/2025\\\/10\\\/cropped-WhatsApp-Image-2025-10-02-at-12.58.31.jpeg\",\"width\":1237,\"height\":190,\"caption\":\"K\u0131br\u0131s Dakik\"},\"image\":{\"@id\":\"https:\\\/\\\/kibrisdakik.com\\\/#\\\/schema\\\/logo\\\/image\\\/\"}},{\"@type\":\"Person\",\"@id\":\"https:\\\/\\\/kibrisdakik.com\\\/#\\\/schema\\\/person\\\/9cd9d437bbb44f72b73ba127e06d8e79\",\"name\":\"admin\",\"image\":{\"@type\":\"ImageObject\",\"inLanguage\":\"tr\",\"@id\":\"https:\\\/\\\/secure.gravatar.com\\\/avatar\\\/ccc17943b9d660506c869530f897617f7cb1c21a4bf30023f252596d83e1f007?s=96&d=mm&r=g\",\"url\":\"https:\\\/\\\/secure.gravatar.com\\\/avatar\\\/ccc17943b9d660506c869530f897617f7cb1c21a4bf30023f252596d83e1f007?s=96&d=mm&r=g\",\"contentUrl\":\"https:\\\/\\\/secure.gravatar.com\\\/avatar\\\/ccc17943b9d660506c869530f897617f7cb1c21a4bf30023f252596d83e1f007?s=96&d=mm&r=g\",\"caption\":\"admin\"},\"sameAs\":[\"https:\\\/\\\/kibrisdakik.com\"],\"url\":\"https:\\\/\\\/kibrisdakik.com\\\/?author=1\"}]}<\/script>\n<!-- \/ Yoast SEO plugin. -->","yoast_head_json":{"title":"G\u00dcNE\u015eK\u00d6Y\u2019DE YANGIN: NARENC\u0130YE VE ARMUT A\u011eA\u00c7LARI ZARAR G\u00d6RD\u00dc -","robots":{"index":"index","follow":"follow","max-snippet":"max-snippet:-1","max-image-preview":"max-image-preview:large","max-video-preview":"max-video-preview:-1"},"canonical":"https:\/\/kibrisdakik.com\/?p=119685","og_locale":"tr_TR","og_type":"article","og_title":"G\u00dcNE\u015eK\u00d6Y\u2019DE YANGIN: NARENC\u0130YE VE ARMUT A\u011eA\u00c7LARI ZARAR G\u00d6RD\u00dc -","og_description":"Polis Bas\u0131n Subayl\u0131\u011f\u0131\u2019ndan al\u0131nan bilgiye g\u00f6re 31.08.2026 tarihinde, saat 16:30 s\u0131ralar\u0131nda, G\u00fcne\u015fk\u00f6y\u2019de Topel b\u00f6lgesinde bir \u015fahsa ait bah\u00e7ede, muhtemelen bah\u00e7e kenar\u0131nda bulunan elektrik dire\u011fi \u00fczerindeki trafodan \u00e7\u0131kan k\u0131v\u0131lc\u0131mlar sonucu yang\u0131n meydana gelmi\u015ftir. Yang\u0131n \u0130tfaiye Ekipleri taraf\u0131ndan s\u00f6nd\u00fcr\u00fclm\u00fc\u015f olup \u00e7\u0131kan yang\u0131n sonucu, toplam 34 adet narenciye ile 2 armut a\u011fa\u00e7lar\u0131, 100 metre uzunlu\u011fundaki damlama lasti\u011fi ve","og_url":"https:\/\/kibrisdakik.com\/?p=119685","article_published_time":"2026-09-01T10:23:45+00:00","og_image":[{"url":"https:\/\/mhahabercom.teimg.com\/crop\/1280x720\/mhahaber-com\/uploads\/2026\/09\/mha-sari-beyaz-7650.png","type":"","width":"","height":""}],"author":"admin","twitter_card":"summary_large_image","twitter_misc":{"Yazan:":"admin"},"schema":{"@context":"https:\/\/schema.org","@graph":[{"@type":"Article","@id":"https:\/\/kibrisdakik.com\/?p=119685#article","isPartOf":{"@id":"https:\/\/kibrisdakik.com\/?p=119685"},"author":{"name":"admin","@id":"https:\/\/kibrisdakik.com\/#\/schema\/person\/9cd9d437bbb44f72b73ba127e06d8e79"},"headline":"G\u00dcNE\u015eK\u00d6Y\u2019DE YANGIN: NARENC\u0130YE VE ARMUT A\u011eA\u00c7LARI ZARAR G\u00d6RD\u00dc","datePublished":"2026-09-01T10:23:45+00:00","mainEntityOfPage":{"@id":"https:\/\/kibrisdakik.com\/?p=119685"},"wordCount":111,"commentCount":0,"publisher":{"@id":"https:\/\/kibrisdakik.com\/#organization"},"image":{"@id":"https:\/\/kibrisdakik.com\/?p=119685#primaryimage"},"thumbnailUrl":"https:\/\/kibrisdakik.com\/wp-content\/uploads\/2026\/09\/mha-sari-beyaz-7650.png","articleSection":["K\u0131br\u0131s"],"inLanguage":"tr","potentialAction":[{"@type":"CommentAction","name":"Comment","target":["https:\/\/kibrisdakik.com\/?p=119685#respond"]}]},{"@type":"WebPage","@id":"https:\/\/kibrisdakik.com\/?p=119685","url":"https:\/\/kibrisdakik.com\/?p=119685","name":"G\u00dcNE\u015eK\u00d6Y\u2019DE YANGIN: NARENC\u0130YE VE ARMUT A\u011eA\u00c7LARI ZARAR G\u00d6RD\u00dc -","isPartOf":{"@id":"https:\/\/kibrisdakik.com\/#website"},"primaryImageOfPage":{"@id":"https:\/\/kibrisdakik.com\/?p=119685#primaryimage"},"image":{"@id":"https:\/\/kibrisdakik.com\/?p=119685#primaryimage"},"thumbnailUrl":"https:\/\/kibrisdakik.com\/wp-content\/uploads\/2026\/09\/mha-sari-beyaz-7650.png","datePublished":"2026-09-01T10:23:45+00:00","breadcrumb":{"@id":"https:\/\/kibrisdakik.com\/?p=119685#breadcrumb"},"inLanguage":"tr","potentialAction":[{"@type":"ReadAction","target":["https:\/\/kibrisdakik.com\/?p=119685"]}]},{"@type":"ImageObject","inLanguage":"tr","@id":"https:\/\/kibrisdakik.com\/?p=119685#primaryimage","url":"https:\/\/kibrisdakik.com\/wp-content\/uploads\/2026\/09\/mha-sari-beyaz-7650.png","contentUrl":"https:\/\/kibrisdakik.com\/wp-content\/uploads\/2026\/09\/mha-sari-beyaz-7650.png","width":1280,"height":720},{"@type":"BreadcrumbList","@id":"https:\/\/kibrisdakik.com\/?p=119685#breadcrumb","itemListElement":[{"@type":"ListItem","position":1,"name":"Home","item":"https:\/\/kibrisdakik.com\/"},{"@type":"ListItem","position":2,"name":"G\u00dcNE\u015eK\u00d6Y\u2019DE YANGIN: NARENC\u0130YE VE ARMUT A\u011eA\u00c7LARI ZARAR G\u00d6RD\u00dc"}]},{"@type":"WebSite","@id":"https:\/\/kibrisdakik.com\/#website","url":"https:\/\/kibrisdakik.com\/","name":"K\u0131br\u0131s Dakik","description":"Tam vaktinde haber","publisher":{"@id":"https:\/\/kibrisdakik.com\/#organization"},"potentialAction":[{"@type":"SearchAction","target":{"@type":"EntryPoint","urlTemplate":"https:\/\/kibrisdakik.com\/?s={search_term_string}"},"query-input":{"@type":"PropertyValueSpecification","valueRequired":true,"valueName":"search_term_string"}}],"inLanguage":"tr"},{"@type":"Organization","@id":"https:\/\/kibrisdakik.com\/#organization","name":"K\u0131br\u0131s Dakik","url":"https:\/\/kibrisdakik.com\/","logo":{"@type":"ImageObject","inLanguage":"tr","@id":"https:\/\/kibrisdakik.com\/#\/schema\/logo\/image\/","url":"https:\/\/kibrisdakik.com\/wp-content\/uploads\/2025\/10\/cropped-WhatsApp-Image-2025-10-02-at-12.58.31.jpeg","contentUrl":"https:\/\/kibrisdakik.com\/wp-content\/uploads\/2025\/10\/cropped-WhatsApp-Image-2025-10-02-at-12.58.31.jpeg","width":1237,"height":190,"caption":"K\u0131br\u0131s Dakik"},"image":{"@id":"https:\/\/kibrisdakik.com\/#\/schema\/logo\/image\/"}},{"@type":"Person","@id":"https:\/\/kibrisdakik.com\/#\/schema\/person\/9cd9d437bbb44f72b73ba127e06d8e79","name":"admin","image":{"@type":"ImageObject","inLanguage":"tr","@id":"https:\/\/secure.gravatar.com\/avatar\/ccc17943b9d660506c869530f897617f7cb1c21a4bf30023f252596d83e1f007?s=96&d=mm&r=g","url":"https:\/\/secure.gravatar.com\/avatar\/ccc17943b9d660506c869530f897617f7cb1c21a4bf30023f252596d83e1f007?s=96&d=mm&r=g","contentUrl":"https:\/\/secure.gravatar.com\/avatar\/ccc17943b9d660506c869530f897617f7cb1c21a4bf30023f252596d83e1f007?s=96&d=mm&r=g","caption":"admin"},"sameAs":["https:\/\/kibrisdakik.com"],"url":"https:\/\/kibrisdakik.com\/?author=1"}]}},"_links":{"self":[{"href":"https:\/\/kibrisdakik.com\/index.php?rest_route=\/wp\/v2\/posts\/119685","targetHints":{"allow":["GET"]}}],"collection":[{"href":"https:\/\/kibrisdakik.com\/index.php?rest_route=\/wp\/v2\/posts"}],"about":[{"href":"https:\/\/kibrisdakik.com\/index.php?rest_route=\/wp\/v2\/types\/post"}],"author":[{"embeddable":true,"href":"https:\/\/kibrisdakik.com\/index.php?rest_route=\/wp\/v2\/users\/1"}],"replies":[{"embeddable":true,"href":"https:\/\/kibrisdakik.com\/index.php?rest_route=%2Fwp%2Fv2%2Fcomments&post=119685"}],"version-history":[{"count":0,"href":"https:\/\/kibrisdakik.com\/index.php?rest_route=\/wp\/v2\/posts\/119685\/revisions"}],"wp:featuredmedia":[{"embeddable":true,"href":"https:\/\/kibrisdakik.com\/index.php?rest_route=\/wp\/v2\/media\/119686"}],"wp:attachment":[{"href":"https:\/\/kibrisdakik.com\/index.php?rest_route=%2Fwp%2Fv2%2Fmedia&parent=119685"}],"wp:term":[{"taxonomy":"category","embeddable":true,"href":"https:\/\/kibrisdakik.com\/index.php?rest_route=%2Fwp%2Fv2%2Fcategories&post=119685"},{"taxonomy":"post_tag","embeddable":true,"href":"https:\/\/kibrisdakik.com\/index.php?rest_route=%2Fwp%2Fv2%2Ftags&post=119685"}],"curies":[{"name":"wp","href":"https:\/\/api.w.org\/{rel}","templated":true}]}}