{"id":119689,"date":"2026-09-01T13:46:56","date_gmt":"2026-09-01T10:46:56","guid":{"rendered":"https:\/\/kibrisdakik.com\/?p=119689"},"modified":"2026-09-01T13:46:56","modified_gmt":"2026-09-01T10:46:56","slug":"gemi-kazasinda-hayatini-kaybeden-ozdemir-son-yolculuguna-ugurlandi","status":"publish","type":"post","link":"https:\/\/kibrisdakik.com\/?p=119689","title":{"rendered":"GEM\u0130 KAZASINDA HAYATINI KAYBEDEN \u00d6ZDEM\u0130R SON YOLCULU\u011eUNA U\u011eURLANDI"},"content":{"rendered":"<p><\/p>\n<div data-text-id=\"207126\" property=\"articleBody\">\n<p>Girne Liman\u0131\u2019ndan Mersin\u2019in Silifke il\u00e7esindeki Ta\u015fucu Liman\u0131\u2019na gitmek \u00fczere hareket eden Filo Jet isimli yolcu gemisinin 30 A\u011fustos\u2019ta alabora olmas\u0131 sonucu hayat\u0131n\u0131 kaybeden H\u00fcseyin \u00d6zdemir, Silifke\u2019de son yolculu\u011funa u\u011furland\u0131.<\/p>\n<p>\u00d6zdemir\u2019in naa\u015f\u0131, Silifke\u2019ye ba\u011fl\u0131 Nuru Mahallesi\u2019ndeki mezarl\u0131kta topra\u011fa verildi.<\/p>\n<h3>D\u00dc\u011e\u00dcNDEN D\u00d6N\u00dcYORLARDI<\/h3>\n<p>H\u00fcseyin \u00d6zdemir\u2019in, e\u015fi \u015eerif \u00d6zdemir, damad\u0131 Hakk\u0131 \u015eahin, k\u0131zlar\u0131 \u015eeng\u00fcl \u015eahin ve Kamuran \u00dcnal ile birlikte bir yak\u0131n\u0131n\u0131n d\u00fc\u011f\u00fcn\u00fcne kat\u0131lmak amac\u0131yla KKTC\u2019ye gittikleri \u00f6\u011frenildi.<\/p>\n<p>Ailenin d\u00fc\u011f\u00fcn\u00fcn ard\u0131ndan Mersin\u2019e d\u00f6nmek \u00fczere Filo Jet isimli yolcu gemisine bindi\u011fi ve geminin alabora olmas\u0131 sonucu kazaya yakaland\u0131klar\u0131 belirtildi.<\/p>\n<p>Kazada H\u00fcseyin \u00d6zdemir hayat\u0131n\u0131 kaybederken, e\u015fi \u015eerif \u00d6zdemir\u2019den ise halen haber al\u0131namad\u0131\u011f\u0131 bildirildi. \u00d6zdemir\u2019in k\u0131zlar\u0131 \u015eeng\u00fcl \u015eahin ve Kamuran \u00dcnal ile damad\u0131 Hakk\u0131 \u015eahin\u2019in ise kazadan sa\u011f kurtuldu\u011fu \u00f6\u011frenildi.<\/p>\n<h3>G\u0130RNE A\u00c7IKLARINDA ALABORA OLDU<\/h3>\n<p>Girne Liman\u0131 ile Mersin\u2019in Silifke il\u00e7esindeki Ta\u015fucu Liman\u0131 aras\u0131nda sefer yapan y\u00fcksek h\u0131zl\u0131 yolcu gemisi Filo Jet, 30 A\u011fustos Pazar g\u00fcn\u00fc \u00f6\u011fle saatlerinde Girne\u2019den hareket ettikten k\u0131sa s\u00fcre sonra \u00f6n k\u0131sm\u0131ndan su almaya ba\u015flad\u0131.<\/p>\n<p>Girne Liman\u0131\u2019na d\u00f6nmeye \u00e7al\u0131\u015ft\u0131\u011f\u0131 s\u0131rada alabora olan gemide bulunan 241 ki\u015fi sa\u011f olarak kurtar\u0131l\u0131rken, 8 ki\u015finin cenazesine ula\u015f\u0131ld\u0131. Kay\u0131p 20 ki\u015finin bulunmas\u0131 amac\u0131yla denizden, karadan ve havadan arama-kurtarma \u00e7al\u0131\u015fmalar\u0131 ba\u015flat\u0131ld\u0131.<\/p>\n<p>Kazan\u0131n ard\u0131ndan geminin batt\u0131\u011f\u0131 enkaz\u0131n denizin yakla\u015f\u0131k 514 metre derinli\u011finde bulundu\u011fu bildirildi.<\/p>\n<p>Arama-kurtarma \u00e7al\u0131\u015fmalar\u0131n\u0131n, kay\u0131p ki\u015filere ula\u015f\u0131lmas\u0131 ve bat\u0131\u011f\u0131n incelenmesi amac\u0131yla s\u00fcrd\u00fcr\u00fcld\u00fc\u011f\u00fc belirtildi.<\/p>\n<\/p><\/div>\n","protected":false},"excerpt":{"rendered":"<p>Girne Liman\u0131\u2019ndan Mersin\u2019in Silifke il\u00e7esindeki Ta\u015fucu Liman\u0131\u2019na gitmek \u00fczere hareket eden Filo Jet isimli yolcu gemisinin 30 A\u011fustos\u2019ta alabora olmas\u0131 sonucu hayat\u0131n\u0131 kaybeden H\u00fcseyin \u00d6zdemir, Silifke\u2019de son yolculu\u011funa u\u011furland\u0131. \u00d6zdemir\u2019in naa\u015f\u0131, Silifke\u2019ye ba\u011fl\u0131 Nuru Mahallesi\u2019ndeki mezarl\u0131kta topra\u011fa verildi. D\u00dc\u011e\u00dcNDEN D\u00d6N\u00dcYORLARDI H\u00fcseyin \u00d6zdemir\u2019in, e\u015fi \u015eerif \u00d6zdemir, damad\u0131 Hakk\u0131 \u015eahin, k\u0131zlar\u0131 \u015eeng\u00fcl \u015eahin ve Kamuran \u00dcnal ile<\/p>\n","protected":false},"author":1,"featured_media":119690,"comment_status":"open","ping_status":"open","sticky":false,"template":"","format":"standard","meta":{"footnotes":""},"categories":[81],"tags":[],"class_list":["post-119689","post","type-post","status-publish","format-standard","has-post-thumbnail","hentry","category-kibris"],"yoast_head":"<!-- This site is optimized with the Yoast SEO plugin v28.3 - https:\/\/yoast.com\/product\/yoast-seo-wordpress\/ -->\n<title>GEM\u0130 KAZASINDA HAYATINI KAYBEDEN \u00d6ZDEM\u0130R SON YOLCULU\u011eUNA U\u011eURLANDI -<\/title>\n<meta name=\"robots\" content=\"index, follow, max-snippet:-1, max-image-preview:large, max-video-preview:-1\" \/>\n<link rel=\"canonical\" href=\"https:\/\/kibrisdakik.com\/?p=119689\" \/>\n<meta property=\"og:locale\" content=\"tr_TR\" \/>\n<meta property=\"og:type\" content=\"article\" \/>\n<meta property=\"og:title\" content=\"GEM\u0130 KAZASINDA HAYATINI KAYBEDEN \u00d6ZDEM\u0130R SON YOLCULU\u011eUNA U\u011eURLANDI -\" \/>\n<meta property=\"og:description\" content=\"Girne Liman\u0131\u2019ndan Mersin\u2019in Silifke il\u00e7esindeki Ta\u015fucu Liman\u0131\u2019na gitmek \u00fczere hareket eden Filo Jet isimli yolcu gemisinin 30 A\u011fustos\u2019ta alabora olmas\u0131 sonucu hayat\u0131n\u0131 kaybeden H\u00fcseyin \u00d6zdemir, Silifke\u2019de son yolculu\u011funa u\u011furland\u0131. \u00d6zdemir\u2019in naa\u015f\u0131, Silifke\u2019ye ba\u011fl\u0131 Nuru Mahallesi\u2019ndeki mezarl\u0131kta topra\u011fa verildi. D\u00dc\u011e\u00dcNDEN D\u00d6N\u00dcYORLARDI H\u00fcseyin \u00d6zdemir\u2019in, e\u015fi \u015eerif \u00d6zdemir, damad\u0131 Hakk\u0131 \u015eahin, k\u0131zlar\u0131 \u015eeng\u00fcl \u015eahin ve Kamuran \u00dcnal ile\" \/>\n<meta property=\"og:url\" content=\"https:\/\/kibrisdakik.com\/?p=119689\" \/>\n<meta property=\"article:published_time\" content=\"2026-09-01T10:46:56+00:00\" \/>\n<meta property=\"og:image\" content=\"https:\/\/mhahabercom.teimg.com\/crop\/1280x720\/mhahaber-com\/uploads\/2026\/09\/mha-sari-beyaz-7652.png\" \/>\n<meta name=\"author\" content=\"admin\" \/>\n<meta name=\"twitter:card\" content=\"summary_large_image\" \/>\n<meta name=\"twitter:label1\" content=\"Yazan:\" \/>\n\t<meta name=\"twitter:data1\" content=\"admin\" \/>\n\t<meta name=\"twitter:label2\" content=\"Tahmini okuma s\u00fcresi\" \/>\n\t<meta name=\"twitter:data2\" content=\"1 dakika\" \/>\n<script type=\"application\/ld+json\" class=\"yoast-schema-graph\">{\"@context\":\"https:\\\/\\\/schema.org\",\"@graph\":[{\"@type\":\"Article\",\"@id\":\"https:\\\/\\\/kibrisdakik.com\\\/?p=119689#article\",\"isPartOf\":{\"@id\":\"https:\\\/\\\/kibrisdakik.com\\\/?p=119689\"},\"author\":{\"name\":\"admin\",\"@id\":\"https:\\\/\\\/kibrisdakik.com\\\/#\\\/schema\\\/person\\\/9cd9d437bbb44f72b73ba127e06d8e79\"},\"headline\":\"GEM\u0130 KAZASINDA HAYATINI KAYBEDEN \u00d6ZDEM\u0130R SON YOLCULU\u011eUNA U\u011eURLANDI\",\"datePublished\":\"2026-09-01T10:46:56+00:00\",\"mainEntityOfPage\":{\"@id\":\"https:\\\/\\\/kibrisdakik.com\\\/?p=119689\"},\"wordCount\":308,\"commentCount\":0,\"publisher\":{\"@id\":\"https:\\\/\\\/kibrisdakik.com\\\/#organization\"},\"image\":{\"@id\":\"https:\\\/\\\/kibrisdakik.com\\\/?p=119689#primaryimage\"},\"thumbnailUrl\":\"https:\\\/\\\/kibrisdakik.com\\\/wp-content\\\/uploads\\\/2026\\\/09\\\/mha-sari-beyaz-7652.png\",\"articleSection\":[\"K\u0131br\u0131s\"],\"inLanguage\":\"tr\",\"potentialAction\":[{\"@type\":\"CommentAction\",\"name\":\"Comment\",\"target\":[\"https:\\\/\\\/kibrisdakik.com\\\/?p=119689#respond\"]}]},{\"@type\":\"WebPage\",\"@id\":\"https:\\\/\\\/kibrisdakik.com\\\/?p=119689\",\"url\":\"https:\\\/\\\/kibrisdakik.com\\\/?p=119689\",\"name\":\"GEM\u0130 KAZASINDA HAYATINI KAYBEDEN \u00d6ZDEM\u0130R SON YOLCULU\u011eUNA U\u011eURLANDI -\",\"isPartOf\":{\"@id\":\"https:\\\/\\\/kibrisdakik.com\\\/#website\"},\"primaryImageOfPage\":{\"@id\":\"https:\\\/\\\/kibrisdakik.com\\\/?p=119689#primaryimage\"},\"image\":{\"@id\":\"https:\\\/\\\/kibrisdakik.com\\\/?p=119689#primaryimage\"},\"thumbnailUrl\":\"https:\\\/\\\/kibrisdakik.com\\\/wp-content\\\/uploads\\\/2026\\\/09\\\/mha-sari-beyaz-7652.png\",\"datePublished\":\"2026-09-01T10:46:56+00:00\",\"breadcrumb\":{\"@id\":\"https:\\\/\\\/kibrisdakik.com\\\/?p=119689#breadcrumb\"},\"inLanguage\":\"tr\",\"potentialAction\":[{\"@type\":\"ReadAction\",\"target\":[\"https:\\\/\\\/kibrisdakik.com\\\/?p=119689\"]}]},{\"@type\":\"ImageObject\",\"inLanguage\":\"tr\",\"@id\":\"https:\\\/\\\/kibrisdakik.com\\\/?p=119689#primaryimage\",\"url\":\"https:\\\/\\\/kibrisdakik.com\\\/wp-content\\\/uploads\\\/2026\\\/09\\\/mha-sari-beyaz-7652.png\",\"contentUrl\":\"https:\\\/\\\/kibrisdakik.com\\\/wp-content\\\/uploads\\\/2026\\\/09\\\/mha-sari-beyaz-7652.png\",\"width\":1280,\"height\":720},{\"@type\":\"BreadcrumbList\",\"@id\":\"https:\\\/\\\/kibrisdakik.com\\\/?p=119689#breadcrumb\",\"itemListElement\":[{\"@type\":\"ListItem\",\"position\":1,\"name\":\"Home\",\"item\":\"https:\\\/\\\/kibrisdakik.com\\\/\"},{\"@type\":\"ListItem\",\"position\":2,\"name\":\"GEM\u0130 KAZASINDA HAYATINI KAYBEDEN \u00d6ZDEM\u0130R SON YOLCULU\u011eUNA U\u011eURLANDI\"}]},{\"@type\":\"WebSite\",\"@id\":\"https:\\\/\\\/kibrisdakik.com\\\/#website\",\"url\":\"https:\\\/\\\/kibrisdakik.com\\\/\",\"name\":\"K\u0131br\u0131s Dakik\",\"description\":\"Tam vaktinde haber\",\"publisher\":{\"@id\":\"https:\\\/\\\/kibrisdakik.com\\\/#organization\"},\"potentialAction\":[{\"@type\":\"SearchAction\",\"target\":{\"@type\":\"EntryPoint\",\"urlTemplate\":\"https:\\\/\\\/kibrisdakik.com\\\/?s={search_term_string}\"},\"query-input\":{\"@type\":\"PropertyValueSpecification\",\"valueRequired\":true,\"valueName\":\"search_term_string\"}}],\"inLanguage\":\"tr\"},{\"@type\":\"Organization\",\"@id\":\"https:\\\/\\\/kibrisdakik.com\\\/#organization\",\"name\":\"K\u0131br\u0131s Dakik\",\"url\":\"https:\\\/\\\/kibrisdakik.com\\\/\",\"logo\":{\"@type\":\"ImageObject\",\"inLanguage\":\"tr\",\"@id\":\"https:\\\/\\\/kibrisdakik.com\\\/#\\\/schema\\\/logo\\\/image\\\/\",\"url\":\"https:\\\/\\\/kibrisdakik.com\\\/wp-content\\\/uploads\\\/2025\\\/10\\\/cropped-WhatsApp-Image-2025-10-02-at-12.58.31.jpeg\",\"contentUrl\":\"https:\\\/\\\/kibrisdakik.com\\\/wp-content\\\/uploads\\\/2025\\\/10\\\/cropped-WhatsApp-Image-2025-10-02-at-12.58.31.jpeg\",\"width\":1237,\"height\":190,\"caption\":\"K\u0131br\u0131s Dakik\"},\"image\":{\"@id\":\"https:\\\/\\\/kibrisdakik.com\\\/#\\\/schema\\\/logo\\\/image\\\/\"}},{\"@type\":\"Person\",\"@id\":\"https:\\\/\\\/kibrisdakik.com\\\/#\\\/schema\\\/person\\\/9cd9d437bbb44f72b73ba127e06d8e79\",\"name\":\"admin\",\"image\":{\"@type\":\"ImageObject\",\"inLanguage\":\"tr\",\"@id\":\"https:\\\/\\\/secure.gravatar.com\\\/avatar\\\/ccc17943b9d660506c869530f897617f7cb1c21a4bf30023f252596d83e1f007?s=96&d=mm&r=g\",\"url\":\"https:\\\/\\\/secure.gravatar.com\\\/avatar\\\/ccc17943b9d660506c869530f897617f7cb1c21a4bf30023f252596d83e1f007?s=96&d=mm&r=g\",\"contentUrl\":\"https:\\\/\\\/secure.gravatar.com\\\/avatar\\\/ccc17943b9d660506c869530f897617f7cb1c21a4bf30023f252596d83e1f007?s=96&d=mm&r=g\",\"caption\":\"admin\"},\"sameAs\":[\"https:\\\/\\\/kibrisdakik.com\"],\"url\":\"https:\\\/\\\/kibrisdakik.com\\\/?author=1\"}]}<\/script>\n<!-- \/ Yoast SEO plugin. -->","yoast_head_json":{"title":"GEM\u0130 KAZASINDA HAYATINI KAYBEDEN \u00d6ZDEM\u0130R SON YOLCULU\u011eUNA U\u011eURLANDI -","robots":{"index":"index","follow":"follow","max-snippet":"max-snippet:-1","max-image-preview":"max-image-preview:large","max-video-preview":"max-video-preview:-1"},"canonical":"https:\/\/kibrisdakik.com\/?p=119689","og_locale":"tr_TR","og_type":"article","og_title":"GEM\u0130 KAZASINDA HAYATINI KAYBEDEN \u00d6ZDEM\u0130R SON YOLCULU\u011eUNA U\u011eURLANDI -","og_description":"Girne Liman\u0131\u2019ndan Mersin\u2019in Silifke il\u00e7esindeki Ta\u015fucu Liman\u0131\u2019na gitmek \u00fczere hareket eden Filo Jet isimli yolcu gemisinin 30 A\u011fustos\u2019ta alabora olmas\u0131 sonucu hayat\u0131n\u0131 kaybeden H\u00fcseyin \u00d6zdemir, Silifke\u2019de son yolculu\u011funa u\u011furland\u0131. \u00d6zdemir\u2019in naa\u015f\u0131, Silifke\u2019ye ba\u011fl\u0131 Nuru Mahallesi\u2019ndeki mezarl\u0131kta topra\u011fa verildi. D\u00dc\u011e\u00dcNDEN D\u00d6N\u00dcYORLARDI H\u00fcseyin \u00d6zdemir\u2019in, e\u015fi \u015eerif \u00d6zdemir, damad\u0131 Hakk\u0131 \u015eahin, k\u0131zlar\u0131 \u015eeng\u00fcl \u015eahin ve Kamuran \u00dcnal ile","og_url":"https:\/\/kibrisdakik.com\/?p=119689","article_published_time":"2026-09-01T10:46:56+00:00","og_image":[{"url":"https:\/\/mhahabercom.teimg.com\/crop\/1280x720\/mhahaber-com\/uploads\/2026\/09\/mha-sari-beyaz-7652.png","type":"","width":"","height":""}],"author":"admin","twitter_card":"summary_large_image","twitter_misc":{"Yazan:":"admin","Tahmini okuma s\u00fcresi":"1 dakika"},"schema":{"@context":"https:\/\/schema.org","@graph":[{"@type":"Article","@id":"https:\/\/kibrisdakik.com\/?p=119689#article","isPartOf":{"@id":"https:\/\/kibrisdakik.com\/?p=119689"},"author":{"name":"admin","@id":"https:\/\/kibrisdakik.com\/#\/schema\/person\/9cd9d437bbb44f72b73ba127e06d8e79"},"headline":"GEM\u0130 KAZASINDA HAYATINI KAYBEDEN \u00d6ZDEM\u0130R SON YOLCULU\u011eUNA U\u011eURLANDI","datePublished":"2026-09-01T10:46:56+00:00","mainEntityOfPage":{"@id":"https:\/\/kibrisdakik.com\/?p=119689"},"wordCount":308,"commentCount":0,"publisher":{"@id":"https:\/\/kibrisdakik.com\/#organization"},"image":{"@id":"https:\/\/kibrisdakik.com\/?p=119689#primaryimage"},"thumbnailUrl":"https:\/\/kibrisdakik.com\/wp-content\/uploads\/2026\/09\/mha-sari-beyaz-7652.png","articleSection":["K\u0131br\u0131s"],"inLanguage":"tr","potentialAction":[{"@type":"CommentAction","name":"Comment","target":["https:\/\/kibrisdakik.com\/?p=119689#respond"]}]},{"@type":"WebPage","@id":"https:\/\/kibrisdakik.com\/?p=119689","url":"https:\/\/kibrisdakik.com\/?p=119689","name":"GEM\u0130 KAZASINDA HAYATINI KAYBEDEN \u00d6ZDEM\u0130R SON YOLCULU\u011eUNA U\u011eURLANDI -","isPartOf":{"@id":"https:\/\/kibrisdakik.com\/#website"},"primaryImageOfPage":{"@id":"https:\/\/kibrisdakik.com\/?p=119689#primaryimage"},"image":{"@id":"https:\/\/kibrisdakik.com\/?p=119689#primaryimage"},"thumbnailUrl":"https:\/\/kibrisdakik.com\/wp-content\/uploads\/2026\/09\/mha-sari-beyaz-7652.png","datePublished":"2026-09-01T10:46:56+00:00","breadcrumb":{"@id":"https:\/\/kibrisdakik.com\/?p=119689#breadcrumb"},"inLanguage":"tr","potentialAction":[{"@type":"ReadAction","target":["https:\/\/kibrisdakik.com\/?p=119689"]}]},{"@type":"ImageObject","inLanguage":"tr","@id":"https:\/\/kibrisdakik.com\/?p=119689#primaryimage","url":"https:\/\/kibrisdakik.com\/wp-content\/uploads\/2026\/09\/mha-sari-beyaz-7652.png","contentUrl":"https:\/\/kibrisdakik.com\/wp-content\/uploads\/2026\/09\/mha-sari-beyaz-7652.png","width":1280,"height":720},{"@type":"BreadcrumbList","@id":"https:\/\/kibrisdakik.com\/?p=119689#breadcrumb","itemListElement":[{"@type":"ListItem","position":1,"name":"Home","item":"https:\/\/kibrisdakik.com\/"},{"@type":"ListItem","position":2,"name":"GEM\u0130 KAZASINDA HAYATINI KAYBEDEN \u00d6ZDEM\u0130R SON YOLCULU\u011eUNA U\u011eURLANDI"}]},{"@type":"WebSite","@id":"https:\/\/kibrisdakik.com\/#website","url":"https:\/\/kibrisdakik.com\/","name":"K\u0131br\u0131s Dakik","description":"Tam vaktinde haber","publisher":{"@id":"https:\/\/kibrisdakik.com\/#organization"},"potentialAction":[{"@type":"SearchAction","target":{"@type":"EntryPoint","urlTemplate":"https:\/\/kibrisdakik.com\/?s={search_term_string}"},"query-input":{"@type":"PropertyValueSpecification","valueRequired":true,"valueName":"search_term_string"}}],"inLanguage":"tr"},{"@type":"Organization","@id":"https:\/\/kibrisdakik.com\/#organization","name":"K\u0131br\u0131s Dakik","url":"https:\/\/kibrisdakik.com\/","logo":{"@type":"ImageObject","inLanguage":"tr","@id":"https:\/\/kibrisdakik.com\/#\/schema\/logo\/image\/","url":"https:\/\/kibrisdakik.com\/wp-content\/uploads\/2025\/10\/cropped-WhatsApp-Image-2025-10-02-at-12.58.31.jpeg","contentUrl":"https:\/\/kibrisdakik.com\/wp-content\/uploads\/2025\/10\/cropped-WhatsApp-Image-2025-10-02-at-12.58.31.jpeg","width":1237,"height":190,"caption":"K\u0131br\u0131s Dakik"},"image":{"@id":"https:\/\/kibrisdakik.com\/#\/schema\/logo\/image\/"}},{"@type":"Person","@id":"https:\/\/kibrisdakik.com\/#\/schema\/person\/9cd9d437bbb44f72b73ba127e06d8e79","name":"admin","image":{"@type":"ImageObject","inLanguage":"tr","@id":"https:\/\/secure.gravatar.com\/avatar\/ccc17943b9d660506c869530f897617f7cb1c21a4bf30023f252596d83e1f007?s=96&d=mm&r=g","url":"https:\/\/secure.gravatar.com\/avatar\/ccc17943b9d660506c869530f897617f7cb1c21a4bf30023f252596d83e1f007?s=96&d=mm&r=g","contentUrl":"https:\/\/secure.gravatar.com\/avatar\/ccc17943b9d660506c869530f897617f7cb1c21a4bf30023f252596d83e1f007?s=96&d=mm&r=g","caption":"admin"},"sameAs":["https:\/\/kibrisdakik.com"],"url":"https:\/\/kibrisdakik.com\/?author=1"}]}},"_links":{"self":[{"href":"https:\/\/kibrisdakik.com\/index.php?rest_route=\/wp\/v2\/posts\/119689","targetHints":{"allow":["GET"]}}],"collection":[{"href":"https:\/\/kibrisdakik.com\/index.php?rest_route=\/wp\/v2\/posts"}],"about":[{"href":"https:\/\/kibrisdakik.com\/index.php?rest_route=\/wp\/v2\/types\/post"}],"author":[{"embeddable":true,"href":"https:\/\/kibrisdakik.com\/index.php?rest_route=\/wp\/v2\/users\/1"}],"replies":[{"embeddable":true,"href":"https:\/\/kibrisdakik.com\/index.php?rest_route=%2Fwp%2Fv2%2Fcomments&post=119689"}],"version-history":[{"count":0,"href":"https:\/\/kibrisdakik.com\/index.php?rest_route=\/wp\/v2\/posts\/119689\/revisions"}],"wp:featuredmedia":[{"embeddable":true,"href":"https:\/\/kibrisdakik.com\/index.php?rest_route=\/wp\/v2\/media\/119690"}],"wp:attachment":[{"href":"https:\/\/kibrisdakik.com\/index.php?rest_route=%2Fwp%2Fv2%2Fmedia&parent=119689"}],"wp:term":[{"taxonomy":"category","embeddable":true,"href":"https:\/\/kibrisdakik.com\/index.php?rest_route=%2Fwp%2Fv2%2Fcategories&post=119689"},{"taxonomy":"post_tag","embeddable":true,"href":"https:\/\/kibrisdakik.com\/index.php?rest_route=%2Fwp%2Fv2%2Ftags&post=119689"}],"curies":[{"name":"wp","href":"https:\/\/api.w.org\/{rel}","templated":true}]}}