{"id":119699,"date":"2026-09-01T14:49:07","date_gmt":"2026-09-01T11:49:07","guid":{"rendered":"https:\/\/kibrisdakik.com\/?p=119699"},"modified":"2026-09-01T14:49:07","modified_gmt":"2026-09-01T11:49:07","slug":"bulent-ok-gemi-kibris-seferine-uygun-degildi-hatay-buyuksehir-belediyesi-gemiyi-almaktan-vazgecti","status":"publish","type":"post","link":"https:\/\/kibrisdakik.com\/?p=119699","title":{"rendered":"B\u00dcLENT OK: GEM\u0130, KIBRIS SEFER\u0130NE UYGUN DE\u011e\u0130LD\u0130; HATAY B\u00dcY\u00dcK\u015eEH\u0130R BELED\u0130YES\u0130 GEM\u0130Y\u0130 ALMAKTAN VAZGE\u00c7T\u0130"},"content":{"rendered":"<p><\/p>\n<div data-text-id=\"207134\" property=\"articleBody\">\n<p>T\u00fcrkiye Deniz Ula\u015ft\u0131rmas\u0131 ve Tersaneler Genel M\u00fcd\u00fcr Yard\u0131mc\u0131s\u0131 B\u00fclent Ok, Girne a\u00e7\u0131klar\u0131nda batan Filo Jet isimli yolcu gemisinin ge\u00e7mi\u015fine ili\u015fkin dikkat \u00e7eken a\u00e7\u0131klamalarda bulundu.<\/p>\n<p>Ok, S\u00f6zc\u00fc TV\u2019ye yapt\u0131\u011f\u0131 a\u00e7\u0131klamada, \u201cHatay B\u00fcy\u00fck\u015fehir Belediyesi bu gemiyi al\u0131yor\u201d \u015feklindeki iddian\u0131n do\u011fru oldu\u011funu ancak konunun eksik aktar\u0131ld\u0131\u011f\u0131n\u0131 belirterek, geminin ge\u00e7mi\u015fi ve Hatay B\u00fcy\u00fck\u015fehir Belediyesi\u2019nin sat\u0131n alma s\u00fcrecinden neden vazge\u00e7ti\u011fine ili\u015fkin bilgiler verdi.<\/p>\n<h3>2000 YILINDA FRANSA\u2019DA YAPILDI<\/h3>\n<p>B\u00fclent Ok\u2019un aktard\u0131\u011f\u0131 bilgilere g\u00f6re Filo Jet, 2000 y\u0131l\u0131nda Fransa\u2019da in\u015fa edildi. Gemi, 2004 y\u0131l\u0131nda Antalya B\u00fcy\u00fck\u015fehir Belediyesi taraf\u0131ndan sat\u0131n al\u0131nd\u0131 ve kiraya verildi.<\/p>\n<p>Geminin daha sonra K\u0131br\u0131s\u2019a sefer yap\u0131p yapamayaca\u011f\u0131 yetkili otoriteler taraf\u0131ndan de\u011ferlendirildi. Yap\u0131lan de\u011ferlendirme sonucunda geminin K\u0131br\u0131s seferlerine uygun oldu\u011funa karar verildi\u011fini belirten Ok, bu karar\u0131n ard\u0131ndan geminin Antalya B\u00fcy\u00fck\u015fehir Belediyesi kimli\u011fiyle K\u0131br\u0131s\u2019a seferler ger\u00e7ekle\u015ftirdi\u011fini s\u00f6yledi.<\/p>\n<h3>RIHTIMDA KAZA YAPTI, SOL KIZA\u011eI KIRILDI<\/h3>\n<p>Ok, geminin K\u0131br\u0131s\u2019tan d\u00f6n\u00fc\u015f\u00fcnde r\u0131ht\u0131mda iskeleye \u00e7arpt\u0131\u011f\u0131n\u0131 ve s\u00f6z konusu kazada geminin bug\u00fcn ya\u015fanan facian\u0131n nedeni olarak g\u00fcndeme gelen sol k\u0131za\u011f\u0131n\u0131n k\u0131r\u0131ld\u0131\u011f\u0131n\u0131 ifade etti.<\/p>\n<p>K\u0131r\u0131lan k\u0131za\u011f\u0131n daha sonra tamir edildi\u011fini belirten Ok, ancak geminin k\u0131za\u011f\u0131n\u0131n k\u0131r\u0131lmas\u0131 ile tamir edilmesi aras\u0131nda yakla\u015f\u0131k 7 y\u0131ll\u0131k bir s\u00fcrenin bulundu\u011funu kaydetti. Geminin bu s\u00fcre boyunca bekledi\u011fini aktard\u0131.<\/p>\n<h3>S\u0130L\u0130FKE \u0130CRA DA\u0130RES\u0130 TARAFINDAN SATILDI<\/h3>\n<p>Geminin daha sonra Silifke \u0130cra Dairesi eliyle sat\u0131ld\u0131\u011f\u0131n\u0131 belirten B\u00fclent Ok, sat\u0131\u015f\u0131n ard\u0131ndan geminin Yunanistan\u2019a g\u00f6t\u00fcr\u00fcld\u00fc\u011f\u00fcn\u00fc s\u00f6yledi.<\/p>\n<p>Geminin Yunanistan\u2019da yakla\u015f\u0131k 2 y\u0131l m\u00fc\u015fteri arad\u0131\u011f\u0131n\u0131 ifade eden Ok, bu s\u00fcrenin ard\u0131ndan yeniden T\u00fcrkiye\u2019ye getirildi\u011fini aktard\u0131.<\/p>\n<h3>HATAY B\u00dcY\u00dcK\u015eEH\u0130R BELED\u0130YES\u0130 SATIN ALMAKTAN VAZGE\u00c7T\u0130<\/h3>\n<p>B\u00fclent Ok, Hatay B\u00fcy\u00fck\u015fehir Belediyesi\u2019nin gemiyi sat\u0131n alma s\u00fcrecine ili\u015fkin de a\u00e7\u0131klamalarda bulundu.<\/p>\n<p>Ok, Hatay B\u00fcy\u00fck\u015fehir Belediyesi taraf\u0131ndan gemide inceleme yap\u0131ld\u0131\u011f\u0131n\u0131 ve incelemelerin ard\u0131ndan geminin \u0130skenderun-Arsuz Liman\u0131\u2019ndan \u00e7\u0131k\u0131\u015f yaparak K\u0131br\u0131s\u2019a sefer ger\u00e7ekle\u015ftirmeye uygun olmad\u0131\u011f\u0131 kanaatine var\u0131ld\u0131\u011f\u0131n\u0131 belirtti.<\/p>\n<p>Bu de\u011ferlendirme sonucunda Hatay B\u00fcy\u00fck\u015fehir Belediyesi\u2019nin gemiyi sat\u0131n almaktan vazge\u00e7ti\u011fini a\u00e7\u0131klayan Ok, \u201cHatay B\u00fcy\u00fck\u015fehir Belediyesi bu gemiyi al\u0131yor\u201d \u015feklindeki iddian\u0131n bu y\u00f6n\u00fcyle eksik aktar\u0131ld\u0131\u011f\u0131n\u0131 ifade etti.<\/p>\n<p>Ok\u2019un a\u00e7\u0131klamalar\u0131, Girne a\u00e7\u0131klar\u0131nda batan Filo Jet\u2019in ge\u00e7mi\u015fi, ge\u00e7irdi\u011fi kaza, tamirat s\u00fcreci ve farkl\u0131 kurumlar\u0131n gemiye ili\u015fkin de\u011ferlendirmelerini yeniden g\u00fcndeme ta\u015f\u0131d\u0131.<\/p>\n<\/p><\/div>\n","protected":false},"excerpt":{"rendered":"<p>T\u00fcrkiye Deniz Ula\u015ft\u0131rmas\u0131 ve Tersaneler Genel M\u00fcd\u00fcr Yard\u0131mc\u0131s\u0131 B\u00fclent Ok, Girne a\u00e7\u0131klar\u0131nda batan Filo Jet isimli yolcu gemisinin ge\u00e7mi\u015fine ili\u015fkin dikkat \u00e7eken a\u00e7\u0131klamalarda bulundu. Ok, S\u00f6zc\u00fc TV\u2019ye yapt\u0131\u011f\u0131 a\u00e7\u0131klamada, \u201cHatay B\u00fcy\u00fck\u015fehir Belediyesi bu gemiyi al\u0131yor\u201d \u015feklindeki iddian\u0131n do\u011fru oldu\u011funu ancak konunun eksik aktar\u0131ld\u0131\u011f\u0131n\u0131 belirterek, geminin ge\u00e7mi\u015fi ve Hatay B\u00fcy\u00fck\u015fehir Belediyesi\u2019nin sat\u0131n alma s\u00fcrecinden neden vazge\u00e7ti\u011fine<\/p>\n","protected":false},"author":1,"featured_media":119700,"comment_status":"open","ping_status":"open","sticky":false,"template":"","format":"standard","meta":{"footnotes":""},"categories":[81],"tags":[],"class_list":["post-119699","post","type-post","status-publish","format-standard","has-post-thumbnail","hentry","category-kibris"],"yoast_head":"<!-- This site is optimized with the Yoast SEO plugin v28.3 - https:\/\/yoast.com\/product\/yoast-seo-wordpress\/ -->\n<title>B\u00dcLENT OK: GEM\u0130, KIBRIS SEFER\u0130NE UYGUN DE\u011e\u0130LD\u0130; HATAY B\u00dcY\u00dcK\u015eEH\u0130R BELED\u0130YES\u0130 GEM\u0130Y\u0130 ALMAKTAN VAZGE\u00c7T\u0130 -<\/title>\n<meta name=\"robots\" content=\"index, follow, max-snippet:-1, max-image-preview:large, max-video-preview:-1\" \/>\n<link rel=\"canonical\" href=\"https:\/\/kibrisdakik.com\/?p=119699\" \/>\n<meta property=\"og:locale\" content=\"tr_TR\" \/>\n<meta property=\"og:type\" content=\"article\" \/>\n<meta property=\"og:title\" content=\"B\u00dcLENT OK: GEM\u0130, KIBRIS SEFER\u0130NE UYGUN DE\u011e\u0130LD\u0130; HATAY B\u00dcY\u00dcK\u015eEH\u0130R BELED\u0130YES\u0130 GEM\u0130Y\u0130 ALMAKTAN VAZGE\u00c7T\u0130 -\" \/>\n<meta property=\"og:description\" content=\"T\u00fcrkiye Deniz Ula\u015ft\u0131rmas\u0131 ve Tersaneler Genel M\u00fcd\u00fcr Yard\u0131mc\u0131s\u0131 B\u00fclent Ok, Girne a\u00e7\u0131klar\u0131nda batan Filo Jet isimli yolcu gemisinin ge\u00e7mi\u015fine ili\u015fkin dikkat \u00e7eken a\u00e7\u0131klamalarda bulundu. Ok, S\u00f6zc\u00fc TV\u2019ye yapt\u0131\u011f\u0131 a\u00e7\u0131klamada, \u201cHatay B\u00fcy\u00fck\u015fehir Belediyesi bu gemiyi al\u0131yor\u201d \u015feklindeki iddian\u0131n do\u011fru oldu\u011funu ancak konunun eksik aktar\u0131ld\u0131\u011f\u0131n\u0131 belirterek, geminin ge\u00e7mi\u015fi ve Hatay B\u00fcy\u00fck\u015fehir Belediyesi\u2019nin sat\u0131n alma s\u00fcrecinden neden vazge\u00e7ti\u011fine\" \/>\n<meta property=\"og:url\" content=\"https:\/\/kibrisdakik.com\/?p=119699\" \/>\n<meta property=\"article:published_time\" content=\"2026-09-01T11:49:07+00:00\" \/>\n<meta property=\"og:image\" content=\"https:\/\/mhahabercom.teimg.com\/crop\/1280x720\/mhahaber-com\/uploads\/2026\/09\/mha-sari-beyaz-7656.png\" \/>\n<meta name=\"author\" content=\"admin\" \/>\n<meta name=\"twitter:card\" content=\"summary_large_image\" \/>\n<meta name=\"twitter:label1\" content=\"Yazan:\" \/>\n\t<meta name=\"twitter:data1\" content=\"admin\" \/>\n\t<meta name=\"twitter:label2\" content=\"Tahmini okuma s\u00fcresi\" \/>\n\t<meta name=\"twitter:data2\" content=\"3 dakika\" \/>\n<script type=\"application\/ld+json\" class=\"yoast-schema-graph\">{\"@context\":\"https:\\\/\\\/schema.org\",\"@graph\":[{\"@type\":\"Article\",\"@id\":\"https:\\\/\\\/kibrisdakik.com\\\/?p=119699#article\",\"isPartOf\":{\"@id\":\"https:\\\/\\\/kibrisdakik.com\\\/?p=119699\"},\"author\":{\"name\":\"admin\",\"@id\":\"https:\\\/\\\/kibrisdakik.com\\\/#\\\/schema\\\/person\\\/9cd9d437bbb44f72b73ba127e06d8e79\"},\"headline\":\"B\u00dcLENT OK: GEM\u0130, KIBRIS SEFER\u0130NE UYGUN DE\u011e\u0130LD\u0130; HATAY B\u00dcY\u00dcK\u015eEH\u0130R BELED\u0130YES\u0130 GEM\u0130Y\u0130 ALMAKTAN VAZGE\u00c7T\u0130\",\"datePublished\":\"2026-09-01T11:49:07+00:00\",\"mainEntityOfPage\":{\"@id\":\"https:\\\/\\\/kibrisdakik.com\\\/?p=119699\"},\"wordCount\":530,\"commentCount\":0,\"publisher\":{\"@id\":\"https:\\\/\\\/kibrisdakik.com\\\/#organization\"},\"image\":{\"@id\":\"https:\\\/\\\/kibrisdakik.com\\\/?p=119699#primaryimage\"},\"thumbnailUrl\":\"https:\\\/\\\/kibrisdakik.com\\\/wp-content\\\/uploads\\\/2026\\\/09\\\/mha-sari-beyaz-7656.png\",\"articleSection\":[\"K\u0131br\u0131s\"],\"inLanguage\":\"tr\",\"potentialAction\":[{\"@type\":\"CommentAction\",\"name\":\"Comment\",\"target\":[\"https:\\\/\\\/kibrisdakik.com\\\/?p=119699#respond\"]}]},{\"@type\":\"WebPage\",\"@id\":\"https:\\\/\\\/kibrisdakik.com\\\/?p=119699\",\"url\":\"https:\\\/\\\/kibrisdakik.com\\\/?p=119699\",\"name\":\"B\u00dcLENT OK: GEM\u0130, KIBRIS SEFER\u0130NE UYGUN DE\u011e\u0130LD\u0130; HATAY B\u00dcY\u00dcK\u015eEH\u0130R BELED\u0130YES\u0130 GEM\u0130Y\u0130 ALMAKTAN VAZGE\u00c7T\u0130 -\",\"isPartOf\":{\"@id\":\"https:\\\/\\\/kibrisdakik.com\\\/#website\"},\"primaryImageOfPage\":{\"@id\":\"https:\\\/\\\/kibrisdakik.com\\\/?p=119699#primaryimage\"},\"image\":{\"@id\":\"https:\\\/\\\/kibrisdakik.com\\\/?p=119699#primaryimage\"},\"thumbnailUrl\":\"https:\\\/\\\/kibrisdakik.com\\\/wp-content\\\/uploads\\\/2026\\\/09\\\/mha-sari-beyaz-7656.png\",\"datePublished\":\"2026-09-01T11:49:07+00:00\",\"breadcrumb\":{\"@id\":\"https:\\\/\\\/kibrisdakik.com\\\/?p=119699#breadcrumb\"},\"inLanguage\":\"tr\",\"potentialAction\":[{\"@type\":\"ReadAction\",\"target\":[\"https:\\\/\\\/kibrisdakik.com\\\/?p=119699\"]}]},{\"@type\":\"ImageObject\",\"inLanguage\":\"tr\",\"@id\":\"https:\\\/\\\/kibrisdakik.com\\\/?p=119699#primaryimage\",\"url\":\"https:\\\/\\\/kibrisdakik.com\\\/wp-content\\\/uploads\\\/2026\\\/09\\\/mha-sari-beyaz-7656.png\",\"contentUrl\":\"https:\\\/\\\/kibrisdakik.com\\\/wp-content\\\/uploads\\\/2026\\\/09\\\/mha-sari-beyaz-7656.png\",\"width\":1280,\"height\":720},{\"@type\":\"BreadcrumbList\",\"@id\":\"https:\\\/\\\/kibrisdakik.com\\\/?p=119699#breadcrumb\",\"itemListElement\":[{\"@type\":\"ListItem\",\"position\":1,\"name\":\"Home\",\"item\":\"https:\\\/\\\/kibrisdakik.com\\\/\"},{\"@type\":\"ListItem\",\"position\":2,\"name\":\"B\u00dcLENT OK: GEM\u0130, KIBRIS SEFER\u0130NE UYGUN DE\u011e\u0130LD\u0130; HATAY B\u00dcY\u00dcK\u015eEH\u0130R BELED\u0130YES\u0130 GEM\u0130Y\u0130 ALMAKTAN VAZGE\u00c7T\u0130\"}]},{\"@type\":\"WebSite\",\"@id\":\"https:\\\/\\\/kibrisdakik.com\\\/#website\",\"url\":\"https:\\\/\\\/kibrisdakik.com\\\/\",\"name\":\"K\u0131br\u0131s Dakik\",\"description\":\"Tam vaktinde haber\",\"publisher\":{\"@id\":\"https:\\\/\\\/kibrisdakik.com\\\/#organization\"},\"potentialAction\":[{\"@type\":\"SearchAction\",\"target\":{\"@type\":\"EntryPoint\",\"urlTemplate\":\"https:\\\/\\\/kibrisdakik.com\\\/?s={search_term_string}\"},\"query-input\":{\"@type\":\"PropertyValueSpecification\",\"valueRequired\":true,\"valueName\":\"search_term_string\"}}],\"inLanguage\":\"tr\"},{\"@type\":\"Organization\",\"@id\":\"https:\\\/\\\/kibrisdakik.com\\\/#organization\",\"name\":\"K\u0131br\u0131s Dakik\",\"url\":\"https:\\\/\\\/kibrisdakik.com\\\/\",\"logo\":{\"@type\":\"ImageObject\",\"inLanguage\":\"tr\",\"@id\":\"https:\\\/\\\/kibrisdakik.com\\\/#\\\/schema\\\/logo\\\/image\\\/\",\"url\":\"https:\\\/\\\/kibrisdakik.com\\\/wp-content\\\/uploads\\\/2025\\\/10\\\/cropped-WhatsApp-Image-2025-10-02-at-12.58.31.jpeg\",\"contentUrl\":\"https:\\\/\\\/kibrisdakik.com\\\/wp-content\\\/uploads\\\/2025\\\/10\\\/cropped-WhatsApp-Image-2025-10-02-at-12.58.31.jpeg\",\"width\":1237,\"height\":190,\"caption\":\"K\u0131br\u0131s Dakik\"},\"image\":{\"@id\":\"https:\\\/\\\/kibrisdakik.com\\\/#\\\/schema\\\/logo\\\/image\\\/\"}},{\"@type\":\"Person\",\"@id\":\"https:\\\/\\\/kibrisdakik.com\\\/#\\\/schema\\\/person\\\/9cd9d437bbb44f72b73ba127e06d8e79\",\"name\":\"admin\",\"image\":{\"@type\":\"ImageObject\",\"inLanguage\":\"tr\",\"@id\":\"https:\\\/\\\/secure.gravatar.com\\\/avatar\\\/ccc17943b9d660506c869530f897617f7cb1c21a4bf30023f252596d83e1f007?s=96&d=mm&r=g\",\"url\":\"https:\\\/\\\/secure.gravatar.com\\\/avatar\\\/ccc17943b9d660506c869530f897617f7cb1c21a4bf30023f252596d83e1f007?s=96&d=mm&r=g\",\"contentUrl\":\"https:\\\/\\\/secure.gravatar.com\\\/avatar\\\/ccc17943b9d660506c869530f897617f7cb1c21a4bf30023f252596d83e1f007?s=96&d=mm&r=g\",\"caption\":\"admin\"},\"sameAs\":[\"https:\\\/\\\/kibrisdakik.com\"],\"url\":\"https:\\\/\\\/kibrisdakik.com\\\/?author=1\"}]}<\/script>\n<!-- \/ Yoast SEO plugin. -->","yoast_head_json":{"title":"B\u00dcLENT OK: GEM\u0130, KIBRIS SEFER\u0130NE UYGUN DE\u011e\u0130LD\u0130; HATAY B\u00dcY\u00dcK\u015eEH\u0130R BELED\u0130YES\u0130 GEM\u0130Y\u0130 ALMAKTAN VAZGE\u00c7T\u0130 -","robots":{"index":"index","follow":"follow","max-snippet":"max-snippet:-1","max-image-preview":"max-image-preview:large","max-video-preview":"max-video-preview:-1"},"canonical":"https:\/\/kibrisdakik.com\/?p=119699","og_locale":"tr_TR","og_type":"article","og_title":"B\u00dcLENT OK: GEM\u0130, KIBRIS SEFER\u0130NE UYGUN DE\u011e\u0130LD\u0130; HATAY B\u00dcY\u00dcK\u015eEH\u0130R BELED\u0130YES\u0130 GEM\u0130Y\u0130 ALMAKTAN VAZGE\u00c7T\u0130 -","og_description":"T\u00fcrkiye Deniz Ula\u015ft\u0131rmas\u0131 ve Tersaneler Genel M\u00fcd\u00fcr Yard\u0131mc\u0131s\u0131 B\u00fclent Ok, Girne a\u00e7\u0131klar\u0131nda batan Filo Jet isimli yolcu gemisinin ge\u00e7mi\u015fine ili\u015fkin dikkat \u00e7eken a\u00e7\u0131klamalarda bulundu. Ok, S\u00f6zc\u00fc TV\u2019ye yapt\u0131\u011f\u0131 a\u00e7\u0131klamada, \u201cHatay B\u00fcy\u00fck\u015fehir Belediyesi bu gemiyi al\u0131yor\u201d \u015feklindeki iddian\u0131n do\u011fru oldu\u011funu ancak konunun eksik aktar\u0131ld\u0131\u011f\u0131n\u0131 belirterek, geminin ge\u00e7mi\u015fi ve Hatay B\u00fcy\u00fck\u015fehir Belediyesi\u2019nin sat\u0131n alma s\u00fcrecinden neden vazge\u00e7ti\u011fine","og_url":"https:\/\/kibrisdakik.com\/?p=119699","article_published_time":"2026-09-01T11:49:07+00:00","og_image":[{"url":"https:\/\/mhahabercom.teimg.com\/crop\/1280x720\/mhahaber-com\/uploads\/2026\/09\/mha-sari-beyaz-7656.png","type":"","width":"","height":""}],"author":"admin","twitter_card":"summary_large_image","twitter_misc":{"Yazan:":"admin","Tahmini okuma s\u00fcresi":"3 dakika"},"schema":{"@context":"https:\/\/schema.org","@graph":[{"@type":"Article","@id":"https:\/\/kibrisdakik.com\/?p=119699#article","isPartOf":{"@id":"https:\/\/kibrisdakik.com\/?p=119699"},"author":{"name":"admin","@id":"https:\/\/kibrisdakik.com\/#\/schema\/person\/9cd9d437bbb44f72b73ba127e06d8e79"},"headline":"B\u00dcLENT OK: GEM\u0130, KIBRIS SEFER\u0130NE UYGUN DE\u011e\u0130LD\u0130; HATAY B\u00dcY\u00dcK\u015eEH\u0130R BELED\u0130YES\u0130 GEM\u0130Y\u0130 ALMAKTAN VAZGE\u00c7T\u0130","datePublished":"2026-09-01T11:49:07+00:00","mainEntityOfPage":{"@id":"https:\/\/kibrisdakik.com\/?p=119699"},"wordCount":530,"commentCount":0,"publisher":{"@id":"https:\/\/kibrisdakik.com\/#organization"},"image":{"@id":"https:\/\/kibrisdakik.com\/?p=119699#primaryimage"},"thumbnailUrl":"https:\/\/kibrisdakik.com\/wp-content\/uploads\/2026\/09\/mha-sari-beyaz-7656.png","articleSection":["K\u0131br\u0131s"],"inLanguage":"tr","potentialAction":[{"@type":"CommentAction","name":"Comment","target":["https:\/\/kibrisdakik.com\/?p=119699#respond"]}]},{"@type":"WebPage","@id":"https:\/\/kibrisdakik.com\/?p=119699","url":"https:\/\/kibrisdakik.com\/?p=119699","name":"B\u00dcLENT OK: GEM\u0130, KIBRIS SEFER\u0130NE UYGUN DE\u011e\u0130LD\u0130; HATAY B\u00dcY\u00dcK\u015eEH\u0130R BELED\u0130YES\u0130 GEM\u0130Y\u0130 ALMAKTAN VAZGE\u00c7T\u0130 -","isPartOf":{"@id":"https:\/\/kibrisdakik.com\/#website"},"primaryImageOfPage":{"@id":"https:\/\/kibrisdakik.com\/?p=119699#primaryimage"},"image":{"@id":"https:\/\/kibrisdakik.com\/?p=119699#primaryimage"},"thumbnailUrl":"https:\/\/kibrisdakik.com\/wp-content\/uploads\/2026\/09\/mha-sari-beyaz-7656.png","datePublished":"2026-09-01T11:49:07+00:00","breadcrumb":{"@id":"https:\/\/kibrisdakik.com\/?p=119699#breadcrumb"},"inLanguage":"tr","potentialAction":[{"@type":"ReadAction","target":["https:\/\/kibrisdakik.com\/?p=119699"]}]},{"@type":"ImageObject","inLanguage":"tr","@id":"https:\/\/kibrisdakik.com\/?p=119699#primaryimage","url":"https:\/\/kibrisdakik.com\/wp-content\/uploads\/2026\/09\/mha-sari-beyaz-7656.png","contentUrl":"https:\/\/kibrisdakik.com\/wp-content\/uploads\/2026\/09\/mha-sari-beyaz-7656.png","width":1280,"height":720},{"@type":"BreadcrumbList","@id":"https:\/\/kibrisdakik.com\/?p=119699#breadcrumb","itemListElement":[{"@type":"ListItem","position":1,"name":"Home","item":"https:\/\/kibrisdakik.com\/"},{"@type":"ListItem","position":2,"name":"B\u00dcLENT OK: GEM\u0130, KIBRIS SEFER\u0130NE UYGUN DE\u011e\u0130LD\u0130; HATAY B\u00dcY\u00dcK\u015eEH\u0130R BELED\u0130YES\u0130 GEM\u0130Y\u0130 ALMAKTAN VAZGE\u00c7T\u0130"}]},{"@type":"WebSite","@id":"https:\/\/kibrisdakik.com\/#website","url":"https:\/\/kibrisdakik.com\/","name":"K\u0131br\u0131s Dakik","description":"Tam vaktinde haber","publisher":{"@id":"https:\/\/kibrisdakik.com\/#organization"},"potentialAction":[{"@type":"SearchAction","target":{"@type":"EntryPoint","urlTemplate":"https:\/\/kibrisdakik.com\/?s={search_term_string}"},"query-input":{"@type":"PropertyValueSpecification","valueRequired":true,"valueName":"search_term_string"}}],"inLanguage":"tr"},{"@type":"Organization","@id":"https:\/\/kibrisdakik.com\/#organization","name":"K\u0131br\u0131s Dakik","url":"https:\/\/kibrisdakik.com\/","logo":{"@type":"ImageObject","inLanguage":"tr","@id":"https:\/\/kibrisdakik.com\/#\/schema\/logo\/image\/","url":"https:\/\/kibrisdakik.com\/wp-content\/uploads\/2025\/10\/cropped-WhatsApp-Image-2025-10-02-at-12.58.31.jpeg","contentUrl":"https:\/\/kibrisdakik.com\/wp-content\/uploads\/2025\/10\/cropped-WhatsApp-Image-2025-10-02-at-12.58.31.jpeg","width":1237,"height":190,"caption":"K\u0131br\u0131s Dakik"},"image":{"@id":"https:\/\/kibrisdakik.com\/#\/schema\/logo\/image\/"}},{"@type":"Person","@id":"https:\/\/kibrisdakik.com\/#\/schema\/person\/9cd9d437bbb44f72b73ba127e06d8e79","name":"admin","image":{"@type":"ImageObject","inLanguage":"tr","@id":"https:\/\/secure.gravatar.com\/avatar\/ccc17943b9d660506c869530f897617f7cb1c21a4bf30023f252596d83e1f007?s=96&d=mm&r=g","url":"https:\/\/secure.gravatar.com\/avatar\/ccc17943b9d660506c869530f897617f7cb1c21a4bf30023f252596d83e1f007?s=96&d=mm&r=g","contentUrl":"https:\/\/secure.gravatar.com\/avatar\/ccc17943b9d660506c869530f897617f7cb1c21a4bf30023f252596d83e1f007?s=96&d=mm&r=g","caption":"admin"},"sameAs":["https:\/\/kibrisdakik.com"],"url":"https:\/\/kibrisdakik.com\/?author=1"}]}},"_links":{"self":[{"href":"https:\/\/kibrisdakik.com\/index.php?rest_route=\/wp\/v2\/posts\/119699","targetHints":{"allow":["GET"]}}],"collection":[{"href":"https:\/\/kibrisdakik.com\/index.php?rest_route=\/wp\/v2\/posts"}],"about":[{"href":"https:\/\/kibrisdakik.com\/index.php?rest_route=\/wp\/v2\/types\/post"}],"author":[{"embeddable":true,"href":"https:\/\/kibrisdakik.com\/index.php?rest_route=\/wp\/v2\/users\/1"}],"replies":[{"embeddable":true,"href":"https:\/\/kibrisdakik.com\/index.php?rest_route=%2Fwp%2Fv2%2Fcomments&post=119699"}],"version-history":[{"count":0,"href":"https:\/\/kibrisdakik.com\/index.php?rest_route=\/wp\/v2\/posts\/119699\/revisions"}],"wp:featuredmedia":[{"embeddable":true,"href":"https:\/\/kibrisdakik.com\/index.php?rest_route=\/wp\/v2\/media\/119700"}],"wp:attachment":[{"href":"https:\/\/kibrisdakik.com\/index.php?rest_route=%2Fwp%2Fv2%2Fmedia&parent=119699"}],"wp:term":[{"taxonomy":"category","embeddable":true,"href":"https:\/\/kibrisdakik.com\/index.php?rest_route=%2Fwp%2Fv2%2Fcategories&post=119699"},{"taxonomy":"post_tag","embeddable":true,"href":"https:\/\/kibrisdakik.com\/index.php?rest_route=%2Fwp%2Fv2%2Ftags&post=119699"}],"curies":[{"name":"wp","href":"https:\/\/api.w.org\/{rel}","templated":true}]}}