{"id":119705,"date":"2026-09-01T15:51:21","date_gmt":"2026-09-01T12:51:21","guid":{"rendered":"https:\/\/kibrisdakik.com\/?p=119705"},"modified":"2026-09-01T15:51:21","modified_gmt":"2026-09-01T12:51:21","slug":"limanlar-dairesi-filo-jet-kaptaninin-belgesi-gecerli","status":"publish","type":"post","link":"https:\/\/kibrisdakik.com\/?p=119705","title":{"rendered":"L\u0130MANLAR DA\u0130RES\u0130: F\u0130LO JET KAPTANININ BELGES\u0130 GE\u00c7ERL\u0130"},"content":{"rendered":"<p><\/p>\n<p>Limanlar Dairesi M\u00fcd\u00fcrl\u00fc\u011f\u00fc, son g\u00fcnlerde baz\u0131 bas\u0131n-yay\u0131n organlar\u0131yla sosyal medya platformlar\u0131nda yer alan ve batan Filo Jet gemisinin kaptan\u0131n\u0131n kaptanl\u0131k belgesinin ge\u00e7erlili\u011fine ili\u015fkin iddia ve de\u011ferlendirmelerin ger\u00e7e\u011fi yans\u0131tmad\u0131\u011f\u0131n\u0131 bildirdi.<\/p>\n<p>Limanlar Dairesinden yap\u0131lan yaz\u0131l\u0131 a\u00e7\u0131klamada, Uluslararas\u0131 Denizcilik \u00d6rg\u00fct\u00fc (IMO) taraf\u0131ndan ilgili uluslararas\u0131 s\u00f6zle\u015fme ve kurallar \u00e7er\u00e7evesinde tan\u0131nan ve onaylanan \u00fclkeler aras\u0131nda Honduras Cumhuriyeti\u2019nin de bulundu\u011fu belirtildi.<\/p>\n<p>A\u00e7\u0131klamada, Honduras Cumhuriyeti taraf\u0131ndan d\u00fczenlenen kaptanl\u0131k lisans\u0131n\u0131n, uluslararas\u0131 denizcilik standartlar\u0131 kapsam\u0131nda bir Gemiadam\u0131 Yeterlik Belgesi niteli\u011finde oldu\u011fu, bu t\u00fcr belgelerin tan\u0131nmas\u0131 ve ge\u00e7erlili\u011finin de\u011ferlendirilmesinde, IMO taraf\u0131ndan yay\u0131mlanan ilgili \u00fclke ve yeterlik listelerinin esas al\u0131nd\u0131\u011f\u0131 kaydedildi.<\/p>\n<p>Ayn\u0131 \u015fekilde, 1978 tarihli Gemiadamlar\u0131n\u0131n E\u011fitim, Belgelendirme ve Vardiya Tutma Standartlar\u0131 Hakk\u0131nda Uluslararas\u0131 S\u00f6zle\u015fme (STCW) ve ilgili uluslararas\u0131 denizcilik kurallar\u0131 do\u011frultusunda, gemiadam\u0131 yeterlik belgelerinin tan\u0131nmas\u0131na ili\u015fkin i\u015flemler y\u00fcr\u00fct\u00fcld\u00fc\u011f\u00fc kaydedilen a\u00e7\u0131klamada, bu kapsamda, Honduras Cumhuriyeti taraf\u0131ndan d\u00fczenlenen s\u00f6z konusu kaptanl\u0131k yeterlik belgesinin ge\u00e7erlili\u011fi ve do\u011frulu\u011funun, IMO&#8217;nun resmi kay\u0131tlar\u0131nda belirtilen ilgili \u00fclke idaresinin do\u011frulama kanallar\u0131 \u00fczerinden kontrol edildi\u011fi de belirtildi.<\/p>\n<p>-\u201cKaptanl\u0131k belgesi 2029\u2019a kadar ge\u00e7erli\u2026\u201d<\/p>\n<p>A\u00e7\u0131klamada ayr\u0131ca \u015funlara yer verildi:<\/p>\n<div id=\"ad_121\" data-channel=\"121\" data-advert=\"temedya\" data-rotation=\"120\" class=\"mb-3 text-center\"><\/div>\n<div id=\"ad_121_mobile\" data-channel=\"121\" data-advert=\"temedya\" data-rotation=\"120\" class=\"mb-3 text-center\"><\/div>\n<p>\u201cS\u00f6z konusu kay\u0131tlarda belge do\u011frulama amac\u0131yla ilgili idare taraf\u0131ndan bildirilen internet adresi ve\/veya elektronik posta adresleri yer almakta; bu kanallar kullan\u0131larak gemiadam\u0131 yeterlik belgesinin ilgili \u00fclkenin yetkili makamlar\u0131nca d\u00fczenlenip d\u00fczenlenmedi\u011fi ve ge\u00e7erlili\u011fini koruyup korumad\u0131\u011f\u0131 teyit edilebilmektedir.<\/p>\n<p>Filo Jet kaptan\u0131n\u0131n yeterlik belgesiyle ilgili olarak da bu do\u011frulama prosed\u00fcr\u00fc uygulanm\u0131\u015f; belgenin ilgili \u00fclke idaresi taraf\u0131ndan d\u00fczenlenmi\u015f ve onaylanm\u0131\u015f ge\u00e7erli bir belge oldu\u011fu tespit edilmi\u015ftir. Filo Jet kaptan\u0131n\u0131n alm\u0131\u015f oldu\u011fu kaptanl\u0131k belgesi 30 Ekim 2029\u2019a kadar ge\u00e7erli olup 3 bin ton a\u011f\u0131rl\u0131\u011fa kadar olan gemilerde kaptanl\u0131k yapma yetkisi vermektedir.<\/p>\n<p>-\u2018\u0130ddialar ger\u00e7e\u011fi yans\u0131tmamaktad\u0131r\u2019<\/p>\n<p>Yap\u0131lan do\u011frulaman\u0131n ard\u0131ndan, ilgili personelin KKTC bayrakl\u0131 gemilerde g\u00f6rev yapabilmesine ili\u015fkin gerekli uygunluk de\u011ferlendirmesi ger\u00e7ekle\u015ftirilmi\u015ftir.<\/p>\n<p>Dolay\u0131s\u0131yla bas\u0131nda yer alan, kaptan\u0131n \u2018ehliyetsiz oldu\u011fu\u2019, \u2018ge\u00e7ersiz bir kaptanl\u0131k belgesiyle g\u00f6rev yapt\u0131\u011f\u0131\u2019, \u2018kaptanl\u0131k belgesinin tarihinin ge\u00e7ti\u011fi\u2019 veya \u2018belgesinin uluslararas\u0131 ge\u00e7erlili\u011finin bulunmad\u0131\u011f\u0131\u2019 y\u00f6n\u00fcndeki iddialar ger\u00e7e\u011fi yans\u0131tmamaktad\u0131r.<\/p>\n<p>Bununla birlikte, bir gemiadam\u0131n\u0131n yeterlik belgesinin ge\u00e7erli olmas\u0131 ile meydana gelen deniz kazas\u0131na ili\u015fkin adli, idari ve teknik sorumlulu\u011funun de\u011ferlendirilmesi birbirinden ayr\u0131 hususlard\u0131r. Filo Jet kazas\u0131n\u0131n nedenleri ve kazada herhangi bir ki\u015fi veya kurumun kusurunun bulunup bulunmad\u0131\u011f\u0131, y\u00fcr\u00fct\u00fclmekte olan soru\u015fturma ve teknik incelemeler sonucunda ortaya \u00e7\u0131kacakt\u0131r.<\/p>\n<p>Bu konuda medya \u00fczerinden manip\u00fcle edilmi\u015f bilgi ve\/veya belge payla\u015fan ve bu yolla halk\u0131 bilin\u00e7li olarak yan\u0131lt\u0131p infial yaratanlar hakk\u0131nda polisimize \u015fik\u00e2yette bulunulacakt\u0131r.<\/p>\n<p>Limanlar Dairesi M\u00fcd\u00fcrl\u00fc\u011f\u00fc olarak, devam eden soru\u015fturman\u0131n selameti g\u00f6zetilerek do\u011frulanm\u0131\u015f bilgilerin kamuoyuyla payla\u015f\u0131lmas\u0131na devam edilecektir. Kamuoyuna sayg\u0131yla duyurulur.\u201d<\/p>\n<\/p>\n<div class=\"article-source py-3 small \">\n                <\/div>\n","protected":false},"excerpt":{"rendered":"<p>Limanlar Dairesi M\u00fcd\u00fcrl\u00fc\u011f\u00fc, son g\u00fcnlerde baz\u0131 bas\u0131n-yay\u0131n organlar\u0131yla sosyal medya platformlar\u0131nda yer alan ve batan Filo Jet gemisinin kaptan\u0131n\u0131n kaptanl\u0131k belgesinin ge\u00e7erlili\u011fine ili\u015fkin iddia ve de\u011ferlendirmelerin ger\u00e7e\u011fi yans\u0131tmad\u0131\u011f\u0131n\u0131 bildirdi. Limanlar Dairesinden yap\u0131lan yaz\u0131l\u0131 a\u00e7\u0131klamada, Uluslararas\u0131 Denizcilik \u00d6rg\u00fct\u00fc (IMO) taraf\u0131ndan ilgili uluslararas\u0131 s\u00f6zle\u015fme ve kurallar \u00e7er\u00e7evesinde tan\u0131nan ve onaylanan \u00fclkeler aras\u0131nda Honduras Cumhuriyeti\u2019nin de bulundu\u011fu belirtildi.<\/p>\n","protected":false},"author":1,"featured_media":119706,"comment_status":"open","ping_status":"open","sticky":false,"template":"","format":"standard","meta":{"footnotes":""},"categories":[81],"tags":[],"class_list":["post-119705","post","type-post","status-publish","format-standard","has-post-thumbnail","hentry","category-kibris"],"yoast_head":"<!-- This site is optimized with the Yoast SEO plugin v28.3 - https:\/\/yoast.com\/product\/yoast-seo-wordpress\/ -->\n<title>L\u0130MANLAR DA\u0130RES\u0130: F\u0130LO JET KAPTANININ BELGES\u0130 GE\u00c7ERL\u0130 -<\/title>\n<meta name=\"robots\" content=\"index, follow, max-snippet:-1, max-image-preview:large, max-video-preview:-1\" \/>\n<link rel=\"canonical\" href=\"https:\/\/kibrisdakik.com\/?p=119705\" \/>\n<meta property=\"og:locale\" content=\"tr_TR\" \/>\n<meta property=\"og:type\" content=\"article\" \/>\n<meta property=\"og:title\" content=\"L\u0130MANLAR DA\u0130RES\u0130: F\u0130LO JET KAPTANININ BELGES\u0130 GE\u00c7ERL\u0130 -\" \/>\n<meta property=\"og:description\" content=\"Limanlar Dairesi M\u00fcd\u00fcrl\u00fc\u011f\u00fc, son g\u00fcnlerde baz\u0131 bas\u0131n-yay\u0131n organlar\u0131yla sosyal medya platformlar\u0131nda yer alan ve batan Filo Jet gemisinin kaptan\u0131n\u0131n kaptanl\u0131k belgesinin ge\u00e7erlili\u011fine ili\u015fkin iddia ve de\u011ferlendirmelerin ger\u00e7e\u011fi yans\u0131tmad\u0131\u011f\u0131n\u0131 bildirdi. Limanlar Dairesinden yap\u0131lan yaz\u0131l\u0131 a\u00e7\u0131klamada, Uluslararas\u0131 Denizcilik \u00d6rg\u00fct\u00fc (IMO) taraf\u0131ndan ilgili uluslararas\u0131 s\u00f6zle\u015fme ve kurallar \u00e7er\u00e7evesinde tan\u0131nan ve onaylanan \u00fclkeler aras\u0131nda Honduras Cumhuriyeti\u2019nin de bulundu\u011fu belirtildi.\" \/>\n<meta property=\"og:url\" content=\"https:\/\/kibrisdakik.com\/?p=119705\" \/>\n<meta property=\"article:published_time\" content=\"2026-09-01T12:51:21+00:00\" \/>\n<meta property=\"og:image\" content=\"https:\/\/mhahabercom.teimg.com\/crop\/1280x720\/mhahaber-com\/uploads\/2026\/09\/mha-sari-beyaz-7659.png\" \/>\n<meta name=\"author\" content=\"admin\" \/>\n<meta name=\"twitter:card\" content=\"summary_large_image\" \/>\n<meta name=\"twitter:label1\" content=\"Yazan:\" \/>\n\t<meta name=\"twitter:data1\" content=\"admin\" \/>\n\t<meta name=\"twitter:label2\" content=\"Tahmini okuma s\u00fcresi\" \/>\n\t<meta name=\"twitter:data2\" content=\"3 dakika\" \/>\n<script type=\"application\/ld+json\" class=\"yoast-schema-graph\">{\"@context\":\"https:\\\/\\\/schema.org\",\"@graph\":[{\"@type\":\"Article\",\"@id\":\"https:\\\/\\\/kibrisdakik.com\\\/?p=119705#article\",\"isPartOf\":{\"@id\":\"https:\\\/\\\/kibrisdakik.com\\\/?p=119705\"},\"author\":{\"name\":\"admin\",\"@id\":\"https:\\\/\\\/kibrisdakik.com\\\/#\\\/schema\\\/person\\\/9cd9d437bbb44f72b73ba127e06d8e79\"},\"headline\":\"L\u0130MANLAR DA\u0130RES\u0130: F\u0130LO JET KAPTANININ BELGES\u0130 GE\u00c7ERL\u0130\",\"datePublished\":\"2026-09-01T12:51:21+00:00\",\"mainEntityOfPage\":{\"@id\":\"https:\\\/\\\/kibrisdakik.com\\\/?p=119705\"},\"wordCount\":561,\"commentCount\":0,\"publisher\":{\"@id\":\"https:\\\/\\\/kibrisdakik.com\\\/#organization\"},\"image\":{\"@id\":\"https:\\\/\\\/kibrisdakik.com\\\/?p=119705#primaryimage\"},\"thumbnailUrl\":\"https:\\\/\\\/kibrisdakik.com\\\/wp-content\\\/uploads\\\/2026\\\/09\\\/mha-sari-beyaz-7659.png\",\"articleSection\":[\"K\u0131br\u0131s\"],\"inLanguage\":\"tr\",\"potentialAction\":[{\"@type\":\"CommentAction\",\"name\":\"Comment\",\"target\":[\"https:\\\/\\\/kibrisdakik.com\\\/?p=119705#respond\"]}]},{\"@type\":\"WebPage\",\"@id\":\"https:\\\/\\\/kibrisdakik.com\\\/?p=119705\",\"url\":\"https:\\\/\\\/kibrisdakik.com\\\/?p=119705\",\"name\":\"L\u0130MANLAR DA\u0130RES\u0130: F\u0130LO JET KAPTANININ BELGES\u0130 GE\u00c7ERL\u0130 -\",\"isPartOf\":{\"@id\":\"https:\\\/\\\/kibrisdakik.com\\\/#website\"},\"primaryImageOfPage\":{\"@id\":\"https:\\\/\\\/kibrisdakik.com\\\/?p=119705#primaryimage\"},\"image\":{\"@id\":\"https:\\\/\\\/kibrisdakik.com\\\/?p=119705#primaryimage\"},\"thumbnailUrl\":\"https:\\\/\\\/kibrisdakik.com\\\/wp-content\\\/uploads\\\/2026\\\/09\\\/mha-sari-beyaz-7659.png\",\"datePublished\":\"2026-09-01T12:51:21+00:00\",\"breadcrumb\":{\"@id\":\"https:\\\/\\\/kibrisdakik.com\\\/?p=119705#breadcrumb\"},\"inLanguage\":\"tr\",\"potentialAction\":[{\"@type\":\"ReadAction\",\"target\":[\"https:\\\/\\\/kibrisdakik.com\\\/?p=119705\"]}]},{\"@type\":\"ImageObject\",\"inLanguage\":\"tr\",\"@id\":\"https:\\\/\\\/kibrisdakik.com\\\/?p=119705#primaryimage\",\"url\":\"https:\\\/\\\/kibrisdakik.com\\\/wp-content\\\/uploads\\\/2026\\\/09\\\/mha-sari-beyaz-7659.png\",\"contentUrl\":\"https:\\\/\\\/kibrisdakik.com\\\/wp-content\\\/uploads\\\/2026\\\/09\\\/mha-sari-beyaz-7659.png\",\"width\":1280,\"height\":720},{\"@type\":\"BreadcrumbList\",\"@id\":\"https:\\\/\\\/kibrisdakik.com\\\/?p=119705#breadcrumb\",\"itemListElement\":[{\"@type\":\"ListItem\",\"position\":1,\"name\":\"Home\",\"item\":\"https:\\\/\\\/kibrisdakik.com\\\/\"},{\"@type\":\"ListItem\",\"position\":2,\"name\":\"L\u0130MANLAR DA\u0130RES\u0130: F\u0130LO JET KAPTANININ BELGES\u0130 GE\u00c7ERL\u0130\"}]},{\"@type\":\"WebSite\",\"@id\":\"https:\\\/\\\/kibrisdakik.com\\\/#website\",\"url\":\"https:\\\/\\\/kibrisdakik.com\\\/\",\"name\":\"K\u0131br\u0131s Dakik\",\"description\":\"Tam vaktinde haber\",\"publisher\":{\"@id\":\"https:\\\/\\\/kibrisdakik.com\\\/#organization\"},\"potentialAction\":[{\"@type\":\"SearchAction\",\"target\":{\"@type\":\"EntryPoint\",\"urlTemplate\":\"https:\\\/\\\/kibrisdakik.com\\\/?s={search_term_string}\"},\"query-input\":{\"@type\":\"PropertyValueSpecification\",\"valueRequired\":true,\"valueName\":\"search_term_string\"}}],\"inLanguage\":\"tr\"},{\"@type\":\"Organization\",\"@id\":\"https:\\\/\\\/kibrisdakik.com\\\/#organization\",\"name\":\"K\u0131br\u0131s Dakik\",\"url\":\"https:\\\/\\\/kibrisdakik.com\\\/\",\"logo\":{\"@type\":\"ImageObject\",\"inLanguage\":\"tr\",\"@id\":\"https:\\\/\\\/kibrisdakik.com\\\/#\\\/schema\\\/logo\\\/image\\\/\",\"url\":\"https:\\\/\\\/kibrisdakik.com\\\/wp-content\\\/uploads\\\/2025\\\/10\\\/cropped-WhatsApp-Image-2025-10-02-at-12.58.31.jpeg\",\"contentUrl\":\"https:\\\/\\\/kibrisdakik.com\\\/wp-content\\\/uploads\\\/2025\\\/10\\\/cropped-WhatsApp-Image-2025-10-02-at-12.58.31.jpeg\",\"width\":1237,\"height\":190,\"caption\":\"K\u0131br\u0131s Dakik\"},\"image\":{\"@id\":\"https:\\\/\\\/kibrisdakik.com\\\/#\\\/schema\\\/logo\\\/image\\\/\"}},{\"@type\":\"Person\",\"@id\":\"https:\\\/\\\/kibrisdakik.com\\\/#\\\/schema\\\/person\\\/9cd9d437bbb44f72b73ba127e06d8e79\",\"name\":\"admin\",\"image\":{\"@type\":\"ImageObject\",\"inLanguage\":\"tr\",\"@id\":\"https:\\\/\\\/secure.gravatar.com\\\/avatar\\\/ccc17943b9d660506c869530f897617f7cb1c21a4bf30023f252596d83e1f007?s=96&d=mm&r=g\",\"url\":\"https:\\\/\\\/secure.gravatar.com\\\/avatar\\\/ccc17943b9d660506c869530f897617f7cb1c21a4bf30023f252596d83e1f007?s=96&d=mm&r=g\",\"contentUrl\":\"https:\\\/\\\/secure.gravatar.com\\\/avatar\\\/ccc17943b9d660506c869530f897617f7cb1c21a4bf30023f252596d83e1f007?s=96&d=mm&r=g\",\"caption\":\"admin\"},\"sameAs\":[\"https:\\\/\\\/kibrisdakik.com\"],\"url\":\"https:\\\/\\\/kibrisdakik.com\\\/?author=1\"}]}<\/script>\n<!-- \/ Yoast SEO plugin. -->","yoast_head_json":{"title":"L\u0130MANLAR DA\u0130RES\u0130: F\u0130LO JET KAPTANININ BELGES\u0130 GE\u00c7ERL\u0130 -","robots":{"index":"index","follow":"follow","max-snippet":"max-snippet:-1","max-image-preview":"max-image-preview:large","max-video-preview":"max-video-preview:-1"},"canonical":"https:\/\/kibrisdakik.com\/?p=119705","og_locale":"tr_TR","og_type":"article","og_title":"L\u0130MANLAR DA\u0130RES\u0130: F\u0130LO JET KAPTANININ BELGES\u0130 GE\u00c7ERL\u0130 -","og_description":"Limanlar Dairesi M\u00fcd\u00fcrl\u00fc\u011f\u00fc, son g\u00fcnlerde baz\u0131 bas\u0131n-yay\u0131n organlar\u0131yla sosyal medya platformlar\u0131nda yer alan ve batan Filo Jet gemisinin kaptan\u0131n\u0131n kaptanl\u0131k belgesinin ge\u00e7erlili\u011fine ili\u015fkin iddia ve de\u011ferlendirmelerin ger\u00e7e\u011fi yans\u0131tmad\u0131\u011f\u0131n\u0131 bildirdi. Limanlar Dairesinden yap\u0131lan yaz\u0131l\u0131 a\u00e7\u0131klamada, Uluslararas\u0131 Denizcilik \u00d6rg\u00fct\u00fc (IMO) taraf\u0131ndan ilgili uluslararas\u0131 s\u00f6zle\u015fme ve kurallar \u00e7er\u00e7evesinde tan\u0131nan ve onaylanan \u00fclkeler aras\u0131nda Honduras Cumhuriyeti\u2019nin de bulundu\u011fu belirtildi.","og_url":"https:\/\/kibrisdakik.com\/?p=119705","article_published_time":"2026-09-01T12:51:21+00:00","og_image":[{"url":"https:\/\/mhahabercom.teimg.com\/crop\/1280x720\/mhahaber-com\/uploads\/2026\/09\/mha-sari-beyaz-7659.png","type":"","width":"","height":""}],"author":"admin","twitter_card":"summary_large_image","twitter_misc":{"Yazan:":"admin","Tahmini okuma s\u00fcresi":"3 dakika"},"schema":{"@context":"https:\/\/schema.org","@graph":[{"@type":"Article","@id":"https:\/\/kibrisdakik.com\/?p=119705#article","isPartOf":{"@id":"https:\/\/kibrisdakik.com\/?p=119705"},"author":{"name":"admin","@id":"https:\/\/kibrisdakik.com\/#\/schema\/person\/9cd9d437bbb44f72b73ba127e06d8e79"},"headline":"L\u0130MANLAR DA\u0130RES\u0130: F\u0130LO JET KAPTANININ BELGES\u0130 GE\u00c7ERL\u0130","datePublished":"2026-09-01T12:51:21+00:00","mainEntityOfPage":{"@id":"https:\/\/kibrisdakik.com\/?p=119705"},"wordCount":561,"commentCount":0,"publisher":{"@id":"https:\/\/kibrisdakik.com\/#organization"},"image":{"@id":"https:\/\/kibrisdakik.com\/?p=119705#primaryimage"},"thumbnailUrl":"https:\/\/kibrisdakik.com\/wp-content\/uploads\/2026\/09\/mha-sari-beyaz-7659.png","articleSection":["K\u0131br\u0131s"],"inLanguage":"tr","potentialAction":[{"@type":"CommentAction","name":"Comment","target":["https:\/\/kibrisdakik.com\/?p=119705#respond"]}]},{"@type":"WebPage","@id":"https:\/\/kibrisdakik.com\/?p=119705","url":"https:\/\/kibrisdakik.com\/?p=119705","name":"L\u0130MANLAR DA\u0130RES\u0130: F\u0130LO JET KAPTANININ BELGES\u0130 GE\u00c7ERL\u0130 -","isPartOf":{"@id":"https:\/\/kibrisdakik.com\/#website"},"primaryImageOfPage":{"@id":"https:\/\/kibrisdakik.com\/?p=119705#primaryimage"},"image":{"@id":"https:\/\/kibrisdakik.com\/?p=119705#primaryimage"},"thumbnailUrl":"https:\/\/kibrisdakik.com\/wp-content\/uploads\/2026\/09\/mha-sari-beyaz-7659.png","datePublished":"2026-09-01T12:51:21+00:00","breadcrumb":{"@id":"https:\/\/kibrisdakik.com\/?p=119705#breadcrumb"},"inLanguage":"tr","potentialAction":[{"@type":"ReadAction","target":["https:\/\/kibrisdakik.com\/?p=119705"]}]},{"@type":"ImageObject","inLanguage":"tr","@id":"https:\/\/kibrisdakik.com\/?p=119705#primaryimage","url":"https:\/\/kibrisdakik.com\/wp-content\/uploads\/2026\/09\/mha-sari-beyaz-7659.png","contentUrl":"https:\/\/kibrisdakik.com\/wp-content\/uploads\/2026\/09\/mha-sari-beyaz-7659.png","width":1280,"height":720},{"@type":"BreadcrumbList","@id":"https:\/\/kibrisdakik.com\/?p=119705#breadcrumb","itemListElement":[{"@type":"ListItem","position":1,"name":"Home","item":"https:\/\/kibrisdakik.com\/"},{"@type":"ListItem","position":2,"name":"L\u0130MANLAR DA\u0130RES\u0130: F\u0130LO JET KAPTANININ BELGES\u0130 GE\u00c7ERL\u0130"}]},{"@type":"WebSite","@id":"https:\/\/kibrisdakik.com\/#website","url":"https:\/\/kibrisdakik.com\/","name":"K\u0131br\u0131s Dakik","description":"Tam vaktinde haber","publisher":{"@id":"https:\/\/kibrisdakik.com\/#organization"},"potentialAction":[{"@type":"SearchAction","target":{"@type":"EntryPoint","urlTemplate":"https:\/\/kibrisdakik.com\/?s={search_term_string}"},"query-input":{"@type":"PropertyValueSpecification","valueRequired":true,"valueName":"search_term_string"}}],"inLanguage":"tr"},{"@type":"Organization","@id":"https:\/\/kibrisdakik.com\/#organization","name":"K\u0131br\u0131s Dakik","url":"https:\/\/kibrisdakik.com\/","logo":{"@type":"ImageObject","inLanguage":"tr","@id":"https:\/\/kibrisdakik.com\/#\/schema\/logo\/image\/","url":"https:\/\/kibrisdakik.com\/wp-content\/uploads\/2025\/10\/cropped-WhatsApp-Image-2025-10-02-at-12.58.31.jpeg","contentUrl":"https:\/\/kibrisdakik.com\/wp-content\/uploads\/2025\/10\/cropped-WhatsApp-Image-2025-10-02-at-12.58.31.jpeg","width":1237,"height":190,"caption":"K\u0131br\u0131s Dakik"},"image":{"@id":"https:\/\/kibrisdakik.com\/#\/schema\/logo\/image\/"}},{"@type":"Person","@id":"https:\/\/kibrisdakik.com\/#\/schema\/person\/9cd9d437bbb44f72b73ba127e06d8e79","name":"admin","image":{"@type":"ImageObject","inLanguage":"tr","@id":"https:\/\/secure.gravatar.com\/avatar\/ccc17943b9d660506c869530f897617f7cb1c21a4bf30023f252596d83e1f007?s=96&d=mm&r=g","url":"https:\/\/secure.gravatar.com\/avatar\/ccc17943b9d660506c869530f897617f7cb1c21a4bf30023f252596d83e1f007?s=96&d=mm&r=g","contentUrl":"https:\/\/secure.gravatar.com\/avatar\/ccc17943b9d660506c869530f897617f7cb1c21a4bf30023f252596d83e1f007?s=96&d=mm&r=g","caption":"admin"},"sameAs":["https:\/\/kibrisdakik.com"],"url":"https:\/\/kibrisdakik.com\/?author=1"}]}},"_links":{"self":[{"href":"https:\/\/kibrisdakik.com\/index.php?rest_route=\/wp\/v2\/posts\/119705","targetHints":{"allow":["GET"]}}],"collection":[{"href":"https:\/\/kibrisdakik.com\/index.php?rest_route=\/wp\/v2\/posts"}],"about":[{"href":"https:\/\/kibrisdakik.com\/index.php?rest_route=\/wp\/v2\/types\/post"}],"author":[{"embeddable":true,"href":"https:\/\/kibrisdakik.com\/index.php?rest_route=\/wp\/v2\/users\/1"}],"replies":[{"embeddable":true,"href":"https:\/\/kibrisdakik.com\/index.php?rest_route=%2Fwp%2Fv2%2Fcomments&post=119705"}],"version-history":[{"count":0,"href":"https:\/\/kibrisdakik.com\/index.php?rest_route=\/wp\/v2\/posts\/119705\/revisions"}],"wp:featuredmedia":[{"embeddable":true,"href":"https:\/\/kibrisdakik.com\/index.php?rest_route=\/wp\/v2\/media\/119706"}],"wp:attachment":[{"href":"https:\/\/kibrisdakik.com\/index.php?rest_route=%2Fwp%2Fv2%2Fmedia&parent=119705"}],"wp:term":[{"taxonomy":"category","embeddable":true,"href":"https:\/\/kibrisdakik.com\/index.php?rest_route=%2Fwp%2Fv2%2Fcategories&post=119705"},{"taxonomy":"post_tag","embeddable":true,"href":"https:\/\/kibrisdakik.com\/index.php?rest_route=%2Fwp%2Fv2%2Ftags&post=119705"}],"curies":[{"name":"wp","href":"https:\/\/api.w.org\/{rel}","templated":true}]}}