{"id":119713,"date":"2026-09-01T16:20:03","date_gmt":"2026-09-01T13:20:03","guid":{"rendered":"https:\/\/kibrisdakik.com\/?p=119713"},"modified":"2026-09-01T16:20:03","modified_gmt":"2026-09-01T13:20:03","slug":"guc-senden-gemi-faciasi-sonrasi-arikliya-cagri","status":"publish","type":"post","link":"https:\/\/kibrisdakik.com\/?p=119713","title":{"rendered":"G\u00dc\u00c7-SEN\u2019DEN GEM\u0130 FAC\u0130ASI SONRASI ARIKLI\u2019YA \u00c7A\u011eRI"},"content":{"rendered":"<p><\/p>\n<p>G\u00fcmr\u00fck \u00c7al\u0131\u015fanlar\u0131 Sendikas\u0131(G\u00fc\u00e7-Sen), Bay\u0131nd\u0131rl\u0131k ve Ula\u015ft\u0131rma Bakan\u0131 Erhan Ar\u0131kl\u0131&#8217;n\u0131n istifas\u0131 ve benzer deniz kazalar\u0131n\u0131n bir daha ya\u015fanmamas\u0131 i\u00e7in etkin bir denetim sisteminin hayata ge\u00e7irilmesi \u00e7a\u011fr\u0131s\u0131nda bulundu.<\/p>\n<\/p>\n<p>G\u00fc\u00e7-Sen Ba\u015fkan\u0131 Ediz Kanatl\u0131 yapt\u0131\u011f\u0131 yaz\u0131l\u0131 a\u00e7\u0131klamada, \u00fclkede, ula\u015f\u0131m faaliyetlerinde yeterli denetim ve can g\u00fcvenli\u011fi sa\u011flanamad\u0131\u011f\u0131n\u0131 savunarak, bunda siyasi sorumlulu\u011fu bulundu\u011funu i\u015faret etti\u011fi Erhan Ar\u0131kl\u0131&#8217;n\u0131n istifa etmesi gerekti\u011fini kaydetti.<\/p>\n<\/p>\n<p>Ya\u015fanan olayla ba\u011fl\u0131 olarak geminin uluslararas\u0131 standartlara uygunluk s\u00f6rveylerin, teknik kontrollerin ve hava ko\u015fullar\u0131na ili\u015fkin de\u011ferlendirmelerin eksiksiz bi\u00e7imde uygulan\u0131p uygulanmad\u0131\u011f\u0131n\u0131n ara\u015ft\u0131r\u0131lmas\u0131 gerekti\u011fini ifade eden Kanatl\u0131, t\u00fcm limanlarda i\u015f sa\u011fl\u0131\u011f\u0131 ve g\u00fcvenli\u011fi, teknik altyap\u0131, ekipman yeterlili\u011fi, bak\u0131m, personel kapasitesi ve denetim mekanizmalar\u0131n\u0131n kapsaml\u0131 bi\u00e7imde g\u00f6zden ge\u00e7irilmesi gerekti\u011fini dile getirdi.<\/p>\n<\/p>\n<p>Can g\u00fcvenli\u011fini do\u011frudan ilgilendiren bak\u0131m, kontrol ve denetim mekanizmalar\u0131n\u0131n etkin bi\u00e7imde i\u015fletilmesinden ilgili makamlar\u0131n sorumlu oldu\u011funu belirten Kanatl\u0131, &#8220;Bu g\u00f6revlerin zaman\u0131nda, bilimsel veriler ve uluslararas\u0131 g\u00fcvenlik standartlar\u0131 do\u011frultusunda yerine getirilmemesi kabul edilemez. B\u00fct\u00fcn bu s\u00fcre\u00e7lerin siyasi ve idari sorumlulu\u011fu Ula\u015ft\u0131rma Bakanl\u0131\u011f\u0131\u2019na aittir&#8221; dedi.<\/p>\n<div id=\"ad_121\" data-channel=\"121\" data-advert=\"temedya\" data-rotation=\"120\" class=\"mb-3 text-center\"><\/div>\n<div id=\"ad_121_mobile\" data-channel=\"121\" data-advert=\"temedya\" data-rotation=\"120\" class=\"mb-3 text-center\"><\/div>\n<\/p>\n<p>Kanatl\u0131, benzer olaylar\u0131n yeniden ya\u015fanmamas\u0131 ad\u0131na, olay\u0131n hi\u00e7bir ki\u015fi veya makam korunmaks\u0131z\u0131n soru\u015fturulmas\u0131, ihmali, kusuru veya sorumlulu\u011fu bulunan herkesin hesap vermesi ve ba\u015fta limanlar olmak \u00fczere \u00fclkenin t\u00fcm ula\u015f\u0131m altyap\u0131s\u0131nda g\u00fcvenli\u011fi esas alan etkin ve s\u00fcrd\u00fcr\u00fclebilir bir denetim sisteminin derhal hayata ge\u00e7irilmesini istedi.<\/p>\n<\/p>\n<div class=\"article-source py-3 small \">\n                <\/div>\n","protected":false},"excerpt":{"rendered":"<p>G\u00fcmr\u00fck \u00c7al\u0131\u015fanlar\u0131 Sendikas\u0131(G\u00fc\u00e7-Sen), Bay\u0131nd\u0131rl\u0131k ve Ula\u015ft\u0131rma Bakan\u0131 Erhan Ar\u0131kl\u0131&#8217;n\u0131n istifas\u0131 ve benzer deniz kazalar\u0131n\u0131n bir daha ya\u015fanmamas\u0131 i\u00e7in etkin bir denetim sisteminin hayata ge\u00e7irilmesi \u00e7a\u011fr\u0131s\u0131nda bulundu. G\u00fc\u00e7-Sen Ba\u015fkan\u0131 Ediz Kanatl\u0131 yapt\u0131\u011f\u0131 yaz\u0131l\u0131 a\u00e7\u0131klamada, \u00fclkede, ula\u015f\u0131m faaliyetlerinde yeterli denetim ve can g\u00fcvenli\u011fi sa\u011flanamad\u0131\u011f\u0131n\u0131 savunarak, bunda siyasi sorumlulu\u011fu bulundu\u011funu i\u015faret etti\u011fi Erhan Ar\u0131kl\u0131&#8217;n\u0131n istifa etmesi gerekti\u011fini kaydetti.<\/p>\n","protected":false},"author":1,"featured_media":119714,"comment_status":"open","ping_status":"open","sticky":false,"template":"","format":"standard","meta":{"footnotes":""},"categories":[81],"tags":[],"class_list":["post-119713","post","type-post","status-publish","format-standard","has-post-thumbnail","hentry","category-kibris"],"yoast_head":"<!-- This site is optimized with the Yoast SEO plugin v28.3 - https:\/\/yoast.com\/product\/yoast-seo-wordpress\/ -->\n<title>G\u00dc\u00c7-SEN\u2019DEN GEM\u0130 FAC\u0130ASI SONRASI ARIKLI\u2019YA \u00c7A\u011eRI -<\/title>\n<meta name=\"robots\" content=\"index, follow, max-snippet:-1, max-image-preview:large, max-video-preview:-1\" \/>\n<link rel=\"canonical\" href=\"https:\/\/kibrisdakik.com\/?p=119713\" \/>\n<meta property=\"og:locale\" content=\"tr_TR\" \/>\n<meta property=\"og:type\" content=\"article\" \/>\n<meta property=\"og:title\" content=\"G\u00dc\u00c7-SEN\u2019DEN GEM\u0130 FAC\u0130ASI SONRASI ARIKLI\u2019YA \u00c7A\u011eRI -\" \/>\n<meta property=\"og:description\" content=\"G\u00fcmr\u00fck \u00c7al\u0131\u015fanlar\u0131 Sendikas\u0131(G\u00fc\u00e7-Sen), Bay\u0131nd\u0131rl\u0131k ve Ula\u015ft\u0131rma Bakan\u0131 Erhan Ar\u0131kl\u0131&#8217;n\u0131n istifas\u0131 ve benzer deniz kazalar\u0131n\u0131n bir daha ya\u015fanmamas\u0131 i\u00e7in etkin bir denetim sisteminin hayata ge\u00e7irilmesi \u00e7a\u011fr\u0131s\u0131nda bulundu. G\u00fc\u00e7-Sen Ba\u015fkan\u0131 Ediz Kanatl\u0131 yapt\u0131\u011f\u0131 yaz\u0131l\u0131 a\u00e7\u0131klamada, \u00fclkede, ula\u015f\u0131m faaliyetlerinde yeterli denetim ve can g\u00fcvenli\u011fi sa\u011flanamad\u0131\u011f\u0131n\u0131 savunarak, bunda siyasi sorumlulu\u011fu bulundu\u011funu i\u015faret etti\u011fi Erhan Ar\u0131kl\u0131&#8217;n\u0131n istifa etmesi gerekti\u011fini kaydetti.\" \/>\n<meta property=\"og:url\" content=\"https:\/\/kibrisdakik.com\/?p=119713\" \/>\n<meta property=\"article:published_time\" content=\"2026-09-01T13:20:03+00:00\" \/>\n<meta property=\"og:image\" content=\"https:\/\/mhahabercom.teimg.com\/crop\/1280x720\/mhahaber-com\/uploads\/2026\/09\/mha-sari-beyaz-7663.png\" \/>\n<meta name=\"author\" content=\"admin\" \/>\n<meta name=\"twitter:card\" content=\"summary_large_image\" \/>\n<meta name=\"twitter:label1\" content=\"Yazan:\" \/>\n\t<meta name=\"twitter:data1\" content=\"admin\" \/>\n\t<meta name=\"twitter:label2\" content=\"Tahmini okuma s\u00fcresi\" \/>\n\t<meta name=\"twitter:data2\" content=\"1 dakika\" \/>\n<script type=\"application\/ld+json\" class=\"yoast-schema-graph\">{\"@context\":\"https:\\\/\\\/schema.org\",\"@graph\":[{\"@type\":\"Article\",\"@id\":\"https:\\\/\\\/kibrisdakik.com\\\/?p=119713#article\",\"isPartOf\":{\"@id\":\"https:\\\/\\\/kibrisdakik.com\\\/?p=119713\"},\"author\":{\"name\":\"admin\",\"@id\":\"https:\\\/\\\/kibrisdakik.com\\\/#\\\/schema\\\/person\\\/9cd9d437bbb44f72b73ba127e06d8e79\"},\"headline\":\"G\u00dc\u00c7-SEN\u2019DEN GEM\u0130 FAC\u0130ASI SONRASI ARIKLI\u2019YA \u00c7A\u011eRI\",\"datePublished\":\"2026-09-01T13:20:03+00:00\",\"mainEntityOfPage\":{\"@id\":\"https:\\\/\\\/kibrisdakik.com\\\/?p=119713\"},\"wordCount\":308,\"commentCount\":0,\"publisher\":{\"@id\":\"https:\\\/\\\/kibrisdakik.com\\\/#organization\"},\"image\":{\"@id\":\"https:\\\/\\\/kibrisdakik.com\\\/?p=119713#primaryimage\"},\"thumbnailUrl\":\"https:\\\/\\\/kibrisdakik.com\\\/wp-content\\\/uploads\\\/2026\\\/09\\\/mha-sari-beyaz-7663.png\",\"articleSection\":[\"K\u0131br\u0131s\"],\"inLanguage\":\"tr\",\"potentialAction\":[{\"@type\":\"CommentAction\",\"name\":\"Comment\",\"target\":[\"https:\\\/\\\/kibrisdakik.com\\\/?p=119713#respond\"]}]},{\"@type\":\"WebPage\",\"@id\":\"https:\\\/\\\/kibrisdakik.com\\\/?p=119713\",\"url\":\"https:\\\/\\\/kibrisdakik.com\\\/?p=119713\",\"name\":\"G\u00dc\u00c7-SEN\u2019DEN GEM\u0130 FAC\u0130ASI SONRASI ARIKLI\u2019YA \u00c7A\u011eRI -\",\"isPartOf\":{\"@id\":\"https:\\\/\\\/kibrisdakik.com\\\/#website\"},\"primaryImageOfPage\":{\"@id\":\"https:\\\/\\\/kibrisdakik.com\\\/?p=119713#primaryimage\"},\"image\":{\"@id\":\"https:\\\/\\\/kibrisdakik.com\\\/?p=119713#primaryimage\"},\"thumbnailUrl\":\"https:\\\/\\\/kibrisdakik.com\\\/wp-content\\\/uploads\\\/2026\\\/09\\\/mha-sari-beyaz-7663.png\",\"datePublished\":\"2026-09-01T13:20:03+00:00\",\"breadcrumb\":{\"@id\":\"https:\\\/\\\/kibrisdakik.com\\\/?p=119713#breadcrumb\"},\"inLanguage\":\"tr\",\"potentialAction\":[{\"@type\":\"ReadAction\",\"target\":[\"https:\\\/\\\/kibrisdakik.com\\\/?p=119713\"]}]},{\"@type\":\"ImageObject\",\"inLanguage\":\"tr\",\"@id\":\"https:\\\/\\\/kibrisdakik.com\\\/?p=119713#primaryimage\",\"url\":\"https:\\\/\\\/kibrisdakik.com\\\/wp-content\\\/uploads\\\/2026\\\/09\\\/mha-sari-beyaz-7663.png\",\"contentUrl\":\"https:\\\/\\\/kibrisdakik.com\\\/wp-content\\\/uploads\\\/2026\\\/09\\\/mha-sari-beyaz-7663.png\",\"width\":1280,\"height\":720},{\"@type\":\"BreadcrumbList\",\"@id\":\"https:\\\/\\\/kibrisdakik.com\\\/?p=119713#breadcrumb\",\"itemListElement\":[{\"@type\":\"ListItem\",\"position\":1,\"name\":\"Home\",\"item\":\"https:\\\/\\\/kibrisdakik.com\\\/\"},{\"@type\":\"ListItem\",\"position\":2,\"name\":\"G\u00dc\u00c7-SEN\u2019DEN GEM\u0130 FAC\u0130ASI SONRASI ARIKLI\u2019YA \u00c7A\u011eRI\"}]},{\"@type\":\"WebSite\",\"@id\":\"https:\\\/\\\/kibrisdakik.com\\\/#website\",\"url\":\"https:\\\/\\\/kibrisdakik.com\\\/\",\"name\":\"K\u0131br\u0131s Dakik\",\"description\":\"Tam vaktinde haber\",\"publisher\":{\"@id\":\"https:\\\/\\\/kibrisdakik.com\\\/#organization\"},\"potentialAction\":[{\"@type\":\"SearchAction\",\"target\":{\"@type\":\"EntryPoint\",\"urlTemplate\":\"https:\\\/\\\/kibrisdakik.com\\\/?s={search_term_string}\"},\"query-input\":{\"@type\":\"PropertyValueSpecification\",\"valueRequired\":true,\"valueName\":\"search_term_string\"}}],\"inLanguage\":\"tr\"},{\"@type\":\"Organization\",\"@id\":\"https:\\\/\\\/kibrisdakik.com\\\/#organization\",\"name\":\"K\u0131br\u0131s Dakik\",\"url\":\"https:\\\/\\\/kibrisdakik.com\\\/\",\"logo\":{\"@type\":\"ImageObject\",\"inLanguage\":\"tr\",\"@id\":\"https:\\\/\\\/kibrisdakik.com\\\/#\\\/schema\\\/logo\\\/image\\\/\",\"url\":\"https:\\\/\\\/kibrisdakik.com\\\/wp-content\\\/uploads\\\/2025\\\/10\\\/cropped-WhatsApp-Image-2025-10-02-at-12.58.31.jpeg\",\"contentUrl\":\"https:\\\/\\\/kibrisdakik.com\\\/wp-content\\\/uploads\\\/2025\\\/10\\\/cropped-WhatsApp-Image-2025-10-02-at-12.58.31.jpeg\",\"width\":1237,\"height\":190,\"caption\":\"K\u0131br\u0131s Dakik\"},\"image\":{\"@id\":\"https:\\\/\\\/kibrisdakik.com\\\/#\\\/schema\\\/logo\\\/image\\\/\"}},{\"@type\":\"Person\",\"@id\":\"https:\\\/\\\/kibrisdakik.com\\\/#\\\/schema\\\/person\\\/9cd9d437bbb44f72b73ba127e06d8e79\",\"name\":\"admin\",\"image\":{\"@type\":\"ImageObject\",\"inLanguage\":\"tr\",\"@id\":\"https:\\\/\\\/secure.gravatar.com\\\/avatar\\\/ccc17943b9d660506c869530f897617f7cb1c21a4bf30023f252596d83e1f007?s=96&d=mm&r=g\",\"url\":\"https:\\\/\\\/secure.gravatar.com\\\/avatar\\\/ccc17943b9d660506c869530f897617f7cb1c21a4bf30023f252596d83e1f007?s=96&d=mm&r=g\",\"contentUrl\":\"https:\\\/\\\/secure.gravatar.com\\\/avatar\\\/ccc17943b9d660506c869530f897617f7cb1c21a4bf30023f252596d83e1f007?s=96&d=mm&r=g\",\"caption\":\"admin\"},\"sameAs\":[\"https:\\\/\\\/kibrisdakik.com\"],\"url\":\"https:\\\/\\\/kibrisdakik.com\\\/?author=1\"}]}<\/script>\n<!-- \/ Yoast SEO plugin. -->","yoast_head_json":{"title":"G\u00dc\u00c7-SEN\u2019DEN GEM\u0130 FAC\u0130ASI SONRASI ARIKLI\u2019YA \u00c7A\u011eRI -","robots":{"index":"index","follow":"follow","max-snippet":"max-snippet:-1","max-image-preview":"max-image-preview:large","max-video-preview":"max-video-preview:-1"},"canonical":"https:\/\/kibrisdakik.com\/?p=119713","og_locale":"tr_TR","og_type":"article","og_title":"G\u00dc\u00c7-SEN\u2019DEN GEM\u0130 FAC\u0130ASI SONRASI ARIKLI\u2019YA \u00c7A\u011eRI -","og_description":"G\u00fcmr\u00fck \u00c7al\u0131\u015fanlar\u0131 Sendikas\u0131(G\u00fc\u00e7-Sen), Bay\u0131nd\u0131rl\u0131k ve Ula\u015ft\u0131rma Bakan\u0131 Erhan Ar\u0131kl\u0131&#8217;n\u0131n istifas\u0131 ve benzer deniz kazalar\u0131n\u0131n bir daha ya\u015fanmamas\u0131 i\u00e7in etkin bir denetim sisteminin hayata ge\u00e7irilmesi \u00e7a\u011fr\u0131s\u0131nda bulundu. G\u00fc\u00e7-Sen Ba\u015fkan\u0131 Ediz Kanatl\u0131 yapt\u0131\u011f\u0131 yaz\u0131l\u0131 a\u00e7\u0131klamada, \u00fclkede, ula\u015f\u0131m faaliyetlerinde yeterli denetim ve can g\u00fcvenli\u011fi sa\u011flanamad\u0131\u011f\u0131n\u0131 savunarak, bunda siyasi sorumlulu\u011fu bulundu\u011funu i\u015faret etti\u011fi Erhan Ar\u0131kl\u0131&#8217;n\u0131n istifa etmesi gerekti\u011fini kaydetti.","og_url":"https:\/\/kibrisdakik.com\/?p=119713","article_published_time":"2026-09-01T13:20:03+00:00","og_image":[{"url":"https:\/\/mhahabercom.teimg.com\/crop\/1280x720\/mhahaber-com\/uploads\/2026\/09\/mha-sari-beyaz-7663.png","type":"","width":"","height":""}],"author":"admin","twitter_card":"summary_large_image","twitter_misc":{"Yazan:":"admin","Tahmini okuma s\u00fcresi":"1 dakika"},"schema":{"@context":"https:\/\/schema.org","@graph":[{"@type":"Article","@id":"https:\/\/kibrisdakik.com\/?p=119713#article","isPartOf":{"@id":"https:\/\/kibrisdakik.com\/?p=119713"},"author":{"name":"admin","@id":"https:\/\/kibrisdakik.com\/#\/schema\/person\/9cd9d437bbb44f72b73ba127e06d8e79"},"headline":"G\u00dc\u00c7-SEN\u2019DEN GEM\u0130 FAC\u0130ASI SONRASI ARIKLI\u2019YA \u00c7A\u011eRI","datePublished":"2026-09-01T13:20:03+00:00","mainEntityOfPage":{"@id":"https:\/\/kibrisdakik.com\/?p=119713"},"wordCount":308,"commentCount":0,"publisher":{"@id":"https:\/\/kibrisdakik.com\/#organization"},"image":{"@id":"https:\/\/kibrisdakik.com\/?p=119713#primaryimage"},"thumbnailUrl":"https:\/\/kibrisdakik.com\/wp-content\/uploads\/2026\/09\/mha-sari-beyaz-7663.png","articleSection":["K\u0131br\u0131s"],"inLanguage":"tr","potentialAction":[{"@type":"CommentAction","name":"Comment","target":["https:\/\/kibrisdakik.com\/?p=119713#respond"]}]},{"@type":"WebPage","@id":"https:\/\/kibrisdakik.com\/?p=119713","url":"https:\/\/kibrisdakik.com\/?p=119713","name":"G\u00dc\u00c7-SEN\u2019DEN GEM\u0130 FAC\u0130ASI SONRASI ARIKLI\u2019YA \u00c7A\u011eRI -","isPartOf":{"@id":"https:\/\/kibrisdakik.com\/#website"},"primaryImageOfPage":{"@id":"https:\/\/kibrisdakik.com\/?p=119713#primaryimage"},"image":{"@id":"https:\/\/kibrisdakik.com\/?p=119713#primaryimage"},"thumbnailUrl":"https:\/\/kibrisdakik.com\/wp-content\/uploads\/2026\/09\/mha-sari-beyaz-7663.png","datePublished":"2026-09-01T13:20:03+00:00","breadcrumb":{"@id":"https:\/\/kibrisdakik.com\/?p=119713#breadcrumb"},"inLanguage":"tr","potentialAction":[{"@type":"ReadAction","target":["https:\/\/kibrisdakik.com\/?p=119713"]}]},{"@type":"ImageObject","inLanguage":"tr","@id":"https:\/\/kibrisdakik.com\/?p=119713#primaryimage","url":"https:\/\/kibrisdakik.com\/wp-content\/uploads\/2026\/09\/mha-sari-beyaz-7663.png","contentUrl":"https:\/\/kibrisdakik.com\/wp-content\/uploads\/2026\/09\/mha-sari-beyaz-7663.png","width":1280,"height":720},{"@type":"BreadcrumbList","@id":"https:\/\/kibrisdakik.com\/?p=119713#breadcrumb","itemListElement":[{"@type":"ListItem","position":1,"name":"Home","item":"https:\/\/kibrisdakik.com\/"},{"@type":"ListItem","position":2,"name":"G\u00dc\u00c7-SEN\u2019DEN GEM\u0130 FAC\u0130ASI SONRASI ARIKLI\u2019YA \u00c7A\u011eRI"}]},{"@type":"WebSite","@id":"https:\/\/kibrisdakik.com\/#website","url":"https:\/\/kibrisdakik.com\/","name":"K\u0131br\u0131s Dakik","description":"Tam vaktinde haber","publisher":{"@id":"https:\/\/kibrisdakik.com\/#organization"},"potentialAction":[{"@type":"SearchAction","target":{"@type":"EntryPoint","urlTemplate":"https:\/\/kibrisdakik.com\/?s={search_term_string}"},"query-input":{"@type":"PropertyValueSpecification","valueRequired":true,"valueName":"search_term_string"}}],"inLanguage":"tr"},{"@type":"Organization","@id":"https:\/\/kibrisdakik.com\/#organization","name":"K\u0131br\u0131s Dakik","url":"https:\/\/kibrisdakik.com\/","logo":{"@type":"ImageObject","inLanguage":"tr","@id":"https:\/\/kibrisdakik.com\/#\/schema\/logo\/image\/","url":"https:\/\/kibrisdakik.com\/wp-content\/uploads\/2025\/10\/cropped-WhatsApp-Image-2025-10-02-at-12.58.31.jpeg","contentUrl":"https:\/\/kibrisdakik.com\/wp-content\/uploads\/2025\/10\/cropped-WhatsApp-Image-2025-10-02-at-12.58.31.jpeg","width":1237,"height":190,"caption":"K\u0131br\u0131s Dakik"},"image":{"@id":"https:\/\/kibrisdakik.com\/#\/schema\/logo\/image\/"}},{"@type":"Person","@id":"https:\/\/kibrisdakik.com\/#\/schema\/person\/9cd9d437bbb44f72b73ba127e06d8e79","name":"admin","image":{"@type":"ImageObject","inLanguage":"tr","@id":"https:\/\/secure.gravatar.com\/avatar\/ccc17943b9d660506c869530f897617f7cb1c21a4bf30023f252596d83e1f007?s=96&d=mm&r=g","url":"https:\/\/secure.gravatar.com\/avatar\/ccc17943b9d660506c869530f897617f7cb1c21a4bf30023f252596d83e1f007?s=96&d=mm&r=g","contentUrl":"https:\/\/secure.gravatar.com\/avatar\/ccc17943b9d660506c869530f897617f7cb1c21a4bf30023f252596d83e1f007?s=96&d=mm&r=g","caption":"admin"},"sameAs":["https:\/\/kibrisdakik.com"],"url":"https:\/\/kibrisdakik.com\/?author=1"}]}},"_links":{"self":[{"href":"https:\/\/kibrisdakik.com\/index.php?rest_route=\/wp\/v2\/posts\/119713","targetHints":{"allow":["GET"]}}],"collection":[{"href":"https:\/\/kibrisdakik.com\/index.php?rest_route=\/wp\/v2\/posts"}],"about":[{"href":"https:\/\/kibrisdakik.com\/index.php?rest_route=\/wp\/v2\/types\/post"}],"author":[{"embeddable":true,"href":"https:\/\/kibrisdakik.com\/index.php?rest_route=\/wp\/v2\/users\/1"}],"replies":[{"embeddable":true,"href":"https:\/\/kibrisdakik.com\/index.php?rest_route=%2Fwp%2Fv2%2Fcomments&post=119713"}],"version-history":[{"count":0,"href":"https:\/\/kibrisdakik.com\/index.php?rest_route=\/wp\/v2\/posts\/119713\/revisions"}],"wp:featuredmedia":[{"embeddable":true,"href":"https:\/\/kibrisdakik.com\/index.php?rest_route=\/wp\/v2\/media\/119714"}],"wp:attachment":[{"href":"https:\/\/kibrisdakik.com\/index.php?rest_route=%2Fwp%2Fv2%2Fmedia&parent=119713"}],"wp:term":[{"taxonomy":"category","embeddable":true,"href":"https:\/\/kibrisdakik.com\/index.php?rest_route=%2Fwp%2Fv2%2Fcategories&post=119713"},{"taxonomy":"post_tag","embeddable":true,"href":"https:\/\/kibrisdakik.com\/index.php?rest_route=%2Fwp%2Fv2%2Ftags&post=119713"}],"curies":[{"name":"wp","href":"https:\/\/api.w.org\/{rel}","templated":true}]}}