{"id":119715,"date":"2026-09-01T16:47:12","date_gmt":"2026-09-01T13:47:12","guid":{"rendered":"https:\/\/kibrisdakik.com\/?p=119715"},"modified":"2026-09-01T16:47:12","modified_gmt":"2026-09-01T13:47:12","slug":"filo-jette-kritik-3-soru-arikli-yanit-icin-limanlar-dairesini-isaret-etti","status":"publish","type":"post","link":"https:\/\/kibrisdakik.com\/?p=119715","title":{"rendered":"Filo Jet\u2019te Kritik 3 Soru: Ar\u0131kl\u0131 Yan\u0131t \u0130\u00e7in Limanlar Dairesi\u2019ni \u0130\u015faret Etti"},"content":{"rendered":"<h3><strong>ARIKLI: \u201cBAKANLI\u011eIMDA \u0130HMAL VARSA GERE\u011e\u0130N\u0130 YAPARIM\u201d<\/strong><\/h3>\n<div class=\"text-base my-auto mx-auto [--thread-content-margin:var(--thread-content-margin-xs,calc(var(--spacing)*4))] @w-sm\/main:[--thread-content-margin:var(--thread-content-margin-sm,calc(var(--spacing)*6))] @w-lg\/main:[--thread-content-margin:var(--thread-content-margin-lg,calc(var(--spacing)*16))] px-(--thread-content-margin)\">\n<div class=\"[--thread-content-max-width:40rem] @w-lg\/main:[--thread-content-max-width:48rem] mx-auto max-w-(--thread-content-max-width) flex-1 group\/turn-messages focus-visible:outline-hidden relative flex w-full min-w-0 flex-col agent-turn\" data-conversation-screenshot-content=\"\">\n<div class=\"flex max-w-full flex-col gap-4 grow\">\n<div class=\"min-h-8 text-message relative flex w-full flex-col items-end gap-2 text-start break-words whitespace-normal outline-none keyboard-focused:focus-ring [.text-message+&amp;]:mt-1\" dir=\"auto\" data-message-author-role=\"assistant\" data-message-id=\"7eb3658d-a2db-4f48-a5e4-4c3c01320ea6\" data-message-model-slug=\"gpt-5-6-mini\">\n<div class=\"flex w-full flex-col gap-1 empty:hidden\">\n<div class=\"markdown prose dark:prose-invert wrap-break-word w-full light markdown-new-styling\">\n<p class=\"PDq2pG_selectionAnchorContainer\" data-start=\"80\" data-end=\"337\">Bay\u0131nd\u0131rl\u0131k ve Ula\u015ft\u0131rma Bakan\u0131 Erhan Ar\u0131kl\u0131, Nazar Eri\u015fkin\u2019in sundu\u011fu ve Facebook ile YouTube \u00fczerinden yay\u0131nlanan <strong data-start=\"196\" data-end=\"209\">G\u00fcne Dair<\/strong> program\u0131na konuk olarak Girne a\u00e7\u0131klar\u0131nda batan Filo Jet isimli katamaranla ilgili kamuoyunda g\u00fcndeme gelen sorular\u0131 yan\u0131tlad\u0131.<\/p>\n<p data-start=\"339\" data-end=\"546\">Programda, geminin ge\u00e7mi\u015fi, teknik belgeleri, kaptan\u0131n yeterlili\u011fi, idari ve siyasi sorumluluk, arama-kurtarma \u00e7al\u0131\u015fmalar\u0131 ile kazan\u0131n ard\u0131ndan y\u00fcr\u00fct\u00fclen kriz y\u00f6netimine ili\u015fkin \u00e7e\u015fitli ba\u015fl\u0131klar ele al\u0131nd\u0131.<\/p>\n<h3 data-section-id=\"15mmrlm\" data-start=\"548\" data-end=\"603\">GEM\u0130N\u0130N GE\u00c7M\u0130\u015e\u0130 VE T\u00dcRK LOYDU BELGES\u0130 G\u00dcNDEME GELD\u0130<\/h3>\n<p data-start=\"605\" data-end=\"690\">Programda, geminin ge\u00e7mi\u015fte ciddi hasar ald\u0131\u011f\u0131na ili\u015fkin kay\u0131tlar da g\u00fcndeme ta\u015f\u0131nd\u0131.<\/p>\n<p data-start=\"692\" data-end=\"934\">Bakan Ar\u0131kl\u0131, geminin Akdeniz Tersanesi\u2019nde kapsaml\u0131 bir onar\u0131mdan ge\u00e7irildi\u011fini ve ger\u00e7ekle\u015ftirilen \u00e7al\u0131\u015fmalar\u0131n T\u00fcrk Loydu taraf\u0131ndan denetlendi\u011fini belirtti. Ar\u0131kl\u0131, onar\u0131m s\u00fcrecine ili\u015fkin ayr\u0131nt\u0131l\u0131 bir raporun elinde bulundu\u011funu s\u00f6yledi.<\/p>\n<p data-start=\"936\" data-end=\"1099\">Ar\u0131kl\u0131\u2019n\u0131n programda payla\u015ft\u0131\u011f\u0131 sertifika numaras\u0131n\u0131n T\u00fcrk Loydu\u2019nun sisteminde sorguland\u0131\u011f\u0131nda <strong data-start=\"1032\" data-end=\"1045\">\u201cINVALID\u201d<\/strong> olarak g\u00f6r\u00fcnd\u00fc\u011f\u00fc y\u00f6n\u00fcndeki soru da g\u00fcndeme getirildi.<\/p>\n<p data-start=\"1101\" data-end=\"1254\">Ar\u0131kl\u0131, gemilerin her y\u0131l denetlendi\u011fini ifade ederken, s\u00f6z konusu belgenin sistemde neden \u201cINVALID\u201d olarak g\u00f6r\u00fcnd\u00fc\u011f\u00fcne ili\u015fkin net bir a\u00e7\u0131klama yapmad\u0131.<\/p>\n<h3 data-section-id=\"1wtx17i\" data-start=\"1256\" data-end=\"1296\">KAPTANIN HONDURAS BELGES\u0130 TARTI\u015eILDI<\/h3>\n<p data-start=\"1298\" data-end=\"1405\">Program\u0131n \u00f6nemli ba\u015fl\u0131klar\u0131ndan birini de Filo Jet kaptan\u0131n\u0131n yeterlili\u011fi ve kulland\u0131\u011f\u0131 belgeler olu\u015fturdu.<\/p>\n<p data-start=\"1407\" data-end=\"1694\">Ar\u0131kl\u0131\u2019n\u0131n payla\u015ft\u0131\u011f\u0131 Honduras kaynakl\u0131 kaptanl\u0131k sertifikas\u0131 \u00fczerinden yap\u0131lan de\u011ferlendirmede, Honduras\u2019\u0131n denizcilik belgelerine ili\u015fkin uluslararas\u0131 g\u00fcvenilirlik tart\u0131\u015fmalar\u0131 ile T\u00fcrkiye\u2019nin g\u00fcncel STCW tan\u0131ma protokolleri listesinde Honduras\u2019\u0131n yer almamas\u0131 Bakan Ar\u0131kl\u0131\u2019ya soruldu.<\/p>\n<p data-start=\"1696\" data-end=\"1856\">Ar\u0131kl\u0131, yabanc\u0131 \u00fclkeler taraf\u0131ndan verilen gemiadam\u0131 yeterlik belgelerinin ilgili \u00fclke ve Uluslararas\u0131 Denizcilik \u00d6rg\u00fct\u00fc (IMO) \u00fczerinden do\u011fruland\u0131\u011f\u0131n\u0131 s\u00f6yledi.<\/p>\n<p data-start=\"1858\" data-end=\"2063\">Ancak Honduras taraf\u0131ndan d\u00fczenlenen s\u00f6z konusu belgenin KKTC\u2019de hangi hukuki ve teknik prosed\u00fcr kapsam\u0131nda tan\u0131nd\u0131\u011f\u0131 sorusuna Ar\u0131kl\u0131, kendi bakanl\u0131\u011f\u0131na ba\u011fl\u0131 <strong data-start=\"2017\" data-end=\"2050\">Limanlar Dairesi M\u00fcd\u00fcrl\u00fc\u011f\u00fc\u2019n\u00fc<\/strong> i\u015faret etti.<\/p>\n<p data-start=\"2065\" data-end=\"2148\">Ar\u0131kl\u0131, Limanlar Dairesi\u2019nin konuyla ilgili ayr\u0131nt\u0131l\u0131 a\u00e7\u0131klama yapaca\u011f\u0131n\u0131 belirtti.<\/p>\n<h3 data-section-id=\"1enf65j\" data-start=\"2150\" data-end=\"2195\">\u201c3 B\u0130N GROS TON VE \u00dcZER\u0130\u201d \u0130BARES\u0130 SORULDU<\/h3>\n<p data-start=\"2197\" data-end=\"2307\">Kaptanl\u0131k sertifikas\u0131nda yer alan <strong data-start=\"2231\" data-end=\"2260\">\u201c3.000 gros ton ve \u00fczeri\u201d<\/strong> yeterlilik ibaresi de programda g\u00fcndeme geldi.<\/p>\n<p data-start=\"2309\" data-end=\"2519\">Batan katamaran\u0131n resmi kay\u0131tlarda yakla\u015f\u0131k <strong data-start=\"2353\" data-end=\"2369\">339 gros ton<\/strong> oldu\u011fu hat\u0131rlat\u0131larak, s\u00f6z konusu yeterlilik belgesinin 339 gros tonluk y\u00fcksek h\u0131zl\u0131 yolcu katamaran\u0131n\u0131 kullanmak i\u00e7in yeterli olup olmad\u0131\u011f\u0131 soruldu.<\/p>\n<p data-start=\"2521\" data-end=\"2756\">Ar\u0131kl\u0131, konuya ili\u015fkin de\u011ferlendirmesinde a\u011f\u0131r vas\u0131ta ehliyetiyle daha k\u00fc\u00e7\u00fck ara\u00e7lar\u0131n da kullan\u0131labilmesine ili\u015fkin bir \u00f6rnek verdi. Ancak teknik konuda uzman olmad\u0131\u011f\u0131n\u0131 belirten Ar\u0131kl\u0131, kesin de\u011ferlendirmeyi ilgili uzmanlara b\u0131rakt\u0131.<\/p>\n<h3 data-section-id=\"brq2ev\" data-start=\"2758\" data-end=\"2791\">DER\u0130N DEN\u0130Z ARAMA \u00c7ALI\u015eMALARI<\/h3>\n<p data-start=\"2793\" data-end=\"2963\">Programda arama-kurtarma \u00e7al\u0131\u015fmalar\u0131na ili\u015fkin de bilgi veren Ar\u0131kl\u0131, <strong data-start=\"2863\" data-end=\"2878\">TCG I\u015f\u0131n\u2019\u0131n<\/strong> robotik sistemlerle bat\u0131\u011fa ula\u015fmak amac\u0131yla b\u00f6lgeye gelmesinin beklendi\u011fini s\u00f6yledi.<\/p>\n<p data-start=\"2965\" data-end=\"3149\">Bat\u0131\u011f\u0131n yakla\u015f\u0131k <strong data-start=\"2982\" data-end=\"3006\">514 metre derinlikte<\/strong> bulundu\u011funu belirten Ar\u0131kl\u0131, \u00e7al\u0131\u015fmalar kapsam\u0131nda hem kay\u0131p ki\u015filere hem de geminin <strong data-start=\"3092\" data-end=\"3108\">VDR cihaz\u0131na<\/strong> ula\u015f\u0131lmas\u0131n\u0131n hedeflendi\u011fini ifade etti.<\/p>\n<p data-start=\"3151\" data-end=\"3375\">VDR kay\u0131tlar\u0131n\u0131n, geminin ne zaman su almaya ba\u015flad\u0131\u011f\u0131, SOS \u00e7a\u011fr\u0131s\u0131n\u0131n hangi saatte yap\u0131ld\u0131\u011f\u0131, geminin h\u0131z\u0131 ve k\u00f6pr\u00fc\u00fcst\u00fcndeki konu\u015fmalar gibi kazan\u0131n olu\u015fum s\u00fcrecini ayd\u0131nlatabilecek \u00f6nemli bilgiler i\u00e7erebilece\u011fini kaydetti.<\/p>\n<h3 data-section-id=\"1ixmjl9\" data-start=\"3377\" data-end=\"3428\">KAYIP SAYISINDAK\u0130 FARKLILIKLAR DA G\u00dcNDEME GELD\u0130<\/h3>\n<p data-start=\"3430\" data-end=\"3583\">Kazan\u0131n ard\u0131ndan farkl\u0131 saatlerde farkl\u0131 kay\u0131p say\u0131lar\u0131n\u0131n a\u00e7\u0131klanmas\u0131 ve kay\u0131p yak\u0131nlar\u0131n\u0131n bilgiye ula\u015fmakta ya\u015fad\u0131\u011f\u0131 sorunlar da programda ele al\u0131nd\u0131.<\/p>\n<p data-start=\"3585\" data-end=\"3742\">Ar\u0131kl\u0131, baz\u0131 kurtar\u0131lan yolcular\u0131n hastaneye gitmeden b\u00f6lgeden ayr\u0131ld\u0131\u011f\u0131n\u0131 ve \u00f6zellikle ilk saatlerde isimlerin teyit edilmesinde g\u00fc\u00e7l\u00fck ya\u015fand\u0131\u011f\u0131n\u0131 s\u00f6yledi.<\/p>\n<p data-start=\"3744\" data-end=\"3897\">Kay\u0131p yak\u0131nlar\u0131n\u0131n ya\u015fanan s\u00fcre\u00e7 nedeniyle g\u00f6sterdi\u011fi tepkilerde hakl\u0131 oldu\u011funu da kabul eden Ar\u0131kl\u0131, kriz y\u00f6netimine ili\u015fkin ele\u015ftirileri de\u011ferlendirdi.<\/p>\n<h3 data-section-id=\"137ef8w\" data-start=\"3899\" data-end=\"3953\">\u201c\u0130HMAL VEYA KUSUR ORTAYA \u00c7IKARSA GERE\u011e\u0130N\u0130 YAPARIM\u201d<\/h3>\n<p data-start=\"3955\" data-end=\"4138\">Kendisine y\u00f6nelik istifa \u00e7a\u011fr\u0131lar\u0131 da sorulan Ar\u0131kl\u0131, bakanl\u0131\u011f\u0131n sorumlulu\u011fundaki s\u00fcre\u00e7lerde a\u00e7\u0131k bir ihmal veya kusur tespit edilmesi halinde siyasi sorumluluk \u00fcstlenece\u011fini s\u00f6yledi.<\/p>\n<p data-start=\"4140\" data-end=\"4342\">Ar\u0131kl\u0131, <strong data-start=\"4148\" data-end=\"4224\">\u201cBakanl\u0131\u011f\u0131n a\u00e7\u0131k bir ihmali veya kusuru ortaya \u00e7\u0131karsa gere\u011fini yapar\u0131m\u201d<\/strong> diyerek, soru\u015fturma sonucunda kendi bakanl\u0131\u011f\u0131 a\u00e7\u0131s\u0131ndan kusur tespit edilmesi halinde gerekeni yapaca\u011f\u0131n\u0131 ifade etti.<\/p>\n<h3 data-section-id=\"1iehkjk\" data-start=\"4344\" data-end=\"4393\">F\u0130LO DEN\u0130ZC\u0130L\u0130K\u2019\u0130N ORTAKLIK YAPISI DA SORULDU<\/h3>\n<p data-start=\"4395\" data-end=\"4524\">Programda Filo Denizcilik\u2019in ortakl\u0131k yap\u0131s\u0131nda YDP\u2019li veya partiyle ili\u015fkili isimlerin bulunup bulunmad\u0131\u011f\u0131 da Ar\u0131kl\u0131\u2019ya soruldu.<\/p>\n<p data-start=\"4526\" data-end=\"4645\">Ar\u0131kl\u0131, \u015firketin hissedarlar\u0131n\u0131 bilmedi\u011fini belirterek, g\u00fcndeme getirilen iddiay\u0131 kendisinin de ara\u015ft\u0131raca\u011f\u0131n\u0131 s\u00f6yledi.<\/p>\n<h3 data-section-id=\"cf434v\" data-start=\"4647\" data-end=\"4680\">\u00dc\u00c7 KR\u0130T\u0130K SORU YANIT BEKL\u0130YOR<\/h3>\n<p data-start=\"4682\" data-end=\"4783\">Programda yap\u0131lan de\u011ferlendirmelerin ard\u0131ndan Filo Jet facias\u0131yla ilgili \u00f6zellikle \u00fc\u00e7 konu \u00f6ne \u00e7\u0131kt\u0131.<\/p>\n<p data-start=\"4785\" data-end=\"4901\">Bunlardan ilki, Bakan Ar\u0131kl\u0131\u2019n\u0131n payla\u015ft\u0131\u011f\u0131 T\u00fcrk Loydu sertifikas\u0131n\u0131n sistemde neden <strong data-start=\"4870\" data-end=\"4883\">\u201cINVALID\u201d<\/strong> olarak g\u00f6r\u00fcnd\u00fc\u011f\u00fc.<\/p>\n<p data-start=\"4903\" data-end=\"5033\">\u0130kinci soru, Honduras kaynakl\u0131 kaptanl\u0131k belgesinin hangi do\u011frulama ve tan\u0131ma prosed\u00fcr\u00fc kapsam\u0131nda KKTC\u2019de ge\u00e7erli kabul edildi\u011fi.<\/p>\n<p data-start=\"5035\" data-end=\"5244\">\u00dc\u00e7\u00fcnc\u00fc soru ise sertifikada yer alan <strong data-start=\"5072\" data-end=\"5101\">\u201c3.000 gros ton ve \u00fczeri\u201d<\/strong> yeterlilik ibaresinin, resmi kay\u0131tlarda yakla\u015f\u0131k <strong data-start=\"5151\" data-end=\"5167\">339 gros ton<\/strong> olan y\u00fcksek h\u0131zl\u0131 yolcu katamaran\u0131n\u0131n kaptanl\u0131\u011f\u0131 i\u00e7in yeterli olup olmad\u0131\u011f\u0131.<\/p>\n<p data-start=\"5246\" data-end=\"5394\">Bakan Ar\u0131kl\u0131, bu sorular\u0131n \u00f6nemli b\u00f6l\u00fcm\u00fcn\u00fcn yan\u0131t\u0131 konusunda kendi bakanl\u0131\u011f\u0131na ba\u011fl\u0131 Limanlar Dairesi M\u00fcd\u00fcrl\u00fc\u011f\u00fc\u2019n\u00fcn yapaca\u011f\u0131 a\u00e7\u0131klamay\u0131 i\u015faret etti.<\/p>\n<p data-start=\"5396\" data-end=\"5557\" data-is-last-node=\"\" data-is-only-node=\"\">Filo Jet facias\u0131n\u0131n kesin nedenleri ile olas\u0131 idari, teknik ve siyasi sorumluluklar\u0131n ise devam eden soru\u015fturma ve incelemelerin sonucunda netle\u015fmesi bekleniyor.<\/p>\n<\/div>\n<\/div>\n<\/div>\n<\/div>\n<div class=\"z-0 flex min-h-[46px] justify-start\"><\/div>\n<\/div>\n<div class=\"[--thread-content-max-width:40rem] @w-lg\/main:[--thread-content-max-width:48rem] mx-auto max-w-(--thread-content-max-width) flex-1\" data-conversation-screenshot-content=\"\">\n<div><\/div>\n<\/div>\n<\/div>\n","protected":false},"excerpt":{"rendered":"<p>ARIKLI: \u201cBAKANLI\u011eIMDA \u0130HMAL VARSA GERE\u011e\u0130N\u0130 YAPARIM\u201d Bay\u0131nd\u0131rl\u0131k ve Ula\u015ft\u0131rma Bakan\u0131 Erhan Ar\u0131kl\u0131, Nazar Eri\u015fkin\u2019in sundu\u011fu ve Facebook ile YouTube \u00fczerinden yay\u0131nlanan G\u00fcne Dair program\u0131na konuk olarak Girne a\u00e7\u0131klar\u0131nda batan Filo Jet isimli katamaranla ilgili kamuoyunda g\u00fcndeme gelen sorular\u0131 yan\u0131tlad\u0131. Programda, geminin ge\u00e7mi\u015fi, teknik belgeleri, kaptan\u0131n yeterlili\u011fi, idari ve siyasi sorumluluk, arama-kurtarma \u00e7al\u0131\u015fmalar\u0131 ile kazan\u0131n ard\u0131ndan<\/p>\n","protected":false},"author":1,"featured_media":119716,"comment_status":"open","ping_status":"open","sticky":false,"template":"","format":"standard","meta":{"footnotes":""},"categories":[1,81],"tags":[],"class_list":["post-119715","post","type-post","status-publish","format-standard","has-post-thumbnail","hentry","category-gundem","category-kibris"],"yoast_head":"<!-- This site is optimized with the Yoast SEO plugin v28.3 - https:\/\/yoast.com\/product\/yoast-seo-wordpress\/ -->\n<title>Filo Jet\u2019te Kritik 3 Soru: Ar\u0131kl\u0131 Yan\u0131t \u0130\u00e7in Limanlar Dairesi\u2019ni \u0130\u015faret Etti -<\/title>\n<meta name=\"robots\" content=\"index, follow, max-snippet:-1, max-image-preview:large, max-video-preview:-1\" \/>\n<link rel=\"canonical\" href=\"https:\/\/kibrisdakik.com\/?p=119715\" \/>\n<meta property=\"og:locale\" content=\"tr_TR\" \/>\n<meta property=\"og:type\" content=\"article\" \/>\n<meta property=\"og:title\" content=\"Filo Jet\u2019te Kritik 3 Soru: Ar\u0131kl\u0131 Yan\u0131t \u0130\u00e7in Limanlar Dairesi\u2019ni \u0130\u015faret Etti -\" \/>\n<meta property=\"og:description\" content=\"ARIKLI: \u201cBAKANLI\u011eIMDA \u0130HMAL VARSA GERE\u011e\u0130N\u0130 YAPARIM\u201d Bay\u0131nd\u0131rl\u0131k ve Ula\u015ft\u0131rma Bakan\u0131 Erhan Ar\u0131kl\u0131, Nazar Eri\u015fkin\u2019in sundu\u011fu ve Facebook ile YouTube \u00fczerinden yay\u0131nlanan G\u00fcne Dair program\u0131na konuk olarak Girne a\u00e7\u0131klar\u0131nda batan Filo Jet isimli katamaranla ilgili kamuoyunda g\u00fcndeme gelen sorular\u0131 yan\u0131tlad\u0131. Programda, geminin ge\u00e7mi\u015fi, teknik belgeleri, kaptan\u0131n yeterlili\u011fi, idari ve siyasi sorumluluk, arama-kurtarma \u00e7al\u0131\u015fmalar\u0131 ile kazan\u0131n ard\u0131ndan\" \/>\n<meta property=\"og:url\" content=\"https:\/\/kibrisdakik.com\/?p=119715\" \/>\n<meta property=\"article:published_time\" content=\"2026-09-01T13:47:12+00:00\" \/>\n<meta property=\"og:image\" content=\"https:\/\/kibrisdakik.com\/wp-content\/uploads\/2026\/09\/790572267_28390028247297448_4213377815799393411_n.png\" \/>\n\t<meta property=\"og:image:width\" content=\"547\" \/>\n\t<meta property=\"og:image:height\" content=\"365\" \/>\n\t<meta property=\"og:image:type\" content=\"image\/png\" \/>\n<meta name=\"author\" content=\"admin\" \/>\n<meta name=\"twitter:card\" content=\"summary_large_image\" \/>\n<meta name=\"twitter:label1\" content=\"Yazan:\" \/>\n\t<meta name=\"twitter:data1\" content=\"admin\" \/>\n\t<meta name=\"twitter:label2\" content=\"Tahmini okuma s\u00fcresi\" \/>\n\t<meta name=\"twitter:data2\" content=\"5 dakika\" \/>\n<script type=\"application\/ld+json\" class=\"yoast-schema-graph\">{\"@context\":\"https:\\\/\\\/schema.org\",\"@graph\":[{\"@type\":\"Article\",\"@id\":\"https:\\\/\\\/kibrisdakik.com\\\/?p=119715#article\",\"isPartOf\":{\"@id\":\"https:\\\/\\\/kibrisdakik.com\\\/?p=119715\"},\"author\":{\"name\":\"admin\",\"@id\":\"https:\\\/\\\/kibrisdakik.com\\\/#\\\/schema\\\/person\\\/9cd9d437bbb44f72b73ba127e06d8e79\"},\"headline\":\"Filo Jet\u2019te Kritik 3 Soru: Ar\u0131kl\u0131 Yan\u0131t \u0130\u00e7in Limanlar Dairesi\u2019ni \u0130\u015faret Etti\",\"datePublished\":\"2026-09-01T13:47:12+00:00\",\"mainEntityOfPage\":{\"@id\":\"https:\\\/\\\/kibrisdakik.com\\\/?p=119715\"},\"wordCount\":1015,\"commentCount\":0,\"publisher\":{\"@id\":\"https:\\\/\\\/kibrisdakik.com\\\/#organization\"},\"image\":{\"@id\":\"https:\\\/\\\/kibrisdakik.com\\\/?p=119715#primaryimage\"},\"thumbnailUrl\":\"https:\\\/\\\/kibrisdakik.com\\\/wp-content\\\/uploads\\\/2026\\\/09\\\/790572267_28390028247297448_4213377815799393411_n.png\",\"articleSection\":[\"G\u00fcndem\",\"K\u0131br\u0131s\"],\"inLanguage\":\"tr\",\"potentialAction\":[{\"@type\":\"CommentAction\",\"name\":\"Comment\",\"target\":[\"https:\\\/\\\/kibrisdakik.com\\\/?p=119715#respond\"]}]},{\"@type\":\"WebPage\",\"@id\":\"https:\\\/\\\/kibrisdakik.com\\\/?p=119715\",\"url\":\"https:\\\/\\\/kibrisdakik.com\\\/?p=119715\",\"name\":\"Filo Jet\u2019te Kritik 3 Soru: Ar\u0131kl\u0131 Yan\u0131t \u0130\u00e7in Limanlar Dairesi\u2019ni \u0130\u015faret Etti -\",\"isPartOf\":{\"@id\":\"https:\\\/\\\/kibrisdakik.com\\\/#website\"},\"primaryImageOfPage\":{\"@id\":\"https:\\\/\\\/kibrisdakik.com\\\/?p=119715#primaryimage\"},\"image\":{\"@id\":\"https:\\\/\\\/kibrisdakik.com\\\/?p=119715#primaryimage\"},\"thumbnailUrl\":\"https:\\\/\\\/kibrisdakik.com\\\/wp-content\\\/uploads\\\/2026\\\/09\\\/790572267_28390028247297448_4213377815799393411_n.png\",\"datePublished\":\"2026-09-01T13:47:12+00:00\",\"breadcrumb\":{\"@id\":\"https:\\\/\\\/kibrisdakik.com\\\/?p=119715#breadcrumb\"},\"inLanguage\":\"tr\",\"potentialAction\":[{\"@type\":\"ReadAction\",\"target\":[\"https:\\\/\\\/kibrisdakik.com\\\/?p=119715\"]}]},{\"@type\":\"ImageObject\",\"inLanguage\":\"tr\",\"@id\":\"https:\\\/\\\/kibrisdakik.com\\\/?p=119715#primaryimage\",\"url\":\"https:\\\/\\\/kibrisdakik.com\\\/wp-content\\\/uploads\\\/2026\\\/09\\\/790572267_28390028247297448_4213377815799393411_n.png\",\"contentUrl\":\"https:\\\/\\\/kibrisdakik.com\\\/wp-content\\\/uploads\\\/2026\\\/09\\\/790572267_28390028247297448_4213377815799393411_n.png\",\"width\":547,\"height\":365},{\"@type\":\"BreadcrumbList\",\"@id\":\"https:\\\/\\\/kibrisdakik.com\\\/?p=119715#breadcrumb\",\"itemListElement\":[{\"@type\":\"ListItem\",\"position\":1,\"name\":\"Home\",\"item\":\"https:\\\/\\\/kibrisdakik.com\\\/\"},{\"@type\":\"ListItem\",\"position\":2,\"name\":\"Filo Jet\u2019te Kritik 3 Soru: Ar\u0131kl\u0131 Yan\u0131t \u0130\u00e7in Limanlar Dairesi\u2019ni \u0130\u015faret Etti\"}]},{\"@type\":\"WebSite\",\"@id\":\"https:\\\/\\\/kibrisdakik.com\\\/#website\",\"url\":\"https:\\\/\\\/kibrisdakik.com\\\/\",\"name\":\"K\u0131br\u0131s Dakik\",\"description\":\"Tam vaktinde haber\",\"publisher\":{\"@id\":\"https:\\\/\\\/kibrisdakik.com\\\/#organization\"},\"potentialAction\":[{\"@type\":\"SearchAction\",\"target\":{\"@type\":\"EntryPoint\",\"urlTemplate\":\"https:\\\/\\\/kibrisdakik.com\\\/?s={search_term_string}\"},\"query-input\":{\"@type\":\"PropertyValueSpecification\",\"valueRequired\":true,\"valueName\":\"search_term_string\"}}],\"inLanguage\":\"tr\"},{\"@type\":\"Organization\",\"@id\":\"https:\\\/\\\/kibrisdakik.com\\\/#organization\",\"name\":\"K\u0131br\u0131s Dakik\",\"url\":\"https:\\\/\\\/kibrisdakik.com\\\/\",\"logo\":{\"@type\":\"ImageObject\",\"inLanguage\":\"tr\",\"@id\":\"https:\\\/\\\/kibrisdakik.com\\\/#\\\/schema\\\/logo\\\/image\\\/\",\"url\":\"https:\\\/\\\/kibrisdakik.com\\\/wp-content\\\/uploads\\\/2025\\\/10\\\/cropped-WhatsApp-Image-2025-10-02-at-12.58.31.jpeg\",\"contentUrl\":\"https:\\\/\\\/kibrisdakik.com\\\/wp-content\\\/uploads\\\/2025\\\/10\\\/cropped-WhatsApp-Image-2025-10-02-at-12.58.31.jpeg\",\"width\":1237,\"height\":190,\"caption\":\"K\u0131br\u0131s Dakik\"},\"image\":{\"@id\":\"https:\\\/\\\/kibrisdakik.com\\\/#\\\/schema\\\/logo\\\/image\\\/\"}},{\"@type\":\"Person\",\"@id\":\"https:\\\/\\\/kibrisdakik.com\\\/#\\\/schema\\\/person\\\/9cd9d437bbb44f72b73ba127e06d8e79\",\"name\":\"admin\",\"image\":{\"@type\":\"ImageObject\",\"inLanguage\":\"tr\",\"@id\":\"https:\\\/\\\/secure.gravatar.com\\\/avatar\\\/ccc17943b9d660506c869530f897617f7cb1c21a4bf30023f252596d83e1f007?s=96&d=mm&r=g\",\"url\":\"https:\\\/\\\/secure.gravatar.com\\\/avatar\\\/ccc17943b9d660506c869530f897617f7cb1c21a4bf30023f252596d83e1f007?s=96&d=mm&r=g\",\"contentUrl\":\"https:\\\/\\\/secure.gravatar.com\\\/avatar\\\/ccc17943b9d660506c869530f897617f7cb1c21a4bf30023f252596d83e1f007?s=96&d=mm&r=g\",\"caption\":\"admin\"},\"sameAs\":[\"https:\\\/\\\/kibrisdakik.com\"],\"url\":\"https:\\\/\\\/kibrisdakik.com\\\/?author=1\"}]}<\/script>\n<!-- \/ Yoast SEO plugin. -->","yoast_head_json":{"title":"Filo Jet\u2019te Kritik 3 Soru: Ar\u0131kl\u0131 Yan\u0131t \u0130\u00e7in Limanlar Dairesi\u2019ni \u0130\u015faret Etti -","robots":{"index":"index","follow":"follow","max-snippet":"max-snippet:-1","max-image-preview":"max-image-preview:large","max-video-preview":"max-video-preview:-1"},"canonical":"https:\/\/kibrisdakik.com\/?p=119715","og_locale":"tr_TR","og_type":"article","og_title":"Filo Jet\u2019te Kritik 3 Soru: Ar\u0131kl\u0131 Yan\u0131t \u0130\u00e7in Limanlar Dairesi\u2019ni \u0130\u015faret Etti -","og_description":"ARIKLI: \u201cBAKANLI\u011eIMDA \u0130HMAL VARSA GERE\u011e\u0130N\u0130 YAPARIM\u201d Bay\u0131nd\u0131rl\u0131k ve Ula\u015ft\u0131rma Bakan\u0131 Erhan Ar\u0131kl\u0131, Nazar Eri\u015fkin\u2019in sundu\u011fu ve Facebook ile YouTube \u00fczerinden yay\u0131nlanan G\u00fcne Dair program\u0131na konuk olarak Girne a\u00e7\u0131klar\u0131nda batan Filo Jet isimli katamaranla ilgili kamuoyunda g\u00fcndeme gelen sorular\u0131 yan\u0131tlad\u0131. Programda, geminin ge\u00e7mi\u015fi, teknik belgeleri, kaptan\u0131n yeterlili\u011fi, idari ve siyasi sorumluluk, arama-kurtarma \u00e7al\u0131\u015fmalar\u0131 ile kazan\u0131n ard\u0131ndan","og_url":"https:\/\/kibrisdakik.com\/?p=119715","article_published_time":"2026-09-01T13:47:12+00:00","og_image":[{"width":547,"height":365,"url":"https:\/\/kibrisdakik.com\/wp-content\/uploads\/2026\/09\/790572267_28390028247297448_4213377815799393411_n.png","type":"image\/png"}],"author":"admin","twitter_card":"summary_large_image","twitter_misc":{"Yazan:":"admin","Tahmini okuma s\u00fcresi":"5 dakika"},"schema":{"@context":"https:\/\/schema.org","@graph":[{"@type":"Article","@id":"https:\/\/kibrisdakik.com\/?p=119715#article","isPartOf":{"@id":"https:\/\/kibrisdakik.com\/?p=119715"},"author":{"name":"admin","@id":"https:\/\/kibrisdakik.com\/#\/schema\/person\/9cd9d437bbb44f72b73ba127e06d8e79"},"headline":"Filo Jet\u2019te Kritik 3 Soru: Ar\u0131kl\u0131 Yan\u0131t \u0130\u00e7in Limanlar Dairesi\u2019ni \u0130\u015faret Etti","datePublished":"2026-09-01T13:47:12+00:00","mainEntityOfPage":{"@id":"https:\/\/kibrisdakik.com\/?p=119715"},"wordCount":1015,"commentCount":0,"publisher":{"@id":"https:\/\/kibrisdakik.com\/#organization"},"image":{"@id":"https:\/\/kibrisdakik.com\/?p=119715#primaryimage"},"thumbnailUrl":"https:\/\/kibrisdakik.com\/wp-content\/uploads\/2026\/09\/790572267_28390028247297448_4213377815799393411_n.png","articleSection":["G\u00fcndem","K\u0131br\u0131s"],"inLanguage":"tr","potentialAction":[{"@type":"CommentAction","name":"Comment","target":["https:\/\/kibrisdakik.com\/?p=119715#respond"]}]},{"@type":"WebPage","@id":"https:\/\/kibrisdakik.com\/?p=119715","url":"https:\/\/kibrisdakik.com\/?p=119715","name":"Filo Jet\u2019te Kritik 3 Soru: Ar\u0131kl\u0131 Yan\u0131t \u0130\u00e7in Limanlar Dairesi\u2019ni \u0130\u015faret Etti -","isPartOf":{"@id":"https:\/\/kibrisdakik.com\/#website"},"primaryImageOfPage":{"@id":"https:\/\/kibrisdakik.com\/?p=119715#primaryimage"},"image":{"@id":"https:\/\/kibrisdakik.com\/?p=119715#primaryimage"},"thumbnailUrl":"https:\/\/kibrisdakik.com\/wp-content\/uploads\/2026\/09\/790572267_28390028247297448_4213377815799393411_n.png","datePublished":"2026-09-01T13:47:12+00:00","breadcrumb":{"@id":"https:\/\/kibrisdakik.com\/?p=119715#breadcrumb"},"inLanguage":"tr","potentialAction":[{"@type":"ReadAction","target":["https:\/\/kibrisdakik.com\/?p=119715"]}]},{"@type":"ImageObject","inLanguage":"tr","@id":"https:\/\/kibrisdakik.com\/?p=119715#primaryimage","url":"https:\/\/kibrisdakik.com\/wp-content\/uploads\/2026\/09\/790572267_28390028247297448_4213377815799393411_n.png","contentUrl":"https:\/\/kibrisdakik.com\/wp-content\/uploads\/2026\/09\/790572267_28390028247297448_4213377815799393411_n.png","width":547,"height":365},{"@type":"BreadcrumbList","@id":"https:\/\/kibrisdakik.com\/?p=119715#breadcrumb","itemListElement":[{"@type":"ListItem","position":1,"name":"Home","item":"https:\/\/kibrisdakik.com\/"},{"@type":"ListItem","position":2,"name":"Filo Jet\u2019te Kritik 3 Soru: Ar\u0131kl\u0131 Yan\u0131t \u0130\u00e7in Limanlar Dairesi\u2019ni \u0130\u015faret Etti"}]},{"@type":"WebSite","@id":"https:\/\/kibrisdakik.com\/#website","url":"https:\/\/kibrisdakik.com\/","name":"K\u0131br\u0131s Dakik","description":"Tam vaktinde haber","publisher":{"@id":"https:\/\/kibrisdakik.com\/#organization"},"potentialAction":[{"@type":"SearchAction","target":{"@type":"EntryPoint","urlTemplate":"https:\/\/kibrisdakik.com\/?s={search_term_string}"},"query-input":{"@type":"PropertyValueSpecification","valueRequired":true,"valueName":"search_term_string"}}],"inLanguage":"tr"},{"@type":"Organization","@id":"https:\/\/kibrisdakik.com\/#organization","name":"K\u0131br\u0131s Dakik","url":"https:\/\/kibrisdakik.com\/","logo":{"@type":"ImageObject","inLanguage":"tr","@id":"https:\/\/kibrisdakik.com\/#\/schema\/logo\/image\/","url":"https:\/\/kibrisdakik.com\/wp-content\/uploads\/2025\/10\/cropped-WhatsApp-Image-2025-10-02-at-12.58.31.jpeg","contentUrl":"https:\/\/kibrisdakik.com\/wp-content\/uploads\/2025\/10\/cropped-WhatsApp-Image-2025-10-02-at-12.58.31.jpeg","width":1237,"height":190,"caption":"K\u0131br\u0131s Dakik"},"image":{"@id":"https:\/\/kibrisdakik.com\/#\/schema\/logo\/image\/"}},{"@type":"Person","@id":"https:\/\/kibrisdakik.com\/#\/schema\/person\/9cd9d437bbb44f72b73ba127e06d8e79","name":"admin","image":{"@type":"ImageObject","inLanguage":"tr","@id":"https:\/\/secure.gravatar.com\/avatar\/ccc17943b9d660506c869530f897617f7cb1c21a4bf30023f252596d83e1f007?s=96&d=mm&r=g","url":"https:\/\/secure.gravatar.com\/avatar\/ccc17943b9d660506c869530f897617f7cb1c21a4bf30023f252596d83e1f007?s=96&d=mm&r=g","contentUrl":"https:\/\/secure.gravatar.com\/avatar\/ccc17943b9d660506c869530f897617f7cb1c21a4bf30023f252596d83e1f007?s=96&d=mm&r=g","caption":"admin"},"sameAs":["https:\/\/kibrisdakik.com"],"url":"https:\/\/kibrisdakik.com\/?author=1"}]}},"_links":{"self":[{"href":"https:\/\/kibrisdakik.com\/index.php?rest_route=\/wp\/v2\/posts\/119715","targetHints":{"allow":["GET"]}}],"collection":[{"href":"https:\/\/kibrisdakik.com\/index.php?rest_route=\/wp\/v2\/posts"}],"about":[{"href":"https:\/\/kibrisdakik.com\/index.php?rest_route=\/wp\/v2\/types\/post"}],"author":[{"embeddable":true,"href":"https:\/\/kibrisdakik.com\/index.php?rest_route=\/wp\/v2\/users\/1"}],"replies":[{"embeddable":true,"href":"https:\/\/kibrisdakik.com\/index.php?rest_route=%2Fwp%2Fv2%2Fcomments&post=119715"}],"version-history":[{"count":1,"href":"https:\/\/kibrisdakik.com\/index.php?rest_route=\/wp\/v2\/posts\/119715\/revisions"}],"predecessor-version":[{"id":119717,"href":"https:\/\/kibrisdakik.com\/index.php?rest_route=\/wp\/v2\/posts\/119715\/revisions\/119717"}],"wp:featuredmedia":[{"embeddable":true,"href":"https:\/\/kibrisdakik.com\/index.php?rest_route=\/wp\/v2\/media\/119716"}],"wp:attachment":[{"href":"https:\/\/kibrisdakik.com\/index.php?rest_route=%2Fwp%2Fv2%2Fmedia&parent=119715"}],"wp:term":[{"taxonomy":"category","embeddable":true,"href":"https:\/\/kibrisdakik.com\/index.php?rest_route=%2Fwp%2Fv2%2Fcategories&post=119715"},{"taxonomy":"post_tag","embeddable":true,"href":"https:\/\/kibrisdakik.com\/index.php?rest_route=%2Fwp%2Fv2%2Ftags&post=119715"}],"curies":[{"name":"wp","href":"https:\/\/api.w.org\/{rel}","templated":true}]}}