{"id":11972,"date":"2023-08-11T08:42:49","date_gmt":"2023-08-11T08:42:49","guid":{"rendered":"https:\/\/kibrisdakik.com\/index.php\/2023\/08\/11\/kktcde-yeni-komuta-kademesi-belli-oldu\/"},"modified":"2023-08-11T08:42:49","modified_gmt":"2023-08-11T08:42:49","slug":"kktcde-yeni-komuta-kademesi-belli-oldu","status":"publish","type":"post","link":"https:\/\/kibrisdakik.com\/?p=11972","title":{"rendered":"KKTC\u2019de yeni komuta kademesi belli oldu"},"content":{"rendered":"<p><\/p>\n<div>\n<div class=\"mariselle-image-container center\">\n                <img width=\"319\" height=\"158\" class=\"lazy-image\" alt=\"\" decoding=\"async\" loading=\"lazy\" sizes=\"auto, (max-width: 319px) 100vw, 319px\" src=\"https:\/\/brtk.net\/wp-content\/uploads\/2023\/04\/19\/RESMI-GAZETE.jpg?ver=61d0674286ea48c4a647f23fd389b74a\" srcset=\"https:\/\/brtk.net\/wp-content\/uploads\/2023\/04\/19\/RESMI-GAZETE.jpg?ver=61d0674286ea48c4a647f23fd389b74a 319w, https:\/\/brtk.net\/wp-content\/uploads\/2023\/04\/19\/RESMI-GAZETE-300x149.jpg?ver=61d0674286ea48c4a647f23fd389b74a 300w\"\/>                            <\/div>\n<p>Kuzey K\u0131br\u0131s T\u00fcrk Cumhuriyeti\u2019nde yeni komuta kademesi belli oldu. <\/p>\n<p>Buna g\u00f6re;  K\u0131br\u0131s T\u00fcrk Bar\u0131\u015f Kuvvetleri Komutanl\u0131\u011f\u0131\u2019na T\u00fcmgeneral Sebahattin K\u0131l\u0131n\u00e7, G\u00fcvenlik Kuvvetleri Komutanl\u0131\u011f\u0131\u2019na T\u00fcmgeneral Osman Ayta\u00e7, 28\u2019inci Mekanize Piyade T\u00fcmen Komutanl\u0131\u011f\u0131\u2019na Tu\u011fgeneral R\u0131fat D\u00f6nel, 39\u2019uncu Mekanize Piyade T\u00fcmen Komutanl\u0131\u011f\u0131\u2019na Tu\u011fgeneral Hasan Ceylan ve 14\u2019\u00fcnc\u00fc Z\u0131rhl\u0131 Tugay Komutanl\u0131\u011f\u0131\u2019na Tu\u011fgeneral \u00dczeyir Durmu\u015f atand\u0131.<\/p>\n<p>Yeni atamalar T\u00fcrkiye Cumhuriyeti Resmi Gazetesi\u2019nde yay\u0131mlanarak y\u00fcr\u00fcrl\u00fc\u011fe girdi.<\/p>\n<\/p><\/div>\n<p><script async\n                    defer\n                    crossorigin=\"anonymous\"\n                    src=\"https:\/\/connect.facebook.net\/tr_TR\/sdk.js#xfbml=1&#038;version=v3.3\"\n            ><\/script><\/p>\n","protected":false},"excerpt":{"rendered":"<p>Kuzey K\u0131br\u0131s T\u00fcrk Cumhuriyeti\u2019nde yeni komuta kademesi belli oldu. Buna g\u00f6re; K\u0131br\u0131s T\u00fcrk Bar\u0131\u015f Kuvvetleri Komutanl\u0131\u011f\u0131\u2019na T\u00fcmgeneral Sebahattin K\u0131l\u0131n\u00e7, G\u00fcvenlik Kuvvetleri Komutanl\u0131\u011f\u0131\u2019na T\u00fcmgeneral Osman Ayta\u00e7, 28\u2019inci Mekanize Piyade T\u00fcmen Komutanl\u0131\u011f\u0131\u2019na Tu\u011fgeneral R\u0131fat D\u00f6nel, 39\u2019uncu Mekanize Piyade T\u00fcmen Komutanl\u0131\u011f\u0131\u2019na Tu\u011fgeneral Hasan Ceylan ve 14\u2019\u00fcnc\u00fc Z\u0131rhl\u0131 Tugay Komutanl\u0131\u011f\u0131\u2019na Tu\u011fgeneral \u00dczeyir Durmu\u015f atand\u0131. Yeni atamalar T\u00fcrkiye Cumhuriyeti Resmi<\/p>\n","protected":false},"author":1,"featured_media":5422,"comment_status":"open","ping_status":"open","sticky":false,"template":"","format":"standard","meta":{"footnotes":""},"categories":[1],"tags":[],"class_list":["post-11972","post","type-post","status-publish","format-standard","has-post-thumbnail","hentry","category-gundem"],"yoast_head":"<!-- This site is optimized with the Yoast SEO plugin v27.5 - https:\/\/yoast.com\/product\/yoast-seo-wordpress\/ -->\n<title>KKTC\u2019de yeni komuta kademesi belli oldu -<\/title>\n<meta name=\"robots\" content=\"index, follow, max-snippet:-1, max-image-preview:large, max-video-preview:-1\" \/>\n<link rel=\"canonical\" href=\"https:\/\/kibrisdakik.com\/?p=11972\" \/>\n<meta property=\"og:locale\" content=\"tr_TR\" \/>\n<meta property=\"og:type\" content=\"article\" \/>\n<meta property=\"og:title\" content=\"KKTC\u2019de yeni komuta kademesi belli oldu -\" \/>\n<meta property=\"og:description\" content=\"Kuzey K\u0131br\u0131s T\u00fcrk Cumhuriyeti\u2019nde yeni komuta kademesi belli oldu. Buna g\u00f6re; K\u0131br\u0131s T\u00fcrk Bar\u0131\u015f Kuvvetleri Komutanl\u0131\u011f\u0131\u2019na T\u00fcmgeneral Sebahattin K\u0131l\u0131n\u00e7, G\u00fcvenlik Kuvvetleri Komutanl\u0131\u011f\u0131\u2019na T\u00fcmgeneral Osman Ayta\u00e7, 28\u2019inci Mekanize Piyade T\u00fcmen Komutanl\u0131\u011f\u0131\u2019na Tu\u011fgeneral R\u0131fat D\u00f6nel, 39\u2019uncu Mekanize Piyade T\u00fcmen Komutanl\u0131\u011f\u0131\u2019na Tu\u011fgeneral Hasan Ceylan ve 14\u2019\u00fcnc\u00fc Z\u0131rhl\u0131 Tugay Komutanl\u0131\u011f\u0131\u2019na Tu\u011fgeneral \u00dczeyir Durmu\u015f atand\u0131. Yeni atamalar T\u00fcrkiye Cumhuriyeti Resmi\" \/>\n<meta property=\"og:url\" content=\"https:\/\/kibrisdakik.com\/?p=11972\" \/>\n<meta property=\"article:published_time\" content=\"2023-08-11T08:42:49+00:00\" \/>\n<meta property=\"og:image\" content=\"https:\/\/kibrisdakik.com\/wp-content\/uploads\/2023\/04\/RESMI-GAZETE.jpg\" \/>\n\t<meta property=\"og:image:width\" content=\"319\" \/>\n\t<meta property=\"og:image:height\" content=\"158\" \/>\n\t<meta property=\"og:image:type\" content=\"image\/jpeg\" \/>\n<meta name=\"author\" content=\"admin\" \/>\n<meta name=\"twitter:card\" content=\"summary_large_image\" \/>\n<meta name=\"twitter:label1\" content=\"Yazan:\" \/>\n\t<meta name=\"twitter:data1\" content=\"admin\" \/>\n<script type=\"application\/ld+json\" class=\"yoast-schema-graph\">{\"@context\":\"https:\\\/\\\/schema.org\",\"@graph\":[{\"@type\":\"Article\",\"@id\":\"https:\\\/\\\/kibrisdakik.com\\\/?p=11972#article\",\"isPartOf\":{\"@id\":\"https:\\\/\\\/kibrisdakik.com\\\/?p=11972\"},\"author\":{\"name\":\"admin\",\"@id\":\"https:\\\/\\\/kibrisdakik.com\\\/#\\\/schema\\\/person\\\/9cd9d437bbb44f72b73ba127e06d8e79\"},\"headline\":\"KKTC\u2019de yeni komuta kademesi belli oldu\",\"datePublished\":\"2023-08-11T08:42:49+00:00\",\"mainEntityOfPage\":{\"@id\":\"https:\\\/\\\/kibrisdakik.com\\\/?p=11972\"},\"wordCount\":98,\"commentCount\":0,\"image\":{\"@id\":\"https:\\\/\\\/kibrisdakik.com\\\/?p=11972#primaryimage\"},\"thumbnailUrl\":\"https:\\\/\\\/kibrisdakik.com\\\/wp-content\\\/uploads\\\/2023\\\/04\\\/RESMI-GAZETE.jpg\",\"articleSection\":[\"G\u00fcndem\"],\"inLanguage\":\"tr\",\"potentialAction\":[{\"@type\":\"CommentAction\",\"name\":\"Comment\",\"target\":[\"https:\\\/\\\/kibrisdakik.com\\\/?p=11972#respond\"]}]},{\"@type\":\"WebPage\",\"@id\":\"https:\\\/\\\/kibrisdakik.com\\\/?p=11972\",\"url\":\"https:\\\/\\\/kibrisdakik.com\\\/?p=11972\",\"name\":\"KKTC\u2019de yeni komuta kademesi belli oldu -\",\"isPartOf\":{\"@id\":\"https:\\\/\\\/kibrisdakik.com\\\/#website\"},\"primaryImageOfPage\":{\"@id\":\"https:\\\/\\\/kibrisdakik.com\\\/?p=11972#primaryimage\"},\"image\":{\"@id\":\"https:\\\/\\\/kibrisdakik.com\\\/?p=11972#primaryimage\"},\"thumbnailUrl\":\"https:\\\/\\\/kibrisdakik.com\\\/wp-content\\\/uploads\\\/2023\\\/04\\\/RESMI-GAZETE.jpg\",\"datePublished\":\"2023-08-11T08:42:49+00:00\",\"author\":{\"@id\":\"https:\\\/\\\/kibrisdakik.com\\\/#\\\/schema\\\/person\\\/9cd9d437bbb44f72b73ba127e06d8e79\"},\"breadcrumb\":{\"@id\":\"https:\\\/\\\/kibrisdakik.com\\\/?p=11972#breadcrumb\"},\"inLanguage\":\"tr\",\"potentialAction\":[{\"@type\":\"ReadAction\",\"target\":[\"https:\\\/\\\/kibrisdakik.com\\\/?p=11972\"]}]},{\"@type\":\"ImageObject\",\"inLanguage\":\"tr\",\"@id\":\"https:\\\/\\\/kibrisdakik.com\\\/?p=11972#primaryimage\",\"url\":\"https:\\\/\\\/kibrisdakik.com\\\/wp-content\\\/uploads\\\/2023\\\/04\\\/RESMI-GAZETE.jpg\",\"contentUrl\":\"https:\\\/\\\/kibrisdakik.com\\\/wp-content\\\/uploads\\\/2023\\\/04\\\/RESMI-GAZETE.jpg\",\"width\":319,\"height\":158},{\"@type\":\"BreadcrumbList\",\"@id\":\"https:\\\/\\\/kibrisdakik.com\\\/?p=11972#breadcrumb\",\"itemListElement\":[{\"@type\":\"ListItem\",\"position\":1,\"name\":\"Home\",\"item\":\"https:\\\/\\\/kibrisdakik.com\\\/\"},{\"@type\":\"ListItem\",\"position\":2,\"name\":\"KKTC\u2019de yeni komuta kademesi belli oldu\"}]},{\"@type\":\"WebSite\",\"@id\":\"https:\\\/\\\/kibrisdakik.com\\\/#website\",\"url\":\"https:\\\/\\\/kibrisdakik.com\\\/\",\"name\":\"\",\"description\":\"Tam vaktinde haber\",\"potentialAction\":[{\"@type\":\"SearchAction\",\"target\":{\"@type\":\"EntryPoint\",\"urlTemplate\":\"https:\\\/\\\/kibrisdakik.com\\\/?s={search_term_string}\"},\"query-input\":{\"@type\":\"PropertyValueSpecification\",\"valueRequired\":true,\"valueName\":\"search_term_string\"}}],\"inLanguage\":\"tr\"},{\"@type\":\"Person\",\"@id\":\"https:\\\/\\\/kibrisdakik.com\\\/#\\\/schema\\\/person\\\/9cd9d437bbb44f72b73ba127e06d8e79\",\"name\":\"admin\",\"image\":{\"@type\":\"ImageObject\",\"inLanguage\":\"tr\",\"@id\":\"https:\\\/\\\/secure.gravatar.com\\\/avatar\\\/ccc17943b9d660506c869530f897617f7cb1c21a4bf30023f252596d83e1f007?s=96&d=mm&r=g\",\"url\":\"https:\\\/\\\/secure.gravatar.com\\\/avatar\\\/ccc17943b9d660506c869530f897617f7cb1c21a4bf30023f252596d83e1f007?s=96&d=mm&r=g\",\"contentUrl\":\"https:\\\/\\\/secure.gravatar.com\\\/avatar\\\/ccc17943b9d660506c869530f897617f7cb1c21a4bf30023f252596d83e1f007?s=96&d=mm&r=g\",\"caption\":\"admin\"},\"sameAs\":[\"https:\\\/\\\/kibrisdakik.com\"],\"url\":\"https:\\\/\\\/kibrisdakik.com\\\/?author=1\"}]}<\/script>\n<!-- \/ Yoast SEO plugin. -->","yoast_head_json":{"title":"KKTC\u2019de yeni komuta kademesi belli oldu -","robots":{"index":"index","follow":"follow","max-snippet":"max-snippet:-1","max-image-preview":"max-image-preview:large","max-video-preview":"max-video-preview:-1"},"canonical":"https:\/\/kibrisdakik.com\/?p=11972","og_locale":"tr_TR","og_type":"article","og_title":"KKTC\u2019de yeni komuta kademesi belli oldu -","og_description":"Kuzey K\u0131br\u0131s T\u00fcrk Cumhuriyeti\u2019nde yeni komuta kademesi belli oldu. Buna g\u00f6re; K\u0131br\u0131s T\u00fcrk Bar\u0131\u015f Kuvvetleri Komutanl\u0131\u011f\u0131\u2019na T\u00fcmgeneral Sebahattin K\u0131l\u0131n\u00e7, G\u00fcvenlik Kuvvetleri Komutanl\u0131\u011f\u0131\u2019na T\u00fcmgeneral Osman Ayta\u00e7, 28\u2019inci Mekanize Piyade T\u00fcmen Komutanl\u0131\u011f\u0131\u2019na Tu\u011fgeneral R\u0131fat D\u00f6nel, 39\u2019uncu Mekanize Piyade T\u00fcmen Komutanl\u0131\u011f\u0131\u2019na Tu\u011fgeneral Hasan Ceylan ve 14\u2019\u00fcnc\u00fc Z\u0131rhl\u0131 Tugay Komutanl\u0131\u011f\u0131\u2019na Tu\u011fgeneral \u00dczeyir Durmu\u015f atand\u0131. Yeni atamalar T\u00fcrkiye Cumhuriyeti Resmi","og_url":"https:\/\/kibrisdakik.com\/?p=11972","article_published_time":"2023-08-11T08:42:49+00:00","og_image":[{"width":319,"height":158,"url":"https:\/\/kibrisdakik.com\/wp-content\/uploads\/2023\/04\/RESMI-GAZETE.jpg","type":"image\/jpeg"}],"author":"admin","twitter_card":"summary_large_image","twitter_misc":{"Yazan:":"admin"},"schema":{"@context":"https:\/\/schema.org","@graph":[{"@type":"Article","@id":"https:\/\/kibrisdakik.com\/?p=11972#article","isPartOf":{"@id":"https:\/\/kibrisdakik.com\/?p=11972"},"author":{"name":"admin","@id":"https:\/\/kibrisdakik.com\/#\/schema\/person\/9cd9d437bbb44f72b73ba127e06d8e79"},"headline":"KKTC\u2019de yeni komuta kademesi belli oldu","datePublished":"2023-08-11T08:42:49+00:00","mainEntityOfPage":{"@id":"https:\/\/kibrisdakik.com\/?p=11972"},"wordCount":98,"commentCount":0,"image":{"@id":"https:\/\/kibrisdakik.com\/?p=11972#primaryimage"},"thumbnailUrl":"https:\/\/kibrisdakik.com\/wp-content\/uploads\/2023\/04\/RESMI-GAZETE.jpg","articleSection":["G\u00fcndem"],"inLanguage":"tr","potentialAction":[{"@type":"CommentAction","name":"Comment","target":["https:\/\/kibrisdakik.com\/?p=11972#respond"]}]},{"@type":"WebPage","@id":"https:\/\/kibrisdakik.com\/?p=11972","url":"https:\/\/kibrisdakik.com\/?p=11972","name":"KKTC\u2019de yeni komuta kademesi belli oldu -","isPartOf":{"@id":"https:\/\/kibrisdakik.com\/#website"},"primaryImageOfPage":{"@id":"https:\/\/kibrisdakik.com\/?p=11972#primaryimage"},"image":{"@id":"https:\/\/kibrisdakik.com\/?p=11972#primaryimage"},"thumbnailUrl":"https:\/\/kibrisdakik.com\/wp-content\/uploads\/2023\/04\/RESMI-GAZETE.jpg","datePublished":"2023-08-11T08:42:49+00:00","author":{"@id":"https:\/\/kibrisdakik.com\/#\/schema\/person\/9cd9d437bbb44f72b73ba127e06d8e79"},"breadcrumb":{"@id":"https:\/\/kibrisdakik.com\/?p=11972#breadcrumb"},"inLanguage":"tr","potentialAction":[{"@type":"ReadAction","target":["https:\/\/kibrisdakik.com\/?p=11972"]}]},{"@type":"ImageObject","inLanguage":"tr","@id":"https:\/\/kibrisdakik.com\/?p=11972#primaryimage","url":"https:\/\/kibrisdakik.com\/wp-content\/uploads\/2023\/04\/RESMI-GAZETE.jpg","contentUrl":"https:\/\/kibrisdakik.com\/wp-content\/uploads\/2023\/04\/RESMI-GAZETE.jpg","width":319,"height":158},{"@type":"BreadcrumbList","@id":"https:\/\/kibrisdakik.com\/?p=11972#breadcrumb","itemListElement":[{"@type":"ListItem","position":1,"name":"Home","item":"https:\/\/kibrisdakik.com\/"},{"@type":"ListItem","position":2,"name":"KKTC\u2019de yeni komuta kademesi belli oldu"}]},{"@type":"WebSite","@id":"https:\/\/kibrisdakik.com\/#website","url":"https:\/\/kibrisdakik.com\/","name":"","description":"Tam vaktinde haber","potentialAction":[{"@type":"SearchAction","target":{"@type":"EntryPoint","urlTemplate":"https:\/\/kibrisdakik.com\/?s={search_term_string}"},"query-input":{"@type":"PropertyValueSpecification","valueRequired":true,"valueName":"search_term_string"}}],"inLanguage":"tr"},{"@type":"Person","@id":"https:\/\/kibrisdakik.com\/#\/schema\/person\/9cd9d437bbb44f72b73ba127e06d8e79","name":"admin","image":{"@type":"ImageObject","inLanguage":"tr","@id":"https:\/\/secure.gravatar.com\/avatar\/ccc17943b9d660506c869530f897617f7cb1c21a4bf30023f252596d83e1f007?s=96&d=mm&r=g","url":"https:\/\/secure.gravatar.com\/avatar\/ccc17943b9d660506c869530f897617f7cb1c21a4bf30023f252596d83e1f007?s=96&d=mm&r=g","contentUrl":"https:\/\/secure.gravatar.com\/avatar\/ccc17943b9d660506c869530f897617f7cb1c21a4bf30023f252596d83e1f007?s=96&d=mm&r=g","caption":"admin"},"sameAs":["https:\/\/kibrisdakik.com"],"url":"https:\/\/kibrisdakik.com\/?author=1"}]}},"_links":{"self":[{"href":"https:\/\/kibrisdakik.com\/index.php?rest_route=\/wp\/v2\/posts\/11972","targetHints":{"allow":["GET"]}}],"collection":[{"href":"https:\/\/kibrisdakik.com\/index.php?rest_route=\/wp\/v2\/posts"}],"about":[{"href":"https:\/\/kibrisdakik.com\/index.php?rest_route=\/wp\/v2\/types\/post"}],"author":[{"embeddable":true,"href":"https:\/\/kibrisdakik.com\/index.php?rest_route=\/wp\/v2\/users\/1"}],"replies":[{"embeddable":true,"href":"https:\/\/kibrisdakik.com\/index.php?rest_route=%2Fwp%2Fv2%2Fcomments&post=11972"}],"version-history":[{"count":0,"href":"https:\/\/kibrisdakik.com\/index.php?rest_route=\/wp\/v2\/posts\/11972\/revisions"}],"wp:featuredmedia":[{"embeddable":true,"href":"https:\/\/kibrisdakik.com\/index.php?rest_route=\/wp\/v2\/media\/5422"}],"wp:attachment":[{"href":"https:\/\/kibrisdakik.com\/index.php?rest_route=%2Fwp%2Fv2%2Fmedia&parent=11972"}],"wp:term":[{"taxonomy":"category","embeddable":true,"href":"https:\/\/kibrisdakik.com\/index.php?rest_route=%2Fwp%2Fv2%2Fcategories&post=11972"},{"taxonomy":"post_tag","embeddable":true,"href":"https:\/\/kibrisdakik.com\/index.php?rest_route=%2Fwp%2Fv2%2Ftags&post=11972"}],"curies":[{"name":"wp","href":"https:\/\/api.w.org\/{rel}","templated":true}]}}