{"id":119720,"date":"2026-09-01T17:09:52","date_gmt":"2026-09-01T14:09:52","guid":{"rendered":"https:\/\/kibrisdakik.com\/?p=119720"},"modified":"2026-09-01T17:09:52","modified_gmt":"2026-09-01T14:09:52","slug":"akincidan-gemi-faciasina-iliskin-kritik-sorular","status":"publish","type":"post","link":"https:\/\/kibrisdakik.com\/?p=119720","title":{"rendered":"AKINCI\u2019DAN GEM\u0130 FAC\u0130ASINA \u0130L\u0130\u015eK\u0130N KR\u0130T\u0130K SORULAR"},"content":{"rendered":"<p><\/p>\n<div data-text-id=\"207148\" property=\"articleBody\">\n<p>Ya\u015fanan facia nedeniyle derin \u00fcz\u00fcnt\u00fc duydu\u011funu belirten Ak\u0131nc\u0131, denizin derinliklerinde ya\u015fam\u0131n\u0131 yitiren insanlar\u0131n h\u00e2l\u00e2 bulunamam\u0131\u015f olmas\u0131n\u0131n \u00fcz\u00fcnt\u00fcs\u00fcn\u00fc daha da art\u0131rd\u0131\u011f\u0131n\u0131 ifade etti.<\/p>\n<p>Ak\u0131nc\u0131, facian\u0131n ard\u0131ndan birka\u00e7 g\u00fcn geli\u015fmeleri g\u00f6zlemlemek istedi\u011fini belirterek, \u00f6zellikle kay\u0131p ki\u015fi say\u0131s\u0131ndaki de\u011fi\u015fimin sorgulanmas\u0131 gerekti\u011fini s\u00f6yledi.<\/p>\n<h3>\u201cBUNLAR B\u0130RER RAKAM DE\u011e\u0130L, B\u0130RER CAN\u201d<\/h3>\n<p>Kay\u0131p say\u0131s\u0131n\u0131n zaman i\u00e7erisinde azalmas\u0131 gerekirken artt\u0131\u011f\u0131na dikkat \u00e7eken Ak\u0131nc\u0131, bunun \u00f6nemli bir sorun oldu\u011funu belirtti.<\/p>\n<p>Ak\u0131nc\u0131, \u201cBulunamayan kay\u0131p ki\u015fi say\u0131s\u0131 bu gibi durumlarda zaman ilerledik\u00e7e azal\u0131r. Bizde ise artt\u0131. \u0130lk anda 17 olan kay\u0131p say\u0131s\u0131, sonra 18, bilahare 20 oldu. Sadece bu bile bizim bu gibi durumlar kar\u015f\u0131s\u0131nda ne kadar haz\u0131rl\u0131ks\u0131z oldu\u011fumuzu g\u00f6stermeye yetiyor. Bunlar birer rakam de\u011fil, birer can\u201d dedi.<\/p>\n<h3>GEM\u0130N\u0130N DURUMU VE DENET\u0130MLER SORGULANMALI<\/h3>\n<p>Ak\u0131nc\u0131, facian\u0131n t\u00fcm y\u00f6nleriyle ele al\u0131nmas\u0131 gerekti\u011fini belirterek, geminin teknik durumu, kaptan\u0131n yeterlili\u011fi, can yeleklerinin say\u0131s\u0131 ve denetimlerin yeterli olup olmad\u0131\u011f\u0131 gibi konular\u0131n a\u00e7\u0131kl\u0131\u011fa kavu\u015fturulmas\u0131 gerekti\u011fini s\u00f6yledi.<\/p>\n<p>Ya\u015fanan olayda siyasi sorumluluklar\u0131n da sorgulanmas\u0131 gerekti\u011fini ifade eden Ak\u0131nc\u0131, hesap verilmesinin ve benzer facialar\u0131n tekrar ya\u015fanmamas\u0131 i\u00e7in gerekli derslerin \u00e7\u0131kar\u0131lmas\u0131n\u0131n \u00f6nemine i\u015faret etti.<\/p>\n<p>Ak\u0131nc\u0131, yaln\u0131zca facian\u0131n nas\u0131l meydana geldi\u011finin de\u011fil, olay \u00f6ncesinde g\u00fcvenlik ve denetim mekanizmalar\u0131n\u0131n nas\u0131l i\u015fletildi\u011finin de ara\u015ft\u0131r\u0131lmas\u0131 gerekti\u011fini vurgulad\u0131.<\/p>\n<h3>\u201cAB \u0130\u00c7\u0130NDE OLSAK BU GEM\u0130 SEFER YAPAB\u0130L\u0130R M\u0130YD\u0130?\u201d<\/h3>\n<p>Ak\u0131nc\u0131, deniz facias\u0131n\u0131n K\u0131br\u0131s sorunu ve Avrupa Birli\u011fi \u00fcyeli\u011fi ba\u011flam\u0131nda da de\u011ferlendirilmesi gerekti\u011fini savundu.<\/p>\n<p>\u201c K\u0131br\u0131s\u2019ta \u00e7\u00f6z\u00fcme ula\u015fabilsek, AB ve uluslararas\u0131 hukuk i\u00e7inde olsak acaba bu felaket ya\u015fan\u0131r m\u0131yd\u0131?\u201d diye soran Ak\u0131nc\u0131, deniz ta\u015f\u0131mac\u0131l\u0131\u011f\u0131 ve g\u00fcvenlik standartlar\u0131n\u0131n da bu \u00e7er\u00e7evede ele al\u0131nmas\u0131 gerekti\u011fini belirtti.<\/p>\n<p>T\u00fcm siyasi ya\u015fam\u0131 boyunca K\u0131br\u0131s\u2019ta \u00e7\u00f6z\u00fcm, Avrupa Birli\u011fi ve uluslararas\u0131 hukuk hedefleri do\u011frultusunda m\u00fccadele etti\u011fini kaydeden Ak\u0131nc\u0131, ya\u015fanan facian\u0131n bu konular\u0131n yeniden de\u011ferlendirilmesi a\u00e7\u0131s\u0131ndan da \u00f6nemli oldu\u011funu s\u00f6yledi.<\/p>\n<p>Ak\u0131nc\u0131, \u201cAB i\u00e7inde olsak bu gemi sefer yapabilir miydi sorusunu sormam\u0131z, bundan sonras\u0131 i\u00e7in bize yol g\u00f6sterebilir. T\u00fcm zorluklara ra\u011fmen ana hedef K\u0131br\u0131s\u2019ta \u00e7\u00f6z\u00fcm ve AB \u00fcyeli\u011fi olmaya devam etmelidir\u201d ifadelerini kulland\u0131.<\/p>\n<p>Mustafa Ak\u0131nc\u0131, a\u00e7\u0131klamas\u0131n\u0131n sonunda faciada hayat\u0131n\u0131 kaybedenlere Allah\u2019tan rahmet dileyerek, ya\u015fam\u0131n\u0131 yitirenlerin aileleri ve yak\u0131nlar\u0131n\u0131n ac\u0131s\u0131n\u0131 payla\u015ft\u0131\u011f\u0131n\u0131 belirtti.<\/p>\n<\/p><\/div>\n","protected":false},"excerpt":{"rendered":"<p>Ya\u015fanan facia nedeniyle derin \u00fcz\u00fcnt\u00fc duydu\u011funu belirten Ak\u0131nc\u0131, denizin derinliklerinde ya\u015fam\u0131n\u0131 yitiren insanlar\u0131n h\u00e2l\u00e2 bulunamam\u0131\u015f olmas\u0131n\u0131n \u00fcz\u00fcnt\u00fcs\u00fcn\u00fc daha da art\u0131rd\u0131\u011f\u0131n\u0131 ifade etti. Ak\u0131nc\u0131, facian\u0131n ard\u0131ndan birka\u00e7 g\u00fcn geli\u015fmeleri g\u00f6zlemlemek istedi\u011fini belirterek, \u00f6zellikle kay\u0131p ki\u015fi say\u0131s\u0131ndaki de\u011fi\u015fimin sorgulanmas\u0131 gerekti\u011fini s\u00f6yledi. \u201cBUNLAR B\u0130RER RAKAM DE\u011e\u0130L, B\u0130RER CAN\u201d Kay\u0131p say\u0131s\u0131n\u0131n zaman i\u00e7erisinde azalmas\u0131 gerekirken artt\u0131\u011f\u0131na dikkat \u00e7eken Ak\u0131nc\u0131,<\/p>\n","protected":false},"author":1,"featured_media":119721,"comment_status":"open","ping_status":"open","sticky":false,"template":"","format":"standard","meta":{"footnotes":""},"categories":[81],"tags":[],"class_list":["post-119720","post","type-post","status-publish","format-standard","has-post-thumbnail","hentry","category-kibris"],"yoast_head":"<!-- This site is optimized with the Yoast SEO plugin v28.3 - https:\/\/yoast.com\/product\/yoast-seo-wordpress\/ -->\n<title>AKINCI\u2019DAN GEM\u0130 FAC\u0130ASINA \u0130L\u0130\u015eK\u0130N KR\u0130T\u0130K SORULAR -<\/title>\n<meta name=\"robots\" content=\"index, follow, max-snippet:-1, max-image-preview:large, max-video-preview:-1\" \/>\n<link rel=\"canonical\" href=\"https:\/\/kibrisdakik.com\/?p=119720\" \/>\n<meta property=\"og:locale\" content=\"tr_TR\" \/>\n<meta property=\"og:type\" content=\"article\" \/>\n<meta property=\"og:title\" content=\"AKINCI\u2019DAN GEM\u0130 FAC\u0130ASINA \u0130L\u0130\u015eK\u0130N KR\u0130T\u0130K SORULAR -\" \/>\n<meta property=\"og:description\" content=\"Ya\u015fanan facia nedeniyle derin \u00fcz\u00fcnt\u00fc duydu\u011funu belirten Ak\u0131nc\u0131, denizin derinliklerinde ya\u015fam\u0131n\u0131 yitiren insanlar\u0131n h\u00e2l\u00e2 bulunamam\u0131\u015f olmas\u0131n\u0131n \u00fcz\u00fcnt\u00fcs\u00fcn\u00fc daha da art\u0131rd\u0131\u011f\u0131n\u0131 ifade etti. Ak\u0131nc\u0131, facian\u0131n ard\u0131ndan birka\u00e7 g\u00fcn geli\u015fmeleri g\u00f6zlemlemek istedi\u011fini belirterek, \u00f6zellikle kay\u0131p ki\u015fi say\u0131s\u0131ndaki de\u011fi\u015fimin sorgulanmas\u0131 gerekti\u011fini s\u00f6yledi. \u201cBUNLAR B\u0130RER RAKAM DE\u011e\u0130L, B\u0130RER CAN\u201d Kay\u0131p say\u0131s\u0131n\u0131n zaman i\u00e7erisinde azalmas\u0131 gerekirken artt\u0131\u011f\u0131na dikkat \u00e7eken Ak\u0131nc\u0131,\" \/>\n<meta property=\"og:url\" content=\"https:\/\/kibrisdakik.com\/?p=119720\" \/>\n<meta property=\"article:published_time\" content=\"2026-09-01T14:09:52+00:00\" \/>\n<meta property=\"og:image\" content=\"https:\/\/mhahabercom.teimg.com\/crop\/1280x720\/mhahaber-com\/uploads\/2026\/09\/mha-sari-beyaz-7665.png\" \/>\n<meta name=\"author\" content=\"admin\" \/>\n<meta name=\"twitter:card\" content=\"summary_large_image\" \/>\n<meta name=\"twitter:label1\" content=\"Yazan:\" \/>\n\t<meta name=\"twitter:data1\" content=\"admin\" \/>\n\t<meta name=\"twitter:label2\" content=\"Tahmini okuma s\u00fcresi\" \/>\n\t<meta name=\"twitter:data2\" content=\"2 dakika\" \/>\n<script type=\"application\/ld+json\" class=\"yoast-schema-graph\">{\"@context\":\"https:\\\/\\\/schema.org\",\"@graph\":[{\"@type\":\"Article\",\"@id\":\"https:\\\/\\\/kibrisdakik.com\\\/?p=119720#article\",\"isPartOf\":{\"@id\":\"https:\\\/\\\/kibrisdakik.com\\\/?p=119720\"},\"author\":{\"name\":\"admin\",\"@id\":\"https:\\\/\\\/kibrisdakik.com\\\/#\\\/schema\\\/person\\\/9cd9d437bbb44f72b73ba127e06d8e79\"},\"headline\":\"AKINCI\u2019DAN GEM\u0130 FAC\u0130ASINA \u0130L\u0130\u015eK\u0130N KR\u0130T\u0130K SORULAR\",\"datePublished\":\"2026-09-01T14:09:52+00:00\",\"mainEntityOfPage\":{\"@id\":\"https:\\\/\\\/kibrisdakik.com\\\/?p=119720\"},\"wordCount\":500,\"commentCount\":0,\"publisher\":{\"@id\":\"https:\\\/\\\/kibrisdakik.com\\\/#organization\"},\"image\":{\"@id\":\"https:\\\/\\\/kibrisdakik.com\\\/?p=119720#primaryimage\"},\"thumbnailUrl\":\"https:\\\/\\\/kibrisdakik.com\\\/wp-content\\\/uploads\\\/2026\\\/09\\\/mha-sari-beyaz-7665.png\",\"articleSection\":[\"K\u0131br\u0131s\"],\"inLanguage\":\"tr\",\"potentialAction\":[{\"@type\":\"CommentAction\",\"name\":\"Comment\",\"target\":[\"https:\\\/\\\/kibrisdakik.com\\\/?p=119720#respond\"]}]},{\"@type\":\"WebPage\",\"@id\":\"https:\\\/\\\/kibrisdakik.com\\\/?p=119720\",\"url\":\"https:\\\/\\\/kibrisdakik.com\\\/?p=119720\",\"name\":\"AKINCI\u2019DAN GEM\u0130 FAC\u0130ASINA \u0130L\u0130\u015eK\u0130N KR\u0130T\u0130K SORULAR -\",\"isPartOf\":{\"@id\":\"https:\\\/\\\/kibrisdakik.com\\\/#website\"},\"primaryImageOfPage\":{\"@id\":\"https:\\\/\\\/kibrisdakik.com\\\/?p=119720#primaryimage\"},\"image\":{\"@id\":\"https:\\\/\\\/kibrisdakik.com\\\/?p=119720#primaryimage\"},\"thumbnailUrl\":\"https:\\\/\\\/kibrisdakik.com\\\/wp-content\\\/uploads\\\/2026\\\/09\\\/mha-sari-beyaz-7665.png\",\"datePublished\":\"2026-09-01T14:09:52+00:00\",\"breadcrumb\":{\"@id\":\"https:\\\/\\\/kibrisdakik.com\\\/?p=119720#breadcrumb\"},\"inLanguage\":\"tr\",\"potentialAction\":[{\"@type\":\"ReadAction\",\"target\":[\"https:\\\/\\\/kibrisdakik.com\\\/?p=119720\"]}]},{\"@type\":\"ImageObject\",\"inLanguage\":\"tr\",\"@id\":\"https:\\\/\\\/kibrisdakik.com\\\/?p=119720#primaryimage\",\"url\":\"https:\\\/\\\/kibrisdakik.com\\\/wp-content\\\/uploads\\\/2026\\\/09\\\/mha-sari-beyaz-7665.png\",\"contentUrl\":\"https:\\\/\\\/kibrisdakik.com\\\/wp-content\\\/uploads\\\/2026\\\/09\\\/mha-sari-beyaz-7665.png\",\"width\":1280,\"height\":720},{\"@type\":\"BreadcrumbList\",\"@id\":\"https:\\\/\\\/kibrisdakik.com\\\/?p=119720#breadcrumb\",\"itemListElement\":[{\"@type\":\"ListItem\",\"position\":1,\"name\":\"Home\",\"item\":\"https:\\\/\\\/kibrisdakik.com\\\/\"},{\"@type\":\"ListItem\",\"position\":2,\"name\":\"AKINCI\u2019DAN GEM\u0130 FAC\u0130ASINA \u0130L\u0130\u015eK\u0130N KR\u0130T\u0130K SORULAR\"}]},{\"@type\":\"WebSite\",\"@id\":\"https:\\\/\\\/kibrisdakik.com\\\/#website\",\"url\":\"https:\\\/\\\/kibrisdakik.com\\\/\",\"name\":\"K\u0131br\u0131s Dakik\",\"description\":\"Tam vaktinde haber\",\"publisher\":{\"@id\":\"https:\\\/\\\/kibrisdakik.com\\\/#organization\"},\"potentialAction\":[{\"@type\":\"SearchAction\",\"target\":{\"@type\":\"EntryPoint\",\"urlTemplate\":\"https:\\\/\\\/kibrisdakik.com\\\/?s={search_term_string}\"},\"query-input\":{\"@type\":\"PropertyValueSpecification\",\"valueRequired\":true,\"valueName\":\"search_term_string\"}}],\"inLanguage\":\"tr\"},{\"@type\":\"Organization\",\"@id\":\"https:\\\/\\\/kibrisdakik.com\\\/#organization\",\"name\":\"K\u0131br\u0131s Dakik\",\"url\":\"https:\\\/\\\/kibrisdakik.com\\\/\",\"logo\":{\"@type\":\"ImageObject\",\"inLanguage\":\"tr\",\"@id\":\"https:\\\/\\\/kibrisdakik.com\\\/#\\\/schema\\\/logo\\\/image\\\/\",\"url\":\"https:\\\/\\\/kibrisdakik.com\\\/wp-content\\\/uploads\\\/2025\\\/10\\\/cropped-WhatsApp-Image-2025-10-02-at-12.58.31.jpeg\",\"contentUrl\":\"https:\\\/\\\/kibrisdakik.com\\\/wp-content\\\/uploads\\\/2025\\\/10\\\/cropped-WhatsApp-Image-2025-10-02-at-12.58.31.jpeg\",\"width\":1237,\"height\":190,\"caption\":\"K\u0131br\u0131s Dakik\"},\"image\":{\"@id\":\"https:\\\/\\\/kibrisdakik.com\\\/#\\\/schema\\\/logo\\\/image\\\/\"}},{\"@type\":\"Person\",\"@id\":\"https:\\\/\\\/kibrisdakik.com\\\/#\\\/schema\\\/person\\\/9cd9d437bbb44f72b73ba127e06d8e79\",\"name\":\"admin\",\"image\":{\"@type\":\"ImageObject\",\"inLanguage\":\"tr\",\"@id\":\"https:\\\/\\\/secure.gravatar.com\\\/avatar\\\/ccc17943b9d660506c869530f897617f7cb1c21a4bf30023f252596d83e1f007?s=96&d=mm&r=g\",\"url\":\"https:\\\/\\\/secure.gravatar.com\\\/avatar\\\/ccc17943b9d660506c869530f897617f7cb1c21a4bf30023f252596d83e1f007?s=96&d=mm&r=g\",\"contentUrl\":\"https:\\\/\\\/secure.gravatar.com\\\/avatar\\\/ccc17943b9d660506c869530f897617f7cb1c21a4bf30023f252596d83e1f007?s=96&d=mm&r=g\",\"caption\":\"admin\"},\"sameAs\":[\"https:\\\/\\\/kibrisdakik.com\"],\"url\":\"https:\\\/\\\/kibrisdakik.com\\\/?author=1\"}]}<\/script>\n<!-- \/ Yoast SEO plugin. -->","yoast_head_json":{"title":"AKINCI\u2019DAN GEM\u0130 FAC\u0130ASINA \u0130L\u0130\u015eK\u0130N KR\u0130T\u0130K SORULAR -","robots":{"index":"index","follow":"follow","max-snippet":"max-snippet:-1","max-image-preview":"max-image-preview:large","max-video-preview":"max-video-preview:-1"},"canonical":"https:\/\/kibrisdakik.com\/?p=119720","og_locale":"tr_TR","og_type":"article","og_title":"AKINCI\u2019DAN GEM\u0130 FAC\u0130ASINA \u0130L\u0130\u015eK\u0130N KR\u0130T\u0130K SORULAR -","og_description":"Ya\u015fanan facia nedeniyle derin \u00fcz\u00fcnt\u00fc duydu\u011funu belirten Ak\u0131nc\u0131, denizin derinliklerinde ya\u015fam\u0131n\u0131 yitiren insanlar\u0131n h\u00e2l\u00e2 bulunamam\u0131\u015f olmas\u0131n\u0131n \u00fcz\u00fcnt\u00fcs\u00fcn\u00fc daha da art\u0131rd\u0131\u011f\u0131n\u0131 ifade etti. Ak\u0131nc\u0131, facian\u0131n ard\u0131ndan birka\u00e7 g\u00fcn geli\u015fmeleri g\u00f6zlemlemek istedi\u011fini belirterek, \u00f6zellikle kay\u0131p ki\u015fi say\u0131s\u0131ndaki de\u011fi\u015fimin sorgulanmas\u0131 gerekti\u011fini s\u00f6yledi. \u201cBUNLAR B\u0130RER RAKAM DE\u011e\u0130L, B\u0130RER CAN\u201d Kay\u0131p say\u0131s\u0131n\u0131n zaman i\u00e7erisinde azalmas\u0131 gerekirken artt\u0131\u011f\u0131na dikkat \u00e7eken Ak\u0131nc\u0131,","og_url":"https:\/\/kibrisdakik.com\/?p=119720","article_published_time":"2026-09-01T14:09:52+00:00","og_image":[{"url":"https:\/\/mhahabercom.teimg.com\/crop\/1280x720\/mhahaber-com\/uploads\/2026\/09\/mha-sari-beyaz-7665.png","type":"","width":"","height":""}],"author":"admin","twitter_card":"summary_large_image","twitter_misc":{"Yazan:":"admin","Tahmini okuma s\u00fcresi":"2 dakika"},"schema":{"@context":"https:\/\/schema.org","@graph":[{"@type":"Article","@id":"https:\/\/kibrisdakik.com\/?p=119720#article","isPartOf":{"@id":"https:\/\/kibrisdakik.com\/?p=119720"},"author":{"name":"admin","@id":"https:\/\/kibrisdakik.com\/#\/schema\/person\/9cd9d437bbb44f72b73ba127e06d8e79"},"headline":"AKINCI\u2019DAN GEM\u0130 FAC\u0130ASINA \u0130L\u0130\u015eK\u0130N KR\u0130T\u0130K SORULAR","datePublished":"2026-09-01T14:09:52+00:00","mainEntityOfPage":{"@id":"https:\/\/kibrisdakik.com\/?p=119720"},"wordCount":500,"commentCount":0,"publisher":{"@id":"https:\/\/kibrisdakik.com\/#organization"},"image":{"@id":"https:\/\/kibrisdakik.com\/?p=119720#primaryimage"},"thumbnailUrl":"https:\/\/kibrisdakik.com\/wp-content\/uploads\/2026\/09\/mha-sari-beyaz-7665.png","articleSection":["K\u0131br\u0131s"],"inLanguage":"tr","potentialAction":[{"@type":"CommentAction","name":"Comment","target":["https:\/\/kibrisdakik.com\/?p=119720#respond"]}]},{"@type":"WebPage","@id":"https:\/\/kibrisdakik.com\/?p=119720","url":"https:\/\/kibrisdakik.com\/?p=119720","name":"AKINCI\u2019DAN GEM\u0130 FAC\u0130ASINA \u0130L\u0130\u015eK\u0130N KR\u0130T\u0130K SORULAR -","isPartOf":{"@id":"https:\/\/kibrisdakik.com\/#website"},"primaryImageOfPage":{"@id":"https:\/\/kibrisdakik.com\/?p=119720#primaryimage"},"image":{"@id":"https:\/\/kibrisdakik.com\/?p=119720#primaryimage"},"thumbnailUrl":"https:\/\/kibrisdakik.com\/wp-content\/uploads\/2026\/09\/mha-sari-beyaz-7665.png","datePublished":"2026-09-01T14:09:52+00:00","breadcrumb":{"@id":"https:\/\/kibrisdakik.com\/?p=119720#breadcrumb"},"inLanguage":"tr","potentialAction":[{"@type":"ReadAction","target":["https:\/\/kibrisdakik.com\/?p=119720"]}]},{"@type":"ImageObject","inLanguage":"tr","@id":"https:\/\/kibrisdakik.com\/?p=119720#primaryimage","url":"https:\/\/kibrisdakik.com\/wp-content\/uploads\/2026\/09\/mha-sari-beyaz-7665.png","contentUrl":"https:\/\/kibrisdakik.com\/wp-content\/uploads\/2026\/09\/mha-sari-beyaz-7665.png","width":1280,"height":720},{"@type":"BreadcrumbList","@id":"https:\/\/kibrisdakik.com\/?p=119720#breadcrumb","itemListElement":[{"@type":"ListItem","position":1,"name":"Home","item":"https:\/\/kibrisdakik.com\/"},{"@type":"ListItem","position":2,"name":"AKINCI\u2019DAN GEM\u0130 FAC\u0130ASINA \u0130L\u0130\u015eK\u0130N KR\u0130T\u0130K SORULAR"}]},{"@type":"WebSite","@id":"https:\/\/kibrisdakik.com\/#website","url":"https:\/\/kibrisdakik.com\/","name":"K\u0131br\u0131s Dakik","description":"Tam vaktinde haber","publisher":{"@id":"https:\/\/kibrisdakik.com\/#organization"},"potentialAction":[{"@type":"SearchAction","target":{"@type":"EntryPoint","urlTemplate":"https:\/\/kibrisdakik.com\/?s={search_term_string}"},"query-input":{"@type":"PropertyValueSpecification","valueRequired":true,"valueName":"search_term_string"}}],"inLanguage":"tr"},{"@type":"Organization","@id":"https:\/\/kibrisdakik.com\/#organization","name":"K\u0131br\u0131s Dakik","url":"https:\/\/kibrisdakik.com\/","logo":{"@type":"ImageObject","inLanguage":"tr","@id":"https:\/\/kibrisdakik.com\/#\/schema\/logo\/image\/","url":"https:\/\/kibrisdakik.com\/wp-content\/uploads\/2025\/10\/cropped-WhatsApp-Image-2025-10-02-at-12.58.31.jpeg","contentUrl":"https:\/\/kibrisdakik.com\/wp-content\/uploads\/2025\/10\/cropped-WhatsApp-Image-2025-10-02-at-12.58.31.jpeg","width":1237,"height":190,"caption":"K\u0131br\u0131s Dakik"},"image":{"@id":"https:\/\/kibrisdakik.com\/#\/schema\/logo\/image\/"}},{"@type":"Person","@id":"https:\/\/kibrisdakik.com\/#\/schema\/person\/9cd9d437bbb44f72b73ba127e06d8e79","name":"admin","image":{"@type":"ImageObject","inLanguage":"tr","@id":"https:\/\/secure.gravatar.com\/avatar\/ccc17943b9d660506c869530f897617f7cb1c21a4bf30023f252596d83e1f007?s=96&d=mm&r=g","url":"https:\/\/secure.gravatar.com\/avatar\/ccc17943b9d660506c869530f897617f7cb1c21a4bf30023f252596d83e1f007?s=96&d=mm&r=g","contentUrl":"https:\/\/secure.gravatar.com\/avatar\/ccc17943b9d660506c869530f897617f7cb1c21a4bf30023f252596d83e1f007?s=96&d=mm&r=g","caption":"admin"},"sameAs":["https:\/\/kibrisdakik.com"],"url":"https:\/\/kibrisdakik.com\/?author=1"}]}},"_links":{"self":[{"href":"https:\/\/kibrisdakik.com\/index.php?rest_route=\/wp\/v2\/posts\/119720","targetHints":{"allow":["GET"]}}],"collection":[{"href":"https:\/\/kibrisdakik.com\/index.php?rest_route=\/wp\/v2\/posts"}],"about":[{"href":"https:\/\/kibrisdakik.com\/index.php?rest_route=\/wp\/v2\/types\/post"}],"author":[{"embeddable":true,"href":"https:\/\/kibrisdakik.com\/index.php?rest_route=\/wp\/v2\/users\/1"}],"replies":[{"embeddable":true,"href":"https:\/\/kibrisdakik.com\/index.php?rest_route=%2Fwp%2Fv2%2Fcomments&post=119720"}],"version-history":[{"count":0,"href":"https:\/\/kibrisdakik.com\/index.php?rest_route=\/wp\/v2\/posts\/119720\/revisions"}],"wp:featuredmedia":[{"embeddable":true,"href":"https:\/\/kibrisdakik.com\/index.php?rest_route=\/wp\/v2\/media\/119721"}],"wp:attachment":[{"href":"https:\/\/kibrisdakik.com\/index.php?rest_route=%2Fwp%2Fv2%2Fmedia&parent=119720"}],"wp:term":[{"taxonomy":"category","embeddable":true,"href":"https:\/\/kibrisdakik.com\/index.php?rest_route=%2Fwp%2Fv2%2Fcategories&post=119720"},{"taxonomy":"post_tag","embeddable":true,"href":"https:\/\/kibrisdakik.com\/index.php?rest_route=%2Fwp%2Fv2%2Ftags&post=119720"}],"curies":[{"name":"wp","href":"https:\/\/api.w.org\/{rel}","templated":true}]}}