{"id":119722,"date":"2026-09-01T17:27:56","date_gmt":"2026-09-01T14:27:56","guid":{"rendered":"https:\/\/kibrisdakik.com\/?p=119722"},"modified":"2026-09-01T17:27:56","modified_gmt":"2026-09-01T14:27:56","slug":"facia-torer-ailesini-yikti-nisa-defnedildi-babasi-hala-kayip","status":"publish","type":"post","link":"https:\/\/kibrisdakik.com\/?p=119722","title":{"rendered":"FAC\u0130A T\u00d6RER A\u0130LES\u0130N\u0130 YIKTI: N\u0130SA DEFNED\u0130LD\u0130, BABASI HALA KAYIP"},"content":{"rendered":"<p><\/p>\n<div data-text-id=\"207150\" property=\"articleBody\">\n<p>Filo Jet isimli yolcu gemisinde bulunan T\u00f6rer ailesinden 14 ya\u015f\u0131ndaki Nisa hayat\u0131n\u0131 kaybederken, karde\u015fleri 11 ya\u015f\u0131ndaki Yusuf ve 10 ya\u015f\u0131ndaki Yunus kazadan sa\u011f kurtuldu. Ayn\u0131 gemide bulunan baba Ferdi T\u00f6rer\u2019den ise halen haber al\u0131namad\u0131\u011f\u0131 ve arama \u00e7al\u0131\u015fmalar\u0131n\u0131n s\u00fcrd\u00fc\u011f\u00fc belirtildi.<\/p>\n<h3>N\u0130SA SON YOLCULU\u011eUNA U\u011eURLANDI<\/h3>\n<p>Faciada ya\u015fam\u0131n\u0131 yitiren Nisa T\u00f6rer\u2019in cenazesi Gaziantep\u2019te d\u00fczenlenen t\u00f6renin ard\u0131ndan topra\u011fa verildi.<\/p>\n<p>Cenaze s\u0131ras\u0131nda b\u00fcy\u00fck \u00fcz\u00fcnt\u00fc ya\u015fayan Nisa\u2019n\u0131n karde\u015fleri Yusuf ve Yunus\u2019un fenala\u015ft\u0131\u011f\u0131 ve yak\u0131nlar\u0131 taraf\u0131ndan cenaze alan\u0131ndan uzakla\u015ft\u0131r\u0131ld\u0131\u011f\u0131 \u00f6\u011frenildi.<\/p>\n<p>Ailenin yak\u0131nlar\u0131ndan Mustafa \u00c7an, gazetecilere yapt\u0131\u011f\u0131 a\u00e7\u0131klamada T\u00f6rer ailesinin hem akrabalar\u0131 hem de kom\u015fular\u0131 olduklar\u0131n\u0131 belirtti.<\/p>\n<p>\u00c7an, ailenin yakla\u015f\u0131k 4 y\u0131l \u00f6nce anne G\u00fcne\u015f T\u00f6rer\u2019i kanser nedeniyle kaybetti\u011fini ifade ederek, baba Ferdi T\u00f6rer\u2019in y\u0131ll\u0131k izninde \u00e7ocuklar\u0131yla birlikte KKTC\u2019de ya\u015fayan halalar\u0131n\u0131n yan\u0131na tatile geldi\u011fini s\u00f6yledi.<\/p>\n<h3>TAT\u0130L D\u00d6N\u00dc\u015e\u00dc FAC\u0130A YA\u015eANDI<\/h3>\n<p>Ailenin tatilin ard\u0131ndan Mersin\u2019e d\u00f6nmek \u00fczere gemiye bindi\u011fini belirten \u00c7an, d\u00f6n\u00fc\u015f yolculu\u011funda ya\u015fanan facian\u0131n ard\u0131ndan Nisa\u2019ya ula\u015f\u0131ld\u0131\u011f\u0131n\u0131 ve cenazesinin Gaziantep\u2019te topra\u011fa verildi\u011fini kaydetti.<\/p>\n<p>\u00c7an, \u201c4 y\u0131l \u00f6nce anneleri vefat etmi\u015fti. Ferdi a\u011fabey y\u0131ll\u0131k izne ayr\u0131l\u0131p \u00e7ocuklar\u0131yla, KKTC&#8217;deki halas\u0131n\u0131n yan\u0131na tatile gitmi\u015flerdi. D\u00f6nerken bu elim olay oldu. K\u0131z\u0131m\u0131za ula\u015ft\u0131k, defnettik. Ferdi T\u00f6rer kay\u0131p, halen haber yok. 10 ve 11 ya\u015flar\u0131nda 2 \u00e7ocuklar\u0131 var, \u00e7ok \u015f\u00fck\u00fcr onlar sa\u011f salim kurtuldu.\u201d ifadelerini kulland\u0131.<\/p>\n<h3>GER\u0130YE \u0130K\u0130 KARDE\u015e VE KAYIP BABA BEKLEY\u0130\u015e\u0130 KALDI<\/h3>\n<p>Annesinin ard\u0131ndan bu kez 14 ya\u015f\u0131ndaki Nisa\u2019y\u0131 kaybeden ailede, kazadan sa\u011f kurtulan Yusuf ve Yunus ile kay\u0131p baba Ferdi T\u00f6rer\u2019in bulunmas\u0131n\u0131 bekleyen yak\u0131nlar\u0131 kald\u0131.<\/p>\n<p>Arama-kurtarma ekiplerinin deniz ve hava unsurlar\u0131yla s\u00fcrd\u00fcrd\u00fc\u011f\u00fc \u00e7al\u0131\u015fmalarda Ferdi T\u00f6rer\u2019den gelecek iyi haber umutla bekleniyor.<\/p>\n<h3>\u201cSU\u00c7LULARIN EN A\u011eIR \u015eEK\u0130LDE CEZALANDIRILMASINI \u0130ST\u0130YORUZ\u201d<\/h3>\n<p>Ailenin yak\u0131n\u0131 Mustafa \u00c7an, facian\u0131n sorumlular\u0131n\u0131n ortaya \u00e7\u0131kar\u0131lmas\u0131 ve gereken cezalar\u0131n verilmesi \u00e7a\u011fr\u0131s\u0131nda bulundu.<\/p>\n<p>\u00c7an, \u201cSu\u00e7lular\u0131n en a\u011f\u0131r \u015fekilde cezaland\u0131r\u0131lmalar\u0131n\u0131 istiyoruz. Bir\u00e7ok aile kayboldu, \u00e7ocuklar \u00f6ld\u00fc. \u015eu an b\u00fct\u00fcn T\u00fcrkiye olarak y\u00fcre\u011fimiz yan\u0131yor. Bu ac\u0131 hepimizin ac\u0131s\u0131 sadece bizim de\u011fil.\u201d dedi.<\/p>\n<p>Girne a\u00e7\u0131klar\u0131nda meydana gelen facian\u0131n ard\u0131ndan kay\u0131p ki\u015filere ula\u015f\u0131lmas\u0131 i\u00e7in arama-kurtarma \u00e7al\u0131\u015fmalar\u0131n\u0131n s\u00fcrd\u00fc\u011f\u00fc, kazan\u0131n nedenlerine ili\u015fkin soru\u015fturman\u0131n ise devam etti\u011fi bildirildi.<\/p>\n<\/p><\/div>\n","protected":false},"excerpt":{"rendered":"<p>Filo Jet isimli yolcu gemisinde bulunan T\u00f6rer ailesinden 14 ya\u015f\u0131ndaki Nisa hayat\u0131n\u0131 kaybederken, karde\u015fleri 11 ya\u015f\u0131ndaki Yusuf ve 10 ya\u015f\u0131ndaki Yunus kazadan sa\u011f kurtuldu. Ayn\u0131 gemide bulunan baba Ferdi T\u00f6rer\u2019den ise halen haber al\u0131namad\u0131\u011f\u0131 ve arama \u00e7al\u0131\u015fmalar\u0131n\u0131n s\u00fcrd\u00fc\u011f\u00fc belirtildi. N\u0130SA SON YOLCULU\u011eUNA U\u011eURLANDI Faciada ya\u015fam\u0131n\u0131 yitiren Nisa T\u00f6rer\u2019in cenazesi Gaziantep\u2019te d\u00fczenlenen t\u00f6renin ard\u0131ndan topra\u011fa verildi.<\/p>\n","protected":false},"author":1,"featured_media":119723,"comment_status":"open","ping_status":"open","sticky":false,"template":"","format":"standard","meta":{"footnotes":""},"categories":[81],"tags":[],"class_list":["post-119722","post","type-post","status-publish","format-standard","has-post-thumbnail","hentry","category-kibris"],"yoast_head":"<!-- This site is optimized with the Yoast SEO plugin v28.3 - https:\/\/yoast.com\/product\/yoast-seo-wordpress\/ -->\n<title>FAC\u0130A T\u00d6RER A\u0130LES\u0130N\u0130 YIKTI: N\u0130SA DEFNED\u0130LD\u0130, BABASI HALA KAYIP -<\/title>\n<meta name=\"robots\" content=\"index, follow, max-snippet:-1, max-image-preview:large, max-video-preview:-1\" \/>\n<link rel=\"canonical\" href=\"https:\/\/kibrisdakik.com\/?p=119722\" \/>\n<meta property=\"og:locale\" content=\"tr_TR\" \/>\n<meta property=\"og:type\" content=\"article\" \/>\n<meta property=\"og:title\" content=\"FAC\u0130A T\u00d6RER A\u0130LES\u0130N\u0130 YIKTI: N\u0130SA DEFNED\u0130LD\u0130, BABASI HALA KAYIP -\" \/>\n<meta property=\"og:description\" content=\"Filo Jet isimli yolcu gemisinde bulunan T\u00f6rer ailesinden 14 ya\u015f\u0131ndaki Nisa hayat\u0131n\u0131 kaybederken, karde\u015fleri 11 ya\u015f\u0131ndaki Yusuf ve 10 ya\u015f\u0131ndaki Yunus kazadan sa\u011f kurtuldu. Ayn\u0131 gemide bulunan baba Ferdi T\u00f6rer\u2019den ise halen haber al\u0131namad\u0131\u011f\u0131 ve arama \u00e7al\u0131\u015fmalar\u0131n\u0131n s\u00fcrd\u00fc\u011f\u00fc belirtildi. N\u0130SA SON YOLCULU\u011eUNA U\u011eURLANDI Faciada ya\u015fam\u0131n\u0131 yitiren Nisa T\u00f6rer\u2019in cenazesi Gaziantep\u2019te d\u00fczenlenen t\u00f6renin ard\u0131ndan topra\u011fa verildi.\" \/>\n<meta property=\"og:url\" content=\"https:\/\/kibrisdakik.com\/?p=119722\" \/>\n<meta property=\"article:published_time\" content=\"2026-09-01T14:27:56+00:00\" \/>\n<meta property=\"og:image\" content=\"https:\/\/mhahabercom.teimg.com\/crop\/1280x720\/mhahaber-com\/uploads\/2026\/09\/mha-sari-beyaz-7666.png\" \/>\n<meta name=\"author\" content=\"admin\" \/>\n<meta name=\"twitter:card\" content=\"summary_large_image\" \/>\n<meta name=\"twitter:label1\" content=\"Yazan:\" \/>\n\t<meta name=\"twitter:data1\" content=\"admin\" \/>\n\t<meta name=\"twitter:label2\" content=\"Tahmini okuma s\u00fcresi\" \/>\n\t<meta name=\"twitter:data2\" content=\"2 dakika\" \/>\n<script type=\"application\/ld+json\" class=\"yoast-schema-graph\">{\"@context\":\"https:\\\/\\\/schema.org\",\"@graph\":[{\"@type\":\"Article\",\"@id\":\"https:\\\/\\\/kibrisdakik.com\\\/?p=119722#article\",\"isPartOf\":{\"@id\":\"https:\\\/\\\/kibrisdakik.com\\\/?p=119722\"},\"author\":{\"name\":\"admin\",\"@id\":\"https:\\\/\\\/kibrisdakik.com\\\/#\\\/schema\\\/person\\\/9cd9d437bbb44f72b73ba127e06d8e79\"},\"headline\":\"FAC\u0130A T\u00d6RER A\u0130LES\u0130N\u0130 YIKTI: N\u0130SA DEFNED\u0130LD\u0130, BABASI HALA KAYIP\",\"datePublished\":\"2026-09-01T14:27:56+00:00\",\"mainEntityOfPage\":{\"@id\":\"https:\\\/\\\/kibrisdakik.com\\\/?p=119722\"},\"wordCount\":481,\"commentCount\":0,\"publisher\":{\"@id\":\"https:\\\/\\\/kibrisdakik.com\\\/#organization\"},\"image\":{\"@id\":\"https:\\\/\\\/kibrisdakik.com\\\/?p=119722#primaryimage\"},\"thumbnailUrl\":\"https:\\\/\\\/kibrisdakik.com\\\/wp-content\\\/uploads\\\/2026\\\/09\\\/mha-sari-beyaz-7666.png\",\"articleSection\":[\"K\u0131br\u0131s\"],\"inLanguage\":\"tr\",\"potentialAction\":[{\"@type\":\"CommentAction\",\"name\":\"Comment\",\"target\":[\"https:\\\/\\\/kibrisdakik.com\\\/?p=119722#respond\"]}]},{\"@type\":\"WebPage\",\"@id\":\"https:\\\/\\\/kibrisdakik.com\\\/?p=119722\",\"url\":\"https:\\\/\\\/kibrisdakik.com\\\/?p=119722\",\"name\":\"FAC\u0130A T\u00d6RER A\u0130LES\u0130N\u0130 YIKTI: N\u0130SA DEFNED\u0130LD\u0130, BABASI HALA KAYIP -\",\"isPartOf\":{\"@id\":\"https:\\\/\\\/kibrisdakik.com\\\/#website\"},\"primaryImageOfPage\":{\"@id\":\"https:\\\/\\\/kibrisdakik.com\\\/?p=119722#primaryimage\"},\"image\":{\"@id\":\"https:\\\/\\\/kibrisdakik.com\\\/?p=119722#primaryimage\"},\"thumbnailUrl\":\"https:\\\/\\\/kibrisdakik.com\\\/wp-content\\\/uploads\\\/2026\\\/09\\\/mha-sari-beyaz-7666.png\",\"datePublished\":\"2026-09-01T14:27:56+00:00\",\"breadcrumb\":{\"@id\":\"https:\\\/\\\/kibrisdakik.com\\\/?p=119722#breadcrumb\"},\"inLanguage\":\"tr\",\"potentialAction\":[{\"@type\":\"ReadAction\",\"target\":[\"https:\\\/\\\/kibrisdakik.com\\\/?p=119722\"]}]},{\"@type\":\"ImageObject\",\"inLanguage\":\"tr\",\"@id\":\"https:\\\/\\\/kibrisdakik.com\\\/?p=119722#primaryimage\",\"url\":\"https:\\\/\\\/kibrisdakik.com\\\/wp-content\\\/uploads\\\/2026\\\/09\\\/mha-sari-beyaz-7666.png\",\"contentUrl\":\"https:\\\/\\\/kibrisdakik.com\\\/wp-content\\\/uploads\\\/2026\\\/09\\\/mha-sari-beyaz-7666.png\",\"width\":1280,\"height\":720},{\"@type\":\"BreadcrumbList\",\"@id\":\"https:\\\/\\\/kibrisdakik.com\\\/?p=119722#breadcrumb\",\"itemListElement\":[{\"@type\":\"ListItem\",\"position\":1,\"name\":\"Home\",\"item\":\"https:\\\/\\\/kibrisdakik.com\\\/\"},{\"@type\":\"ListItem\",\"position\":2,\"name\":\"FAC\u0130A T\u00d6RER A\u0130LES\u0130N\u0130 YIKTI: N\u0130SA DEFNED\u0130LD\u0130, BABASI HALA KAYIP\"}]},{\"@type\":\"WebSite\",\"@id\":\"https:\\\/\\\/kibrisdakik.com\\\/#website\",\"url\":\"https:\\\/\\\/kibrisdakik.com\\\/\",\"name\":\"K\u0131br\u0131s Dakik\",\"description\":\"Tam vaktinde haber\",\"publisher\":{\"@id\":\"https:\\\/\\\/kibrisdakik.com\\\/#organization\"},\"potentialAction\":[{\"@type\":\"SearchAction\",\"target\":{\"@type\":\"EntryPoint\",\"urlTemplate\":\"https:\\\/\\\/kibrisdakik.com\\\/?s={search_term_string}\"},\"query-input\":{\"@type\":\"PropertyValueSpecification\",\"valueRequired\":true,\"valueName\":\"search_term_string\"}}],\"inLanguage\":\"tr\"},{\"@type\":\"Organization\",\"@id\":\"https:\\\/\\\/kibrisdakik.com\\\/#organization\",\"name\":\"K\u0131br\u0131s Dakik\",\"url\":\"https:\\\/\\\/kibrisdakik.com\\\/\",\"logo\":{\"@type\":\"ImageObject\",\"inLanguage\":\"tr\",\"@id\":\"https:\\\/\\\/kibrisdakik.com\\\/#\\\/schema\\\/logo\\\/image\\\/\",\"url\":\"https:\\\/\\\/kibrisdakik.com\\\/wp-content\\\/uploads\\\/2025\\\/10\\\/cropped-WhatsApp-Image-2025-10-02-at-12.58.31.jpeg\",\"contentUrl\":\"https:\\\/\\\/kibrisdakik.com\\\/wp-content\\\/uploads\\\/2025\\\/10\\\/cropped-WhatsApp-Image-2025-10-02-at-12.58.31.jpeg\",\"width\":1237,\"height\":190,\"caption\":\"K\u0131br\u0131s Dakik\"},\"image\":{\"@id\":\"https:\\\/\\\/kibrisdakik.com\\\/#\\\/schema\\\/logo\\\/image\\\/\"}},{\"@type\":\"Person\",\"@id\":\"https:\\\/\\\/kibrisdakik.com\\\/#\\\/schema\\\/person\\\/9cd9d437bbb44f72b73ba127e06d8e79\",\"name\":\"admin\",\"image\":{\"@type\":\"ImageObject\",\"inLanguage\":\"tr\",\"@id\":\"https:\\\/\\\/secure.gravatar.com\\\/avatar\\\/ccc17943b9d660506c869530f897617f7cb1c21a4bf30023f252596d83e1f007?s=96&d=mm&r=g\",\"url\":\"https:\\\/\\\/secure.gravatar.com\\\/avatar\\\/ccc17943b9d660506c869530f897617f7cb1c21a4bf30023f252596d83e1f007?s=96&d=mm&r=g\",\"contentUrl\":\"https:\\\/\\\/secure.gravatar.com\\\/avatar\\\/ccc17943b9d660506c869530f897617f7cb1c21a4bf30023f252596d83e1f007?s=96&d=mm&r=g\",\"caption\":\"admin\"},\"sameAs\":[\"https:\\\/\\\/kibrisdakik.com\"],\"url\":\"https:\\\/\\\/kibrisdakik.com\\\/?author=1\"}]}<\/script>\n<!-- \/ Yoast SEO plugin. -->","yoast_head_json":{"title":"FAC\u0130A T\u00d6RER A\u0130LES\u0130N\u0130 YIKTI: N\u0130SA DEFNED\u0130LD\u0130, BABASI HALA KAYIP -","robots":{"index":"index","follow":"follow","max-snippet":"max-snippet:-1","max-image-preview":"max-image-preview:large","max-video-preview":"max-video-preview:-1"},"canonical":"https:\/\/kibrisdakik.com\/?p=119722","og_locale":"tr_TR","og_type":"article","og_title":"FAC\u0130A T\u00d6RER A\u0130LES\u0130N\u0130 YIKTI: N\u0130SA DEFNED\u0130LD\u0130, BABASI HALA KAYIP -","og_description":"Filo Jet isimli yolcu gemisinde bulunan T\u00f6rer ailesinden 14 ya\u015f\u0131ndaki Nisa hayat\u0131n\u0131 kaybederken, karde\u015fleri 11 ya\u015f\u0131ndaki Yusuf ve 10 ya\u015f\u0131ndaki Yunus kazadan sa\u011f kurtuldu. Ayn\u0131 gemide bulunan baba Ferdi T\u00f6rer\u2019den ise halen haber al\u0131namad\u0131\u011f\u0131 ve arama \u00e7al\u0131\u015fmalar\u0131n\u0131n s\u00fcrd\u00fc\u011f\u00fc belirtildi. N\u0130SA SON YOLCULU\u011eUNA U\u011eURLANDI Faciada ya\u015fam\u0131n\u0131 yitiren Nisa T\u00f6rer\u2019in cenazesi Gaziantep\u2019te d\u00fczenlenen t\u00f6renin ard\u0131ndan topra\u011fa verildi.","og_url":"https:\/\/kibrisdakik.com\/?p=119722","article_published_time":"2026-09-01T14:27:56+00:00","og_image":[{"url":"https:\/\/mhahabercom.teimg.com\/crop\/1280x720\/mhahaber-com\/uploads\/2026\/09\/mha-sari-beyaz-7666.png","type":"","width":"","height":""}],"author":"admin","twitter_card":"summary_large_image","twitter_misc":{"Yazan:":"admin","Tahmini okuma s\u00fcresi":"2 dakika"},"schema":{"@context":"https:\/\/schema.org","@graph":[{"@type":"Article","@id":"https:\/\/kibrisdakik.com\/?p=119722#article","isPartOf":{"@id":"https:\/\/kibrisdakik.com\/?p=119722"},"author":{"name":"admin","@id":"https:\/\/kibrisdakik.com\/#\/schema\/person\/9cd9d437bbb44f72b73ba127e06d8e79"},"headline":"FAC\u0130A T\u00d6RER A\u0130LES\u0130N\u0130 YIKTI: N\u0130SA DEFNED\u0130LD\u0130, BABASI HALA KAYIP","datePublished":"2026-09-01T14:27:56+00:00","mainEntityOfPage":{"@id":"https:\/\/kibrisdakik.com\/?p=119722"},"wordCount":481,"commentCount":0,"publisher":{"@id":"https:\/\/kibrisdakik.com\/#organization"},"image":{"@id":"https:\/\/kibrisdakik.com\/?p=119722#primaryimage"},"thumbnailUrl":"https:\/\/kibrisdakik.com\/wp-content\/uploads\/2026\/09\/mha-sari-beyaz-7666.png","articleSection":["K\u0131br\u0131s"],"inLanguage":"tr","potentialAction":[{"@type":"CommentAction","name":"Comment","target":["https:\/\/kibrisdakik.com\/?p=119722#respond"]}]},{"@type":"WebPage","@id":"https:\/\/kibrisdakik.com\/?p=119722","url":"https:\/\/kibrisdakik.com\/?p=119722","name":"FAC\u0130A T\u00d6RER A\u0130LES\u0130N\u0130 YIKTI: N\u0130SA DEFNED\u0130LD\u0130, BABASI HALA KAYIP -","isPartOf":{"@id":"https:\/\/kibrisdakik.com\/#website"},"primaryImageOfPage":{"@id":"https:\/\/kibrisdakik.com\/?p=119722#primaryimage"},"image":{"@id":"https:\/\/kibrisdakik.com\/?p=119722#primaryimage"},"thumbnailUrl":"https:\/\/kibrisdakik.com\/wp-content\/uploads\/2026\/09\/mha-sari-beyaz-7666.png","datePublished":"2026-09-01T14:27:56+00:00","breadcrumb":{"@id":"https:\/\/kibrisdakik.com\/?p=119722#breadcrumb"},"inLanguage":"tr","potentialAction":[{"@type":"ReadAction","target":["https:\/\/kibrisdakik.com\/?p=119722"]}]},{"@type":"ImageObject","inLanguage":"tr","@id":"https:\/\/kibrisdakik.com\/?p=119722#primaryimage","url":"https:\/\/kibrisdakik.com\/wp-content\/uploads\/2026\/09\/mha-sari-beyaz-7666.png","contentUrl":"https:\/\/kibrisdakik.com\/wp-content\/uploads\/2026\/09\/mha-sari-beyaz-7666.png","width":1280,"height":720},{"@type":"BreadcrumbList","@id":"https:\/\/kibrisdakik.com\/?p=119722#breadcrumb","itemListElement":[{"@type":"ListItem","position":1,"name":"Home","item":"https:\/\/kibrisdakik.com\/"},{"@type":"ListItem","position":2,"name":"FAC\u0130A T\u00d6RER A\u0130LES\u0130N\u0130 YIKTI: N\u0130SA DEFNED\u0130LD\u0130, BABASI HALA KAYIP"}]},{"@type":"WebSite","@id":"https:\/\/kibrisdakik.com\/#website","url":"https:\/\/kibrisdakik.com\/","name":"K\u0131br\u0131s Dakik","description":"Tam vaktinde haber","publisher":{"@id":"https:\/\/kibrisdakik.com\/#organization"},"potentialAction":[{"@type":"SearchAction","target":{"@type":"EntryPoint","urlTemplate":"https:\/\/kibrisdakik.com\/?s={search_term_string}"},"query-input":{"@type":"PropertyValueSpecification","valueRequired":true,"valueName":"search_term_string"}}],"inLanguage":"tr"},{"@type":"Organization","@id":"https:\/\/kibrisdakik.com\/#organization","name":"K\u0131br\u0131s Dakik","url":"https:\/\/kibrisdakik.com\/","logo":{"@type":"ImageObject","inLanguage":"tr","@id":"https:\/\/kibrisdakik.com\/#\/schema\/logo\/image\/","url":"https:\/\/kibrisdakik.com\/wp-content\/uploads\/2025\/10\/cropped-WhatsApp-Image-2025-10-02-at-12.58.31.jpeg","contentUrl":"https:\/\/kibrisdakik.com\/wp-content\/uploads\/2025\/10\/cropped-WhatsApp-Image-2025-10-02-at-12.58.31.jpeg","width":1237,"height":190,"caption":"K\u0131br\u0131s Dakik"},"image":{"@id":"https:\/\/kibrisdakik.com\/#\/schema\/logo\/image\/"}},{"@type":"Person","@id":"https:\/\/kibrisdakik.com\/#\/schema\/person\/9cd9d437bbb44f72b73ba127e06d8e79","name":"admin","image":{"@type":"ImageObject","inLanguage":"tr","@id":"https:\/\/secure.gravatar.com\/avatar\/ccc17943b9d660506c869530f897617f7cb1c21a4bf30023f252596d83e1f007?s=96&d=mm&r=g","url":"https:\/\/secure.gravatar.com\/avatar\/ccc17943b9d660506c869530f897617f7cb1c21a4bf30023f252596d83e1f007?s=96&d=mm&r=g","contentUrl":"https:\/\/secure.gravatar.com\/avatar\/ccc17943b9d660506c869530f897617f7cb1c21a4bf30023f252596d83e1f007?s=96&d=mm&r=g","caption":"admin"},"sameAs":["https:\/\/kibrisdakik.com"],"url":"https:\/\/kibrisdakik.com\/?author=1"}]}},"_links":{"self":[{"href":"https:\/\/kibrisdakik.com\/index.php?rest_route=\/wp\/v2\/posts\/119722","targetHints":{"allow":["GET"]}}],"collection":[{"href":"https:\/\/kibrisdakik.com\/index.php?rest_route=\/wp\/v2\/posts"}],"about":[{"href":"https:\/\/kibrisdakik.com\/index.php?rest_route=\/wp\/v2\/types\/post"}],"author":[{"embeddable":true,"href":"https:\/\/kibrisdakik.com\/index.php?rest_route=\/wp\/v2\/users\/1"}],"replies":[{"embeddable":true,"href":"https:\/\/kibrisdakik.com\/index.php?rest_route=%2Fwp%2Fv2%2Fcomments&post=119722"}],"version-history":[{"count":0,"href":"https:\/\/kibrisdakik.com\/index.php?rest_route=\/wp\/v2\/posts\/119722\/revisions"}],"wp:featuredmedia":[{"embeddable":true,"href":"https:\/\/kibrisdakik.com\/index.php?rest_route=\/wp\/v2\/media\/119723"}],"wp:attachment":[{"href":"https:\/\/kibrisdakik.com\/index.php?rest_route=%2Fwp%2Fv2%2Fmedia&parent=119722"}],"wp:term":[{"taxonomy":"category","embeddable":true,"href":"https:\/\/kibrisdakik.com\/index.php?rest_route=%2Fwp%2Fv2%2Fcategories&post=119722"},{"taxonomy":"post_tag","embeddable":true,"href":"https:\/\/kibrisdakik.com\/index.php?rest_route=%2Fwp%2Fv2%2Ftags&post=119722"}],"curies":[{"name":"wp","href":"https:\/\/api.w.org\/{rel}","templated":true}]}}