{"id":119724,"date":"2026-09-01T17:36:07","date_gmt":"2026-09-01T14:36:07","guid":{"rendered":"https:\/\/kibrisdakik.com\/?p=119724"},"modified":"2026-09-01T17:36:07","modified_gmt":"2026-09-01T14:36:07","slug":"fransada-tutuklandi-serbest-birakildi-ortadan-kayboldu","status":"publish","type":"post","link":"https:\/\/kibrisdakik.com\/?p=119724","title":{"rendered":"FRANSA\u2019DA TUTUKLANDI, SERBEST BIRAKILDI, ORTADAN KAYBOLDU"},"content":{"rendered":"<p><\/p>\n<div data-text-id=\"207152\" property=\"articleBody\">\n<p>KKTC\u2019deki Rum mallar\u0131n\u0131n \u201cgasp edildi\u011fi\u201d iddias\u0131yla y\u00fcr\u00fct\u00fclen soru\u015fturma kapsam\u0131nda Fransa\u2019da tutuklanan Litvanyal\u0131 emlak\u00e7\u0131 Rasa Zilevi\u00e7\u2019in, G\u00fcney K\u0131br\u0131s\u2019a g\u00f6t\u00fcr\u00fclmek \u00fczere serbest b\u0131rak\u0131lmas\u0131n\u0131n ard\u0131ndan ortadan kayboldu\u011fu bildirildi.<\/p>\n<p>Rum bas\u0131n\u0131nda yer alan haberlere g\u00f6re, hakk\u0131nda Avrupa tutuklama emri bulunan Zilevi\u00e7, Fransa\u2019da tutukland\u0131. G\u00fcney K\u0131br\u0131s\u2019ta yarg\u0131lanmak \u00fczere Rum makamlar\u0131na teslim edilmesi planlanan Zilevi\u00e7\u2019in, belirli \u015fartlar kapsam\u0131nda serbest b\u0131rak\u0131ld\u0131\u011f\u0131 belirtildi.<\/p>\n<h3>RUM POL\u0130S\u0130NE TESL\u0130M OLMASI BEKLEN\u0130YORDU<\/h3>\n<p>Politis gazetesinin haberine g\u00f6re, Zilevi\u00e7\u2019in Fransa\u2019dan Rum polisi taraf\u0131ndan teslim al\u0131narak G\u00fcney K\u0131br\u0131s\u2019a g\u00f6t\u00fcr\u00fclmesi planland\u0131.<\/p>\n<p>Ancak serbest b\u0131rak\u0131lmas\u0131n\u0131n ard\u0131ndan Fransa Havaliman\u0131\u2019na giderek Rum polisine teslim olmas\u0131 gereken Zilevi\u00e7\u2019in belirtilen \u015fekilde hareket etmedi\u011fi ve ortadan kayboldu\u011fu aktar\u0131ld\u0131.<\/p>\n<p>Fransa polisinin, Zilevi\u00e7\u2019in teslim olmad\u0131\u011f\u0131 konusunda Rum makamlar\u0131n\u0131 bilgilendirdi\u011fi ifade edildi.<\/p>\n<h3>FRANSIZ POL\u0130S\u0130 ARIYOR<\/h3>\n<p>Rum polisinin Zilevi\u00e7\u2019i teslim almak \u00fczere Fransa\u2019ya gitmedi\u011fi belirtilirken, Fransa polisinin kay\u0131p oldu\u011fu bildirilen emlak\u00e7\u0131y\u0131 aramaya ba\u015flad\u0131\u011f\u0131 kaydedildi.<\/p>\n<p>Haberde, Zilevi\u00e7\u2019in nerede oldu\u011funa ili\u015fkin hen\u00fcz bilgi bulunmad\u0131\u011f\u0131 belirtildi.<\/p>\n<p>\u00d6te yandan olay\u0131n, KKTC\u2019deki Rum mallar\u0131n\u0131n kullan\u0131m\u0131na ili\u015fkin G\u00fcney K\u0131br\u0131s\u2019ta y\u00fcr\u00fct\u00fclen soru\u015fturma kapsam\u0131nda ya\u015fand\u0131\u011f\u0131 ifade edildi. Zilevi\u00e7 hakk\u0131nda d\u00fczenlenen Avrupa tutuklama emrinin de s\u00f6z konusu soru\u015fturmayla ba\u011flant\u0131l\u0131 oldu\u011fu aktar\u0131ld\u0131.<\/p>\n<\/p><\/div>\n","protected":false},"excerpt":{"rendered":"<p>KKTC\u2019deki Rum mallar\u0131n\u0131n \u201cgasp edildi\u011fi\u201d iddias\u0131yla y\u00fcr\u00fct\u00fclen soru\u015fturma kapsam\u0131nda Fransa\u2019da tutuklanan Litvanyal\u0131 emlak\u00e7\u0131 Rasa Zilevi\u00e7\u2019in, G\u00fcney K\u0131br\u0131s\u2019a g\u00f6t\u00fcr\u00fclmek \u00fczere serbest b\u0131rak\u0131lmas\u0131n\u0131n ard\u0131ndan ortadan kayboldu\u011fu bildirildi. Rum bas\u0131n\u0131nda yer alan haberlere g\u00f6re, hakk\u0131nda Avrupa tutuklama emri bulunan Zilevi\u00e7, Fransa\u2019da tutukland\u0131. G\u00fcney K\u0131br\u0131s\u2019ta yarg\u0131lanmak \u00fczere Rum makamlar\u0131na teslim edilmesi planlanan Zilevi\u00e7\u2019in, belirli \u015fartlar kapsam\u0131nda serbest b\u0131rak\u0131ld\u0131\u011f\u0131 belirtildi.<\/p>\n","protected":false},"author":1,"featured_media":119725,"comment_status":"open","ping_status":"open","sticky":false,"template":"","format":"standard","meta":{"footnotes":""},"categories":[81],"tags":[],"class_list":["post-119724","post","type-post","status-publish","format-standard","has-post-thumbnail","hentry","category-kibris"],"yoast_head":"<!-- This site is optimized with the Yoast SEO plugin v28.3 - https:\/\/yoast.com\/product\/yoast-seo-wordpress\/ -->\n<title>FRANSA\u2019DA TUTUKLANDI, SERBEST BIRAKILDI, ORTADAN KAYBOLDU -<\/title>\n<meta name=\"robots\" content=\"index, follow, max-snippet:-1, max-image-preview:large, max-video-preview:-1\" \/>\n<link rel=\"canonical\" href=\"https:\/\/kibrisdakik.com\/?p=119724\" \/>\n<meta property=\"og:locale\" content=\"tr_TR\" \/>\n<meta property=\"og:type\" content=\"article\" \/>\n<meta property=\"og:title\" content=\"FRANSA\u2019DA TUTUKLANDI, SERBEST BIRAKILDI, ORTADAN KAYBOLDU -\" \/>\n<meta property=\"og:description\" content=\"KKTC\u2019deki Rum mallar\u0131n\u0131n \u201cgasp edildi\u011fi\u201d iddias\u0131yla y\u00fcr\u00fct\u00fclen soru\u015fturma kapsam\u0131nda Fransa\u2019da tutuklanan Litvanyal\u0131 emlak\u00e7\u0131 Rasa Zilevi\u00e7\u2019in, G\u00fcney K\u0131br\u0131s\u2019a g\u00f6t\u00fcr\u00fclmek \u00fczere serbest b\u0131rak\u0131lmas\u0131n\u0131n ard\u0131ndan ortadan kayboldu\u011fu bildirildi. Rum bas\u0131n\u0131nda yer alan haberlere g\u00f6re, hakk\u0131nda Avrupa tutuklama emri bulunan Zilevi\u00e7, Fransa\u2019da tutukland\u0131. G\u00fcney K\u0131br\u0131s\u2019ta yarg\u0131lanmak \u00fczere Rum makamlar\u0131na teslim edilmesi planlanan Zilevi\u00e7\u2019in, belirli \u015fartlar kapsam\u0131nda serbest b\u0131rak\u0131ld\u0131\u011f\u0131 belirtildi.\" \/>\n<meta property=\"og:url\" content=\"https:\/\/kibrisdakik.com\/?p=119724\" \/>\n<meta property=\"article:published_time\" content=\"2026-09-01T14:36:07+00:00\" \/>\n<meta property=\"og:image\" content=\"https:\/\/mhahabercom.teimg.com\/crop\/1280x720\/mhahaber-com\/uploads\/2026\/09\/mha-sari-beyaz-7667.png\" \/>\n<meta name=\"author\" content=\"admin\" \/>\n<meta name=\"twitter:card\" content=\"summary_large_image\" \/>\n<meta name=\"twitter:label1\" content=\"Yazan:\" \/>\n\t<meta name=\"twitter:data1\" content=\"admin\" \/>\n\t<meta name=\"twitter:label2\" content=\"Tahmini okuma s\u00fcresi\" \/>\n\t<meta name=\"twitter:data2\" content=\"1 dakika\" \/>\n<script type=\"application\/ld+json\" class=\"yoast-schema-graph\">{\"@context\":\"https:\\\/\\\/schema.org\",\"@graph\":[{\"@type\":\"Article\",\"@id\":\"https:\\\/\\\/kibrisdakik.com\\\/?p=119724#article\",\"isPartOf\":{\"@id\":\"https:\\\/\\\/kibrisdakik.com\\\/?p=119724\"},\"author\":{\"name\":\"admin\",\"@id\":\"https:\\\/\\\/kibrisdakik.com\\\/#\\\/schema\\\/person\\\/9cd9d437bbb44f72b73ba127e06d8e79\"},\"headline\":\"FRANSA\u2019DA TUTUKLANDI, SERBEST BIRAKILDI, ORTADAN KAYBOLDU\",\"datePublished\":\"2026-09-01T14:36:07+00:00\",\"mainEntityOfPage\":{\"@id\":\"https:\\\/\\\/kibrisdakik.com\\\/?p=119724\"},\"wordCount\":279,\"commentCount\":0,\"publisher\":{\"@id\":\"https:\\\/\\\/kibrisdakik.com\\\/#organization\"},\"image\":{\"@id\":\"https:\\\/\\\/kibrisdakik.com\\\/?p=119724#primaryimage\"},\"thumbnailUrl\":\"https:\\\/\\\/kibrisdakik.com\\\/wp-content\\\/uploads\\\/2026\\\/09\\\/mha-sari-beyaz-7667.png\",\"articleSection\":[\"K\u0131br\u0131s\"],\"inLanguage\":\"tr\",\"potentialAction\":[{\"@type\":\"CommentAction\",\"name\":\"Comment\",\"target\":[\"https:\\\/\\\/kibrisdakik.com\\\/?p=119724#respond\"]}]},{\"@type\":\"WebPage\",\"@id\":\"https:\\\/\\\/kibrisdakik.com\\\/?p=119724\",\"url\":\"https:\\\/\\\/kibrisdakik.com\\\/?p=119724\",\"name\":\"FRANSA\u2019DA TUTUKLANDI, SERBEST BIRAKILDI, ORTADAN KAYBOLDU -\",\"isPartOf\":{\"@id\":\"https:\\\/\\\/kibrisdakik.com\\\/#website\"},\"primaryImageOfPage\":{\"@id\":\"https:\\\/\\\/kibrisdakik.com\\\/?p=119724#primaryimage\"},\"image\":{\"@id\":\"https:\\\/\\\/kibrisdakik.com\\\/?p=119724#primaryimage\"},\"thumbnailUrl\":\"https:\\\/\\\/kibrisdakik.com\\\/wp-content\\\/uploads\\\/2026\\\/09\\\/mha-sari-beyaz-7667.png\",\"datePublished\":\"2026-09-01T14:36:07+00:00\",\"breadcrumb\":{\"@id\":\"https:\\\/\\\/kibrisdakik.com\\\/?p=119724#breadcrumb\"},\"inLanguage\":\"tr\",\"potentialAction\":[{\"@type\":\"ReadAction\",\"target\":[\"https:\\\/\\\/kibrisdakik.com\\\/?p=119724\"]}]},{\"@type\":\"ImageObject\",\"inLanguage\":\"tr\",\"@id\":\"https:\\\/\\\/kibrisdakik.com\\\/?p=119724#primaryimage\",\"url\":\"https:\\\/\\\/kibrisdakik.com\\\/wp-content\\\/uploads\\\/2026\\\/09\\\/mha-sari-beyaz-7667.png\",\"contentUrl\":\"https:\\\/\\\/kibrisdakik.com\\\/wp-content\\\/uploads\\\/2026\\\/09\\\/mha-sari-beyaz-7667.png\",\"width\":1280,\"height\":720},{\"@type\":\"BreadcrumbList\",\"@id\":\"https:\\\/\\\/kibrisdakik.com\\\/?p=119724#breadcrumb\",\"itemListElement\":[{\"@type\":\"ListItem\",\"position\":1,\"name\":\"Home\",\"item\":\"https:\\\/\\\/kibrisdakik.com\\\/\"},{\"@type\":\"ListItem\",\"position\":2,\"name\":\"FRANSA\u2019DA TUTUKLANDI, SERBEST BIRAKILDI, ORTADAN KAYBOLDU\"}]},{\"@type\":\"WebSite\",\"@id\":\"https:\\\/\\\/kibrisdakik.com\\\/#website\",\"url\":\"https:\\\/\\\/kibrisdakik.com\\\/\",\"name\":\"K\u0131br\u0131s Dakik\",\"description\":\"Tam vaktinde haber\",\"publisher\":{\"@id\":\"https:\\\/\\\/kibrisdakik.com\\\/#organization\"},\"potentialAction\":[{\"@type\":\"SearchAction\",\"target\":{\"@type\":\"EntryPoint\",\"urlTemplate\":\"https:\\\/\\\/kibrisdakik.com\\\/?s={search_term_string}\"},\"query-input\":{\"@type\":\"PropertyValueSpecification\",\"valueRequired\":true,\"valueName\":\"search_term_string\"}}],\"inLanguage\":\"tr\"},{\"@type\":\"Organization\",\"@id\":\"https:\\\/\\\/kibrisdakik.com\\\/#organization\",\"name\":\"K\u0131br\u0131s Dakik\",\"url\":\"https:\\\/\\\/kibrisdakik.com\\\/\",\"logo\":{\"@type\":\"ImageObject\",\"inLanguage\":\"tr\",\"@id\":\"https:\\\/\\\/kibrisdakik.com\\\/#\\\/schema\\\/logo\\\/image\\\/\",\"url\":\"https:\\\/\\\/kibrisdakik.com\\\/wp-content\\\/uploads\\\/2025\\\/10\\\/cropped-WhatsApp-Image-2025-10-02-at-12.58.31.jpeg\",\"contentUrl\":\"https:\\\/\\\/kibrisdakik.com\\\/wp-content\\\/uploads\\\/2025\\\/10\\\/cropped-WhatsApp-Image-2025-10-02-at-12.58.31.jpeg\",\"width\":1237,\"height\":190,\"caption\":\"K\u0131br\u0131s Dakik\"},\"image\":{\"@id\":\"https:\\\/\\\/kibrisdakik.com\\\/#\\\/schema\\\/logo\\\/image\\\/\"}},{\"@type\":\"Person\",\"@id\":\"https:\\\/\\\/kibrisdakik.com\\\/#\\\/schema\\\/person\\\/9cd9d437bbb44f72b73ba127e06d8e79\",\"name\":\"admin\",\"image\":{\"@type\":\"ImageObject\",\"inLanguage\":\"tr\",\"@id\":\"https:\\\/\\\/secure.gravatar.com\\\/avatar\\\/ccc17943b9d660506c869530f897617f7cb1c21a4bf30023f252596d83e1f007?s=96&d=mm&r=g\",\"url\":\"https:\\\/\\\/secure.gravatar.com\\\/avatar\\\/ccc17943b9d660506c869530f897617f7cb1c21a4bf30023f252596d83e1f007?s=96&d=mm&r=g\",\"contentUrl\":\"https:\\\/\\\/secure.gravatar.com\\\/avatar\\\/ccc17943b9d660506c869530f897617f7cb1c21a4bf30023f252596d83e1f007?s=96&d=mm&r=g\",\"caption\":\"admin\"},\"sameAs\":[\"https:\\\/\\\/kibrisdakik.com\"],\"url\":\"https:\\\/\\\/kibrisdakik.com\\\/?author=1\"}]}<\/script>\n<!-- \/ Yoast SEO plugin. -->","yoast_head_json":{"title":"FRANSA\u2019DA TUTUKLANDI, SERBEST BIRAKILDI, ORTADAN KAYBOLDU -","robots":{"index":"index","follow":"follow","max-snippet":"max-snippet:-1","max-image-preview":"max-image-preview:large","max-video-preview":"max-video-preview:-1"},"canonical":"https:\/\/kibrisdakik.com\/?p=119724","og_locale":"tr_TR","og_type":"article","og_title":"FRANSA\u2019DA TUTUKLANDI, SERBEST BIRAKILDI, ORTADAN KAYBOLDU -","og_description":"KKTC\u2019deki Rum mallar\u0131n\u0131n \u201cgasp edildi\u011fi\u201d iddias\u0131yla y\u00fcr\u00fct\u00fclen soru\u015fturma kapsam\u0131nda Fransa\u2019da tutuklanan Litvanyal\u0131 emlak\u00e7\u0131 Rasa Zilevi\u00e7\u2019in, G\u00fcney K\u0131br\u0131s\u2019a g\u00f6t\u00fcr\u00fclmek \u00fczere serbest b\u0131rak\u0131lmas\u0131n\u0131n ard\u0131ndan ortadan kayboldu\u011fu bildirildi. Rum bas\u0131n\u0131nda yer alan haberlere g\u00f6re, hakk\u0131nda Avrupa tutuklama emri bulunan Zilevi\u00e7, Fransa\u2019da tutukland\u0131. G\u00fcney K\u0131br\u0131s\u2019ta yarg\u0131lanmak \u00fczere Rum makamlar\u0131na teslim edilmesi planlanan Zilevi\u00e7\u2019in, belirli \u015fartlar kapsam\u0131nda serbest b\u0131rak\u0131ld\u0131\u011f\u0131 belirtildi.","og_url":"https:\/\/kibrisdakik.com\/?p=119724","article_published_time":"2026-09-01T14:36:07+00:00","og_image":[{"url":"https:\/\/mhahabercom.teimg.com\/crop\/1280x720\/mhahaber-com\/uploads\/2026\/09\/mha-sari-beyaz-7667.png","type":"","width":"","height":""}],"author":"admin","twitter_card":"summary_large_image","twitter_misc":{"Yazan:":"admin","Tahmini okuma s\u00fcresi":"1 dakika"},"schema":{"@context":"https:\/\/schema.org","@graph":[{"@type":"Article","@id":"https:\/\/kibrisdakik.com\/?p=119724#article","isPartOf":{"@id":"https:\/\/kibrisdakik.com\/?p=119724"},"author":{"name":"admin","@id":"https:\/\/kibrisdakik.com\/#\/schema\/person\/9cd9d437bbb44f72b73ba127e06d8e79"},"headline":"FRANSA\u2019DA TUTUKLANDI, SERBEST BIRAKILDI, ORTADAN KAYBOLDU","datePublished":"2026-09-01T14:36:07+00:00","mainEntityOfPage":{"@id":"https:\/\/kibrisdakik.com\/?p=119724"},"wordCount":279,"commentCount":0,"publisher":{"@id":"https:\/\/kibrisdakik.com\/#organization"},"image":{"@id":"https:\/\/kibrisdakik.com\/?p=119724#primaryimage"},"thumbnailUrl":"https:\/\/kibrisdakik.com\/wp-content\/uploads\/2026\/09\/mha-sari-beyaz-7667.png","articleSection":["K\u0131br\u0131s"],"inLanguage":"tr","potentialAction":[{"@type":"CommentAction","name":"Comment","target":["https:\/\/kibrisdakik.com\/?p=119724#respond"]}]},{"@type":"WebPage","@id":"https:\/\/kibrisdakik.com\/?p=119724","url":"https:\/\/kibrisdakik.com\/?p=119724","name":"FRANSA\u2019DA TUTUKLANDI, SERBEST BIRAKILDI, ORTADAN KAYBOLDU -","isPartOf":{"@id":"https:\/\/kibrisdakik.com\/#website"},"primaryImageOfPage":{"@id":"https:\/\/kibrisdakik.com\/?p=119724#primaryimage"},"image":{"@id":"https:\/\/kibrisdakik.com\/?p=119724#primaryimage"},"thumbnailUrl":"https:\/\/kibrisdakik.com\/wp-content\/uploads\/2026\/09\/mha-sari-beyaz-7667.png","datePublished":"2026-09-01T14:36:07+00:00","breadcrumb":{"@id":"https:\/\/kibrisdakik.com\/?p=119724#breadcrumb"},"inLanguage":"tr","potentialAction":[{"@type":"ReadAction","target":["https:\/\/kibrisdakik.com\/?p=119724"]}]},{"@type":"ImageObject","inLanguage":"tr","@id":"https:\/\/kibrisdakik.com\/?p=119724#primaryimage","url":"https:\/\/kibrisdakik.com\/wp-content\/uploads\/2026\/09\/mha-sari-beyaz-7667.png","contentUrl":"https:\/\/kibrisdakik.com\/wp-content\/uploads\/2026\/09\/mha-sari-beyaz-7667.png","width":1280,"height":720},{"@type":"BreadcrumbList","@id":"https:\/\/kibrisdakik.com\/?p=119724#breadcrumb","itemListElement":[{"@type":"ListItem","position":1,"name":"Home","item":"https:\/\/kibrisdakik.com\/"},{"@type":"ListItem","position":2,"name":"FRANSA\u2019DA TUTUKLANDI, SERBEST BIRAKILDI, ORTADAN KAYBOLDU"}]},{"@type":"WebSite","@id":"https:\/\/kibrisdakik.com\/#website","url":"https:\/\/kibrisdakik.com\/","name":"K\u0131br\u0131s Dakik","description":"Tam vaktinde haber","publisher":{"@id":"https:\/\/kibrisdakik.com\/#organization"},"potentialAction":[{"@type":"SearchAction","target":{"@type":"EntryPoint","urlTemplate":"https:\/\/kibrisdakik.com\/?s={search_term_string}"},"query-input":{"@type":"PropertyValueSpecification","valueRequired":true,"valueName":"search_term_string"}}],"inLanguage":"tr"},{"@type":"Organization","@id":"https:\/\/kibrisdakik.com\/#organization","name":"K\u0131br\u0131s Dakik","url":"https:\/\/kibrisdakik.com\/","logo":{"@type":"ImageObject","inLanguage":"tr","@id":"https:\/\/kibrisdakik.com\/#\/schema\/logo\/image\/","url":"https:\/\/kibrisdakik.com\/wp-content\/uploads\/2025\/10\/cropped-WhatsApp-Image-2025-10-02-at-12.58.31.jpeg","contentUrl":"https:\/\/kibrisdakik.com\/wp-content\/uploads\/2025\/10\/cropped-WhatsApp-Image-2025-10-02-at-12.58.31.jpeg","width":1237,"height":190,"caption":"K\u0131br\u0131s Dakik"},"image":{"@id":"https:\/\/kibrisdakik.com\/#\/schema\/logo\/image\/"}},{"@type":"Person","@id":"https:\/\/kibrisdakik.com\/#\/schema\/person\/9cd9d437bbb44f72b73ba127e06d8e79","name":"admin","image":{"@type":"ImageObject","inLanguage":"tr","@id":"https:\/\/secure.gravatar.com\/avatar\/ccc17943b9d660506c869530f897617f7cb1c21a4bf30023f252596d83e1f007?s=96&d=mm&r=g","url":"https:\/\/secure.gravatar.com\/avatar\/ccc17943b9d660506c869530f897617f7cb1c21a4bf30023f252596d83e1f007?s=96&d=mm&r=g","contentUrl":"https:\/\/secure.gravatar.com\/avatar\/ccc17943b9d660506c869530f897617f7cb1c21a4bf30023f252596d83e1f007?s=96&d=mm&r=g","caption":"admin"},"sameAs":["https:\/\/kibrisdakik.com"],"url":"https:\/\/kibrisdakik.com\/?author=1"}]}},"_links":{"self":[{"href":"https:\/\/kibrisdakik.com\/index.php?rest_route=\/wp\/v2\/posts\/119724","targetHints":{"allow":["GET"]}}],"collection":[{"href":"https:\/\/kibrisdakik.com\/index.php?rest_route=\/wp\/v2\/posts"}],"about":[{"href":"https:\/\/kibrisdakik.com\/index.php?rest_route=\/wp\/v2\/types\/post"}],"author":[{"embeddable":true,"href":"https:\/\/kibrisdakik.com\/index.php?rest_route=\/wp\/v2\/users\/1"}],"replies":[{"embeddable":true,"href":"https:\/\/kibrisdakik.com\/index.php?rest_route=%2Fwp%2Fv2%2Fcomments&post=119724"}],"version-history":[{"count":0,"href":"https:\/\/kibrisdakik.com\/index.php?rest_route=\/wp\/v2\/posts\/119724\/revisions"}],"wp:featuredmedia":[{"embeddable":true,"href":"https:\/\/kibrisdakik.com\/index.php?rest_route=\/wp\/v2\/media\/119725"}],"wp:attachment":[{"href":"https:\/\/kibrisdakik.com\/index.php?rest_route=%2Fwp%2Fv2%2Fmedia&parent=119724"}],"wp:term":[{"taxonomy":"category","embeddable":true,"href":"https:\/\/kibrisdakik.com\/index.php?rest_route=%2Fwp%2Fv2%2Fcategories&post=119724"},{"taxonomy":"post_tag","embeddable":true,"href":"https:\/\/kibrisdakik.com\/index.php?rest_route=%2Fwp%2Fv2%2Ftags&post=119724"}],"curies":[{"name":"wp","href":"https:\/\/api.w.org\/{rel}","templated":true}]}}